{"id":103236,"date":"2025-07-22T11:07:29","date_gmt":"2025-07-22T14:07:29","guid":{"rendered":"https:\/\/radiolifefm.com.br\/noticias\/?p=103236"},"modified":"2026-04-27T21:38:57","modified_gmt":"2026-04-28T00:38:57","slug":"pedrinho-do-arrocha-emociona-em-podcast-ao-compartilhar-sua-infancia-simples-e-trajetoria-no-sertanejo","status":"publish","type":"post","link":"https:\/\/radiolifefm.com.br\/noticias\/pedrinho-do-arrocha-emociona-em-podcast-ao-compartilhar-sua-infancia-simples-e-trajetoria-no-sertanejo\/","title":{"rendered":"Pedrinho do Arrocha emociona em podcast ao compartilhar sua inf\u00e2ncia simples e trajet\u00f3ria no sertanejo"},"content":{"rendered":"<div id=\"fb-root\"><\/div>\n<p>Pedrinho do Arrocha emociona em podcast ao compartilhar sua inf\u00e2ncia simples e trajet\u00f3ria no sertanejo<\/p>\n<p>Na noite de segunda-feira, 21 de julho, a Life FM exibiu mais uma edi\u00e7\u00e3o do Podcast Prosa do Campo, com apresenta\u00e7\u00e3o marcante de Cristiano do Mour\u00e3o. O epis\u00f3dio ganhou ainda mais brilho com a participa\u00e7\u00e3o especial do jovem cantor Pedrinho do Arrocha, de apenas 10 anos, que vem conquistando o p\u00fablico com seu talento no universo sertanejo.<\/p>\n<div class='flex flex-wrap items-center -mx-1'>\r\n<a class='thumbnail gallery p-1 w-1\/2 md:w-1\/4' href='https:\/\/radiolifefm.com.br\/noticias\/wp-content\/uploads\/2025\/07\/WhatsApp-Image-2025-07-22-at-10.54.49-1.jpeg'><img class='border border-white' src='https:\/\/radiolifefm.com.br\/noticias\/wp-content\/uploads\/2025\/07\/WhatsApp-Image-2025-07-22-at-10.54.49-1-200x200.jpeg' alt='WhatsApp Image 2025 07 22 At 10.54.49 (1)' \/><\/a><a class='thumbnail gallery p-1 w-1\/2 md:w-1\/4' href='https:\/\/radiolifefm.com.br\/noticias\/wp-content\/uploads\/2025\/07\/WhatsApp-Image-2025-07-22-at-10.54.45.jpeg'><img class='border border-white' src='https:\/\/radiolifefm.com.br\/noticias\/wp-content\/uploads\/2025\/07\/WhatsApp-Image-2025-07-22-at-10.54.45-200x200.jpeg' alt='WhatsApp Image 2025 07 22 At 10.54.45' \/><\/a><a class='thumbnail gallery p-1 w-1\/2 md:w-1\/4' href='https:\/\/radiolifefm.com.br\/noticias\/wp-content\/uploads\/2025\/07\/WhatsApp-Image-2025-07-22-at-10.54.46.jpeg'><img class='border border-white' src='https:\/\/radiolifefm.com.br\/noticias\/wp-content\/uploads\/2025\/07\/WhatsApp-Image-2025-07-22-at-10.54.46-200x200.jpeg' alt='WhatsApp Image 2025 07 22 At 10.54.46' \/><\/a><a class='thumbnail gallery p-1 w-1\/2 md:w-1\/4' href='https:\/\/radiolifefm.com.br\/noticias\/wp-content\/uploads\/2025\/07\/WhatsApp-Image-2025-07-22-at-10.54.50.jpeg'><img class='border border-white' src='https:\/\/radiolifefm.com.br\/noticias\/wp-content\/uploads\/2025\/07\/WhatsApp-Image-2025-07-22-at-10.54.50-200x200.jpeg' alt='WhatsApp Image 2025 07 22 At 10.54.50' \/><\/a><\/div>\n<p>Fam\u00edlia como alicerce da carreira<br \/>\n*<br \/>\nAcompanhado pela m\u00e3e, Pedrinho tocou o cora\u00e7\u00e3o dos ouvintes ao compartilhar relatos genu\u00ednos de sua inf\u00e2ncia com ra\u00edzes profundas no campo. A simplicidade dos momentos vividos na ch\u00e1cara do tio, onde costumava cantar durante os encontros familiares, foi a inspira\u00e7\u00e3o para criar seu nome art\u00edstico \u2014 um reflexo da criatividade e espontaneidade que j\u00e1 o destacam na m\u00fasica desde cedo.<\/p>\n<div class='flex flex-wrap items-center -mx-1'>\r\n<a class='thumbnail gallery p-1 w-1\/2 md:w-1\/4' href='https:\/\/radiolifefm.com.br\/noticias\/wp-content\/uploads\/2025\/07\/WhatsApp-Image-2025-07-22-at-10.54.47.jpeg'><img class='border border-white' src='https:\/\/radiolifefm.com.br\/noticias\/wp-content\/uploads\/2025\/07\/WhatsApp-Image-2025-07-22-at-10.54.47-200x200.jpeg' alt='WhatsApp Image 2025 07 22 At 10.54.47' \/><\/a><a class='thumbnail gallery p-1 w-1\/2 md:w-1\/4' href='https:\/\/radiolifefm.com.br\/noticias\/wp-content\/uploads\/2025\/07\/WhatsApp-Image-2025-07-22-at-10.54.49.jpeg'><img class='border border-white' src='https:\/\/radiolifefm.com.br\/noticias\/wp-content\/uploads\/2025\/07\/WhatsApp-Image-2025-07-22-at-10.54.49-200x200.jpeg' alt='WhatsApp Image 2025 07 22 At 10.54.49' \/><\/a><a class='thumbnail gallery p-1 w-1\/2 md:w-1\/4' href='https:\/\/radiolifefm.com.br\/noticias\/wp-content\/uploads\/2025\/07\/WhatsApp-Image-2025-07-22-at-10.54.48-3.jpeg'><img class='border border-white' src='https:\/\/radiolifefm.com.br\/noticias\/wp-content\/uploads\/2025\/07\/WhatsApp-Image-2025-07-22-at-10.54.48-3-200x200.jpeg' alt='WhatsApp Image 2025 07 22 At 10.54.48 (3)' \/><\/a><a class='thumbnail gallery p-1 w-1\/2 md:w-1\/4' href='https:\/\/radiolifefm.com.br\/noticias\/wp-content\/uploads\/2025\/07\/WhatsApp-Image-2025-07-22-at-10.54.48-2.jpeg'><img class='border border-white' src='https:\/\/radiolifefm.com.br\/noticias\/wp-content\/uploads\/2025\/07\/WhatsApp-Image-2025-07-22-at-10.54.48-2-200x200.jpeg' alt='WhatsApp Image 2025 07 22 At 10.54.48 (2)' \/><\/a><\/div>\n<p>Talento precoce e foco nos estudos<\/p>\n<p>Apesar da crescente popularidade, Pedrinho mant\u00e9m o foco nos estudos, estando atualmente no quarto ano escolar. A postura madura do cantor, que concilia a vida art\u00edstica com a educa\u00e7\u00e3o, \u00e9 reflexo direto do apoio constante e amoroso dos pais, que est\u00e3o sempre presentes nos bastidores e nos palcos da vida do jovem artista.<\/p>\n<div class='flex flex-wrap items-center -mx-1'>\r\n<a class='thumbnail gallery p-1 w-1\/2 md:w-1\/4' href='https:\/\/radiolifefm.com.br\/noticias\/wp-content\/uploads\/2025\/07\/WhatsApp-Image-2025-07-22-at-10.54.49-2.jpeg'><img class='border border-white' src='https:\/\/radiolifefm.com.br\/noticias\/wp-content\/uploads\/2025\/07\/WhatsApp-Image-2025-07-22-at-10.54.49-2-200x200.jpeg' alt='WhatsApp Image 2025 07 22 At 10.54.49 (2)' \/><\/a><a class='thumbnail gallery p-1 w-1\/2 md:w-1\/4' href='https:\/\/radiolifefm.com.br\/noticias\/wp-content\/uploads\/2025\/07\/WhatsApp-Image-2025-07-22-at-10.54.49-3.jpeg'><img class='border border-white' src='https:\/\/radiolifefm.com.br\/noticias\/wp-content\/uploads\/2025\/07\/WhatsApp-Image-2025-07-22-at-10.54.49-3-200x200.jpeg' alt='WhatsApp Image 2025 07 22 At 10.54.49 (3)' \/><\/a><a class='thumbnail gallery p-1 w-1\/2 md:w-1\/4' href='https:\/\/radiolifefm.com.br\/noticias\/wp-content\/uploads\/2025\/07\/WhatsApp-Image-2025-07-22-at-10.54.48-1.jpeg'><img class='border border-white' src='https:\/\/radiolifefm.com.br\/noticias\/wp-content\/uploads\/2025\/07\/WhatsApp-Image-2025-07-22-at-10.54.48-1-200x200.jpeg' alt='WhatsApp Image 2025 07 22 At 10.54.48 (1)' \/><\/a><a class='thumbnail gallery p-1 w-1\/2 md:w-1\/4' href='https:\/\/radiolifefm.com.br\/noticias\/wp-content\/uploads\/2025\/07\/WhatsApp-Image-2025-07-22-at-10.54.48.jpeg'><img class='border border-white' src='https:\/\/radiolifefm.com.br\/noticias\/wp-content\/uploads\/2025\/07\/WhatsApp-Image-2025-07-22-at-10.54.48-200x200.jpeg' alt='WhatsApp Image 2025 07 22 At 10.54.48' \/><\/a><\/div>\n<p>A voz do campo em ascens\u00e3o<\/p>\n<p>O Prosa do Campo tem como prop\u00f3sito valorizar as hist\u00f3rias que nascem da terra, e neste epis\u00f3dio, mais do que uma entrevista, foi oferecida ao p\u00fablico uma verdadeira li\u00e7\u00e3o de autenticidade e afeto familiar. Pedrinho representa a nova gera\u00e7\u00e3o que carrega a for\u00e7a da m\u00fasica sertaneja com orgulho e respeito \u00e0s ra\u00edzes.<\/p>\n<p>A hist\u00f3ria continua online<\/p>\n<p>Para conhecer mais sobre a trajet\u00f3ria inspiradora de Pedrinho do Arrocha e acompanhar seus pr\u00f3ximos passos no sertanejo, basta acessar o link divulgado pelas plataformas da Life FM.<\/p>\n<p><iframe loading=\"lazy\" title=\"Segunda-feira, 21\/07\" width=\"500\" height=\"281\" src=\"https:\/\/www.youtube.com\/embed\/LXPbGPO0nkc?feature=oembed\" frameborder=\"0\" allow=\"accelerometer; autoplay; clipboard-write; encrypted-media; gyroscope; picture-in-picture; web-share\" referrerpolicy=\"strict-origin-when-cross-origin\" allowfullscreen><\/iframe><\/p>\n","protected":false},"excerpt":{"rendered":"<p>Pedrinho do Arrocha emociona em podcast ao compartilhar sua inf\u00e2ncia simples e trajet\u00f3ria no sertanejo Na noite de segunda-feira, 21 de julho, a Life FM exibiu mais uma edi\u00e7\u00e3o do Podcast Prosa do Campo, com apresenta\u00e7\u00e3o marcante de Cristiano do Mour\u00e3o. O epis\u00f3dio ganhou ainda mais brilho com a participa\u00e7\u00e3o especial do jovem cantor Pedrinho [&hellip;]<\/p>\n","protected":false},"author":8,"featured_media":103239,"comment_status":"closed","ping_status":"open","sticky":false,"template":"","format":"standard","meta":{"_acf_changed":false,"_exactmetrics_skip_tracking":false,"_exactmetrics_sitenote_active":false,"_exactmetrics_sitenote_note":"","_exactmetrics_sitenote_category":0,"footnotes":""},"categories":[191],"tags":[],"class_list":["post-103236","post","type-post","status-publish","format-standard","has-post-thumbnail","hentry","category-prosa-do-campo"],"acf":[],"yoast_head":"<!-- This site is optimized with the Yoast SEO plugin v27.2 - https:\/\/yoast.com\/product\/yoast-seo-wordpress\/ -->\n<title>Pedrinho do Arrocha emociona em podcast ao compartilhar sua inf\u00e2ncia simples e trajet\u00f3ria no sertanejo - R\u00e1dio Life FM<\/title>\n<meta name=\"robots\" content=\"index, follow, max-snippet:-1, max-image-preview:large, max-video-preview:-1\" \/>\n<link rel=\"canonical\" href=\"https:\/\/radiolifefm.com.br\/noticias\/pedrinho-do-arrocha-emociona-em-podcast-ao-compartilhar-sua-infancia-simples-e-trajetoria-no-sertanejo\/\" \/>\n<meta property=\"og:locale\" content=\"pt_BR\" \/>\n<meta property=\"og:type\" content=\"article\" \/>\n<meta property=\"og:title\" content=\"Pedrinho do Arrocha emociona em podcast ao compartilhar sua inf\u00e2ncia simples e trajet\u00f3ria no sertanejo - R\u00e1dio Life FM\" \/>\n<meta property=\"og:description\" content=\"Pedrinho do Arrocha emociona em podcast ao compartilhar sua inf\u00e2ncia simples e trajet\u00f3ria no sertanejo Na noite de segunda-feira, 21 de julho, a Life FM exibiu mais uma edi\u00e7\u00e3o do Podcast Prosa do Campo, com apresenta\u00e7\u00e3o marcante de Cristiano do Mour\u00e3o. O epis\u00f3dio ganhou ainda mais brilho com a participa\u00e7\u00e3o especial do jovem cantor Pedrinho [&hellip;]\" \/>\n<meta property=\"og:url\" content=\"https:\/\/radiolifefm.com.br\/noticias\/pedrinho-do-arrocha-emociona-em-podcast-ao-compartilhar-sua-infancia-simples-e-trajetoria-no-sertanejo\/\" \/>\n<meta property=\"og:site_name\" content=\"R\u00e1dio Life FM\" \/>\n<meta property=\"article:publisher\" content=\"https:\/\/www.facebook.com\/radiolifefm\/\" \/>\n<meta property=\"article:published_time\" content=\"2025-07-22T14:07:29+00:00\" \/>\n<meta property=\"article:modified_time\" content=\"2026-04-28T00:38:57+00:00\" \/>\n<meta property=\"og:image\" content=\"https:\/\/radiolifefm.com.br\/noticias\/wp-content\/uploads\/2025\/07\/WhatsApp-Image-2025-07-22-at-10.54.49-2.jpeg\" \/>\n\t<meta property=\"og:image:width\" content=\"1080\" \/>\n\t<meta property=\"og:image:height\" content=\"1080\" \/>\n\t<meta property=\"og:image:type\" content=\"image\/jpeg\" \/>\n<meta name=\"author\" content=\"joaograndao\" \/>\n<meta name=\"twitter:card\" content=\"summary_large_image\" \/>\n<meta name=\"twitter:label1\" content=\"Escrito por\" \/>\n\t<meta name=\"twitter:data1\" content=\"joaograndao\" \/>\n\t<meta name=\"twitter:label2\" content=\"Est. tempo de leitura\" \/>\n\t<meta name=\"twitter:data2\" content=\"2 minutos\" \/>\n<script type=\"application\/ld+json\" class=\"yoast-schema-graph\">{\"@context\":\"https:\/\/schema.org\",\"@graph\":[{\"@type\":\"Article\",\"@id\":\"https:\/\/radiolifefm.com.br\/noticias\/pedrinho-do-arrocha-emociona-em-podcast-ao-compartilhar-sua-infancia-simples-e-trajetoria-no-sertanejo\/#article\",\"isPartOf\":{\"@id\":\"https:\/\/radiolifefm.com.br\/noticias\/pedrinho-do-arrocha-emociona-em-podcast-ao-compartilhar-sua-infancia-simples-e-trajetoria-no-sertanejo\/\"},\"author\":{\"name\":\"joaograndao\",\"@id\":\"https:\/\/radiolifefm.com.br\/noticias\/#\/schema\/person\/6876e1240feffe6e1b63fd5cb85abf28\"},\"headline\":\"Pedrinho do Arrocha emociona em podcast ao compartilhar sua inf\u00e2ncia simples e trajet\u00f3ria no sertanejo\",\"datePublished\":\"2025-07-22T14:07:29+00:00\",\"dateModified\":\"2026-04-28T00:38:57+00:00\",\"mainEntityOfPage\":{\"@id\":\"https:\/\/radiolifefm.com.br\/noticias\/pedrinho-do-arrocha-emociona-em-podcast-ao-compartilhar-sua-infancia-simples-e-trajetoria-no-sertanejo\/\"},\"wordCount\":354,\"publisher\":{\"@id\":\"https:\/\/radiolifefm.com.br\/noticias\/#organization\"},\"image\":{\"@id\":\"https:\/\/radiolifefm.com.br\/noticias\/pedrinho-do-arrocha-emociona-em-podcast-ao-compartilhar-sua-infancia-simples-e-trajetoria-no-sertanejo\/#primaryimage\"},\"thumbnailUrl\":\"https:\/\/radiolifefm.com.br\/noticias\/wp-content\/uploads\/2025\/07\/WhatsApp-Image-2025-07-22-at-10.54.49-2.jpeg\",\"articleSection\":[\"Prosa do Campo\"],\"inLanguage\":\"pt-BR\"},{\"@type\":\"WebPage\",\"@id\":\"https:\/\/radiolifefm.com.br\/noticias\/pedrinho-do-arrocha-emociona-em-podcast-ao-compartilhar-sua-infancia-simples-e-trajetoria-no-sertanejo\/\",\"url\":\"https:\/\/radiolifefm.com.br\/noticias\/pedrinho-do-arrocha-emociona-em-podcast-ao-compartilhar-sua-infancia-simples-e-trajetoria-no-sertanejo\/\",\"name\":\"Pedrinho do Arrocha emociona em podcast ao compartilhar sua inf\u00e2ncia simples e trajet\u00f3ria no sertanejo - R\u00e1dio Life FM\",\"isPartOf\":{\"@id\":\"https:\/\/radiolifefm.com.br\/noticias\/#website\"},\"primaryImageOfPage\":{\"@id\":\"https:\/\/radiolifefm.com.br\/noticias\/pedrinho-do-arrocha-emociona-em-podcast-ao-compartilhar-sua-infancia-simples-e-trajetoria-no-sertanejo\/#primaryimage\"},\"image\":{\"@id\":\"https:\/\/radiolifefm.com.br\/noticias\/pedrinho-do-arrocha-emociona-em-podcast-ao-compartilhar-sua-infancia-simples-e-trajetoria-no-sertanejo\/#primaryimage\"},\"thumbnailUrl\":\"https:\/\/radiolifefm.com.br\/noticias\/wp-content\/uploads\/2025\/07\/WhatsApp-Image-2025-07-22-at-10.54.49-2.jpeg\",\"datePublished\":\"2025-07-22T14:07:29+00:00\",\"dateModified\":\"2026-04-28T00:38:57+00:00\",\"breadcrumb\":{\"@id\":\"https:\/\/radiolifefm.com.br\/noticias\/pedrinho-do-arrocha-emociona-em-podcast-ao-compartilhar-sua-infancia-simples-e-trajetoria-no-sertanejo\/#breadcrumb\"},\"inLanguage\":\"pt-BR\",\"potentialAction\":[{\"@type\":\"ReadAction\",\"target\":[\"https:\/\/radiolifefm.com.br\/noticias\/pedrinho-do-arrocha-emociona-em-podcast-ao-compartilhar-sua-infancia-simples-e-trajetoria-no-sertanejo\/\"]}]},{\"@type\":\"ImageObject\",\"inLanguage\":\"pt-BR\",\"@id\":\"https:\/\/radiolifefm.com.br\/noticias\/pedrinho-do-arrocha-emociona-em-podcast-ao-compartilhar-sua-infancia-simples-e-trajetoria-no-sertanejo\/#primaryimage\",\"url\":\"https:\/\/radiolifefm.com.br\/noticias\/wp-content\/uploads\/2025\/07\/WhatsApp-Image-2025-07-22-at-10.54.49-2.jpeg\",\"contentUrl\":\"https:\/\/radiolifefm.com.br\/noticias\/wp-content\/uploads\/2025\/07\/WhatsApp-Image-2025-07-22-at-10.54.49-2.jpeg\",\"width\":1080,\"height\":1080},{\"@type\":\"BreadcrumbList\",\"@id\":\"https:\/\/radiolifefm.com.br\/noticias\/pedrinho-do-arrocha-emociona-em-podcast-ao-compartilhar-sua-infancia-simples-e-trajetoria-no-sertanejo\/#breadcrumb\",\"itemListElement\":[{\"@type\":\"ListItem\",\"position\":1,\"name\":\"In\u00edcio\",\"item\":\"https:\/\/radiolifefm.com.br\/noticias\/\"},{\"@type\":\"ListItem\",\"position\":2,\"name\":\"Pedrinho do Arrocha emociona em podcast ao compartilhar sua inf\u00e2ncia simples e trajet\u00f3ria no sertanejo\"}]},{\"@type\":\"WebSite\",\"@id\":\"https:\/\/radiolifefm.com.br\/noticias\/#website\",\"url\":\"https:\/\/radiolifefm.com.br\/noticias\/\",\"name\":\"R\u00e1dio Life FM\",\"description\":\"O Portal de Not\u00edcias de Adamantina\",\"publisher\":{\"@id\":\"https:\/\/radiolifefm.com.br\/noticias\/#organization\"},\"alternateName\":\"Life FM\",\"potentialAction\":[{\"@type\":\"SearchAction\",\"target\":{\"@type\":\"EntryPoint\",\"urlTemplate\":\"https:\/\/radiolifefm.com.br\/noticias\/?s={search_term_string}\"},\"query-input\":{\"@type\":\"PropertyValueSpecification\",\"valueRequired\":true,\"valueName\":\"search_term_string\"}}],\"inLanguage\":\"pt-BR\"},{\"@type\":\"Organization\",\"@id\":\"https:\/\/radiolifefm.com.br\/noticias\/#organization\",\"name\":\"R\u00e1dio Life FM\",\"alternateName\":\"Life FM\",\"url\":\"https:\/\/radiolifefm.com.br\/noticias\/\",\"logo\":{\"@type\":\"ImageObject\",\"inLanguage\":\"pt-BR\",\"@id\":\"https:\/\/radiolifefm.com.br\/noticias\/#\/schema\/logo\/image\/\",\"url\":\"https:\/\/static.radiolifefm.com.br\/noticias\/wp-content\/uploads\/2019\/10\/logo-lifefm.png\",\"contentUrl\":\"https:\/\/static.radiolifefm.com.br\/noticias\/wp-content\/uploads\/2019\/10\/logo-lifefm.png\",\"width\":196,\"height\":47,\"caption\":\"R\u00e1dio Life FM\"},\"image\":{\"@id\":\"https:\/\/radiolifefm.com.br\/noticias\/#\/schema\/logo\/image\/\"},\"sameAs\":[\"https:\/\/www.facebook.com\/radiolifefm\/\",\"https:\/\/www.instagram.com\/life1079fm\/\"]},{\"@type\":\"Person\",\"@id\":\"https:\/\/radiolifefm.com.br\/noticias\/#\/schema\/person\/6876e1240feffe6e1b63fd5cb85abf28\",\"name\":\"joaograndao\",\"image\":{\"@type\":\"ImageObject\",\"inLanguage\":\"pt-BR\",\"@id\":\"https:\/\/secure.gravatar.com\/avatar\/d5b1a3cf357ed9c50404e256a1294083aa8ab5d2a994001567302786016cb32c?s=96&d=mm&r=g\",\"url\":\"https:\/\/secure.gravatar.com\/avatar\/d5b1a3cf357ed9c50404e256a1294083aa8ab5d2a994001567302786016cb32c?s=96&d=mm&r=g\",\"contentUrl\":\"https:\/\/secure.gravatar.com\/avatar\/d5b1a3cf357ed9c50404e256a1294083aa8ab5d2a994001567302786016cb32c?s=96&d=mm&r=g\",\"caption\":\"joaograndao\"}}]}<\/script>\n<!-- \/ Yoast SEO plugin. -->","yoast_head_json":{"title":"Pedrinho do Arrocha emociona em podcast ao compartilhar sua inf\u00e2ncia simples e trajet\u00f3ria no sertanejo - R\u00e1dio Life FM","robots":{"index":"index","follow":"follow","max-snippet":"max-snippet:-1","max-image-preview":"max-image-preview:large","max-video-preview":"max-video-preview:-1"},"canonical":"https:\/\/radiolifefm.com.br\/noticias\/pedrinho-do-arrocha-emociona-em-podcast-ao-compartilhar-sua-infancia-simples-e-trajetoria-no-sertanejo\/","og_locale":"pt_BR","og_type":"article","og_title":"Pedrinho do Arrocha emociona em podcast ao compartilhar sua inf\u00e2ncia simples e trajet\u00f3ria no sertanejo - R\u00e1dio Life FM","og_description":"Pedrinho do Arrocha emociona em podcast ao compartilhar sua inf\u00e2ncia simples e trajet\u00f3ria no sertanejo Na noite de segunda-feira, 21 de julho, a Life FM exibiu mais uma edi\u00e7\u00e3o do Podcast Prosa do Campo, com apresenta\u00e7\u00e3o marcante de Cristiano do Mour\u00e3o. O epis\u00f3dio ganhou ainda mais brilho com a participa\u00e7\u00e3o especial do jovem cantor Pedrinho [&hellip;]","og_url":"https:\/\/radiolifefm.com.br\/noticias\/pedrinho-do-arrocha-emociona-em-podcast-ao-compartilhar-sua-infancia-simples-e-trajetoria-no-sertanejo\/","og_site_name":"R\u00e1dio Life FM","article_publisher":"https:\/\/www.facebook.com\/radiolifefm\/","article_published_time":"2025-07-22T14:07:29+00:00","article_modified_time":"2026-04-28T00:38:57+00:00","og_image":[{"width":1080,"height":1080,"url":"https:\/\/radiolifefm.com.br\/noticias\/wp-content\/uploads\/2025\/07\/WhatsApp-Image-2025-07-22-at-10.54.49-2.jpeg","type":"image\/jpeg"}],"author":"joaograndao","twitter_card":"summary_large_image","twitter_misc":{"Escrito por":"joaograndao","Est. tempo de leitura":"2 minutos"},"schema":{"@context":"https:\/\/schema.org","@graph":[{"@type":"Article","@id":"https:\/\/radiolifefm.com.br\/noticias\/pedrinho-do-arrocha-emociona-em-podcast-ao-compartilhar-sua-infancia-simples-e-trajetoria-no-sertanejo\/#article","isPartOf":{"@id":"https:\/\/radiolifefm.com.br\/noticias\/pedrinho-do-arrocha-emociona-em-podcast-ao-compartilhar-sua-infancia-simples-e-trajetoria-no-sertanejo\/"},"author":{"name":"joaograndao","@id":"https:\/\/radiolifefm.com.br\/noticias\/#\/schema\/person\/6876e1240feffe6e1b63fd5cb85abf28"},"headline":"Pedrinho do Arrocha emociona em podcast ao compartilhar sua inf\u00e2ncia simples e trajet\u00f3ria no sertanejo","datePublished":"2025-07-22T14:07:29+00:00","dateModified":"2026-04-28T00:38:57+00:00","mainEntityOfPage":{"@id":"https:\/\/radiolifefm.com.br\/noticias\/pedrinho-do-arrocha-emociona-em-podcast-ao-compartilhar-sua-infancia-simples-e-trajetoria-no-sertanejo\/"},"wordCount":354,"publisher":{"@id":"https:\/\/radiolifefm.com.br\/noticias\/#organization"},"image":{"@id":"https:\/\/radiolifefm.com.br\/noticias\/pedrinho-do-arrocha-emociona-em-podcast-ao-compartilhar-sua-infancia-simples-e-trajetoria-no-sertanejo\/#primaryimage"},"thumbnailUrl":"https:\/\/radiolifefm.com.br\/noticias\/wp-content\/uploads\/2025\/07\/WhatsApp-Image-2025-07-22-at-10.54.49-2.jpeg","articleSection":["Prosa do Campo"],"inLanguage":"pt-BR"},{"@type":"WebPage","@id":"https:\/\/radiolifefm.com.br\/noticias\/pedrinho-do-arrocha-emociona-em-podcast-ao-compartilhar-sua-infancia-simples-e-trajetoria-no-sertanejo\/","url":"https:\/\/radiolifefm.com.br\/noticias\/pedrinho-do-arrocha-emociona-em-podcast-ao-compartilhar-sua-infancia-simples-e-trajetoria-no-sertanejo\/","name":"Pedrinho do Arrocha emociona em podcast ao compartilhar sua inf\u00e2ncia simples e trajet\u00f3ria no sertanejo - R\u00e1dio Life FM","isPartOf":{"@id":"https:\/\/radiolifefm.com.br\/noticias\/#website"},"primaryImageOfPage":{"@id":"https:\/\/radiolifefm.com.br\/noticias\/pedrinho-do-arrocha-emociona-em-podcast-ao-compartilhar-sua-infancia-simples-e-trajetoria-no-sertanejo\/#primaryimage"},"image":{"@id":"https:\/\/radiolifefm.com.br\/noticias\/pedrinho-do-arrocha-emociona-em-podcast-ao-compartilhar-sua-infancia-simples-e-trajetoria-no-sertanejo\/#primaryimage"},"thumbnailUrl":"https:\/\/radiolifefm.com.br\/noticias\/wp-content\/uploads\/2025\/07\/WhatsApp-Image-2025-07-22-at-10.54.49-2.jpeg","datePublished":"2025-07-22T14:07:29+00:00","dateModified":"2026-04-28T00:38:57+00:00","breadcrumb":{"@id":"https:\/\/radiolifefm.com.br\/noticias\/pedrinho-do-arrocha-emociona-em-podcast-ao-compartilhar-sua-infancia-simples-e-trajetoria-no-sertanejo\/#breadcrumb"},"inLanguage":"pt-BR","potentialAction":[{"@type":"ReadAction","target":["https:\/\/radiolifefm.com.br\/noticias\/pedrinho-do-arrocha-emociona-em-podcast-ao-compartilhar-sua-infancia-simples-e-trajetoria-no-sertanejo\/"]}]},{"@type":"ImageObject","inLanguage":"pt-BR","@id":"https:\/\/radiolifefm.com.br\/noticias\/pedrinho-do-arrocha-emociona-em-podcast-ao-compartilhar-sua-infancia-simples-e-trajetoria-no-sertanejo\/#primaryimage","url":"https:\/\/radiolifefm.com.br\/noticias\/wp-content\/uploads\/2025\/07\/WhatsApp-Image-2025-07-22-at-10.54.49-2.jpeg","contentUrl":"https:\/\/radiolifefm.com.br\/noticias\/wp-content\/uploads\/2025\/07\/WhatsApp-Image-2025-07-22-at-10.54.49-2.jpeg","width":1080,"height":1080},{"@type":"BreadcrumbList","@id":"https:\/\/radiolifefm.com.br\/noticias\/pedrinho-do-arrocha-emociona-em-podcast-ao-compartilhar-sua-infancia-simples-e-trajetoria-no-sertanejo\/#breadcrumb","itemListElement":[{"@type":"ListItem","position":1,"name":"In\u00edcio","item":"https:\/\/radiolifefm.com.br\/noticias\/"},{"@type":"ListItem","position":2,"name":"Pedrinho do Arrocha emociona em podcast ao compartilhar sua inf\u00e2ncia simples e trajet\u00f3ria no sertanejo"}]},{"@type":"WebSite","@id":"https:\/\/radiolifefm.com.br\/noticias\/#website","url":"https:\/\/radiolifefm.com.br\/noticias\/","name":"R\u00e1dio Life FM","description":"O Portal de Not\u00edcias de Adamantina","publisher":{"@id":"https:\/\/radiolifefm.com.br\/noticias\/#organization"},"alternateName":"Life FM","potentialAction":[{"@type":"SearchAction","target":{"@type":"EntryPoint","urlTemplate":"https:\/\/radiolifefm.com.br\/noticias\/?s={search_term_string}"},"query-input":{"@type":"PropertyValueSpecification","valueRequired":true,"valueName":"search_term_string"}}],"inLanguage":"pt-BR"},{"@type":"Organization","@id":"https:\/\/radiolifefm.com.br\/noticias\/#organization","name":"R\u00e1dio Life FM","alternateName":"Life FM","url":"https:\/\/radiolifefm.com.br\/noticias\/","logo":{"@type":"ImageObject","inLanguage":"pt-BR","@id":"https:\/\/radiolifefm.com.br\/noticias\/#\/schema\/logo\/image\/","url":"https:\/\/static.radiolifefm.com.br\/noticias\/wp-content\/uploads\/2019\/10\/logo-lifefm.png","contentUrl":"https:\/\/static.radiolifefm.com.br\/noticias\/wp-content\/uploads\/2019\/10\/logo-lifefm.png","width":196,"height":47,"caption":"R\u00e1dio Life FM"},"image":{"@id":"https:\/\/radiolifefm.com.br\/noticias\/#\/schema\/logo\/image\/"},"sameAs":["https:\/\/www.facebook.com\/radiolifefm\/","https:\/\/www.instagram.com\/life1079fm\/"]},{"@type":"Person","@id":"https:\/\/radiolifefm.com.br\/noticias\/#\/schema\/person\/6876e1240feffe6e1b63fd5cb85abf28","name":"joaograndao","image":{"@type":"ImageObject","inLanguage":"pt-BR","@id":"https:\/\/secure.gravatar.com\/avatar\/d5b1a3cf357ed9c50404e256a1294083aa8ab5d2a994001567302786016cb32c?s=96&d=mm&r=g","url":"https:\/\/secure.gravatar.com\/avatar\/d5b1a3cf357ed9c50404e256a1294083aa8ab5d2a994001567302786016cb32c?s=96&d=mm&r=g","contentUrl":"https:\/\/secure.gravatar.com\/avatar\/d5b1a3cf357ed9c50404e256a1294083aa8ab5d2a994001567302786016cb32c?s=96&d=mm&r=g","caption":"joaograndao"}}]}},"amp_enabled":true,"_links":{"self":[{"href":"https:\/\/radiolifefm.com.br\/noticias\/wp-json\/wp\/v2\/posts\/103236","targetHints":{"allow":["GET"]}}],"collection":[{"href":"https:\/\/radiolifefm.com.br\/noticias\/wp-json\/wp\/v2\/posts"}],"about":[{"href":"https:\/\/radiolifefm.com.br\/noticias\/wp-json\/wp\/v2\/types\/post"}],"author":[{"embeddable":true,"href":"https:\/\/radiolifefm.com.br\/noticias\/wp-json\/wp\/v2\/users\/8"}],"replies":[{"embeddable":true,"href":"https:\/\/radiolifefm.com.br\/noticias\/wp-json\/wp\/v2\/comments?post=103236"}],"version-history":[{"count":1,"href":"https:\/\/radiolifefm.com.br\/noticias\/wp-json\/wp\/v2\/posts\/103236\/revisions"}],"predecessor-version":[{"id":103249,"href":"https:\/\/radiolifefm.com.br\/noticias\/wp-json\/wp\/v2\/posts\/103236\/revisions\/103249"}],"wp:featuredmedia":[{"embeddable":true,"href":"https:\/\/radiolifefm.com.br\/noticias\/wp-json\/wp\/v2\/media\/103239"}],"wp:attachment":[{"href":"https:\/\/radiolifefm.com.br\/noticias\/wp-json\/wp\/v2\/media?parent=103236"}],"wp:term":[{"taxonomy":"category","embeddable":true,"href":"https:\/\/radiolifefm.com.br\/noticias\/wp-json\/wp\/v2\/categories?post=103236"},{"taxonomy":"post_tag","embeddable":true,"href":"https:\/\/radiolifefm.com.br\/noticias\/wp-json\/wp\/v2\/tags?post=103236"}],"curies":[{"name":"wp","href":"https:\/\/api.w.org\/{rel}","templated":true}]}}