{"id":103012,"date":"2025-07-16T07:20:26","date_gmt":"2025-07-16T10:20:26","guid":{"rendered":"https:\/\/radiolifefm.com.br\/noticias\/?p=103012"},"modified":"2026-04-24T05:46:51","modified_gmt":"2026-04-24T08:46:51","slug":"pinoquio-provinciano-em-nivel-regional","status":"publish","type":"post","link":"https:\/\/radiolifefm.com.br\/noticias\/pinoquio-provinciano-em-nivel-regional\/","title":{"rendered":"Pin\u00f3quio provinciano em n\u00edvel regional\u2026"},"content":{"rendered":"<div id=\"fb-root\"><\/div>\n<div id=\"smart-head-mobile\" class=\"smart-head smart-head-a smart-head-mobile\" data-sticky=\"mid\" data-sticky-type=\"smart\" data-sticky-full=\"\">\n<div class=\"smart-head-row smart-head-mid smart-head-row-3 s-dark smart-head-row-full animate is-smart smart-head-sticky\">\n<div class=\"inner wrap\">\n<div class=\"items items-center \"><\/div>\n<\/div>\n<\/div>\n<\/div>\n<div class=\"main ts-contain cf right-sidebar\">\n<div class=\"ts-row\">\n<div class=\"col-8 main-content s-post-contain\">\n<div class=\"the-post s-post-modern\">\n<article id=\"post-131668\" class=\"post-131668 post type-post status-publish format-standard has-post-thumbnail category-geral\">\n<div class=\"post-content-wrap has-share-float\">\n<div class=\"post-content cf entry-content content-spacious\">\n<p>Algumas frases marcantes do Pin\u00f3quio incluem: <strong><em>\u201cSe voc\u00ea provar que \u00e9 valente, sincero e generoso, um dia ser\u00e1 um menino de verdade\u201d e \u201cVoc\u00ea mentiu, e mentiras ficam t\u00e3o na cara quanto o seu nariz\u201d.<\/em><\/strong>\u00a0Al\u00e9m disso, a hist\u00f3ria de Pin\u00f3quio explora temas como a import\u00e2ncia da honestidade, a busca pela identidade e a transforma\u00e7\u00e3o atrav\u00e9s da experi\u00eancia.<\/p>\n<p><strong>\u00a0<\/strong><\/p>\n<p><strong>By seb@r.<\/strong><\/p>\n<p>&nbsp;<\/p>\n<p>Pra refor\u00e7ar logo neste in\u00edcio, ou seja, este ARTIGO que pode ser ou n\u00e3o, OPINATIVO, ainda, dependendo sempre do outro lado deste mesmo, trata-se de um TEXTO FICCIONAL, portanto, qualquer semelhan\u00e7a com a tal da REALIDADE PROVINCIANA, deve ser registrado como um SIMPLES COINCID\u00caNCIA\u2026<\/p>\n<p>Sendo assim, vamos para mais alguns DESENCONTROS em n\u00edvel REGIOCAL, ou seja, do REGIONAL para o LOCAL, tendo em vista que o tal do PIN\u00d3QUIO PROVINCIANO, isso mesmo, aquele que esteve anos e anos nesta PROV\u00cdNCIA DO FAZ DE CONTA, agora, est\u00e1 do outro lado, ou seja, do mesmo lado e ponto quase final\u2026<\/p>\n<p>Tamb\u00e9m, tal qual aquele dito mais do que popular que diz, a saber: S\u00c3O FARINHAS DO MESMO SACO, aqui, com certeza PODRES, considerando, ainda, que tudo vai acabar em PIZZA por causa disto e mais aquilo\u2026<\/p>\n<p>N\u00e3o tem como deixar de lado que neste denominado, PA\u00cdS DO FAZ DE CONTA, haja vista os\/as POL\u00cdTICOS\/AS do famigerado CENTR\u00c3O que dominam o CONGRESSO e praticam A\u00c7\u00d5ES para suas CAUSAS pessoais ou em nome das respectivas ORGANIZA\u00c7\u00d5ES e GRUPOS que os\/as APOIARAM nas elei\u00e7\u00f5es de 2.022, bem como, 2.025\u2026<\/p>\n<p>Portanto, este mesmo PIN\u00d3QUIO PROVINCIANO, agora, mais do que nunca, continua em A\u00c7\u00c3O REGIONAL, desta forma, tudo pode SER neste CEN\u00c1RIO atual, todavia, entendo que as denominadas TROCAS NADA SIMB\u00d3LICAS devem retornar com FOR\u00c7A TOTAL em nome do compromisso dos\/as PATRIOT\u00c1RIOS\/AS com suas MENTES MED\u00cdOCRES e a tr\u00edade: DEUS, P\u00c1TRIA E FAM\u00cdLIA\u2026<\/p>\n<p>Por isso e talvez, aquilo, SE VOC\u00ca PENSAVA QUE TAVA RUIM, PODE PIORAR, tamb\u00e9m, EU ERA FELIZ E N\u00c3O SABIA\u2026<\/p>\n<p>Nesta PROV\u00cdNCIA DO FAZ DE CONTA, tudo indica que aquela GEST\u00c3O denominada no passado de TARTARUGA, est\u00e1 retornando com FOR\u00c7A TOTAL, por\u00e9m, pode ser que o PASSADO apare\u00e7a no PRESENTE, entretanto, sem perspectiva de FUTURO e ponto quase final\u2026<\/p>\n<p>Mas, n\u00e3o se pode deixar de lado de EL PIN\u00d3QUIO PROVINCIANO pode fazer a diferen\u00e7a daqui pra frente, considerando que no pr\u00f3ximo ano, estar\u00e3o ocorrendo ELEI\u00c7\u00d5ES e tais fatos podem mostrar qual o OBJETIVO em ritmo PINOQUIANO\u2026<\/p>\n<p>Na realidade, sempre fica a marca mais registrada de sempre nestes OCASOS de um TALVEZ, assim, CADA QUAL COM SUAS ESCOLHAS neste CEN\u00c1RIO atual, por\u00e9m, TODO CUIDADO \u00c9 POUCO com as ETERNAS PROMESSAS do passado, ou seja, aquelas que se perderam na MEM\u00d3RIA da COMUNIDADE PROVINCIANA\u2026<\/p>\n<p>Pra refor\u00e7ar, ainda mais neste momento, PERDERAM MAN\u00c9S!<\/p>\n<p>Tamb\u00e9m, QUEM SOBREVIVER VAI SABER\u2026<\/p>\n<p>&nbsp;<\/p>\n<p><strong>e-mail:\u00a0<\/strong><a href=\"mailto:barbosa.sebar@gmail.com\"><strong>barbosa.sebar@gmail.com<\/strong><\/a><\/p>\n<\/div>\n<\/div>\n<\/article>\n<\/div>\n<\/div>\n<\/div>\n<\/div>\n","protected":false},"excerpt":{"rendered":"<p>Algumas frases marcantes do Pin\u00f3quio incluem: \u201cSe voc\u00ea provar que \u00e9 valente, sincero e generoso, um dia ser\u00e1 um menino de verdade\u201d e \u201cVoc\u00ea mentiu, e mentiras ficam t\u00e3o na cara quanto o seu nariz\u201d.\u00a0Al\u00e9m disso, a hist\u00f3ria de Pin\u00f3quio explora temas como a import\u00e2ncia da honestidade, a busca pela identidade e a transforma\u00e7\u00e3o atrav\u00e9s [&hellip;]<\/p>\n","protected":false},"author":13,"featured_media":51988,"comment_status":"closed","ping_status":"open","sticky":false,"template":"","format":"standard","meta":{"_acf_changed":false,"_exactmetrics_skip_tracking":false,"_exactmetrics_sitenote_active":false,"_exactmetrics_sitenote_note":"","_exactmetrics_sitenote_category":0,"footnotes":""},"categories":[59],"tags":[],"class_list":["post-103012","post","type-post","status-publish","format-standard","has-post-thumbnail","hentry","category-opiniao"],"acf":[],"yoast_head":"<!-- This site is optimized with the Yoast SEO plugin v27.2 - https:\/\/yoast.com\/product\/yoast-seo-wordpress\/ -->\n<title>Pin\u00f3quio provinciano em n\u00edvel regional\u2026 - R\u00e1dio Life FM<\/title>\n<meta name=\"robots\" content=\"index, follow, max-snippet:-1, max-image-preview:large, max-video-preview:-1\" \/>\n<link rel=\"canonical\" href=\"https:\/\/radiolifefm.com.br\/noticias\/pinoquio-provinciano-em-nivel-regional\/\" \/>\n<meta property=\"og:locale\" content=\"pt_BR\" \/>\n<meta property=\"og:type\" content=\"article\" \/>\n<meta property=\"og:title\" content=\"Pin\u00f3quio provinciano em n\u00edvel regional\u2026 - R\u00e1dio Life FM\" \/>\n<meta property=\"og:description\" content=\"Algumas frases marcantes do Pin\u00f3quio incluem: \u201cSe voc\u00ea provar que \u00e9 valente, sincero e generoso, um dia ser\u00e1 um menino de verdade\u201d e \u201cVoc\u00ea mentiu, e mentiras ficam t\u00e3o na cara quanto o seu nariz\u201d.\u00a0Al\u00e9m disso, a hist\u00f3ria de Pin\u00f3quio explora temas como a import\u00e2ncia da honestidade, a busca pela identidade e a transforma\u00e7\u00e3o atrav\u00e9s [&hellip;]\" \/>\n<meta property=\"og:url\" content=\"https:\/\/radiolifefm.com.br\/noticias\/pinoquio-provinciano-em-nivel-regional\/\" \/>\n<meta property=\"og:site_name\" content=\"R\u00e1dio Life FM\" \/>\n<meta property=\"article:publisher\" content=\"https:\/\/www.facebook.com\/radiolifefm\/\" \/>\n<meta property=\"article:published_time\" content=\"2025-07-16T10:20:26+00:00\" \/>\n<meta property=\"article:modified_time\" content=\"2026-04-24T08:46:51+00:00\" \/>\n<meta property=\"og:image\" content=\"https:\/\/radiolifefm.com.br\/noticias\/wp-content\/uploads\/2022\/04\/WhatsApp-Image-2022-04-10-at-18.43.02.jpeg\" \/>\n\t<meta property=\"og:image:width\" content=\"972\" \/>\n\t<meta property=\"og:image:height\" content=\"1296\" \/>\n\t<meta property=\"og:image:type\" content=\"image\/jpeg\" \/>\n<meta name=\"author\" content=\"ritanery\" \/>\n<meta name=\"twitter:card\" content=\"summary_large_image\" \/>\n<meta name=\"twitter:label1\" content=\"Escrito por\" \/>\n\t<meta name=\"twitter:data1\" content=\"ritanery\" \/>\n\t<meta name=\"twitter:label2\" content=\"Est. tempo de leitura\" \/>\n\t<meta name=\"twitter:data2\" content=\"3 minutos\" \/>\n<script type=\"application\/ld+json\" class=\"yoast-schema-graph\">{\"@context\":\"https:\/\/schema.org\",\"@graph\":[{\"@type\":\"Article\",\"@id\":\"https:\/\/radiolifefm.com.br\/noticias\/pinoquio-provinciano-em-nivel-regional\/#article\",\"isPartOf\":{\"@id\":\"https:\/\/radiolifefm.com.br\/noticias\/pinoquio-provinciano-em-nivel-regional\/\"},\"author\":{\"name\":\"ritanery\",\"@id\":\"https:\/\/radiolifefm.com.br\/noticias\/#\/schema\/person\/6339b9fac59d12b071dec680d7375d87\"},\"headline\":\"Pin\u00f3quio provinciano em n\u00edvel regional\u2026\",\"datePublished\":\"2025-07-16T10:20:26+00:00\",\"dateModified\":\"2026-04-24T08:46:51+00:00\",\"mainEntityOfPage\":{\"@id\":\"https:\/\/radiolifefm.com.br\/noticias\/pinoquio-provinciano-em-nivel-regional\/\"},\"wordCount\":522,\"publisher\":{\"@id\":\"https:\/\/radiolifefm.com.br\/noticias\/#organization\"},\"image\":{\"@id\":\"https:\/\/radiolifefm.com.br\/noticias\/pinoquio-provinciano-em-nivel-regional\/#primaryimage\"},\"thumbnailUrl\":\"https:\/\/radiolifefm.com.br\/noticias\/wp-content\/uploads\/2022\/04\/WhatsApp-Image-2022-04-10-at-18.43.02.jpeg\",\"articleSection\":[\"Opini\u00e3o\"],\"inLanguage\":\"pt-BR\"},{\"@type\":\"WebPage\",\"@id\":\"https:\/\/radiolifefm.com.br\/noticias\/pinoquio-provinciano-em-nivel-regional\/\",\"url\":\"https:\/\/radiolifefm.com.br\/noticias\/pinoquio-provinciano-em-nivel-regional\/\",\"name\":\"Pin\u00f3quio provinciano em n\u00edvel regional\u2026 - R\u00e1dio Life FM\",\"isPartOf\":{\"@id\":\"https:\/\/radiolifefm.com.br\/noticias\/#website\"},\"primaryImageOfPage\":{\"@id\":\"https:\/\/radiolifefm.com.br\/noticias\/pinoquio-provinciano-em-nivel-regional\/#primaryimage\"},\"image\":{\"@id\":\"https:\/\/radiolifefm.com.br\/noticias\/pinoquio-provinciano-em-nivel-regional\/#primaryimage\"},\"thumbnailUrl\":\"https:\/\/radiolifefm.com.br\/noticias\/wp-content\/uploads\/2022\/04\/WhatsApp-Image-2022-04-10-at-18.43.02.jpeg\",\"datePublished\":\"2025-07-16T10:20:26+00:00\",\"dateModified\":\"2026-04-24T08:46:51+00:00\",\"breadcrumb\":{\"@id\":\"https:\/\/radiolifefm.com.br\/noticias\/pinoquio-provinciano-em-nivel-regional\/#breadcrumb\"},\"inLanguage\":\"pt-BR\",\"potentialAction\":[{\"@type\":\"ReadAction\",\"target\":[\"https:\/\/radiolifefm.com.br\/noticias\/pinoquio-provinciano-em-nivel-regional\/\"]}]},{\"@type\":\"ImageObject\",\"inLanguage\":\"pt-BR\",\"@id\":\"https:\/\/radiolifefm.com.br\/noticias\/pinoquio-provinciano-em-nivel-regional\/#primaryimage\",\"url\":\"https:\/\/radiolifefm.com.br\/noticias\/wp-content\/uploads\/2022\/04\/WhatsApp-Image-2022-04-10-at-18.43.02.jpeg\",\"contentUrl\":\"https:\/\/radiolifefm.com.br\/noticias\/wp-content\/uploads\/2022\/04\/WhatsApp-Image-2022-04-10-at-18.43.02.jpeg\",\"width\":972,\"height\":1296,\"caption\":\"S\u00e9rgio Barbosa\"},{\"@type\":\"BreadcrumbList\",\"@id\":\"https:\/\/radiolifefm.com.br\/noticias\/pinoquio-provinciano-em-nivel-regional\/#breadcrumb\",\"itemListElement\":[{\"@type\":\"ListItem\",\"position\":1,\"name\":\"In\u00edcio\",\"item\":\"https:\/\/radiolifefm.com.br\/noticias\/\"},{\"@type\":\"ListItem\",\"position\":2,\"name\":\"Pin\u00f3quio provinciano em n\u00edvel regional\u2026\"}]},{\"@type\":\"WebSite\",\"@id\":\"https:\/\/radiolifefm.com.br\/noticias\/#website\",\"url\":\"https:\/\/radiolifefm.com.br\/noticias\/\",\"name\":\"R\u00e1dio Life FM\",\"description\":\"O Portal de Not\u00edcias de Adamantina\",\"publisher\":{\"@id\":\"https:\/\/radiolifefm.com.br\/noticias\/#organization\"},\"alternateName\":\"Life FM\",\"potentialAction\":[{\"@type\":\"SearchAction\",\"target\":{\"@type\":\"EntryPoint\",\"urlTemplate\":\"https:\/\/radiolifefm.com.br\/noticias\/?s={search_term_string}\"},\"query-input\":{\"@type\":\"PropertyValueSpecification\",\"valueRequired\":true,\"valueName\":\"search_term_string\"}}],\"inLanguage\":\"pt-BR\"},{\"@type\":\"Organization\",\"@id\":\"https:\/\/radiolifefm.com.br\/noticias\/#organization\",\"name\":\"R\u00e1dio Life FM\",\"alternateName\":\"Life FM\",\"url\":\"https:\/\/radiolifefm.com.br\/noticias\/\",\"logo\":{\"@type\":\"ImageObject\",\"inLanguage\":\"pt-BR\",\"@id\":\"https:\/\/radiolifefm.com.br\/noticias\/#\/schema\/logo\/image\/\",\"url\":\"https:\/\/static.radiolifefm.com.br\/noticias\/wp-content\/uploads\/2019\/10\/logo-lifefm.png\",\"contentUrl\":\"https:\/\/static.radiolifefm.com.br\/noticias\/wp-content\/uploads\/2019\/10\/logo-lifefm.png\",\"width\":196,\"height\":47,\"caption\":\"R\u00e1dio Life FM\"},\"image\":{\"@id\":\"https:\/\/radiolifefm.com.br\/noticias\/#\/schema\/logo\/image\/\"},\"sameAs\":[\"https:\/\/www.facebook.com\/radiolifefm\/\",\"https:\/\/www.instagram.com\/life1079fm\/\"]},{\"@type\":\"Person\",\"@id\":\"https:\/\/radiolifefm.com.br\/noticias\/#\/schema\/person\/6339b9fac59d12b071dec680d7375d87\",\"name\":\"ritanery\",\"image\":{\"@type\":\"ImageObject\",\"inLanguage\":\"pt-BR\",\"@id\":\"https:\/\/secure.gravatar.com\/avatar\/0e37bb19071f47c0b8a23f62a903df117c5a0e75f65a0c2901562f97cd41cf86?s=96&d=mm&r=g\",\"url\":\"https:\/\/secure.gravatar.com\/avatar\/0e37bb19071f47c0b8a23f62a903df117c5a0e75f65a0c2901562f97cd41cf86?s=96&d=mm&r=g\",\"contentUrl\":\"https:\/\/secure.gravatar.com\/avatar\/0e37bb19071f47c0b8a23f62a903df117c5a0e75f65a0c2901562f97cd41cf86?s=96&d=mm&r=g\",\"caption\":\"ritanery\"}}]}<\/script>\n<!-- \/ Yoast SEO plugin. -->","yoast_head_json":{"title":"Pin\u00f3quio provinciano em n\u00edvel regional\u2026 - R\u00e1dio Life FM","robots":{"index":"index","follow":"follow","max-snippet":"max-snippet:-1","max-image-preview":"max-image-preview:large","max-video-preview":"max-video-preview:-1"},"canonical":"https:\/\/radiolifefm.com.br\/noticias\/pinoquio-provinciano-em-nivel-regional\/","og_locale":"pt_BR","og_type":"article","og_title":"Pin\u00f3quio provinciano em n\u00edvel regional\u2026 - R\u00e1dio Life FM","og_description":"Algumas frases marcantes do Pin\u00f3quio incluem: \u201cSe voc\u00ea provar que \u00e9 valente, sincero e generoso, um dia ser\u00e1 um menino de verdade\u201d e \u201cVoc\u00ea mentiu, e mentiras ficam t\u00e3o na cara quanto o seu nariz\u201d.\u00a0Al\u00e9m disso, a hist\u00f3ria de Pin\u00f3quio explora temas como a import\u00e2ncia da honestidade, a busca pela identidade e a transforma\u00e7\u00e3o atrav\u00e9s [&hellip;]","og_url":"https:\/\/radiolifefm.com.br\/noticias\/pinoquio-provinciano-em-nivel-regional\/","og_site_name":"R\u00e1dio Life FM","article_publisher":"https:\/\/www.facebook.com\/radiolifefm\/","article_published_time":"2025-07-16T10:20:26+00:00","article_modified_time":"2026-04-24T08:46:51+00:00","og_image":[{"width":972,"height":1296,"url":"https:\/\/radiolifefm.com.br\/noticias\/wp-content\/uploads\/2022\/04\/WhatsApp-Image-2022-04-10-at-18.43.02.jpeg","type":"image\/jpeg"}],"author":"ritanery","twitter_card":"summary_large_image","twitter_misc":{"Escrito por":"ritanery","Est. tempo de leitura":"3 minutos"},"schema":{"@context":"https:\/\/schema.org","@graph":[{"@type":"Article","@id":"https:\/\/radiolifefm.com.br\/noticias\/pinoquio-provinciano-em-nivel-regional\/#article","isPartOf":{"@id":"https:\/\/radiolifefm.com.br\/noticias\/pinoquio-provinciano-em-nivel-regional\/"},"author":{"name":"ritanery","@id":"https:\/\/radiolifefm.com.br\/noticias\/#\/schema\/person\/6339b9fac59d12b071dec680d7375d87"},"headline":"Pin\u00f3quio provinciano em n\u00edvel regional\u2026","datePublished":"2025-07-16T10:20:26+00:00","dateModified":"2026-04-24T08:46:51+00:00","mainEntityOfPage":{"@id":"https:\/\/radiolifefm.com.br\/noticias\/pinoquio-provinciano-em-nivel-regional\/"},"wordCount":522,"publisher":{"@id":"https:\/\/radiolifefm.com.br\/noticias\/#organization"},"image":{"@id":"https:\/\/radiolifefm.com.br\/noticias\/pinoquio-provinciano-em-nivel-regional\/#primaryimage"},"thumbnailUrl":"https:\/\/radiolifefm.com.br\/noticias\/wp-content\/uploads\/2022\/04\/WhatsApp-Image-2022-04-10-at-18.43.02.jpeg","articleSection":["Opini\u00e3o"],"inLanguage":"pt-BR"},{"@type":"WebPage","@id":"https:\/\/radiolifefm.com.br\/noticias\/pinoquio-provinciano-em-nivel-regional\/","url":"https:\/\/radiolifefm.com.br\/noticias\/pinoquio-provinciano-em-nivel-regional\/","name":"Pin\u00f3quio provinciano em n\u00edvel regional\u2026 - R\u00e1dio Life FM","isPartOf":{"@id":"https:\/\/radiolifefm.com.br\/noticias\/#website"},"primaryImageOfPage":{"@id":"https:\/\/radiolifefm.com.br\/noticias\/pinoquio-provinciano-em-nivel-regional\/#primaryimage"},"image":{"@id":"https:\/\/radiolifefm.com.br\/noticias\/pinoquio-provinciano-em-nivel-regional\/#primaryimage"},"thumbnailUrl":"https:\/\/radiolifefm.com.br\/noticias\/wp-content\/uploads\/2022\/04\/WhatsApp-Image-2022-04-10-at-18.43.02.jpeg","datePublished":"2025-07-16T10:20:26+00:00","dateModified":"2026-04-24T08:46:51+00:00","breadcrumb":{"@id":"https:\/\/radiolifefm.com.br\/noticias\/pinoquio-provinciano-em-nivel-regional\/#breadcrumb"},"inLanguage":"pt-BR","potentialAction":[{"@type":"ReadAction","target":["https:\/\/radiolifefm.com.br\/noticias\/pinoquio-provinciano-em-nivel-regional\/"]}]},{"@type":"ImageObject","inLanguage":"pt-BR","@id":"https:\/\/radiolifefm.com.br\/noticias\/pinoquio-provinciano-em-nivel-regional\/#primaryimage","url":"https:\/\/radiolifefm.com.br\/noticias\/wp-content\/uploads\/2022\/04\/WhatsApp-Image-2022-04-10-at-18.43.02.jpeg","contentUrl":"https:\/\/radiolifefm.com.br\/noticias\/wp-content\/uploads\/2022\/04\/WhatsApp-Image-2022-04-10-at-18.43.02.jpeg","width":972,"height":1296,"caption":"S\u00e9rgio Barbosa"},{"@type":"BreadcrumbList","@id":"https:\/\/radiolifefm.com.br\/noticias\/pinoquio-provinciano-em-nivel-regional\/#breadcrumb","itemListElement":[{"@type":"ListItem","position":1,"name":"In\u00edcio","item":"https:\/\/radiolifefm.com.br\/noticias\/"},{"@type":"ListItem","position":2,"name":"Pin\u00f3quio provinciano em n\u00edvel regional\u2026"}]},{"@type":"WebSite","@id":"https:\/\/radiolifefm.com.br\/noticias\/#website","url":"https:\/\/radiolifefm.com.br\/noticias\/","name":"R\u00e1dio Life FM","description":"O Portal de Not\u00edcias de Adamantina","publisher":{"@id":"https:\/\/radiolifefm.com.br\/noticias\/#organization"},"alternateName":"Life FM","potentialAction":[{"@type":"SearchAction","target":{"@type":"EntryPoint","urlTemplate":"https:\/\/radiolifefm.com.br\/noticias\/?s={search_term_string}"},"query-input":{"@type":"PropertyValueSpecification","valueRequired":true,"valueName":"search_term_string"}}],"inLanguage":"pt-BR"},{"@type":"Organization","@id":"https:\/\/radiolifefm.com.br\/noticias\/#organization","name":"R\u00e1dio Life FM","alternateName":"Life FM","url":"https:\/\/radiolifefm.com.br\/noticias\/","logo":{"@type":"ImageObject","inLanguage":"pt-BR","@id":"https:\/\/radiolifefm.com.br\/noticias\/#\/schema\/logo\/image\/","url":"https:\/\/static.radiolifefm.com.br\/noticias\/wp-content\/uploads\/2019\/10\/logo-lifefm.png","contentUrl":"https:\/\/static.radiolifefm.com.br\/noticias\/wp-content\/uploads\/2019\/10\/logo-lifefm.png","width":196,"height":47,"caption":"R\u00e1dio Life FM"},"image":{"@id":"https:\/\/radiolifefm.com.br\/noticias\/#\/schema\/logo\/image\/"},"sameAs":["https:\/\/www.facebook.com\/radiolifefm\/","https:\/\/www.instagram.com\/life1079fm\/"]},{"@type":"Person","@id":"https:\/\/radiolifefm.com.br\/noticias\/#\/schema\/person\/6339b9fac59d12b071dec680d7375d87","name":"ritanery","image":{"@type":"ImageObject","inLanguage":"pt-BR","@id":"https:\/\/secure.gravatar.com\/avatar\/0e37bb19071f47c0b8a23f62a903df117c5a0e75f65a0c2901562f97cd41cf86?s=96&d=mm&r=g","url":"https:\/\/secure.gravatar.com\/avatar\/0e37bb19071f47c0b8a23f62a903df117c5a0e75f65a0c2901562f97cd41cf86?s=96&d=mm&r=g","contentUrl":"https:\/\/secure.gravatar.com\/avatar\/0e37bb19071f47c0b8a23f62a903df117c5a0e75f65a0c2901562f97cd41cf86?s=96&d=mm&r=g","caption":"ritanery"}}]}},"amp_enabled":true,"_links":{"self":[{"href":"https:\/\/radiolifefm.com.br\/noticias\/wp-json\/wp\/v2\/posts\/103012","targetHints":{"allow":["GET"]}}],"collection":[{"href":"https:\/\/radiolifefm.com.br\/noticias\/wp-json\/wp\/v2\/posts"}],"about":[{"href":"https:\/\/radiolifefm.com.br\/noticias\/wp-json\/wp\/v2\/types\/post"}],"author":[{"embeddable":true,"href":"https:\/\/radiolifefm.com.br\/noticias\/wp-json\/wp\/v2\/users\/13"}],"replies":[{"embeddable":true,"href":"https:\/\/radiolifefm.com.br\/noticias\/wp-json\/wp\/v2\/comments?post=103012"}],"version-history":[{"count":1,"href":"https:\/\/radiolifefm.com.br\/noticias\/wp-json\/wp\/v2\/posts\/103012\/revisions"}],"predecessor-version":[{"id":103013,"href":"https:\/\/radiolifefm.com.br\/noticias\/wp-json\/wp\/v2\/posts\/103012\/revisions\/103013"}],"wp:featuredmedia":[{"embeddable":true,"href":"https:\/\/radiolifefm.com.br\/noticias\/wp-json\/wp\/v2\/media\/51988"}],"wp:attachment":[{"href":"https:\/\/radiolifefm.com.br\/noticias\/wp-json\/wp\/v2\/media?parent=103012"}],"wp:term":[{"taxonomy":"category","embeddable":true,"href":"https:\/\/radiolifefm.com.br\/noticias\/wp-json\/wp\/v2\/categories?post=103012"},{"taxonomy":"post_tag","embeddable":true,"href":"https:\/\/radiolifefm.com.br\/noticias\/wp-json\/wp\/v2\/tags?post=103012"}],"curies":[{"name":"wp","href":"https:\/\/api.w.org\/{rel}","templated":true}]}}