{"id":102925,"date":"2025-07-14T07:23:12","date_gmt":"2025-07-14T10:23:12","guid":{"rendered":"https:\/\/radiolifefm.com.br\/noticias\/?p=102925"},"modified":"2026-04-23T21:19:45","modified_gmt":"2026-04-24T00:19:45","slug":"o-fim-da-trilogia-o-bom-o-mau-e-o-feio","status":"publish","type":"post","link":"https:\/\/radiolifefm.com.br\/noticias\/o-fim-da-trilogia-o-bom-o-mau-e-o-feio\/","title":{"rendered":"O FIM DA TRILOGIA: \u201cO BOM, O MAU E O FEIO\u201d"},"content":{"rendered":"<div id=\"fb-root\"><\/div>\n<p>\u201cDestaque para o trabalho de Wallach. Lan\u00e7ado no cinema com o t\u00edtulo de \u2018Tr\u00eas Homens em Conflito\u2019. Com uma trilha sonora maravilhosa do mestre Ennio Morricone. S\u00e9rgio Leone, nesta produ\u00e7\u00e3o mostrou mais uma vez ao mundo a sua genialidade.\u201d (DVD CONTINENTAL HOME V\u00cdDEO\/WONDER MULTIM\u00cdDIA)<\/p>\n<p>By seb@r.<\/p>\n<p>O final da Trilogia do maestro da produ\u00e7\u00e3o cinematogr\u00e1fica Sergio Leone com a promo\u00e7\u00e3o e execu\u00e7\u00e3o dos filmes, a saber: POR UM PUNHADO DE D\u00d3LARES (1964), POR UNS D\u00d3LARES A MAIS (1965) e fechando com O BOM, O MAU E O FEIO (1967), a realiza\u00e7\u00e3o desta trinca que ficou registrado na trilha do tempo da s\u00e9tima arte no g\u00eanero \u201cwestern spaghtti\u201d.<\/p>\n<p>Ainda, os tr\u00eas filmes fazem parte do acerto cinematogr\u00e1fico internacional como \u201ctrilogia dos d\u00f3lares\u201d e refor\u00e7a o tra\u00e7o pessoal e magistral de CLINT EASTWOOD como o Cavaleiro sem nome, por\u00e9m, existem outros desencontros agendados em todas as etapas do filme \u201cO BOM, O MAU E O FEIO\u201d, entre os quais, as presen\u00e7as marcantes de ELI WALLACH e LEE VAN CLEEF.<\/p>\n<p>Uma produ\u00e7\u00e3o italiana e espanhola no ano de 1967 foi lan\u00e7ado em grande estilo na It\u00e1lia como o titulo de \u201cIl Buono, Il Brutto, Il Cativo\u201d, bem como, no cen\u00e1rio internacional com outro t\u00edtulo: \u201cTr\u00eas Homens em Conflito\u201d.<\/p>\n<p>Outra marca registrada desta produ\u00e7\u00e3o sob a dire\u00e7\u00e3o de Sergio Leone e roteiro de Age Scarpelli-Luciano Vincenzoni-S. Leone esteve sob a maestria de um dos maiores m\u00fasicos da s\u00e9tima arte, o maestro ENNIO MORRICONE que deixou a sua assinatura na trilha sonora do filme em pauta.<\/p>\n<p>O contexto do filme \u201cO BOM, O MAU E O FEIO\u201d traz para o receptor a mensagem por meio da produ\u00e7\u00e3o cinematogr\u00e1fica com diversos panos de fundo, entre os quais o retrato colorido, por\u00e9m, com caracter\u00edsticas em preto e branco de acontecimentos relacionado com a \u201cGuerra Civil Norte Americana\u201d.<\/p>\n<p>Na ess\u00eancia do roteiro, as caracter\u00edsticas buscam a sequ\u00eancia da trilogia e apresentam ao p\u00fablico a \u201cguerra particular\u201d dos bandoleiros em busca do mesmo objetivo, ou seja, \u201cas moedas de ouro\u201d como recompensa pelo desejo da conquista al\u00e9m das trocas, bem como, muitas idas e vindas no decorrer do filme, quando tr\u00eas homens aparecem juntos e depois, sem mais e sem menos, ficam prisioneiros um do outro para um \u00fanico olhar frente \u00e0 conquista das \u201cmoedas de ouro\u201d como recompensa final de uma trilogia que superou o tempo do \u201cwestern spaghetti\u201d.<\/p>\n<p>Destaque, ainda, para as imagens do deserto, quando homens se perdem em suas contradi\u00e7\u00f5es pela sobreviv\u00eancia no cen\u00e1rio patrocinado pela vingan\u00e7a deste ou daquele lado, possibilitando muitas interpreta\u00e7\u00f5es desconectadas do senso comum cinematogr\u00e1fico e refor\u00e7ando o lado sublime do g\u00eanero faroeste na reflex\u00e3o critica das quest\u00f5es sociais e pol\u00edticas.<\/p>\n<p>AVE SERGIO LEONE! AVE ENNIO MORRICONE!<\/p>\n<p>AVE CLINT EASTWOOD! AVE ELI WALLACH! AVE LEE VAN CLEEF!<\/p>\n<p>_______________________________________________<\/p>\n<p>e-mail: barbosa.sebar@gmail.com<\/p>\n<p>&nbsp;<\/p>\n<p>&nbsp;<\/p>\n<p>&nbsp;<\/p>\n<p>&nbsp;<\/p>\n<p>&nbsp;<\/p>\n","protected":false},"excerpt":{"rendered":"<p>\u201cDestaque para o trabalho de Wallach. Lan\u00e7ado no cinema com o t\u00edtulo de \u2018Tr\u00eas Homens em Conflito\u2019. Com uma trilha sonora maravilhosa do mestre Ennio Morricone. S\u00e9rgio Leone, nesta produ\u00e7\u00e3o mostrou mais uma vez ao mundo a sua genialidade.\u201d (DVD CONTINENTAL HOME V\u00cdDEO\/WONDER MULTIM\u00cdDIA) By seb@r. O final da Trilogia do maestro da produ\u00e7\u00e3o cinematogr\u00e1fica [&hellip;]<\/p>\n","protected":false},"author":13,"featured_media":51988,"comment_status":"closed","ping_status":"open","sticky":false,"template":"","format":"standard","meta":{"_acf_changed":false,"_exactmetrics_skip_tracking":false,"_exactmetrics_sitenote_active":false,"_exactmetrics_sitenote_note":"","_exactmetrics_sitenote_category":0,"footnotes":""},"categories":[59],"tags":[],"class_list":["post-102925","post","type-post","status-publish","format-standard","has-post-thumbnail","hentry","category-opiniao"],"acf":[],"yoast_head":"<!-- This site is optimized with the Yoast SEO plugin v27.2 - https:\/\/yoast.com\/product\/yoast-seo-wordpress\/ -->\n<title>O FIM DA TRILOGIA: \u201cO BOM, O MAU E O FEIO\u201d - R\u00e1dio Life FM<\/title>\n<meta name=\"robots\" content=\"index, follow, max-snippet:-1, max-image-preview:large, max-video-preview:-1\" \/>\n<link rel=\"canonical\" href=\"https:\/\/radiolifefm.com.br\/noticias\/o-fim-da-trilogia-o-bom-o-mau-e-o-feio\/\" \/>\n<meta property=\"og:locale\" content=\"pt_BR\" \/>\n<meta property=\"og:type\" content=\"article\" \/>\n<meta property=\"og:title\" content=\"O FIM DA TRILOGIA: \u201cO BOM, O MAU E O FEIO\u201d - R\u00e1dio Life FM\" \/>\n<meta property=\"og:description\" content=\"\u201cDestaque para o trabalho de Wallach. Lan\u00e7ado no cinema com o t\u00edtulo de \u2018Tr\u00eas Homens em Conflito\u2019. Com uma trilha sonora maravilhosa do mestre Ennio Morricone. S\u00e9rgio Leone, nesta produ\u00e7\u00e3o mostrou mais uma vez ao mundo a sua genialidade.\u201d (DVD CONTINENTAL HOME V\u00cdDEO\/WONDER MULTIM\u00cdDIA) By seb@r. O final da Trilogia do maestro da produ\u00e7\u00e3o cinematogr\u00e1fica [&hellip;]\" \/>\n<meta property=\"og:url\" content=\"https:\/\/radiolifefm.com.br\/noticias\/o-fim-da-trilogia-o-bom-o-mau-e-o-feio\/\" \/>\n<meta property=\"og:site_name\" content=\"R\u00e1dio Life FM\" \/>\n<meta property=\"article:publisher\" content=\"https:\/\/www.facebook.com\/radiolifefm\/\" \/>\n<meta property=\"article:published_time\" content=\"2025-07-14T10:23:12+00:00\" \/>\n<meta property=\"article:modified_time\" content=\"2026-04-24T00:19:45+00:00\" \/>\n<meta property=\"og:image\" content=\"https:\/\/radiolifefm.com.br\/noticias\/wp-content\/uploads\/2022\/04\/WhatsApp-Image-2022-04-10-at-18.43.02.jpeg\" \/>\n\t<meta property=\"og:image:width\" content=\"972\" \/>\n\t<meta property=\"og:image:height\" content=\"1296\" \/>\n\t<meta property=\"og:image:type\" content=\"image\/jpeg\" \/>\n<meta name=\"author\" content=\"ritanery\" \/>\n<meta name=\"twitter:card\" content=\"summary_large_image\" \/>\n<meta name=\"twitter:label1\" content=\"Escrito por\" \/>\n\t<meta name=\"twitter:data1\" content=\"ritanery\" \/>\n\t<meta name=\"twitter:label2\" content=\"Est. tempo de leitura\" \/>\n\t<meta name=\"twitter:data2\" content=\"3 minutos\" \/>\n<script type=\"application\/ld+json\" class=\"yoast-schema-graph\">{\"@context\":\"https:\/\/schema.org\",\"@graph\":[{\"@type\":\"Article\",\"@id\":\"https:\/\/radiolifefm.com.br\/noticias\/o-fim-da-trilogia-o-bom-o-mau-e-o-feio\/#article\",\"isPartOf\":{\"@id\":\"https:\/\/radiolifefm.com.br\/noticias\/o-fim-da-trilogia-o-bom-o-mau-e-o-feio\/\"},\"author\":{\"name\":\"ritanery\",\"@id\":\"https:\/\/radiolifefm.com.br\/noticias\/#\/schema\/person\/6339b9fac59d12b071dec680d7375d87\"},\"headline\":\"O FIM DA TRILOGIA: \u201cO BOM, O MAU E O FEIO\u201d\",\"datePublished\":\"2025-07-14T10:23:12+00:00\",\"dateModified\":\"2026-04-24T00:19:45+00:00\",\"mainEntityOfPage\":{\"@id\":\"https:\/\/radiolifefm.com.br\/noticias\/o-fim-da-trilogia-o-bom-o-mau-e-o-feio\/\"},\"wordCount\":528,\"publisher\":{\"@id\":\"https:\/\/radiolifefm.com.br\/noticias\/#organization\"},\"image\":{\"@id\":\"https:\/\/radiolifefm.com.br\/noticias\/o-fim-da-trilogia-o-bom-o-mau-e-o-feio\/#primaryimage\"},\"thumbnailUrl\":\"https:\/\/radiolifefm.com.br\/noticias\/wp-content\/uploads\/2022\/04\/WhatsApp-Image-2022-04-10-at-18.43.02.jpeg\",\"articleSection\":[\"Opini\u00e3o\"],\"inLanguage\":\"pt-BR\"},{\"@type\":\"WebPage\",\"@id\":\"https:\/\/radiolifefm.com.br\/noticias\/o-fim-da-trilogia-o-bom-o-mau-e-o-feio\/\",\"url\":\"https:\/\/radiolifefm.com.br\/noticias\/o-fim-da-trilogia-o-bom-o-mau-e-o-feio\/\",\"name\":\"O FIM DA TRILOGIA: \u201cO BOM, O MAU E O FEIO\u201d - R\u00e1dio Life FM\",\"isPartOf\":{\"@id\":\"https:\/\/radiolifefm.com.br\/noticias\/#website\"},\"primaryImageOfPage\":{\"@id\":\"https:\/\/radiolifefm.com.br\/noticias\/o-fim-da-trilogia-o-bom-o-mau-e-o-feio\/#primaryimage\"},\"image\":{\"@id\":\"https:\/\/radiolifefm.com.br\/noticias\/o-fim-da-trilogia-o-bom-o-mau-e-o-feio\/#primaryimage\"},\"thumbnailUrl\":\"https:\/\/radiolifefm.com.br\/noticias\/wp-content\/uploads\/2022\/04\/WhatsApp-Image-2022-04-10-at-18.43.02.jpeg\",\"datePublished\":\"2025-07-14T10:23:12+00:00\",\"dateModified\":\"2026-04-24T00:19:45+00:00\",\"breadcrumb\":{\"@id\":\"https:\/\/radiolifefm.com.br\/noticias\/o-fim-da-trilogia-o-bom-o-mau-e-o-feio\/#breadcrumb\"},\"inLanguage\":\"pt-BR\",\"potentialAction\":[{\"@type\":\"ReadAction\",\"target\":[\"https:\/\/radiolifefm.com.br\/noticias\/o-fim-da-trilogia-o-bom-o-mau-e-o-feio\/\"]}]},{\"@type\":\"ImageObject\",\"inLanguage\":\"pt-BR\",\"@id\":\"https:\/\/radiolifefm.com.br\/noticias\/o-fim-da-trilogia-o-bom-o-mau-e-o-feio\/#primaryimage\",\"url\":\"https:\/\/radiolifefm.com.br\/noticias\/wp-content\/uploads\/2022\/04\/WhatsApp-Image-2022-04-10-at-18.43.02.jpeg\",\"contentUrl\":\"https:\/\/radiolifefm.com.br\/noticias\/wp-content\/uploads\/2022\/04\/WhatsApp-Image-2022-04-10-at-18.43.02.jpeg\",\"width\":972,\"height\":1296,\"caption\":\"S\u00e9rgio Barbosa\"},{\"@type\":\"BreadcrumbList\",\"@id\":\"https:\/\/radiolifefm.com.br\/noticias\/o-fim-da-trilogia-o-bom-o-mau-e-o-feio\/#breadcrumb\",\"itemListElement\":[{\"@type\":\"ListItem\",\"position\":1,\"name\":\"In\u00edcio\",\"item\":\"https:\/\/radiolifefm.com.br\/noticias\/\"},{\"@type\":\"ListItem\",\"position\":2,\"name\":\"O FIM DA TRILOGIA: \u201cO BOM, O MAU E O FEIO\u201d\"}]},{\"@type\":\"WebSite\",\"@id\":\"https:\/\/radiolifefm.com.br\/noticias\/#website\",\"url\":\"https:\/\/radiolifefm.com.br\/noticias\/\",\"name\":\"R\u00e1dio Life FM\",\"description\":\"O Portal de Not\u00edcias de Adamantina\",\"publisher\":{\"@id\":\"https:\/\/radiolifefm.com.br\/noticias\/#organization\"},\"alternateName\":\"Life FM\",\"potentialAction\":[{\"@type\":\"SearchAction\",\"target\":{\"@type\":\"EntryPoint\",\"urlTemplate\":\"https:\/\/radiolifefm.com.br\/noticias\/?s={search_term_string}\"},\"query-input\":{\"@type\":\"PropertyValueSpecification\",\"valueRequired\":true,\"valueName\":\"search_term_string\"}}],\"inLanguage\":\"pt-BR\"},{\"@type\":\"Organization\",\"@id\":\"https:\/\/radiolifefm.com.br\/noticias\/#organization\",\"name\":\"R\u00e1dio Life FM\",\"alternateName\":\"Life FM\",\"url\":\"https:\/\/radiolifefm.com.br\/noticias\/\",\"logo\":{\"@type\":\"ImageObject\",\"inLanguage\":\"pt-BR\",\"@id\":\"https:\/\/radiolifefm.com.br\/noticias\/#\/schema\/logo\/image\/\",\"url\":\"https:\/\/static.radiolifefm.com.br\/noticias\/wp-content\/uploads\/2019\/10\/logo-lifefm.png\",\"contentUrl\":\"https:\/\/static.radiolifefm.com.br\/noticias\/wp-content\/uploads\/2019\/10\/logo-lifefm.png\",\"width\":196,\"height\":47,\"caption\":\"R\u00e1dio Life FM\"},\"image\":{\"@id\":\"https:\/\/radiolifefm.com.br\/noticias\/#\/schema\/logo\/image\/\"},\"sameAs\":[\"https:\/\/www.facebook.com\/radiolifefm\/\",\"https:\/\/www.instagram.com\/life1079fm\/\"]},{\"@type\":\"Person\",\"@id\":\"https:\/\/radiolifefm.com.br\/noticias\/#\/schema\/person\/6339b9fac59d12b071dec680d7375d87\",\"name\":\"ritanery\",\"image\":{\"@type\":\"ImageObject\",\"inLanguage\":\"pt-BR\",\"@id\":\"https:\/\/secure.gravatar.com\/avatar\/0e37bb19071f47c0b8a23f62a903df117c5a0e75f65a0c2901562f97cd41cf86?s=96&d=mm&r=g\",\"url\":\"https:\/\/secure.gravatar.com\/avatar\/0e37bb19071f47c0b8a23f62a903df117c5a0e75f65a0c2901562f97cd41cf86?s=96&d=mm&r=g\",\"contentUrl\":\"https:\/\/secure.gravatar.com\/avatar\/0e37bb19071f47c0b8a23f62a903df117c5a0e75f65a0c2901562f97cd41cf86?s=96&d=mm&r=g\",\"caption\":\"ritanery\"}}]}<\/script>\n<!-- \/ Yoast SEO plugin. -->","yoast_head_json":{"title":"O FIM DA TRILOGIA: \u201cO BOM, O MAU E O FEIO\u201d - R\u00e1dio Life FM","robots":{"index":"index","follow":"follow","max-snippet":"max-snippet:-1","max-image-preview":"max-image-preview:large","max-video-preview":"max-video-preview:-1"},"canonical":"https:\/\/radiolifefm.com.br\/noticias\/o-fim-da-trilogia-o-bom-o-mau-e-o-feio\/","og_locale":"pt_BR","og_type":"article","og_title":"O FIM DA TRILOGIA: \u201cO BOM, O MAU E O FEIO\u201d - R\u00e1dio Life FM","og_description":"\u201cDestaque para o trabalho de Wallach. Lan\u00e7ado no cinema com o t\u00edtulo de \u2018Tr\u00eas Homens em Conflito\u2019. Com uma trilha sonora maravilhosa do mestre Ennio Morricone. S\u00e9rgio Leone, nesta produ\u00e7\u00e3o mostrou mais uma vez ao mundo a sua genialidade.\u201d (DVD CONTINENTAL HOME V\u00cdDEO\/WONDER MULTIM\u00cdDIA) By seb@r. O final da Trilogia do maestro da produ\u00e7\u00e3o cinematogr\u00e1fica [&hellip;]","og_url":"https:\/\/radiolifefm.com.br\/noticias\/o-fim-da-trilogia-o-bom-o-mau-e-o-feio\/","og_site_name":"R\u00e1dio Life FM","article_publisher":"https:\/\/www.facebook.com\/radiolifefm\/","article_published_time":"2025-07-14T10:23:12+00:00","article_modified_time":"2026-04-24T00:19:45+00:00","og_image":[{"width":972,"height":1296,"url":"https:\/\/radiolifefm.com.br\/noticias\/wp-content\/uploads\/2022\/04\/WhatsApp-Image-2022-04-10-at-18.43.02.jpeg","type":"image\/jpeg"}],"author":"ritanery","twitter_card":"summary_large_image","twitter_misc":{"Escrito por":"ritanery","Est. tempo de leitura":"3 minutos"},"schema":{"@context":"https:\/\/schema.org","@graph":[{"@type":"Article","@id":"https:\/\/radiolifefm.com.br\/noticias\/o-fim-da-trilogia-o-bom-o-mau-e-o-feio\/#article","isPartOf":{"@id":"https:\/\/radiolifefm.com.br\/noticias\/o-fim-da-trilogia-o-bom-o-mau-e-o-feio\/"},"author":{"name":"ritanery","@id":"https:\/\/radiolifefm.com.br\/noticias\/#\/schema\/person\/6339b9fac59d12b071dec680d7375d87"},"headline":"O FIM DA TRILOGIA: \u201cO BOM, O MAU E O FEIO\u201d","datePublished":"2025-07-14T10:23:12+00:00","dateModified":"2026-04-24T00:19:45+00:00","mainEntityOfPage":{"@id":"https:\/\/radiolifefm.com.br\/noticias\/o-fim-da-trilogia-o-bom-o-mau-e-o-feio\/"},"wordCount":528,"publisher":{"@id":"https:\/\/radiolifefm.com.br\/noticias\/#organization"},"image":{"@id":"https:\/\/radiolifefm.com.br\/noticias\/o-fim-da-trilogia-o-bom-o-mau-e-o-feio\/#primaryimage"},"thumbnailUrl":"https:\/\/radiolifefm.com.br\/noticias\/wp-content\/uploads\/2022\/04\/WhatsApp-Image-2022-04-10-at-18.43.02.jpeg","articleSection":["Opini\u00e3o"],"inLanguage":"pt-BR"},{"@type":"WebPage","@id":"https:\/\/radiolifefm.com.br\/noticias\/o-fim-da-trilogia-o-bom-o-mau-e-o-feio\/","url":"https:\/\/radiolifefm.com.br\/noticias\/o-fim-da-trilogia-o-bom-o-mau-e-o-feio\/","name":"O FIM DA TRILOGIA: \u201cO BOM, O MAU E O FEIO\u201d - R\u00e1dio Life FM","isPartOf":{"@id":"https:\/\/radiolifefm.com.br\/noticias\/#website"},"primaryImageOfPage":{"@id":"https:\/\/radiolifefm.com.br\/noticias\/o-fim-da-trilogia-o-bom-o-mau-e-o-feio\/#primaryimage"},"image":{"@id":"https:\/\/radiolifefm.com.br\/noticias\/o-fim-da-trilogia-o-bom-o-mau-e-o-feio\/#primaryimage"},"thumbnailUrl":"https:\/\/radiolifefm.com.br\/noticias\/wp-content\/uploads\/2022\/04\/WhatsApp-Image-2022-04-10-at-18.43.02.jpeg","datePublished":"2025-07-14T10:23:12+00:00","dateModified":"2026-04-24T00:19:45+00:00","breadcrumb":{"@id":"https:\/\/radiolifefm.com.br\/noticias\/o-fim-da-trilogia-o-bom-o-mau-e-o-feio\/#breadcrumb"},"inLanguage":"pt-BR","potentialAction":[{"@type":"ReadAction","target":["https:\/\/radiolifefm.com.br\/noticias\/o-fim-da-trilogia-o-bom-o-mau-e-o-feio\/"]}]},{"@type":"ImageObject","inLanguage":"pt-BR","@id":"https:\/\/radiolifefm.com.br\/noticias\/o-fim-da-trilogia-o-bom-o-mau-e-o-feio\/#primaryimage","url":"https:\/\/radiolifefm.com.br\/noticias\/wp-content\/uploads\/2022\/04\/WhatsApp-Image-2022-04-10-at-18.43.02.jpeg","contentUrl":"https:\/\/radiolifefm.com.br\/noticias\/wp-content\/uploads\/2022\/04\/WhatsApp-Image-2022-04-10-at-18.43.02.jpeg","width":972,"height":1296,"caption":"S\u00e9rgio Barbosa"},{"@type":"BreadcrumbList","@id":"https:\/\/radiolifefm.com.br\/noticias\/o-fim-da-trilogia-o-bom-o-mau-e-o-feio\/#breadcrumb","itemListElement":[{"@type":"ListItem","position":1,"name":"In\u00edcio","item":"https:\/\/radiolifefm.com.br\/noticias\/"},{"@type":"ListItem","position":2,"name":"O FIM DA TRILOGIA: \u201cO BOM, O MAU E O FEIO\u201d"}]},{"@type":"WebSite","@id":"https:\/\/radiolifefm.com.br\/noticias\/#website","url":"https:\/\/radiolifefm.com.br\/noticias\/","name":"R\u00e1dio Life FM","description":"O Portal de Not\u00edcias de Adamantina","publisher":{"@id":"https:\/\/radiolifefm.com.br\/noticias\/#organization"},"alternateName":"Life FM","potentialAction":[{"@type":"SearchAction","target":{"@type":"EntryPoint","urlTemplate":"https:\/\/radiolifefm.com.br\/noticias\/?s={search_term_string}"},"query-input":{"@type":"PropertyValueSpecification","valueRequired":true,"valueName":"search_term_string"}}],"inLanguage":"pt-BR"},{"@type":"Organization","@id":"https:\/\/radiolifefm.com.br\/noticias\/#organization","name":"R\u00e1dio Life FM","alternateName":"Life FM","url":"https:\/\/radiolifefm.com.br\/noticias\/","logo":{"@type":"ImageObject","inLanguage":"pt-BR","@id":"https:\/\/radiolifefm.com.br\/noticias\/#\/schema\/logo\/image\/","url":"https:\/\/static.radiolifefm.com.br\/noticias\/wp-content\/uploads\/2019\/10\/logo-lifefm.png","contentUrl":"https:\/\/static.radiolifefm.com.br\/noticias\/wp-content\/uploads\/2019\/10\/logo-lifefm.png","width":196,"height":47,"caption":"R\u00e1dio Life FM"},"image":{"@id":"https:\/\/radiolifefm.com.br\/noticias\/#\/schema\/logo\/image\/"},"sameAs":["https:\/\/www.facebook.com\/radiolifefm\/","https:\/\/www.instagram.com\/life1079fm\/"]},{"@type":"Person","@id":"https:\/\/radiolifefm.com.br\/noticias\/#\/schema\/person\/6339b9fac59d12b071dec680d7375d87","name":"ritanery","image":{"@type":"ImageObject","inLanguage":"pt-BR","@id":"https:\/\/secure.gravatar.com\/avatar\/0e37bb19071f47c0b8a23f62a903df117c5a0e75f65a0c2901562f97cd41cf86?s=96&d=mm&r=g","url":"https:\/\/secure.gravatar.com\/avatar\/0e37bb19071f47c0b8a23f62a903df117c5a0e75f65a0c2901562f97cd41cf86?s=96&d=mm&r=g","contentUrl":"https:\/\/secure.gravatar.com\/avatar\/0e37bb19071f47c0b8a23f62a903df117c5a0e75f65a0c2901562f97cd41cf86?s=96&d=mm&r=g","caption":"ritanery"}}]}},"amp_enabled":true,"_links":{"self":[{"href":"https:\/\/radiolifefm.com.br\/noticias\/wp-json\/wp\/v2\/posts\/102925","targetHints":{"allow":["GET"]}}],"collection":[{"href":"https:\/\/radiolifefm.com.br\/noticias\/wp-json\/wp\/v2\/posts"}],"about":[{"href":"https:\/\/radiolifefm.com.br\/noticias\/wp-json\/wp\/v2\/types\/post"}],"author":[{"embeddable":true,"href":"https:\/\/radiolifefm.com.br\/noticias\/wp-json\/wp\/v2\/users\/13"}],"replies":[{"embeddable":true,"href":"https:\/\/radiolifefm.com.br\/noticias\/wp-json\/wp\/v2\/comments?post=102925"}],"version-history":[{"count":1,"href":"https:\/\/radiolifefm.com.br\/noticias\/wp-json\/wp\/v2\/posts\/102925\/revisions"}],"predecessor-version":[{"id":102926,"href":"https:\/\/radiolifefm.com.br\/noticias\/wp-json\/wp\/v2\/posts\/102925\/revisions\/102926"}],"wp:featuredmedia":[{"embeddable":true,"href":"https:\/\/radiolifefm.com.br\/noticias\/wp-json\/wp\/v2\/media\/51988"}],"wp:attachment":[{"href":"https:\/\/radiolifefm.com.br\/noticias\/wp-json\/wp\/v2\/media?parent=102925"}],"wp:term":[{"taxonomy":"category","embeddable":true,"href":"https:\/\/radiolifefm.com.br\/noticias\/wp-json\/wp\/v2\/categories?post=102925"},{"taxonomy":"post_tag","embeddable":true,"href":"https:\/\/radiolifefm.com.br\/noticias\/wp-json\/wp\/v2\/tags?post=102925"}],"curies":[{"name":"wp","href":"https:\/\/api.w.org\/{rel}","templated":true}]}}