{"id":102894,"date":"2025-07-11T08:30:05","date_gmt":"2025-07-11T11:30:05","guid":{"rendered":"https:\/\/radiolifefm.com.br\/noticias\/?p=102894"},"modified":"2026-04-17T07:34:39","modified_gmt":"2026-04-17T10:34:39","slug":"no-meio-da-trilogia-por-uns-dolares-a-mais","status":"publish","type":"post","link":"https:\/\/radiolifefm.com.br\/noticias\/no-meio-da-trilogia-por-uns-dolares-a-mais\/","title":{"rendered":"NO MEIO DA TRILOGIA: \u201cPOR UNS D\u00d3LARES A MAIS&#8230;\u201d"},"content":{"rendered":"<div id=\"fb-root\"><\/div>\n<p>\u201c\u00cdcone inspirador de uma gera\u00e7\u00e3o\u201d. (Roger Ebert) \/ \u201cTiro certeiro! Um western de primeira\u201d. (Dally Variety)<\/p>\n<p>By seb@r.<\/p>\n<p>Nas paisagens \u00e1ridas de um povoado perdido no meio do deserto, ainda, daqueles lugarejos com o nome quase apagado de uma placa qualquer em meio \u00e0 ventania do tempo em meio ao tempo, cen\u00e1rio mais do que prop\u00edcio para o desenrolar o drama de uma trama do \u201cfaroeste spagghetti\u201d do diretor de cinema S\u00c9RGIO LEONE.<\/p>\n<p>A presen\u00e7a do \u201cHomem Sem Nome\u201d na figura emblem\u00e1tica de CLINT EASTWOOD dem de encontro \u00e0 proposta da trilogia em pauta, o in\u00edcio com o filme POR UM PUNHADO DE D\u00d2LARES e neste meio do caminho com o meio pela maestria de POR UNS D\u00d3LARES A MAIS e o fim com O BOM, O MAU E O FEIO e\/ou TR\u00caS HOMENS EM CONFLITO.<\/p>\n<p>Neste encontro mais do que marcado pelo desencontro do momento, registra-se a presen\u00e7a de LEE VAN CLEEF como \u201cCoronel Mortimer\u201d para fazer a diferen\u00e7a entre dois ou mais lados de uma mesma moeda pelos acordos nada acordados entre os denominados \u201cca\u00e7adores de recompensas\u201d no velho oeste&#8230;<\/p>\n<p>Como sempre, existem outras possibilidades para as poucas personagens deste desencontro nas terras de um oeste qualquer, destoando neste cen\u00e1rio outros personagens para dar o toque ao drama, neste caso, um filme considerado o marco divisor entre o que era produzido antes da performance na dire\u00e7\u00e3o de S\u00c9RGIO LEONE e o depois, ainda, estamos no ano de 1.965, a d\u00e9cada onde tudo aconteceu para um mundo em transforma\u00e7\u00e3o.<\/p>\n<p>Tornam-se mais do que importante, dependendo do interesse pela \u201cs\u00e9tima arte\u201d, as observa\u00e7\u00f5es sobre os detalhes deste ou daquele filme em pauta, por\u00e9m, continua a m\u00e1xima de sempre, ou seja, \u201ca c\u00e9sar o que \u00e9 de c\u00e9sar\u201d.<\/p>\n<p>No quesito \u201cfaroeste spagghetti\u201d, o in\u00edcio da trilogia deste registro cinematogr\u00e1fico vem de encontro ao momento solene que o diretor estava buscando para colocar a sua \u201cmarca registrada\u201d com o toque sutil no olhar enigm\u00e1tico do \u201ccavaleiro sem nome\u201d CLINT EASTWOOD, al\u00e9m da alian\u00e7a em busca da mesma recompensa com LEE VAN CLEEF em POR UNS D\u00d3LARES A MAIS&#8230;<\/p>\n<p>A trilha sonora do filme \u00e9 outra marca registrada e traz a assinatura do maestro ENNIO MORRICONE, al\u00e9m do roteiro de LUCIANO VINCENZONI, desta forma, completa a equipe de ponta do filme, demarcando o in\u00edcio da trilogia com POR UM PUNHADO DE D\u00d3LARES e apresentando o meio da proposta com POR UNS D\u00d3LARES A MAIS na busca do fim que ser\u00e1 o amanh\u00e3 desta proposta cinematogr\u00e1fica de um diretor que sempre esteve \u00e0 frente do seu tempo&#8230;<\/p>\n<p>AVE SERGIO LEONE! AVE ENNIO MORRICONE! AVE LEE VAN CLEEF!<\/p>\n<p>AVE CLINT EASTWOOD!<\/p>\n<p>AVE POR UNS D\u00d3LARES A MAIS!<\/p>\n<p>_____________________________________<\/p>\n<p>e-mail: barbosa.sebar@gmail.com<\/p>\n<p>&nbsp;<\/p>\n<p>&nbsp;<\/p>\n<p>&nbsp;<\/p>\n<p>&nbsp;<\/p>\n<p>&nbsp;<\/p>\n","protected":false},"excerpt":{"rendered":"<p>\u201c\u00cdcone inspirador de uma gera\u00e7\u00e3o\u201d. (Roger Ebert) \/ \u201cTiro certeiro! Um western de primeira\u201d. (Dally Variety) By seb@r. Nas paisagens \u00e1ridas de um povoado perdido no meio do deserto, ainda, daqueles lugarejos com o nome quase apagado de uma placa qualquer em meio \u00e0 ventania do tempo em meio ao tempo, cen\u00e1rio mais do que [&hellip;]<\/p>\n","protected":false},"author":13,"featured_media":51988,"comment_status":"closed","ping_status":"open","sticky":false,"template":"","format":"standard","meta":{"_acf_changed":false,"_exactmetrics_skip_tracking":false,"_exactmetrics_sitenote_active":false,"_exactmetrics_sitenote_note":"","_exactmetrics_sitenote_category":0,"footnotes":""},"categories":[59],"tags":[],"class_list":["post-102894","post","type-post","status-publish","format-standard","has-post-thumbnail","hentry","category-opiniao"],"acf":[],"yoast_head":"<!-- This site is optimized with the Yoast SEO plugin v27.2 - https:\/\/yoast.com\/product\/yoast-seo-wordpress\/ -->\n<title>NO MEIO DA TRILOGIA: \u201cPOR UNS D\u00d3LARES A MAIS...\u201d - R\u00e1dio Life FM<\/title>\n<meta name=\"robots\" content=\"index, follow, max-snippet:-1, max-image-preview:large, max-video-preview:-1\" \/>\n<link rel=\"canonical\" href=\"https:\/\/radiolifefm.com.br\/noticias\/no-meio-da-trilogia-por-uns-dolares-a-mais\/\" \/>\n<meta property=\"og:locale\" content=\"pt_BR\" \/>\n<meta property=\"og:type\" content=\"article\" \/>\n<meta property=\"og:title\" content=\"NO MEIO DA TRILOGIA: \u201cPOR UNS D\u00d3LARES A MAIS...\u201d - R\u00e1dio Life FM\" \/>\n<meta property=\"og:description\" content=\"\u201c\u00cdcone inspirador de uma gera\u00e7\u00e3o\u201d. (Roger Ebert) \/ \u201cTiro certeiro! Um western de primeira\u201d. (Dally Variety) By seb@r. Nas paisagens \u00e1ridas de um povoado perdido no meio do deserto, ainda, daqueles lugarejos com o nome quase apagado de uma placa qualquer em meio \u00e0 ventania do tempo em meio ao tempo, cen\u00e1rio mais do que [&hellip;]\" \/>\n<meta property=\"og:url\" content=\"https:\/\/radiolifefm.com.br\/noticias\/no-meio-da-trilogia-por-uns-dolares-a-mais\/\" \/>\n<meta property=\"og:site_name\" content=\"R\u00e1dio Life FM\" \/>\n<meta property=\"article:publisher\" content=\"https:\/\/www.facebook.com\/radiolifefm\/\" \/>\n<meta property=\"article:published_time\" content=\"2025-07-11T11:30:05+00:00\" \/>\n<meta property=\"article:modified_time\" content=\"2026-04-17T10:34:39+00:00\" \/>\n<meta property=\"og:image\" content=\"https:\/\/radiolifefm.com.br\/noticias\/wp-content\/uploads\/2022\/04\/WhatsApp-Image-2022-04-10-at-18.43.02.jpeg\" \/>\n\t<meta property=\"og:image:width\" content=\"972\" \/>\n\t<meta property=\"og:image:height\" content=\"1296\" \/>\n\t<meta property=\"og:image:type\" content=\"image\/jpeg\" \/>\n<meta name=\"author\" content=\"ritanery\" \/>\n<meta name=\"twitter:card\" content=\"summary_large_image\" \/>\n<meta name=\"twitter:label1\" content=\"Escrito por\" \/>\n\t<meta name=\"twitter:data1\" content=\"ritanery\" \/>\n\t<meta name=\"twitter:label2\" content=\"Est. tempo de leitura\" \/>\n\t<meta name=\"twitter:data2\" content=\"3 minutos\" \/>\n<script type=\"application\/ld+json\" class=\"yoast-schema-graph\">{\"@context\":\"https:\/\/schema.org\",\"@graph\":[{\"@type\":\"Article\",\"@id\":\"https:\/\/radiolifefm.com.br\/noticias\/no-meio-da-trilogia-por-uns-dolares-a-mais\/#article\",\"isPartOf\":{\"@id\":\"https:\/\/radiolifefm.com.br\/noticias\/no-meio-da-trilogia-por-uns-dolares-a-mais\/\"},\"author\":{\"name\":\"ritanery\",\"@id\":\"https:\/\/radiolifefm.com.br\/noticias\/#\/schema\/person\/6339b9fac59d12b071dec680d7375d87\"},\"headline\":\"NO MEIO DA TRILOGIA: \u201cPOR UNS D\u00d3LARES A MAIS&#8230;\u201d\",\"datePublished\":\"2025-07-11T11:30:05+00:00\",\"dateModified\":\"2026-04-17T10:34:39+00:00\",\"mainEntityOfPage\":{\"@id\":\"https:\/\/radiolifefm.com.br\/noticias\/no-meio-da-trilogia-por-uns-dolares-a-mais\/\"},\"wordCount\":493,\"publisher\":{\"@id\":\"https:\/\/radiolifefm.com.br\/noticias\/#organization\"},\"image\":{\"@id\":\"https:\/\/radiolifefm.com.br\/noticias\/no-meio-da-trilogia-por-uns-dolares-a-mais\/#primaryimage\"},\"thumbnailUrl\":\"https:\/\/radiolifefm.com.br\/noticias\/wp-content\/uploads\/2022\/04\/WhatsApp-Image-2022-04-10-at-18.43.02.jpeg\",\"articleSection\":[\"Opini\u00e3o\"],\"inLanguage\":\"pt-BR\"},{\"@type\":\"WebPage\",\"@id\":\"https:\/\/radiolifefm.com.br\/noticias\/no-meio-da-trilogia-por-uns-dolares-a-mais\/\",\"url\":\"https:\/\/radiolifefm.com.br\/noticias\/no-meio-da-trilogia-por-uns-dolares-a-mais\/\",\"name\":\"NO MEIO DA TRILOGIA: \u201cPOR UNS D\u00d3LARES A MAIS...\u201d - R\u00e1dio Life FM\",\"isPartOf\":{\"@id\":\"https:\/\/radiolifefm.com.br\/noticias\/#website\"},\"primaryImageOfPage\":{\"@id\":\"https:\/\/radiolifefm.com.br\/noticias\/no-meio-da-trilogia-por-uns-dolares-a-mais\/#primaryimage\"},\"image\":{\"@id\":\"https:\/\/radiolifefm.com.br\/noticias\/no-meio-da-trilogia-por-uns-dolares-a-mais\/#primaryimage\"},\"thumbnailUrl\":\"https:\/\/radiolifefm.com.br\/noticias\/wp-content\/uploads\/2022\/04\/WhatsApp-Image-2022-04-10-at-18.43.02.jpeg\",\"datePublished\":\"2025-07-11T11:30:05+00:00\",\"dateModified\":\"2026-04-17T10:34:39+00:00\",\"breadcrumb\":{\"@id\":\"https:\/\/radiolifefm.com.br\/noticias\/no-meio-da-trilogia-por-uns-dolares-a-mais\/#breadcrumb\"},\"inLanguage\":\"pt-BR\",\"potentialAction\":[{\"@type\":\"ReadAction\",\"target\":[\"https:\/\/radiolifefm.com.br\/noticias\/no-meio-da-trilogia-por-uns-dolares-a-mais\/\"]}]},{\"@type\":\"ImageObject\",\"inLanguage\":\"pt-BR\",\"@id\":\"https:\/\/radiolifefm.com.br\/noticias\/no-meio-da-trilogia-por-uns-dolares-a-mais\/#primaryimage\",\"url\":\"https:\/\/radiolifefm.com.br\/noticias\/wp-content\/uploads\/2022\/04\/WhatsApp-Image-2022-04-10-at-18.43.02.jpeg\",\"contentUrl\":\"https:\/\/radiolifefm.com.br\/noticias\/wp-content\/uploads\/2022\/04\/WhatsApp-Image-2022-04-10-at-18.43.02.jpeg\",\"width\":972,\"height\":1296,\"caption\":\"S\u00e9rgio Barbosa\"},{\"@type\":\"BreadcrumbList\",\"@id\":\"https:\/\/radiolifefm.com.br\/noticias\/no-meio-da-trilogia-por-uns-dolares-a-mais\/#breadcrumb\",\"itemListElement\":[{\"@type\":\"ListItem\",\"position\":1,\"name\":\"In\u00edcio\",\"item\":\"https:\/\/radiolifefm.com.br\/noticias\/\"},{\"@type\":\"ListItem\",\"position\":2,\"name\":\"NO MEIO DA TRILOGIA: \u201cPOR UNS D\u00d3LARES A MAIS&#8230;\u201d\"}]},{\"@type\":\"WebSite\",\"@id\":\"https:\/\/radiolifefm.com.br\/noticias\/#website\",\"url\":\"https:\/\/radiolifefm.com.br\/noticias\/\",\"name\":\"R\u00e1dio Life FM\",\"description\":\"O Portal de Not\u00edcias de Adamantina\",\"publisher\":{\"@id\":\"https:\/\/radiolifefm.com.br\/noticias\/#organization\"},\"alternateName\":\"Life FM\",\"potentialAction\":[{\"@type\":\"SearchAction\",\"target\":{\"@type\":\"EntryPoint\",\"urlTemplate\":\"https:\/\/radiolifefm.com.br\/noticias\/?s={search_term_string}\"},\"query-input\":{\"@type\":\"PropertyValueSpecification\",\"valueRequired\":true,\"valueName\":\"search_term_string\"}}],\"inLanguage\":\"pt-BR\"},{\"@type\":\"Organization\",\"@id\":\"https:\/\/radiolifefm.com.br\/noticias\/#organization\",\"name\":\"R\u00e1dio Life FM\",\"alternateName\":\"Life FM\",\"url\":\"https:\/\/radiolifefm.com.br\/noticias\/\",\"logo\":{\"@type\":\"ImageObject\",\"inLanguage\":\"pt-BR\",\"@id\":\"https:\/\/radiolifefm.com.br\/noticias\/#\/schema\/logo\/image\/\",\"url\":\"https:\/\/static.radiolifefm.com.br\/noticias\/wp-content\/uploads\/2019\/10\/logo-lifefm.png\",\"contentUrl\":\"https:\/\/static.radiolifefm.com.br\/noticias\/wp-content\/uploads\/2019\/10\/logo-lifefm.png\",\"width\":196,\"height\":47,\"caption\":\"R\u00e1dio Life FM\"},\"image\":{\"@id\":\"https:\/\/radiolifefm.com.br\/noticias\/#\/schema\/logo\/image\/\"},\"sameAs\":[\"https:\/\/www.facebook.com\/radiolifefm\/\",\"https:\/\/www.instagram.com\/life1079fm\/\"]},{\"@type\":\"Person\",\"@id\":\"https:\/\/radiolifefm.com.br\/noticias\/#\/schema\/person\/6339b9fac59d12b071dec680d7375d87\",\"name\":\"ritanery\",\"image\":{\"@type\":\"ImageObject\",\"inLanguage\":\"pt-BR\",\"@id\":\"https:\/\/secure.gravatar.com\/avatar\/0e37bb19071f47c0b8a23f62a903df117c5a0e75f65a0c2901562f97cd41cf86?s=96&d=mm&r=g\",\"url\":\"https:\/\/secure.gravatar.com\/avatar\/0e37bb19071f47c0b8a23f62a903df117c5a0e75f65a0c2901562f97cd41cf86?s=96&d=mm&r=g\",\"contentUrl\":\"https:\/\/secure.gravatar.com\/avatar\/0e37bb19071f47c0b8a23f62a903df117c5a0e75f65a0c2901562f97cd41cf86?s=96&d=mm&r=g\",\"caption\":\"ritanery\"}}]}<\/script>\n<!-- \/ Yoast SEO plugin. -->","yoast_head_json":{"title":"NO MEIO DA TRILOGIA: \u201cPOR UNS D\u00d3LARES A MAIS...\u201d - R\u00e1dio Life FM","robots":{"index":"index","follow":"follow","max-snippet":"max-snippet:-1","max-image-preview":"max-image-preview:large","max-video-preview":"max-video-preview:-1"},"canonical":"https:\/\/radiolifefm.com.br\/noticias\/no-meio-da-trilogia-por-uns-dolares-a-mais\/","og_locale":"pt_BR","og_type":"article","og_title":"NO MEIO DA TRILOGIA: \u201cPOR UNS D\u00d3LARES A MAIS...\u201d - R\u00e1dio Life FM","og_description":"\u201c\u00cdcone inspirador de uma gera\u00e7\u00e3o\u201d. (Roger Ebert) \/ \u201cTiro certeiro! Um western de primeira\u201d. (Dally Variety) By seb@r. Nas paisagens \u00e1ridas de um povoado perdido no meio do deserto, ainda, daqueles lugarejos com o nome quase apagado de uma placa qualquer em meio \u00e0 ventania do tempo em meio ao tempo, cen\u00e1rio mais do que [&hellip;]","og_url":"https:\/\/radiolifefm.com.br\/noticias\/no-meio-da-trilogia-por-uns-dolares-a-mais\/","og_site_name":"R\u00e1dio Life FM","article_publisher":"https:\/\/www.facebook.com\/radiolifefm\/","article_published_time":"2025-07-11T11:30:05+00:00","article_modified_time":"2026-04-17T10:34:39+00:00","og_image":[{"width":972,"height":1296,"url":"https:\/\/radiolifefm.com.br\/noticias\/wp-content\/uploads\/2022\/04\/WhatsApp-Image-2022-04-10-at-18.43.02.jpeg","type":"image\/jpeg"}],"author":"ritanery","twitter_card":"summary_large_image","twitter_misc":{"Escrito por":"ritanery","Est. tempo de leitura":"3 minutos"},"schema":{"@context":"https:\/\/schema.org","@graph":[{"@type":"Article","@id":"https:\/\/radiolifefm.com.br\/noticias\/no-meio-da-trilogia-por-uns-dolares-a-mais\/#article","isPartOf":{"@id":"https:\/\/radiolifefm.com.br\/noticias\/no-meio-da-trilogia-por-uns-dolares-a-mais\/"},"author":{"name":"ritanery","@id":"https:\/\/radiolifefm.com.br\/noticias\/#\/schema\/person\/6339b9fac59d12b071dec680d7375d87"},"headline":"NO MEIO DA TRILOGIA: \u201cPOR UNS D\u00d3LARES A MAIS&#8230;\u201d","datePublished":"2025-07-11T11:30:05+00:00","dateModified":"2026-04-17T10:34:39+00:00","mainEntityOfPage":{"@id":"https:\/\/radiolifefm.com.br\/noticias\/no-meio-da-trilogia-por-uns-dolares-a-mais\/"},"wordCount":493,"publisher":{"@id":"https:\/\/radiolifefm.com.br\/noticias\/#organization"},"image":{"@id":"https:\/\/radiolifefm.com.br\/noticias\/no-meio-da-trilogia-por-uns-dolares-a-mais\/#primaryimage"},"thumbnailUrl":"https:\/\/radiolifefm.com.br\/noticias\/wp-content\/uploads\/2022\/04\/WhatsApp-Image-2022-04-10-at-18.43.02.jpeg","articleSection":["Opini\u00e3o"],"inLanguage":"pt-BR"},{"@type":"WebPage","@id":"https:\/\/radiolifefm.com.br\/noticias\/no-meio-da-trilogia-por-uns-dolares-a-mais\/","url":"https:\/\/radiolifefm.com.br\/noticias\/no-meio-da-trilogia-por-uns-dolares-a-mais\/","name":"NO MEIO DA TRILOGIA: \u201cPOR UNS D\u00d3LARES A MAIS...\u201d - R\u00e1dio Life FM","isPartOf":{"@id":"https:\/\/radiolifefm.com.br\/noticias\/#website"},"primaryImageOfPage":{"@id":"https:\/\/radiolifefm.com.br\/noticias\/no-meio-da-trilogia-por-uns-dolares-a-mais\/#primaryimage"},"image":{"@id":"https:\/\/radiolifefm.com.br\/noticias\/no-meio-da-trilogia-por-uns-dolares-a-mais\/#primaryimage"},"thumbnailUrl":"https:\/\/radiolifefm.com.br\/noticias\/wp-content\/uploads\/2022\/04\/WhatsApp-Image-2022-04-10-at-18.43.02.jpeg","datePublished":"2025-07-11T11:30:05+00:00","dateModified":"2026-04-17T10:34:39+00:00","breadcrumb":{"@id":"https:\/\/radiolifefm.com.br\/noticias\/no-meio-da-trilogia-por-uns-dolares-a-mais\/#breadcrumb"},"inLanguage":"pt-BR","potentialAction":[{"@type":"ReadAction","target":["https:\/\/radiolifefm.com.br\/noticias\/no-meio-da-trilogia-por-uns-dolares-a-mais\/"]}]},{"@type":"ImageObject","inLanguage":"pt-BR","@id":"https:\/\/radiolifefm.com.br\/noticias\/no-meio-da-trilogia-por-uns-dolares-a-mais\/#primaryimage","url":"https:\/\/radiolifefm.com.br\/noticias\/wp-content\/uploads\/2022\/04\/WhatsApp-Image-2022-04-10-at-18.43.02.jpeg","contentUrl":"https:\/\/radiolifefm.com.br\/noticias\/wp-content\/uploads\/2022\/04\/WhatsApp-Image-2022-04-10-at-18.43.02.jpeg","width":972,"height":1296,"caption":"S\u00e9rgio Barbosa"},{"@type":"BreadcrumbList","@id":"https:\/\/radiolifefm.com.br\/noticias\/no-meio-da-trilogia-por-uns-dolares-a-mais\/#breadcrumb","itemListElement":[{"@type":"ListItem","position":1,"name":"In\u00edcio","item":"https:\/\/radiolifefm.com.br\/noticias\/"},{"@type":"ListItem","position":2,"name":"NO MEIO DA TRILOGIA: \u201cPOR UNS D\u00d3LARES A MAIS&#8230;\u201d"}]},{"@type":"WebSite","@id":"https:\/\/radiolifefm.com.br\/noticias\/#website","url":"https:\/\/radiolifefm.com.br\/noticias\/","name":"R\u00e1dio Life FM","description":"O Portal de Not\u00edcias de Adamantina","publisher":{"@id":"https:\/\/radiolifefm.com.br\/noticias\/#organization"},"alternateName":"Life FM","potentialAction":[{"@type":"SearchAction","target":{"@type":"EntryPoint","urlTemplate":"https:\/\/radiolifefm.com.br\/noticias\/?s={search_term_string}"},"query-input":{"@type":"PropertyValueSpecification","valueRequired":true,"valueName":"search_term_string"}}],"inLanguage":"pt-BR"},{"@type":"Organization","@id":"https:\/\/radiolifefm.com.br\/noticias\/#organization","name":"R\u00e1dio Life FM","alternateName":"Life FM","url":"https:\/\/radiolifefm.com.br\/noticias\/","logo":{"@type":"ImageObject","inLanguage":"pt-BR","@id":"https:\/\/radiolifefm.com.br\/noticias\/#\/schema\/logo\/image\/","url":"https:\/\/static.radiolifefm.com.br\/noticias\/wp-content\/uploads\/2019\/10\/logo-lifefm.png","contentUrl":"https:\/\/static.radiolifefm.com.br\/noticias\/wp-content\/uploads\/2019\/10\/logo-lifefm.png","width":196,"height":47,"caption":"R\u00e1dio Life FM"},"image":{"@id":"https:\/\/radiolifefm.com.br\/noticias\/#\/schema\/logo\/image\/"},"sameAs":["https:\/\/www.facebook.com\/radiolifefm\/","https:\/\/www.instagram.com\/life1079fm\/"]},{"@type":"Person","@id":"https:\/\/radiolifefm.com.br\/noticias\/#\/schema\/person\/6339b9fac59d12b071dec680d7375d87","name":"ritanery","image":{"@type":"ImageObject","inLanguage":"pt-BR","@id":"https:\/\/secure.gravatar.com\/avatar\/0e37bb19071f47c0b8a23f62a903df117c5a0e75f65a0c2901562f97cd41cf86?s=96&d=mm&r=g","url":"https:\/\/secure.gravatar.com\/avatar\/0e37bb19071f47c0b8a23f62a903df117c5a0e75f65a0c2901562f97cd41cf86?s=96&d=mm&r=g","contentUrl":"https:\/\/secure.gravatar.com\/avatar\/0e37bb19071f47c0b8a23f62a903df117c5a0e75f65a0c2901562f97cd41cf86?s=96&d=mm&r=g","caption":"ritanery"}}]}},"amp_enabled":true,"_links":{"self":[{"href":"https:\/\/radiolifefm.com.br\/noticias\/wp-json\/wp\/v2\/posts\/102894","targetHints":{"allow":["GET"]}}],"collection":[{"href":"https:\/\/radiolifefm.com.br\/noticias\/wp-json\/wp\/v2\/posts"}],"about":[{"href":"https:\/\/radiolifefm.com.br\/noticias\/wp-json\/wp\/v2\/types\/post"}],"author":[{"embeddable":true,"href":"https:\/\/radiolifefm.com.br\/noticias\/wp-json\/wp\/v2\/users\/13"}],"replies":[{"embeddable":true,"href":"https:\/\/radiolifefm.com.br\/noticias\/wp-json\/wp\/v2\/comments?post=102894"}],"version-history":[{"count":1,"href":"https:\/\/radiolifefm.com.br\/noticias\/wp-json\/wp\/v2\/posts\/102894\/revisions"}],"predecessor-version":[{"id":102895,"href":"https:\/\/radiolifefm.com.br\/noticias\/wp-json\/wp\/v2\/posts\/102894\/revisions\/102895"}],"wp:featuredmedia":[{"embeddable":true,"href":"https:\/\/radiolifefm.com.br\/noticias\/wp-json\/wp\/v2\/media\/51988"}],"wp:attachment":[{"href":"https:\/\/radiolifefm.com.br\/noticias\/wp-json\/wp\/v2\/media?parent=102894"}],"wp:term":[{"taxonomy":"category","embeddable":true,"href":"https:\/\/radiolifefm.com.br\/noticias\/wp-json\/wp\/v2\/categories?post=102894"},{"taxonomy":"post_tag","embeddable":true,"href":"https:\/\/radiolifefm.com.br\/noticias\/wp-json\/wp\/v2\/tags?post=102894"}],"curies":[{"name":"wp","href":"https:\/\/api.w.org\/{rel}","templated":true}]}}