{"id":102793,"date":"2025-07-08T07:28:30","date_gmt":"2025-07-08T10:28:30","guid":{"rendered":"https:\/\/radiolifefm.com.br\/noticias\/?p=102793"},"modified":"2026-04-01T12:18:16","modified_gmt":"2026-04-01T15:18:16","slug":"defesa-civil-alerta-para-queda-de-temperatura-no-estado-de-sao-paulo","status":"publish","type":"post","link":"https:\/\/radiolifefm.com.br\/noticias\/defesa-civil-alerta-para-queda-de-temperatura-no-estado-de-sao-paulo\/","title":{"rendered":"Defesa Civil alerta para queda de temperatura no estado de S\u00e3o Paulo"},"content":{"rendered":"<div id=\"fb-root\"><\/div>\n<p><strong>As temperaturas devem voltar a cair em todo o estado de S\u00e3o Paulo entre esta segunda-feira (7) e a pr\u00f3xima sexta-feira (11).<\/strong> Segundo a Defesa Civil do Estado de S\u00e3o Paulo, a\u00a0perman\u00eancia de uma massa de ar frio sobre o territ\u00f3rio paulista pode provocar queda significativa tanto nas temperaturas m\u00ednimas quanto m\u00e1ximas.\u00a0<img decoding=\"async\" src=\"https:\/\/agenciabrasil.ebc.com.br\/ebc.png?id=1649944&amp;o=node\" \/><img decoding=\"async\" src=\"https:\/\/agenciabrasil.ebc.com.br\/ebc.gif?id=1649944&amp;o=node\" \/><\/p>\n<p><strong>A m\u00ednima pode chegar a 6\u00b0C nas regi\u00f5es da Serra da Mantiqueira, Vale do Ribeira e Itapeva <\/strong>e alcan\u00e7ar 8\u00b0C nas regi\u00f5es do Vale do Para\u00edba, Sorocaba, Campinas, Bauru e Araraquara. J\u00e1 na regi\u00e3o metropolitana de S\u00e3o Paulo e nas regi\u00f5es de Presidente Prudente e Mar\u00edlia, a m\u00ednima pode chegar a 9\u00b0C.<\/p>\n<p>No litoral paulista, tanto na Baixada Santista quanto no Litoral Norte, a temperatura m\u00ednima pode chegar a 14\u00b0C. J\u00e1 nas regi\u00f5es de Ara\u00e7atuba e S\u00e3o Jos\u00e9 do Rio Preto, a m\u00ednima deve ser de 11\u00b0.<\/p>\n<p>Por causa da queda na temperatura durante esta semana no estado, <strong>a Defesa Civil est\u00e1 refor\u00e7ando a necessidade de se dar uma aten\u00e7\u00e3o especial para as popula\u00e7\u00f5es mais vulner\u00e1veis como idosos, crian\u00e7as e pessoas com problemas de sa\u00fade e em situa\u00e7\u00e3o de rua<\/strong>, que s\u00e3o as mais suscet\u00edveis aos efeitos do frio intenso.<\/p>\n<p><strong>A recomenda\u00e7\u00e3o do \u00f3rg\u00e3o \u00e9 para que a popula\u00e7\u00e3o redobre seus cuidados com agasalho e hidrata\u00e7\u00e3o e mantenha os ambientes com uma ventila\u00e7\u00e3o adequada.<\/strong><\/p>\n<p>&nbsp;<\/p>\n<p>&nbsp;<\/p>\n<p>Fonte: Agencia Brasil<\/p>\n","protected":false},"excerpt":{"rendered":"<p>As temperaturas devem voltar a cair em todo o estado de S\u00e3o Paulo entre esta segunda-feira (7) e a pr\u00f3xima sexta-feira (11). Segundo a Defesa Civil do Estado de S\u00e3o Paulo, a\u00a0perman\u00eancia de uma massa de ar frio sobre o territ\u00f3rio paulista pode provocar queda significativa tanto nas temperaturas m\u00ednimas quanto m\u00e1ximas.\u00a0 A m\u00ednima pode [&hellip;]<\/p>\n","protected":false},"author":13,"featured_media":102795,"comment_status":"closed","ping_status":"open","sticky":false,"template":"","format":"standard","meta":{"_acf_changed":false,"_exactmetrics_skip_tracking":false,"_exactmetrics_sitenote_active":false,"_exactmetrics_sitenote_note":"","_exactmetrics_sitenote_category":0,"footnotes":""},"categories":[1],"tags":[],"class_list":["post-102793","post","type-post","status-publish","format-standard","has-post-thumbnail","hentry","category-geral"],"acf":[],"yoast_head":"<!-- This site is optimized with the Yoast SEO plugin v27.2 - https:\/\/yoast.com\/product\/yoast-seo-wordpress\/ -->\n<title>Defesa Civil alerta para queda de temperatura no estado de S\u00e3o Paulo - R\u00e1dio Life FM<\/title>\n<meta name=\"robots\" content=\"index, follow, max-snippet:-1, max-image-preview:large, max-video-preview:-1\" \/>\n<link rel=\"canonical\" href=\"https:\/\/radiolifefm.com.br\/noticias\/defesa-civil-alerta-para-queda-de-temperatura-no-estado-de-sao-paulo\/\" \/>\n<meta property=\"og:locale\" content=\"pt_BR\" \/>\n<meta property=\"og:type\" content=\"article\" \/>\n<meta property=\"og:title\" content=\"Defesa Civil alerta para queda de temperatura no estado de S\u00e3o Paulo - R\u00e1dio Life FM\" \/>\n<meta property=\"og:description\" content=\"As temperaturas devem voltar a cair em todo o estado de S\u00e3o Paulo entre esta segunda-feira (7) e a pr\u00f3xima sexta-feira (11). Segundo a Defesa Civil do Estado de S\u00e3o Paulo, a\u00a0perman\u00eancia de uma massa de ar frio sobre o territ\u00f3rio paulista pode provocar queda significativa tanto nas temperaturas m\u00ednimas quanto m\u00e1ximas.\u00a0 A m\u00ednima pode [&hellip;]\" \/>\n<meta property=\"og:url\" content=\"https:\/\/radiolifefm.com.br\/noticias\/defesa-civil-alerta-para-queda-de-temperatura-no-estado-de-sao-paulo\/\" \/>\n<meta property=\"og:site_name\" content=\"R\u00e1dio Life FM\" \/>\n<meta property=\"article:publisher\" content=\"https:\/\/www.facebook.com\/radiolifefm\/\" \/>\n<meta property=\"article:published_time\" content=\"2025-07-08T10:28:30+00:00\" \/>\n<meta property=\"article:modified_time\" content=\"2026-04-01T15:18:16+00:00\" \/>\n<meta property=\"og:image\" content=\"https:\/\/radiolifefm.com.br\/noticias\/wp-content\/uploads\/2025\/07\/IMG-20250708-WA0084.jpg\" \/>\n\t<meta property=\"og:image:width\" content=\"600\" \/>\n\t<meta property=\"og:image:height\" content=\"337\" \/>\n\t<meta property=\"og:image:type\" content=\"image\/jpeg\" \/>\n<meta name=\"author\" content=\"ritanery\" \/>\n<meta name=\"twitter:card\" content=\"summary_large_image\" \/>\n<meta name=\"twitter:label1\" content=\"Escrito por\" \/>\n\t<meta name=\"twitter:data1\" content=\"ritanery\" \/>\n\t<meta name=\"twitter:label2\" content=\"Est. tempo de leitura\" \/>\n\t<meta name=\"twitter:data2\" content=\"2 minutos\" \/>\n<script type=\"application\/ld+json\" class=\"yoast-schema-graph\">{\"@context\":\"https:\/\/schema.org\",\"@graph\":[{\"@type\":\"Article\",\"@id\":\"https:\/\/radiolifefm.com.br\/noticias\/defesa-civil-alerta-para-queda-de-temperatura-no-estado-de-sao-paulo\/#article\",\"isPartOf\":{\"@id\":\"https:\/\/radiolifefm.com.br\/noticias\/defesa-civil-alerta-para-queda-de-temperatura-no-estado-de-sao-paulo\/\"},\"author\":{\"name\":\"ritanery\",\"@id\":\"https:\/\/radiolifefm.com.br\/noticias\/#\/schema\/person\/6339b9fac59d12b071dec680d7375d87\"},\"headline\":\"Defesa Civil alerta para queda de temperatura no estado de S\u00e3o Paulo\",\"datePublished\":\"2025-07-08T10:28:30+00:00\",\"dateModified\":\"2026-04-01T15:18:16+00:00\",\"mainEntityOfPage\":{\"@id\":\"https:\/\/radiolifefm.com.br\/noticias\/defesa-civil-alerta-para-queda-de-temperatura-no-estado-de-sao-paulo\/\"},\"wordCount\":267,\"publisher\":{\"@id\":\"https:\/\/radiolifefm.com.br\/noticias\/#organization\"},\"image\":{\"@id\":\"https:\/\/radiolifefm.com.br\/noticias\/defesa-civil-alerta-para-queda-de-temperatura-no-estado-de-sao-paulo\/#primaryimage\"},\"thumbnailUrl\":\"https:\/\/radiolifefm.com.br\/noticias\/wp-content\/uploads\/2025\/07\/IMG-20250708-WA0084.jpg\",\"articleSection\":[\"Geral\"],\"inLanguage\":\"pt-BR\"},{\"@type\":\"WebPage\",\"@id\":\"https:\/\/radiolifefm.com.br\/noticias\/defesa-civil-alerta-para-queda-de-temperatura-no-estado-de-sao-paulo\/\",\"url\":\"https:\/\/radiolifefm.com.br\/noticias\/defesa-civil-alerta-para-queda-de-temperatura-no-estado-de-sao-paulo\/\",\"name\":\"Defesa Civil alerta para queda de temperatura no estado de S\u00e3o Paulo - R\u00e1dio Life FM\",\"isPartOf\":{\"@id\":\"https:\/\/radiolifefm.com.br\/noticias\/#website\"},\"primaryImageOfPage\":{\"@id\":\"https:\/\/radiolifefm.com.br\/noticias\/defesa-civil-alerta-para-queda-de-temperatura-no-estado-de-sao-paulo\/#primaryimage\"},\"image\":{\"@id\":\"https:\/\/radiolifefm.com.br\/noticias\/defesa-civil-alerta-para-queda-de-temperatura-no-estado-de-sao-paulo\/#primaryimage\"},\"thumbnailUrl\":\"https:\/\/radiolifefm.com.br\/noticias\/wp-content\/uploads\/2025\/07\/IMG-20250708-WA0084.jpg\",\"datePublished\":\"2025-07-08T10:28:30+00:00\",\"dateModified\":\"2026-04-01T15:18:16+00:00\",\"breadcrumb\":{\"@id\":\"https:\/\/radiolifefm.com.br\/noticias\/defesa-civil-alerta-para-queda-de-temperatura-no-estado-de-sao-paulo\/#breadcrumb\"},\"inLanguage\":\"pt-BR\",\"potentialAction\":[{\"@type\":\"ReadAction\",\"target\":[\"https:\/\/radiolifefm.com.br\/noticias\/defesa-civil-alerta-para-queda-de-temperatura-no-estado-de-sao-paulo\/\"]}]},{\"@type\":\"ImageObject\",\"inLanguage\":\"pt-BR\",\"@id\":\"https:\/\/radiolifefm.com.br\/noticias\/defesa-civil-alerta-para-queda-de-temperatura-no-estado-de-sao-paulo\/#primaryimage\",\"url\":\"https:\/\/radiolifefm.com.br\/noticias\/wp-content\/uploads\/2025\/07\/IMG-20250708-WA0084.jpg\",\"contentUrl\":\"https:\/\/radiolifefm.com.br\/noticias\/wp-content\/uploads\/2025\/07\/IMG-20250708-WA0084.jpg\",\"width\":600,\"height\":337},{\"@type\":\"BreadcrumbList\",\"@id\":\"https:\/\/radiolifefm.com.br\/noticias\/defesa-civil-alerta-para-queda-de-temperatura-no-estado-de-sao-paulo\/#breadcrumb\",\"itemListElement\":[{\"@type\":\"ListItem\",\"position\":1,\"name\":\"In\u00edcio\",\"item\":\"https:\/\/radiolifefm.com.br\/noticias\/\"},{\"@type\":\"ListItem\",\"position\":2,\"name\":\"Defesa Civil alerta para queda de temperatura no estado de S\u00e3o Paulo\"}]},{\"@type\":\"WebSite\",\"@id\":\"https:\/\/radiolifefm.com.br\/noticias\/#website\",\"url\":\"https:\/\/radiolifefm.com.br\/noticias\/\",\"name\":\"R\u00e1dio Life FM\",\"description\":\"O Portal de Not\u00edcias de Adamantina\",\"publisher\":{\"@id\":\"https:\/\/radiolifefm.com.br\/noticias\/#organization\"},\"alternateName\":\"Life FM\",\"potentialAction\":[{\"@type\":\"SearchAction\",\"target\":{\"@type\":\"EntryPoint\",\"urlTemplate\":\"https:\/\/radiolifefm.com.br\/noticias\/?s={search_term_string}\"},\"query-input\":{\"@type\":\"PropertyValueSpecification\",\"valueRequired\":true,\"valueName\":\"search_term_string\"}}],\"inLanguage\":\"pt-BR\"},{\"@type\":\"Organization\",\"@id\":\"https:\/\/radiolifefm.com.br\/noticias\/#organization\",\"name\":\"R\u00e1dio Life FM\",\"alternateName\":\"Life FM\",\"url\":\"https:\/\/radiolifefm.com.br\/noticias\/\",\"logo\":{\"@type\":\"ImageObject\",\"inLanguage\":\"pt-BR\",\"@id\":\"https:\/\/radiolifefm.com.br\/noticias\/#\/schema\/logo\/image\/\",\"url\":\"https:\/\/static.radiolifefm.com.br\/noticias\/wp-content\/uploads\/2019\/10\/logo-lifefm.png\",\"contentUrl\":\"https:\/\/static.radiolifefm.com.br\/noticias\/wp-content\/uploads\/2019\/10\/logo-lifefm.png\",\"width\":196,\"height\":47,\"caption\":\"R\u00e1dio Life FM\"},\"image\":{\"@id\":\"https:\/\/radiolifefm.com.br\/noticias\/#\/schema\/logo\/image\/\"},\"sameAs\":[\"https:\/\/www.facebook.com\/radiolifefm\/\",\"https:\/\/www.instagram.com\/life1079fm\/\"]},{\"@type\":\"Person\",\"@id\":\"https:\/\/radiolifefm.com.br\/noticias\/#\/schema\/person\/6339b9fac59d12b071dec680d7375d87\",\"name\":\"ritanery\",\"image\":{\"@type\":\"ImageObject\",\"inLanguage\":\"pt-BR\",\"@id\":\"https:\/\/secure.gravatar.com\/avatar\/0e37bb19071f47c0b8a23f62a903df117c5a0e75f65a0c2901562f97cd41cf86?s=96&d=mm&r=g\",\"url\":\"https:\/\/secure.gravatar.com\/avatar\/0e37bb19071f47c0b8a23f62a903df117c5a0e75f65a0c2901562f97cd41cf86?s=96&d=mm&r=g\",\"contentUrl\":\"https:\/\/secure.gravatar.com\/avatar\/0e37bb19071f47c0b8a23f62a903df117c5a0e75f65a0c2901562f97cd41cf86?s=96&d=mm&r=g\",\"caption\":\"ritanery\"}}]}<\/script>\n<!-- \/ Yoast SEO plugin. -->","yoast_head_json":{"title":"Defesa Civil alerta para queda de temperatura no estado de S\u00e3o Paulo - R\u00e1dio Life FM","robots":{"index":"index","follow":"follow","max-snippet":"max-snippet:-1","max-image-preview":"max-image-preview:large","max-video-preview":"max-video-preview:-1"},"canonical":"https:\/\/radiolifefm.com.br\/noticias\/defesa-civil-alerta-para-queda-de-temperatura-no-estado-de-sao-paulo\/","og_locale":"pt_BR","og_type":"article","og_title":"Defesa Civil alerta para queda de temperatura no estado de S\u00e3o Paulo - R\u00e1dio Life FM","og_description":"As temperaturas devem voltar a cair em todo o estado de S\u00e3o Paulo entre esta segunda-feira (7) e a pr\u00f3xima sexta-feira (11). Segundo a Defesa Civil do Estado de S\u00e3o Paulo, a\u00a0perman\u00eancia de uma massa de ar frio sobre o territ\u00f3rio paulista pode provocar queda significativa tanto nas temperaturas m\u00ednimas quanto m\u00e1ximas.\u00a0 A m\u00ednima pode [&hellip;]","og_url":"https:\/\/radiolifefm.com.br\/noticias\/defesa-civil-alerta-para-queda-de-temperatura-no-estado-de-sao-paulo\/","og_site_name":"R\u00e1dio Life FM","article_publisher":"https:\/\/www.facebook.com\/radiolifefm\/","article_published_time":"2025-07-08T10:28:30+00:00","article_modified_time":"2026-04-01T15:18:16+00:00","og_image":[{"width":600,"height":337,"url":"https:\/\/radiolifefm.com.br\/noticias\/wp-content\/uploads\/2025\/07\/IMG-20250708-WA0084.jpg","type":"image\/jpeg"}],"author":"ritanery","twitter_card":"summary_large_image","twitter_misc":{"Escrito por":"ritanery","Est. tempo de leitura":"2 minutos"},"schema":{"@context":"https:\/\/schema.org","@graph":[{"@type":"Article","@id":"https:\/\/radiolifefm.com.br\/noticias\/defesa-civil-alerta-para-queda-de-temperatura-no-estado-de-sao-paulo\/#article","isPartOf":{"@id":"https:\/\/radiolifefm.com.br\/noticias\/defesa-civil-alerta-para-queda-de-temperatura-no-estado-de-sao-paulo\/"},"author":{"name":"ritanery","@id":"https:\/\/radiolifefm.com.br\/noticias\/#\/schema\/person\/6339b9fac59d12b071dec680d7375d87"},"headline":"Defesa Civil alerta para queda de temperatura no estado de S\u00e3o Paulo","datePublished":"2025-07-08T10:28:30+00:00","dateModified":"2026-04-01T15:18:16+00:00","mainEntityOfPage":{"@id":"https:\/\/radiolifefm.com.br\/noticias\/defesa-civil-alerta-para-queda-de-temperatura-no-estado-de-sao-paulo\/"},"wordCount":267,"publisher":{"@id":"https:\/\/radiolifefm.com.br\/noticias\/#organization"},"image":{"@id":"https:\/\/radiolifefm.com.br\/noticias\/defesa-civil-alerta-para-queda-de-temperatura-no-estado-de-sao-paulo\/#primaryimage"},"thumbnailUrl":"https:\/\/radiolifefm.com.br\/noticias\/wp-content\/uploads\/2025\/07\/IMG-20250708-WA0084.jpg","articleSection":["Geral"],"inLanguage":"pt-BR"},{"@type":"WebPage","@id":"https:\/\/radiolifefm.com.br\/noticias\/defesa-civil-alerta-para-queda-de-temperatura-no-estado-de-sao-paulo\/","url":"https:\/\/radiolifefm.com.br\/noticias\/defesa-civil-alerta-para-queda-de-temperatura-no-estado-de-sao-paulo\/","name":"Defesa Civil alerta para queda de temperatura no estado de S\u00e3o Paulo - R\u00e1dio Life FM","isPartOf":{"@id":"https:\/\/radiolifefm.com.br\/noticias\/#website"},"primaryImageOfPage":{"@id":"https:\/\/radiolifefm.com.br\/noticias\/defesa-civil-alerta-para-queda-de-temperatura-no-estado-de-sao-paulo\/#primaryimage"},"image":{"@id":"https:\/\/radiolifefm.com.br\/noticias\/defesa-civil-alerta-para-queda-de-temperatura-no-estado-de-sao-paulo\/#primaryimage"},"thumbnailUrl":"https:\/\/radiolifefm.com.br\/noticias\/wp-content\/uploads\/2025\/07\/IMG-20250708-WA0084.jpg","datePublished":"2025-07-08T10:28:30+00:00","dateModified":"2026-04-01T15:18:16+00:00","breadcrumb":{"@id":"https:\/\/radiolifefm.com.br\/noticias\/defesa-civil-alerta-para-queda-de-temperatura-no-estado-de-sao-paulo\/#breadcrumb"},"inLanguage":"pt-BR","potentialAction":[{"@type":"ReadAction","target":["https:\/\/radiolifefm.com.br\/noticias\/defesa-civil-alerta-para-queda-de-temperatura-no-estado-de-sao-paulo\/"]}]},{"@type":"ImageObject","inLanguage":"pt-BR","@id":"https:\/\/radiolifefm.com.br\/noticias\/defesa-civil-alerta-para-queda-de-temperatura-no-estado-de-sao-paulo\/#primaryimage","url":"https:\/\/radiolifefm.com.br\/noticias\/wp-content\/uploads\/2025\/07\/IMG-20250708-WA0084.jpg","contentUrl":"https:\/\/radiolifefm.com.br\/noticias\/wp-content\/uploads\/2025\/07\/IMG-20250708-WA0084.jpg","width":600,"height":337},{"@type":"BreadcrumbList","@id":"https:\/\/radiolifefm.com.br\/noticias\/defesa-civil-alerta-para-queda-de-temperatura-no-estado-de-sao-paulo\/#breadcrumb","itemListElement":[{"@type":"ListItem","position":1,"name":"In\u00edcio","item":"https:\/\/radiolifefm.com.br\/noticias\/"},{"@type":"ListItem","position":2,"name":"Defesa Civil alerta para queda de temperatura no estado de S\u00e3o Paulo"}]},{"@type":"WebSite","@id":"https:\/\/radiolifefm.com.br\/noticias\/#website","url":"https:\/\/radiolifefm.com.br\/noticias\/","name":"R\u00e1dio Life FM","description":"O Portal de Not\u00edcias de Adamantina","publisher":{"@id":"https:\/\/radiolifefm.com.br\/noticias\/#organization"},"alternateName":"Life FM","potentialAction":[{"@type":"SearchAction","target":{"@type":"EntryPoint","urlTemplate":"https:\/\/radiolifefm.com.br\/noticias\/?s={search_term_string}"},"query-input":{"@type":"PropertyValueSpecification","valueRequired":true,"valueName":"search_term_string"}}],"inLanguage":"pt-BR"},{"@type":"Organization","@id":"https:\/\/radiolifefm.com.br\/noticias\/#organization","name":"R\u00e1dio Life FM","alternateName":"Life FM","url":"https:\/\/radiolifefm.com.br\/noticias\/","logo":{"@type":"ImageObject","inLanguage":"pt-BR","@id":"https:\/\/radiolifefm.com.br\/noticias\/#\/schema\/logo\/image\/","url":"https:\/\/static.radiolifefm.com.br\/noticias\/wp-content\/uploads\/2019\/10\/logo-lifefm.png","contentUrl":"https:\/\/static.radiolifefm.com.br\/noticias\/wp-content\/uploads\/2019\/10\/logo-lifefm.png","width":196,"height":47,"caption":"R\u00e1dio Life FM"},"image":{"@id":"https:\/\/radiolifefm.com.br\/noticias\/#\/schema\/logo\/image\/"},"sameAs":["https:\/\/www.facebook.com\/radiolifefm\/","https:\/\/www.instagram.com\/life1079fm\/"]},{"@type":"Person","@id":"https:\/\/radiolifefm.com.br\/noticias\/#\/schema\/person\/6339b9fac59d12b071dec680d7375d87","name":"ritanery","image":{"@type":"ImageObject","inLanguage":"pt-BR","@id":"https:\/\/secure.gravatar.com\/avatar\/0e37bb19071f47c0b8a23f62a903df117c5a0e75f65a0c2901562f97cd41cf86?s=96&d=mm&r=g","url":"https:\/\/secure.gravatar.com\/avatar\/0e37bb19071f47c0b8a23f62a903df117c5a0e75f65a0c2901562f97cd41cf86?s=96&d=mm&r=g","contentUrl":"https:\/\/secure.gravatar.com\/avatar\/0e37bb19071f47c0b8a23f62a903df117c5a0e75f65a0c2901562f97cd41cf86?s=96&d=mm&r=g","caption":"ritanery"}}]}},"amp_enabled":true,"_links":{"self":[{"href":"https:\/\/radiolifefm.com.br\/noticias\/wp-json\/wp\/v2\/posts\/102793","targetHints":{"allow":["GET"]}}],"collection":[{"href":"https:\/\/radiolifefm.com.br\/noticias\/wp-json\/wp\/v2\/posts"}],"about":[{"href":"https:\/\/radiolifefm.com.br\/noticias\/wp-json\/wp\/v2\/types\/post"}],"author":[{"embeddable":true,"href":"https:\/\/radiolifefm.com.br\/noticias\/wp-json\/wp\/v2\/users\/13"}],"replies":[{"embeddable":true,"href":"https:\/\/radiolifefm.com.br\/noticias\/wp-json\/wp\/v2\/comments?post=102793"}],"version-history":[{"count":1,"href":"https:\/\/radiolifefm.com.br\/noticias\/wp-json\/wp\/v2\/posts\/102793\/revisions"}],"predecessor-version":[{"id":102796,"href":"https:\/\/radiolifefm.com.br\/noticias\/wp-json\/wp\/v2\/posts\/102793\/revisions\/102796"}],"wp:featuredmedia":[{"embeddable":true,"href":"https:\/\/radiolifefm.com.br\/noticias\/wp-json\/wp\/v2\/media\/102795"}],"wp:attachment":[{"href":"https:\/\/radiolifefm.com.br\/noticias\/wp-json\/wp\/v2\/media?parent=102793"}],"wp:term":[{"taxonomy":"category","embeddable":true,"href":"https:\/\/radiolifefm.com.br\/noticias\/wp-json\/wp\/v2\/categories?post=102793"},{"taxonomy":"post_tag","embeddable":true,"href":"https:\/\/radiolifefm.com.br\/noticias\/wp-json\/wp\/v2\/tags?post=102793"}],"curies":[{"name":"wp","href":"https:\/\/api.w.org\/{rel}","templated":true}]}}