{"id":102762,"date":"2025-07-07T07:14:32","date_gmt":"2025-07-07T10:14:32","guid":{"rendered":"https:\/\/radiolifefm.com.br\/noticias\/?p=102762"},"modified":"2026-03-28T05:30:41","modified_gmt":"2026-03-28T08:30:41","slug":"das-terras-de-uma-provincia-do-faz-de-conta-2","status":"publish","type":"post","link":"https:\/\/radiolifefm.com.br\/noticias\/das-terras-de-uma-provincia-do-faz-de-conta-2\/","title":{"rendered":"Das terras de uma Prov\u00edncia do faz de conta&#8230;"},"content":{"rendered":"<div id=\"fb-root\"><\/div>\n<p>\u2060&#8221;Trocar o maquinista n\u00e3o muda o destino do trem, os trilhos que saem do passado chegam ao futuro.&#8221; (Wesley D&#8217;Amico)<\/p>\n<p>\u201cBasicamente, a Gest\u00e3o significa influenciar a a\u00e7\u00e3o. Gest\u00e3o \u00e9 sobre ajudar as organiza\u00e7\u00f5es e as unidades fazerem o que tem que ser feito, o que significa a\u00e7\u00e3o.\u201d (Henry Mintzberg)<\/p>\n<p>By seb@r.<\/p>\n<p>Em tempo de PROV\u00cdNCIA DO FAZ DE CONTA, deve-se considerar que os ditos pelos n\u00e3o ditos, ou seja, os tais DESENCONTROS continuam ocorrendo deste e do outro lado de um mesmo lado&#8230;<\/p>\n<p>Por\u00e9m, como sempre, sempre existe alguma ESPERAN\u00c7A (sic), isso \u00e9, pelo menos para aqueles\/as que est\u00e3o neste CEN\u00c1RIO PROVINCIANO, todavia, melhor ficar com aquele outro dito popular, a saber: O SOL N\u00c3O NASCEU PARA TODOS\/AS&#8230;<\/p>\n<p>A M\u00cdDIA em n\u00edvel REGIOCAL, portanto, do REGIONAL para o LOCAL, como sempre, s\u00e3o pautadas pelos interesses mediados pelos poderes p\u00fablicos, bem como, na maioria das vezes com respaldo daquela tal de JUSTI\u00c7A, tendo em vista que a mesma, dizem, \u00e9 CEGA, SURDA E MUDA&#8230;<\/p>\n<p>Entretanto, com tantas MENTES MED\u00cdOCRES circulando nesta PROV\u00cdNCIA DO FAZ DE CONTA, bem como, com APOIO dos\/as PATRIOT\u00c1RIOS\/AS e refor\u00e7o AMPLO, GERAL e IRRESTRITO daquela cambada da DIREIRA VOLVER, n\u00e3o se pode esperar muitas COISA destes\/as COISOS\/AS&#8230;<\/p>\n<p>Pode-se afirmar foram SEIS MESES de poucas IDAS com muitas VINDAS em n\u00edvel de GEST\u00c3O P\u00daBLICA, mesmo assim, existem diversas possibilidades para muitas aproxima\u00e7\u00f5es com diversas A\u00c7\u00d5ES em \u00e1reas priorit\u00e1rias para o contexto PROVINCIANO&#8230;<\/p>\n<p>Do outro lado, ou seja, das denominadas PAREDES CINZAS, se bem que naquele outro CAMPI, tudo continua nas cores ALVAS, parece que vai prevalecer aquele outro dito mais do que interessante que afirma, a saber: MUDAM AS MOSCAS, MAS A M&#8230; \u00c9 SEMPRE A MESMA&#8230;<\/p>\n<p>Dizem, tamb\u00e9m, QUE OS N\u00daMEROS N\u00c3O MENTEM, assim, a GEST\u00c3O ACAD\u00caMICA foi reconduzida para mais um MANDATO e respaldada pelos tais N\u00daMEROS disto e mais aquilo, por\u00e9m, n\u00e3o se pode deixar de lado que este MERCADO EDUCACIONAL pertence as ORGANIZA\u00c7\u00d5ES que trabalham por meio do PLANEJAMENTO ESTRAT\u00c9GICO e a\u00e7\u00f5es de MARKETING EDUCACIONAL&#8230;<\/p>\n<p>Mas, tudo indica que PODER SER aquilo que NUNCA FOI e assim por diante, haja vista que daqui pra frente, talvez, com as denominadas DAN\u00c7A DAS CADEIRAS em nome disto ou daquilo, o MAQUINISTA possa seguir com seus VAG\u00d5ES em LINHAS DESGOVERNADAS&#8230;<\/p>\n<p>Tamb\u00e9m, sempre pode ocorrer aquele ALGO MAIS, nestes ocasos, pode ser para o BEM do lado BOM ou para o MAL do lado MAU, ainda, pode ser o contr\u00e1rio sem problemas&#8230;<\/p>\n<p>Pra n\u00e3o esquecerem, PERDERAM MAN\u00c9S!<\/p>\n<p>Ainda, QUEM SOBREVIVER VAI SABER&#8230;<\/p>\n<p>e-mail: barbosa.sebar@gmail.com<\/p>\n<p>&nbsp;<\/p>\n<p>&nbsp;<\/p>\n<p>&nbsp;<\/p>\n<p>&nbsp;<\/p>\n<p>&nbsp;<\/p>\n<p>&nbsp;<\/p>\n<p>&nbsp;<\/p>\n","protected":false},"excerpt":{"rendered":"<p>\u2060&#8221;Trocar o maquinista n\u00e3o muda o destino do trem, os trilhos que saem do passado chegam ao futuro.&#8221; (Wesley D&#8217;Amico) \u201cBasicamente, a Gest\u00e3o significa influenciar a a\u00e7\u00e3o. Gest\u00e3o \u00e9 sobre ajudar as organiza\u00e7\u00f5es e as unidades fazerem o que tem que ser feito, o que significa a\u00e7\u00e3o.\u201d (Henry Mintzberg) By seb@r. Em tempo de PROV\u00cdNCIA [&hellip;]<\/p>\n","protected":false},"author":13,"featured_media":51988,"comment_status":"closed","ping_status":"open","sticky":false,"template":"","format":"standard","meta":{"_acf_changed":false,"_exactmetrics_skip_tracking":false,"_exactmetrics_sitenote_active":false,"_exactmetrics_sitenote_note":"","_exactmetrics_sitenote_category":0,"footnotes":""},"categories":[59],"tags":[],"class_list":["post-102762","post","type-post","status-publish","format-standard","has-post-thumbnail","hentry","category-opiniao"],"acf":[],"yoast_head":"<!-- This site is optimized with the Yoast SEO plugin v27.2 - https:\/\/yoast.com\/product\/yoast-seo-wordpress\/ -->\n<title>Das terras de uma Prov\u00edncia do faz de conta... - R\u00e1dio Life FM<\/title>\n<meta name=\"robots\" content=\"index, follow, max-snippet:-1, max-image-preview:large, max-video-preview:-1\" \/>\n<link rel=\"canonical\" href=\"https:\/\/radiolifefm.com.br\/noticias\/das-terras-de-uma-provincia-do-faz-de-conta-2\/\" \/>\n<meta property=\"og:locale\" content=\"pt_BR\" \/>\n<meta property=\"og:type\" content=\"article\" \/>\n<meta property=\"og:title\" content=\"Das terras de uma Prov\u00edncia do faz de conta... - R\u00e1dio Life FM\" \/>\n<meta property=\"og:description\" content=\"\u2060&#8221;Trocar o maquinista n\u00e3o muda o destino do trem, os trilhos que saem do passado chegam ao futuro.&#8221; (Wesley D&#8217;Amico) \u201cBasicamente, a Gest\u00e3o significa influenciar a a\u00e7\u00e3o. Gest\u00e3o \u00e9 sobre ajudar as organiza\u00e7\u00f5es e as unidades fazerem o que tem que ser feito, o que significa a\u00e7\u00e3o.\u201d (Henry Mintzberg) By seb@r. Em tempo de PROV\u00cdNCIA [&hellip;]\" \/>\n<meta property=\"og:url\" content=\"https:\/\/radiolifefm.com.br\/noticias\/das-terras-de-uma-provincia-do-faz-de-conta-2\/\" \/>\n<meta property=\"og:site_name\" content=\"R\u00e1dio Life FM\" \/>\n<meta property=\"article:publisher\" content=\"https:\/\/www.facebook.com\/radiolifefm\/\" \/>\n<meta property=\"article:published_time\" content=\"2025-07-07T10:14:32+00:00\" \/>\n<meta property=\"article:modified_time\" content=\"2026-03-28T08:30:41+00:00\" \/>\n<meta property=\"og:image\" content=\"https:\/\/radiolifefm.com.br\/noticias\/wp-content\/uploads\/2022\/04\/WhatsApp-Image-2022-04-10-at-18.43.02.jpeg\" \/>\n\t<meta property=\"og:image:width\" content=\"972\" \/>\n\t<meta property=\"og:image:height\" content=\"1296\" \/>\n\t<meta property=\"og:image:type\" content=\"image\/jpeg\" \/>\n<meta name=\"author\" content=\"ritanery\" \/>\n<meta name=\"twitter:card\" content=\"summary_large_image\" \/>\n<meta name=\"twitter:label1\" content=\"Escrito por\" \/>\n\t<meta name=\"twitter:data1\" content=\"ritanery\" \/>\n\t<meta name=\"twitter:label2\" content=\"Est. tempo de leitura\" \/>\n\t<meta name=\"twitter:data2\" content=\"3 minutos\" \/>\n<script type=\"application\/ld+json\" class=\"yoast-schema-graph\">{\"@context\":\"https:\/\/schema.org\",\"@graph\":[{\"@type\":\"Article\",\"@id\":\"https:\/\/radiolifefm.com.br\/noticias\/das-terras-de-uma-provincia-do-faz-de-conta-2\/#article\",\"isPartOf\":{\"@id\":\"https:\/\/radiolifefm.com.br\/noticias\/das-terras-de-uma-provincia-do-faz-de-conta-2\/\"},\"author\":{\"name\":\"ritanery\",\"@id\":\"https:\/\/radiolifefm.com.br\/noticias\/#\/schema\/person\/6339b9fac59d12b071dec680d7375d87\"},\"headline\":\"Das terras de uma Prov\u00edncia do faz de conta&#8230;\",\"datePublished\":\"2025-07-07T10:14:32+00:00\",\"dateModified\":\"2026-03-28T08:30:41+00:00\",\"mainEntityOfPage\":{\"@id\":\"https:\/\/radiolifefm.com.br\/noticias\/das-terras-de-uma-provincia-do-faz-de-conta-2\/\"},\"wordCount\":486,\"publisher\":{\"@id\":\"https:\/\/radiolifefm.com.br\/noticias\/#organization\"},\"image\":{\"@id\":\"https:\/\/radiolifefm.com.br\/noticias\/das-terras-de-uma-provincia-do-faz-de-conta-2\/#primaryimage\"},\"thumbnailUrl\":\"https:\/\/radiolifefm.com.br\/noticias\/wp-content\/uploads\/2022\/04\/WhatsApp-Image-2022-04-10-at-18.43.02.jpeg\",\"articleSection\":[\"Opini\u00e3o\"],\"inLanguage\":\"pt-BR\"},{\"@type\":\"WebPage\",\"@id\":\"https:\/\/radiolifefm.com.br\/noticias\/das-terras-de-uma-provincia-do-faz-de-conta-2\/\",\"url\":\"https:\/\/radiolifefm.com.br\/noticias\/das-terras-de-uma-provincia-do-faz-de-conta-2\/\",\"name\":\"Das terras de uma Prov\u00edncia do faz de conta... - R\u00e1dio Life FM\",\"isPartOf\":{\"@id\":\"https:\/\/radiolifefm.com.br\/noticias\/#website\"},\"primaryImageOfPage\":{\"@id\":\"https:\/\/radiolifefm.com.br\/noticias\/das-terras-de-uma-provincia-do-faz-de-conta-2\/#primaryimage\"},\"image\":{\"@id\":\"https:\/\/radiolifefm.com.br\/noticias\/das-terras-de-uma-provincia-do-faz-de-conta-2\/#primaryimage\"},\"thumbnailUrl\":\"https:\/\/radiolifefm.com.br\/noticias\/wp-content\/uploads\/2022\/04\/WhatsApp-Image-2022-04-10-at-18.43.02.jpeg\",\"datePublished\":\"2025-07-07T10:14:32+00:00\",\"dateModified\":\"2026-03-28T08:30:41+00:00\",\"breadcrumb\":{\"@id\":\"https:\/\/radiolifefm.com.br\/noticias\/das-terras-de-uma-provincia-do-faz-de-conta-2\/#breadcrumb\"},\"inLanguage\":\"pt-BR\",\"potentialAction\":[{\"@type\":\"ReadAction\",\"target\":[\"https:\/\/radiolifefm.com.br\/noticias\/das-terras-de-uma-provincia-do-faz-de-conta-2\/\"]}]},{\"@type\":\"ImageObject\",\"inLanguage\":\"pt-BR\",\"@id\":\"https:\/\/radiolifefm.com.br\/noticias\/das-terras-de-uma-provincia-do-faz-de-conta-2\/#primaryimage\",\"url\":\"https:\/\/radiolifefm.com.br\/noticias\/wp-content\/uploads\/2022\/04\/WhatsApp-Image-2022-04-10-at-18.43.02.jpeg\",\"contentUrl\":\"https:\/\/radiolifefm.com.br\/noticias\/wp-content\/uploads\/2022\/04\/WhatsApp-Image-2022-04-10-at-18.43.02.jpeg\",\"width\":972,\"height\":1296,\"caption\":\"S\u00e9rgio Barbosa\"},{\"@type\":\"BreadcrumbList\",\"@id\":\"https:\/\/radiolifefm.com.br\/noticias\/das-terras-de-uma-provincia-do-faz-de-conta-2\/#breadcrumb\",\"itemListElement\":[{\"@type\":\"ListItem\",\"position\":1,\"name\":\"In\u00edcio\",\"item\":\"https:\/\/radiolifefm.com.br\/noticias\/\"},{\"@type\":\"ListItem\",\"position\":2,\"name\":\"Das terras de uma Prov\u00edncia do faz de conta&#8230;\"}]},{\"@type\":\"WebSite\",\"@id\":\"https:\/\/radiolifefm.com.br\/noticias\/#website\",\"url\":\"https:\/\/radiolifefm.com.br\/noticias\/\",\"name\":\"R\u00e1dio Life FM\",\"description\":\"O Portal de Not\u00edcias de Adamantina\",\"publisher\":{\"@id\":\"https:\/\/radiolifefm.com.br\/noticias\/#organization\"},\"alternateName\":\"Life FM\",\"potentialAction\":[{\"@type\":\"SearchAction\",\"target\":{\"@type\":\"EntryPoint\",\"urlTemplate\":\"https:\/\/radiolifefm.com.br\/noticias\/?s={search_term_string}\"},\"query-input\":{\"@type\":\"PropertyValueSpecification\",\"valueRequired\":true,\"valueName\":\"search_term_string\"}}],\"inLanguage\":\"pt-BR\"},{\"@type\":\"Organization\",\"@id\":\"https:\/\/radiolifefm.com.br\/noticias\/#organization\",\"name\":\"R\u00e1dio Life FM\",\"alternateName\":\"Life FM\",\"url\":\"https:\/\/radiolifefm.com.br\/noticias\/\",\"logo\":{\"@type\":\"ImageObject\",\"inLanguage\":\"pt-BR\",\"@id\":\"https:\/\/radiolifefm.com.br\/noticias\/#\/schema\/logo\/image\/\",\"url\":\"https:\/\/static.radiolifefm.com.br\/noticias\/wp-content\/uploads\/2019\/10\/logo-lifefm.png\",\"contentUrl\":\"https:\/\/static.radiolifefm.com.br\/noticias\/wp-content\/uploads\/2019\/10\/logo-lifefm.png\",\"width\":196,\"height\":47,\"caption\":\"R\u00e1dio Life FM\"},\"image\":{\"@id\":\"https:\/\/radiolifefm.com.br\/noticias\/#\/schema\/logo\/image\/\"},\"sameAs\":[\"https:\/\/www.facebook.com\/radiolifefm\/\",\"https:\/\/www.instagram.com\/life1079fm\/\"]},{\"@type\":\"Person\",\"@id\":\"https:\/\/radiolifefm.com.br\/noticias\/#\/schema\/person\/6339b9fac59d12b071dec680d7375d87\",\"name\":\"ritanery\",\"image\":{\"@type\":\"ImageObject\",\"inLanguage\":\"pt-BR\",\"@id\":\"https:\/\/secure.gravatar.com\/avatar\/0e37bb19071f47c0b8a23f62a903df117c5a0e75f65a0c2901562f97cd41cf86?s=96&d=mm&r=g\",\"url\":\"https:\/\/secure.gravatar.com\/avatar\/0e37bb19071f47c0b8a23f62a903df117c5a0e75f65a0c2901562f97cd41cf86?s=96&d=mm&r=g\",\"contentUrl\":\"https:\/\/secure.gravatar.com\/avatar\/0e37bb19071f47c0b8a23f62a903df117c5a0e75f65a0c2901562f97cd41cf86?s=96&d=mm&r=g\",\"caption\":\"ritanery\"}}]}<\/script>\n<!-- \/ Yoast SEO plugin. -->","yoast_head_json":{"title":"Das terras de uma Prov\u00edncia do faz de conta... - R\u00e1dio Life FM","robots":{"index":"index","follow":"follow","max-snippet":"max-snippet:-1","max-image-preview":"max-image-preview:large","max-video-preview":"max-video-preview:-1"},"canonical":"https:\/\/radiolifefm.com.br\/noticias\/das-terras-de-uma-provincia-do-faz-de-conta-2\/","og_locale":"pt_BR","og_type":"article","og_title":"Das terras de uma Prov\u00edncia do faz de conta... - R\u00e1dio Life FM","og_description":"\u2060&#8221;Trocar o maquinista n\u00e3o muda o destino do trem, os trilhos que saem do passado chegam ao futuro.&#8221; (Wesley D&#8217;Amico) \u201cBasicamente, a Gest\u00e3o significa influenciar a a\u00e7\u00e3o. Gest\u00e3o \u00e9 sobre ajudar as organiza\u00e7\u00f5es e as unidades fazerem o que tem que ser feito, o que significa a\u00e7\u00e3o.\u201d (Henry Mintzberg) By seb@r. Em tempo de PROV\u00cdNCIA [&hellip;]","og_url":"https:\/\/radiolifefm.com.br\/noticias\/das-terras-de-uma-provincia-do-faz-de-conta-2\/","og_site_name":"R\u00e1dio Life FM","article_publisher":"https:\/\/www.facebook.com\/radiolifefm\/","article_published_time":"2025-07-07T10:14:32+00:00","article_modified_time":"2026-03-28T08:30:41+00:00","og_image":[{"width":972,"height":1296,"url":"https:\/\/radiolifefm.com.br\/noticias\/wp-content\/uploads\/2022\/04\/WhatsApp-Image-2022-04-10-at-18.43.02.jpeg","type":"image\/jpeg"}],"author":"ritanery","twitter_card":"summary_large_image","twitter_misc":{"Escrito por":"ritanery","Est. tempo de leitura":"3 minutos"},"schema":{"@context":"https:\/\/schema.org","@graph":[{"@type":"Article","@id":"https:\/\/radiolifefm.com.br\/noticias\/das-terras-de-uma-provincia-do-faz-de-conta-2\/#article","isPartOf":{"@id":"https:\/\/radiolifefm.com.br\/noticias\/das-terras-de-uma-provincia-do-faz-de-conta-2\/"},"author":{"name":"ritanery","@id":"https:\/\/radiolifefm.com.br\/noticias\/#\/schema\/person\/6339b9fac59d12b071dec680d7375d87"},"headline":"Das terras de uma Prov\u00edncia do faz de conta&#8230;","datePublished":"2025-07-07T10:14:32+00:00","dateModified":"2026-03-28T08:30:41+00:00","mainEntityOfPage":{"@id":"https:\/\/radiolifefm.com.br\/noticias\/das-terras-de-uma-provincia-do-faz-de-conta-2\/"},"wordCount":486,"publisher":{"@id":"https:\/\/radiolifefm.com.br\/noticias\/#organization"},"image":{"@id":"https:\/\/radiolifefm.com.br\/noticias\/das-terras-de-uma-provincia-do-faz-de-conta-2\/#primaryimage"},"thumbnailUrl":"https:\/\/radiolifefm.com.br\/noticias\/wp-content\/uploads\/2022\/04\/WhatsApp-Image-2022-04-10-at-18.43.02.jpeg","articleSection":["Opini\u00e3o"],"inLanguage":"pt-BR"},{"@type":"WebPage","@id":"https:\/\/radiolifefm.com.br\/noticias\/das-terras-de-uma-provincia-do-faz-de-conta-2\/","url":"https:\/\/radiolifefm.com.br\/noticias\/das-terras-de-uma-provincia-do-faz-de-conta-2\/","name":"Das terras de uma Prov\u00edncia do faz de conta... - R\u00e1dio Life FM","isPartOf":{"@id":"https:\/\/radiolifefm.com.br\/noticias\/#website"},"primaryImageOfPage":{"@id":"https:\/\/radiolifefm.com.br\/noticias\/das-terras-de-uma-provincia-do-faz-de-conta-2\/#primaryimage"},"image":{"@id":"https:\/\/radiolifefm.com.br\/noticias\/das-terras-de-uma-provincia-do-faz-de-conta-2\/#primaryimage"},"thumbnailUrl":"https:\/\/radiolifefm.com.br\/noticias\/wp-content\/uploads\/2022\/04\/WhatsApp-Image-2022-04-10-at-18.43.02.jpeg","datePublished":"2025-07-07T10:14:32+00:00","dateModified":"2026-03-28T08:30:41+00:00","breadcrumb":{"@id":"https:\/\/radiolifefm.com.br\/noticias\/das-terras-de-uma-provincia-do-faz-de-conta-2\/#breadcrumb"},"inLanguage":"pt-BR","potentialAction":[{"@type":"ReadAction","target":["https:\/\/radiolifefm.com.br\/noticias\/das-terras-de-uma-provincia-do-faz-de-conta-2\/"]}]},{"@type":"ImageObject","inLanguage":"pt-BR","@id":"https:\/\/radiolifefm.com.br\/noticias\/das-terras-de-uma-provincia-do-faz-de-conta-2\/#primaryimage","url":"https:\/\/radiolifefm.com.br\/noticias\/wp-content\/uploads\/2022\/04\/WhatsApp-Image-2022-04-10-at-18.43.02.jpeg","contentUrl":"https:\/\/radiolifefm.com.br\/noticias\/wp-content\/uploads\/2022\/04\/WhatsApp-Image-2022-04-10-at-18.43.02.jpeg","width":972,"height":1296,"caption":"S\u00e9rgio Barbosa"},{"@type":"BreadcrumbList","@id":"https:\/\/radiolifefm.com.br\/noticias\/das-terras-de-uma-provincia-do-faz-de-conta-2\/#breadcrumb","itemListElement":[{"@type":"ListItem","position":1,"name":"In\u00edcio","item":"https:\/\/radiolifefm.com.br\/noticias\/"},{"@type":"ListItem","position":2,"name":"Das terras de uma Prov\u00edncia do faz de conta&#8230;"}]},{"@type":"WebSite","@id":"https:\/\/radiolifefm.com.br\/noticias\/#website","url":"https:\/\/radiolifefm.com.br\/noticias\/","name":"R\u00e1dio Life FM","description":"O Portal de Not\u00edcias de Adamantina","publisher":{"@id":"https:\/\/radiolifefm.com.br\/noticias\/#organization"},"alternateName":"Life FM","potentialAction":[{"@type":"SearchAction","target":{"@type":"EntryPoint","urlTemplate":"https:\/\/radiolifefm.com.br\/noticias\/?s={search_term_string}"},"query-input":{"@type":"PropertyValueSpecification","valueRequired":true,"valueName":"search_term_string"}}],"inLanguage":"pt-BR"},{"@type":"Organization","@id":"https:\/\/radiolifefm.com.br\/noticias\/#organization","name":"R\u00e1dio Life FM","alternateName":"Life FM","url":"https:\/\/radiolifefm.com.br\/noticias\/","logo":{"@type":"ImageObject","inLanguage":"pt-BR","@id":"https:\/\/radiolifefm.com.br\/noticias\/#\/schema\/logo\/image\/","url":"https:\/\/static.radiolifefm.com.br\/noticias\/wp-content\/uploads\/2019\/10\/logo-lifefm.png","contentUrl":"https:\/\/static.radiolifefm.com.br\/noticias\/wp-content\/uploads\/2019\/10\/logo-lifefm.png","width":196,"height":47,"caption":"R\u00e1dio Life FM"},"image":{"@id":"https:\/\/radiolifefm.com.br\/noticias\/#\/schema\/logo\/image\/"},"sameAs":["https:\/\/www.facebook.com\/radiolifefm\/","https:\/\/www.instagram.com\/life1079fm\/"]},{"@type":"Person","@id":"https:\/\/radiolifefm.com.br\/noticias\/#\/schema\/person\/6339b9fac59d12b071dec680d7375d87","name":"ritanery","image":{"@type":"ImageObject","inLanguage":"pt-BR","@id":"https:\/\/secure.gravatar.com\/avatar\/0e37bb19071f47c0b8a23f62a903df117c5a0e75f65a0c2901562f97cd41cf86?s=96&d=mm&r=g","url":"https:\/\/secure.gravatar.com\/avatar\/0e37bb19071f47c0b8a23f62a903df117c5a0e75f65a0c2901562f97cd41cf86?s=96&d=mm&r=g","contentUrl":"https:\/\/secure.gravatar.com\/avatar\/0e37bb19071f47c0b8a23f62a903df117c5a0e75f65a0c2901562f97cd41cf86?s=96&d=mm&r=g","caption":"ritanery"}}]}},"amp_enabled":true,"_links":{"self":[{"href":"https:\/\/radiolifefm.com.br\/noticias\/wp-json\/wp\/v2\/posts\/102762","targetHints":{"allow":["GET"]}}],"collection":[{"href":"https:\/\/radiolifefm.com.br\/noticias\/wp-json\/wp\/v2\/posts"}],"about":[{"href":"https:\/\/radiolifefm.com.br\/noticias\/wp-json\/wp\/v2\/types\/post"}],"author":[{"embeddable":true,"href":"https:\/\/radiolifefm.com.br\/noticias\/wp-json\/wp\/v2\/users\/13"}],"replies":[{"embeddable":true,"href":"https:\/\/radiolifefm.com.br\/noticias\/wp-json\/wp\/v2\/comments?post=102762"}],"version-history":[{"count":2,"href":"https:\/\/radiolifefm.com.br\/noticias\/wp-json\/wp\/v2\/posts\/102762\/revisions"}],"predecessor-version":[{"id":102764,"href":"https:\/\/radiolifefm.com.br\/noticias\/wp-json\/wp\/v2\/posts\/102762\/revisions\/102764"}],"wp:featuredmedia":[{"embeddable":true,"href":"https:\/\/radiolifefm.com.br\/noticias\/wp-json\/wp\/v2\/media\/51988"}],"wp:attachment":[{"href":"https:\/\/radiolifefm.com.br\/noticias\/wp-json\/wp\/v2\/media?parent=102762"}],"wp:term":[{"taxonomy":"category","embeddable":true,"href":"https:\/\/radiolifefm.com.br\/noticias\/wp-json\/wp\/v2\/categories?post=102762"},{"taxonomy":"post_tag","embeddable":true,"href":"https:\/\/radiolifefm.com.br\/noticias\/wp-json\/wp\/v2\/tags?post=102762"}],"curies":[{"name":"wp","href":"https:\/\/api.w.org\/{rel}","templated":true}]}}