{"id":102742,"date":"2025-07-06T12:50:48","date_gmt":"2025-07-06T15:50:48","guid":{"rendered":"https:\/\/radiolifefm.com.br\/noticias\/?p=102742"},"modified":"2026-03-27T02:55:13","modified_gmt":"2026-03-27T05:55:13","slug":"dia-internacional-das-cooperativas-roberto-rodrigues-aponta-cooperativismo-como-solucao-para-desafios-globais","status":"publish","type":"post","link":"https:\/\/radiolifefm.com.br\/noticias\/dia-internacional-das-cooperativas-roberto-rodrigues-aponta-cooperativismo-como-solucao-para-desafios-globais\/","title":{"rendered":"Dia Internacional das Cooperativas: Roberto Rodrigues aponta cooperativismo como solu\u00e7\u00e3o para desafios globais"},"content":{"rendered":"<div id=\"fb-root\"><\/div>\n<p>Em um mundo em constante transforma\u00e7\u00e3o e diante de desafios econ\u00f4micos, sociais e ambientais cada vez mais complexos, o cooperativismo se firma como um pilar essencial para promover justi\u00e7a social, resili\u00eancia econ\u00f4mica e desenvolvimento sustent\u00e1vel. Hoje, o movimento re\u00fane mais de 3 milh\u00f5es de cooperativas no mundo, conectando cerca de 1 bilh\u00e3o de pessoas. No Brasil, os n\u00fameros tamb\u00e9m impressionam: segundo o Anu\u00e1rio do Cooperativismo Brasileiro 2024, o pa\u00eds alcan\u00e7ou 23,45 milh\u00f5es de cooperados, gerou mais de 550 mil empregos e movimentou R$ 692 bilh\u00f5es em 2023, com ativos totais que superam R$ 1,16 trilh\u00e3o. Inspirado por esses resultados, Roberto Rodrigues \u2014 reconhecido pela ONU como embaixador do cooperativismo \u2014 destacou o papel estrat\u00e9gico do movimento durante o\u00a0<em>Summit Governan\u00e7a\u00a0<span class=\"il\">Sicredi<\/span>\u00a02025<\/em>, realizado nos dias 2 e 3 de julho, em Foz do Igua\u00e7u (PR). Para ele, esse modelo vai al\u00e9m da gera\u00e7\u00e3o de resultados econ\u00f4micos, pois contribui diretamente para a estabilidade social e o fortalecimento de v\u00ednculos locais.<u><\/u><u><\/u><\/p>\n<p>Essa for\u00e7a transformadora ganha ainda mais relev\u00e2ncia em 2025, quando o Dia Internacional das Cooperativas, celebrado em 5 de julho, acontece em paralelo ao Ano Internacional das Cooperativas, proclamado pela ONU. No Brasil, a data marca o in\u00edcio de uma mobiliza\u00e7\u00e3o nacional liderada pelo Sistema OCB, que busca ampliar a visibilidade do setor e mostrar como as cooperativas t\u00eam papel ativo no desenvolvimento de milhares de munic\u00edpios. Como ressaltou o ex-presidente da Organiza\u00e7\u00e3o das Cooperativas Brasileiras (OCB) e da Alian\u00e7a Cooperativa Internacional (ACI), Roberto Rodrigues, o cooperativismo brasileiro vive um momento decisivo para fortalecer seu protagonismo diante das incertezas globais. \u201cHoje, o cooperativismo brasileiro \u00e9 admirado, respeitado e amado pelo mundo todo. Isso mostra que o pa\u00eds tem uma capacidade extraordin\u00e1ria de liderar quando h\u00e1 vontade, decis\u00e3o e determina\u00e7\u00e3o\u201d, avaliou.<u><\/u><u><\/u><\/p>\n<p>Durante sua participa\u00e7\u00e3o no\u00a0<em>Summit Governan\u00e7a\u00a0<span class=\"il\">Sicredi<\/span>\u00a02025<\/em>, Rodrigues destacou que o reconhecimento da ONU representa uma oportunidade estrat\u00e9gica para o setor cooperativista. O ex-ministro da Agricultura, Pecu\u00e1ria e Abastecimento lembrou que vivemos um per\u00edodo de intensas transforma\u00e7\u00f5es no panorama internacional, com mudan\u00e7as geopol\u00edticas, polariza\u00e7\u00e3o e o enfraquecimento de institui\u00e7\u00f5es tradicionais. Como exemplo, apontou que a perda de protagonismo da Europa pode abrir novas oportunidades para o Brasil, especialmente no agroneg\u00f3cio, em um cen\u00e1rio global marcado por inseguran\u00e7a alimentar, transi\u00e7\u00e3o energ\u00e9tica, mudan\u00e7as clim\u00e1ticas e desigualdade social. \u201cIsso s\u00f3 pode ser combatido com o cooperativismo, que \u00e9 a organiza\u00e7\u00e3o da sociedade civil capaz de solucionar tudo isso. Afinal, as cooperativas s\u00e3o o maior instrumento de paz e democracia, pois inclui quem est\u00e1 exclu\u00eddo e garante alimento, energia, emprego, renda e muitas outras coisas\u201d, apontou.<u><\/u><u><\/u><\/p>\n<p><strong>Um modelo que transforma realidades<\/strong><u><\/u><u><\/u><\/p>\n<p>O cooperativismo de cr\u00e9dito vive um momento de expans\u00e3o no Brasil, se consolidando como uma das for\u00e7as mais din\u00e2micas do Sistema Financeiro Nacional. De acordo com o relat\u00f3rio do Banco Central, o setor registrou um crescimento de 10% no n\u00famero de associados em 2024, totalizando 19,2 milh\u00f5es de cooperados em todo o pa\u00eds, com ativos totais crescento 21% e atingindo R$ 885,3 bilh\u00f5es. Esse avan\u00e7o reflete n\u00e3o apenas a confian\u00e7a crescente da popula\u00e7\u00e3o nesse modelo, mas tamb\u00e9m sua capacidade de promover inclus\u00e3o financeira em regi\u00f5es muitas vezes desassistidas pelos bancos tradicionais. Como primeira institui\u00e7\u00e3o financeira cooperativa da Am\u00e9rica Latina, o\u00a0<span class=\"il\">Sicredi<\/span>\u00a0integra esse cen\u00e1rio e j\u00e1 ultrapassa a marca de 9 milh\u00f5es de associados no pa\u00eds. Ao valorizar o relacionamento pr\u00f3ximo, a participa\u00e7\u00e3o ativa dos cooperados e o compromisso com o desenvolvimento das comunidades, a institui\u00e7\u00e3o consolida sua relev\u00e2ncia no fortalecimento do cooperativismo e no crescimento sustent\u00e1vel das comunidades em que atua.\u00a0<u><\/u><u><\/u><\/p>\n<p>Esse olhar para dentro, que valoriza ra\u00edzes firmes sem perder de vista a necessidade de adapta\u00e7\u00e3o, reflete a longa trajet\u00f3ria do cooperativismo brasileiro, que, ao longo de d\u00e9cadas, superou desafios regulat\u00f3rios e estruturais para se consolidar como um dos pilares do desenvolvimento rural e econ\u00f4mico do pa\u00eds. Com sua experi\u00eancia de mais de 50 anos atuando no setor, Roberto Rodrigues conhece bem as dificuldades enfrentadas no passado, quando o cr\u00e9dito cooperativo era um conceito distante, limitado por regras r\u00edgidas que dificultavam o acesso ao sistema financeiro formal. Hoje, esse modelo evoluiu para uma rede robusta, que amplia oportunidades, estimula a participa\u00e7\u00e3o cidad\u00e3 e contribui para o fortalecimento de v\u00ednculos locais, especialmente em regi\u00f5es onde a presen\u00e7a institucional faz diferen\u00e7a no cotidiano das pessoas.<u><\/u><u><\/u><\/p>\n<p>Para Roberto Rodrigues, o cooperativismo est\u00e1 diante de uma oportunidade hist\u00f3rica: consolidar seu papel como agente transformador em um mundo cada vez mais complexo e desigual. \u201cO jovem, por defini\u00e7\u00e3o, \u00e9 idealista, sonha com um mundo melhor e carrega no seu DNA valores que se alinham profundamente com os princ\u00edpios do cooperativismo. Se conseguirmos mostrar a essa nova gera\u00e7\u00e3o que as cooperativas s\u00e3o um instrumento real de mudan\u00e7a e inclus\u00e3o, teremos mais jovens engajados. E \u00e9 justamente a juventude que garante a continuidade e o futuro do sistema\u201d, finalizou.<\/p>\n<p>&nbsp;<\/p>\n<p style=\"font-weight: 400\"><strong>Giulia Ayelen Bugia Fernandes<\/strong><\/p>\n<p style=\"font-weight: 400\">Assistente de Comunica\u00e7\u00e3o &amp; Marketing<\/p>\n<p style=\"font-weight: 400\">Comunica\u00e7\u00e3o &amp; Marketing<\/p>\n","protected":false},"excerpt":{"rendered":"<p>Em um mundo em constante transforma\u00e7\u00e3o e diante de desafios econ\u00f4micos, sociais e ambientais cada vez mais complexos, o cooperativismo se firma como um pilar essencial para promover justi\u00e7a social, resili\u00eancia econ\u00f4mica e desenvolvimento sustent\u00e1vel. Hoje, o movimento re\u00fane mais de 3 milh\u00f5es de cooperativas no mundo, conectando cerca de 1 bilh\u00e3o de pessoas. No [&hellip;]<\/p>\n","protected":false},"author":13,"featured_media":102743,"comment_status":"closed","ping_status":"open","sticky":false,"template":"","format":"standard","meta":{"_acf_changed":false,"_exactmetrics_skip_tracking":false,"_exactmetrics_sitenote_active":false,"_exactmetrics_sitenote_note":"","_exactmetrics_sitenote_category":0,"footnotes":""},"categories":[1],"tags":[],"class_list":["post-102742","post","type-post","status-publish","format-standard","has-post-thumbnail","hentry","category-geral"],"acf":[],"yoast_head":"<!-- This site is optimized with the Yoast SEO plugin v27.2 - https:\/\/yoast.com\/product\/yoast-seo-wordpress\/ -->\n<title>Dia Internacional das Cooperativas: Roberto Rodrigues aponta cooperativismo como solu\u00e7\u00e3o para desafios globais - R\u00e1dio Life FM<\/title>\n<meta name=\"robots\" content=\"index, follow, max-snippet:-1, max-image-preview:large, max-video-preview:-1\" \/>\n<link rel=\"canonical\" href=\"https:\/\/radiolifefm.com.br\/noticias\/dia-internacional-das-cooperativas-roberto-rodrigues-aponta-cooperativismo-como-solucao-para-desafios-globais\/\" \/>\n<meta property=\"og:locale\" content=\"pt_BR\" \/>\n<meta property=\"og:type\" content=\"article\" \/>\n<meta property=\"og:title\" content=\"Dia Internacional das Cooperativas: Roberto Rodrigues aponta cooperativismo como solu\u00e7\u00e3o para desafios globais - R\u00e1dio Life FM\" \/>\n<meta property=\"og:description\" content=\"Em um mundo em constante transforma\u00e7\u00e3o e diante de desafios econ\u00f4micos, sociais e ambientais cada vez mais complexos, o cooperativismo se firma como um pilar essencial para promover justi\u00e7a social, resili\u00eancia econ\u00f4mica e desenvolvimento sustent\u00e1vel. Hoje, o movimento re\u00fane mais de 3 milh\u00f5es de cooperativas no mundo, conectando cerca de 1 bilh\u00e3o de pessoas. No [&hellip;]\" \/>\n<meta property=\"og:url\" content=\"https:\/\/radiolifefm.com.br\/noticias\/dia-internacional-das-cooperativas-roberto-rodrigues-aponta-cooperativismo-como-solucao-para-desafios-globais\/\" \/>\n<meta property=\"og:site_name\" content=\"R\u00e1dio Life FM\" \/>\n<meta property=\"article:publisher\" content=\"https:\/\/www.facebook.com\/radiolifefm\/\" \/>\n<meta property=\"article:published_time\" content=\"2025-07-06T15:50:48+00:00\" \/>\n<meta property=\"article:modified_time\" content=\"2026-03-27T05:55:13+00:00\" \/>\n<meta property=\"og:image\" content=\"https:\/\/radiolifefm.com.br\/noticias\/wp-content\/uploads\/2025\/07\/t.jpg\" \/>\n\t<meta property=\"og:image:width\" content=\"640\" \/>\n\t<meta property=\"og:image:height\" content=\"400\" \/>\n\t<meta property=\"og:image:type\" content=\"image\/jpeg\" \/>\n<meta name=\"author\" content=\"ritanery\" \/>\n<meta name=\"twitter:card\" content=\"summary_large_image\" \/>\n<meta name=\"twitter:label1\" content=\"Escrito por\" \/>\n\t<meta name=\"twitter:data1\" content=\"ritanery\" \/>\n\t<meta name=\"twitter:label2\" content=\"Est. tempo de leitura\" \/>\n\t<meta name=\"twitter:data2\" content=\"5 minutos\" \/>\n<script type=\"application\/ld+json\" class=\"yoast-schema-graph\">{\"@context\":\"https:\/\/schema.org\",\"@graph\":[{\"@type\":\"Article\",\"@id\":\"https:\/\/radiolifefm.com.br\/noticias\/dia-internacional-das-cooperativas-roberto-rodrigues-aponta-cooperativismo-como-solucao-para-desafios-globais\/#article\",\"isPartOf\":{\"@id\":\"https:\/\/radiolifefm.com.br\/noticias\/dia-internacional-das-cooperativas-roberto-rodrigues-aponta-cooperativismo-como-solucao-para-desafios-globais\/\"},\"author\":{\"name\":\"ritanery\",\"@id\":\"https:\/\/radiolifefm.com.br\/noticias\/#\/schema\/person\/6339b9fac59d12b071dec680d7375d87\"},\"headline\":\"Dia Internacional das Cooperativas: Roberto Rodrigues aponta cooperativismo como solu\u00e7\u00e3o para desafios globais\",\"datePublished\":\"2025-07-06T15:50:48+00:00\",\"dateModified\":\"2026-03-27T05:55:13+00:00\",\"mainEntityOfPage\":{\"@id\":\"https:\/\/radiolifefm.com.br\/noticias\/dia-internacional-das-cooperativas-roberto-rodrigues-aponta-cooperativismo-como-solucao-para-desafios-globais\/\"},\"wordCount\":897,\"publisher\":{\"@id\":\"https:\/\/radiolifefm.com.br\/noticias\/#organization\"},\"image\":{\"@id\":\"https:\/\/radiolifefm.com.br\/noticias\/dia-internacional-das-cooperativas-roberto-rodrigues-aponta-cooperativismo-como-solucao-para-desafios-globais\/#primaryimage\"},\"thumbnailUrl\":\"https:\/\/radiolifefm.com.br\/noticias\/wp-content\/uploads\/2025\/07\/t.jpg\",\"articleSection\":[\"Geral\"],\"inLanguage\":\"pt-BR\"},{\"@type\":\"WebPage\",\"@id\":\"https:\/\/radiolifefm.com.br\/noticias\/dia-internacional-das-cooperativas-roberto-rodrigues-aponta-cooperativismo-como-solucao-para-desafios-globais\/\",\"url\":\"https:\/\/radiolifefm.com.br\/noticias\/dia-internacional-das-cooperativas-roberto-rodrigues-aponta-cooperativismo-como-solucao-para-desafios-globais\/\",\"name\":\"Dia Internacional das Cooperativas: Roberto Rodrigues aponta cooperativismo como solu\u00e7\u00e3o para desafios globais - R\u00e1dio Life FM\",\"isPartOf\":{\"@id\":\"https:\/\/radiolifefm.com.br\/noticias\/#website\"},\"primaryImageOfPage\":{\"@id\":\"https:\/\/radiolifefm.com.br\/noticias\/dia-internacional-das-cooperativas-roberto-rodrigues-aponta-cooperativismo-como-solucao-para-desafios-globais\/#primaryimage\"},\"image\":{\"@id\":\"https:\/\/radiolifefm.com.br\/noticias\/dia-internacional-das-cooperativas-roberto-rodrigues-aponta-cooperativismo-como-solucao-para-desafios-globais\/#primaryimage\"},\"thumbnailUrl\":\"https:\/\/radiolifefm.com.br\/noticias\/wp-content\/uploads\/2025\/07\/t.jpg\",\"datePublished\":\"2025-07-06T15:50:48+00:00\",\"dateModified\":\"2026-03-27T05:55:13+00:00\",\"breadcrumb\":{\"@id\":\"https:\/\/radiolifefm.com.br\/noticias\/dia-internacional-das-cooperativas-roberto-rodrigues-aponta-cooperativismo-como-solucao-para-desafios-globais\/#breadcrumb\"},\"inLanguage\":\"pt-BR\",\"potentialAction\":[{\"@type\":\"ReadAction\",\"target\":[\"https:\/\/radiolifefm.com.br\/noticias\/dia-internacional-das-cooperativas-roberto-rodrigues-aponta-cooperativismo-como-solucao-para-desafios-globais\/\"]}]},{\"@type\":\"ImageObject\",\"inLanguage\":\"pt-BR\",\"@id\":\"https:\/\/radiolifefm.com.br\/noticias\/dia-internacional-das-cooperativas-roberto-rodrigues-aponta-cooperativismo-como-solucao-para-desafios-globais\/#primaryimage\",\"url\":\"https:\/\/radiolifefm.com.br\/noticias\/wp-content\/uploads\/2025\/07\/t.jpg\",\"contentUrl\":\"https:\/\/radiolifefm.com.br\/noticias\/wp-content\/uploads\/2025\/07\/t.jpg\",\"width\":640,\"height\":400,\"caption\":\"Durante Summit Governan\u00e7a Sicredi, o ex-ministro e ex-presidente da Alian\u00e7a Cooperativa Internacional, reconheceu maturidade e for\u00e7a do movimento que j\u00e1 re\u00fane mais de 1 bilh\u00e3o de pessoas no mundo\"},{\"@type\":\"BreadcrumbList\",\"@id\":\"https:\/\/radiolifefm.com.br\/noticias\/dia-internacional-das-cooperativas-roberto-rodrigues-aponta-cooperativismo-como-solucao-para-desafios-globais\/#breadcrumb\",\"itemListElement\":[{\"@type\":\"ListItem\",\"position\":1,\"name\":\"In\u00edcio\",\"item\":\"https:\/\/radiolifefm.com.br\/noticias\/\"},{\"@type\":\"ListItem\",\"position\":2,\"name\":\"Dia Internacional das Cooperativas: Roberto Rodrigues aponta cooperativismo como solu\u00e7\u00e3o para desafios globais\"}]},{\"@type\":\"WebSite\",\"@id\":\"https:\/\/radiolifefm.com.br\/noticias\/#website\",\"url\":\"https:\/\/radiolifefm.com.br\/noticias\/\",\"name\":\"R\u00e1dio Life FM\",\"description\":\"O Portal de Not\u00edcias de Adamantina\",\"publisher\":{\"@id\":\"https:\/\/radiolifefm.com.br\/noticias\/#organization\"},\"alternateName\":\"Life FM\",\"potentialAction\":[{\"@type\":\"SearchAction\",\"target\":{\"@type\":\"EntryPoint\",\"urlTemplate\":\"https:\/\/radiolifefm.com.br\/noticias\/?s={search_term_string}\"},\"query-input\":{\"@type\":\"PropertyValueSpecification\",\"valueRequired\":true,\"valueName\":\"search_term_string\"}}],\"inLanguage\":\"pt-BR\"},{\"@type\":\"Organization\",\"@id\":\"https:\/\/radiolifefm.com.br\/noticias\/#organization\",\"name\":\"R\u00e1dio Life FM\",\"alternateName\":\"Life FM\",\"url\":\"https:\/\/radiolifefm.com.br\/noticias\/\",\"logo\":{\"@type\":\"ImageObject\",\"inLanguage\":\"pt-BR\",\"@id\":\"https:\/\/radiolifefm.com.br\/noticias\/#\/schema\/logo\/image\/\",\"url\":\"https:\/\/static.radiolifefm.com.br\/noticias\/wp-content\/uploads\/2019\/10\/logo-lifefm.png\",\"contentUrl\":\"https:\/\/static.radiolifefm.com.br\/noticias\/wp-content\/uploads\/2019\/10\/logo-lifefm.png\",\"width\":196,\"height\":47,\"caption\":\"R\u00e1dio Life FM\"},\"image\":{\"@id\":\"https:\/\/radiolifefm.com.br\/noticias\/#\/schema\/logo\/image\/\"},\"sameAs\":[\"https:\/\/www.facebook.com\/radiolifefm\/\",\"https:\/\/www.instagram.com\/life1079fm\/\"]},{\"@type\":\"Person\",\"@id\":\"https:\/\/radiolifefm.com.br\/noticias\/#\/schema\/person\/6339b9fac59d12b071dec680d7375d87\",\"name\":\"ritanery\",\"image\":{\"@type\":\"ImageObject\",\"inLanguage\":\"pt-BR\",\"@id\":\"https:\/\/secure.gravatar.com\/avatar\/0e37bb19071f47c0b8a23f62a903df117c5a0e75f65a0c2901562f97cd41cf86?s=96&d=mm&r=g\",\"url\":\"https:\/\/secure.gravatar.com\/avatar\/0e37bb19071f47c0b8a23f62a903df117c5a0e75f65a0c2901562f97cd41cf86?s=96&d=mm&r=g\",\"contentUrl\":\"https:\/\/secure.gravatar.com\/avatar\/0e37bb19071f47c0b8a23f62a903df117c5a0e75f65a0c2901562f97cd41cf86?s=96&d=mm&r=g\",\"caption\":\"ritanery\"}}]}<\/script>\n<!-- \/ Yoast SEO plugin. -->","yoast_head_json":{"title":"Dia Internacional das Cooperativas: Roberto Rodrigues aponta cooperativismo como solu\u00e7\u00e3o para desafios globais - R\u00e1dio Life FM","robots":{"index":"index","follow":"follow","max-snippet":"max-snippet:-1","max-image-preview":"max-image-preview:large","max-video-preview":"max-video-preview:-1"},"canonical":"https:\/\/radiolifefm.com.br\/noticias\/dia-internacional-das-cooperativas-roberto-rodrigues-aponta-cooperativismo-como-solucao-para-desafios-globais\/","og_locale":"pt_BR","og_type":"article","og_title":"Dia Internacional das Cooperativas: Roberto Rodrigues aponta cooperativismo como solu\u00e7\u00e3o para desafios globais - R\u00e1dio Life FM","og_description":"Em um mundo em constante transforma\u00e7\u00e3o e diante de desafios econ\u00f4micos, sociais e ambientais cada vez mais complexos, o cooperativismo se firma como um pilar essencial para promover justi\u00e7a social, resili\u00eancia econ\u00f4mica e desenvolvimento sustent\u00e1vel. Hoje, o movimento re\u00fane mais de 3 milh\u00f5es de cooperativas no mundo, conectando cerca de 1 bilh\u00e3o de pessoas. No [&hellip;]","og_url":"https:\/\/radiolifefm.com.br\/noticias\/dia-internacional-das-cooperativas-roberto-rodrigues-aponta-cooperativismo-como-solucao-para-desafios-globais\/","og_site_name":"R\u00e1dio Life FM","article_publisher":"https:\/\/www.facebook.com\/radiolifefm\/","article_published_time":"2025-07-06T15:50:48+00:00","article_modified_time":"2026-03-27T05:55:13+00:00","og_image":[{"width":640,"height":400,"url":"https:\/\/radiolifefm.com.br\/noticias\/wp-content\/uploads\/2025\/07\/t.jpg","type":"image\/jpeg"}],"author":"ritanery","twitter_card":"summary_large_image","twitter_misc":{"Escrito por":"ritanery","Est. tempo de leitura":"5 minutos"},"schema":{"@context":"https:\/\/schema.org","@graph":[{"@type":"Article","@id":"https:\/\/radiolifefm.com.br\/noticias\/dia-internacional-das-cooperativas-roberto-rodrigues-aponta-cooperativismo-como-solucao-para-desafios-globais\/#article","isPartOf":{"@id":"https:\/\/radiolifefm.com.br\/noticias\/dia-internacional-das-cooperativas-roberto-rodrigues-aponta-cooperativismo-como-solucao-para-desafios-globais\/"},"author":{"name":"ritanery","@id":"https:\/\/radiolifefm.com.br\/noticias\/#\/schema\/person\/6339b9fac59d12b071dec680d7375d87"},"headline":"Dia Internacional das Cooperativas: Roberto Rodrigues aponta cooperativismo como solu\u00e7\u00e3o para desafios globais","datePublished":"2025-07-06T15:50:48+00:00","dateModified":"2026-03-27T05:55:13+00:00","mainEntityOfPage":{"@id":"https:\/\/radiolifefm.com.br\/noticias\/dia-internacional-das-cooperativas-roberto-rodrigues-aponta-cooperativismo-como-solucao-para-desafios-globais\/"},"wordCount":897,"publisher":{"@id":"https:\/\/radiolifefm.com.br\/noticias\/#organization"},"image":{"@id":"https:\/\/radiolifefm.com.br\/noticias\/dia-internacional-das-cooperativas-roberto-rodrigues-aponta-cooperativismo-como-solucao-para-desafios-globais\/#primaryimage"},"thumbnailUrl":"https:\/\/radiolifefm.com.br\/noticias\/wp-content\/uploads\/2025\/07\/t.jpg","articleSection":["Geral"],"inLanguage":"pt-BR"},{"@type":"WebPage","@id":"https:\/\/radiolifefm.com.br\/noticias\/dia-internacional-das-cooperativas-roberto-rodrigues-aponta-cooperativismo-como-solucao-para-desafios-globais\/","url":"https:\/\/radiolifefm.com.br\/noticias\/dia-internacional-das-cooperativas-roberto-rodrigues-aponta-cooperativismo-como-solucao-para-desafios-globais\/","name":"Dia Internacional das Cooperativas: Roberto Rodrigues aponta cooperativismo como solu\u00e7\u00e3o para desafios globais - R\u00e1dio Life FM","isPartOf":{"@id":"https:\/\/radiolifefm.com.br\/noticias\/#website"},"primaryImageOfPage":{"@id":"https:\/\/radiolifefm.com.br\/noticias\/dia-internacional-das-cooperativas-roberto-rodrigues-aponta-cooperativismo-como-solucao-para-desafios-globais\/#primaryimage"},"image":{"@id":"https:\/\/radiolifefm.com.br\/noticias\/dia-internacional-das-cooperativas-roberto-rodrigues-aponta-cooperativismo-como-solucao-para-desafios-globais\/#primaryimage"},"thumbnailUrl":"https:\/\/radiolifefm.com.br\/noticias\/wp-content\/uploads\/2025\/07\/t.jpg","datePublished":"2025-07-06T15:50:48+00:00","dateModified":"2026-03-27T05:55:13+00:00","breadcrumb":{"@id":"https:\/\/radiolifefm.com.br\/noticias\/dia-internacional-das-cooperativas-roberto-rodrigues-aponta-cooperativismo-como-solucao-para-desafios-globais\/#breadcrumb"},"inLanguage":"pt-BR","potentialAction":[{"@type":"ReadAction","target":["https:\/\/radiolifefm.com.br\/noticias\/dia-internacional-das-cooperativas-roberto-rodrigues-aponta-cooperativismo-como-solucao-para-desafios-globais\/"]}]},{"@type":"ImageObject","inLanguage":"pt-BR","@id":"https:\/\/radiolifefm.com.br\/noticias\/dia-internacional-das-cooperativas-roberto-rodrigues-aponta-cooperativismo-como-solucao-para-desafios-globais\/#primaryimage","url":"https:\/\/radiolifefm.com.br\/noticias\/wp-content\/uploads\/2025\/07\/t.jpg","contentUrl":"https:\/\/radiolifefm.com.br\/noticias\/wp-content\/uploads\/2025\/07\/t.jpg","width":640,"height":400,"caption":"Durante Summit Governan\u00e7a Sicredi, o ex-ministro e ex-presidente da Alian\u00e7a Cooperativa Internacional, reconheceu maturidade e for\u00e7a do movimento que j\u00e1 re\u00fane mais de 1 bilh\u00e3o de pessoas no mundo"},{"@type":"BreadcrumbList","@id":"https:\/\/radiolifefm.com.br\/noticias\/dia-internacional-das-cooperativas-roberto-rodrigues-aponta-cooperativismo-como-solucao-para-desafios-globais\/#breadcrumb","itemListElement":[{"@type":"ListItem","position":1,"name":"In\u00edcio","item":"https:\/\/radiolifefm.com.br\/noticias\/"},{"@type":"ListItem","position":2,"name":"Dia Internacional das Cooperativas: Roberto Rodrigues aponta cooperativismo como solu\u00e7\u00e3o para desafios globais"}]},{"@type":"WebSite","@id":"https:\/\/radiolifefm.com.br\/noticias\/#website","url":"https:\/\/radiolifefm.com.br\/noticias\/","name":"R\u00e1dio Life FM","description":"O Portal de Not\u00edcias de Adamantina","publisher":{"@id":"https:\/\/radiolifefm.com.br\/noticias\/#organization"},"alternateName":"Life FM","potentialAction":[{"@type":"SearchAction","target":{"@type":"EntryPoint","urlTemplate":"https:\/\/radiolifefm.com.br\/noticias\/?s={search_term_string}"},"query-input":{"@type":"PropertyValueSpecification","valueRequired":true,"valueName":"search_term_string"}}],"inLanguage":"pt-BR"},{"@type":"Organization","@id":"https:\/\/radiolifefm.com.br\/noticias\/#organization","name":"R\u00e1dio Life FM","alternateName":"Life FM","url":"https:\/\/radiolifefm.com.br\/noticias\/","logo":{"@type":"ImageObject","inLanguage":"pt-BR","@id":"https:\/\/radiolifefm.com.br\/noticias\/#\/schema\/logo\/image\/","url":"https:\/\/static.radiolifefm.com.br\/noticias\/wp-content\/uploads\/2019\/10\/logo-lifefm.png","contentUrl":"https:\/\/static.radiolifefm.com.br\/noticias\/wp-content\/uploads\/2019\/10\/logo-lifefm.png","width":196,"height":47,"caption":"R\u00e1dio Life FM"},"image":{"@id":"https:\/\/radiolifefm.com.br\/noticias\/#\/schema\/logo\/image\/"},"sameAs":["https:\/\/www.facebook.com\/radiolifefm\/","https:\/\/www.instagram.com\/life1079fm\/"]},{"@type":"Person","@id":"https:\/\/radiolifefm.com.br\/noticias\/#\/schema\/person\/6339b9fac59d12b071dec680d7375d87","name":"ritanery","image":{"@type":"ImageObject","inLanguage":"pt-BR","@id":"https:\/\/secure.gravatar.com\/avatar\/0e37bb19071f47c0b8a23f62a903df117c5a0e75f65a0c2901562f97cd41cf86?s=96&d=mm&r=g","url":"https:\/\/secure.gravatar.com\/avatar\/0e37bb19071f47c0b8a23f62a903df117c5a0e75f65a0c2901562f97cd41cf86?s=96&d=mm&r=g","contentUrl":"https:\/\/secure.gravatar.com\/avatar\/0e37bb19071f47c0b8a23f62a903df117c5a0e75f65a0c2901562f97cd41cf86?s=96&d=mm&r=g","caption":"ritanery"}}]}},"amp_enabled":true,"_links":{"self":[{"href":"https:\/\/radiolifefm.com.br\/noticias\/wp-json\/wp\/v2\/posts\/102742","targetHints":{"allow":["GET"]}}],"collection":[{"href":"https:\/\/radiolifefm.com.br\/noticias\/wp-json\/wp\/v2\/posts"}],"about":[{"href":"https:\/\/radiolifefm.com.br\/noticias\/wp-json\/wp\/v2\/types\/post"}],"author":[{"embeddable":true,"href":"https:\/\/radiolifefm.com.br\/noticias\/wp-json\/wp\/v2\/users\/13"}],"replies":[{"embeddable":true,"href":"https:\/\/radiolifefm.com.br\/noticias\/wp-json\/wp\/v2\/comments?post=102742"}],"version-history":[{"count":4,"href":"https:\/\/radiolifefm.com.br\/noticias\/wp-json\/wp\/v2\/posts\/102742\/revisions"}],"predecessor-version":[{"id":102747,"href":"https:\/\/radiolifefm.com.br\/noticias\/wp-json\/wp\/v2\/posts\/102742\/revisions\/102747"}],"wp:featuredmedia":[{"embeddable":true,"href":"https:\/\/radiolifefm.com.br\/noticias\/wp-json\/wp\/v2\/media\/102743"}],"wp:attachment":[{"href":"https:\/\/radiolifefm.com.br\/noticias\/wp-json\/wp\/v2\/media?parent=102742"}],"wp:term":[{"taxonomy":"category","embeddable":true,"href":"https:\/\/radiolifefm.com.br\/noticias\/wp-json\/wp\/v2\/categories?post=102742"},{"taxonomy":"post_tag","embeddable":true,"href":"https:\/\/radiolifefm.com.br\/noticias\/wp-json\/wp\/v2\/tags?post=102742"}],"curies":[{"name":"wp","href":"https:\/\/api.w.org\/{rel}","templated":true}]}}