{"id":102738,"date":"2025-07-06T12:48:14","date_gmt":"2025-07-06T15:48:14","guid":{"rendered":"https:\/\/radiolifefm.com.br\/noticias\/?p=102738"},"modified":"2026-04-27T21:09:45","modified_gmt":"2026-04-28T00:09:45","slug":"nova-tarifa-social-energisa-explica-como-vai-funcionar","status":"publish","type":"post","link":"https:\/\/radiolifefm.com.br\/noticias\/nova-tarifa-social-energisa-explica-como-vai-funcionar\/","title":{"rendered":"Nova Tarifa Social: Energisa explica como vai funcionar"},"content":{"rendered":"<div id=\"fb-root\"><\/div>\n<div>A Medida Provis\u00f3ria 1.300\/2025 ampliou o alcance da Tarifa Social de Energia El\u00e9trica em todo o pa\u00eds, beneficiando cerca de 100 mil fam\u00edlias de baixa renda nos 82 munic\u00edpios na \u00e1rea de concess\u00e3o da Energisa Sul-Sudeste.<\/div>\n<div><\/div>\n<div>A Aneel j\u00e1 regulamentou que a nova tarifa social come\u00e7a a valer integralmente a partir deste s\u00e1bado, 5 de julho. De acordo com as novas regras, clientes com renda per capita de meio sal\u00e1rio m\u00ednimo e consumo de at\u00e9 80 kW\/h ter\u00e3o isen\u00e7\u00e3o total da energia consumida e dos impostos federais. No caso de fam\u00edlias ind\u00edgenas, quilombolas, clientes de regi\u00f5es que n\u00e3o s\u00e3o interligadas ao Sistema Interligado Nacional ou com direito ao Benef\u00edcio de Presta\u00e7\u00e3o Continuada (BPC). Nos dois casos, os clientes s\u00f3 ser\u00e3o cobrados pelo consumo de energia que exceder os 80 kW\/h.<\/div>\n<div><\/div>\n<div>\u201cA tarifa social \u00e9 concedida automaticamente \u00e0s fam\u00edlias inscritas no Cadastro \u00danico (Cad\u00danico) ou que recebam o Benef\u00edcio de Presta\u00e7\u00e3o Continuada (BPC). Por isso, n\u00f3s alertamos que \u00e9 essencial manter os dados atualizados no Cad\u00danico. Importante sinalizar qualquer mudan\u00e7a de endere\u00e7o e informar dados para contato como telefone e-mail.\u201d, refor\u00e7a o gerente do DESC da Energisa Sul-Sudeste, Helber Corsaletti.<\/div>\n<div><\/div>\n<div><b>Condi\u00e7\u00f5es da nova Tarifa Social<\/b><\/div>\n<div>Fam\u00edlias com consumo de at\u00e9 80 kWh por m\u00eas e renda per capital de at\u00e9 meio sal\u00e1rio m\u00ednimo podem ter isen\u00e7\u00e3o total no consumo de energia. Mas, a conta pode incluir ICMS e contribui\u00e7\u00e3o de ilumina\u00e7\u00e3o p\u00fablica, de acordo com as leis estaduais e municipais.<\/div>\n<div><\/div>\n<div>Clientes com direito ao Benef\u00edcio de Presta\u00e7\u00e3o Continuada (BPC), fam\u00edlias ind\u00edgenas, quilombolas ou atendidos pelos Sistemas Isolados (SISOLs) s\u00f3 ser\u00e3o cobrados pelo consumo que exceder 80kwh.<\/div>\n<div><\/div>\n<div><b>Quando come\u00e7a a valer a atualiza\u00e7\u00e3o<\/b><\/div>\n<div>As atualiza\u00e7\u00f5es come\u00e7am a valer para contas emitidas a partir de 5 de julho, de acordo com as diretrizes da Aneel (Ag\u00eancia Nacional de Energia El\u00e9trica). Quem se enquadrar nos novos crit\u00e9rios e estiver com o Cad\u00danico atualizado pode come\u00e7ar a receber o benef\u00edcio automaticamente, ap\u00f3s a an\u00e1lise e confirma\u00e7\u00e3o dos dados.<\/div>\n<div><\/div>\n<div><b>Como aderir \u00e0 Tarifa Social<\/b><\/div>\n<div>\u00c9 importante manter o cadastro atualizado para garantir o recebimento do benef\u00edcio.\u00a0 Mais informa\u00e7\u00f5es acesse:\u00a0<u><a id=\"m_-8477957529325403362OWA9a57d441-41aa-5ff0-1a5c-77bb01c6f9f4\" href=\"https:\/\/ajuda.energisa.com.br\/pergunta\/tarifa-social-de-energia-eletrica\/\" target=\"_blank\" rel=\"noopener\" data-saferedirecturl=\"https:\/\/www.google.com\/url?q=https:\/\/ajuda.energisa.com.br\/pergunta\/tarifa-social-de-energia-eletrica\/&amp;source=gmail&amp;ust=1751903207203000&amp;usg=AOvVaw27kKm1TNqhxxguy_mb_ZiC\">https:\/\/ajuda.energisa.com.br\/pergunta\/tarifa-social-de-energia-eletrica\/<\/a><\/u><\/div>\n<div><\/div>\n<div id=\"m_-8477957529325403362x_Signature\"><\/div>\n<p><strong><b>Edneia Cristina da Silva Zart<\/b><br \/>\nAnl Comunicacao III &#8211; COORDENACAO DE BUSSINESS PARTNER<\/strong><\/p>\n<p>&nbsp;<\/p>\n<p>&nbsp;<\/p>\n<p>&nbsp;<\/p>\n<p>&nbsp;<\/p>\n","protected":false},"excerpt":{"rendered":"<p>A Medida Provis\u00f3ria 1.300\/2025 ampliou o alcance da Tarifa Social de Energia El\u00e9trica em todo o pa\u00eds, beneficiando cerca de 100 mil fam\u00edlias de baixa renda nos 82 munic\u00edpios na \u00e1rea de concess\u00e3o da Energisa Sul-Sudeste. A Aneel j\u00e1 regulamentou que a nova tarifa social come\u00e7a a valer integralmente a partir deste s\u00e1bado, 5 de [&hellip;]<\/p>\n","protected":false},"author":13,"featured_media":102739,"comment_status":"closed","ping_status":"open","sticky":false,"template":"","format":"standard","meta":{"_acf_changed":false,"_exactmetrics_skip_tracking":false,"_exactmetrics_sitenote_active":false,"_exactmetrics_sitenote_note":"","_exactmetrics_sitenote_category":0,"footnotes":""},"categories":[1],"tags":[],"class_list":["post-102738","post","type-post","status-publish","format-standard","has-post-thumbnail","hentry","category-geral"],"acf":[],"yoast_head":"<!-- This site is optimized with the Yoast SEO plugin v27.2 - https:\/\/yoast.com\/product\/yoast-seo-wordpress\/ -->\n<title>Nova Tarifa Social: Energisa explica como vai funcionar - R\u00e1dio Life FM<\/title>\n<meta name=\"robots\" content=\"index, follow, max-snippet:-1, max-image-preview:large, max-video-preview:-1\" \/>\n<link rel=\"canonical\" href=\"https:\/\/radiolifefm.com.br\/noticias\/nova-tarifa-social-energisa-explica-como-vai-funcionar\/\" \/>\n<meta property=\"og:locale\" content=\"pt_BR\" \/>\n<meta property=\"og:type\" content=\"article\" \/>\n<meta property=\"og:title\" content=\"Nova Tarifa Social: Energisa explica como vai funcionar - R\u00e1dio Life FM\" \/>\n<meta property=\"og:description\" content=\"A Medida Provis\u00f3ria 1.300\/2025 ampliou o alcance da Tarifa Social de Energia El\u00e9trica em todo o pa\u00eds, beneficiando cerca de 100 mil fam\u00edlias de baixa renda nos 82 munic\u00edpios na \u00e1rea de concess\u00e3o da Energisa Sul-Sudeste. A Aneel j\u00e1 regulamentou que a nova tarifa social come\u00e7a a valer integralmente a partir deste s\u00e1bado, 5 de [&hellip;]\" \/>\n<meta property=\"og:url\" content=\"https:\/\/radiolifefm.com.br\/noticias\/nova-tarifa-social-energisa-explica-como-vai-funcionar\/\" \/>\n<meta property=\"og:site_name\" content=\"R\u00e1dio Life FM\" \/>\n<meta property=\"article:publisher\" content=\"https:\/\/www.facebook.com\/radiolifefm\/\" \/>\n<meta property=\"article:published_time\" content=\"2025-07-06T15:48:14+00:00\" \/>\n<meta property=\"article:modified_time\" content=\"2026-04-28T00:09:45+00:00\" \/>\n<meta property=\"og:image\" content=\"https:\/\/radiolifefm.com.br\/noticias\/wp-content\/uploads\/2025\/07\/Conta-de-energia-baixa-renda.jpeg\" \/>\n\t<meta property=\"og:image:width\" content=\"1180\" \/>\n\t<meta property=\"og:image:height\" content=\"1256\" \/>\n\t<meta property=\"og:image:type\" content=\"image\/jpeg\" \/>\n<meta name=\"author\" content=\"ritanery\" \/>\n<meta name=\"twitter:card\" content=\"summary_large_image\" \/>\n<meta name=\"twitter:label1\" content=\"Escrito por\" \/>\n\t<meta name=\"twitter:data1\" content=\"ritanery\" \/>\n\t<meta name=\"twitter:label2\" content=\"Est. tempo de leitura\" \/>\n\t<meta name=\"twitter:data2\" content=\"3 minutos\" \/>\n<script type=\"application\/ld+json\" class=\"yoast-schema-graph\">{\"@context\":\"https:\/\/schema.org\",\"@graph\":[{\"@type\":\"Article\",\"@id\":\"https:\/\/radiolifefm.com.br\/noticias\/nova-tarifa-social-energisa-explica-como-vai-funcionar\/#article\",\"isPartOf\":{\"@id\":\"https:\/\/radiolifefm.com.br\/noticias\/nova-tarifa-social-energisa-explica-como-vai-funcionar\/\"},\"author\":{\"name\":\"ritanery\",\"@id\":\"https:\/\/radiolifefm.com.br\/noticias\/#\/schema\/person\/6339b9fac59d12b071dec680d7375d87\"},\"headline\":\"Nova Tarifa Social: Energisa explica como vai funcionar\",\"datePublished\":\"2025-07-06T15:48:14+00:00\",\"dateModified\":\"2026-04-28T00:09:45+00:00\",\"mainEntityOfPage\":{\"@id\":\"https:\/\/radiolifefm.com.br\/noticias\/nova-tarifa-social-energisa-explica-como-vai-funcionar\/\"},\"wordCount\":423,\"publisher\":{\"@id\":\"https:\/\/radiolifefm.com.br\/noticias\/#organization\"},\"image\":{\"@id\":\"https:\/\/radiolifefm.com.br\/noticias\/nova-tarifa-social-energisa-explica-como-vai-funcionar\/#primaryimage\"},\"thumbnailUrl\":\"https:\/\/radiolifefm.com.br\/noticias\/wp-content\/uploads\/2025\/07\/Conta-de-energia-baixa-renda.jpeg\",\"articleSection\":[\"Geral\"],\"inLanguage\":\"pt-BR\"},{\"@type\":\"WebPage\",\"@id\":\"https:\/\/radiolifefm.com.br\/noticias\/nova-tarifa-social-energisa-explica-como-vai-funcionar\/\",\"url\":\"https:\/\/radiolifefm.com.br\/noticias\/nova-tarifa-social-energisa-explica-como-vai-funcionar\/\",\"name\":\"Nova Tarifa Social: Energisa explica como vai funcionar - R\u00e1dio Life FM\",\"isPartOf\":{\"@id\":\"https:\/\/radiolifefm.com.br\/noticias\/#website\"},\"primaryImageOfPage\":{\"@id\":\"https:\/\/radiolifefm.com.br\/noticias\/nova-tarifa-social-energisa-explica-como-vai-funcionar\/#primaryimage\"},\"image\":{\"@id\":\"https:\/\/radiolifefm.com.br\/noticias\/nova-tarifa-social-energisa-explica-como-vai-funcionar\/#primaryimage\"},\"thumbnailUrl\":\"https:\/\/radiolifefm.com.br\/noticias\/wp-content\/uploads\/2025\/07\/Conta-de-energia-baixa-renda.jpeg\",\"datePublished\":\"2025-07-06T15:48:14+00:00\",\"dateModified\":\"2026-04-28T00:09:45+00:00\",\"breadcrumb\":{\"@id\":\"https:\/\/radiolifefm.com.br\/noticias\/nova-tarifa-social-energisa-explica-como-vai-funcionar\/#breadcrumb\"},\"inLanguage\":\"pt-BR\",\"potentialAction\":[{\"@type\":\"ReadAction\",\"target\":[\"https:\/\/radiolifefm.com.br\/noticias\/nova-tarifa-social-energisa-explica-como-vai-funcionar\/\"]}]},{\"@type\":\"ImageObject\",\"inLanguage\":\"pt-BR\",\"@id\":\"https:\/\/radiolifefm.com.br\/noticias\/nova-tarifa-social-energisa-explica-como-vai-funcionar\/#primaryimage\",\"url\":\"https:\/\/radiolifefm.com.br\/noticias\/wp-content\/uploads\/2025\/07\/Conta-de-energia-baixa-renda.jpeg\",\"contentUrl\":\"https:\/\/radiolifefm.com.br\/noticias\/wp-content\/uploads\/2025\/07\/Conta-de-energia-baixa-renda.jpeg\",\"width\":1180,\"height\":1256,\"caption\":\"Mais fam\u00edlias poder\u00e3o ser beneficiadas com descontos nas contas que podem chegar a 100% do consumo de energia\"},{\"@type\":\"BreadcrumbList\",\"@id\":\"https:\/\/radiolifefm.com.br\/noticias\/nova-tarifa-social-energisa-explica-como-vai-funcionar\/#breadcrumb\",\"itemListElement\":[{\"@type\":\"ListItem\",\"position\":1,\"name\":\"In\u00edcio\",\"item\":\"https:\/\/radiolifefm.com.br\/noticias\/\"},{\"@type\":\"ListItem\",\"position\":2,\"name\":\"Nova Tarifa Social: Energisa explica como vai funcionar\"}]},{\"@type\":\"WebSite\",\"@id\":\"https:\/\/radiolifefm.com.br\/noticias\/#website\",\"url\":\"https:\/\/radiolifefm.com.br\/noticias\/\",\"name\":\"R\u00e1dio Life FM\",\"description\":\"O Portal de Not\u00edcias de Adamantina\",\"publisher\":{\"@id\":\"https:\/\/radiolifefm.com.br\/noticias\/#organization\"},\"alternateName\":\"Life FM\",\"potentialAction\":[{\"@type\":\"SearchAction\",\"target\":{\"@type\":\"EntryPoint\",\"urlTemplate\":\"https:\/\/radiolifefm.com.br\/noticias\/?s={search_term_string}\"},\"query-input\":{\"@type\":\"PropertyValueSpecification\",\"valueRequired\":true,\"valueName\":\"search_term_string\"}}],\"inLanguage\":\"pt-BR\"},{\"@type\":\"Organization\",\"@id\":\"https:\/\/radiolifefm.com.br\/noticias\/#organization\",\"name\":\"R\u00e1dio Life FM\",\"alternateName\":\"Life FM\",\"url\":\"https:\/\/radiolifefm.com.br\/noticias\/\",\"logo\":{\"@type\":\"ImageObject\",\"inLanguage\":\"pt-BR\",\"@id\":\"https:\/\/radiolifefm.com.br\/noticias\/#\/schema\/logo\/image\/\",\"url\":\"https:\/\/static.radiolifefm.com.br\/noticias\/wp-content\/uploads\/2019\/10\/logo-lifefm.png\",\"contentUrl\":\"https:\/\/static.radiolifefm.com.br\/noticias\/wp-content\/uploads\/2019\/10\/logo-lifefm.png\",\"width\":196,\"height\":47,\"caption\":\"R\u00e1dio Life FM\"},\"image\":{\"@id\":\"https:\/\/radiolifefm.com.br\/noticias\/#\/schema\/logo\/image\/\"},\"sameAs\":[\"https:\/\/www.facebook.com\/radiolifefm\/\",\"https:\/\/www.instagram.com\/life1079fm\/\"]},{\"@type\":\"Person\",\"@id\":\"https:\/\/radiolifefm.com.br\/noticias\/#\/schema\/person\/6339b9fac59d12b071dec680d7375d87\",\"name\":\"ritanery\",\"image\":{\"@type\":\"ImageObject\",\"inLanguage\":\"pt-BR\",\"@id\":\"https:\/\/secure.gravatar.com\/avatar\/0e37bb19071f47c0b8a23f62a903df117c5a0e75f65a0c2901562f97cd41cf86?s=96&d=mm&r=g\",\"url\":\"https:\/\/secure.gravatar.com\/avatar\/0e37bb19071f47c0b8a23f62a903df117c5a0e75f65a0c2901562f97cd41cf86?s=96&d=mm&r=g\",\"contentUrl\":\"https:\/\/secure.gravatar.com\/avatar\/0e37bb19071f47c0b8a23f62a903df117c5a0e75f65a0c2901562f97cd41cf86?s=96&d=mm&r=g\",\"caption\":\"ritanery\"}}]}<\/script>\n<!-- \/ Yoast SEO plugin. -->","yoast_head_json":{"title":"Nova Tarifa Social: Energisa explica como vai funcionar - R\u00e1dio Life FM","robots":{"index":"index","follow":"follow","max-snippet":"max-snippet:-1","max-image-preview":"max-image-preview:large","max-video-preview":"max-video-preview:-1"},"canonical":"https:\/\/radiolifefm.com.br\/noticias\/nova-tarifa-social-energisa-explica-como-vai-funcionar\/","og_locale":"pt_BR","og_type":"article","og_title":"Nova Tarifa Social: Energisa explica como vai funcionar - R\u00e1dio Life FM","og_description":"A Medida Provis\u00f3ria 1.300\/2025 ampliou o alcance da Tarifa Social de Energia El\u00e9trica em todo o pa\u00eds, beneficiando cerca de 100 mil fam\u00edlias de baixa renda nos 82 munic\u00edpios na \u00e1rea de concess\u00e3o da Energisa Sul-Sudeste. A Aneel j\u00e1 regulamentou que a nova tarifa social come\u00e7a a valer integralmente a partir deste s\u00e1bado, 5 de [&hellip;]","og_url":"https:\/\/radiolifefm.com.br\/noticias\/nova-tarifa-social-energisa-explica-como-vai-funcionar\/","og_site_name":"R\u00e1dio Life FM","article_publisher":"https:\/\/www.facebook.com\/radiolifefm\/","article_published_time":"2025-07-06T15:48:14+00:00","article_modified_time":"2026-04-28T00:09:45+00:00","og_image":[{"width":1180,"height":1256,"url":"https:\/\/radiolifefm.com.br\/noticias\/wp-content\/uploads\/2025\/07\/Conta-de-energia-baixa-renda.jpeg","type":"image\/jpeg"}],"author":"ritanery","twitter_card":"summary_large_image","twitter_misc":{"Escrito por":"ritanery","Est. tempo de leitura":"3 minutos"},"schema":{"@context":"https:\/\/schema.org","@graph":[{"@type":"Article","@id":"https:\/\/radiolifefm.com.br\/noticias\/nova-tarifa-social-energisa-explica-como-vai-funcionar\/#article","isPartOf":{"@id":"https:\/\/radiolifefm.com.br\/noticias\/nova-tarifa-social-energisa-explica-como-vai-funcionar\/"},"author":{"name":"ritanery","@id":"https:\/\/radiolifefm.com.br\/noticias\/#\/schema\/person\/6339b9fac59d12b071dec680d7375d87"},"headline":"Nova Tarifa Social: Energisa explica como vai funcionar","datePublished":"2025-07-06T15:48:14+00:00","dateModified":"2026-04-28T00:09:45+00:00","mainEntityOfPage":{"@id":"https:\/\/radiolifefm.com.br\/noticias\/nova-tarifa-social-energisa-explica-como-vai-funcionar\/"},"wordCount":423,"publisher":{"@id":"https:\/\/radiolifefm.com.br\/noticias\/#organization"},"image":{"@id":"https:\/\/radiolifefm.com.br\/noticias\/nova-tarifa-social-energisa-explica-como-vai-funcionar\/#primaryimage"},"thumbnailUrl":"https:\/\/radiolifefm.com.br\/noticias\/wp-content\/uploads\/2025\/07\/Conta-de-energia-baixa-renda.jpeg","articleSection":["Geral"],"inLanguage":"pt-BR"},{"@type":"WebPage","@id":"https:\/\/radiolifefm.com.br\/noticias\/nova-tarifa-social-energisa-explica-como-vai-funcionar\/","url":"https:\/\/radiolifefm.com.br\/noticias\/nova-tarifa-social-energisa-explica-como-vai-funcionar\/","name":"Nova Tarifa Social: Energisa explica como vai funcionar - R\u00e1dio Life FM","isPartOf":{"@id":"https:\/\/radiolifefm.com.br\/noticias\/#website"},"primaryImageOfPage":{"@id":"https:\/\/radiolifefm.com.br\/noticias\/nova-tarifa-social-energisa-explica-como-vai-funcionar\/#primaryimage"},"image":{"@id":"https:\/\/radiolifefm.com.br\/noticias\/nova-tarifa-social-energisa-explica-como-vai-funcionar\/#primaryimage"},"thumbnailUrl":"https:\/\/radiolifefm.com.br\/noticias\/wp-content\/uploads\/2025\/07\/Conta-de-energia-baixa-renda.jpeg","datePublished":"2025-07-06T15:48:14+00:00","dateModified":"2026-04-28T00:09:45+00:00","breadcrumb":{"@id":"https:\/\/radiolifefm.com.br\/noticias\/nova-tarifa-social-energisa-explica-como-vai-funcionar\/#breadcrumb"},"inLanguage":"pt-BR","potentialAction":[{"@type":"ReadAction","target":["https:\/\/radiolifefm.com.br\/noticias\/nova-tarifa-social-energisa-explica-como-vai-funcionar\/"]}]},{"@type":"ImageObject","inLanguage":"pt-BR","@id":"https:\/\/radiolifefm.com.br\/noticias\/nova-tarifa-social-energisa-explica-como-vai-funcionar\/#primaryimage","url":"https:\/\/radiolifefm.com.br\/noticias\/wp-content\/uploads\/2025\/07\/Conta-de-energia-baixa-renda.jpeg","contentUrl":"https:\/\/radiolifefm.com.br\/noticias\/wp-content\/uploads\/2025\/07\/Conta-de-energia-baixa-renda.jpeg","width":1180,"height":1256,"caption":"Mais fam\u00edlias poder\u00e3o ser beneficiadas com descontos nas contas que podem chegar a 100% do consumo de energia"},{"@type":"BreadcrumbList","@id":"https:\/\/radiolifefm.com.br\/noticias\/nova-tarifa-social-energisa-explica-como-vai-funcionar\/#breadcrumb","itemListElement":[{"@type":"ListItem","position":1,"name":"In\u00edcio","item":"https:\/\/radiolifefm.com.br\/noticias\/"},{"@type":"ListItem","position":2,"name":"Nova Tarifa Social: Energisa explica como vai funcionar"}]},{"@type":"WebSite","@id":"https:\/\/radiolifefm.com.br\/noticias\/#website","url":"https:\/\/radiolifefm.com.br\/noticias\/","name":"R\u00e1dio Life FM","description":"O Portal de Not\u00edcias de Adamantina","publisher":{"@id":"https:\/\/radiolifefm.com.br\/noticias\/#organization"},"alternateName":"Life FM","potentialAction":[{"@type":"SearchAction","target":{"@type":"EntryPoint","urlTemplate":"https:\/\/radiolifefm.com.br\/noticias\/?s={search_term_string}"},"query-input":{"@type":"PropertyValueSpecification","valueRequired":true,"valueName":"search_term_string"}}],"inLanguage":"pt-BR"},{"@type":"Organization","@id":"https:\/\/radiolifefm.com.br\/noticias\/#organization","name":"R\u00e1dio Life FM","alternateName":"Life FM","url":"https:\/\/radiolifefm.com.br\/noticias\/","logo":{"@type":"ImageObject","inLanguage":"pt-BR","@id":"https:\/\/radiolifefm.com.br\/noticias\/#\/schema\/logo\/image\/","url":"https:\/\/static.radiolifefm.com.br\/noticias\/wp-content\/uploads\/2019\/10\/logo-lifefm.png","contentUrl":"https:\/\/static.radiolifefm.com.br\/noticias\/wp-content\/uploads\/2019\/10\/logo-lifefm.png","width":196,"height":47,"caption":"R\u00e1dio Life FM"},"image":{"@id":"https:\/\/radiolifefm.com.br\/noticias\/#\/schema\/logo\/image\/"},"sameAs":["https:\/\/www.facebook.com\/radiolifefm\/","https:\/\/www.instagram.com\/life1079fm\/"]},{"@type":"Person","@id":"https:\/\/radiolifefm.com.br\/noticias\/#\/schema\/person\/6339b9fac59d12b071dec680d7375d87","name":"ritanery","image":{"@type":"ImageObject","inLanguage":"pt-BR","@id":"https:\/\/secure.gravatar.com\/avatar\/0e37bb19071f47c0b8a23f62a903df117c5a0e75f65a0c2901562f97cd41cf86?s=96&d=mm&r=g","url":"https:\/\/secure.gravatar.com\/avatar\/0e37bb19071f47c0b8a23f62a903df117c5a0e75f65a0c2901562f97cd41cf86?s=96&d=mm&r=g","contentUrl":"https:\/\/secure.gravatar.com\/avatar\/0e37bb19071f47c0b8a23f62a903df117c5a0e75f65a0c2901562f97cd41cf86?s=96&d=mm&r=g","caption":"ritanery"}}]}},"amp_enabled":true,"_links":{"self":[{"href":"https:\/\/radiolifefm.com.br\/noticias\/wp-json\/wp\/v2\/posts\/102738","targetHints":{"allow":["GET"]}}],"collection":[{"href":"https:\/\/radiolifefm.com.br\/noticias\/wp-json\/wp\/v2\/posts"}],"about":[{"href":"https:\/\/radiolifefm.com.br\/noticias\/wp-json\/wp\/v2\/types\/post"}],"author":[{"embeddable":true,"href":"https:\/\/radiolifefm.com.br\/noticias\/wp-json\/wp\/v2\/users\/13"}],"replies":[{"embeddable":true,"href":"https:\/\/radiolifefm.com.br\/noticias\/wp-json\/wp\/v2\/comments?post=102738"}],"version-history":[{"count":2,"href":"https:\/\/radiolifefm.com.br\/noticias\/wp-json\/wp\/v2\/posts\/102738\/revisions"}],"predecessor-version":[{"id":102741,"href":"https:\/\/radiolifefm.com.br\/noticias\/wp-json\/wp\/v2\/posts\/102738\/revisions\/102741"}],"wp:featuredmedia":[{"embeddable":true,"href":"https:\/\/radiolifefm.com.br\/noticias\/wp-json\/wp\/v2\/media\/102739"}],"wp:attachment":[{"href":"https:\/\/radiolifefm.com.br\/noticias\/wp-json\/wp\/v2\/media?parent=102738"}],"wp:term":[{"taxonomy":"category","embeddable":true,"href":"https:\/\/radiolifefm.com.br\/noticias\/wp-json\/wp\/v2\/categories?post=102738"},{"taxonomy":"post_tag","embeddable":true,"href":"https:\/\/radiolifefm.com.br\/noticias\/wp-json\/wp\/v2\/tags?post=102738"}],"curies":[{"name":"wp","href":"https:\/\/api.w.org\/{rel}","templated":true}]}}