{"id":102723,"date":"2025-07-04T12:11:00","date_gmt":"2025-07-04T15:11:00","guid":{"rendered":"https:\/\/radiolifefm.com.br\/noticias\/?p=102723"},"modified":"2026-04-10T13:25:27","modified_gmt":"2026-04-10T16:25:27","slug":"conheca-o-clube-dos-desbravadores-colmeia-em-acao","status":"publish","type":"post","link":"https:\/\/radiolifefm.com.br\/noticias\/conheca-o-clube-dos-desbravadores-colmeia-em-acao\/","title":{"rendered":"Conhe\u00e7a o Clube dos Desbravadores &#8211; Colmeia em A\u00e7\u00e3o"},"content":{"rendered":"<div id=\"fb-root\"><\/div>\n<p>No Jornal do Meio-Dia de quinta-feira, 3, recebemos o diretor do Clube dos Desbravadores &#8211; Colmeia em A\u00e7\u00e3o de Adamantina, Keller Ohara.<\/p>\n<p><img loading=\"lazy\" decoding=\"async\" class=\"alignnone size-medium wp-image-102724\" src=\"https:\/\/static.radiolifefm.com.br\/noticias\/wp-content\/uploads\/2025\/07\/WhatsApp-Image-2025-07-03-at-16.30.51-300x300.jpeg\" alt=\"\" width=\"300\" height=\"300\" srcset=\"https:\/\/radiolifefm.com.br\/noticias\/wp-content\/uploads\/2025\/07\/WhatsApp-Image-2025-07-03-at-16.30.51-300x300.jpeg 300w, https:\/\/radiolifefm.com.br\/noticias\/wp-content\/uploads\/2025\/07\/WhatsApp-Image-2025-07-03-at-16.30.51-1024x1024.jpeg 1024w, https:\/\/radiolifefm.com.br\/noticias\/wp-content\/uploads\/2025\/07\/WhatsApp-Image-2025-07-03-at-16.30.51-150x150.jpeg 150w, https:\/\/radiolifefm.com.br\/noticias\/wp-content\/uploads\/2025\/07\/WhatsApp-Image-2025-07-03-at-16.30.51-768x768.jpeg 768w, https:\/\/radiolifefm.com.br\/noticias\/wp-content\/uploads\/2025\/07\/WhatsApp-Image-2025-07-03-at-16.30.51-200x200.jpeg 200w, https:\/\/radiolifefm.com.br\/noticias\/wp-content\/uploads\/2025\/07\/WhatsApp-Image-2025-07-03-at-16.30.51-250x250.jpeg 250w, https:\/\/radiolifefm.com.br\/noticias\/wp-content\/uploads\/2025\/07\/WhatsApp-Image-2025-07-03-at-16.30.51-500x500.jpeg 500w, https:\/\/radiolifefm.com.br\/noticias\/wp-content\/uploads\/2025\/07\/WhatsApp-Image-2025-07-03-at-16.30.51-700x700.jpeg 700w, https:\/\/radiolifefm.com.br\/noticias\/wp-content\/uploads\/2025\/07\/WhatsApp-Image-2025-07-03-at-16.30.51.jpeg 1080w\" sizes=\"auto, (max-width: 300px) 100vw, 300px\" \/> <img loading=\"lazy\" decoding=\"async\" class=\"alignnone size-medium wp-image-102725\" src=\"https:\/\/static.radiolifefm.com.br\/noticias\/wp-content\/uploads\/2025\/07\/WhatsApp-Image-2025-07-03-at-16.30.50-2-300x300.jpeg\" alt=\"\" width=\"300\" height=\"300\" srcset=\"https:\/\/radiolifefm.com.br\/noticias\/wp-content\/uploads\/2025\/07\/WhatsApp-Image-2025-07-03-at-16.30.50-2-300x300.jpeg 300w, https:\/\/radiolifefm.com.br\/noticias\/wp-content\/uploads\/2025\/07\/WhatsApp-Image-2025-07-03-at-16.30.50-2-1024x1024.jpeg 1024w, https:\/\/radiolifefm.com.br\/noticias\/wp-content\/uploads\/2025\/07\/WhatsApp-Image-2025-07-03-at-16.30.50-2-150x150.jpeg 150w, https:\/\/radiolifefm.com.br\/noticias\/wp-content\/uploads\/2025\/07\/WhatsApp-Image-2025-07-03-at-16.30.50-2-768x768.jpeg 768w, https:\/\/radiolifefm.com.br\/noticias\/wp-content\/uploads\/2025\/07\/WhatsApp-Image-2025-07-03-at-16.30.50-2-200x200.jpeg 200w, https:\/\/radiolifefm.com.br\/noticias\/wp-content\/uploads\/2025\/07\/WhatsApp-Image-2025-07-03-at-16.30.50-2-250x250.jpeg 250w, https:\/\/radiolifefm.com.br\/noticias\/wp-content\/uploads\/2025\/07\/WhatsApp-Image-2025-07-03-at-16.30.50-2-500x500.jpeg 500w, https:\/\/radiolifefm.com.br\/noticias\/wp-content\/uploads\/2025\/07\/WhatsApp-Image-2025-07-03-at-16.30.50-2-700x700.jpeg 700w, https:\/\/radiolifefm.com.br\/noticias\/wp-content\/uploads\/2025\/07\/WhatsApp-Image-2025-07-03-at-16.30.50-2.jpeg 1080w\" sizes=\"auto, (max-width: 300px) 100vw, 300px\" \/><\/p>\n<p>Na ocasi\u00e3o, ele contou tudo sobre este importante grupo que vem transformando as vidas de crian\u00e7as e adolescentes do munic\u00edpio.<\/p>\n<p><img loading=\"lazy\" decoding=\"async\" class=\"alignnone size-medium wp-image-102726\" src=\"https:\/\/static.radiolifefm.com.br\/noticias\/wp-content\/uploads\/2025\/07\/WhatsApp-Image-2025-07-03-at-16.30.50-1-300x300.jpeg\" alt=\"\" width=\"300\" height=\"300\" srcset=\"https:\/\/radiolifefm.com.br\/noticias\/wp-content\/uploads\/2025\/07\/WhatsApp-Image-2025-07-03-at-16.30.50-1-300x300.jpeg 300w, https:\/\/radiolifefm.com.br\/noticias\/wp-content\/uploads\/2025\/07\/WhatsApp-Image-2025-07-03-at-16.30.50-1-1024x1024.jpeg 1024w, https:\/\/radiolifefm.com.br\/noticias\/wp-content\/uploads\/2025\/07\/WhatsApp-Image-2025-07-03-at-16.30.50-1-150x150.jpeg 150w, https:\/\/radiolifefm.com.br\/noticias\/wp-content\/uploads\/2025\/07\/WhatsApp-Image-2025-07-03-at-16.30.50-1-768x768.jpeg 768w, https:\/\/radiolifefm.com.br\/noticias\/wp-content\/uploads\/2025\/07\/WhatsApp-Image-2025-07-03-at-16.30.50-1-200x200.jpeg 200w, https:\/\/radiolifefm.com.br\/noticias\/wp-content\/uploads\/2025\/07\/WhatsApp-Image-2025-07-03-at-16.30.50-1-250x250.jpeg 250w, https:\/\/radiolifefm.com.br\/noticias\/wp-content\/uploads\/2025\/07\/WhatsApp-Image-2025-07-03-at-16.30.50-1-500x500.jpeg 500w, https:\/\/radiolifefm.com.br\/noticias\/wp-content\/uploads\/2025\/07\/WhatsApp-Image-2025-07-03-at-16.30.50-1-700x700.jpeg 700w, https:\/\/radiolifefm.com.br\/noticias\/wp-content\/uploads\/2025\/07\/WhatsApp-Image-2025-07-03-at-16.30.50-1.jpeg 1080w\" sizes=\"auto, (max-width: 300px) 100vw, 300px\" \/> <img loading=\"lazy\" decoding=\"async\" class=\"alignnone size-medium wp-image-102727\" src=\"https:\/\/static.radiolifefm.com.br\/noticias\/wp-content\/uploads\/2025\/07\/WhatsApp-Image-2025-07-03-at-16.30.50-300x300.jpeg\" alt=\"\" width=\"300\" height=\"300\" srcset=\"https:\/\/radiolifefm.com.br\/noticias\/wp-content\/uploads\/2025\/07\/WhatsApp-Image-2025-07-03-at-16.30.50-300x300.jpeg 300w, https:\/\/radiolifefm.com.br\/noticias\/wp-content\/uploads\/2025\/07\/WhatsApp-Image-2025-07-03-at-16.30.50-1024x1024.jpeg 1024w, https:\/\/radiolifefm.com.br\/noticias\/wp-content\/uploads\/2025\/07\/WhatsApp-Image-2025-07-03-at-16.30.50-150x150.jpeg 150w, https:\/\/radiolifefm.com.br\/noticias\/wp-content\/uploads\/2025\/07\/WhatsApp-Image-2025-07-03-at-16.30.50-768x768.jpeg 768w, https:\/\/radiolifefm.com.br\/noticias\/wp-content\/uploads\/2025\/07\/WhatsApp-Image-2025-07-03-at-16.30.50-200x200.jpeg 200w, https:\/\/radiolifefm.com.br\/noticias\/wp-content\/uploads\/2025\/07\/WhatsApp-Image-2025-07-03-at-16.30.50-250x250.jpeg 250w, https:\/\/radiolifefm.com.br\/noticias\/wp-content\/uploads\/2025\/07\/WhatsApp-Image-2025-07-03-at-16.30.50-500x500.jpeg 500w, https:\/\/radiolifefm.com.br\/noticias\/wp-content\/uploads\/2025\/07\/WhatsApp-Image-2025-07-03-at-16.30.50-700x700.jpeg 700w, https:\/\/radiolifefm.com.br\/noticias\/wp-content\/uploads\/2025\/07\/WhatsApp-Image-2025-07-03-at-16.30.50.jpeg 1080w\" sizes=\"auto, (max-width: 300px) 100vw, 300px\" \/><\/p>\n<p>Keller tamb\u00e9m falou sobre as atividades desenvolvidas com os jovens, envolvendo a\u00e7\u00f5es de cidadania, solidariedade e educa\u00e7\u00e3o ambiental. Veja a entrevista completa e saiba mais!<\/p>\n<p><iframe loading=\"lazy\" title=\"O Jornal  recebe Keller Ohara, Diretor do Clube dos Desbravadores Colm\u00e9ia em A\u00e7\u00e3o de Adamantina\" width=\"500\" height=\"281\" src=\"https:\/\/www.youtube.com\/embed\/GzEL8QpWyQ8?feature=oembed\" frameborder=\"0\" allow=\"accelerometer; autoplay; clipboard-write; encrypted-media; gyroscope; picture-in-picture; web-share\" referrerpolicy=\"strict-origin-when-cross-origin\" allowfullscreen><\/iframe><\/p>\n","protected":false},"excerpt":{"rendered":"<p>No Jornal do Meio-Dia de quinta-feira, 3, recebemos o diretor do Clube dos Desbravadores &#8211; Colmeia em A\u00e7\u00e3o de Adamantina, Keller Ohara. Na ocasi\u00e3o, ele contou tudo sobre este importante grupo que vem transformando as vidas de crian\u00e7as e adolescentes do munic\u00edpio. Keller tamb\u00e9m falou sobre as atividades desenvolvidas com os jovens, envolvendo a\u00e7\u00f5es de [&hellip;]<\/p>\n","protected":false},"author":15,"featured_media":102728,"comment_status":"closed","ping_status":"open","sticky":false,"template":"","format":"standard","meta":{"_acf_changed":false,"_exactmetrics_skip_tracking":false,"_exactmetrics_sitenote_active":false,"_exactmetrics_sitenote_note":"","_exactmetrics_sitenote_category":0,"footnotes":""},"categories":[2],"tags":[],"class_list":["post-102723","post","type-post","status-publish","format-standard","has-post-thumbnail","hentry","category-jornal-do-meio-dia"],"acf":[],"yoast_head":"<!-- This site is optimized with the Yoast SEO plugin v27.2 - https:\/\/yoast.com\/product\/yoast-seo-wordpress\/ -->\n<title>Conhe\u00e7a o Clube dos Desbravadores - Colmeia em A\u00e7\u00e3o - R\u00e1dio Life FM<\/title>\n<meta name=\"robots\" content=\"index, follow, max-snippet:-1, max-image-preview:large, max-video-preview:-1\" \/>\n<link rel=\"canonical\" href=\"https:\/\/radiolifefm.com.br\/noticias\/conheca-o-clube-dos-desbravadores-colmeia-em-acao\/\" \/>\n<meta property=\"og:locale\" content=\"pt_BR\" \/>\n<meta property=\"og:type\" content=\"article\" \/>\n<meta property=\"og:title\" content=\"Conhe\u00e7a o Clube dos Desbravadores - Colmeia em A\u00e7\u00e3o - R\u00e1dio Life FM\" \/>\n<meta property=\"og:description\" content=\"No Jornal do Meio-Dia de quinta-feira, 3, recebemos o diretor do Clube dos Desbravadores &#8211; Colmeia em A\u00e7\u00e3o de Adamantina, Keller Ohara. Na ocasi\u00e3o, ele contou tudo sobre este importante grupo que vem transformando as vidas de crian\u00e7as e adolescentes do munic\u00edpio. Keller tamb\u00e9m falou sobre as atividades desenvolvidas com os jovens, envolvendo a\u00e7\u00f5es de [&hellip;]\" \/>\n<meta property=\"og:url\" content=\"https:\/\/radiolifefm.com.br\/noticias\/conheca-o-clube-dos-desbravadores-colmeia-em-acao\/\" \/>\n<meta property=\"og:site_name\" content=\"R\u00e1dio Life FM\" \/>\n<meta property=\"article:publisher\" content=\"https:\/\/www.facebook.com\/radiolifefm\/\" \/>\n<meta property=\"article:published_time\" content=\"2025-07-04T15:11:00+00:00\" \/>\n<meta property=\"article:modified_time\" content=\"2026-04-10T16:25:27+00:00\" \/>\n<meta property=\"og:image\" content=\"https:\/\/radiolifefm.com.br\/noticias\/wp-content\/uploads\/2025\/07\/WhatsApp-Image-2025-07-03-at-16.30.49.jpeg\" \/>\n\t<meta property=\"og:image:width\" content=\"1366\" \/>\n\t<meta property=\"og:image:height\" content=\"768\" \/>\n\t<meta property=\"og:image:type\" content=\"image\/jpeg\" \/>\n<meta name=\"author\" content=\"J\u00e9ssica Nakadaira\" \/>\n<meta name=\"twitter:card\" content=\"summary_large_image\" \/>\n<meta name=\"twitter:label1\" content=\"Escrito por\" \/>\n\t<meta name=\"twitter:data1\" content=\"J\u00e9ssica Nakadaira\" \/>\n\t<meta name=\"twitter:label2\" content=\"Est. tempo de leitura\" \/>\n\t<meta name=\"twitter:data2\" content=\"2 minutos\" \/>\n<script type=\"application\/ld+json\" class=\"yoast-schema-graph\">{\"@context\":\"https:\/\/schema.org\",\"@graph\":[{\"@type\":\"Article\",\"@id\":\"https:\/\/radiolifefm.com.br\/noticias\/conheca-o-clube-dos-desbravadores-colmeia-em-acao\/#article\",\"isPartOf\":{\"@id\":\"https:\/\/radiolifefm.com.br\/noticias\/conheca-o-clube-dos-desbravadores-colmeia-em-acao\/\"},\"author\":{\"name\":\"J\u00e9ssica Nakadaira\",\"@id\":\"https:\/\/radiolifefm.com.br\/noticias\/#\/schema\/person\/4af6fff3068bd0b8dfd1ed7704759f26\"},\"headline\":\"Conhe\u00e7a o Clube dos Desbravadores &#8211; Colmeia em A\u00e7\u00e3o\",\"datePublished\":\"2025-07-04T15:11:00+00:00\",\"dateModified\":\"2026-04-10T16:25:27+00:00\",\"mainEntityOfPage\":{\"@id\":\"https:\/\/radiolifefm.com.br\/noticias\/conheca-o-clube-dos-desbravadores-colmeia-em-acao\/\"},\"wordCount\":92,\"publisher\":{\"@id\":\"https:\/\/radiolifefm.com.br\/noticias\/#organization\"},\"image\":{\"@id\":\"https:\/\/radiolifefm.com.br\/noticias\/conheca-o-clube-dos-desbravadores-colmeia-em-acao\/#primaryimage\"},\"thumbnailUrl\":\"https:\/\/radiolifefm.com.br\/noticias\/wp-content\/uploads\/2025\/07\/WhatsApp-Image-2025-07-03-at-16.30.49.jpeg\",\"articleSection\":[\"Jornal das 12h\"],\"inLanguage\":\"pt-BR\"},{\"@type\":\"WebPage\",\"@id\":\"https:\/\/radiolifefm.com.br\/noticias\/conheca-o-clube-dos-desbravadores-colmeia-em-acao\/\",\"url\":\"https:\/\/radiolifefm.com.br\/noticias\/conheca-o-clube-dos-desbravadores-colmeia-em-acao\/\",\"name\":\"Conhe\u00e7a o Clube dos Desbravadores - Colmeia em A\u00e7\u00e3o - R\u00e1dio Life FM\",\"isPartOf\":{\"@id\":\"https:\/\/radiolifefm.com.br\/noticias\/#website\"},\"primaryImageOfPage\":{\"@id\":\"https:\/\/radiolifefm.com.br\/noticias\/conheca-o-clube-dos-desbravadores-colmeia-em-acao\/#primaryimage\"},\"image\":{\"@id\":\"https:\/\/radiolifefm.com.br\/noticias\/conheca-o-clube-dos-desbravadores-colmeia-em-acao\/#primaryimage\"},\"thumbnailUrl\":\"https:\/\/radiolifefm.com.br\/noticias\/wp-content\/uploads\/2025\/07\/WhatsApp-Image-2025-07-03-at-16.30.49.jpeg\",\"datePublished\":\"2025-07-04T15:11:00+00:00\",\"dateModified\":\"2026-04-10T16:25:27+00:00\",\"breadcrumb\":{\"@id\":\"https:\/\/radiolifefm.com.br\/noticias\/conheca-o-clube-dos-desbravadores-colmeia-em-acao\/#breadcrumb\"},\"inLanguage\":\"pt-BR\",\"potentialAction\":[{\"@type\":\"ReadAction\",\"target\":[\"https:\/\/radiolifefm.com.br\/noticias\/conheca-o-clube-dos-desbravadores-colmeia-em-acao\/\"]}]},{\"@type\":\"ImageObject\",\"inLanguage\":\"pt-BR\",\"@id\":\"https:\/\/radiolifefm.com.br\/noticias\/conheca-o-clube-dos-desbravadores-colmeia-em-acao\/#primaryimage\",\"url\":\"https:\/\/radiolifefm.com.br\/noticias\/wp-content\/uploads\/2025\/07\/WhatsApp-Image-2025-07-03-at-16.30.49.jpeg\",\"contentUrl\":\"https:\/\/radiolifefm.com.br\/noticias\/wp-content\/uploads\/2025\/07\/WhatsApp-Image-2025-07-03-at-16.30.49.jpeg\",\"width\":1366,\"height\":768},{\"@type\":\"BreadcrumbList\",\"@id\":\"https:\/\/radiolifefm.com.br\/noticias\/conheca-o-clube-dos-desbravadores-colmeia-em-acao\/#breadcrumb\",\"itemListElement\":[{\"@type\":\"ListItem\",\"position\":1,\"name\":\"In\u00edcio\",\"item\":\"https:\/\/radiolifefm.com.br\/noticias\/\"},{\"@type\":\"ListItem\",\"position\":2,\"name\":\"Conhe\u00e7a o Clube dos Desbravadores &#8211; Colmeia em A\u00e7\u00e3o\"}]},{\"@type\":\"WebSite\",\"@id\":\"https:\/\/radiolifefm.com.br\/noticias\/#website\",\"url\":\"https:\/\/radiolifefm.com.br\/noticias\/\",\"name\":\"R\u00e1dio Life FM\",\"description\":\"O Portal de Not\u00edcias de Adamantina\",\"publisher\":{\"@id\":\"https:\/\/radiolifefm.com.br\/noticias\/#organization\"},\"alternateName\":\"Life FM\",\"potentialAction\":[{\"@type\":\"SearchAction\",\"target\":{\"@type\":\"EntryPoint\",\"urlTemplate\":\"https:\/\/radiolifefm.com.br\/noticias\/?s={search_term_string}\"},\"query-input\":{\"@type\":\"PropertyValueSpecification\",\"valueRequired\":true,\"valueName\":\"search_term_string\"}}],\"inLanguage\":\"pt-BR\"},{\"@type\":\"Organization\",\"@id\":\"https:\/\/radiolifefm.com.br\/noticias\/#organization\",\"name\":\"R\u00e1dio Life FM\",\"alternateName\":\"Life FM\",\"url\":\"https:\/\/radiolifefm.com.br\/noticias\/\",\"logo\":{\"@type\":\"ImageObject\",\"inLanguage\":\"pt-BR\",\"@id\":\"https:\/\/radiolifefm.com.br\/noticias\/#\/schema\/logo\/image\/\",\"url\":\"https:\/\/static.radiolifefm.com.br\/noticias\/wp-content\/uploads\/2019\/10\/logo-lifefm.png\",\"contentUrl\":\"https:\/\/static.radiolifefm.com.br\/noticias\/wp-content\/uploads\/2019\/10\/logo-lifefm.png\",\"width\":196,\"height\":47,\"caption\":\"R\u00e1dio Life FM\"},\"image\":{\"@id\":\"https:\/\/radiolifefm.com.br\/noticias\/#\/schema\/logo\/image\/\"},\"sameAs\":[\"https:\/\/www.facebook.com\/radiolifefm\/\",\"https:\/\/www.instagram.com\/life1079fm\/\"]},{\"@type\":\"Person\",\"@id\":\"https:\/\/radiolifefm.com.br\/noticias\/#\/schema\/person\/4af6fff3068bd0b8dfd1ed7704759f26\",\"name\":\"J\u00e9ssica Nakadaira\",\"image\":{\"@type\":\"ImageObject\",\"inLanguage\":\"pt-BR\",\"@id\":\"https:\/\/secure.gravatar.com\/avatar\/8a68115ef30ace340d64293ad9830cfc0a2137ae5a0378e0239504221ef693f5?s=96&d=mm&r=g\",\"url\":\"https:\/\/secure.gravatar.com\/avatar\/8a68115ef30ace340d64293ad9830cfc0a2137ae5a0378e0239504221ef693f5?s=96&d=mm&r=g\",\"contentUrl\":\"https:\/\/secure.gravatar.com\/avatar\/8a68115ef30ace340d64293ad9830cfc0a2137ae5a0378e0239504221ef693f5?s=96&d=mm&r=g\",\"caption\":\"J\u00e9ssica Nakadaira\"}}]}<\/script>\n<!-- \/ Yoast SEO plugin. -->","yoast_head_json":{"title":"Conhe\u00e7a o Clube dos Desbravadores - Colmeia em A\u00e7\u00e3o - R\u00e1dio Life FM","robots":{"index":"index","follow":"follow","max-snippet":"max-snippet:-1","max-image-preview":"max-image-preview:large","max-video-preview":"max-video-preview:-1"},"canonical":"https:\/\/radiolifefm.com.br\/noticias\/conheca-o-clube-dos-desbravadores-colmeia-em-acao\/","og_locale":"pt_BR","og_type":"article","og_title":"Conhe\u00e7a o Clube dos Desbravadores - Colmeia em A\u00e7\u00e3o - R\u00e1dio Life FM","og_description":"No Jornal do Meio-Dia de quinta-feira, 3, recebemos o diretor do Clube dos Desbravadores &#8211; Colmeia em A\u00e7\u00e3o de Adamantina, Keller Ohara. Na ocasi\u00e3o, ele contou tudo sobre este importante grupo que vem transformando as vidas de crian\u00e7as e adolescentes do munic\u00edpio. Keller tamb\u00e9m falou sobre as atividades desenvolvidas com os jovens, envolvendo a\u00e7\u00f5es de [&hellip;]","og_url":"https:\/\/radiolifefm.com.br\/noticias\/conheca-o-clube-dos-desbravadores-colmeia-em-acao\/","og_site_name":"R\u00e1dio Life FM","article_publisher":"https:\/\/www.facebook.com\/radiolifefm\/","article_published_time":"2025-07-04T15:11:00+00:00","article_modified_time":"2026-04-10T16:25:27+00:00","og_image":[{"width":1366,"height":768,"url":"https:\/\/radiolifefm.com.br\/noticias\/wp-content\/uploads\/2025\/07\/WhatsApp-Image-2025-07-03-at-16.30.49.jpeg","type":"image\/jpeg"}],"author":"J\u00e9ssica Nakadaira","twitter_card":"summary_large_image","twitter_misc":{"Escrito por":"J\u00e9ssica Nakadaira","Est. tempo de leitura":"2 minutos"},"schema":{"@context":"https:\/\/schema.org","@graph":[{"@type":"Article","@id":"https:\/\/radiolifefm.com.br\/noticias\/conheca-o-clube-dos-desbravadores-colmeia-em-acao\/#article","isPartOf":{"@id":"https:\/\/radiolifefm.com.br\/noticias\/conheca-o-clube-dos-desbravadores-colmeia-em-acao\/"},"author":{"name":"J\u00e9ssica Nakadaira","@id":"https:\/\/radiolifefm.com.br\/noticias\/#\/schema\/person\/4af6fff3068bd0b8dfd1ed7704759f26"},"headline":"Conhe\u00e7a o Clube dos Desbravadores &#8211; Colmeia em A\u00e7\u00e3o","datePublished":"2025-07-04T15:11:00+00:00","dateModified":"2026-04-10T16:25:27+00:00","mainEntityOfPage":{"@id":"https:\/\/radiolifefm.com.br\/noticias\/conheca-o-clube-dos-desbravadores-colmeia-em-acao\/"},"wordCount":92,"publisher":{"@id":"https:\/\/radiolifefm.com.br\/noticias\/#organization"},"image":{"@id":"https:\/\/radiolifefm.com.br\/noticias\/conheca-o-clube-dos-desbravadores-colmeia-em-acao\/#primaryimage"},"thumbnailUrl":"https:\/\/radiolifefm.com.br\/noticias\/wp-content\/uploads\/2025\/07\/WhatsApp-Image-2025-07-03-at-16.30.49.jpeg","articleSection":["Jornal das 12h"],"inLanguage":"pt-BR"},{"@type":"WebPage","@id":"https:\/\/radiolifefm.com.br\/noticias\/conheca-o-clube-dos-desbravadores-colmeia-em-acao\/","url":"https:\/\/radiolifefm.com.br\/noticias\/conheca-o-clube-dos-desbravadores-colmeia-em-acao\/","name":"Conhe\u00e7a o Clube dos Desbravadores - Colmeia em A\u00e7\u00e3o - R\u00e1dio Life FM","isPartOf":{"@id":"https:\/\/radiolifefm.com.br\/noticias\/#website"},"primaryImageOfPage":{"@id":"https:\/\/radiolifefm.com.br\/noticias\/conheca-o-clube-dos-desbravadores-colmeia-em-acao\/#primaryimage"},"image":{"@id":"https:\/\/radiolifefm.com.br\/noticias\/conheca-o-clube-dos-desbravadores-colmeia-em-acao\/#primaryimage"},"thumbnailUrl":"https:\/\/radiolifefm.com.br\/noticias\/wp-content\/uploads\/2025\/07\/WhatsApp-Image-2025-07-03-at-16.30.49.jpeg","datePublished":"2025-07-04T15:11:00+00:00","dateModified":"2026-04-10T16:25:27+00:00","breadcrumb":{"@id":"https:\/\/radiolifefm.com.br\/noticias\/conheca-o-clube-dos-desbravadores-colmeia-em-acao\/#breadcrumb"},"inLanguage":"pt-BR","potentialAction":[{"@type":"ReadAction","target":["https:\/\/radiolifefm.com.br\/noticias\/conheca-o-clube-dos-desbravadores-colmeia-em-acao\/"]}]},{"@type":"ImageObject","inLanguage":"pt-BR","@id":"https:\/\/radiolifefm.com.br\/noticias\/conheca-o-clube-dos-desbravadores-colmeia-em-acao\/#primaryimage","url":"https:\/\/radiolifefm.com.br\/noticias\/wp-content\/uploads\/2025\/07\/WhatsApp-Image-2025-07-03-at-16.30.49.jpeg","contentUrl":"https:\/\/radiolifefm.com.br\/noticias\/wp-content\/uploads\/2025\/07\/WhatsApp-Image-2025-07-03-at-16.30.49.jpeg","width":1366,"height":768},{"@type":"BreadcrumbList","@id":"https:\/\/radiolifefm.com.br\/noticias\/conheca-o-clube-dos-desbravadores-colmeia-em-acao\/#breadcrumb","itemListElement":[{"@type":"ListItem","position":1,"name":"In\u00edcio","item":"https:\/\/radiolifefm.com.br\/noticias\/"},{"@type":"ListItem","position":2,"name":"Conhe\u00e7a o Clube dos Desbravadores &#8211; Colmeia em A\u00e7\u00e3o"}]},{"@type":"WebSite","@id":"https:\/\/radiolifefm.com.br\/noticias\/#website","url":"https:\/\/radiolifefm.com.br\/noticias\/","name":"R\u00e1dio Life FM","description":"O Portal de Not\u00edcias de Adamantina","publisher":{"@id":"https:\/\/radiolifefm.com.br\/noticias\/#organization"},"alternateName":"Life FM","potentialAction":[{"@type":"SearchAction","target":{"@type":"EntryPoint","urlTemplate":"https:\/\/radiolifefm.com.br\/noticias\/?s={search_term_string}"},"query-input":{"@type":"PropertyValueSpecification","valueRequired":true,"valueName":"search_term_string"}}],"inLanguage":"pt-BR"},{"@type":"Organization","@id":"https:\/\/radiolifefm.com.br\/noticias\/#organization","name":"R\u00e1dio Life FM","alternateName":"Life FM","url":"https:\/\/radiolifefm.com.br\/noticias\/","logo":{"@type":"ImageObject","inLanguage":"pt-BR","@id":"https:\/\/radiolifefm.com.br\/noticias\/#\/schema\/logo\/image\/","url":"https:\/\/static.radiolifefm.com.br\/noticias\/wp-content\/uploads\/2019\/10\/logo-lifefm.png","contentUrl":"https:\/\/static.radiolifefm.com.br\/noticias\/wp-content\/uploads\/2019\/10\/logo-lifefm.png","width":196,"height":47,"caption":"R\u00e1dio Life FM"},"image":{"@id":"https:\/\/radiolifefm.com.br\/noticias\/#\/schema\/logo\/image\/"},"sameAs":["https:\/\/www.facebook.com\/radiolifefm\/","https:\/\/www.instagram.com\/life1079fm\/"]},{"@type":"Person","@id":"https:\/\/radiolifefm.com.br\/noticias\/#\/schema\/person\/4af6fff3068bd0b8dfd1ed7704759f26","name":"J\u00e9ssica Nakadaira","image":{"@type":"ImageObject","inLanguage":"pt-BR","@id":"https:\/\/secure.gravatar.com\/avatar\/8a68115ef30ace340d64293ad9830cfc0a2137ae5a0378e0239504221ef693f5?s=96&d=mm&r=g","url":"https:\/\/secure.gravatar.com\/avatar\/8a68115ef30ace340d64293ad9830cfc0a2137ae5a0378e0239504221ef693f5?s=96&d=mm&r=g","contentUrl":"https:\/\/secure.gravatar.com\/avatar\/8a68115ef30ace340d64293ad9830cfc0a2137ae5a0378e0239504221ef693f5?s=96&d=mm&r=g","caption":"J\u00e9ssica Nakadaira"}}]}},"amp_enabled":true,"_links":{"self":[{"href":"https:\/\/radiolifefm.com.br\/noticias\/wp-json\/wp\/v2\/posts\/102723","targetHints":{"allow":["GET"]}}],"collection":[{"href":"https:\/\/radiolifefm.com.br\/noticias\/wp-json\/wp\/v2\/posts"}],"about":[{"href":"https:\/\/radiolifefm.com.br\/noticias\/wp-json\/wp\/v2\/types\/post"}],"author":[{"embeddable":true,"href":"https:\/\/radiolifefm.com.br\/noticias\/wp-json\/wp\/v2\/users\/15"}],"replies":[{"embeddable":true,"href":"https:\/\/radiolifefm.com.br\/noticias\/wp-json\/wp\/v2\/comments?post=102723"}],"version-history":[{"count":1,"href":"https:\/\/radiolifefm.com.br\/noticias\/wp-json\/wp\/v2\/posts\/102723\/revisions"}],"predecessor-version":[{"id":102729,"href":"https:\/\/radiolifefm.com.br\/noticias\/wp-json\/wp\/v2\/posts\/102723\/revisions\/102729"}],"wp:featuredmedia":[{"embeddable":true,"href":"https:\/\/radiolifefm.com.br\/noticias\/wp-json\/wp\/v2\/media\/102728"}],"wp:attachment":[{"href":"https:\/\/radiolifefm.com.br\/noticias\/wp-json\/wp\/v2\/media?parent=102723"}],"wp:term":[{"taxonomy":"category","embeddable":true,"href":"https:\/\/radiolifefm.com.br\/noticias\/wp-json\/wp\/v2\/categories?post=102723"},{"taxonomy":"post_tag","embeddable":true,"href":"https:\/\/radiolifefm.com.br\/noticias\/wp-json\/wp\/v2\/tags?post=102723"}],"curies":[{"name":"wp","href":"https:\/\/api.w.org\/{rel}","templated":true}]}}