{"id":102698,"date":"2025-07-04T11:05:41","date_gmt":"2025-07-04T14:05:41","guid":{"rendered":"https:\/\/radiolifefm.com.br\/noticias\/?p=102698"},"modified":"2026-04-05T13:39:04","modified_gmt":"2026-04-05T16:39:04","slug":"prefeitura-de-adamantina-realiza-primeira-edicao-da-feira-qualiagro","status":"publish","type":"post","link":"https:\/\/radiolifefm.com.br\/noticias\/prefeitura-de-adamantina-realiza-primeira-edicao-da-feira-qualiagro\/","title":{"rendered":"Prefeitura de Adamantina realiza primeira edi\u00e7\u00e3o da Feira QualiAgro"},"content":{"rendered":"<div id=\"fb-root\"><\/div>\n<p>Domingo, a partir das 16h, acontece mais um Domingo no Parque e a novidade para a programa\u00e7\u00e3o \u00e9 a realiza\u00e7\u00e3o da 1\u00aa edi\u00e7\u00e3o da feira QualiAgro.<\/p>\n<p>&nbsp;<\/p>\n<p>A iniciativa da Secretaria de Agricultura, Abastecimento e Meio Ambiente (SAAMA), consiste em possibilitar que as associa\u00e7\u00f5es e cooperativas de produtores rurais do munic\u00edpio comercializem os seus produtos que v\u00e3o desde o hortifr\u00fati, leite e seus derivados e, ainda, mel.<\/p>\n<p>&nbsp;<\/p>\n<p>Conforme o secret\u00e1rio de agricultura da SAAMA, Luis Henrique Fernandes, cabe a pasta fortalecer a agricultura familiar do munic\u00edpio e essa \u00e9 uma oportunidade.<\/p>\n<p>&nbsp;<\/p>\n<p>\u201cA feira \u00e9 uma vitrine para os pequenos produtores. Aqui, eles mostram o que sabem fazer de melhor e vendem direto ao consumidor, com pre\u00e7o justo e produto de qualidade\u201d, afirma.<\/p>\n<p>&nbsp;<\/p>\n<p>Atualmente, a pasta conta com 240 agricultores que integram o programa desenvolvido pela Prefeitura de Adamantina que consiste na disponibiliza\u00e7\u00e3o do composto org\u00e2nico.<\/p>\n<p>&nbsp;<\/p>\n<p>Al\u00e9m de receberem o composto gratuito, os agricultores cadastrados na Secretaria de Agricultura, Abastecimento e Meio Ambiente (SAAMA), ainda t\u00eam \u00e0 disposi\u00e7\u00e3o a assist\u00eancia t\u00e9cnica gratuita que auxilia no fomento da atividade econ\u00f4mica.<\/p>\n<p>&nbsp;<\/p>\n<p>Saiba quais s\u00e3o as atra\u00e7\u00f5es do Domingo no Parque<\/p>\n<p>Haver\u00e1 ainda a participa\u00e7\u00e3o do Corpo de Bombeiros e da Defesa Civil do munic\u00edpio, apresenta\u00e7\u00e3o de palha\u00e7aria com o Circo Imagin\u00e1rio, apresenta\u00e7\u00e3o com Soul Jazz. Para encerrar, a partir das 19h30, sobe ao palco, o Estilo Atrevido.<\/p>\n<p>&nbsp;<\/p>\n<p>&#8212;<\/p>\n<p>&nbsp;<\/p>\n<p>PREFEITURA DO MUNIC\u00cdPIO DE ADAMANTINA<\/p>\n<p>Jornalista Natacha Dominato<\/p>\n","protected":false},"excerpt":{"rendered":"<p>Domingo, a partir das 16h, acontece mais um Domingo no Parque e a novidade para a programa\u00e7\u00e3o \u00e9 a realiza\u00e7\u00e3o da 1\u00aa edi\u00e7\u00e3o da feira QualiAgro. &nbsp; A iniciativa da Secretaria de Agricultura, Abastecimento e Meio Ambiente (SAAMA), consiste em possibilitar que as associa\u00e7\u00f5es e cooperativas de produtores rurais do munic\u00edpio comercializem os seus produtos [&hellip;]<\/p>\n","protected":false},"author":13,"featured_media":102701,"comment_status":"closed","ping_status":"open","sticky":false,"template":"","format":"standard","meta":{"_acf_changed":false,"_exactmetrics_skip_tracking":false,"_exactmetrics_sitenote_active":false,"_exactmetrics_sitenote_note":"","_exactmetrics_sitenote_category":0,"footnotes":""},"categories":[1],"tags":[],"class_list":["post-102698","post","type-post","status-publish","format-standard","has-post-thumbnail","hentry","category-geral"],"acf":[],"yoast_head":"<!-- This site is optimized with the Yoast SEO plugin v27.2 - https:\/\/yoast.com\/product\/yoast-seo-wordpress\/ -->\n<title>Prefeitura de Adamantina realiza primeira edi\u00e7\u00e3o da Feira QualiAgro - R\u00e1dio Life FM<\/title>\n<meta name=\"robots\" content=\"index, follow, max-snippet:-1, max-image-preview:large, max-video-preview:-1\" \/>\n<link rel=\"canonical\" href=\"https:\/\/radiolifefm.com.br\/noticias\/prefeitura-de-adamantina-realiza-primeira-edicao-da-feira-qualiagro\/\" \/>\n<meta property=\"og:locale\" content=\"pt_BR\" \/>\n<meta property=\"og:type\" content=\"article\" \/>\n<meta property=\"og:title\" content=\"Prefeitura de Adamantina realiza primeira edi\u00e7\u00e3o da Feira QualiAgro - R\u00e1dio Life FM\" \/>\n<meta property=\"og:description\" content=\"Domingo, a partir das 16h, acontece mais um Domingo no Parque e a novidade para a programa\u00e7\u00e3o \u00e9 a realiza\u00e7\u00e3o da 1\u00aa edi\u00e7\u00e3o da feira QualiAgro. &nbsp; A iniciativa da Secretaria de Agricultura, Abastecimento e Meio Ambiente (SAAMA), consiste em possibilitar que as associa\u00e7\u00f5es e cooperativas de produtores rurais do munic\u00edpio comercializem os seus produtos [&hellip;]\" \/>\n<meta property=\"og:url\" content=\"https:\/\/radiolifefm.com.br\/noticias\/prefeitura-de-adamantina-realiza-primeira-edicao-da-feira-qualiagro\/\" \/>\n<meta property=\"og:site_name\" content=\"R\u00e1dio Life FM\" \/>\n<meta property=\"article:publisher\" content=\"https:\/\/www.facebook.com\/radiolifefm\/\" \/>\n<meta property=\"article:published_time\" content=\"2025-07-04T14:05:41+00:00\" \/>\n<meta property=\"article:modified_time\" content=\"2026-04-05T16:39:04+00:00\" \/>\n<meta property=\"og:image\" content=\"https:\/\/radiolifefm.com.br\/noticias\/wp-content\/uploads\/2025\/07\/1001073029-1-1.png\" \/>\n\t<meta property=\"og:image:width\" content=\"1920\" \/>\n\t<meta property=\"og:image:height\" content=\"2400\" \/>\n\t<meta property=\"og:image:type\" content=\"image\/png\" \/>\n<meta name=\"author\" content=\"ritanery\" \/>\n<meta name=\"twitter:card\" content=\"summary_large_image\" \/>\n<meta name=\"twitter:label1\" content=\"Escrito por\" \/>\n\t<meta name=\"twitter:data1\" content=\"ritanery\" \/>\n\t<meta name=\"twitter:label2\" content=\"Est. tempo de leitura\" \/>\n\t<meta name=\"twitter:data2\" content=\"2 minutos\" \/>\n<script type=\"application\/ld+json\" class=\"yoast-schema-graph\">{\"@context\":\"https:\/\/schema.org\",\"@graph\":[{\"@type\":\"Article\",\"@id\":\"https:\/\/radiolifefm.com.br\/noticias\/prefeitura-de-adamantina-realiza-primeira-edicao-da-feira-qualiagro\/#article\",\"isPartOf\":{\"@id\":\"https:\/\/radiolifefm.com.br\/noticias\/prefeitura-de-adamantina-realiza-primeira-edicao-da-feira-qualiagro\/\"},\"author\":{\"name\":\"ritanery\",\"@id\":\"https:\/\/radiolifefm.com.br\/noticias\/#\/schema\/person\/6339b9fac59d12b071dec680d7375d87\"},\"headline\":\"Prefeitura de Adamantina realiza primeira edi\u00e7\u00e3o da Feira QualiAgro\",\"datePublished\":\"2025-07-04T14:05:41+00:00\",\"dateModified\":\"2026-04-05T16:39:04+00:00\",\"mainEntityOfPage\":{\"@id\":\"https:\/\/radiolifefm.com.br\/noticias\/prefeitura-de-adamantina-realiza-primeira-edicao-da-feira-qualiagro\/\"},\"wordCount\":271,\"publisher\":{\"@id\":\"https:\/\/radiolifefm.com.br\/noticias\/#organization\"},\"image\":{\"@id\":\"https:\/\/radiolifefm.com.br\/noticias\/prefeitura-de-adamantina-realiza-primeira-edicao-da-feira-qualiagro\/#primaryimage\"},\"thumbnailUrl\":\"https:\/\/radiolifefm.com.br\/noticias\/wp-content\/uploads\/2025\/07\/1001073029-1-1.png\",\"articleSection\":[\"Geral\"],\"inLanguage\":\"pt-BR\"},{\"@type\":\"WebPage\",\"@id\":\"https:\/\/radiolifefm.com.br\/noticias\/prefeitura-de-adamantina-realiza-primeira-edicao-da-feira-qualiagro\/\",\"url\":\"https:\/\/radiolifefm.com.br\/noticias\/prefeitura-de-adamantina-realiza-primeira-edicao-da-feira-qualiagro\/\",\"name\":\"Prefeitura de Adamantina realiza primeira edi\u00e7\u00e3o da Feira QualiAgro - R\u00e1dio Life FM\",\"isPartOf\":{\"@id\":\"https:\/\/radiolifefm.com.br\/noticias\/#website\"},\"primaryImageOfPage\":{\"@id\":\"https:\/\/radiolifefm.com.br\/noticias\/prefeitura-de-adamantina-realiza-primeira-edicao-da-feira-qualiagro\/#primaryimage\"},\"image\":{\"@id\":\"https:\/\/radiolifefm.com.br\/noticias\/prefeitura-de-adamantina-realiza-primeira-edicao-da-feira-qualiagro\/#primaryimage\"},\"thumbnailUrl\":\"https:\/\/radiolifefm.com.br\/noticias\/wp-content\/uploads\/2025\/07\/1001073029-1-1.png\",\"datePublished\":\"2025-07-04T14:05:41+00:00\",\"dateModified\":\"2026-04-05T16:39:04+00:00\",\"breadcrumb\":{\"@id\":\"https:\/\/radiolifefm.com.br\/noticias\/prefeitura-de-adamantina-realiza-primeira-edicao-da-feira-qualiagro\/#breadcrumb\"},\"inLanguage\":\"pt-BR\",\"potentialAction\":[{\"@type\":\"ReadAction\",\"target\":[\"https:\/\/radiolifefm.com.br\/noticias\/prefeitura-de-adamantina-realiza-primeira-edicao-da-feira-qualiagro\/\"]}]},{\"@type\":\"ImageObject\",\"inLanguage\":\"pt-BR\",\"@id\":\"https:\/\/radiolifefm.com.br\/noticias\/prefeitura-de-adamantina-realiza-primeira-edicao-da-feira-qualiagro\/#primaryimage\",\"url\":\"https:\/\/radiolifefm.com.br\/noticias\/wp-content\/uploads\/2025\/07\/1001073029-1-1.png\",\"contentUrl\":\"https:\/\/radiolifefm.com.br\/noticias\/wp-content\/uploads\/2025\/07\/1001073029-1-1.png\",\"width\":1920,\"height\":2400},{\"@type\":\"BreadcrumbList\",\"@id\":\"https:\/\/radiolifefm.com.br\/noticias\/prefeitura-de-adamantina-realiza-primeira-edicao-da-feira-qualiagro\/#breadcrumb\",\"itemListElement\":[{\"@type\":\"ListItem\",\"position\":1,\"name\":\"In\u00edcio\",\"item\":\"https:\/\/radiolifefm.com.br\/noticias\/\"},{\"@type\":\"ListItem\",\"position\":2,\"name\":\"Prefeitura de Adamantina realiza primeira edi\u00e7\u00e3o da Feira QualiAgro\"}]},{\"@type\":\"WebSite\",\"@id\":\"https:\/\/radiolifefm.com.br\/noticias\/#website\",\"url\":\"https:\/\/radiolifefm.com.br\/noticias\/\",\"name\":\"R\u00e1dio Life FM\",\"description\":\"O Portal de Not\u00edcias de Adamantina\",\"publisher\":{\"@id\":\"https:\/\/radiolifefm.com.br\/noticias\/#organization\"},\"alternateName\":\"Life FM\",\"potentialAction\":[{\"@type\":\"SearchAction\",\"target\":{\"@type\":\"EntryPoint\",\"urlTemplate\":\"https:\/\/radiolifefm.com.br\/noticias\/?s={search_term_string}\"},\"query-input\":{\"@type\":\"PropertyValueSpecification\",\"valueRequired\":true,\"valueName\":\"search_term_string\"}}],\"inLanguage\":\"pt-BR\"},{\"@type\":\"Organization\",\"@id\":\"https:\/\/radiolifefm.com.br\/noticias\/#organization\",\"name\":\"R\u00e1dio Life FM\",\"alternateName\":\"Life FM\",\"url\":\"https:\/\/radiolifefm.com.br\/noticias\/\",\"logo\":{\"@type\":\"ImageObject\",\"inLanguage\":\"pt-BR\",\"@id\":\"https:\/\/radiolifefm.com.br\/noticias\/#\/schema\/logo\/image\/\",\"url\":\"https:\/\/static.radiolifefm.com.br\/noticias\/wp-content\/uploads\/2019\/10\/logo-lifefm.png\",\"contentUrl\":\"https:\/\/static.radiolifefm.com.br\/noticias\/wp-content\/uploads\/2019\/10\/logo-lifefm.png\",\"width\":196,\"height\":47,\"caption\":\"R\u00e1dio Life FM\"},\"image\":{\"@id\":\"https:\/\/radiolifefm.com.br\/noticias\/#\/schema\/logo\/image\/\"},\"sameAs\":[\"https:\/\/www.facebook.com\/radiolifefm\/\",\"https:\/\/www.instagram.com\/life1079fm\/\"]},{\"@type\":\"Person\",\"@id\":\"https:\/\/radiolifefm.com.br\/noticias\/#\/schema\/person\/6339b9fac59d12b071dec680d7375d87\",\"name\":\"ritanery\",\"image\":{\"@type\":\"ImageObject\",\"inLanguage\":\"pt-BR\",\"@id\":\"https:\/\/secure.gravatar.com\/avatar\/0e37bb19071f47c0b8a23f62a903df117c5a0e75f65a0c2901562f97cd41cf86?s=96&d=mm&r=g\",\"url\":\"https:\/\/secure.gravatar.com\/avatar\/0e37bb19071f47c0b8a23f62a903df117c5a0e75f65a0c2901562f97cd41cf86?s=96&d=mm&r=g\",\"contentUrl\":\"https:\/\/secure.gravatar.com\/avatar\/0e37bb19071f47c0b8a23f62a903df117c5a0e75f65a0c2901562f97cd41cf86?s=96&d=mm&r=g\",\"caption\":\"ritanery\"}}]}<\/script>\n<!-- \/ Yoast SEO plugin. -->","yoast_head_json":{"title":"Prefeitura de Adamantina realiza primeira edi\u00e7\u00e3o da Feira QualiAgro - R\u00e1dio Life FM","robots":{"index":"index","follow":"follow","max-snippet":"max-snippet:-1","max-image-preview":"max-image-preview:large","max-video-preview":"max-video-preview:-1"},"canonical":"https:\/\/radiolifefm.com.br\/noticias\/prefeitura-de-adamantina-realiza-primeira-edicao-da-feira-qualiagro\/","og_locale":"pt_BR","og_type":"article","og_title":"Prefeitura de Adamantina realiza primeira edi\u00e7\u00e3o da Feira QualiAgro - R\u00e1dio Life FM","og_description":"Domingo, a partir das 16h, acontece mais um Domingo no Parque e a novidade para a programa\u00e7\u00e3o \u00e9 a realiza\u00e7\u00e3o da 1\u00aa edi\u00e7\u00e3o da feira QualiAgro. &nbsp; A iniciativa da Secretaria de Agricultura, Abastecimento e Meio Ambiente (SAAMA), consiste em possibilitar que as associa\u00e7\u00f5es e cooperativas de produtores rurais do munic\u00edpio comercializem os seus produtos [&hellip;]","og_url":"https:\/\/radiolifefm.com.br\/noticias\/prefeitura-de-adamantina-realiza-primeira-edicao-da-feira-qualiagro\/","og_site_name":"R\u00e1dio Life FM","article_publisher":"https:\/\/www.facebook.com\/radiolifefm\/","article_published_time":"2025-07-04T14:05:41+00:00","article_modified_time":"2026-04-05T16:39:04+00:00","og_image":[{"width":1920,"height":2400,"url":"https:\/\/radiolifefm.com.br\/noticias\/wp-content\/uploads\/2025\/07\/1001073029-1-1.png","type":"image\/png"}],"author":"ritanery","twitter_card":"summary_large_image","twitter_misc":{"Escrito por":"ritanery","Est. tempo de leitura":"2 minutos"},"schema":{"@context":"https:\/\/schema.org","@graph":[{"@type":"Article","@id":"https:\/\/radiolifefm.com.br\/noticias\/prefeitura-de-adamantina-realiza-primeira-edicao-da-feira-qualiagro\/#article","isPartOf":{"@id":"https:\/\/radiolifefm.com.br\/noticias\/prefeitura-de-adamantina-realiza-primeira-edicao-da-feira-qualiagro\/"},"author":{"name":"ritanery","@id":"https:\/\/radiolifefm.com.br\/noticias\/#\/schema\/person\/6339b9fac59d12b071dec680d7375d87"},"headline":"Prefeitura de Adamantina realiza primeira edi\u00e7\u00e3o da Feira QualiAgro","datePublished":"2025-07-04T14:05:41+00:00","dateModified":"2026-04-05T16:39:04+00:00","mainEntityOfPage":{"@id":"https:\/\/radiolifefm.com.br\/noticias\/prefeitura-de-adamantina-realiza-primeira-edicao-da-feira-qualiagro\/"},"wordCount":271,"publisher":{"@id":"https:\/\/radiolifefm.com.br\/noticias\/#organization"},"image":{"@id":"https:\/\/radiolifefm.com.br\/noticias\/prefeitura-de-adamantina-realiza-primeira-edicao-da-feira-qualiagro\/#primaryimage"},"thumbnailUrl":"https:\/\/radiolifefm.com.br\/noticias\/wp-content\/uploads\/2025\/07\/1001073029-1-1.png","articleSection":["Geral"],"inLanguage":"pt-BR"},{"@type":"WebPage","@id":"https:\/\/radiolifefm.com.br\/noticias\/prefeitura-de-adamantina-realiza-primeira-edicao-da-feira-qualiagro\/","url":"https:\/\/radiolifefm.com.br\/noticias\/prefeitura-de-adamantina-realiza-primeira-edicao-da-feira-qualiagro\/","name":"Prefeitura de Adamantina realiza primeira edi\u00e7\u00e3o da Feira QualiAgro - R\u00e1dio Life FM","isPartOf":{"@id":"https:\/\/radiolifefm.com.br\/noticias\/#website"},"primaryImageOfPage":{"@id":"https:\/\/radiolifefm.com.br\/noticias\/prefeitura-de-adamantina-realiza-primeira-edicao-da-feira-qualiagro\/#primaryimage"},"image":{"@id":"https:\/\/radiolifefm.com.br\/noticias\/prefeitura-de-adamantina-realiza-primeira-edicao-da-feira-qualiagro\/#primaryimage"},"thumbnailUrl":"https:\/\/radiolifefm.com.br\/noticias\/wp-content\/uploads\/2025\/07\/1001073029-1-1.png","datePublished":"2025-07-04T14:05:41+00:00","dateModified":"2026-04-05T16:39:04+00:00","breadcrumb":{"@id":"https:\/\/radiolifefm.com.br\/noticias\/prefeitura-de-adamantina-realiza-primeira-edicao-da-feira-qualiagro\/#breadcrumb"},"inLanguage":"pt-BR","potentialAction":[{"@type":"ReadAction","target":["https:\/\/radiolifefm.com.br\/noticias\/prefeitura-de-adamantina-realiza-primeira-edicao-da-feira-qualiagro\/"]}]},{"@type":"ImageObject","inLanguage":"pt-BR","@id":"https:\/\/radiolifefm.com.br\/noticias\/prefeitura-de-adamantina-realiza-primeira-edicao-da-feira-qualiagro\/#primaryimage","url":"https:\/\/radiolifefm.com.br\/noticias\/wp-content\/uploads\/2025\/07\/1001073029-1-1.png","contentUrl":"https:\/\/radiolifefm.com.br\/noticias\/wp-content\/uploads\/2025\/07\/1001073029-1-1.png","width":1920,"height":2400},{"@type":"BreadcrumbList","@id":"https:\/\/radiolifefm.com.br\/noticias\/prefeitura-de-adamantina-realiza-primeira-edicao-da-feira-qualiagro\/#breadcrumb","itemListElement":[{"@type":"ListItem","position":1,"name":"In\u00edcio","item":"https:\/\/radiolifefm.com.br\/noticias\/"},{"@type":"ListItem","position":2,"name":"Prefeitura de Adamantina realiza primeira edi\u00e7\u00e3o da Feira QualiAgro"}]},{"@type":"WebSite","@id":"https:\/\/radiolifefm.com.br\/noticias\/#website","url":"https:\/\/radiolifefm.com.br\/noticias\/","name":"R\u00e1dio Life FM","description":"O Portal de Not\u00edcias de Adamantina","publisher":{"@id":"https:\/\/radiolifefm.com.br\/noticias\/#organization"},"alternateName":"Life FM","potentialAction":[{"@type":"SearchAction","target":{"@type":"EntryPoint","urlTemplate":"https:\/\/radiolifefm.com.br\/noticias\/?s={search_term_string}"},"query-input":{"@type":"PropertyValueSpecification","valueRequired":true,"valueName":"search_term_string"}}],"inLanguage":"pt-BR"},{"@type":"Organization","@id":"https:\/\/radiolifefm.com.br\/noticias\/#organization","name":"R\u00e1dio Life FM","alternateName":"Life FM","url":"https:\/\/radiolifefm.com.br\/noticias\/","logo":{"@type":"ImageObject","inLanguage":"pt-BR","@id":"https:\/\/radiolifefm.com.br\/noticias\/#\/schema\/logo\/image\/","url":"https:\/\/static.radiolifefm.com.br\/noticias\/wp-content\/uploads\/2019\/10\/logo-lifefm.png","contentUrl":"https:\/\/static.radiolifefm.com.br\/noticias\/wp-content\/uploads\/2019\/10\/logo-lifefm.png","width":196,"height":47,"caption":"R\u00e1dio Life FM"},"image":{"@id":"https:\/\/radiolifefm.com.br\/noticias\/#\/schema\/logo\/image\/"},"sameAs":["https:\/\/www.facebook.com\/radiolifefm\/","https:\/\/www.instagram.com\/life1079fm\/"]},{"@type":"Person","@id":"https:\/\/radiolifefm.com.br\/noticias\/#\/schema\/person\/6339b9fac59d12b071dec680d7375d87","name":"ritanery","image":{"@type":"ImageObject","inLanguage":"pt-BR","@id":"https:\/\/secure.gravatar.com\/avatar\/0e37bb19071f47c0b8a23f62a903df117c5a0e75f65a0c2901562f97cd41cf86?s=96&d=mm&r=g","url":"https:\/\/secure.gravatar.com\/avatar\/0e37bb19071f47c0b8a23f62a903df117c5a0e75f65a0c2901562f97cd41cf86?s=96&d=mm&r=g","contentUrl":"https:\/\/secure.gravatar.com\/avatar\/0e37bb19071f47c0b8a23f62a903df117c5a0e75f65a0c2901562f97cd41cf86?s=96&d=mm&r=g","caption":"ritanery"}}]}},"amp_enabled":true,"_links":{"self":[{"href":"https:\/\/radiolifefm.com.br\/noticias\/wp-json\/wp\/v2\/posts\/102698","targetHints":{"allow":["GET"]}}],"collection":[{"href":"https:\/\/radiolifefm.com.br\/noticias\/wp-json\/wp\/v2\/posts"}],"about":[{"href":"https:\/\/radiolifefm.com.br\/noticias\/wp-json\/wp\/v2\/types\/post"}],"author":[{"embeddable":true,"href":"https:\/\/radiolifefm.com.br\/noticias\/wp-json\/wp\/v2\/users\/13"}],"replies":[{"embeddable":true,"href":"https:\/\/radiolifefm.com.br\/noticias\/wp-json\/wp\/v2\/comments?post=102698"}],"version-history":[{"count":1,"href":"https:\/\/radiolifefm.com.br\/noticias\/wp-json\/wp\/v2\/posts\/102698\/revisions"}],"predecessor-version":[{"id":102716,"href":"https:\/\/radiolifefm.com.br\/noticias\/wp-json\/wp\/v2\/posts\/102698\/revisions\/102716"}],"wp:featuredmedia":[{"embeddable":true,"href":"https:\/\/radiolifefm.com.br\/noticias\/wp-json\/wp\/v2\/media\/102701"}],"wp:attachment":[{"href":"https:\/\/radiolifefm.com.br\/noticias\/wp-json\/wp\/v2\/media?parent=102698"}],"wp:term":[{"taxonomy":"category","embeddable":true,"href":"https:\/\/radiolifefm.com.br\/noticias\/wp-json\/wp\/v2\/categories?post=102698"},{"taxonomy":"post_tag","embeddable":true,"href":"https:\/\/radiolifefm.com.br\/noticias\/wp-json\/wp\/v2\/tags?post=102698"}],"curies":[{"name":"wp","href":"https:\/\/api.w.org\/{rel}","templated":true}]}}