{"id":102695,"date":"2025-07-04T07:20:53","date_gmt":"2025-07-04T10:20:53","guid":{"rendered":"https:\/\/radiolifefm.com.br\/noticias\/?p=102695"},"modified":"2026-04-08T10:11:46","modified_gmt":"2026-04-08T13:11:46","slug":"energisa-abre-processo-seletivo-para-contratar-eletricistas-na-regiao","status":"publish","type":"post","link":"https:\/\/radiolifefm.com.br\/noticias\/energisa-abre-processo-seletivo-para-contratar-eletricistas-na-regiao\/","title":{"rendered":"Energisa abre processo seletivo para contratar eletricistas na regi\u00e3o"},"content":{"rendered":"<div id=\"fb-root\"><\/div>\n<p>A Energisa Sul-Sudeste abriu um novo processo seletivo para contrata\u00e7\u00e3o de eletricistas de distribui\u00e7\u00e3o na regi\u00e3o. As vagas s\u00e3o para atuar nos munic\u00edpios de Presidente Prudente e Osvaldo Cruz, e os interessados precisam cadastrar o curr\u00edculo at\u00e9 segunda-feira, dia 7 de julho, exclusivamente no\u202fPortal de Carreiras\u202fda Energisa.<\/p>\n<p>A analista de Recrutamento e Sele\u00e7\u00e3o da Energisa Sul-Sudeste, Bruna Martins, explica que para essa fun\u00e7\u00e3o \u00e9 necess\u00e1rio que o candidato corresponda aos seguintes requisitos: ensino m\u00e9dio completo; curso de eletricista de redes de distribui\u00e7\u00e3o (m\u00ednimo de 240h); cursos de NR 35, NR 10 e NR 10 \u2013 M\u00f3dulo Complementar, al\u00e9m de carteira de habilita\u00e7\u00e3o categoria \u201cB\u201d.<\/p>\n<p>&nbsp;<\/p>\n<p>\u201c\u00c9 importante refor\u00e7ar que aqui na Energisa priorizamos a diversidade e pluralidade. Ent\u00e3o, essas vagas est\u00e3o dispon\u00edveis para homens e mulheres, inclusive pessoas com defici\u00eancia que estejam aptas a realizarem as atividades requeridas para o dia a dia da fun\u00e7\u00e3o\u201d, explica.<\/p>\n<p>&nbsp;<\/p>\n<p>O prazo-limite para se inscrever na vaga \u00e9 segunda-feira. Basta acessar grupoenergisa.gupy.io, selecionar o Estado de S\u00e3o Paulo, o munic\u00edpio em que deseja atuar e preencher todas as informa\u00e7\u00f5es requeridas para a fun\u00e7\u00e3o.<\/p>\n<p>Al\u00e9m do sal\u00e1rio compat\u00edvel com o mercado e oportunidade de desenvolvimento profissional, a Energisa oferece um interessante pacote de benef\u00edcios que inclui plano de sa\u00fade e odontol\u00f3gico para o colaborador e sua fam\u00edlia, seguro de vida, previd\u00eancia privada, participa\u00e7\u00e3o nos lucros e resultados, vale alimenta\u00e7\u00e3o e\/ou refei\u00e7\u00e3o, aux\u00edlio-creche e programas de qualidade de vida.<\/p>\n<p>&nbsp;<\/p>\n<p>Fonte acess\u00f3ria de Imprensa<\/p>\n","protected":false},"excerpt":{"rendered":"<p>A Energisa Sul-Sudeste abriu um novo processo seletivo para contrata\u00e7\u00e3o de eletricistas de distribui\u00e7\u00e3o na regi\u00e3o. As vagas s\u00e3o para atuar nos munic\u00edpios de Presidente Prudente e Osvaldo Cruz, e os interessados precisam cadastrar o curr\u00edculo at\u00e9 segunda-feira, dia 7 de julho, exclusivamente no\u202fPortal de Carreiras\u202fda Energisa. A analista de Recrutamento e Sele\u00e7\u00e3o da Energisa [&hellip;]<\/p>\n","protected":false},"author":13,"featured_media":102696,"comment_status":"closed","ping_status":"open","sticky":false,"template":"","format":"standard","meta":{"_acf_changed":false,"_exactmetrics_skip_tracking":false,"_exactmetrics_sitenote_active":false,"_exactmetrics_sitenote_note":"","_exactmetrics_sitenote_category":0,"footnotes":""},"categories":[1],"tags":[],"class_list":["post-102695","post","type-post","status-publish","format-standard","has-post-thumbnail","hentry","category-geral"],"acf":[],"yoast_head":"<!-- This site is optimized with the Yoast SEO plugin v27.2 - https:\/\/yoast.com\/product\/yoast-seo-wordpress\/ -->\n<title>Energisa abre processo seletivo para contratar eletricistas na regi\u00e3o - R\u00e1dio Life FM<\/title>\n<meta name=\"robots\" content=\"index, follow, max-snippet:-1, max-image-preview:large, max-video-preview:-1\" \/>\n<link rel=\"canonical\" href=\"https:\/\/radiolifefm.com.br\/noticias\/energisa-abre-processo-seletivo-para-contratar-eletricistas-na-regiao\/\" \/>\n<meta property=\"og:locale\" content=\"pt_BR\" \/>\n<meta property=\"og:type\" content=\"article\" \/>\n<meta property=\"og:title\" content=\"Energisa abre processo seletivo para contratar eletricistas na regi\u00e3o - R\u00e1dio Life FM\" \/>\n<meta property=\"og:description\" content=\"A Energisa Sul-Sudeste abriu um novo processo seletivo para contrata\u00e7\u00e3o de eletricistas de distribui\u00e7\u00e3o na regi\u00e3o. As vagas s\u00e3o para atuar nos munic\u00edpios de Presidente Prudente e Osvaldo Cruz, e os interessados precisam cadastrar o curr\u00edculo at\u00e9 segunda-feira, dia 7 de julho, exclusivamente no\u202fPortal de Carreiras\u202fda Energisa. A analista de Recrutamento e Sele\u00e7\u00e3o da Energisa [&hellip;]\" \/>\n<meta property=\"og:url\" content=\"https:\/\/radiolifefm.com.br\/noticias\/energisa-abre-processo-seletivo-para-contratar-eletricistas-na-regiao\/\" \/>\n<meta property=\"og:site_name\" content=\"R\u00e1dio Life FM\" \/>\n<meta property=\"article:publisher\" content=\"https:\/\/www.facebook.com\/radiolifefm\/\" \/>\n<meta property=\"article:published_time\" content=\"2025-07-04T10:20:53+00:00\" \/>\n<meta property=\"article:modified_time\" content=\"2026-04-08T13:11:46+00:00\" \/>\n<meta property=\"og:image\" content=\"https:\/\/radiolifefm.com.br\/noticias\/wp-content\/uploads\/2025\/07\/Eletricista-de-distribuicao.jpeg\" \/>\n\t<meta property=\"og:image:width\" content=\"854\" \/>\n\t<meta property=\"og:image:height\" content=\"1280\" \/>\n\t<meta property=\"og:image:type\" content=\"image\/jpeg\" \/>\n<meta name=\"author\" content=\"ritanery\" \/>\n<meta name=\"twitter:card\" content=\"summary_large_image\" \/>\n<meta name=\"twitter:label1\" content=\"Escrito por\" \/>\n\t<meta name=\"twitter:data1\" content=\"ritanery\" \/>\n\t<meta name=\"twitter:label2\" content=\"Est. tempo de leitura\" \/>\n\t<meta name=\"twitter:data2\" content=\"2 minutos\" \/>\n<script type=\"application\/ld+json\" class=\"yoast-schema-graph\">{\"@context\":\"https:\/\/schema.org\",\"@graph\":[{\"@type\":\"Article\",\"@id\":\"https:\/\/radiolifefm.com.br\/noticias\/energisa-abre-processo-seletivo-para-contratar-eletricistas-na-regiao\/#article\",\"isPartOf\":{\"@id\":\"https:\/\/radiolifefm.com.br\/noticias\/energisa-abre-processo-seletivo-para-contratar-eletricistas-na-regiao\/\"},\"author\":{\"name\":\"ritanery\",\"@id\":\"https:\/\/radiolifefm.com.br\/noticias\/#\/schema\/person\/6339b9fac59d12b071dec680d7375d87\"},\"headline\":\"Energisa abre processo seletivo para contratar eletricistas na regi\u00e3o\",\"datePublished\":\"2025-07-04T10:20:53+00:00\",\"dateModified\":\"2026-04-08T13:11:46+00:00\",\"mainEntityOfPage\":{\"@id\":\"https:\/\/radiolifefm.com.br\/noticias\/energisa-abre-processo-seletivo-para-contratar-eletricistas-na-regiao\/\"},\"wordCount\":284,\"publisher\":{\"@id\":\"https:\/\/radiolifefm.com.br\/noticias\/#organization\"},\"image\":{\"@id\":\"https:\/\/radiolifefm.com.br\/noticias\/energisa-abre-processo-seletivo-para-contratar-eletricistas-na-regiao\/#primaryimage\"},\"thumbnailUrl\":\"https:\/\/radiolifefm.com.br\/noticias\/wp-content\/uploads\/2025\/07\/Eletricista-de-distribuicao.jpeg\",\"articleSection\":[\"Geral\"],\"inLanguage\":\"pt-BR\"},{\"@type\":\"WebPage\",\"@id\":\"https:\/\/radiolifefm.com.br\/noticias\/energisa-abre-processo-seletivo-para-contratar-eletricistas-na-regiao\/\",\"url\":\"https:\/\/radiolifefm.com.br\/noticias\/energisa-abre-processo-seletivo-para-contratar-eletricistas-na-regiao\/\",\"name\":\"Energisa abre processo seletivo para contratar eletricistas na regi\u00e3o - R\u00e1dio Life FM\",\"isPartOf\":{\"@id\":\"https:\/\/radiolifefm.com.br\/noticias\/#website\"},\"primaryImageOfPage\":{\"@id\":\"https:\/\/radiolifefm.com.br\/noticias\/energisa-abre-processo-seletivo-para-contratar-eletricistas-na-regiao\/#primaryimage\"},\"image\":{\"@id\":\"https:\/\/radiolifefm.com.br\/noticias\/energisa-abre-processo-seletivo-para-contratar-eletricistas-na-regiao\/#primaryimage\"},\"thumbnailUrl\":\"https:\/\/radiolifefm.com.br\/noticias\/wp-content\/uploads\/2025\/07\/Eletricista-de-distribuicao.jpeg\",\"datePublished\":\"2025-07-04T10:20:53+00:00\",\"dateModified\":\"2026-04-08T13:11:46+00:00\",\"breadcrumb\":{\"@id\":\"https:\/\/radiolifefm.com.br\/noticias\/energisa-abre-processo-seletivo-para-contratar-eletricistas-na-regiao\/#breadcrumb\"},\"inLanguage\":\"pt-BR\",\"potentialAction\":[{\"@type\":\"ReadAction\",\"target\":[\"https:\/\/radiolifefm.com.br\/noticias\/energisa-abre-processo-seletivo-para-contratar-eletricistas-na-regiao\/\"]}]},{\"@type\":\"ImageObject\",\"inLanguage\":\"pt-BR\",\"@id\":\"https:\/\/radiolifefm.com.br\/noticias\/energisa-abre-processo-seletivo-para-contratar-eletricistas-na-regiao\/#primaryimage\",\"url\":\"https:\/\/radiolifefm.com.br\/noticias\/wp-content\/uploads\/2025\/07\/Eletricista-de-distribuicao.jpeg\",\"contentUrl\":\"https:\/\/radiolifefm.com.br\/noticias\/wp-content\/uploads\/2025\/07\/Eletricista-de-distribuicao.jpeg\",\"width\":854,\"height\":1280},{\"@type\":\"BreadcrumbList\",\"@id\":\"https:\/\/radiolifefm.com.br\/noticias\/energisa-abre-processo-seletivo-para-contratar-eletricistas-na-regiao\/#breadcrumb\",\"itemListElement\":[{\"@type\":\"ListItem\",\"position\":1,\"name\":\"In\u00edcio\",\"item\":\"https:\/\/radiolifefm.com.br\/noticias\/\"},{\"@type\":\"ListItem\",\"position\":2,\"name\":\"Energisa abre processo seletivo para contratar eletricistas na regi\u00e3o\"}]},{\"@type\":\"WebSite\",\"@id\":\"https:\/\/radiolifefm.com.br\/noticias\/#website\",\"url\":\"https:\/\/radiolifefm.com.br\/noticias\/\",\"name\":\"R\u00e1dio Life FM\",\"description\":\"O Portal de Not\u00edcias de Adamantina\",\"publisher\":{\"@id\":\"https:\/\/radiolifefm.com.br\/noticias\/#organization\"},\"alternateName\":\"Life FM\",\"potentialAction\":[{\"@type\":\"SearchAction\",\"target\":{\"@type\":\"EntryPoint\",\"urlTemplate\":\"https:\/\/radiolifefm.com.br\/noticias\/?s={search_term_string}\"},\"query-input\":{\"@type\":\"PropertyValueSpecification\",\"valueRequired\":true,\"valueName\":\"search_term_string\"}}],\"inLanguage\":\"pt-BR\"},{\"@type\":\"Organization\",\"@id\":\"https:\/\/radiolifefm.com.br\/noticias\/#organization\",\"name\":\"R\u00e1dio Life FM\",\"alternateName\":\"Life FM\",\"url\":\"https:\/\/radiolifefm.com.br\/noticias\/\",\"logo\":{\"@type\":\"ImageObject\",\"inLanguage\":\"pt-BR\",\"@id\":\"https:\/\/radiolifefm.com.br\/noticias\/#\/schema\/logo\/image\/\",\"url\":\"https:\/\/static.radiolifefm.com.br\/noticias\/wp-content\/uploads\/2019\/10\/logo-lifefm.png\",\"contentUrl\":\"https:\/\/static.radiolifefm.com.br\/noticias\/wp-content\/uploads\/2019\/10\/logo-lifefm.png\",\"width\":196,\"height\":47,\"caption\":\"R\u00e1dio Life FM\"},\"image\":{\"@id\":\"https:\/\/radiolifefm.com.br\/noticias\/#\/schema\/logo\/image\/\"},\"sameAs\":[\"https:\/\/www.facebook.com\/radiolifefm\/\",\"https:\/\/www.instagram.com\/life1079fm\/\"]},{\"@type\":\"Person\",\"@id\":\"https:\/\/radiolifefm.com.br\/noticias\/#\/schema\/person\/6339b9fac59d12b071dec680d7375d87\",\"name\":\"ritanery\",\"image\":{\"@type\":\"ImageObject\",\"inLanguage\":\"pt-BR\",\"@id\":\"https:\/\/secure.gravatar.com\/avatar\/0e37bb19071f47c0b8a23f62a903df117c5a0e75f65a0c2901562f97cd41cf86?s=96&d=mm&r=g\",\"url\":\"https:\/\/secure.gravatar.com\/avatar\/0e37bb19071f47c0b8a23f62a903df117c5a0e75f65a0c2901562f97cd41cf86?s=96&d=mm&r=g\",\"contentUrl\":\"https:\/\/secure.gravatar.com\/avatar\/0e37bb19071f47c0b8a23f62a903df117c5a0e75f65a0c2901562f97cd41cf86?s=96&d=mm&r=g\",\"caption\":\"ritanery\"}}]}<\/script>\n<!-- \/ Yoast SEO plugin. -->","yoast_head_json":{"title":"Energisa abre processo seletivo para contratar eletricistas na regi\u00e3o - R\u00e1dio Life FM","robots":{"index":"index","follow":"follow","max-snippet":"max-snippet:-1","max-image-preview":"max-image-preview:large","max-video-preview":"max-video-preview:-1"},"canonical":"https:\/\/radiolifefm.com.br\/noticias\/energisa-abre-processo-seletivo-para-contratar-eletricistas-na-regiao\/","og_locale":"pt_BR","og_type":"article","og_title":"Energisa abre processo seletivo para contratar eletricistas na regi\u00e3o - R\u00e1dio Life FM","og_description":"A Energisa Sul-Sudeste abriu um novo processo seletivo para contrata\u00e7\u00e3o de eletricistas de distribui\u00e7\u00e3o na regi\u00e3o. As vagas s\u00e3o para atuar nos munic\u00edpios de Presidente Prudente e Osvaldo Cruz, e os interessados precisam cadastrar o curr\u00edculo at\u00e9 segunda-feira, dia 7 de julho, exclusivamente no\u202fPortal de Carreiras\u202fda Energisa. A analista de Recrutamento e Sele\u00e7\u00e3o da Energisa [&hellip;]","og_url":"https:\/\/radiolifefm.com.br\/noticias\/energisa-abre-processo-seletivo-para-contratar-eletricistas-na-regiao\/","og_site_name":"R\u00e1dio Life FM","article_publisher":"https:\/\/www.facebook.com\/radiolifefm\/","article_published_time":"2025-07-04T10:20:53+00:00","article_modified_time":"2026-04-08T13:11:46+00:00","og_image":[{"width":854,"height":1280,"url":"https:\/\/radiolifefm.com.br\/noticias\/wp-content\/uploads\/2025\/07\/Eletricista-de-distribuicao.jpeg","type":"image\/jpeg"}],"author":"ritanery","twitter_card":"summary_large_image","twitter_misc":{"Escrito por":"ritanery","Est. tempo de leitura":"2 minutos"},"schema":{"@context":"https:\/\/schema.org","@graph":[{"@type":"Article","@id":"https:\/\/radiolifefm.com.br\/noticias\/energisa-abre-processo-seletivo-para-contratar-eletricistas-na-regiao\/#article","isPartOf":{"@id":"https:\/\/radiolifefm.com.br\/noticias\/energisa-abre-processo-seletivo-para-contratar-eletricistas-na-regiao\/"},"author":{"name":"ritanery","@id":"https:\/\/radiolifefm.com.br\/noticias\/#\/schema\/person\/6339b9fac59d12b071dec680d7375d87"},"headline":"Energisa abre processo seletivo para contratar eletricistas na regi\u00e3o","datePublished":"2025-07-04T10:20:53+00:00","dateModified":"2026-04-08T13:11:46+00:00","mainEntityOfPage":{"@id":"https:\/\/radiolifefm.com.br\/noticias\/energisa-abre-processo-seletivo-para-contratar-eletricistas-na-regiao\/"},"wordCount":284,"publisher":{"@id":"https:\/\/radiolifefm.com.br\/noticias\/#organization"},"image":{"@id":"https:\/\/radiolifefm.com.br\/noticias\/energisa-abre-processo-seletivo-para-contratar-eletricistas-na-regiao\/#primaryimage"},"thumbnailUrl":"https:\/\/radiolifefm.com.br\/noticias\/wp-content\/uploads\/2025\/07\/Eletricista-de-distribuicao.jpeg","articleSection":["Geral"],"inLanguage":"pt-BR"},{"@type":"WebPage","@id":"https:\/\/radiolifefm.com.br\/noticias\/energisa-abre-processo-seletivo-para-contratar-eletricistas-na-regiao\/","url":"https:\/\/radiolifefm.com.br\/noticias\/energisa-abre-processo-seletivo-para-contratar-eletricistas-na-regiao\/","name":"Energisa abre processo seletivo para contratar eletricistas na regi\u00e3o - R\u00e1dio Life FM","isPartOf":{"@id":"https:\/\/radiolifefm.com.br\/noticias\/#website"},"primaryImageOfPage":{"@id":"https:\/\/radiolifefm.com.br\/noticias\/energisa-abre-processo-seletivo-para-contratar-eletricistas-na-regiao\/#primaryimage"},"image":{"@id":"https:\/\/radiolifefm.com.br\/noticias\/energisa-abre-processo-seletivo-para-contratar-eletricistas-na-regiao\/#primaryimage"},"thumbnailUrl":"https:\/\/radiolifefm.com.br\/noticias\/wp-content\/uploads\/2025\/07\/Eletricista-de-distribuicao.jpeg","datePublished":"2025-07-04T10:20:53+00:00","dateModified":"2026-04-08T13:11:46+00:00","breadcrumb":{"@id":"https:\/\/radiolifefm.com.br\/noticias\/energisa-abre-processo-seletivo-para-contratar-eletricistas-na-regiao\/#breadcrumb"},"inLanguage":"pt-BR","potentialAction":[{"@type":"ReadAction","target":["https:\/\/radiolifefm.com.br\/noticias\/energisa-abre-processo-seletivo-para-contratar-eletricistas-na-regiao\/"]}]},{"@type":"ImageObject","inLanguage":"pt-BR","@id":"https:\/\/radiolifefm.com.br\/noticias\/energisa-abre-processo-seletivo-para-contratar-eletricistas-na-regiao\/#primaryimage","url":"https:\/\/radiolifefm.com.br\/noticias\/wp-content\/uploads\/2025\/07\/Eletricista-de-distribuicao.jpeg","contentUrl":"https:\/\/radiolifefm.com.br\/noticias\/wp-content\/uploads\/2025\/07\/Eletricista-de-distribuicao.jpeg","width":854,"height":1280},{"@type":"BreadcrumbList","@id":"https:\/\/radiolifefm.com.br\/noticias\/energisa-abre-processo-seletivo-para-contratar-eletricistas-na-regiao\/#breadcrumb","itemListElement":[{"@type":"ListItem","position":1,"name":"In\u00edcio","item":"https:\/\/radiolifefm.com.br\/noticias\/"},{"@type":"ListItem","position":2,"name":"Energisa abre processo seletivo para contratar eletricistas na regi\u00e3o"}]},{"@type":"WebSite","@id":"https:\/\/radiolifefm.com.br\/noticias\/#website","url":"https:\/\/radiolifefm.com.br\/noticias\/","name":"R\u00e1dio Life FM","description":"O Portal de Not\u00edcias de Adamantina","publisher":{"@id":"https:\/\/radiolifefm.com.br\/noticias\/#organization"},"alternateName":"Life FM","potentialAction":[{"@type":"SearchAction","target":{"@type":"EntryPoint","urlTemplate":"https:\/\/radiolifefm.com.br\/noticias\/?s={search_term_string}"},"query-input":{"@type":"PropertyValueSpecification","valueRequired":true,"valueName":"search_term_string"}}],"inLanguage":"pt-BR"},{"@type":"Organization","@id":"https:\/\/radiolifefm.com.br\/noticias\/#organization","name":"R\u00e1dio Life FM","alternateName":"Life FM","url":"https:\/\/radiolifefm.com.br\/noticias\/","logo":{"@type":"ImageObject","inLanguage":"pt-BR","@id":"https:\/\/radiolifefm.com.br\/noticias\/#\/schema\/logo\/image\/","url":"https:\/\/static.radiolifefm.com.br\/noticias\/wp-content\/uploads\/2019\/10\/logo-lifefm.png","contentUrl":"https:\/\/static.radiolifefm.com.br\/noticias\/wp-content\/uploads\/2019\/10\/logo-lifefm.png","width":196,"height":47,"caption":"R\u00e1dio Life FM"},"image":{"@id":"https:\/\/radiolifefm.com.br\/noticias\/#\/schema\/logo\/image\/"},"sameAs":["https:\/\/www.facebook.com\/radiolifefm\/","https:\/\/www.instagram.com\/life1079fm\/"]},{"@type":"Person","@id":"https:\/\/radiolifefm.com.br\/noticias\/#\/schema\/person\/6339b9fac59d12b071dec680d7375d87","name":"ritanery","image":{"@type":"ImageObject","inLanguage":"pt-BR","@id":"https:\/\/secure.gravatar.com\/avatar\/0e37bb19071f47c0b8a23f62a903df117c5a0e75f65a0c2901562f97cd41cf86?s=96&d=mm&r=g","url":"https:\/\/secure.gravatar.com\/avatar\/0e37bb19071f47c0b8a23f62a903df117c5a0e75f65a0c2901562f97cd41cf86?s=96&d=mm&r=g","contentUrl":"https:\/\/secure.gravatar.com\/avatar\/0e37bb19071f47c0b8a23f62a903df117c5a0e75f65a0c2901562f97cd41cf86?s=96&d=mm&r=g","caption":"ritanery"}}]}},"amp_enabled":true,"_links":{"self":[{"href":"https:\/\/radiolifefm.com.br\/noticias\/wp-json\/wp\/v2\/posts\/102695","targetHints":{"allow":["GET"]}}],"collection":[{"href":"https:\/\/radiolifefm.com.br\/noticias\/wp-json\/wp\/v2\/posts"}],"about":[{"href":"https:\/\/radiolifefm.com.br\/noticias\/wp-json\/wp\/v2\/types\/post"}],"author":[{"embeddable":true,"href":"https:\/\/radiolifefm.com.br\/noticias\/wp-json\/wp\/v2\/users\/13"}],"replies":[{"embeddable":true,"href":"https:\/\/radiolifefm.com.br\/noticias\/wp-json\/wp\/v2\/comments?post=102695"}],"version-history":[{"count":1,"href":"https:\/\/radiolifefm.com.br\/noticias\/wp-json\/wp\/v2\/posts\/102695\/revisions"}],"predecessor-version":[{"id":102697,"href":"https:\/\/radiolifefm.com.br\/noticias\/wp-json\/wp\/v2\/posts\/102695\/revisions\/102697"}],"wp:featuredmedia":[{"embeddable":true,"href":"https:\/\/radiolifefm.com.br\/noticias\/wp-json\/wp\/v2\/media\/102696"}],"wp:attachment":[{"href":"https:\/\/radiolifefm.com.br\/noticias\/wp-json\/wp\/v2\/media?parent=102695"}],"wp:term":[{"taxonomy":"category","embeddable":true,"href":"https:\/\/radiolifefm.com.br\/noticias\/wp-json\/wp\/v2\/categories?post=102695"},{"taxonomy":"post_tag","embeddable":true,"href":"https:\/\/radiolifefm.com.br\/noticias\/wp-json\/wp\/v2\/tags?post=102695"}],"curies":[{"name":"wp","href":"https:\/\/api.w.org\/{rel}","templated":true}]}}