{"id":102650,"date":"2025-07-03T10:02:18","date_gmt":"2025-07-03T13:02:18","guid":{"rendered":"https:\/\/radiolifefm.com.br\/noticias\/?p=102650"},"modified":"2026-02-05T11:13:29","modified_gmt":"2026-02-05T14:13:29","slug":"municipio-de-adamantina-fortalece-parcerias-em-encontro-com-a-primeira-dama-cristiane-freitas","status":"publish","type":"post","link":"https:\/\/radiolifefm.com.br\/noticias\/municipio-de-adamantina-fortalece-parcerias-em-encontro-com-a-primeira-dama-cristiane-freitas\/","title":{"rendered":"Munic\u00edpio de Adamantina fortalece parcerias em encontro com a primeira-dama Cristiane Freitas"},"content":{"rendered":"<div id=\"fb-root\"><\/div>\n<p>&nbsp;<\/p>\n<p>Prefeitura busca ampliar rede de apoio e alinhar a\u00e7\u00f5es sociais com os programas estaduais<\/p>\n<p>A primeira-dama e presidente do Fundo Social de S\u00e3o Paulo, Cristiane Freitas, recebeu nesta ter\u00e7a-feira (01), no Pal\u00e1cio dos Bandeirantes, a primeira-dama e presidente do Fundo Social de Adamantina, Adelisa Rodolfo Ferreira Tiveron, acompanhada da vice-presidente, Vilma Josefa Guelsi de Alc\u00e2ntara. O objetivo do encontro foi para o alinhamento das iniciativas sociais do munic\u00edpio.<img loading=\"lazy\" decoding=\"async\" class=\"aligncenter size-medium wp-image-102669\" src=\"https:\/\/static.radiolifefm.com.br\/noticias\/wp-content\/uploads\/2025\/07\/WhatsApp-Image-2025-07-03-at-08.48.21-2-300x200.jpeg\" alt=\"\" width=\"300\" height=\"200\" \/><\/p>\n<p>\u201cEstabelecer di\u00e1logo e coopera\u00e7\u00e3o \u00e9 essencial para transformar pol\u00edticas p\u00fablicas em a\u00e7\u00f5es concretas. A equipe t\u00e9cnica do Fundo Social de S\u00e3o Paulo est\u00e1 preparada para apoiar e esclarecer todas as d\u00favidas dos munic\u00edpios na implementa\u00e7\u00e3o de a\u00e7\u00f5es que levam mais desenvolvimento social \u00e0s comunidades em situa\u00e7\u00e3o de vulnerabilidade\u201d, afirma a primeira-dama e presidente do Fundo Social de S\u00e3o Paulo, Cristiane Freitas.<\/p>\n<div class='flex flex-wrap items-center -mx-1'>\r\n<a class='thumbnail gallery p-1 w-1\/2 md:w-1\/4' href='https:\/\/radiolifefm.com.br\/noticias\/wp-content\/uploads\/2025\/07\/WhatsApp-Image-2025-07-03-at-09.59.14-2.jpeg'><img class='border border-white' src='https:\/\/radiolifefm.com.br\/noticias\/wp-content\/uploads\/2025\/07\/WhatsApp-Image-2025-07-03-at-09.59.14-2-200x200.jpeg' alt='WhatsApp Image 2025 07 03 At 09.59.14 (2)' \/><\/a><a class='thumbnail gallery p-1 w-1\/2 md:w-1\/4' href='https:\/\/radiolifefm.com.br\/noticias\/wp-content\/uploads\/2025\/07\/WhatsApp-Image-2025-07-03-at-09.59.14-3.jpeg'><img class='border border-white' src='https:\/\/radiolifefm.com.br\/noticias\/wp-content\/uploads\/2025\/07\/WhatsApp-Image-2025-07-03-at-09.59.14-3-200x200.jpeg' alt='WhatsApp Image 2025 07 03 At 09.59.14 (3)' \/><\/a><a class='thumbnail gallery p-1 w-1\/2 md:w-1\/4' href='https:\/\/radiolifefm.com.br\/noticias\/wp-content\/uploads\/2025\/07\/WhatsApp-Image-2025-07-03-at-09.59.14-4.jpeg'><img class='border border-white' src='https:\/\/radiolifefm.com.br\/noticias\/wp-content\/uploads\/2025\/07\/WhatsApp-Image-2025-07-03-at-09.59.14-4-200x200.jpeg' alt='WhatsApp Image 2025 07 03 At 09.59.14 (4)' \/><\/a><\/div>\n<p>Um dos principais assuntos do encontro foi o programa Caminho da Capacita\u00e7\u00e3o e a apresenta\u00e7\u00e3o de outros programas estaduais como as Escolas de Qualifica\u00e7\u00e3o Profissional e as a\u00e7\u00f5es de Ajuda Humanit\u00e1ria. Tamb\u00e9m foram discutidas estrat\u00e9gias para ampliar a rede de apoio e fortalecer os projetos voltados ao desenvolvimento social e econ\u00f4mico local.<\/p>\n<div class='flex flex-wrap items-center -mx-1'>\r\n<a class='thumbnail gallery p-1 w-1\/2 md:w-1\/4' href='https:\/\/radiolifefm.com.br\/noticias\/wp-content\/uploads\/2025\/07\/WhatsApp-Image-2025-07-03-at-08.48.22-scaled.jpeg'><img class='border border-white' src='https:\/\/radiolifefm.com.br\/noticias\/wp-content\/uploads\/2025\/07\/WhatsApp-Image-2025-07-03-at-08.48.22-200x200.jpeg' alt='WhatsApp Image 2025 07 03 At 08.48.22' \/><\/a><\/div>\n","protected":false},"excerpt":{"rendered":"<p>&nbsp; Prefeitura busca ampliar rede de apoio e alinhar a\u00e7\u00f5es sociais com os programas estaduais A primeira-dama e presidente do Fundo Social de S\u00e3o Paulo, Cristiane Freitas, recebeu nesta ter\u00e7a-feira (01), no Pal\u00e1cio dos Bandeirantes, a primeira-dama e presidente do Fundo Social de Adamantina, Adelisa Rodolfo Ferreira Tiveron, acompanhada da vice-presidente, Vilma Josefa Guelsi de [&hellip;]<\/p>\n","protected":false},"author":8,"featured_media":102678,"comment_status":"closed","ping_status":"open","sticky":false,"template":"","format":"standard","meta":{"_acf_changed":false,"_exactmetrics_skip_tracking":false,"_exactmetrics_sitenote_active":false,"_exactmetrics_sitenote_note":"","_exactmetrics_sitenote_category":0,"footnotes":""},"categories":[1],"tags":[],"class_list":["post-102650","post","type-post","status-publish","format-standard","has-post-thumbnail","hentry","category-geral"],"acf":[],"yoast_head":"<!-- This site is optimized with the Yoast SEO plugin v27.2 - https:\/\/yoast.com\/product\/yoast-seo-wordpress\/ -->\n<title>Munic\u00edpio de Adamantina fortalece parcerias em encontro com a primeira-dama Cristiane Freitas - R\u00e1dio Life FM<\/title>\n<meta name=\"robots\" content=\"index, follow, max-snippet:-1, max-image-preview:large, max-video-preview:-1\" \/>\n<link rel=\"canonical\" href=\"https:\/\/radiolifefm.com.br\/noticias\/municipio-de-adamantina-fortalece-parcerias-em-encontro-com-a-primeira-dama-cristiane-freitas\/\" \/>\n<meta property=\"og:locale\" content=\"pt_BR\" \/>\n<meta property=\"og:type\" content=\"article\" \/>\n<meta property=\"og:title\" content=\"Munic\u00edpio de Adamantina fortalece parcerias em encontro com a primeira-dama Cristiane Freitas - R\u00e1dio Life FM\" \/>\n<meta property=\"og:description\" content=\"&nbsp; Prefeitura busca ampliar rede de apoio e alinhar a\u00e7\u00f5es sociais com os programas estaduais A primeira-dama e presidente do Fundo Social de S\u00e3o Paulo, Cristiane Freitas, recebeu nesta ter\u00e7a-feira (01), no Pal\u00e1cio dos Bandeirantes, a primeira-dama e presidente do Fundo Social de Adamantina, Adelisa Rodolfo Ferreira Tiveron, acompanhada da vice-presidente, Vilma Josefa Guelsi de [&hellip;]\" \/>\n<meta property=\"og:url\" content=\"https:\/\/radiolifefm.com.br\/noticias\/municipio-de-adamantina-fortalece-parcerias-em-encontro-com-a-primeira-dama-cristiane-freitas\/\" \/>\n<meta property=\"og:site_name\" content=\"R\u00e1dio Life FM\" \/>\n<meta property=\"article:publisher\" content=\"https:\/\/www.facebook.com\/radiolifefm\/\" \/>\n<meta property=\"article:published_time\" content=\"2025-07-03T13:02:18+00:00\" \/>\n<meta property=\"article:modified_time\" content=\"2026-02-05T14:13:29+00:00\" \/>\n<meta property=\"og:image\" content=\"https:\/\/radiolifefm.com.br\/noticias\/wp-content\/uploads\/2025\/07\/WhatsApp-Image-2025-07-03-at-09.59.14-1.jpeg\" \/>\n\t<meta property=\"og:image:width\" content=\"1600\" \/>\n\t<meta property=\"og:image:height\" content=\"1066\" \/>\n\t<meta property=\"og:image:type\" content=\"image\/jpeg\" \/>\n<meta name=\"author\" content=\"joaograndao\" \/>\n<meta name=\"twitter:card\" content=\"summary_large_image\" \/>\n<meta name=\"twitter:label1\" content=\"Escrito por\" \/>\n\t<meta name=\"twitter:data1\" content=\"joaograndao\" \/>\n\t<meta name=\"twitter:label2\" content=\"Est. tempo de leitura\" \/>\n\t<meta name=\"twitter:data2\" content=\"2 minutos\" \/>\n<script type=\"application\/ld+json\" class=\"yoast-schema-graph\">{\"@context\":\"https:\/\/schema.org\",\"@graph\":[{\"@type\":\"Article\",\"@id\":\"https:\/\/radiolifefm.com.br\/noticias\/municipio-de-adamantina-fortalece-parcerias-em-encontro-com-a-primeira-dama-cristiane-freitas\/#article\",\"isPartOf\":{\"@id\":\"https:\/\/radiolifefm.com.br\/noticias\/municipio-de-adamantina-fortalece-parcerias-em-encontro-com-a-primeira-dama-cristiane-freitas\/\"},\"author\":{\"name\":\"joaograndao\",\"@id\":\"https:\/\/radiolifefm.com.br\/noticias\/#\/schema\/person\/6876e1240feffe6e1b63fd5cb85abf28\"},\"headline\":\"Munic\u00edpio de Adamantina fortalece parcerias em encontro com a primeira-dama Cristiane Freitas\",\"datePublished\":\"2025-07-03T13:02:18+00:00\",\"dateModified\":\"2026-02-05T14:13:29+00:00\",\"mainEntityOfPage\":{\"@id\":\"https:\/\/radiolifefm.com.br\/noticias\/municipio-de-adamantina-fortalece-parcerias-em-encontro-com-a-primeira-dama-cristiane-freitas\/\"},\"wordCount\":224,\"publisher\":{\"@id\":\"https:\/\/radiolifefm.com.br\/noticias\/#organization\"},\"image\":{\"@id\":\"https:\/\/radiolifefm.com.br\/noticias\/municipio-de-adamantina-fortalece-parcerias-em-encontro-com-a-primeira-dama-cristiane-freitas\/#primaryimage\"},\"thumbnailUrl\":\"https:\/\/radiolifefm.com.br\/noticias\/wp-content\/uploads\/2025\/07\/WhatsApp-Image-2025-07-03-at-09.59.14-1.jpeg\",\"articleSection\":[\"Geral\"],\"inLanguage\":\"pt-BR\"},{\"@type\":\"WebPage\",\"@id\":\"https:\/\/radiolifefm.com.br\/noticias\/municipio-de-adamantina-fortalece-parcerias-em-encontro-com-a-primeira-dama-cristiane-freitas\/\",\"url\":\"https:\/\/radiolifefm.com.br\/noticias\/municipio-de-adamantina-fortalece-parcerias-em-encontro-com-a-primeira-dama-cristiane-freitas\/\",\"name\":\"Munic\u00edpio de Adamantina fortalece parcerias em encontro com a primeira-dama Cristiane Freitas - R\u00e1dio Life FM\",\"isPartOf\":{\"@id\":\"https:\/\/radiolifefm.com.br\/noticias\/#website\"},\"primaryImageOfPage\":{\"@id\":\"https:\/\/radiolifefm.com.br\/noticias\/municipio-de-adamantina-fortalece-parcerias-em-encontro-com-a-primeira-dama-cristiane-freitas\/#primaryimage\"},\"image\":{\"@id\":\"https:\/\/radiolifefm.com.br\/noticias\/municipio-de-adamantina-fortalece-parcerias-em-encontro-com-a-primeira-dama-cristiane-freitas\/#primaryimage\"},\"thumbnailUrl\":\"https:\/\/radiolifefm.com.br\/noticias\/wp-content\/uploads\/2025\/07\/WhatsApp-Image-2025-07-03-at-09.59.14-1.jpeg\",\"datePublished\":\"2025-07-03T13:02:18+00:00\",\"dateModified\":\"2026-02-05T14:13:29+00:00\",\"breadcrumb\":{\"@id\":\"https:\/\/radiolifefm.com.br\/noticias\/municipio-de-adamantina-fortalece-parcerias-em-encontro-com-a-primeira-dama-cristiane-freitas\/#breadcrumb\"},\"inLanguage\":\"pt-BR\",\"potentialAction\":[{\"@type\":\"ReadAction\",\"target\":[\"https:\/\/radiolifefm.com.br\/noticias\/municipio-de-adamantina-fortalece-parcerias-em-encontro-com-a-primeira-dama-cristiane-freitas\/\"]}]},{\"@type\":\"ImageObject\",\"inLanguage\":\"pt-BR\",\"@id\":\"https:\/\/radiolifefm.com.br\/noticias\/municipio-de-adamantina-fortalece-parcerias-em-encontro-com-a-primeira-dama-cristiane-freitas\/#primaryimage\",\"url\":\"https:\/\/radiolifefm.com.br\/noticias\/wp-content\/uploads\/2025\/07\/WhatsApp-Image-2025-07-03-at-09.59.14-1.jpeg\",\"contentUrl\":\"https:\/\/radiolifefm.com.br\/noticias\/wp-content\/uploads\/2025\/07\/WhatsApp-Image-2025-07-03-at-09.59.14-1.jpeg\",\"width\":1600,\"height\":1066},{\"@type\":\"BreadcrumbList\",\"@id\":\"https:\/\/radiolifefm.com.br\/noticias\/municipio-de-adamantina-fortalece-parcerias-em-encontro-com-a-primeira-dama-cristiane-freitas\/#breadcrumb\",\"itemListElement\":[{\"@type\":\"ListItem\",\"position\":1,\"name\":\"In\u00edcio\",\"item\":\"https:\/\/radiolifefm.com.br\/noticias\/\"},{\"@type\":\"ListItem\",\"position\":2,\"name\":\"Munic\u00edpio de Adamantina fortalece parcerias em encontro com a primeira-dama Cristiane Freitas\"}]},{\"@type\":\"WebSite\",\"@id\":\"https:\/\/radiolifefm.com.br\/noticias\/#website\",\"url\":\"https:\/\/radiolifefm.com.br\/noticias\/\",\"name\":\"R\u00e1dio Life FM\",\"description\":\"O Portal de Not\u00edcias de Adamantina\",\"publisher\":{\"@id\":\"https:\/\/radiolifefm.com.br\/noticias\/#organization\"},\"alternateName\":\"Life FM\",\"potentialAction\":[{\"@type\":\"SearchAction\",\"target\":{\"@type\":\"EntryPoint\",\"urlTemplate\":\"https:\/\/radiolifefm.com.br\/noticias\/?s={search_term_string}\"},\"query-input\":{\"@type\":\"PropertyValueSpecification\",\"valueRequired\":true,\"valueName\":\"search_term_string\"}}],\"inLanguage\":\"pt-BR\"},{\"@type\":\"Organization\",\"@id\":\"https:\/\/radiolifefm.com.br\/noticias\/#organization\",\"name\":\"R\u00e1dio Life FM\",\"alternateName\":\"Life FM\",\"url\":\"https:\/\/radiolifefm.com.br\/noticias\/\",\"logo\":{\"@type\":\"ImageObject\",\"inLanguage\":\"pt-BR\",\"@id\":\"https:\/\/radiolifefm.com.br\/noticias\/#\/schema\/logo\/image\/\",\"url\":\"https:\/\/static.radiolifefm.com.br\/noticias\/wp-content\/uploads\/2019\/10\/logo-lifefm.png\",\"contentUrl\":\"https:\/\/static.radiolifefm.com.br\/noticias\/wp-content\/uploads\/2019\/10\/logo-lifefm.png\",\"width\":196,\"height\":47,\"caption\":\"R\u00e1dio Life FM\"},\"image\":{\"@id\":\"https:\/\/radiolifefm.com.br\/noticias\/#\/schema\/logo\/image\/\"},\"sameAs\":[\"https:\/\/www.facebook.com\/radiolifefm\/\",\"https:\/\/www.instagram.com\/life1079fm\/\"]},{\"@type\":\"Person\",\"@id\":\"https:\/\/radiolifefm.com.br\/noticias\/#\/schema\/person\/6876e1240feffe6e1b63fd5cb85abf28\",\"name\":\"joaograndao\",\"image\":{\"@type\":\"ImageObject\",\"inLanguage\":\"pt-BR\",\"@id\":\"https:\/\/secure.gravatar.com\/avatar\/d5b1a3cf357ed9c50404e256a1294083aa8ab5d2a994001567302786016cb32c?s=96&d=mm&r=g\",\"url\":\"https:\/\/secure.gravatar.com\/avatar\/d5b1a3cf357ed9c50404e256a1294083aa8ab5d2a994001567302786016cb32c?s=96&d=mm&r=g\",\"contentUrl\":\"https:\/\/secure.gravatar.com\/avatar\/d5b1a3cf357ed9c50404e256a1294083aa8ab5d2a994001567302786016cb32c?s=96&d=mm&r=g\",\"caption\":\"joaograndao\"}}]}<\/script>\n<!-- \/ Yoast SEO plugin. -->","yoast_head_json":{"title":"Munic\u00edpio de Adamantina fortalece parcerias em encontro com a primeira-dama Cristiane Freitas - R\u00e1dio Life FM","robots":{"index":"index","follow":"follow","max-snippet":"max-snippet:-1","max-image-preview":"max-image-preview:large","max-video-preview":"max-video-preview:-1"},"canonical":"https:\/\/radiolifefm.com.br\/noticias\/municipio-de-adamantina-fortalece-parcerias-em-encontro-com-a-primeira-dama-cristiane-freitas\/","og_locale":"pt_BR","og_type":"article","og_title":"Munic\u00edpio de Adamantina fortalece parcerias em encontro com a primeira-dama Cristiane Freitas - R\u00e1dio Life FM","og_description":"&nbsp; Prefeitura busca ampliar rede de apoio e alinhar a\u00e7\u00f5es sociais com os programas estaduais A primeira-dama e presidente do Fundo Social de S\u00e3o Paulo, Cristiane Freitas, recebeu nesta ter\u00e7a-feira (01), no Pal\u00e1cio dos Bandeirantes, a primeira-dama e presidente do Fundo Social de Adamantina, Adelisa Rodolfo Ferreira Tiveron, acompanhada da vice-presidente, Vilma Josefa Guelsi de [&hellip;]","og_url":"https:\/\/radiolifefm.com.br\/noticias\/municipio-de-adamantina-fortalece-parcerias-em-encontro-com-a-primeira-dama-cristiane-freitas\/","og_site_name":"R\u00e1dio Life FM","article_publisher":"https:\/\/www.facebook.com\/radiolifefm\/","article_published_time":"2025-07-03T13:02:18+00:00","article_modified_time":"2026-02-05T14:13:29+00:00","og_image":[{"width":1600,"height":1066,"url":"https:\/\/radiolifefm.com.br\/noticias\/wp-content\/uploads\/2025\/07\/WhatsApp-Image-2025-07-03-at-09.59.14-1.jpeg","type":"image\/jpeg"}],"author":"joaograndao","twitter_card":"summary_large_image","twitter_misc":{"Escrito por":"joaograndao","Est. tempo de leitura":"2 minutos"},"schema":{"@context":"https:\/\/schema.org","@graph":[{"@type":"Article","@id":"https:\/\/radiolifefm.com.br\/noticias\/municipio-de-adamantina-fortalece-parcerias-em-encontro-com-a-primeira-dama-cristiane-freitas\/#article","isPartOf":{"@id":"https:\/\/radiolifefm.com.br\/noticias\/municipio-de-adamantina-fortalece-parcerias-em-encontro-com-a-primeira-dama-cristiane-freitas\/"},"author":{"name":"joaograndao","@id":"https:\/\/radiolifefm.com.br\/noticias\/#\/schema\/person\/6876e1240feffe6e1b63fd5cb85abf28"},"headline":"Munic\u00edpio de Adamantina fortalece parcerias em encontro com a primeira-dama Cristiane Freitas","datePublished":"2025-07-03T13:02:18+00:00","dateModified":"2026-02-05T14:13:29+00:00","mainEntityOfPage":{"@id":"https:\/\/radiolifefm.com.br\/noticias\/municipio-de-adamantina-fortalece-parcerias-em-encontro-com-a-primeira-dama-cristiane-freitas\/"},"wordCount":224,"publisher":{"@id":"https:\/\/radiolifefm.com.br\/noticias\/#organization"},"image":{"@id":"https:\/\/radiolifefm.com.br\/noticias\/municipio-de-adamantina-fortalece-parcerias-em-encontro-com-a-primeira-dama-cristiane-freitas\/#primaryimage"},"thumbnailUrl":"https:\/\/radiolifefm.com.br\/noticias\/wp-content\/uploads\/2025\/07\/WhatsApp-Image-2025-07-03-at-09.59.14-1.jpeg","articleSection":["Geral"],"inLanguage":"pt-BR"},{"@type":"WebPage","@id":"https:\/\/radiolifefm.com.br\/noticias\/municipio-de-adamantina-fortalece-parcerias-em-encontro-com-a-primeira-dama-cristiane-freitas\/","url":"https:\/\/radiolifefm.com.br\/noticias\/municipio-de-adamantina-fortalece-parcerias-em-encontro-com-a-primeira-dama-cristiane-freitas\/","name":"Munic\u00edpio de Adamantina fortalece parcerias em encontro com a primeira-dama Cristiane Freitas - R\u00e1dio Life FM","isPartOf":{"@id":"https:\/\/radiolifefm.com.br\/noticias\/#website"},"primaryImageOfPage":{"@id":"https:\/\/radiolifefm.com.br\/noticias\/municipio-de-adamantina-fortalece-parcerias-em-encontro-com-a-primeira-dama-cristiane-freitas\/#primaryimage"},"image":{"@id":"https:\/\/radiolifefm.com.br\/noticias\/municipio-de-adamantina-fortalece-parcerias-em-encontro-com-a-primeira-dama-cristiane-freitas\/#primaryimage"},"thumbnailUrl":"https:\/\/radiolifefm.com.br\/noticias\/wp-content\/uploads\/2025\/07\/WhatsApp-Image-2025-07-03-at-09.59.14-1.jpeg","datePublished":"2025-07-03T13:02:18+00:00","dateModified":"2026-02-05T14:13:29+00:00","breadcrumb":{"@id":"https:\/\/radiolifefm.com.br\/noticias\/municipio-de-adamantina-fortalece-parcerias-em-encontro-com-a-primeira-dama-cristiane-freitas\/#breadcrumb"},"inLanguage":"pt-BR","potentialAction":[{"@type":"ReadAction","target":["https:\/\/radiolifefm.com.br\/noticias\/municipio-de-adamantina-fortalece-parcerias-em-encontro-com-a-primeira-dama-cristiane-freitas\/"]}]},{"@type":"ImageObject","inLanguage":"pt-BR","@id":"https:\/\/radiolifefm.com.br\/noticias\/municipio-de-adamantina-fortalece-parcerias-em-encontro-com-a-primeira-dama-cristiane-freitas\/#primaryimage","url":"https:\/\/radiolifefm.com.br\/noticias\/wp-content\/uploads\/2025\/07\/WhatsApp-Image-2025-07-03-at-09.59.14-1.jpeg","contentUrl":"https:\/\/radiolifefm.com.br\/noticias\/wp-content\/uploads\/2025\/07\/WhatsApp-Image-2025-07-03-at-09.59.14-1.jpeg","width":1600,"height":1066},{"@type":"BreadcrumbList","@id":"https:\/\/radiolifefm.com.br\/noticias\/municipio-de-adamantina-fortalece-parcerias-em-encontro-com-a-primeira-dama-cristiane-freitas\/#breadcrumb","itemListElement":[{"@type":"ListItem","position":1,"name":"In\u00edcio","item":"https:\/\/radiolifefm.com.br\/noticias\/"},{"@type":"ListItem","position":2,"name":"Munic\u00edpio de Adamantina fortalece parcerias em encontro com a primeira-dama Cristiane Freitas"}]},{"@type":"WebSite","@id":"https:\/\/radiolifefm.com.br\/noticias\/#website","url":"https:\/\/radiolifefm.com.br\/noticias\/","name":"R\u00e1dio Life FM","description":"O Portal de Not\u00edcias de Adamantina","publisher":{"@id":"https:\/\/radiolifefm.com.br\/noticias\/#organization"},"alternateName":"Life FM","potentialAction":[{"@type":"SearchAction","target":{"@type":"EntryPoint","urlTemplate":"https:\/\/radiolifefm.com.br\/noticias\/?s={search_term_string}"},"query-input":{"@type":"PropertyValueSpecification","valueRequired":true,"valueName":"search_term_string"}}],"inLanguage":"pt-BR"},{"@type":"Organization","@id":"https:\/\/radiolifefm.com.br\/noticias\/#organization","name":"R\u00e1dio Life FM","alternateName":"Life FM","url":"https:\/\/radiolifefm.com.br\/noticias\/","logo":{"@type":"ImageObject","inLanguage":"pt-BR","@id":"https:\/\/radiolifefm.com.br\/noticias\/#\/schema\/logo\/image\/","url":"https:\/\/static.radiolifefm.com.br\/noticias\/wp-content\/uploads\/2019\/10\/logo-lifefm.png","contentUrl":"https:\/\/static.radiolifefm.com.br\/noticias\/wp-content\/uploads\/2019\/10\/logo-lifefm.png","width":196,"height":47,"caption":"R\u00e1dio Life FM"},"image":{"@id":"https:\/\/radiolifefm.com.br\/noticias\/#\/schema\/logo\/image\/"},"sameAs":["https:\/\/www.facebook.com\/radiolifefm\/","https:\/\/www.instagram.com\/life1079fm\/"]},{"@type":"Person","@id":"https:\/\/radiolifefm.com.br\/noticias\/#\/schema\/person\/6876e1240feffe6e1b63fd5cb85abf28","name":"joaograndao","image":{"@type":"ImageObject","inLanguage":"pt-BR","@id":"https:\/\/secure.gravatar.com\/avatar\/d5b1a3cf357ed9c50404e256a1294083aa8ab5d2a994001567302786016cb32c?s=96&d=mm&r=g","url":"https:\/\/secure.gravatar.com\/avatar\/d5b1a3cf357ed9c50404e256a1294083aa8ab5d2a994001567302786016cb32c?s=96&d=mm&r=g","contentUrl":"https:\/\/secure.gravatar.com\/avatar\/d5b1a3cf357ed9c50404e256a1294083aa8ab5d2a994001567302786016cb32c?s=96&d=mm&r=g","caption":"joaograndao"}}]}},"amp_enabled":true,"_links":{"self":[{"href":"https:\/\/radiolifefm.com.br\/noticias\/wp-json\/wp\/v2\/posts\/102650","targetHints":{"allow":["GET"]}}],"collection":[{"href":"https:\/\/radiolifefm.com.br\/noticias\/wp-json\/wp\/v2\/posts"}],"about":[{"href":"https:\/\/radiolifefm.com.br\/noticias\/wp-json\/wp\/v2\/types\/post"}],"author":[{"embeddable":true,"href":"https:\/\/radiolifefm.com.br\/noticias\/wp-json\/wp\/v2\/users\/8"}],"replies":[{"embeddable":true,"href":"https:\/\/radiolifefm.com.br\/noticias\/wp-json\/wp\/v2\/comments?post=102650"}],"version-history":[{"count":1,"href":"https:\/\/radiolifefm.com.br\/noticias\/wp-json\/wp\/v2\/posts\/102650\/revisions"}],"predecessor-version":[{"id":102680,"href":"https:\/\/radiolifefm.com.br\/noticias\/wp-json\/wp\/v2\/posts\/102650\/revisions\/102680"}],"wp:featuredmedia":[{"embeddable":true,"href":"https:\/\/radiolifefm.com.br\/noticias\/wp-json\/wp\/v2\/media\/102678"}],"wp:attachment":[{"href":"https:\/\/radiolifefm.com.br\/noticias\/wp-json\/wp\/v2\/media?parent=102650"}],"wp:term":[{"taxonomy":"category","embeddable":true,"href":"https:\/\/radiolifefm.com.br\/noticias\/wp-json\/wp\/v2\/categories?post=102650"},{"taxonomy":"post_tag","embeddable":true,"href":"https:\/\/radiolifefm.com.br\/noticias\/wp-json\/wp\/v2\/tags?post=102650"}],"curies":[{"name":"wp","href":"https:\/\/api.w.org\/{rel}","templated":true}]}}