{"id":102643,"date":"2025-07-02T22:16:17","date_gmt":"2025-07-03T01:16:17","guid":{"rendered":"https:\/\/radiolifefm.com.br\/noticias\/?p=102643"},"modified":"2026-04-06T10:04:25","modified_gmt":"2026-04-06T13:04:25","slug":"conta-de-luz-vai-ficar-1905-mais-cara-na-regiao-em-reajuste-autorizado-pela-aneel","status":"publish","type":"post","link":"https:\/\/radiolifefm.com.br\/noticias\/conta-de-luz-vai-ficar-1905-mais-cara-na-regiao-em-reajuste-autorizado-pela-aneel\/","title":{"rendered":"Conta de luz vai ficar 19,05% mais cara na regi\u00e3o, em reajuste autorizado pela ANEEL"},"content":{"rendered":"<div id=\"fb-root\"><\/div>\n<p style=\"font-weight: 400\">A Ag\u00eancia Nacional de Energia El\u00e9trica (ANEEL) aprovou nesta ter\u00e7a-feira (1) o Reajuste Tarif\u00e1rio Anual (RTA) da Energisa Sul Sudeste (ESS). Com sede na cidade de Presidente Prudente, a empresa atende a 892 mil unidades consumidoras localizadas nos estados de S\u00e3o Paulo, Minas Gerais e Paran\u00e1.<\/p>\n<p style=\"font-weight: 400\">O reajuste \u00e9 aplicado conforme as categorias de consumo, e o maior percentual \u00e9 de 19,15%. Para consumidores residenciais &#8211; B1, 18,88%. O efeito m\u00e9dio na conta de luz ser\u00e1 de 19,05%. Confira os \u00edndices que entram em vigor em 12\/7:<\/p>\n<p style=\"font-weight: 400\"><em>(Fontes: ANEEL e Energisa).<\/em><\/p>\n<p style=\"font-weight: 400\">Segundo destaca a Energisa, o reajuste tarif\u00e1rio \u00e9 um processo regulado e calculado pela ANEEL, previsto no contrato de concess\u00e3o da empresa, e apresenta regras bem definidas a respeito das contas de luz e a metodologia de c\u00e1lculo dos reajustes.<\/p>\n<p style=\"font-weight: 400\">Entre os fatores que mais impactaram os \u00edndices propostos, pontua a ANEEL, est\u00e3o os custos com encargos setoriais, aquisi\u00e7\u00e3o de energia e componentes financeiros apurados no processo tarif\u00e1rio anterior.<\/p>\n<p style=\"font-weight: 400\"><b><strong>Entenda o reajuste<\/strong><\/b><\/p>\n<p style=\"font-weight: 400\">A tarifa de energia el\u00e9trica \u00e9 composta por custos de gera\u00e7\u00e3o e transmiss\u00e3o de energia, al\u00e9m de impostos e encargos setoriais, chamados de Parcela A, que s\u00e3o itens pelos quais a distribuidora n\u00e3o tem gest\u00e3o e controle e representaram 9,35% do reajuste. Nesse item est\u00e3o os valores cobrados na conta de luz para financiar iniciativas do governo, encargos e subs\u00eddios para gera\u00e7\u00e3o distribu\u00edda (solar, e\u00f3lica e outras) e programas do setor el\u00e9trico.<\/p>\n<p style=\"font-weight: 400\">Os outros 7,67% do reajuste s\u00e3o componentes financeiros que fazem parte da tarifa e tamb\u00e9m n\u00e3o t\u00eam a gest\u00e3o da distribuidora. Esses itens representam a diferen\u00e7a do que estava previsto na Parcela A e o que efetivamente ocorreu ao longo do ano.<\/p>\n<p style=\"font-weight: 400\">A parte que fica com a distribuidora, chamada de Parcela B, ser\u00e1 de apenas 2,03% do reajuste anunciado de 19,05%.<\/p>\n<p style=\"font-weight: 400\">No \u00faltimo reajuste tarif\u00e1rio, ocorrido no ano passado, o efeito m\u00e9dio foi negativo, com uma\u00a0<b><strong><a href=\"https:\/\/www.sigamais.com\/noticias\/geral\/clientes-da-energisa-sulsudeste-terno-redunno-de-989-na-tarifa-de-energia-a-partir-de-12-de-julho\/\">redu\u00e7\u00e3o na tarifa de 9,89%<\/a><\/strong><\/b>. \u201cConsiderando o reajuste de 2024 e o atual o resultado \u00e9 ligeiramente inferior \u00e0 infla\u00e7\u00e3o dos \u00faltimos 24 meses\u201d, frisa a Energisa.<\/p>\n<p style=\"font-weight: 400\"><b><strong>Revis\u00e3o tarif\u00e1ria x Reajuste tarif\u00e1rio<\/strong><\/b><\/p>\n<p style=\"font-weight: 400\">Conforme\u00a0<a href=\"https:\/\/www.gov.br\/aneel\/pt-br\/assuntos\/noticias\/2025\/aneel-aprova-reajuste-das-tarifas-da-energisa-sul-sudeste\"><b><strong>publicou<\/strong><\/b><\/a>\u00a0a ANEEL, a Revis\u00e3o Tarif\u00e1ria Peri\u00f3dica (RTP) e o Reajuste Tarif\u00e1rio Anual (RTA) s\u00e3o os dois processos tarif\u00e1rios mais comuns previstos nos contratos de concess\u00e3o.<\/p>\n<p style=\"font-weight: 400\">De acordo com a Ag\u00eancia, o processo de RTP \u00e9 mais complexo:\u00a0\u00a0nele s\u00e3o definidos: (I) o custo eficiente da distribui\u00e7\u00e3o (Parcela B); (II) as metas de qualidade e de perdas de energia; e (III) os componentes do Fator X para o ciclo tarif\u00e1rio.<\/p>\n<p style=\"font-weight: 400\">J\u00e1 o processo de RTA \u00e9 mais simples e acontece sempre no ano em que n\u00e3o h\u00e1 RTP. Nesse processo, \u00e9 atualizada a Parcela B pelo \u00edndice de infla\u00e7\u00e3o estabelecida no contrato (IGP-M ou IPCA) menos o fator X (IGP-M\/IPCA \u2013 Fator X).<\/p>\n<p style=\"font-weight: 400\">Em ambos os casos s\u00e3o repassados os custos com compra e transmiss\u00e3o de energia e os encargos setoriais que custeiam pol\u00edticas p\u00fablicas estabelecidas por meio de leis e decretos.<\/p>\n<p style=\"font-weight: 400\"><b><strong>Entenda a conta de energia<\/strong><\/b><\/p>\n<p style=\"font-weight: 400\">A Energisa Sul-Sudeste \u00e9 a respons\u00e1vel pela distribui\u00e7\u00e3o de energia e atua apenas como arrecadadora dos demais itens que comp\u00f5em a fatura de energia. Veja abaixo como fica a composi\u00e7\u00e3o da conta para os consumidores:<\/p>\n<p style=\"font-weight: 400\">O valor da distribuidora Energisa Sul-Sudeste \u00e9 a menor parcela na divis\u00e3o do montante arrecadado e a concession\u00e1ria usa tais recursos para fazer frente a toda a estrutura de custos operacionais, investimentos e a presta\u00e7\u00e3o de servi\u00e7os aos seus clientes.<\/p>\n<p style=\"font-weight: 400\">Para melhor compreens\u00e3o, em uma conta de luz no valor de R$ 100, apenas R$ 19,10 ficam com a distribuidora.<\/p>\n<p style=\"font-weight: 400\">Os outros R$ 38,30 s\u00e3o destinados para o pagamento da gera\u00e7\u00e3o e transmiss\u00e3o da energia. E os demais R$ 42,60 s\u00e3o repassados para o setor el\u00e9trico como encargos setoriais e tamb\u00e9m os impostos governamentais.<\/p>\n<p style=\"font-weight: 400\">Toda essa divis\u00e3o de recursos da tarifa \u00e9 detalhada na fatura que chega mensalmente na sua casa. Em caso de d\u00favidas, consulte a Energisa pelos canais de atendimento: Aplicativo Energisa On, site www.energisa.com.br ou pela Gisa no WhatsApp 18 99120-3365.<\/p>\n<p>&nbsp;<\/p>\n<p>&nbsp;<\/p>\n<p>Fonte: Siga Mais<\/p>\n","protected":false},"excerpt":{"rendered":"<p>A Ag\u00eancia Nacional de Energia El\u00e9trica (ANEEL) aprovou nesta ter\u00e7a-feira (1) o Reajuste Tarif\u00e1rio Anual (RTA) da Energisa Sul Sudeste (ESS). Com sede na cidade de Presidente Prudente, a empresa atende a 892 mil unidades consumidoras localizadas nos estados de S\u00e3o Paulo, Minas Gerais e Paran\u00e1. O reajuste \u00e9 aplicado conforme as categorias de consumo, [&hellip;]<\/p>\n","protected":false},"author":13,"featured_media":102644,"comment_status":"closed","ping_status":"open","sticky":false,"template":"","format":"standard","meta":{"_acf_changed":false,"_exactmetrics_skip_tracking":false,"_exactmetrics_sitenote_active":false,"_exactmetrics_sitenote_note":"","_exactmetrics_sitenote_category":0,"footnotes":""},"categories":[1],"tags":[],"class_list":["post-102643","post","type-post","status-publish","format-standard","has-post-thumbnail","hentry","category-geral"],"acf":[],"yoast_head":"<!-- This site is optimized with the Yoast SEO plugin v27.2 - https:\/\/yoast.com\/product\/yoast-seo-wordpress\/ -->\n<title>Conta de luz vai ficar 19,05% mais cara na regi\u00e3o, em reajuste autorizado pela ANEEL - R\u00e1dio Life FM<\/title>\n<meta name=\"robots\" content=\"index, follow, max-snippet:-1, max-image-preview:large, max-video-preview:-1\" \/>\n<link rel=\"canonical\" href=\"https:\/\/radiolifefm.com.br\/noticias\/conta-de-luz-vai-ficar-1905-mais-cara-na-regiao-em-reajuste-autorizado-pela-aneel\/\" \/>\n<meta property=\"og:locale\" content=\"pt_BR\" \/>\n<meta property=\"og:type\" content=\"article\" \/>\n<meta property=\"og:title\" content=\"Conta de luz vai ficar 19,05% mais cara na regi\u00e3o, em reajuste autorizado pela ANEEL - R\u00e1dio Life FM\" \/>\n<meta property=\"og:description\" content=\"A Ag\u00eancia Nacional de Energia El\u00e9trica (ANEEL) aprovou nesta ter\u00e7a-feira (1) o Reajuste Tarif\u00e1rio Anual (RTA) da Energisa Sul Sudeste (ESS). Com sede na cidade de Presidente Prudente, a empresa atende a 892 mil unidades consumidoras localizadas nos estados de S\u00e3o Paulo, Minas Gerais e Paran\u00e1. O reajuste \u00e9 aplicado conforme as categorias de consumo, [&hellip;]\" \/>\n<meta property=\"og:url\" content=\"https:\/\/radiolifefm.com.br\/noticias\/conta-de-luz-vai-ficar-1905-mais-cara-na-regiao-em-reajuste-autorizado-pela-aneel\/\" \/>\n<meta property=\"og:site_name\" content=\"R\u00e1dio Life FM\" \/>\n<meta property=\"article:publisher\" content=\"https:\/\/www.facebook.com\/radiolifefm\/\" \/>\n<meta property=\"article:published_time\" content=\"2025-07-03T01:16:17+00:00\" \/>\n<meta property=\"article:modified_time\" content=\"2026-04-06T13:04:25+00:00\" \/>\n<meta property=\"og:image\" content=\"https:\/\/radiolifefm.com.br\/noticias\/wp-content\/uploads\/2025\/07\/421jpg175148613968658ebb82bca.jpg\" \/>\n\t<meta property=\"og:image:width\" content=\"600\" \/>\n\t<meta property=\"og:image:height\" content=\"337\" \/>\n\t<meta property=\"og:image:type\" content=\"image\/jpeg\" \/>\n<meta name=\"author\" content=\"ritanery\" \/>\n<meta name=\"twitter:card\" content=\"summary_large_image\" \/>\n<meta name=\"twitter:label1\" content=\"Escrito por\" \/>\n\t<meta name=\"twitter:data1\" content=\"ritanery\" \/>\n\t<meta name=\"twitter:label2\" content=\"Est. tempo de leitura\" \/>\n\t<meta name=\"twitter:data2\" content=\"4 minutos\" \/>\n<script type=\"application\/ld+json\" class=\"yoast-schema-graph\">{\"@context\":\"https:\/\/schema.org\",\"@graph\":[{\"@type\":\"Article\",\"@id\":\"https:\/\/radiolifefm.com.br\/noticias\/conta-de-luz-vai-ficar-1905-mais-cara-na-regiao-em-reajuste-autorizado-pela-aneel\/#article\",\"isPartOf\":{\"@id\":\"https:\/\/radiolifefm.com.br\/noticias\/conta-de-luz-vai-ficar-1905-mais-cara-na-regiao-em-reajuste-autorizado-pela-aneel\/\"},\"author\":{\"name\":\"ritanery\",\"@id\":\"https:\/\/radiolifefm.com.br\/noticias\/#\/schema\/person\/6339b9fac59d12b071dec680d7375d87\"},\"headline\":\"Conta de luz vai ficar 19,05% mais cara na regi\u00e3o, em reajuste autorizado pela ANEEL\",\"datePublished\":\"2025-07-03T01:16:17+00:00\",\"dateModified\":\"2026-04-06T13:04:25+00:00\",\"mainEntityOfPage\":{\"@id\":\"https:\/\/radiolifefm.com.br\/noticias\/conta-de-luz-vai-ficar-1905-mais-cara-na-regiao-em-reajuste-autorizado-pela-aneel\/\"},\"wordCount\":726,\"publisher\":{\"@id\":\"https:\/\/radiolifefm.com.br\/noticias\/#organization\"},\"image\":{\"@id\":\"https:\/\/radiolifefm.com.br\/noticias\/conta-de-luz-vai-ficar-1905-mais-cara-na-regiao-em-reajuste-autorizado-pela-aneel\/#primaryimage\"},\"thumbnailUrl\":\"https:\/\/radiolifefm.com.br\/noticias\/wp-content\/uploads\/2025\/07\/421jpg175148613968658ebb82bca.jpg\",\"articleSection\":[\"Geral\"],\"inLanguage\":\"pt-BR\"},{\"@type\":\"WebPage\",\"@id\":\"https:\/\/radiolifefm.com.br\/noticias\/conta-de-luz-vai-ficar-1905-mais-cara-na-regiao-em-reajuste-autorizado-pela-aneel\/\",\"url\":\"https:\/\/radiolifefm.com.br\/noticias\/conta-de-luz-vai-ficar-1905-mais-cara-na-regiao-em-reajuste-autorizado-pela-aneel\/\",\"name\":\"Conta de luz vai ficar 19,05% mais cara na regi\u00e3o, em reajuste autorizado pela ANEEL - R\u00e1dio Life FM\",\"isPartOf\":{\"@id\":\"https:\/\/radiolifefm.com.br\/noticias\/#website\"},\"primaryImageOfPage\":{\"@id\":\"https:\/\/radiolifefm.com.br\/noticias\/conta-de-luz-vai-ficar-1905-mais-cara-na-regiao-em-reajuste-autorizado-pela-aneel\/#primaryimage\"},\"image\":{\"@id\":\"https:\/\/radiolifefm.com.br\/noticias\/conta-de-luz-vai-ficar-1905-mais-cara-na-regiao-em-reajuste-autorizado-pela-aneel\/#primaryimage\"},\"thumbnailUrl\":\"https:\/\/radiolifefm.com.br\/noticias\/wp-content\/uploads\/2025\/07\/421jpg175148613968658ebb82bca.jpg\",\"datePublished\":\"2025-07-03T01:16:17+00:00\",\"dateModified\":\"2026-04-06T13:04:25+00:00\",\"breadcrumb\":{\"@id\":\"https:\/\/radiolifefm.com.br\/noticias\/conta-de-luz-vai-ficar-1905-mais-cara-na-regiao-em-reajuste-autorizado-pela-aneel\/#breadcrumb\"},\"inLanguage\":\"pt-BR\",\"potentialAction\":[{\"@type\":\"ReadAction\",\"target\":[\"https:\/\/radiolifefm.com.br\/noticias\/conta-de-luz-vai-ficar-1905-mais-cara-na-regiao-em-reajuste-autorizado-pela-aneel\/\"]}]},{\"@type\":\"ImageObject\",\"inLanguage\":\"pt-BR\",\"@id\":\"https:\/\/radiolifefm.com.br\/noticias\/conta-de-luz-vai-ficar-1905-mais-cara-na-regiao-em-reajuste-autorizado-pela-aneel\/#primaryimage\",\"url\":\"https:\/\/radiolifefm.com.br\/noticias\/wp-content\/uploads\/2025\/07\/421jpg175148613968658ebb82bca.jpg\",\"contentUrl\":\"https:\/\/radiolifefm.com.br\/noticias\/wp-content\/uploads\/2025\/07\/421jpg175148613968658ebb82bca.jpg\",\"width\":600,\"height\":337,\"caption\":\"ANEEL aprovou o reajuste tarif\u00e1rio anual da Energisa Sul Sudeste, que entra em vigor dia 12.\"},{\"@type\":\"BreadcrumbList\",\"@id\":\"https:\/\/radiolifefm.com.br\/noticias\/conta-de-luz-vai-ficar-1905-mais-cara-na-regiao-em-reajuste-autorizado-pela-aneel\/#breadcrumb\",\"itemListElement\":[{\"@type\":\"ListItem\",\"position\":1,\"name\":\"In\u00edcio\",\"item\":\"https:\/\/radiolifefm.com.br\/noticias\/\"},{\"@type\":\"ListItem\",\"position\":2,\"name\":\"Conta de luz vai ficar 19,05% mais cara na regi\u00e3o, em reajuste autorizado pela ANEEL\"}]},{\"@type\":\"WebSite\",\"@id\":\"https:\/\/radiolifefm.com.br\/noticias\/#website\",\"url\":\"https:\/\/radiolifefm.com.br\/noticias\/\",\"name\":\"R\u00e1dio Life FM\",\"description\":\"O Portal de Not\u00edcias de Adamantina\",\"publisher\":{\"@id\":\"https:\/\/radiolifefm.com.br\/noticias\/#organization\"},\"alternateName\":\"Life FM\",\"potentialAction\":[{\"@type\":\"SearchAction\",\"target\":{\"@type\":\"EntryPoint\",\"urlTemplate\":\"https:\/\/radiolifefm.com.br\/noticias\/?s={search_term_string}\"},\"query-input\":{\"@type\":\"PropertyValueSpecification\",\"valueRequired\":true,\"valueName\":\"search_term_string\"}}],\"inLanguage\":\"pt-BR\"},{\"@type\":\"Organization\",\"@id\":\"https:\/\/radiolifefm.com.br\/noticias\/#organization\",\"name\":\"R\u00e1dio Life FM\",\"alternateName\":\"Life FM\",\"url\":\"https:\/\/radiolifefm.com.br\/noticias\/\",\"logo\":{\"@type\":\"ImageObject\",\"inLanguage\":\"pt-BR\",\"@id\":\"https:\/\/radiolifefm.com.br\/noticias\/#\/schema\/logo\/image\/\",\"url\":\"https:\/\/static.radiolifefm.com.br\/noticias\/wp-content\/uploads\/2019\/10\/logo-lifefm.png\",\"contentUrl\":\"https:\/\/static.radiolifefm.com.br\/noticias\/wp-content\/uploads\/2019\/10\/logo-lifefm.png\",\"width\":196,\"height\":47,\"caption\":\"R\u00e1dio Life FM\"},\"image\":{\"@id\":\"https:\/\/radiolifefm.com.br\/noticias\/#\/schema\/logo\/image\/\"},\"sameAs\":[\"https:\/\/www.facebook.com\/radiolifefm\/\",\"https:\/\/www.instagram.com\/life1079fm\/\"]},{\"@type\":\"Person\",\"@id\":\"https:\/\/radiolifefm.com.br\/noticias\/#\/schema\/person\/6339b9fac59d12b071dec680d7375d87\",\"name\":\"ritanery\",\"image\":{\"@type\":\"ImageObject\",\"inLanguage\":\"pt-BR\",\"@id\":\"https:\/\/secure.gravatar.com\/avatar\/0e37bb19071f47c0b8a23f62a903df117c5a0e75f65a0c2901562f97cd41cf86?s=96&d=mm&r=g\",\"url\":\"https:\/\/secure.gravatar.com\/avatar\/0e37bb19071f47c0b8a23f62a903df117c5a0e75f65a0c2901562f97cd41cf86?s=96&d=mm&r=g\",\"contentUrl\":\"https:\/\/secure.gravatar.com\/avatar\/0e37bb19071f47c0b8a23f62a903df117c5a0e75f65a0c2901562f97cd41cf86?s=96&d=mm&r=g\",\"caption\":\"ritanery\"}}]}<\/script>\n<!-- \/ Yoast SEO plugin. -->","yoast_head_json":{"title":"Conta de luz vai ficar 19,05% mais cara na regi\u00e3o, em reajuste autorizado pela ANEEL - R\u00e1dio Life FM","robots":{"index":"index","follow":"follow","max-snippet":"max-snippet:-1","max-image-preview":"max-image-preview:large","max-video-preview":"max-video-preview:-1"},"canonical":"https:\/\/radiolifefm.com.br\/noticias\/conta-de-luz-vai-ficar-1905-mais-cara-na-regiao-em-reajuste-autorizado-pela-aneel\/","og_locale":"pt_BR","og_type":"article","og_title":"Conta de luz vai ficar 19,05% mais cara na regi\u00e3o, em reajuste autorizado pela ANEEL - R\u00e1dio Life FM","og_description":"A Ag\u00eancia Nacional de Energia El\u00e9trica (ANEEL) aprovou nesta ter\u00e7a-feira (1) o Reajuste Tarif\u00e1rio Anual (RTA) da Energisa Sul Sudeste (ESS). Com sede na cidade de Presidente Prudente, a empresa atende a 892 mil unidades consumidoras localizadas nos estados de S\u00e3o Paulo, Minas Gerais e Paran\u00e1. O reajuste \u00e9 aplicado conforme as categorias de consumo, [&hellip;]","og_url":"https:\/\/radiolifefm.com.br\/noticias\/conta-de-luz-vai-ficar-1905-mais-cara-na-regiao-em-reajuste-autorizado-pela-aneel\/","og_site_name":"R\u00e1dio Life FM","article_publisher":"https:\/\/www.facebook.com\/radiolifefm\/","article_published_time":"2025-07-03T01:16:17+00:00","article_modified_time":"2026-04-06T13:04:25+00:00","og_image":[{"width":600,"height":337,"url":"https:\/\/radiolifefm.com.br\/noticias\/wp-content\/uploads\/2025\/07\/421jpg175148613968658ebb82bca.jpg","type":"image\/jpeg"}],"author":"ritanery","twitter_card":"summary_large_image","twitter_misc":{"Escrito por":"ritanery","Est. tempo de leitura":"4 minutos"},"schema":{"@context":"https:\/\/schema.org","@graph":[{"@type":"Article","@id":"https:\/\/radiolifefm.com.br\/noticias\/conta-de-luz-vai-ficar-1905-mais-cara-na-regiao-em-reajuste-autorizado-pela-aneel\/#article","isPartOf":{"@id":"https:\/\/radiolifefm.com.br\/noticias\/conta-de-luz-vai-ficar-1905-mais-cara-na-regiao-em-reajuste-autorizado-pela-aneel\/"},"author":{"name":"ritanery","@id":"https:\/\/radiolifefm.com.br\/noticias\/#\/schema\/person\/6339b9fac59d12b071dec680d7375d87"},"headline":"Conta de luz vai ficar 19,05% mais cara na regi\u00e3o, em reajuste autorizado pela ANEEL","datePublished":"2025-07-03T01:16:17+00:00","dateModified":"2026-04-06T13:04:25+00:00","mainEntityOfPage":{"@id":"https:\/\/radiolifefm.com.br\/noticias\/conta-de-luz-vai-ficar-1905-mais-cara-na-regiao-em-reajuste-autorizado-pela-aneel\/"},"wordCount":726,"publisher":{"@id":"https:\/\/radiolifefm.com.br\/noticias\/#organization"},"image":{"@id":"https:\/\/radiolifefm.com.br\/noticias\/conta-de-luz-vai-ficar-1905-mais-cara-na-regiao-em-reajuste-autorizado-pela-aneel\/#primaryimage"},"thumbnailUrl":"https:\/\/radiolifefm.com.br\/noticias\/wp-content\/uploads\/2025\/07\/421jpg175148613968658ebb82bca.jpg","articleSection":["Geral"],"inLanguage":"pt-BR"},{"@type":"WebPage","@id":"https:\/\/radiolifefm.com.br\/noticias\/conta-de-luz-vai-ficar-1905-mais-cara-na-regiao-em-reajuste-autorizado-pela-aneel\/","url":"https:\/\/radiolifefm.com.br\/noticias\/conta-de-luz-vai-ficar-1905-mais-cara-na-regiao-em-reajuste-autorizado-pela-aneel\/","name":"Conta de luz vai ficar 19,05% mais cara na regi\u00e3o, em reajuste autorizado pela ANEEL - R\u00e1dio Life FM","isPartOf":{"@id":"https:\/\/radiolifefm.com.br\/noticias\/#website"},"primaryImageOfPage":{"@id":"https:\/\/radiolifefm.com.br\/noticias\/conta-de-luz-vai-ficar-1905-mais-cara-na-regiao-em-reajuste-autorizado-pela-aneel\/#primaryimage"},"image":{"@id":"https:\/\/radiolifefm.com.br\/noticias\/conta-de-luz-vai-ficar-1905-mais-cara-na-regiao-em-reajuste-autorizado-pela-aneel\/#primaryimage"},"thumbnailUrl":"https:\/\/radiolifefm.com.br\/noticias\/wp-content\/uploads\/2025\/07\/421jpg175148613968658ebb82bca.jpg","datePublished":"2025-07-03T01:16:17+00:00","dateModified":"2026-04-06T13:04:25+00:00","breadcrumb":{"@id":"https:\/\/radiolifefm.com.br\/noticias\/conta-de-luz-vai-ficar-1905-mais-cara-na-regiao-em-reajuste-autorizado-pela-aneel\/#breadcrumb"},"inLanguage":"pt-BR","potentialAction":[{"@type":"ReadAction","target":["https:\/\/radiolifefm.com.br\/noticias\/conta-de-luz-vai-ficar-1905-mais-cara-na-regiao-em-reajuste-autorizado-pela-aneel\/"]}]},{"@type":"ImageObject","inLanguage":"pt-BR","@id":"https:\/\/radiolifefm.com.br\/noticias\/conta-de-luz-vai-ficar-1905-mais-cara-na-regiao-em-reajuste-autorizado-pela-aneel\/#primaryimage","url":"https:\/\/radiolifefm.com.br\/noticias\/wp-content\/uploads\/2025\/07\/421jpg175148613968658ebb82bca.jpg","contentUrl":"https:\/\/radiolifefm.com.br\/noticias\/wp-content\/uploads\/2025\/07\/421jpg175148613968658ebb82bca.jpg","width":600,"height":337,"caption":"ANEEL aprovou o reajuste tarif\u00e1rio anual da Energisa Sul Sudeste, que entra em vigor dia 12."},{"@type":"BreadcrumbList","@id":"https:\/\/radiolifefm.com.br\/noticias\/conta-de-luz-vai-ficar-1905-mais-cara-na-regiao-em-reajuste-autorizado-pela-aneel\/#breadcrumb","itemListElement":[{"@type":"ListItem","position":1,"name":"In\u00edcio","item":"https:\/\/radiolifefm.com.br\/noticias\/"},{"@type":"ListItem","position":2,"name":"Conta de luz vai ficar 19,05% mais cara na regi\u00e3o, em reajuste autorizado pela ANEEL"}]},{"@type":"WebSite","@id":"https:\/\/radiolifefm.com.br\/noticias\/#website","url":"https:\/\/radiolifefm.com.br\/noticias\/","name":"R\u00e1dio Life FM","description":"O Portal de Not\u00edcias de Adamantina","publisher":{"@id":"https:\/\/radiolifefm.com.br\/noticias\/#organization"},"alternateName":"Life FM","potentialAction":[{"@type":"SearchAction","target":{"@type":"EntryPoint","urlTemplate":"https:\/\/radiolifefm.com.br\/noticias\/?s={search_term_string}"},"query-input":{"@type":"PropertyValueSpecification","valueRequired":true,"valueName":"search_term_string"}}],"inLanguage":"pt-BR"},{"@type":"Organization","@id":"https:\/\/radiolifefm.com.br\/noticias\/#organization","name":"R\u00e1dio Life FM","alternateName":"Life FM","url":"https:\/\/radiolifefm.com.br\/noticias\/","logo":{"@type":"ImageObject","inLanguage":"pt-BR","@id":"https:\/\/radiolifefm.com.br\/noticias\/#\/schema\/logo\/image\/","url":"https:\/\/static.radiolifefm.com.br\/noticias\/wp-content\/uploads\/2019\/10\/logo-lifefm.png","contentUrl":"https:\/\/static.radiolifefm.com.br\/noticias\/wp-content\/uploads\/2019\/10\/logo-lifefm.png","width":196,"height":47,"caption":"R\u00e1dio Life FM"},"image":{"@id":"https:\/\/radiolifefm.com.br\/noticias\/#\/schema\/logo\/image\/"},"sameAs":["https:\/\/www.facebook.com\/radiolifefm\/","https:\/\/www.instagram.com\/life1079fm\/"]},{"@type":"Person","@id":"https:\/\/radiolifefm.com.br\/noticias\/#\/schema\/person\/6339b9fac59d12b071dec680d7375d87","name":"ritanery","image":{"@type":"ImageObject","inLanguage":"pt-BR","@id":"https:\/\/secure.gravatar.com\/avatar\/0e37bb19071f47c0b8a23f62a903df117c5a0e75f65a0c2901562f97cd41cf86?s=96&d=mm&r=g","url":"https:\/\/secure.gravatar.com\/avatar\/0e37bb19071f47c0b8a23f62a903df117c5a0e75f65a0c2901562f97cd41cf86?s=96&d=mm&r=g","contentUrl":"https:\/\/secure.gravatar.com\/avatar\/0e37bb19071f47c0b8a23f62a903df117c5a0e75f65a0c2901562f97cd41cf86?s=96&d=mm&r=g","caption":"ritanery"}}]}},"amp_enabled":true,"_links":{"self":[{"href":"https:\/\/radiolifefm.com.br\/noticias\/wp-json\/wp\/v2\/posts\/102643","targetHints":{"allow":["GET"]}}],"collection":[{"href":"https:\/\/radiolifefm.com.br\/noticias\/wp-json\/wp\/v2\/posts"}],"about":[{"href":"https:\/\/radiolifefm.com.br\/noticias\/wp-json\/wp\/v2\/types\/post"}],"author":[{"embeddable":true,"href":"https:\/\/radiolifefm.com.br\/noticias\/wp-json\/wp\/v2\/users\/13"}],"replies":[{"embeddable":true,"href":"https:\/\/radiolifefm.com.br\/noticias\/wp-json\/wp\/v2\/comments?post=102643"}],"version-history":[{"count":3,"href":"https:\/\/radiolifefm.com.br\/noticias\/wp-json\/wp\/v2\/posts\/102643\/revisions"}],"predecessor-version":[{"id":102647,"href":"https:\/\/radiolifefm.com.br\/noticias\/wp-json\/wp\/v2\/posts\/102643\/revisions\/102647"}],"wp:featuredmedia":[{"embeddable":true,"href":"https:\/\/radiolifefm.com.br\/noticias\/wp-json\/wp\/v2\/media\/102644"}],"wp:attachment":[{"href":"https:\/\/radiolifefm.com.br\/noticias\/wp-json\/wp\/v2\/media?parent=102643"}],"wp:term":[{"taxonomy":"category","embeddable":true,"href":"https:\/\/radiolifefm.com.br\/noticias\/wp-json\/wp\/v2\/categories?post=102643"},{"taxonomy":"post_tag","embeddable":true,"href":"https:\/\/radiolifefm.com.br\/noticias\/wp-json\/wp\/v2\/tags?post=102643"}],"curies":[{"name":"wp","href":"https:\/\/api.w.org\/{rel}","templated":true}]}}