{"id":102631,"date":"2025-07-02T14:06:28","date_gmt":"2025-07-02T17:06:28","guid":{"rendered":"https:\/\/radiolifefm.com.br\/noticias\/?p=102631"},"modified":"2026-04-05T07:00:43","modified_gmt":"2026-04-05T10:00:43","slug":"horto-florestal-e-reaberto-e-reforca-compromisso-de-adamantina-com-educacao-ambiental-e-turismo","status":"publish","type":"post","link":"https:\/\/radiolifefm.com.br\/noticias\/horto-florestal-e-reaberto-e-reforca-compromisso-de-adamantina-com-educacao-ambiental-e-turismo\/","title":{"rendered":"Horto Florestal \u00e9 reaberto e refor\u00e7a compromisso de Adamantina com educa\u00e7\u00e3o ambiental e turismo"},"content":{"rendered":"<div id=\"fb-root\"><\/div>\n<p>A reinaugura\u00e7\u00e3o do Centro de Educa\u00e7\u00e3o Ambiental, conhecido como horto Florestal, foi reinaugurado na segunda 30\/6 em Adamantina.<\/p>\n<p>O Rotary Clube teve participa\u00e7\u00e3o fundamental na constru\u00e7\u00e3o do local em 2011 durante a administra\u00e7\u00e3o do Kiko Michelone.<\/p>\n<div class='flex flex-wrap items-center -mx-1'>\r\n<a class='thumbnail gallery p-1 w-1\/2 md:w-1\/4' href='https:\/\/radiolifefm.com.br\/noticias\/wp-content\/uploads\/2025\/06\/WhatsApp-Image-2025-06-30-at-12.12.04.jpeg'><img class='border border-white' src='https:\/\/radiolifefm.com.br\/noticias\/wp-content\/uploads\/2025\/06\/WhatsApp-Image-2025-06-30-at-12.12.04-200x200.jpeg' alt='WhatsApp Image 2025 06 30 At 12.12.04' \/><\/a><a class='thumbnail gallery p-1 w-1\/2 md:w-1\/4' href='https:\/\/radiolifefm.com.br\/noticias\/wp-content\/uploads\/2025\/06\/WhatsApp-Image-2025-06-30-at-12.12.04-1.jpeg'><img class='border border-white' src='https:\/\/radiolifefm.com.br\/noticias\/wp-content\/uploads\/2025\/06\/WhatsApp-Image-2025-06-30-at-12.12.04-1-200x200.jpeg' alt='WhatsApp Image 2025 06 30 At 12.12.04 (1)' \/><\/a><a class='thumbnail gallery p-1 w-1\/2 md:w-1\/4' href='https:\/\/radiolifefm.com.br\/noticias\/wp-content\/uploads\/2025\/06\/WhatsApp-Image-2025-06-30-at-12.12.05-3.jpeg'><img class='border border-white' src='https:\/\/radiolifefm.com.br\/noticias\/wp-content\/uploads\/2025\/06\/WhatsApp-Image-2025-06-30-at-12.12.05-3-200x200.jpeg' alt='WhatsApp Image 2025 06 30 At 12.12.05 (3)' \/><\/a><\/div>\n<p>O espa\u00e7o est\u00e1 fechado, sem manuten\u00e7\u00e3o e nenhuma atividade.<\/p>\n<p>A atual gest\u00e3o fez quest\u00e3o de reinaugurar e abrir o espa\u00e7o para todos.<\/p>\n<p>O local \u00e9 excelente para receber alunos ideal para despertar uma consci\u00eancia da import\u00e2ncia da educa\u00e7\u00e3o ambiental, palestras e atividades voltadas ao mundo rural, reuni\u00f5es, piqueniques e muito mais.<\/p>\n<div class='flex flex-wrap items-center -mx-1'>\r\n<a class='thumbnail gallery p-1 w-1\/2 md:w-1\/4' href='https:\/\/radiolifefm.com.br\/noticias\/wp-content\/uploads\/2025\/06\/WhatsApp-Image-2025-06-30-at-12.12.08-1.jpeg'><img class='border border-white' src='https:\/\/radiolifefm.com.br\/noticias\/wp-content\/uploads\/2025\/06\/WhatsApp-Image-2025-06-30-at-12.12.08-1-200x200.jpeg' alt='WhatsApp Image 2025 06 30 At 12.12.08 (1)' \/><\/a><a class='thumbnail gallery p-1 w-1\/2 md:w-1\/4' href='https:\/\/radiolifefm.com.br\/noticias\/wp-content\/uploads\/2025\/06\/WhatsApp-Image-2025-06-30-at-12.12.08.jpeg'><img class='border border-white' src='https:\/\/radiolifefm.com.br\/noticias\/wp-content\/uploads\/2025\/06\/WhatsApp-Image-2025-06-30-at-12.12.08-200x200.jpeg' alt='WhatsApp Image 2025 06 30 At 12.12.08' \/><\/a><a class='thumbnail gallery p-1 w-1\/2 md:w-1\/4' href='https:\/\/radiolifefm.com.br\/noticias\/wp-content\/uploads\/2025\/06\/WhatsApp-Image-2025-06-30-at-12.12.07-3.jpeg'><img class='border border-white' src='https:\/\/radiolifefm.com.br\/noticias\/wp-content\/uploads\/2025\/06\/WhatsApp-Image-2025-06-30-at-12.12.07-3-200x200.jpeg' alt='WhatsApp Image 2025 06 30 At 12.12.07 (3)' \/><\/a><\/div>\n<p>O horto estar\u00e1 aberto aos domingos pela manh\u00e3, os grupos desbravadores, coordenado pelo Keler, estar\u00e3o no local para apresentar o espa\u00e7o aos visitantes e a tarde continuar\u00e1 aberto ao p\u00fablico, declarou, Luis Henrique Fernandes, secret\u00e1rio de agricultura e meio ambiente.<\/p>\n<p>O horto Florestal ter\u00e1 3 trilhas que est\u00e3o sendo estudadas e ser\u00e3o estruturadas em breve. O fato de Adamantina ser MIT ( Munic\u00edpio de Interesse Tur\u00edstico) com o horto aumenta os atrativos e vantagens para Adamantina se manter como MIT.<\/p>\n<div class='flex flex-wrap items-center -mx-1'>\r\n<a class='thumbnail gallery p-1 w-1\/2 md:w-1\/4' href='https:\/\/radiolifefm.com.br\/noticias\/wp-content\/uploads\/2025\/06\/WhatsApp-Image-2025-06-30-at-12.12.09-2.jpeg'><img class='border border-white' src='https:\/\/radiolifefm.com.br\/noticias\/wp-content\/uploads\/2025\/06\/WhatsApp-Image-2025-06-30-at-12.12.09-2-200x200.jpeg' alt='WhatsApp Image 2025 06 30 At 12.12.09 (2)' \/><\/a><a class='thumbnail gallery p-1 w-1\/2 md:w-1\/4' href='https:\/\/radiolifefm.com.br\/noticias\/wp-content\/uploads\/2025\/06\/WhatsApp-Image-2025-06-30-at-12.12.09-1.jpeg'><img class='border border-white' src='https:\/\/radiolifefm.com.br\/noticias\/wp-content\/uploads\/2025\/06\/WhatsApp-Image-2025-06-30-at-12.12.09-1-200x200.jpeg' alt='WhatsApp Image 2025 06 30 At 12.12.09 (1)' \/><\/a><a class='thumbnail gallery p-1 w-1\/2 md:w-1\/4' href='https:\/\/radiolifefm.com.br\/noticias\/wp-content\/uploads\/2025\/06\/WhatsApp-Image-2025-06-30-at-12.12.06-1.jpeg'><img class='border border-white' src='https:\/\/radiolifefm.com.br\/noticias\/wp-content\/uploads\/2025\/06\/WhatsApp-Image-2025-06-30-at-12.12.06-1-200x200.jpeg' alt='WhatsApp Image 2025 06 30 At 12.12.06 (1)' \/><\/a><\/div>\n","protected":false},"excerpt":{"rendered":"<p>A reinaugura\u00e7\u00e3o do Centro de Educa\u00e7\u00e3o Ambiental, conhecido como horto Florestal, foi reinaugurado na segunda 30\/6 em Adamantina. O Rotary Clube teve participa\u00e7\u00e3o fundamental na constru\u00e7\u00e3o do local em 2011 durante a administra\u00e7\u00e3o do Kiko Michelone. O espa\u00e7o est\u00e1 fechado, sem manuten\u00e7\u00e3o e nenhuma atividade. A atual gest\u00e3o fez quest\u00e3o de reinaugurar e abrir o [&hellip;]<\/p>\n","protected":false},"author":8,"featured_media":102634,"comment_status":"closed","ping_status":"open","sticky":false,"template":"","format":"standard","meta":{"_acf_changed":false,"_exactmetrics_skip_tracking":false,"_exactmetrics_sitenote_active":false,"_exactmetrics_sitenote_note":"","_exactmetrics_sitenote_category":0,"footnotes":""},"categories":[1],"tags":[],"class_list":["post-102631","post","type-post","status-publish","format-standard","has-post-thumbnail","hentry","category-geral"],"acf":[],"yoast_head":"<!-- This site is optimized with the Yoast SEO plugin v27.2 - https:\/\/yoast.com\/product\/yoast-seo-wordpress\/ -->\n<title>Horto Florestal \u00e9 reaberto e refor\u00e7a compromisso de Adamantina com educa\u00e7\u00e3o ambiental e turismo - R\u00e1dio Life FM<\/title>\n<meta name=\"robots\" content=\"index, follow, max-snippet:-1, max-image-preview:large, max-video-preview:-1\" \/>\n<link rel=\"canonical\" href=\"https:\/\/radiolifefm.com.br\/noticias\/horto-florestal-e-reaberto-e-reforca-compromisso-de-adamantina-com-educacao-ambiental-e-turismo\/\" \/>\n<meta property=\"og:locale\" content=\"pt_BR\" \/>\n<meta property=\"og:type\" content=\"article\" \/>\n<meta property=\"og:title\" content=\"Horto Florestal \u00e9 reaberto e refor\u00e7a compromisso de Adamantina com educa\u00e7\u00e3o ambiental e turismo - R\u00e1dio Life FM\" \/>\n<meta property=\"og:description\" content=\"A reinaugura\u00e7\u00e3o do Centro de Educa\u00e7\u00e3o Ambiental, conhecido como horto Florestal, foi reinaugurado na segunda 30\/6 em Adamantina. O Rotary Clube teve participa\u00e7\u00e3o fundamental na constru\u00e7\u00e3o do local em 2011 durante a administra\u00e7\u00e3o do Kiko Michelone. O espa\u00e7o est\u00e1 fechado, sem manuten\u00e7\u00e3o e nenhuma atividade. A atual gest\u00e3o fez quest\u00e3o de reinaugurar e abrir o [&hellip;]\" \/>\n<meta property=\"og:url\" content=\"https:\/\/radiolifefm.com.br\/noticias\/horto-florestal-e-reaberto-e-reforca-compromisso-de-adamantina-com-educacao-ambiental-e-turismo\/\" \/>\n<meta property=\"og:site_name\" content=\"R\u00e1dio Life FM\" \/>\n<meta property=\"article:publisher\" content=\"https:\/\/www.facebook.com\/radiolifefm\/\" \/>\n<meta property=\"article:published_time\" content=\"2025-07-02T17:06:28+00:00\" \/>\n<meta property=\"article:modified_time\" content=\"2026-04-05T10:00:43+00:00\" \/>\n<meta property=\"og:image\" content=\"https:\/\/radiolifefm.com.br\/noticias\/wp-content\/uploads\/2025\/07\/Capa-Site-4-1.jpg\" \/>\n\t<meta property=\"og:image:width\" content=\"1366\" \/>\n\t<meta property=\"og:image:height\" content=\"768\" \/>\n\t<meta property=\"og:image:type\" content=\"image\/jpeg\" \/>\n<meta name=\"author\" content=\"joaograndao\" \/>\n<meta name=\"twitter:card\" content=\"summary_large_image\" \/>\n<meta name=\"twitter:label1\" content=\"Escrito por\" \/>\n\t<meta name=\"twitter:data1\" content=\"joaograndao\" \/>\n\t<meta name=\"twitter:label2\" content=\"Est. tempo de leitura\" \/>\n\t<meta name=\"twitter:data2\" content=\"2 minutos\" \/>\n<script type=\"application\/ld+json\" class=\"yoast-schema-graph\">{\"@context\":\"https:\/\/schema.org\",\"@graph\":[{\"@type\":\"Article\",\"@id\":\"https:\/\/radiolifefm.com.br\/noticias\/horto-florestal-e-reaberto-e-reforca-compromisso-de-adamantina-com-educacao-ambiental-e-turismo\/#article\",\"isPartOf\":{\"@id\":\"https:\/\/radiolifefm.com.br\/noticias\/horto-florestal-e-reaberto-e-reforca-compromisso-de-adamantina-com-educacao-ambiental-e-turismo\/\"},\"author\":{\"name\":\"joaograndao\",\"@id\":\"https:\/\/radiolifefm.com.br\/noticias\/#\/schema\/person\/6876e1240feffe6e1b63fd5cb85abf28\"},\"headline\":\"Horto Florestal \u00e9 reaberto e refor\u00e7a compromisso de Adamantina com educa\u00e7\u00e3o ambiental e turismo\",\"datePublished\":\"2025-07-02T17:06:28+00:00\",\"dateModified\":\"2026-04-05T10:00:43+00:00\",\"mainEntityOfPage\":{\"@id\":\"https:\/\/radiolifefm.com.br\/noticias\/horto-florestal-e-reaberto-e-reforca-compromisso-de-adamantina-com-educacao-ambiental-e-turismo\/\"},\"wordCount\":205,\"publisher\":{\"@id\":\"https:\/\/radiolifefm.com.br\/noticias\/#organization\"},\"image\":{\"@id\":\"https:\/\/radiolifefm.com.br\/noticias\/horto-florestal-e-reaberto-e-reforca-compromisso-de-adamantina-com-educacao-ambiental-e-turismo\/#primaryimage\"},\"thumbnailUrl\":\"https:\/\/radiolifefm.com.br\/noticias\/wp-content\/uploads\/2025\/07\/Capa-Site-4-1.jpg\",\"articleSection\":[\"Geral\"],\"inLanguage\":\"pt-BR\"},{\"@type\":\"WebPage\",\"@id\":\"https:\/\/radiolifefm.com.br\/noticias\/horto-florestal-e-reaberto-e-reforca-compromisso-de-adamantina-com-educacao-ambiental-e-turismo\/\",\"url\":\"https:\/\/radiolifefm.com.br\/noticias\/horto-florestal-e-reaberto-e-reforca-compromisso-de-adamantina-com-educacao-ambiental-e-turismo\/\",\"name\":\"Horto Florestal \u00e9 reaberto e refor\u00e7a compromisso de Adamantina com educa\u00e7\u00e3o ambiental e turismo - R\u00e1dio Life FM\",\"isPartOf\":{\"@id\":\"https:\/\/radiolifefm.com.br\/noticias\/#website\"},\"primaryImageOfPage\":{\"@id\":\"https:\/\/radiolifefm.com.br\/noticias\/horto-florestal-e-reaberto-e-reforca-compromisso-de-adamantina-com-educacao-ambiental-e-turismo\/#primaryimage\"},\"image\":{\"@id\":\"https:\/\/radiolifefm.com.br\/noticias\/horto-florestal-e-reaberto-e-reforca-compromisso-de-adamantina-com-educacao-ambiental-e-turismo\/#primaryimage\"},\"thumbnailUrl\":\"https:\/\/radiolifefm.com.br\/noticias\/wp-content\/uploads\/2025\/07\/Capa-Site-4-1.jpg\",\"datePublished\":\"2025-07-02T17:06:28+00:00\",\"dateModified\":\"2026-04-05T10:00:43+00:00\",\"breadcrumb\":{\"@id\":\"https:\/\/radiolifefm.com.br\/noticias\/horto-florestal-e-reaberto-e-reforca-compromisso-de-adamantina-com-educacao-ambiental-e-turismo\/#breadcrumb\"},\"inLanguage\":\"pt-BR\",\"potentialAction\":[{\"@type\":\"ReadAction\",\"target\":[\"https:\/\/radiolifefm.com.br\/noticias\/horto-florestal-e-reaberto-e-reforca-compromisso-de-adamantina-com-educacao-ambiental-e-turismo\/\"]}]},{\"@type\":\"ImageObject\",\"inLanguage\":\"pt-BR\",\"@id\":\"https:\/\/radiolifefm.com.br\/noticias\/horto-florestal-e-reaberto-e-reforca-compromisso-de-adamantina-com-educacao-ambiental-e-turismo\/#primaryimage\",\"url\":\"https:\/\/radiolifefm.com.br\/noticias\/wp-content\/uploads\/2025\/07\/Capa-Site-4-1.jpg\",\"contentUrl\":\"https:\/\/radiolifefm.com.br\/noticias\/wp-content\/uploads\/2025\/07\/Capa-Site-4-1.jpg\",\"width\":1366,\"height\":768},{\"@type\":\"BreadcrumbList\",\"@id\":\"https:\/\/radiolifefm.com.br\/noticias\/horto-florestal-e-reaberto-e-reforca-compromisso-de-adamantina-com-educacao-ambiental-e-turismo\/#breadcrumb\",\"itemListElement\":[{\"@type\":\"ListItem\",\"position\":1,\"name\":\"In\u00edcio\",\"item\":\"https:\/\/radiolifefm.com.br\/noticias\/\"},{\"@type\":\"ListItem\",\"position\":2,\"name\":\"Horto Florestal \u00e9 reaberto e refor\u00e7a compromisso de Adamantina com educa\u00e7\u00e3o ambiental e turismo\"}]},{\"@type\":\"WebSite\",\"@id\":\"https:\/\/radiolifefm.com.br\/noticias\/#website\",\"url\":\"https:\/\/radiolifefm.com.br\/noticias\/\",\"name\":\"R\u00e1dio Life FM\",\"description\":\"O Portal de Not\u00edcias de Adamantina\",\"publisher\":{\"@id\":\"https:\/\/radiolifefm.com.br\/noticias\/#organization\"},\"alternateName\":\"Life FM\",\"potentialAction\":[{\"@type\":\"SearchAction\",\"target\":{\"@type\":\"EntryPoint\",\"urlTemplate\":\"https:\/\/radiolifefm.com.br\/noticias\/?s={search_term_string}\"},\"query-input\":{\"@type\":\"PropertyValueSpecification\",\"valueRequired\":true,\"valueName\":\"search_term_string\"}}],\"inLanguage\":\"pt-BR\"},{\"@type\":\"Organization\",\"@id\":\"https:\/\/radiolifefm.com.br\/noticias\/#organization\",\"name\":\"R\u00e1dio Life FM\",\"alternateName\":\"Life FM\",\"url\":\"https:\/\/radiolifefm.com.br\/noticias\/\",\"logo\":{\"@type\":\"ImageObject\",\"inLanguage\":\"pt-BR\",\"@id\":\"https:\/\/radiolifefm.com.br\/noticias\/#\/schema\/logo\/image\/\",\"url\":\"https:\/\/static.radiolifefm.com.br\/noticias\/wp-content\/uploads\/2019\/10\/logo-lifefm.png\",\"contentUrl\":\"https:\/\/static.radiolifefm.com.br\/noticias\/wp-content\/uploads\/2019\/10\/logo-lifefm.png\",\"width\":196,\"height\":47,\"caption\":\"R\u00e1dio Life FM\"},\"image\":{\"@id\":\"https:\/\/radiolifefm.com.br\/noticias\/#\/schema\/logo\/image\/\"},\"sameAs\":[\"https:\/\/www.facebook.com\/radiolifefm\/\",\"https:\/\/www.instagram.com\/life1079fm\/\"]},{\"@type\":\"Person\",\"@id\":\"https:\/\/radiolifefm.com.br\/noticias\/#\/schema\/person\/6876e1240feffe6e1b63fd5cb85abf28\",\"name\":\"joaograndao\",\"image\":{\"@type\":\"ImageObject\",\"inLanguage\":\"pt-BR\",\"@id\":\"https:\/\/secure.gravatar.com\/avatar\/d5b1a3cf357ed9c50404e256a1294083aa8ab5d2a994001567302786016cb32c?s=96&d=mm&r=g\",\"url\":\"https:\/\/secure.gravatar.com\/avatar\/d5b1a3cf357ed9c50404e256a1294083aa8ab5d2a994001567302786016cb32c?s=96&d=mm&r=g\",\"contentUrl\":\"https:\/\/secure.gravatar.com\/avatar\/d5b1a3cf357ed9c50404e256a1294083aa8ab5d2a994001567302786016cb32c?s=96&d=mm&r=g\",\"caption\":\"joaograndao\"}}]}<\/script>\n<!-- \/ Yoast SEO plugin. -->","yoast_head_json":{"title":"Horto Florestal \u00e9 reaberto e refor\u00e7a compromisso de Adamantina com educa\u00e7\u00e3o ambiental e turismo - R\u00e1dio Life FM","robots":{"index":"index","follow":"follow","max-snippet":"max-snippet:-1","max-image-preview":"max-image-preview:large","max-video-preview":"max-video-preview:-1"},"canonical":"https:\/\/radiolifefm.com.br\/noticias\/horto-florestal-e-reaberto-e-reforca-compromisso-de-adamantina-com-educacao-ambiental-e-turismo\/","og_locale":"pt_BR","og_type":"article","og_title":"Horto Florestal \u00e9 reaberto e refor\u00e7a compromisso de Adamantina com educa\u00e7\u00e3o ambiental e turismo - R\u00e1dio Life FM","og_description":"A reinaugura\u00e7\u00e3o do Centro de Educa\u00e7\u00e3o Ambiental, conhecido como horto Florestal, foi reinaugurado na segunda 30\/6 em Adamantina. O Rotary Clube teve participa\u00e7\u00e3o fundamental na constru\u00e7\u00e3o do local em 2011 durante a administra\u00e7\u00e3o do Kiko Michelone. O espa\u00e7o est\u00e1 fechado, sem manuten\u00e7\u00e3o e nenhuma atividade. A atual gest\u00e3o fez quest\u00e3o de reinaugurar e abrir o [&hellip;]","og_url":"https:\/\/radiolifefm.com.br\/noticias\/horto-florestal-e-reaberto-e-reforca-compromisso-de-adamantina-com-educacao-ambiental-e-turismo\/","og_site_name":"R\u00e1dio Life FM","article_publisher":"https:\/\/www.facebook.com\/radiolifefm\/","article_published_time":"2025-07-02T17:06:28+00:00","article_modified_time":"2026-04-05T10:00:43+00:00","og_image":[{"width":1366,"height":768,"url":"https:\/\/radiolifefm.com.br\/noticias\/wp-content\/uploads\/2025\/07\/Capa-Site-4-1.jpg","type":"image\/jpeg"}],"author":"joaograndao","twitter_card":"summary_large_image","twitter_misc":{"Escrito por":"joaograndao","Est. tempo de leitura":"2 minutos"},"schema":{"@context":"https:\/\/schema.org","@graph":[{"@type":"Article","@id":"https:\/\/radiolifefm.com.br\/noticias\/horto-florestal-e-reaberto-e-reforca-compromisso-de-adamantina-com-educacao-ambiental-e-turismo\/#article","isPartOf":{"@id":"https:\/\/radiolifefm.com.br\/noticias\/horto-florestal-e-reaberto-e-reforca-compromisso-de-adamantina-com-educacao-ambiental-e-turismo\/"},"author":{"name":"joaograndao","@id":"https:\/\/radiolifefm.com.br\/noticias\/#\/schema\/person\/6876e1240feffe6e1b63fd5cb85abf28"},"headline":"Horto Florestal \u00e9 reaberto e refor\u00e7a compromisso de Adamantina com educa\u00e7\u00e3o ambiental e turismo","datePublished":"2025-07-02T17:06:28+00:00","dateModified":"2026-04-05T10:00:43+00:00","mainEntityOfPage":{"@id":"https:\/\/radiolifefm.com.br\/noticias\/horto-florestal-e-reaberto-e-reforca-compromisso-de-adamantina-com-educacao-ambiental-e-turismo\/"},"wordCount":205,"publisher":{"@id":"https:\/\/radiolifefm.com.br\/noticias\/#organization"},"image":{"@id":"https:\/\/radiolifefm.com.br\/noticias\/horto-florestal-e-reaberto-e-reforca-compromisso-de-adamantina-com-educacao-ambiental-e-turismo\/#primaryimage"},"thumbnailUrl":"https:\/\/radiolifefm.com.br\/noticias\/wp-content\/uploads\/2025\/07\/Capa-Site-4-1.jpg","articleSection":["Geral"],"inLanguage":"pt-BR"},{"@type":"WebPage","@id":"https:\/\/radiolifefm.com.br\/noticias\/horto-florestal-e-reaberto-e-reforca-compromisso-de-adamantina-com-educacao-ambiental-e-turismo\/","url":"https:\/\/radiolifefm.com.br\/noticias\/horto-florestal-e-reaberto-e-reforca-compromisso-de-adamantina-com-educacao-ambiental-e-turismo\/","name":"Horto Florestal \u00e9 reaberto e refor\u00e7a compromisso de Adamantina com educa\u00e7\u00e3o ambiental e turismo - R\u00e1dio Life FM","isPartOf":{"@id":"https:\/\/radiolifefm.com.br\/noticias\/#website"},"primaryImageOfPage":{"@id":"https:\/\/radiolifefm.com.br\/noticias\/horto-florestal-e-reaberto-e-reforca-compromisso-de-adamantina-com-educacao-ambiental-e-turismo\/#primaryimage"},"image":{"@id":"https:\/\/radiolifefm.com.br\/noticias\/horto-florestal-e-reaberto-e-reforca-compromisso-de-adamantina-com-educacao-ambiental-e-turismo\/#primaryimage"},"thumbnailUrl":"https:\/\/radiolifefm.com.br\/noticias\/wp-content\/uploads\/2025\/07\/Capa-Site-4-1.jpg","datePublished":"2025-07-02T17:06:28+00:00","dateModified":"2026-04-05T10:00:43+00:00","breadcrumb":{"@id":"https:\/\/radiolifefm.com.br\/noticias\/horto-florestal-e-reaberto-e-reforca-compromisso-de-adamantina-com-educacao-ambiental-e-turismo\/#breadcrumb"},"inLanguage":"pt-BR","potentialAction":[{"@type":"ReadAction","target":["https:\/\/radiolifefm.com.br\/noticias\/horto-florestal-e-reaberto-e-reforca-compromisso-de-adamantina-com-educacao-ambiental-e-turismo\/"]}]},{"@type":"ImageObject","inLanguage":"pt-BR","@id":"https:\/\/radiolifefm.com.br\/noticias\/horto-florestal-e-reaberto-e-reforca-compromisso-de-adamantina-com-educacao-ambiental-e-turismo\/#primaryimage","url":"https:\/\/radiolifefm.com.br\/noticias\/wp-content\/uploads\/2025\/07\/Capa-Site-4-1.jpg","contentUrl":"https:\/\/radiolifefm.com.br\/noticias\/wp-content\/uploads\/2025\/07\/Capa-Site-4-1.jpg","width":1366,"height":768},{"@type":"BreadcrumbList","@id":"https:\/\/radiolifefm.com.br\/noticias\/horto-florestal-e-reaberto-e-reforca-compromisso-de-adamantina-com-educacao-ambiental-e-turismo\/#breadcrumb","itemListElement":[{"@type":"ListItem","position":1,"name":"In\u00edcio","item":"https:\/\/radiolifefm.com.br\/noticias\/"},{"@type":"ListItem","position":2,"name":"Horto Florestal \u00e9 reaberto e refor\u00e7a compromisso de Adamantina com educa\u00e7\u00e3o ambiental e turismo"}]},{"@type":"WebSite","@id":"https:\/\/radiolifefm.com.br\/noticias\/#website","url":"https:\/\/radiolifefm.com.br\/noticias\/","name":"R\u00e1dio Life FM","description":"O Portal de Not\u00edcias de Adamantina","publisher":{"@id":"https:\/\/radiolifefm.com.br\/noticias\/#organization"},"alternateName":"Life FM","potentialAction":[{"@type":"SearchAction","target":{"@type":"EntryPoint","urlTemplate":"https:\/\/radiolifefm.com.br\/noticias\/?s={search_term_string}"},"query-input":{"@type":"PropertyValueSpecification","valueRequired":true,"valueName":"search_term_string"}}],"inLanguage":"pt-BR"},{"@type":"Organization","@id":"https:\/\/radiolifefm.com.br\/noticias\/#organization","name":"R\u00e1dio Life FM","alternateName":"Life FM","url":"https:\/\/radiolifefm.com.br\/noticias\/","logo":{"@type":"ImageObject","inLanguage":"pt-BR","@id":"https:\/\/radiolifefm.com.br\/noticias\/#\/schema\/logo\/image\/","url":"https:\/\/static.radiolifefm.com.br\/noticias\/wp-content\/uploads\/2019\/10\/logo-lifefm.png","contentUrl":"https:\/\/static.radiolifefm.com.br\/noticias\/wp-content\/uploads\/2019\/10\/logo-lifefm.png","width":196,"height":47,"caption":"R\u00e1dio Life FM"},"image":{"@id":"https:\/\/radiolifefm.com.br\/noticias\/#\/schema\/logo\/image\/"},"sameAs":["https:\/\/www.facebook.com\/radiolifefm\/","https:\/\/www.instagram.com\/life1079fm\/"]},{"@type":"Person","@id":"https:\/\/radiolifefm.com.br\/noticias\/#\/schema\/person\/6876e1240feffe6e1b63fd5cb85abf28","name":"joaograndao","image":{"@type":"ImageObject","inLanguage":"pt-BR","@id":"https:\/\/secure.gravatar.com\/avatar\/d5b1a3cf357ed9c50404e256a1294083aa8ab5d2a994001567302786016cb32c?s=96&d=mm&r=g","url":"https:\/\/secure.gravatar.com\/avatar\/d5b1a3cf357ed9c50404e256a1294083aa8ab5d2a994001567302786016cb32c?s=96&d=mm&r=g","contentUrl":"https:\/\/secure.gravatar.com\/avatar\/d5b1a3cf357ed9c50404e256a1294083aa8ab5d2a994001567302786016cb32c?s=96&d=mm&r=g","caption":"joaograndao"}}]}},"amp_enabled":true,"_links":{"self":[{"href":"https:\/\/radiolifefm.com.br\/noticias\/wp-json\/wp\/v2\/posts\/102631","targetHints":{"allow":["GET"]}}],"collection":[{"href":"https:\/\/radiolifefm.com.br\/noticias\/wp-json\/wp\/v2\/posts"}],"about":[{"href":"https:\/\/radiolifefm.com.br\/noticias\/wp-json\/wp\/v2\/types\/post"}],"author":[{"embeddable":true,"href":"https:\/\/radiolifefm.com.br\/noticias\/wp-json\/wp\/v2\/users\/8"}],"replies":[{"embeddable":true,"href":"https:\/\/radiolifefm.com.br\/noticias\/wp-json\/wp\/v2\/comments?post=102631"}],"version-history":[{"count":1,"href":"https:\/\/radiolifefm.com.br\/noticias\/wp-json\/wp\/v2\/posts\/102631\/revisions"}],"predecessor-version":[{"id":102633,"href":"https:\/\/radiolifefm.com.br\/noticias\/wp-json\/wp\/v2\/posts\/102631\/revisions\/102633"}],"wp:featuredmedia":[{"embeddable":true,"href":"https:\/\/radiolifefm.com.br\/noticias\/wp-json\/wp\/v2\/media\/102634"}],"wp:attachment":[{"href":"https:\/\/radiolifefm.com.br\/noticias\/wp-json\/wp\/v2\/media?parent=102631"}],"wp:term":[{"taxonomy":"category","embeddable":true,"href":"https:\/\/radiolifefm.com.br\/noticias\/wp-json\/wp\/v2\/categories?post=102631"},{"taxonomy":"post_tag","embeddable":true,"href":"https:\/\/radiolifefm.com.br\/noticias\/wp-json\/wp\/v2\/tags?post=102631"}],"curies":[{"name":"wp","href":"https:\/\/api.w.org\/{rel}","templated":true}]}}