{"id":102611,"date":"2025-07-02T11:51:15","date_gmt":"2025-07-02T14:51:15","guid":{"rendered":"https:\/\/radiolifefm.com.br\/noticias\/?p=102611"},"modified":"2026-04-04T19:21:27","modified_gmt":"2026-04-04T22:21:27","slug":"moto-rock-leva-milhares-ao-parque-dos-pioneiros-e-projeta-adamantina-como-polo-turistico-do-motociclismo","status":"publish","type":"post","link":"https:\/\/radiolifefm.com.br\/noticias\/moto-rock-leva-milhares-ao-parque-dos-pioneiros-e-projeta-adamantina-como-polo-turistico-do-motociclismo\/","title":{"rendered":"Moto Rock leva milhares ao Parque dos Pioneiros e projeta Adamantina como polo tur\u00edstico do motociclismo"},"content":{"rendered":"<div id=\"fb-root\"><\/div>\n<p>No \u00faltimo domingo, 29 de junho, Adamantina viveu um dia de celebra\u00e7\u00e3o, adrenalina e integra\u00e7\u00e3o com a 2\u00aa edi\u00e7\u00e3o do Moto Rock, realizado no Parque dos Pioneiros. O evento, que integrou as festividades pelos 76 anos do munic\u00edpio, superou todas as expectativas e reafirmou seu lugar no calend\u00e1rio regional de grandes encontros de motoclubes.<\/p>\n<div class='flex flex-wrap items-center -mx-1'>\r\n<a class='thumbnail gallery p-1 w-1\/2 md:w-1\/4' href='https:\/\/radiolifefm.com.br\/noticias\/wp-content\/uploads\/2025\/07\/WhatsApp-Image-2025-07-01-at-18.19.19.jpeg'><img class='border border-white' src='https:\/\/radiolifefm.com.br\/noticias\/wp-content\/uploads\/2025\/07\/WhatsApp-Image-2025-07-01-at-18.19.19-200x200.jpeg' alt='WhatsApp Image 2025 07 01 At 18.19.19' \/><\/a><a class='thumbnail gallery p-1 w-1\/2 md:w-1\/4' href='https:\/\/radiolifefm.com.br\/noticias\/wp-content\/uploads\/2025\/07\/WhatsApp-Image-2025-07-01-at-18.19.20.jpeg'><img class='border border-white' src='https:\/\/radiolifefm.com.br\/noticias\/wp-content\/uploads\/2025\/07\/WhatsApp-Image-2025-07-01-at-18.19.20-200x200.jpeg' alt='WhatsApp Image 2025 07 01 At 18.19.20' \/><\/a><a class='thumbnail gallery p-1 w-1\/2 md:w-1\/4' href='https:\/\/radiolifefm.com.br\/noticias\/wp-content\/uploads\/2025\/07\/WhatsApp-Image-2025-07-01-at-18.19.20-1.jpeg'><img class='border border-white' src='https:\/\/radiolifefm.com.br\/noticias\/wp-content\/uploads\/2025\/07\/WhatsApp-Image-2025-07-01-at-18.19.20-1-200x200.jpeg' alt='WhatsApp Image 2025 07 01 At 18.19.20 (1)' \/><\/a><\/div>\n<p>Ao todo, mais de 60 grupos de motociclistas vindos de diversas partes do Brasil \u2014 com destaque para S\u00e3o Paulo, Paran\u00e1 e Mato Grosso do Sul participaram do encontro.O p\u00fablico p\u00f4de curtir shows ao vivo das bandas Aero Vinil e Black Seven, circular por estandes de produtos voltados ao universo das duas rodas, saborear as op\u00e7\u00f5es da pra\u00e7a de alimenta\u00e7\u00e3o com food trucks e prestigiar a tradicional Feira da Mulher Empreendedora, que movimentou os quiosques do parque. Logo pela manh\u00e3, motociclistas e visitantes foram recebidos com um delicioso caf\u00e9 da manh\u00e3, refor\u00e7ando o clima de acolhimento que marcou o evento.<\/p>\n<div class='flex flex-wrap items-center -mx-1'>\r\n<a class='thumbnail gallery p-1 w-1\/2 md:w-1\/4' href='https:\/\/radiolifefm.com.br\/noticias\/wp-content\/uploads\/2025\/07\/WhatsApp-Image-2025-07-01-at-18.19.20-2.jpeg'><img class='border border-white' src='https:\/\/radiolifefm.com.br\/noticias\/wp-content\/uploads\/2025\/07\/WhatsApp-Image-2025-07-01-at-18.19.20-2-200x200.jpeg' alt='WhatsApp Image 2025 07 01 At 18.19.20 (2)' \/><\/a><a class='thumbnail gallery p-1 w-1\/2 md:w-1\/4' href='https:\/\/radiolifefm.com.br\/noticias\/wp-content\/uploads\/2025\/07\/WhatsApp-Image-2025-07-01-at-18.20.58.jpeg'><img class='border border-white' src='https:\/\/radiolifefm.com.br\/noticias\/wp-content\/uploads\/2025\/07\/WhatsApp-Image-2025-07-01-at-18.20.58-200x200.jpeg' alt='WhatsApp Image 2025 07 01 At 18.20.58' \/><\/a><\/div>\n<p>A\u00e7\u00f5es de cidadania e parcerias institucionais<\/p>\n<p>O evento ganhou ainda mais relev\u00e2ncia com a participa\u00e7\u00e3o de importantes institui\u00e7\u00f5es. O Detran.SP, representado por M\u00e1rcio (da unidade de Presidente Prudente), promoveu uma a\u00e7\u00e3o educativa sobre seguran\u00e7a no tr\u00e2nsito, com distribui\u00e7\u00e3o de cord\u00f5es e adesivos da campanha de conscientiza\u00e7\u00e3o sobre velocidade.<\/p>\n<div class='flex flex-wrap items-center -mx-1'>\r\n<a class='thumbnail gallery p-1 w-1\/2 md:w-1\/4' href='https:\/\/radiolifefm.com.br\/noticias\/wp-content\/uploads\/2025\/07\/WhatsApp-Image-2025-07-01-at-18.20.59.jpeg'><img class='border border-white' src='https:\/\/radiolifefm.com.br\/noticias\/wp-content\/uploads\/2025\/07\/WhatsApp-Image-2025-07-01-at-18.20.59-200x200.jpeg' alt='WhatsApp Image 2025 07 01 At 18.20.59' \/><\/a><a class='thumbnail gallery p-1 w-1\/2 md:w-1\/4' href='https:\/\/radiolifefm.com.br\/noticias\/wp-content\/uploads\/2025\/07\/WhatsApp-Image-2025-07-01-at-18.20.59-1.jpeg'><img class='border border-white' src='https:\/\/radiolifefm.com.br\/noticias\/wp-content\/uploads\/2025\/07\/WhatsApp-Image-2025-07-01-at-18.20.59-1-200x200.jpeg' alt='WhatsApp Image 2025 07 01 At 18.20.59 (1)' \/><\/a><\/div>\n<p>A Comiss\u00e3o de Prote\u00e7\u00e3o dos Animais da OAB Adamantina, em parceria com o Sicredi, esteve presente com uma a\u00e7\u00e3o voltada \u00e0 causa animal: foram comercializadas camas para pets produzidas com materiais recicl\u00e1veis, unindo sustentabilidade e solidariedade.<\/p>\n<p>O Centro Universit\u00e1rio de Adamantina (FAI) tamb\u00e9m marcou presen\u00e7a, fortalecendo o elo entre o meio acad\u00eamico e os grandes eventos da cidade, como j\u00e1 \u00e9 tradi\u00e7\u00e3o.<\/p>\n<div class='flex flex-wrap items-center -mx-1'>\r\n<a class='thumbnail gallery p-1 w-1\/2 md:w-1\/4' href='https:\/\/radiolifefm.com.br\/noticias\/wp-content\/uploads\/2025\/07\/WhatsApp-Image-2025-07-01-at-18.21.00.jpeg'><img class='border border-white' src='https:\/\/radiolifefm.com.br\/noticias\/wp-content\/uploads\/2025\/07\/WhatsApp-Image-2025-07-01-at-18.21.00-200x200.jpeg' alt='WhatsApp Image 2025 07 01 At 18.21.00' \/><\/a><a class='thumbnail gallery p-1 w-1\/2 md:w-1\/4' href='https:\/\/radiolifefm.com.br\/noticias\/wp-content\/uploads\/2025\/07\/WhatsApp-Image-2025-07-01-at-18.21.00-1.jpeg'><img class='border border-white' src='https:\/\/radiolifefm.com.br\/noticias\/wp-content\/uploads\/2025\/07\/WhatsApp-Image-2025-07-01-at-18.21.00-1-200x200.jpeg' alt='WhatsApp Image 2025 07 01 At 18.21.00 (1)' \/><\/a><\/div>\n<p>Turismo em pauta: evento pode crescer em 2026<\/p>\n<p>Em entrevista \u00e0 jornalista L\u00facia Prado, o prefeito Tiveron comentou a possibilidade de expandir o Moto Rock para dois dias em sua pr\u00f3xima edi\u00e7\u00e3o. A proposta, segundo ele, pode alavancar a economia local, com impacto direto na rede hoteleira, restaurantes e com\u00e9rcio noturno. \u201cCom a chegada dos motociclistas na noite anterior, haver\u00e1 maior movimenta\u00e7\u00e3o nos hot\u00e9is, restaurantes e lanchonetes da cidade. Vamos estudar com carinho essa possibilidade para 2026\u201d, afirmou.<\/p>\n<p>A presidente do Conselho Municipal de Turismo (COMTUR), L\u00facia, tamb\u00e9m refor\u00e7ou o papel do evento na valoriza\u00e7\u00e3o da cidade: \u201cAdamantina sendo MIT (Munic\u00edpio de Interesse Tur\u00edstico), e com eventos semelhantes, vamos fortalecer o turismo local, sendo uma cidade de um povo hospitaleiro\u201d.<\/p>\n<p>A Life FM Adamantina fez a cobertura completa do evento, mantendo seu compromisso de evidenciar o que a cidade tem de melhor uma miss\u00e3o que j\u00e1 vem sendo cumprida h\u00e1 10 anos ao lado da comunidade.<\/p>\n<p>&nbsp;<\/p>\n<p>Com estrutura ampliada, engajamento crescente e parcerias estrat\u00e9gicas, o Moto Rock segue acelerando rumo ao futuro \u2014 promovendo cultura, lazer, solidariedade e turismo com esp\u00edrito sobre duas rodas.<\/p>\n<p>Iris da comiss\u00e3o que ajudou na organiza\u00e7\u00e3o do evento faz agredecimento ao Capit\u00e3o Bressan, Tenente Fernando e Cabo Andrade. a secret\u00e1ria de cultura Ana Queila, secret\u00e1rio de desenvolvimento Carl\u00e3o, Patty Nishiura, diretora de cultura.<\/p>\n","protected":false},"excerpt":{"rendered":"<p>No \u00faltimo domingo, 29 de junho, Adamantina viveu um dia de celebra\u00e7\u00e3o, adrenalina e integra\u00e7\u00e3o com a 2\u00aa edi\u00e7\u00e3o do Moto Rock, realizado no Parque dos Pioneiros. O evento, que integrou as festividades pelos 76 anos do munic\u00edpio, superou todas as expectativas e reafirmou seu lugar no calend\u00e1rio regional de grandes encontros de motoclubes. Ao [&hellip;]<\/p>\n","protected":false},"author":8,"featured_media":102627,"comment_status":"closed","ping_status":"open","sticky":false,"template":"","format":"standard","meta":{"_acf_changed":false,"_exactmetrics_skip_tracking":false,"_exactmetrics_sitenote_active":false,"_exactmetrics_sitenote_note":"","_exactmetrics_sitenote_category":0,"footnotes":""},"categories":[1],"tags":[],"class_list":["post-102611","post","type-post","status-publish","format-standard","has-post-thumbnail","hentry","category-geral"],"acf":[],"yoast_head":"<!-- This site is optimized with the Yoast SEO plugin v27.2 - https:\/\/yoast.com\/product\/yoast-seo-wordpress\/ -->\n<title>Moto Rock leva milhares ao Parque dos Pioneiros e projeta Adamantina como polo tur\u00edstico do motociclismo - R\u00e1dio Life FM<\/title>\n<meta name=\"robots\" content=\"index, follow, max-snippet:-1, max-image-preview:large, max-video-preview:-1\" \/>\n<link rel=\"canonical\" href=\"https:\/\/radiolifefm.com.br\/noticias\/moto-rock-leva-milhares-ao-parque-dos-pioneiros-e-projeta-adamantina-como-polo-turistico-do-motociclismo\/\" \/>\n<meta property=\"og:locale\" content=\"pt_BR\" \/>\n<meta property=\"og:type\" content=\"article\" \/>\n<meta property=\"og:title\" content=\"Moto Rock leva milhares ao Parque dos Pioneiros e projeta Adamantina como polo tur\u00edstico do motociclismo - R\u00e1dio Life FM\" \/>\n<meta property=\"og:description\" content=\"No \u00faltimo domingo, 29 de junho, Adamantina viveu um dia de celebra\u00e7\u00e3o, adrenalina e integra\u00e7\u00e3o com a 2\u00aa edi\u00e7\u00e3o do Moto Rock, realizado no Parque dos Pioneiros. O evento, que integrou as festividades pelos 76 anos do munic\u00edpio, superou todas as expectativas e reafirmou seu lugar no calend\u00e1rio regional de grandes encontros de motoclubes. Ao [&hellip;]\" \/>\n<meta property=\"og:url\" content=\"https:\/\/radiolifefm.com.br\/noticias\/moto-rock-leva-milhares-ao-parque-dos-pioneiros-e-projeta-adamantina-como-polo-turistico-do-motociclismo\/\" \/>\n<meta property=\"og:site_name\" content=\"R\u00e1dio Life FM\" \/>\n<meta property=\"article:publisher\" content=\"https:\/\/www.facebook.com\/radiolifefm\/\" \/>\n<meta property=\"article:published_time\" content=\"2025-07-02T14:51:15+00:00\" \/>\n<meta property=\"article:modified_time\" content=\"2026-04-04T22:21:27+00:00\" \/>\n<meta property=\"og:image\" content=\"https:\/\/radiolifefm.com.br\/noticias\/wp-content\/uploads\/2025\/07\/Capa-Site-4.jpg\" \/>\n\t<meta property=\"og:image:width\" content=\"1366\" \/>\n\t<meta property=\"og:image:height\" content=\"768\" \/>\n\t<meta property=\"og:image:type\" content=\"image\/jpeg\" \/>\n<meta name=\"author\" content=\"joaograndao\" \/>\n<meta name=\"twitter:card\" content=\"summary_large_image\" \/>\n<meta name=\"twitter:label1\" content=\"Escrito por\" \/>\n\t<meta name=\"twitter:data1\" content=\"joaograndao\" \/>\n\t<meta name=\"twitter:label2\" content=\"Est. tempo de leitura\" \/>\n\t<meta name=\"twitter:data2\" content=\"3 minutos\" \/>\n<script type=\"application\/ld+json\" class=\"yoast-schema-graph\">{\"@context\":\"https:\/\/schema.org\",\"@graph\":[{\"@type\":\"Article\",\"@id\":\"https:\/\/radiolifefm.com.br\/noticias\/moto-rock-leva-milhares-ao-parque-dos-pioneiros-e-projeta-adamantina-como-polo-turistico-do-motociclismo\/#article\",\"isPartOf\":{\"@id\":\"https:\/\/radiolifefm.com.br\/noticias\/moto-rock-leva-milhares-ao-parque-dos-pioneiros-e-projeta-adamantina-como-polo-turistico-do-motociclismo\/\"},\"author\":{\"name\":\"joaograndao\",\"@id\":\"https:\/\/radiolifefm.com.br\/noticias\/#\/schema\/person\/6876e1240feffe6e1b63fd5cb85abf28\"},\"headline\":\"Moto Rock leva milhares ao Parque dos Pioneiros e projeta Adamantina como polo tur\u00edstico do motociclismo\",\"datePublished\":\"2025-07-02T14:51:15+00:00\",\"dateModified\":\"2026-04-04T22:21:27+00:00\",\"mainEntityOfPage\":{\"@id\":\"https:\/\/radiolifefm.com.br\/noticias\/moto-rock-leva-milhares-ao-parque-dos-pioneiros-e-projeta-adamantina-como-polo-turistico-do-motociclismo\/\"},\"wordCount\":551,\"publisher\":{\"@id\":\"https:\/\/radiolifefm.com.br\/noticias\/#organization\"},\"image\":{\"@id\":\"https:\/\/radiolifefm.com.br\/noticias\/moto-rock-leva-milhares-ao-parque-dos-pioneiros-e-projeta-adamantina-como-polo-turistico-do-motociclismo\/#primaryimage\"},\"thumbnailUrl\":\"https:\/\/radiolifefm.com.br\/noticias\/wp-content\/uploads\/2025\/07\/Capa-Site-4.jpg\",\"articleSection\":[\"Geral\"],\"inLanguage\":\"pt-BR\"},{\"@type\":\"WebPage\",\"@id\":\"https:\/\/radiolifefm.com.br\/noticias\/moto-rock-leva-milhares-ao-parque-dos-pioneiros-e-projeta-adamantina-como-polo-turistico-do-motociclismo\/\",\"url\":\"https:\/\/radiolifefm.com.br\/noticias\/moto-rock-leva-milhares-ao-parque-dos-pioneiros-e-projeta-adamantina-como-polo-turistico-do-motociclismo\/\",\"name\":\"Moto Rock leva milhares ao Parque dos Pioneiros e projeta Adamantina como polo tur\u00edstico do motociclismo - R\u00e1dio Life FM\",\"isPartOf\":{\"@id\":\"https:\/\/radiolifefm.com.br\/noticias\/#website\"},\"primaryImageOfPage\":{\"@id\":\"https:\/\/radiolifefm.com.br\/noticias\/moto-rock-leva-milhares-ao-parque-dos-pioneiros-e-projeta-adamantina-como-polo-turistico-do-motociclismo\/#primaryimage\"},\"image\":{\"@id\":\"https:\/\/radiolifefm.com.br\/noticias\/moto-rock-leva-milhares-ao-parque-dos-pioneiros-e-projeta-adamantina-como-polo-turistico-do-motociclismo\/#primaryimage\"},\"thumbnailUrl\":\"https:\/\/radiolifefm.com.br\/noticias\/wp-content\/uploads\/2025\/07\/Capa-Site-4.jpg\",\"datePublished\":\"2025-07-02T14:51:15+00:00\",\"dateModified\":\"2026-04-04T22:21:27+00:00\",\"breadcrumb\":{\"@id\":\"https:\/\/radiolifefm.com.br\/noticias\/moto-rock-leva-milhares-ao-parque-dos-pioneiros-e-projeta-adamantina-como-polo-turistico-do-motociclismo\/#breadcrumb\"},\"inLanguage\":\"pt-BR\",\"potentialAction\":[{\"@type\":\"ReadAction\",\"target\":[\"https:\/\/radiolifefm.com.br\/noticias\/moto-rock-leva-milhares-ao-parque-dos-pioneiros-e-projeta-adamantina-como-polo-turistico-do-motociclismo\/\"]}]},{\"@type\":\"ImageObject\",\"inLanguage\":\"pt-BR\",\"@id\":\"https:\/\/radiolifefm.com.br\/noticias\/moto-rock-leva-milhares-ao-parque-dos-pioneiros-e-projeta-adamantina-como-polo-turistico-do-motociclismo\/#primaryimage\",\"url\":\"https:\/\/radiolifefm.com.br\/noticias\/wp-content\/uploads\/2025\/07\/Capa-Site-4.jpg\",\"contentUrl\":\"https:\/\/radiolifefm.com.br\/noticias\/wp-content\/uploads\/2025\/07\/Capa-Site-4.jpg\",\"width\":1366,\"height\":768},{\"@type\":\"BreadcrumbList\",\"@id\":\"https:\/\/radiolifefm.com.br\/noticias\/moto-rock-leva-milhares-ao-parque-dos-pioneiros-e-projeta-adamantina-como-polo-turistico-do-motociclismo\/#breadcrumb\",\"itemListElement\":[{\"@type\":\"ListItem\",\"position\":1,\"name\":\"In\u00edcio\",\"item\":\"https:\/\/radiolifefm.com.br\/noticias\/\"},{\"@type\":\"ListItem\",\"position\":2,\"name\":\"Moto Rock leva milhares ao Parque dos Pioneiros e projeta Adamantina como polo tur\u00edstico do motociclismo\"}]},{\"@type\":\"WebSite\",\"@id\":\"https:\/\/radiolifefm.com.br\/noticias\/#website\",\"url\":\"https:\/\/radiolifefm.com.br\/noticias\/\",\"name\":\"R\u00e1dio Life FM\",\"description\":\"O Portal de Not\u00edcias de Adamantina\",\"publisher\":{\"@id\":\"https:\/\/radiolifefm.com.br\/noticias\/#organization\"},\"alternateName\":\"Life FM\",\"potentialAction\":[{\"@type\":\"SearchAction\",\"target\":{\"@type\":\"EntryPoint\",\"urlTemplate\":\"https:\/\/radiolifefm.com.br\/noticias\/?s={search_term_string}\"},\"query-input\":{\"@type\":\"PropertyValueSpecification\",\"valueRequired\":true,\"valueName\":\"search_term_string\"}}],\"inLanguage\":\"pt-BR\"},{\"@type\":\"Organization\",\"@id\":\"https:\/\/radiolifefm.com.br\/noticias\/#organization\",\"name\":\"R\u00e1dio Life FM\",\"alternateName\":\"Life FM\",\"url\":\"https:\/\/radiolifefm.com.br\/noticias\/\",\"logo\":{\"@type\":\"ImageObject\",\"inLanguage\":\"pt-BR\",\"@id\":\"https:\/\/radiolifefm.com.br\/noticias\/#\/schema\/logo\/image\/\",\"url\":\"https:\/\/static.radiolifefm.com.br\/noticias\/wp-content\/uploads\/2019\/10\/logo-lifefm.png\",\"contentUrl\":\"https:\/\/static.radiolifefm.com.br\/noticias\/wp-content\/uploads\/2019\/10\/logo-lifefm.png\",\"width\":196,\"height\":47,\"caption\":\"R\u00e1dio Life FM\"},\"image\":{\"@id\":\"https:\/\/radiolifefm.com.br\/noticias\/#\/schema\/logo\/image\/\"},\"sameAs\":[\"https:\/\/www.facebook.com\/radiolifefm\/\",\"https:\/\/www.instagram.com\/life1079fm\/\"]},{\"@type\":\"Person\",\"@id\":\"https:\/\/radiolifefm.com.br\/noticias\/#\/schema\/person\/6876e1240feffe6e1b63fd5cb85abf28\",\"name\":\"joaograndao\",\"image\":{\"@type\":\"ImageObject\",\"inLanguage\":\"pt-BR\",\"@id\":\"https:\/\/secure.gravatar.com\/avatar\/d5b1a3cf357ed9c50404e256a1294083aa8ab5d2a994001567302786016cb32c?s=96&d=mm&r=g\",\"url\":\"https:\/\/secure.gravatar.com\/avatar\/d5b1a3cf357ed9c50404e256a1294083aa8ab5d2a994001567302786016cb32c?s=96&d=mm&r=g\",\"contentUrl\":\"https:\/\/secure.gravatar.com\/avatar\/d5b1a3cf357ed9c50404e256a1294083aa8ab5d2a994001567302786016cb32c?s=96&d=mm&r=g\",\"caption\":\"joaograndao\"}}]}<\/script>\n<!-- \/ Yoast SEO plugin. -->","yoast_head_json":{"title":"Moto Rock leva milhares ao Parque dos Pioneiros e projeta Adamantina como polo tur\u00edstico do motociclismo - R\u00e1dio Life FM","robots":{"index":"index","follow":"follow","max-snippet":"max-snippet:-1","max-image-preview":"max-image-preview:large","max-video-preview":"max-video-preview:-1"},"canonical":"https:\/\/radiolifefm.com.br\/noticias\/moto-rock-leva-milhares-ao-parque-dos-pioneiros-e-projeta-adamantina-como-polo-turistico-do-motociclismo\/","og_locale":"pt_BR","og_type":"article","og_title":"Moto Rock leva milhares ao Parque dos Pioneiros e projeta Adamantina como polo tur\u00edstico do motociclismo - R\u00e1dio Life FM","og_description":"No \u00faltimo domingo, 29 de junho, Adamantina viveu um dia de celebra\u00e7\u00e3o, adrenalina e integra\u00e7\u00e3o com a 2\u00aa edi\u00e7\u00e3o do Moto Rock, realizado no Parque dos Pioneiros. O evento, que integrou as festividades pelos 76 anos do munic\u00edpio, superou todas as expectativas e reafirmou seu lugar no calend\u00e1rio regional de grandes encontros de motoclubes. Ao [&hellip;]","og_url":"https:\/\/radiolifefm.com.br\/noticias\/moto-rock-leva-milhares-ao-parque-dos-pioneiros-e-projeta-adamantina-como-polo-turistico-do-motociclismo\/","og_site_name":"R\u00e1dio Life FM","article_publisher":"https:\/\/www.facebook.com\/radiolifefm\/","article_published_time":"2025-07-02T14:51:15+00:00","article_modified_time":"2026-04-04T22:21:27+00:00","og_image":[{"width":1366,"height":768,"url":"https:\/\/radiolifefm.com.br\/noticias\/wp-content\/uploads\/2025\/07\/Capa-Site-4.jpg","type":"image\/jpeg"}],"author":"joaograndao","twitter_card":"summary_large_image","twitter_misc":{"Escrito por":"joaograndao","Est. tempo de leitura":"3 minutos"},"schema":{"@context":"https:\/\/schema.org","@graph":[{"@type":"Article","@id":"https:\/\/radiolifefm.com.br\/noticias\/moto-rock-leva-milhares-ao-parque-dos-pioneiros-e-projeta-adamantina-como-polo-turistico-do-motociclismo\/#article","isPartOf":{"@id":"https:\/\/radiolifefm.com.br\/noticias\/moto-rock-leva-milhares-ao-parque-dos-pioneiros-e-projeta-adamantina-como-polo-turistico-do-motociclismo\/"},"author":{"name":"joaograndao","@id":"https:\/\/radiolifefm.com.br\/noticias\/#\/schema\/person\/6876e1240feffe6e1b63fd5cb85abf28"},"headline":"Moto Rock leva milhares ao Parque dos Pioneiros e projeta Adamantina como polo tur\u00edstico do motociclismo","datePublished":"2025-07-02T14:51:15+00:00","dateModified":"2026-04-04T22:21:27+00:00","mainEntityOfPage":{"@id":"https:\/\/radiolifefm.com.br\/noticias\/moto-rock-leva-milhares-ao-parque-dos-pioneiros-e-projeta-adamantina-como-polo-turistico-do-motociclismo\/"},"wordCount":551,"publisher":{"@id":"https:\/\/radiolifefm.com.br\/noticias\/#organization"},"image":{"@id":"https:\/\/radiolifefm.com.br\/noticias\/moto-rock-leva-milhares-ao-parque-dos-pioneiros-e-projeta-adamantina-como-polo-turistico-do-motociclismo\/#primaryimage"},"thumbnailUrl":"https:\/\/radiolifefm.com.br\/noticias\/wp-content\/uploads\/2025\/07\/Capa-Site-4.jpg","articleSection":["Geral"],"inLanguage":"pt-BR"},{"@type":"WebPage","@id":"https:\/\/radiolifefm.com.br\/noticias\/moto-rock-leva-milhares-ao-parque-dos-pioneiros-e-projeta-adamantina-como-polo-turistico-do-motociclismo\/","url":"https:\/\/radiolifefm.com.br\/noticias\/moto-rock-leva-milhares-ao-parque-dos-pioneiros-e-projeta-adamantina-como-polo-turistico-do-motociclismo\/","name":"Moto Rock leva milhares ao Parque dos Pioneiros e projeta Adamantina como polo tur\u00edstico do motociclismo - R\u00e1dio Life FM","isPartOf":{"@id":"https:\/\/radiolifefm.com.br\/noticias\/#website"},"primaryImageOfPage":{"@id":"https:\/\/radiolifefm.com.br\/noticias\/moto-rock-leva-milhares-ao-parque-dos-pioneiros-e-projeta-adamantina-como-polo-turistico-do-motociclismo\/#primaryimage"},"image":{"@id":"https:\/\/radiolifefm.com.br\/noticias\/moto-rock-leva-milhares-ao-parque-dos-pioneiros-e-projeta-adamantina-como-polo-turistico-do-motociclismo\/#primaryimage"},"thumbnailUrl":"https:\/\/radiolifefm.com.br\/noticias\/wp-content\/uploads\/2025\/07\/Capa-Site-4.jpg","datePublished":"2025-07-02T14:51:15+00:00","dateModified":"2026-04-04T22:21:27+00:00","breadcrumb":{"@id":"https:\/\/radiolifefm.com.br\/noticias\/moto-rock-leva-milhares-ao-parque-dos-pioneiros-e-projeta-adamantina-como-polo-turistico-do-motociclismo\/#breadcrumb"},"inLanguage":"pt-BR","potentialAction":[{"@type":"ReadAction","target":["https:\/\/radiolifefm.com.br\/noticias\/moto-rock-leva-milhares-ao-parque-dos-pioneiros-e-projeta-adamantina-como-polo-turistico-do-motociclismo\/"]}]},{"@type":"ImageObject","inLanguage":"pt-BR","@id":"https:\/\/radiolifefm.com.br\/noticias\/moto-rock-leva-milhares-ao-parque-dos-pioneiros-e-projeta-adamantina-como-polo-turistico-do-motociclismo\/#primaryimage","url":"https:\/\/radiolifefm.com.br\/noticias\/wp-content\/uploads\/2025\/07\/Capa-Site-4.jpg","contentUrl":"https:\/\/radiolifefm.com.br\/noticias\/wp-content\/uploads\/2025\/07\/Capa-Site-4.jpg","width":1366,"height":768},{"@type":"BreadcrumbList","@id":"https:\/\/radiolifefm.com.br\/noticias\/moto-rock-leva-milhares-ao-parque-dos-pioneiros-e-projeta-adamantina-como-polo-turistico-do-motociclismo\/#breadcrumb","itemListElement":[{"@type":"ListItem","position":1,"name":"In\u00edcio","item":"https:\/\/radiolifefm.com.br\/noticias\/"},{"@type":"ListItem","position":2,"name":"Moto Rock leva milhares ao Parque dos Pioneiros e projeta Adamantina como polo tur\u00edstico do motociclismo"}]},{"@type":"WebSite","@id":"https:\/\/radiolifefm.com.br\/noticias\/#website","url":"https:\/\/radiolifefm.com.br\/noticias\/","name":"R\u00e1dio Life FM","description":"O Portal de Not\u00edcias de Adamantina","publisher":{"@id":"https:\/\/radiolifefm.com.br\/noticias\/#organization"},"alternateName":"Life FM","potentialAction":[{"@type":"SearchAction","target":{"@type":"EntryPoint","urlTemplate":"https:\/\/radiolifefm.com.br\/noticias\/?s={search_term_string}"},"query-input":{"@type":"PropertyValueSpecification","valueRequired":true,"valueName":"search_term_string"}}],"inLanguage":"pt-BR"},{"@type":"Organization","@id":"https:\/\/radiolifefm.com.br\/noticias\/#organization","name":"R\u00e1dio Life FM","alternateName":"Life FM","url":"https:\/\/radiolifefm.com.br\/noticias\/","logo":{"@type":"ImageObject","inLanguage":"pt-BR","@id":"https:\/\/radiolifefm.com.br\/noticias\/#\/schema\/logo\/image\/","url":"https:\/\/static.radiolifefm.com.br\/noticias\/wp-content\/uploads\/2019\/10\/logo-lifefm.png","contentUrl":"https:\/\/static.radiolifefm.com.br\/noticias\/wp-content\/uploads\/2019\/10\/logo-lifefm.png","width":196,"height":47,"caption":"R\u00e1dio Life FM"},"image":{"@id":"https:\/\/radiolifefm.com.br\/noticias\/#\/schema\/logo\/image\/"},"sameAs":["https:\/\/www.facebook.com\/radiolifefm\/","https:\/\/www.instagram.com\/life1079fm\/"]},{"@type":"Person","@id":"https:\/\/radiolifefm.com.br\/noticias\/#\/schema\/person\/6876e1240feffe6e1b63fd5cb85abf28","name":"joaograndao","image":{"@type":"ImageObject","inLanguage":"pt-BR","@id":"https:\/\/secure.gravatar.com\/avatar\/d5b1a3cf357ed9c50404e256a1294083aa8ab5d2a994001567302786016cb32c?s=96&d=mm&r=g","url":"https:\/\/secure.gravatar.com\/avatar\/d5b1a3cf357ed9c50404e256a1294083aa8ab5d2a994001567302786016cb32c?s=96&d=mm&r=g","contentUrl":"https:\/\/secure.gravatar.com\/avatar\/d5b1a3cf357ed9c50404e256a1294083aa8ab5d2a994001567302786016cb32c?s=96&d=mm&r=g","caption":"joaograndao"}}]}},"amp_enabled":true,"_links":{"self":[{"href":"https:\/\/radiolifefm.com.br\/noticias\/wp-json\/wp\/v2\/posts\/102611","targetHints":{"allow":["GET"]}}],"collection":[{"href":"https:\/\/radiolifefm.com.br\/noticias\/wp-json\/wp\/v2\/posts"}],"about":[{"href":"https:\/\/radiolifefm.com.br\/noticias\/wp-json\/wp\/v2\/types\/post"}],"author":[{"embeddable":true,"href":"https:\/\/radiolifefm.com.br\/noticias\/wp-json\/wp\/v2\/users\/8"}],"replies":[{"embeddable":true,"href":"https:\/\/radiolifefm.com.br\/noticias\/wp-json\/wp\/v2\/comments?post=102611"}],"version-history":[{"count":3,"href":"https:\/\/radiolifefm.com.br\/noticias\/wp-json\/wp\/v2\/posts\/102611\/revisions"}],"predecessor-version":[{"id":102761,"href":"https:\/\/radiolifefm.com.br\/noticias\/wp-json\/wp\/v2\/posts\/102611\/revisions\/102761"}],"wp:featuredmedia":[{"embeddable":true,"href":"https:\/\/radiolifefm.com.br\/noticias\/wp-json\/wp\/v2\/media\/102627"}],"wp:attachment":[{"href":"https:\/\/radiolifefm.com.br\/noticias\/wp-json\/wp\/v2\/media?parent=102611"}],"wp:term":[{"taxonomy":"category","embeddable":true,"href":"https:\/\/radiolifefm.com.br\/noticias\/wp-json\/wp\/v2\/categories?post=102611"},{"taxonomy":"post_tag","embeddable":true,"href":"https:\/\/radiolifefm.com.br\/noticias\/wp-json\/wp\/v2\/tags?post=102611"}],"curies":[{"name":"wp","href":"https:\/\/api.w.org\/{rel}","templated":true}]}}