{"id":102588,"date":"2025-07-02T09:51:43","date_gmt":"2025-07-02T12:51:43","guid":{"rendered":"https:\/\/radiolifefm.com.br\/noticias\/?p=102588"},"modified":"2026-04-13T13:42:01","modified_gmt":"2026-04-13T16:42:01","slug":"endri-cavicchioli-delvechio-comemora-5-anos-de-escritorio-de-arquitetura-e-design-de-interiores-em-adamantina","status":"publish","type":"post","link":"https:\/\/radiolifefm.com.br\/noticias\/endri-cavicchioli-delvechio-comemora-5-anos-de-escritorio-de-arquitetura-e-design-de-interiores-em-adamantina\/","title":{"rendered":"Endri Cavicchioli Delvechio comemora 5 anos de escrit\u00f3rio de Arquitetura e Design de Interiores em Adamantina"},"content":{"rendered":"<div id=\"fb-root\"><\/div>\n<p data-start=\"289\" data-end=\"758\">Em meados de 2020, em meio \u00e0 pandemia de Covid-19, quando a crise se instaurava em todo o Brasil, o rec\u00e9m-formado arquiteto Endri lan\u00e7ava, neste mesmo ve\u00edculo de comunica\u00e7\u00e3o e atrav\u00e9s das redes sociais, seu escrit\u00f3rio de arquitetura e design de interiores. Com incentivo de clientes, amigos e familiares, deu in\u00edcio ao sonho de empreender em um cen\u00e1rio inst\u00e1vel e sem precedentes de melhora, j\u00e1 que n\u00e3o era poss\u00edvel realizar qualquer tipo de aglomera\u00e7\u00e3o ou inaugura\u00e7\u00e3o.<\/p>\n<p data-start=\"760\" data-end=\"929\">Os servi\u00e7os prestados pelo escrit\u00f3rio v\u00e3o desde projetos arquitet\u00f4nicos \u2014 residenciais e comerciais \u2014 at\u00e9 projetos de interiores, projeto 3D e demais servi\u00e7os da \u00e1rea.<\/p>\n<p data-start=\"931\" data-end=\"1291\">Neste per\u00edodo de cinco anos, o arquiteto conquistou, al\u00e9m dos clientes em Adamantina, o p\u00fablico da cidade de Tup\u00e3, onde tamb\u00e9m possui obras e projetos de interiores. A coluna <em data-start=\"1106\" data-end=\"1120\">Arquitetando<\/em>, deste jornal, tamb\u00e9m completa cinco anos desde seu lan\u00e7amento, trazendo quinzenalmente tend\u00eancias do mundo da arquitetura e do design, atrav\u00e9s das palavras do arquiteto.<\/p>\n<p data-start=\"1293\" data-end=\"1579\">Atualmente, o escrit\u00f3rio comemora cinco anos de abertura, oferecendo projetos personalizados, com requinte e sofistica\u00e7\u00e3o. Durante esse tempo, foi poss\u00edvel acompanhar o arquiteto adquirindo conhecimento em constantes visita\u00e7\u00f5es a feiras de arquitetura e design, no estado e na regi\u00e3o.<\/p>\n<p data-start=\"1581\" data-end=\"1809\">O escrit\u00f3rio hoje possui obras em Luc\u00e9lia e tamb\u00e9m em Irapuru, o que ressalta os princ\u00edpios e valores de uma empresa que entrega funcionalidade aliada \u00e0 est\u00e9tica em cada projeto, seja ele residencial, comercial ou de interiores.<\/p>\n<p data-start=\"1811\" data-end=\"2170\">Em entrevista, o arquiteto Endri ressalta o compromisso e o agradecimento: <em data-start=\"1886\" data-end=\"2170\">\u201cGostaria de agradecer a Deus e a todos os envolvidos, desde o come\u00e7o deste sonho de iniciar o escrit\u00f3rio, mesmo diante dos desafios enfrentados diariamente, e tamb\u00e9m aos clientes que me acompanham at\u00e9 hoje e confiam no trabalho prestado. Convido todos a solicitarem seu or\u00e7amento.\u201d<\/em><\/p>\n<p data-start=\"2172\" data-end=\"2405\">O <em data-start=\"2174\" data-end=\"2189\">Jornal Di\u00e1rio<\/em> parabeniza e deseja sucesso ao arquiteto, reafirmando o compromisso de manter seus leitores quinzenalmente atualizados com a coluna <em data-start=\"2322\" data-end=\"2336\">Arquitetando<\/em>, que traz a cada edi\u00e7\u00e3o as novidades do mundo da constru\u00e7\u00e3o civil.<img loading=\"lazy\" decoding=\"async\" class=\"aligncenter wp-image-102591 size-medium\" src=\"https:\/\/static.radiolifefm.com.br\/noticias\/wp-content\/uploads\/2025\/07\/WhatsApp-Image-2025-07-02-at-09.49.26-169x300.jpeg\" alt=\"\" width=\"169\" height=\"300\" srcset=\"https:\/\/radiolifefm.com.br\/noticias\/wp-content\/uploads\/2025\/07\/WhatsApp-Image-2025-07-02-at-09.49.26-169x300.jpeg 169w, https:\/\/radiolifefm.com.br\/noticias\/wp-content\/uploads\/2025\/07\/WhatsApp-Image-2025-07-02-at-09.49.26-576x1024.jpeg 576w, https:\/\/radiolifefm.com.br\/noticias\/wp-content\/uploads\/2025\/07\/WhatsApp-Image-2025-07-02-at-09.49.26-768x1365.jpeg 768w, https:\/\/radiolifefm.com.br\/noticias\/wp-content\/uploads\/2025\/07\/WhatsApp-Image-2025-07-02-at-09.49.26-864x1536.jpeg 864w, https:\/\/radiolifefm.com.br\/noticias\/wp-content\/uploads\/2025\/07\/WhatsApp-Image-2025-07-02-at-09.49.26.jpeg 900w\" sizes=\"auto, (max-width: 169px) 100vw, 169px\" \/><\/p>\n<p data-start=\"2407\" data-end=\"2561\">Solicite seu or\u00e7amento no escrit\u00f3rio Endri Arquitetura e Design de Interiores pelos telefones (18) 99762-6201 e (18) 99661-5464, ou pelas redes sociais.<\/p>\n","protected":false},"excerpt":{"rendered":"<p>Em meados de 2020, em meio \u00e0 pandemia de Covid-19, quando a crise se instaurava em todo o Brasil, o rec\u00e9m-formado arquiteto Endri lan\u00e7ava, neste mesmo ve\u00edculo de comunica\u00e7\u00e3o e atrav\u00e9s das redes sociais, seu escrit\u00f3rio de arquitetura e design de interiores. Com incentivo de clientes, amigos e familiares, deu in\u00edcio ao sonho de empreender [&hellip;]<\/p>\n","protected":false},"author":8,"featured_media":102589,"comment_status":"closed","ping_status":"open","sticky":false,"template":"","format":"standard","meta":{"_acf_changed":false,"_exactmetrics_skip_tracking":false,"_exactmetrics_sitenote_active":false,"_exactmetrics_sitenote_note":"","_exactmetrics_sitenote_category":0,"footnotes":""},"categories":[1],"tags":[],"class_list":["post-102588","post","type-post","status-publish","format-standard","has-post-thumbnail","hentry","category-geral"],"acf":[],"yoast_head":"<!-- This site is optimized with the Yoast SEO plugin v27.2 - https:\/\/yoast.com\/product\/yoast-seo-wordpress\/ -->\n<title>Endri Cavicchioli Delvechio comemora 5 anos de escrit\u00f3rio de Arquitetura e Design de Interiores em Adamantina - R\u00e1dio Life FM<\/title>\n<meta name=\"robots\" content=\"index, follow, max-snippet:-1, max-image-preview:large, max-video-preview:-1\" \/>\n<link rel=\"canonical\" href=\"https:\/\/radiolifefm.com.br\/noticias\/endri-cavicchioli-delvechio-comemora-5-anos-de-escritorio-de-arquitetura-e-design-de-interiores-em-adamantina\/\" \/>\n<meta property=\"og:locale\" content=\"pt_BR\" \/>\n<meta property=\"og:type\" content=\"article\" \/>\n<meta property=\"og:title\" content=\"Endri Cavicchioli Delvechio comemora 5 anos de escrit\u00f3rio de Arquitetura e Design de Interiores em Adamantina - R\u00e1dio Life FM\" \/>\n<meta property=\"og:description\" content=\"Em meados de 2020, em meio \u00e0 pandemia de Covid-19, quando a crise se instaurava em todo o Brasil, o rec\u00e9m-formado arquiteto Endri lan\u00e7ava, neste mesmo ve\u00edculo de comunica\u00e7\u00e3o e atrav\u00e9s das redes sociais, seu escrit\u00f3rio de arquitetura e design de interiores. Com incentivo de clientes, amigos e familiares, deu in\u00edcio ao sonho de empreender [&hellip;]\" \/>\n<meta property=\"og:url\" content=\"https:\/\/radiolifefm.com.br\/noticias\/endri-cavicchioli-delvechio-comemora-5-anos-de-escritorio-de-arquitetura-e-design-de-interiores-em-adamantina\/\" \/>\n<meta property=\"og:site_name\" content=\"R\u00e1dio Life FM\" \/>\n<meta property=\"article:publisher\" content=\"https:\/\/www.facebook.com\/radiolifefm\/\" \/>\n<meta property=\"article:published_time\" content=\"2025-07-02T12:51:43+00:00\" \/>\n<meta property=\"article:modified_time\" content=\"2026-04-13T16:42:01+00:00\" \/>\n<meta property=\"og:image\" content=\"https:\/\/radiolifefm.com.br\/noticias\/wp-content\/uploads\/2025\/07\/Capa-Site-1-1.jpg\" \/>\n\t<meta property=\"og:image:width\" content=\"1366\" \/>\n\t<meta property=\"og:image:height\" content=\"768\" \/>\n\t<meta property=\"og:image:type\" content=\"image\/jpeg\" \/>\n<meta name=\"author\" content=\"joaograndao\" \/>\n<meta name=\"twitter:card\" content=\"summary_large_image\" \/>\n<meta name=\"twitter:label1\" content=\"Escrito por\" \/>\n\t<meta name=\"twitter:data1\" content=\"joaograndao\" \/>\n\t<meta name=\"twitter:label2\" content=\"Est. tempo de leitura\" \/>\n\t<meta name=\"twitter:data2\" content=\"3 minutos\" \/>\n<script type=\"application\/ld+json\" class=\"yoast-schema-graph\">{\"@context\":\"https:\/\/schema.org\",\"@graph\":[{\"@type\":\"Article\",\"@id\":\"https:\/\/radiolifefm.com.br\/noticias\/endri-cavicchioli-delvechio-comemora-5-anos-de-escritorio-de-arquitetura-e-design-de-interiores-em-adamantina\/#article\",\"isPartOf\":{\"@id\":\"https:\/\/radiolifefm.com.br\/noticias\/endri-cavicchioli-delvechio-comemora-5-anos-de-escritorio-de-arquitetura-e-design-de-interiores-em-adamantina\/\"},\"author\":{\"name\":\"joaograndao\",\"@id\":\"https:\/\/radiolifefm.com.br\/noticias\/#\/schema\/person\/6876e1240feffe6e1b63fd5cb85abf28\"},\"headline\":\"Endri Cavicchioli Delvechio comemora 5 anos de escrit\u00f3rio de Arquitetura e Design de Interiores em Adamantina\",\"datePublished\":\"2025-07-02T12:51:43+00:00\",\"dateModified\":\"2026-04-13T16:42:01+00:00\",\"mainEntityOfPage\":{\"@id\":\"https:\/\/radiolifefm.com.br\/noticias\/endri-cavicchioli-delvechio-comemora-5-anos-de-escritorio-de-arquitetura-e-design-de-interiores-em-adamantina\/\"},\"wordCount\":397,\"publisher\":{\"@id\":\"https:\/\/radiolifefm.com.br\/noticias\/#organization\"},\"image\":{\"@id\":\"https:\/\/radiolifefm.com.br\/noticias\/endri-cavicchioli-delvechio-comemora-5-anos-de-escritorio-de-arquitetura-e-design-de-interiores-em-adamantina\/#primaryimage\"},\"thumbnailUrl\":\"https:\/\/radiolifefm.com.br\/noticias\/wp-content\/uploads\/2025\/07\/Capa-Site-1-1.jpg\",\"articleSection\":[\"Geral\"],\"inLanguage\":\"pt-BR\"},{\"@type\":\"WebPage\",\"@id\":\"https:\/\/radiolifefm.com.br\/noticias\/endri-cavicchioli-delvechio-comemora-5-anos-de-escritorio-de-arquitetura-e-design-de-interiores-em-adamantina\/\",\"url\":\"https:\/\/radiolifefm.com.br\/noticias\/endri-cavicchioli-delvechio-comemora-5-anos-de-escritorio-de-arquitetura-e-design-de-interiores-em-adamantina\/\",\"name\":\"Endri Cavicchioli Delvechio comemora 5 anos de escrit\u00f3rio de Arquitetura e Design de Interiores em Adamantina - R\u00e1dio Life FM\",\"isPartOf\":{\"@id\":\"https:\/\/radiolifefm.com.br\/noticias\/#website\"},\"primaryImageOfPage\":{\"@id\":\"https:\/\/radiolifefm.com.br\/noticias\/endri-cavicchioli-delvechio-comemora-5-anos-de-escritorio-de-arquitetura-e-design-de-interiores-em-adamantina\/#primaryimage\"},\"image\":{\"@id\":\"https:\/\/radiolifefm.com.br\/noticias\/endri-cavicchioli-delvechio-comemora-5-anos-de-escritorio-de-arquitetura-e-design-de-interiores-em-adamantina\/#primaryimage\"},\"thumbnailUrl\":\"https:\/\/radiolifefm.com.br\/noticias\/wp-content\/uploads\/2025\/07\/Capa-Site-1-1.jpg\",\"datePublished\":\"2025-07-02T12:51:43+00:00\",\"dateModified\":\"2026-04-13T16:42:01+00:00\",\"breadcrumb\":{\"@id\":\"https:\/\/radiolifefm.com.br\/noticias\/endri-cavicchioli-delvechio-comemora-5-anos-de-escritorio-de-arquitetura-e-design-de-interiores-em-adamantina\/#breadcrumb\"},\"inLanguage\":\"pt-BR\",\"potentialAction\":[{\"@type\":\"ReadAction\",\"target\":[\"https:\/\/radiolifefm.com.br\/noticias\/endri-cavicchioli-delvechio-comemora-5-anos-de-escritorio-de-arquitetura-e-design-de-interiores-em-adamantina\/\"]}]},{\"@type\":\"ImageObject\",\"inLanguage\":\"pt-BR\",\"@id\":\"https:\/\/radiolifefm.com.br\/noticias\/endri-cavicchioli-delvechio-comemora-5-anos-de-escritorio-de-arquitetura-e-design-de-interiores-em-adamantina\/#primaryimage\",\"url\":\"https:\/\/radiolifefm.com.br\/noticias\/wp-content\/uploads\/2025\/07\/Capa-Site-1-1.jpg\",\"contentUrl\":\"https:\/\/radiolifefm.com.br\/noticias\/wp-content\/uploads\/2025\/07\/Capa-Site-1-1.jpg\",\"width\":1366,\"height\":768},{\"@type\":\"BreadcrumbList\",\"@id\":\"https:\/\/radiolifefm.com.br\/noticias\/endri-cavicchioli-delvechio-comemora-5-anos-de-escritorio-de-arquitetura-e-design-de-interiores-em-adamantina\/#breadcrumb\",\"itemListElement\":[{\"@type\":\"ListItem\",\"position\":1,\"name\":\"In\u00edcio\",\"item\":\"https:\/\/radiolifefm.com.br\/noticias\/\"},{\"@type\":\"ListItem\",\"position\":2,\"name\":\"Endri Cavicchioli Delvechio comemora 5 anos de escrit\u00f3rio de Arquitetura e Design de Interiores em Adamantina\"}]},{\"@type\":\"WebSite\",\"@id\":\"https:\/\/radiolifefm.com.br\/noticias\/#website\",\"url\":\"https:\/\/radiolifefm.com.br\/noticias\/\",\"name\":\"R\u00e1dio Life FM\",\"description\":\"O Portal de Not\u00edcias de Adamantina\",\"publisher\":{\"@id\":\"https:\/\/radiolifefm.com.br\/noticias\/#organization\"},\"alternateName\":\"Life FM\",\"potentialAction\":[{\"@type\":\"SearchAction\",\"target\":{\"@type\":\"EntryPoint\",\"urlTemplate\":\"https:\/\/radiolifefm.com.br\/noticias\/?s={search_term_string}\"},\"query-input\":{\"@type\":\"PropertyValueSpecification\",\"valueRequired\":true,\"valueName\":\"search_term_string\"}}],\"inLanguage\":\"pt-BR\"},{\"@type\":\"Organization\",\"@id\":\"https:\/\/radiolifefm.com.br\/noticias\/#organization\",\"name\":\"R\u00e1dio Life FM\",\"alternateName\":\"Life FM\",\"url\":\"https:\/\/radiolifefm.com.br\/noticias\/\",\"logo\":{\"@type\":\"ImageObject\",\"inLanguage\":\"pt-BR\",\"@id\":\"https:\/\/radiolifefm.com.br\/noticias\/#\/schema\/logo\/image\/\",\"url\":\"https:\/\/static.radiolifefm.com.br\/noticias\/wp-content\/uploads\/2019\/10\/logo-lifefm.png\",\"contentUrl\":\"https:\/\/static.radiolifefm.com.br\/noticias\/wp-content\/uploads\/2019\/10\/logo-lifefm.png\",\"width\":196,\"height\":47,\"caption\":\"R\u00e1dio Life FM\"},\"image\":{\"@id\":\"https:\/\/radiolifefm.com.br\/noticias\/#\/schema\/logo\/image\/\"},\"sameAs\":[\"https:\/\/www.facebook.com\/radiolifefm\/\",\"https:\/\/www.instagram.com\/life1079fm\/\"]},{\"@type\":\"Person\",\"@id\":\"https:\/\/radiolifefm.com.br\/noticias\/#\/schema\/person\/6876e1240feffe6e1b63fd5cb85abf28\",\"name\":\"joaograndao\",\"image\":{\"@type\":\"ImageObject\",\"inLanguage\":\"pt-BR\",\"@id\":\"https:\/\/secure.gravatar.com\/avatar\/d5b1a3cf357ed9c50404e256a1294083aa8ab5d2a994001567302786016cb32c?s=96&d=mm&r=g\",\"url\":\"https:\/\/secure.gravatar.com\/avatar\/d5b1a3cf357ed9c50404e256a1294083aa8ab5d2a994001567302786016cb32c?s=96&d=mm&r=g\",\"contentUrl\":\"https:\/\/secure.gravatar.com\/avatar\/d5b1a3cf357ed9c50404e256a1294083aa8ab5d2a994001567302786016cb32c?s=96&d=mm&r=g\",\"caption\":\"joaograndao\"}}]}<\/script>\n<!-- \/ Yoast SEO plugin. -->","yoast_head_json":{"title":"Endri Cavicchioli Delvechio comemora 5 anos de escrit\u00f3rio de Arquitetura e Design de Interiores em Adamantina - R\u00e1dio Life FM","robots":{"index":"index","follow":"follow","max-snippet":"max-snippet:-1","max-image-preview":"max-image-preview:large","max-video-preview":"max-video-preview:-1"},"canonical":"https:\/\/radiolifefm.com.br\/noticias\/endri-cavicchioli-delvechio-comemora-5-anos-de-escritorio-de-arquitetura-e-design-de-interiores-em-adamantina\/","og_locale":"pt_BR","og_type":"article","og_title":"Endri Cavicchioli Delvechio comemora 5 anos de escrit\u00f3rio de Arquitetura e Design de Interiores em Adamantina - R\u00e1dio Life FM","og_description":"Em meados de 2020, em meio \u00e0 pandemia de Covid-19, quando a crise se instaurava em todo o Brasil, o rec\u00e9m-formado arquiteto Endri lan\u00e7ava, neste mesmo ve\u00edculo de comunica\u00e7\u00e3o e atrav\u00e9s das redes sociais, seu escrit\u00f3rio de arquitetura e design de interiores. Com incentivo de clientes, amigos e familiares, deu in\u00edcio ao sonho de empreender [&hellip;]","og_url":"https:\/\/radiolifefm.com.br\/noticias\/endri-cavicchioli-delvechio-comemora-5-anos-de-escritorio-de-arquitetura-e-design-de-interiores-em-adamantina\/","og_site_name":"R\u00e1dio Life FM","article_publisher":"https:\/\/www.facebook.com\/radiolifefm\/","article_published_time":"2025-07-02T12:51:43+00:00","article_modified_time":"2026-04-13T16:42:01+00:00","og_image":[{"width":1366,"height":768,"url":"https:\/\/radiolifefm.com.br\/noticias\/wp-content\/uploads\/2025\/07\/Capa-Site-1-1.jpg","type":"image\/jpeg"}],"author":"joaograndao","twitter_card":"summary_large_image","twitter_misc":{"Escrito por":"joaograndao","Est. tempo de leitura":"3 minutos"},"schema":{"@context":"https:\/\/schema.org","@graph":[{"@type":"Article","@id":"https:\/\/radiolifefm.com.br\/noticias\/endri-cavicchioli-delvechio-comemora-5-anos-de-escritorio-de-arquitetura-e-design-de-interiores-em-adamantina\/#article","isPartOf":{"@id":"https:\/\/radiolifefm.com.br\/noticias\/endri-cavicchioli-delvechio-comemora-5-anos-de-escritorio-de-arquitetura-e-design-de-interiores-em-adamantina\/"},"author":{"name":"joaograndao","@id":"https:\/\/radiolifefm.com.br\/noticias\/#\/schema\/person\/6876e1240feffe6e1b63fd5cb85abf28"},"headline":"Endri Cavicchioli Delvechio comemora 5 anos de escrit\u00f3rio de Arquitetura e Design de Interiores em Adamantina","datePublished":"2025-07-02T12:51:43+00:00","dateModified":"2026-04-13T16:42:01+00:00","mainEntityOfPage":{"@id":"https:\/\/radiolifefm.com.br\/noticias\/endri-cavicchioli-delvechio-comemora-5-anos-de-escritorio-de-arquitetura-e-design-de-interiores-em-adamantina\/"},"wordCount":397,"publisher":{"@id":"https:\/\/radiolifefm.com.br\/noticias\/#organization"},"image":{"@id":"https:\/\/radiolifefm.com.br\/noticias\/endri-cavicchioli-delvechio-comemora-5-anos-de-escritorio-de-arquitetura-e-design-de-interiores-em-adamantina\/#primaryimage"},"thumbnailUrl":"https:\/\/radiolifefm.com.br\/noticias\/wp-content\/uploads\/2025\/07\/Capa-Site-1-1.jpg","articleSection":["Geral"],"inLanguage":"pt-BR"},{"@type":"WebPage","@id":"https:\/\/radiolifefm.com.br\/noticias\/endri-cavicchioli-delvechio-comemora-5-anos-de-escritorio-de-arquitetura-e-design-de-interiores-em-adamantina\/","url":"https:\/\/radiolifefm.com.br\/noticias\/endri-cavicchioli-delvechio-comemora-5-anos-de-escritorio-de-arquitetura-e-design-de-interiores-em-adamantina\/","name":"Endri Cavicchioli Delvechio comemora 5 anos de escrit\u00f3rio de Arquitetura e Design de Interiores em Adamantina - R\u00e1dio Life FM","isPartOf":{"@id":"https:\/\/radiolifefm.com.br\/noticias\/#website"},"primaryImageOfPage":{"@id":"https:\/\/radiolifefm.com.br\/noticias\/endri-cavicchioli-delvechio-comemora-5-anos-de-escritorio-de-arquitetura-e-design-de-interiores-em-adamantina\/#primaryimage"},"image":{"@id":"https:\/\/radiolifefm.com.br\/noticias\/endri-cavicchioli-delvechio-comemora-5-anos-de-escritorio-de-arquitetura-e-design-de-interiores-em-adamantina\/#primaryimage"},"thumbnailUrl":"https:\/\/radiolifefm.com.br\/noticias\/wp-content\/uploads\/2025\/07\/Capa-Site-1-1.jpg","datePublished":"2025-07-02T12:51:43+00:00","dateModified":"2026-04-13T16:42:01+00:00","breadcrumb":{"@id":"https:\/\/radiolifefm.com.br\/noticias\/endri-cavicchioli-delvechio-comemora-5-anos-de-escritorio-de-arquitetura-e-design-de-interiores-em-adamantina\/#breadcrumb"},"inLanguage":"pt-BR","potentialAction":[{"@type":"ReadAction","target":["https:\/\/radiolifefm.com.br\/noticias\/endri-cavicchioli-delvechio-comemora-5-anos-de-escritorio-de-arquitetura-e-design-de-interiores-em-adamantina\/"]}]},{"@type":"ImageObject","inLanguage":"pt-BR","@id":"https:\/\/radiolifefm.com.br\/noticias\/endri-cavicchioli-delvechio-comemora-5-anos-de-escritorio-de-arquitetura-e-design-de-interiores-em-adamantina\/#primaryimage","url":"https:\/\/radiolifefm.com.br\/noticias\/wp-content\/uploads\/2025\/07\/Capa-Site-1-1.jpg","contentUrl":"https:\/\/radiolifefm.com.br\/noticias\/wp-content\/uploads\/2025\/07\/Capa-Site-1-1.jpg","width":1366,"height":768},{"@type":"BreadcrumbList","@id":"https:\/\/radiolifefm.com.br\/noticias\/endri-cavicchioli-delvechio-comemora-5-anos-de-escritorio-de-arquitetura-e-design-de-interiores-em-adamantina\/#breadcrumb","itemListElement":[{"@type":"ListItem","position":1,"name":"In\u00edcio","item":"https:\/\/radiolifefm.com.br\/noticias\/"},{"@type":"ListItem","position":2,"name":"Endri Cavicchioli Delvechio comemora 5 anos de escrit\u00f3rio de Arquitetura e Design de Interiores em Adamantina"}]},{"@type":"WebSite","@id":"https:\/\/radiolifefm.com.br\/noticias\/#website","url":"https:\/\/radiolifefm.com.br\/noticias\/","name":"R\u00e1dio Life FM","description":"O Portal de Not\u00edcias de Adamantina","publisher":{"@id":"https:\/\/radiolifefm.com.br\/noticias\/#organization"},"alternateName":"Life FM","potentialAction":[{"@type":"SearchAction","target":{"@type":"EntryPoint","urlTemplate":"https:\/\/radiolifefm.com.br\/noticias\/?s={search_term_string}"},"query-input":{"@type":"PropertyValueSpecification","valueRequired":true,"valueName":"search_term_string"}}],"inLanguage":"pt-BR"},{"@type":"Organization","@id":"https:\/\/radiolifefm.com.br\/noticias\/#organization","name":"R\u00e1dio Life FM","alternateName":"Life FM","url":"https:\/\/radiolifefm.com.br\/noticias\/","logo":{"@type":"ImageObject","inLanguage":"pt-BR","@id":"https:\/\/radiolifefm.com.br\/noticias\/#\/schema\/logo\/image\/","url":"https:\/\/static.radiolifefm.com.br\/noticias\/wp-content\/uploads\/2019\/10\/logo-lifefm.png","contentUrl":"https:\/\/static.radiolifefm.com.br\/noticias\/wp-content\/uploads\/2019\/10\/logo-lifefm.png","width":196,"height":47,"caption":"R\u00e1dio Life FM"},"image":{"@id":"https:\/\/radiolifefm.com.br\/noticias\/#\/schema\/logo\/image\/"},"sameAs":["https:\/\/www.facebook.com\/radiolifefm\/","https:\/\/www.instagram.com\/life1079fm\/"]},{"@type":"Person","@id":"https:\/\/radiolifefm.com.br\/noticias\/#\/schema\/person\/6876e1240feffe6e1b63fd5cb85abf28","name":"joaograndao","image":{"@type":"ImageObject","inLanguage":"pt-BR","@id":"https:\/\/secure.gravatar.com\/avatar\/d5b1a3cf357ed9c50404e256a1294083aa8ab5d2a994001567302786016cb32c?s=96&d=mm&r=g","url":"https:\/\/secure.gravatar.com\/avatar\/d5b1a3cf357ed9c50404e256a1294083aa8ab5d2a994001567302786016cb32c?s=96&d=mm&r=g","contentUrl":"https:\/\/secure.gravatar.com\/avatar\/d5b1a3cf357ed9c50404e256a1294083aa8ab5d2a994001567302786016cb32c?s=96&d=mm&r=g","caption":"joaograndao"}}]}},"amp_enabled":true,"_links":{"self":[{"href":"https:\/\/radiolifefm.com.br\/noticias\/wp-json\/wp\/v2\/posts\/102588","targetHints":{"allow":["GET"]}}],"collection":[{"href":"https:\/\/radiolifefm.com.br\/noticias\/wp-json\/wp\/v2\/posts"}],"about":[{"href":"https:\/\/radiolifefm.com.br\/noticias\/wp-json\/wp\/v2\/types\/post"}],"author":[{"embeddable":true,"href":"https:\/\/radiolifefm.com.br\/noticias\/wp-json\/wp\/v2\/users\/8"}],"replies":[{"embeddable":true,"href":"https:\/\/radiolifefm.com.br\/noticias\/wp-json\/wp\/v2\/comments?post=102588"}],"version-history":[{"count":2,"href":"https:\/\/radiolifefm.com.br\/noticias\/wp-json\/wp\/v2\/posts\/102588\/revisions"}],"predecessor-version":[{"id":102592,"href":"https:\/\/radiolifefm.com.br\/noticias\/wp-json\/wp\/v2\/posts\/102588\/revisions\/102592"}],"wp:featuredmedia":[{"embeddable":true,"href":"https:\/\/radiolifefm.com.br\/noticias\/wp-json\/wp\/v2\/media\/102589"}],"wp:attachment":[{"href":"https:\/\/radiolifefm.com.br\/noticias\/wp-json\/wp\/v2\/media?parent=102588"}],"wp:term":[{"taxonomy":"category","embeddable":true,"href":"https:\/\/radiolifefm.com.br\/noticias\/wp-json\/wp\/v2\/categories?post=102588"},{"taxonomy":"post_tag","embeddable":true,"href":"https:\/\/radiolifefm.com.br\/noticias\/wp-json\/wp\/v2\/tags?post=102588"}],"curies":[{"name":"wp","href":"https:\/\/api.w.org\/{rel}","templated":true}]}}