{"id":102508,"date":"2025-06-30T15:07:33","date_gmt":"2025-06-30T18:07:33","guid":{"rendered":"https:\/\/radiolifefm.com.br\/noticias\/?p=102508"},"modified":"2026-04-27T17:54:24","modified_gmt":"2026-04-27T20:54:24","slug":"reinauguracao-do-horto-florestal-fortalece-turismo-sustentavel-e-educacao-ambiental-em-adamantina","status":"publish","type":"post","link":"https:\/\/radiolifefm.com.br\/noticias\/reinauguracao-do-horto-florestal-fortalece-turismo-sustentavel-e-educacao-ambiental-em-adamantina\/","title":{"rendered":"Reinaugura\u00e7\u00e3o do Horto Florestal fortalece turismo sustent\u00e1vel e educa\u00e7\u00e3o ambiental em Adamantina"},"content":{"rendered":"<div id=\"fb-root\"><\/div>\n<p>Na manh\u00e3 desta segunda-feira, 30 de junho, Adamantina celebrou a reinaugura\u00e7\u00e3o do Centro de Educa\u00e7\u00e3o Ambiental \u2014 popularmente conhecido como Horto Florestal \u2014, um espa\u00e7o que ressurge como polo de aprendizado, lazer e turismo ecol\u00f3gico para toda a comunidade.<\/p>\n<div class='flex flex-wrap items-center -mx-1'>\r\n<a class='thumbnail gallery p-1 w-1\/2 md:w-1\/4' href='https:\/\/radiolifefm.com.br\/noticias\/wp-content\/uploads\/2025\/06\/WhatsApp-Image-2025-06-30-at-12.12.08-2.jpeg'><img class='border border-white' src='https:\/\/radiolifefm.com.br\/noticias\/wp-content\/uploads\/2025\/06\/WhatsApp-Image-2025-06-30-at-12.12.08-2-200x200.jpeg' alt='WhatsApp Image 2025 06 30 At 12.12.08 (2)' \/><\/a><a class='thumbnail gallery p-1 w-1\/2 md:w-1\/4' href='https:\/\/radiolifefm.com.br\/noticias\/wp-content\/uploads\/2025\/06\/WhatsApp-Image-2025-06-30-at-12.12.09-1.jpeg'><img class='border border-white' src='https:\/\/radiolifefm.com.br\/noticias\/wp-content\/uploads\/2025\/06\/WhatsApp-Image-2025-06-30-at-12.12.09-1-200x200.jpeg' alt='WhatsApp Image 2025 06 30 At 12.12.09 (1)' \/><\/a><a class='thumbnail gallery p-1 w-1\/2 md:w-1\/4' href='https:\/\/radiolifefm.com.br\/noticias\/wp-content\/uploads\/2025\/06\/WhatsApp-Image-2025-06-30-at-12.12.09-2.jpeg'><img class='border border-white' src='https:\/\/radiolifefm.com.br\/noticias\/wp-content\/uploads\/2025\/06\/WhatsApp-Image-2025-06-30-at-12.12.09-2-200x200.jpeg' alt='WhatsApp Image 2025 06 30 At 12.12.09 (2)' \/><\/a><\/div>\n<p>&nbsp;<\/p>\n<p>Com uma hist\u00f3ria que remonta a 2011, o horto foi idealizado e constru\u00eddo com apoio essencial do Rotary Clube local durante a gest\u00e3o do ent\u00e3o prefeito Kiko Michelone. O envolvimento do Rotary, cujos princ\u00edpios incluem o cuidado com o meio ambiente e o desenvolvimento sustent\u00e1vel, permanece como exemplo de parceria que transforma realidades.<\/p>\n<div class='flex flex-wrap items-center -mx-1'>\r\n<a class='thumbnail gallery p-1 w-1\/2 md:w-1\/4' href='https:\/\/radiolifefm.com.br\/noticias\/wp-content\/uploads\/2025\/06\/WhatsApp-Image-2025-06-30-at-12.12.08-1.jpeg'><img class='border border-white' src='https:\/\/radiolifefm.com.br\/noticias\/wp-content\/uploads\/2025\/06\/WhatsApp-Image-2025-06-30-at-12.12.08-1-200x200.jpeg' alt='WhatsApp Image 2025 06 30 At 12.12.08 (1)' \/><\/a><a class='thumbnail gallery p-1 w-1\/2 md:w-1\/4' href='https:\/\/radiolifefm.com.br\/noticias\/wp-content\/uploads\/2025\/06\/WhatsApp-Image-2025-06-30-at-12.12.08.jpeg'><img class='border border-white' src='https:\/\/radiolifefm.com.br\/noticias\/wp-content\/uploads\/2025\/06\/WhatsApp-Image-2025-06-30-at-12.12.08-200x200.jpeg' alt='WhatsApp Image 2025 06 30 At 12.12.08' \/><\/a><a class='thumbnail gallery p-1 w-1\/2 md:w-1\/4' href='https:\/\/radiolifefm.com.br\/noticias\/wp-content\/uploads\/2025\/06\/WhatsApp-Image-2025-06-30-at-12.12.07-2.jpeg'><img class='border border-white' src='https:\/\/radiolifefm.com.br\/noticias\/wp-content\/uploads\/2025\/06\/WhatsApp-Image-2025-06-30-at-12.12.07-2-200x200.jpeg' alt='WhatsApp Image 2025 06 30 At 12.12.07 (2)' \/><\/a><\/div>\n<p>Com o novo impulso dado pela atual administra\u00e7\u00e3o do prefeito Tiveron, o local ser\u00e1 aberto ao p\u00fablico aos domingos, com atividades conduzidas pelos Grupos Desbravadores, coordenados por Keler, durante as manh\u00e3s. \u00c0 tarde, o horto permanecer\u00e1 acess\u00edvel para visita\u00e7\u00f5es espont\u00e2neas. \u201c\u00c9 um espa\u00e7o ideal para palestras, atividades voltadas ao mundo rural, reuni\u00f5es e piqueniques. Queremos que a popula\u00e7\u00e3o interaja, conhe\u00e7a e aproveite o que temos de mais rico em natureza e aprendizado\u201d, destacou o secret\u00e1rio de Agricultura e Meio Ambiente, Luis Henrique Fernandes.<\/p>\n<div class='flex flex-wrap items-center -mx-1'>\r\n<a class='thumbnail gallery p-1 w-1\/2 md:w-1\/4' href='https:\/\/radiolifefm.com.br\/noticias\/wp-content\/uploads\/2025\/06\/WhatsApp-Image-2025-06-30-at-12.12.07-1.jpeg'><img class='border border-white' src='https:\/\/radiolifefm.com.br\/noticias\/wp-content\/uploads\/2025\/06\/WhatsApp-Image-2025-06-30-at-12.12.07-1-200x200.jpeg' alt='WhatsApp Image 2025 06 30 At 12.12.07 (1)' \/><\/a><a class='thumbnail gallery p-1 w-1\/2 md:w-1\/4' href='https:\/\/radiolifefm.com.br\/noticias\/wp-content\/uploads\/2025\/06\/WhatsApp-Image-2025-06-30-at-12.12.06-2.jpeg'><img class='border border-white' src='https:\/\/radiolifefm.com.br\/noticias\/wp-content\/uploads\/2025\/06\/WhatsApp-Image-2025-06-30-at-12.12.06-2-200x200.jpeg' alt='WhatsApp Image 2025 06 30 At 12.12.06 (2)' \/><\/a><a class='thumbnail gallery p-1 w-1\/2 md:w-1\/4' href='https:\/\/radiolifefm.com.br\/noticias\/wp-content\/uploads\/2025\/06\/WhatsApp-Image-2025-06-30-at-12.12.07.jpeg'><img class='border border-white' src='https:\/\/radiolifefm.com.br\/noticias\/wp-content\/uploads\/2025\/06\/WhatsApp-Image-2025-06-30-at-12.12.07-200x200.jpeg' alt='WhatsApp Image 2025 06 30 At 12.12.07' \/><\/a><\/div>\n<p>O Horto Florestal contar\u00e1 com tr\u00eas trilhas ecol\u00f3gicas, atualmente em fase de planejamento, que dever\u00e3o ser estruturadas em breve, oferecendo aos visitantes uma imers\u00e3o educativa e sensorial na fauna e flora da regi\u00e3o. A estrutura refor\u00e7a o compromisso do munic\u00edpio com a educa\u00e7\u00e3o ambiental, ao mesmo tempo em que potencializa sua voca\u00e7\u00e3o tur\u00edstica.<\/p>\n<div class='flex flex-wrap items-center -mx-1'>\r\n<a class='thumbnail gallery p-1 w-1\/2 md:w-1\/4' href='https:\/\/radiolifefm.com.br\/noticias\/wp-content\/uploads\/2025\/06\/WhatsApp-Image-2025-06-30-at-12.12.06.jpeg'><img class='border border-white' src='https:\/\/radiolifefm.com.br\/noticias\/wp-content\/uploads\/2025\/06\/WhatsApp-Image-2025-06-30-at-12.12.06-200x200.jpeg' alt='WhatsApp Image 2025 06 30 At 12.12.06' \/><\/a><a class='thumbnail gallery p-1 w-1\/2 md:w-1\/4' href='https:\/\/radiolifefm.com.br\/noticias\/wp-content\/uploads\/2025\/06\/WhatsApp-Image-2025-06-30-at-12.12.05-2.jpeg'><img class='border border-white' src='https:\/\/radiolifefm.com.br\/noticias\/wp-content\/uploads\/2025\/06\/WhatsApp-Image-2025-06-30-at-12.12.05-2-200x200.jpeg' alt='WhatsApp Image 2025 06 30 At 12.12.05 (2)' \/><\/a><a class='thumbnail gallery p-1 w-1\/2 md:w-1\/4' href='https:\/\/radiolifefm.com.br\/noticias\/wp-content\/uploads\/2025\/06\/WhatsApp-Image-2025-06-30-at-12.12.05.jpeg'><img class='border border-white' src='https:\/\/radiolifefm.com.br\/noticias\/wp-content\/uploads\/2025\/06\/WhatsApp-Image-2025-06-30-at-12.12.05-200x200.jpeg' alt='WhatsApp Image 2025 06 30 At 12.12.05' \/><\/a><\/div>\n<p>Por ser considerado Munic\u00edpio de Interesse Tur\u00edstico (MIT), Adamantina ganha ainda mais relev\u00e2ncia com a reativa\u00e7\u00e3o do horto. O equipamento torna-se um diferencial competitivo e estrat\u00e9gico para manter o t\u00edtulo, gerando benef\u00edcios econ\u00f4micos, ambientais e sociais para a cidade.<\/p>\n<div class='flex flex-wrap items-center -mx-1'>\r\n<a class='thumbnail gallery p-1 w-1\/2 md:w-1\/4' href='https:\/\/radiolifefm.com.br\/noticias\/wp-content\/uploads\/2025\/06\/WhatsApp-Image-2025-06-30-at-12.12.04.jpeg'><img class='border border-white' src='https:\/\/radiolifefm.com.br\/noticias\/wp-content\/uploads\/2025\/06\/WhatsApp-Image-2025-06-30-at-12.12.04-200x200.jpeg' alt='WhatsApp Image 2025 06 30 At 12.12.04' \/><\/a><a class='thumbnail gallery p-1 w-1\/2 md:w-1\/4' href='https:\/\/radiolifefm.com.br\/noticias\/wp-content\/uploads\/2025\/06\/WhatsApp-Image-2025-06-30-at-12.12.04-1.jpeg'><img class='border border-white' src='https:\/\/radiolifefm.com.br\/noticias\/wp-content\/uploads\/2025\/06\/WhatsApp-Image-2025-06-30-at-12.12.04-1-200x200.jpeg' alt='WhatsApp Image 2025 06 30 At 12.12.04 (1)' \/><\/a><a class='thumbnail gallery p-1 w-1\/2 md:w-1\/4' href='https:\/\/radiolifefm.com.br\/noticias\/wp-content\/uploads\/2025\/06\/WhatsApp-Image-2025-06-30-at-12.12.05-3.jpeg'><img class='border border-white' src='https:\/\/radiolifefm.com.br\/noticias\/wp-content\/uploads\/2025\/06\/WhatsApp-Image-2025-06-30-at-12.12.05-3-200x200.jpeg' alt='WhatsApp Image 2025 06 30 At 12.12.05 (3)' \/><\/a><\/div>\n<p>A reinaugura\u00e7\u00e3o do Horto Florestal \u00e9, portanto, mais do que uma a\u00e7\u00e3o simb\u00f3lica \u2014 representa a valoriza\u00e7\u00e3o da natureza, da educa\u00e7\u00e3o e do envolvimento comunit\u00e1rio como pilares para um futuro sustent\u00e1vel e mais consciente.<\/p>\n","protected":false},"excerpt":{"rendered":"<p>Na manh\u00e3 desta segunda-feira, 30 de junho, Adamantina celebrou a reinaugura\u00e7\u00e3o do Centro de Educa\u00e7\u00e3o Ambiental \u2014 popularmente conhecido como Horto Florestal \u2014, um espa\u00e7o que ressurge como polo de aprendizado, lazer e turismo ecol\u00f3gico para toda a comunidade. &nbsp; Com uma hist\u00f3ria que remonta a 2011, o horto foi idealizado e constru\u00eddo com apoio [&hellip;]<\/p>\n","protected":false},"author":8,"featured_media":102514,"comment_status":"closed","ping_status":"open","sticky":false,"template":"","format":"standard","meta":{"_acf_changed":false,"_exactmetrics_skip_tracking":false,"_exactmetrics_sitenote_active":false,"_exactmetrics_sitenote_note":"","_exactmetrics_sitenote_category":0,"footnotes":""},"categories":[1],"tags":[],"class_list":["post-102508","post","type-post","status-publish","format-standard","has-post-thumbnail","hentry","category-geral"],"acf":[],"yoast_head":"<!-- This site is optimized with the Yoast SEO plugin v27.2 - https:\/\/yoast.com\/product\/yoast-seo-wordpress\/ -->\n<title>Reinaugura\u00e7\u00e3o do Horto Florestal fortalece turismo sustent\u00e1vel e educa\u00e7\u00e3o ambiental em Adamantina - R\u00e1dio Life FM<\/title>\n<meta name=\"robots\" content=\"index, follow, max-snippet:-1, max-image-preview:large, max-video-preview:-1\" \/>\n<link rel=\"canonical\" href=\"https:\/\/radiolifefm.com.br\/noticias\/reinauguracao-do-horto-florestal-fortalece-turismo-sustentavel-e-educacao-ambiental-em-adamantina\/\" \/>\n<meta property=\"og:locale\" content=\"pt_BR\" \/>\n<meta property=\"og:type\" content=\"article\" \/>\n<meta property=\"og:title\" content=\"Reinaugura\u00e7\u00e3o do Horto Florestal fortalece turismo sustent\u00e1vel e educa\u00e7\u00e3o ambiental em Adamantina - R\u00e1dio Life FM\" \/>\n<meta property=\"og:description\" content=\"Na manh\u00e3 desta segunda-feira, 30 de junho, Adamantina celebrou a reinaugura\u00e7\u00e3o do Centro de Educa\u00e7\u00e3o Ambiental \u2014 popularmente conhecido como Horto Florestal \u2014, um espa\u00e7o que ressurge como polo de aprendizado, lazer e turismo ecol\u00f3gico para toda a comunidade. &nbsp; Com uma hist\u00f3ria que remonta a 2011, o horto foi idealizado e constru\u00eddo com apoio [&hellip;]\" \/>\n<meta property=\"og:url\" content=\"https:\/\/radiolifefm.com.br\/noticias\/reinauguracao-do-horto-florestal-fortalece-turismo-sustentavel-e-educacao-ambiental-em-adamantina\/\" \/>\n<meta property=\"og:site_name\" content=\"R\u00e1dio Life FM\" \/>\n<meta property=\"article:publisher\" content=\"https:\/\/www.facebook.com\/radiolifefm\/\" \/>\n<meta property=\"article:published_time\" content=\"2025-06-30T18:07:33+00:00\" \/>\n<meta property=\"article:modified_time\" content=\"2026-04-27T20:54:24+00:00\" \/>\n<meta property=\"og:image\" content=\"https:\/\/radiolifefm.com.br\/noticias\/wp-content\/uploads\/2025\/06\/WhatsApp-Image-2025-06-30-at-12.12.08-1.jpeg\" \/>\n\t<meta property=\"og:image:width\" content=\"1200\" \/>\n\t<meta property=\"og:image:height\" content=\"1600\" \/>\n\t<meta property=\"og:image:type\" content=\"image\/jpeg\" \/>\n<meta name=\"author\" content=\"joaograndao\" \/>\n<meta name=\"twitter:card\" content=\"summary_large_image\" \/>\n<meta name=\"twitter:label1\" content=\"Escrito por\" \/>\n\t<meta name=\"twitter:data1\" content=\"joaograndao\" \/>\n\t<meta name=\"twitter:label2\" content=\"Est. tempo de leitura\" \/>\n\t<meta name=\"twitter:data2\" content=\"2 minutos\" \/>\n<script type=\"application\/ld+json\" class=\"yoast-schema-graph\">{\"@context\":\"https:\/\/schema.org\",\"@graph\":[{\"@type\":\"Article\",\"@id\":\"https:\/\/radiolifefm.com.br\/noticias\/reinauguracao-do-horto-florestal-fortalece-turismo-sustentavel-e-educacao-ambiental-em-adamantina\/#article\",\"isPartOf\":{\"@id\":\"https:\/\/radiolifefm.com.br\/noticias\/reinauguracao-do-horto-florestal-fortalece-turismo-sustentavel-e-educacao-ambiental-em-adamantina\/\"},\"author\":{\"name\":\"joaograndao\",\"@id\":\"https:\/\/radiolifefm.com.br\/noticias\/#\/schema\/person\/6876e1240feffe6e1b63fd5cb85abf28\"},\"headline\":\"Reinaugura\u00e7\u00e3o do Horto Florestal fortalece turismo sustent\u00e1vel e educa\u00e7\u00e3o ambiental em Adamantina\",\"datePublished\":\"2025-06-30T18:07:33+00:00\",\"dateModified\":\"2026-04-27T20:54:24+00:00\",\"mainEntityOfPage\":{\"@id\":\"https:\/\/radiolifefm.com.br\/noticias\/reinauguracao-do-horto-florestal-fortalece-turismo-sustentavel-e-educacao-ambiental-em-adamantina\/\"},\"wordCount\":365,\"publisher\":{\"@id\":\"https:\/\/radiolifefm.com.br\/noticias\/#organization\"},\"image\":{\"@id\":\"https:\/\/radiolifefm.com.br\/noticias\/reinauguracao-do-horto-florestal-fortalece-turismo-sustentavel-e-educacao-ambiental-em-adamantina\/#primaryimage\"},\"thumbnailUrl\":\"https:\/\/radiolifefm.com.br\/noticias\/wp-content\/uploads\/2025\/06\/WhatsApp-Image-2025-06-30-at-12.12.08-1.jpeg\",\"articleSection\":[\"Geral\"],\"inLanguage\":\"pt-BR\"},{\"@type\":\"WebPage\",\"@id\":\"https:\/\/radiolifefm.com.br\/noticias\/reinauguracao-do-horto-florestal-fortalece-turismo-sustentavel-e-educacao-ambiental-em-adamantina\/\",\"url\":\"https:\/\/radiolifefm.com.br\/noticias\/reinauguracao-do-horto-florestal-fortalece-turismo-sustentavel-e-educacao-ambiental-em-adamantina\/\",\"name\":\"Reinaugura\u00e7\u00e3o do Horto Florestal fortalece turismo sustent\u00e1vel e educa\u00e7\u00e3o ambiental em Adamantina - R\u00e1dio Life FM\",\"isPartOf\":{\"@id\":\"https:\/\/radiolifefm.com.br\/noticias\/#website\"},\"primaryImageOfPage\":{\"@id\":\"https:\/\/radiolifefm.com.br\/noticias\/reinauguracao-do-horto-florestal-fortalece-turismo-sustentavel-e-educacao-ambiental-em-adamantina\/#primaryimage\"},\"image\":{\"@id\":\"https:\/\/radiolifefm.com.br\/noticias\/reinauguracao-do-horto-florestal-fortalece-turismo-sustentavel-e-educacao-ambiental-em-adamantina\/#primaryimage\"},\"thumbnailUrl\":\"https:\/\/radiolifefm.com.br\/noticias\/wp-content\/uploads\/2025\/06\/WhatsApp-Image-2025-06-30-at-12.12.08-1.jpeg\",\"datePublished\":\"2025-06-30T18:07:33+00:00\",\"dateModified\":\"2026-04-27T20:54:24+00:00\",\"breadcrumb\":{\"@id\":\"https:\/\/radiolifefm.com.br\/noticias\/reinauguracao-do-horto-florestal-fortalece-turismo-sustentavel-e-educacao-ambiental-em-adamantina\/#breadcrumb\"},\"inLanguage\":\"pt-BR\",\"potentialAction\":[{\"@type\":\"ReadAction\",\"target\":[\"https:\/\/radiolifefm.com.br\/noticias\/reinauguracao-do-horto-florestal-fortalece-turismo-sustentavel-e-educacao-ambiental-em-adamantina\/\"]}]},{\"@type\":\"ImageObject\",\"inLanguage\":\"pt-BR\",\"@id\":\"https:\/\/radiolifefm.com.br\/noticias\/reinauguracao-do-horto-florestal-fortalece-turismo-sustentavel-e-educacao-ambiental-em-adamantina\/#primaryimage\",\"url\":\"https:\/\/radiolifefm.com.br\/noticias\/wp-content\/uploads\/2025\/06\/WhatsApp-Image-2025-06-30-at-12.12.08-1.jpeg\",\"contentUrl\":\"https:\/\/radiolifefm.com.br\/noticias\/wp-content\/uploads\/2025\/06\/WhatsApp-Image-2025-06-30-at-12.12.08-1.jpeg\",\"width\":1200,\"height\":1600},{\"@type\":\"BreadcrumbList\",\"@id\":\"https:\/\/radiolifefm.com.br\/noticias\/reinauguracao-do-horto-florestal-fortalece-turismo-sustentavel-e-educacao-ambiental-em-adamantina\/#breadcrumb\",\"itemListElement\":[{\"@type\":\"ListItem\",\"position\":1,\"name\":\"In\u00edcio\",\"item\":\"https:\/\/radiolifefm.com.br\/noticias\/\"},{\"@type\":\"ListItem\",\"position\":2,\"name\":\"Reinaugura\u00e7\u00e3o do Horto Florestal fortalece turismo sustent\u00e1vel e educa\u00e7\u00e3o ambiental em Adamantina\"}]},{\"@type\":\"WebSite\",\"@id\":\"https:\/\/radiolifefm.com.br\/noticias\/#website\",\"url\":\"https:\/\/radiolifefm.com.br\/noticias\/\",\"name\":\"R\u00e1dio Life FM\",\"description\":\"O Portal de Not\u00edcias de Adamantina\",\"publisher\":{\"@id\":\"https:\/\/radiolifefm.com.br\/noticias\/#organization\"},\"alternateName\":\"Life FM\",\"potentialAction\":[{\"@type\":\"SearchAction\",\"target\":{\"@type\":\"EntryPoint\",\"urlTemplate\":\"https:\/\/radiolifefm.com.br\/noticias\/?s={search_term_string}\"},\"query-input\":{\"@type\":\"PropertyValueSpecification\",\"valueRequired\":true,\"valueName\":\"search_term_string\"}}],\"inLanguage\":\"pt-BR\"},{\"@type\":\"Organization\",\"@id\":\"https:\/\/radiolifefm.com.br\/noticias\/#organization\",\"name\":\"R\u00e1dio Life FM\",\"alternateName\":\"Life FM\",\"url\":\"https:\/\/radiolifefm.com.br\/noticias\/\",\"logo\":{\"@type\":\"ImageObject\",\"inLanguage\":\"pt-BR\",\"@id\":\"https:\/\/radiolifefm.com.br\/noticias\/#\/schema\/logo\/image\/\",\"url\":\"https:\/\/static.radiolifefm.com.br\/noticias\/wp-content\/uploads\/2019\/10\/logo-lifefm.png\",\"contentUrl\":\"https:\/\/static.radiolifefm.com.br\/noticias\/wp-content\/uploads\/2019\/10\/logo-lifefm.png\",\"width\":196,\"height\":47,\"caption\":\"R\u00e1dio Life FM\"},\"image\":{\"@id\":\"https:\/\/radiolifefm.com.br\/noticias\/#\/schema\/logo\/image\/\"},\"sameAs\":[\"https:\/\/www.facebook.com\/radiolifefm\/\",\"https:\/\/www.instagram.com\/life1079fm\/\"]},{\"@type\":\"Person\",\"@id\":\"https:\/\/radiolifefm.com.br\/noticias\/#\/schema\/person\/6876e1240feffe6e1b63fd5cb85abf28\",\"name\":\"joaograndao\",\"image\":{\"@type\":\"ImageObject\",\"inLanguage\":\"pt-BR\",\"@id\":\"https:\/\/secure.gravatar.com\/avatar\/d5b1a3cf357ed9c50404e256a1294083aa8ab5d2a994001567302786016cb32c?s=96&d=mm&r=g\",\"url\":\"https:\/\/secure.gravatar.com\/avatar\/d5b1a3cf357ed9c50404e256a1294083aa8ab5d2a994001567302786016cb32c?s=96&d=mm&r=g\",\"contentUrl\":\"https:\/\/secure.gravatar.com\/avatar\/d5b1a3cf357ed9c50404e256a1294083aa8ab5d2a994001567302786016cb32c?s=96&d=mm&r=g\",\"caption\":\"joaograndao\"}}]}<\/script>\n<!-- \/ Yoast SEO plugin. -->","yoast_head_json":{"title":"Reinaugura\u00e7\u00e3o do Horto Florestal fortalece turismo sustent\u00e1vel e educa\u00e7\u00e3o ambiental em Adamantina - R\u00e1dio Life FM","robots":{"index":"index","follow":"follow","max-snippet":"max-snippet:-1","max-image-preview":"max-image-preview:large","max-video-preview":"max-video-preview:-1"},"canonical":"https:\/\/radiolifefm.com.br\/noticias\/reinauguracao-do-horto-florestal-fortalece-turismo-sustentavel-e-educacao-ambiental-em-adamantina\/","og_locale":"pt_BR","og_type":"article","og_title":"Reinaugura\u00e7\u00e3o do Horto Florestal fortalece turismo sustent\u00e1vel e educa\u00e7\u00e3o ambiental em Adamantina - R\u00e1dio Life FM","og_description":"Na manh\u00e3 desta segunda-feira, 30 de junho, Adamantina celebrou a reinaugura\u00e7\u00e3o do Centro de Educa\u00e7\u00e3o Ambiental \u2014 popularmente conhecido como Horto Florestal \u2014, um espa\u00e7o que ressurge como polo de aprendizado, lazer e turismo ecol\u00f3gico para toda a comunidade. &nbsp; Com uma hist\u00f3ria que remonta a 2011, o horto foi idealizado e constru\u00eddo com apoio [&hellip;]","og_url":"https:\/\/radiolifefm.com.br\/noticias\/reinauguracao-do-horto-florestal-fortalece-turismo-sustentavel-e-educacao-ambiental-em-adamantina\/","og_site_name":"R\u00e1dio Life FM","article_publisher":"https:\/\/www.facebook.com\/radiolifefm\/","article_published_time":"2025-06-30T18:07:33+00:00","article_modified_time":"2026-04-27T20:54:24+00:00","og_image":[{"width":1200,"height":1600,"url":"https:\/\/radiolifefm.com.br\/noticias\/wp-content\/uploads\/2025\/06\/WhatsApp-Image-2025-06-30-at-12.12.08-1.jpeg","type":"image\/jpeg"}],"author":"joaograndao","twitter_card":"summary_large_image","twitter_misc":{"Escrito por":"joaograndao","Est. tempo de leitura":"2 minutos"},"schema":{"@context":"https:\/\/schema.org","@graph":[{"@type":"Article","@id":"https:\/\/radiolifefm.com.br\/noticias\/reinauguracao-do-horto-florestal-fortalece-turismo-sustentavel-e-educacao-ambiental-em-adamantina\/#article","isPartOf":{"@id":"https:\/\/radiolifefm.com.br\/noticias\/reinauguracao-do-horto-florestal-fortalece-turismo-sustentavel-e-educacao-ambiental-em-adamantina\/"},"author":{"name":"joaograndao","@id":"https:\/\/radiolifefm.com.br\/noticias\/#\/schema\/person\/6876e1240feffe6e1b63fd5cb85abf28"},"headline":"Reinaugura\u00e7\u00e3o do Horto Florestal fortalece turismo sustent\u00e1vel e educa\u00e7\u00e3o ambiental em Adamantina","datePublished":"2025-06-30T18:07:33+00:00","dateModified":"2026-04-27T20:54:24+00:00","mainEntityOfPage":{"@id":"https:\/\/radiolifefm.com.br\/noticias\/reinauguracao-do-horto-florestal-fortalece-turismo-sustentavel-e-educacao-ambiental-em-adamantina\/"},"wordCount":365,"publisher":{"@id":"https:\/\/radiolifefm.com.br\/noticias\/#organization"},"image":{"@id":"https:\/\/radiolifefm.com.br\/noticias\/reinauguracao-do-horto-florestal-fortalece-turismo-sustentavel-e-educacao-ambiental-em-adamantina\/#primaryimage"},"thumbnailUrl":"https:\/\/radiolifefm.com.br\/noticias\/wp-content\/uploads\/2025\/06\/WhatsApp-Image-2025-06-30-at-12.12.08-1.jpeg","articleSection":["Geral"],"inLanguage":"pt-BR"},{"@type":"WebPage","@id":"https:\/\/radiolifefm.com.br\/noticias\/reinauguracao-do-horto-florestal-fortalece-turismo-sustentavel-e-educacao-ambiental-em-adamantina\/","url":"https:\/\/radiolifefm.com.br\/noticias\/reinauguracao-do-horto-florestal-fortalece-turismo-sustentavel-e-educacao-ambiental-em-adamantina\/","name":"Reinaugura\u00e7\u00e3o do Horto Florestal fortalece turismo sustent\u00e1vel e educa\u00e7\u00e3o ambiental em Adamantina - R\u00e1dio Life FM","isPartOf":{"@id":"https:\/\/radiolifefm.com.br\/noticias\/#website"},"primaryImageOfPage":{"@id":"https:\/\/radiolifefm.com.br\/noticias\/reinauguracao-do-horto-florestal-fortalece-turismo-sustentavel-e-educacao-ambiental-em-adamantina\/#primaryimage"},"image":{"@id":"https:\/\/radiolifefm.com.br\/noticias\/reinauguracao-do-horto-florestal-fortalece-turismo-sustentavel-e-educacao-ambiental-em-adamantina\/#primaryimage"},"thumbnailUrl":"https:\/\/radiolifefm.com.br\/noticias\/wp-content\/uploads\/2025\/06\/WhatsApp-Image-2025-06-30-at-12.12.08-1.jpeg","datePublished":"2025-06-30T18:07:33+00:00","dateModified":"2026-04-27T20:54:24+00:00","breadcrumb":{"@id":"https:\/\/radiolifefm.com.br\/noticias\/reinauguracao-do-horto-florestal-fortalece-turismo-sustentavel-e-educacao-ambiental-em-adamantina\/#breadcrumb"},"inLanguage":"pt-BR","potentialAction":[{"@type":"ReadAction","target":["https:\/\/radiolifefm.com.br\/noticias\/reinauguracao-do-horto-florestal-fortalece-turismo-sustentavel-e-educacao-ambiental-em-adamantina\/"]}]},{"@type":"ImageObject","inLanguage":"pt-BR","@id":"https:\/\/radiolifefm.com.br\/noticias\/reinauguracao-do-horto-florestal-fortalece-turismo-sustentavel-e-educacao-ambiental-em-adamantina\/#primaryimage","url":"https:\/\/radiolifefm.com.br\/noticias\/wp-content\/uploads\/2025\/06\/WhatsApp-Image-2025-06-30-at-12.12.08-1.jpeg","contentUrl":"https:\/\/radiolifefm.com.br\/noticias\/wp-content\/uploads\/2025\/06\/WhatsApp-Image-2025-06-30-at-12.12.08-1.jpeg","width":1200,"height":1600},{"@type":"BreadcrumbList","@id":"https:\/\/radiolifefm.com.br\/noticias\/reinauguracao-do-horto-florestal-fortalece-turismo-sustentavel-e-educacao-ambiental-em-adamantina\/#breadcrumb","itemListElement":[{"@type":"ListItem","position":1,"name":"In\u00edcio","item":"https:\/\/radiolifefm.com.br\/noticias\/"},{"@type":"ListItem","position":2,"name":"Reinaugura\u00e7\u00e3o do Horto Florestal fortalece turismo sustent\u00e1vel e educa\u00e7\u00e3o ambiental em Adamantina"}]},{"@type":"WebSite","@id":"https:\/\/radiolifefm.com.br\/noticias\/#website","url":"https:\/\/radiolifefm.com.br\/noticias\/","name":"R\u00e1dio Life FM","description":"O Portal de Not\u00edcias de Adamantina","publisher":{"@id":"https:\/\/radiolifefm.com.br\/noticias\/#organization"},"alternateName":"Life FM","potentialAction":[{"@type":"SearchAction","target":{"@type":"EntryPoint","urlTemplate":"https:\/\/radiolifefm.com.br\/noticias\/?s={search_term_string}"},"query-input":{"@type":"PropertyValueSpecification","valueRequired":true,"valueName":"search_term_string"}}],"inLanguage":"pt-BR"},{"@type":"Organization","@id":"https:\/\/radiolifefm.com.br\/noticias\/#organization","name":"R\u00e1dio Life FM","alternateName":"Life FM","url":"https:\/\/radiolifefm.com.br\/noticias\/","logo":{"@type":"ImageObject","inLanguage":"pt-BR","@id":"https:\/\/radiolifefm.com.br\/noticias\/#\/schema\/logo\/image\/","url":"https:\/\/static.radiolifefm.com.br\/noticias\/wp-content\/uploads\/2019\/10\/logo-lifefm.png","contentUrl":"https:\/\/static.radiolifefm.com.br\/noticias\/wp-content\/uploads\/2019\/10\/logo-lifefm.png","width":196,"height":47,"caption":"R\u00e1dio Life FM"},"image":{"@id":"https:\/\/radiolifefm.com.br\/noticias\/#\/schema\/logo\/image\/"},"sameAs":["https:\/\/www.facebook.com\/radiolifefm\/","https:\/\/www.instagram.com\/life1079fm\/"]},{"@type":"Person","@id":"https:\/\/radiolifefm.com.br\/noticias\/#\/schema\/person\/6876e1240feffe6e1b63fd5cb85abf28","name":"joaograndao","image":{"@type":"ImageObject","inLanguage":"pt-BR","@id":"https:\/\/secure.gravatar.com\/avatar\/d5b1a3cf357ed9c50404e256a1294083aa8ab5d2a994001567302786016cb32c?s=96&d=mm&r=g","url":"https:\/\/secure.gravatar.com\/avatar\/d5b1a3cf357ed9c50404e256a1294083aa8ab5d2a994001567302786016cb32c?s=96&d=mm&r=g","contentUrl":"https:\/\/secure.gravatar.com\/avatar\/d5b1a3cf357ed9c50404e256a1294083aa8ab5d2a994001567302786016cb32c?s=96&d=mm&r=g","caption":"joaograndao"}}]}},"amp_enabled":true,"_links":{"self":[{"href":"https:\/\/radiolifefm.com.br\/noticias\/wp-json\/wp\/v2\/posts\/102508","targetHints":{"allow":["GET"]}}],"collection":[{"href":"https:\/\/radiolifefm.com.br\/noticias\/wp-json\/wp\/v2\/posts"}],"about":[{"href":"https:\/\/radiolifefm.com.br\/noticias\/wp-json\/wp\/v2\/types\/post"}],"author":[{"embeddable":true,"href":"https:\/\/radiolifefm.com.br\/noticias\/wp-json\/wp\/v2\/users\/8"}],"replies":[{"embeddable":true,"href":"https:\/\/radiolifefm.com.br\/noticias\/wp-json\/wp\/v2\/comments?post=102508"}],"version-history":[{"count":2,"href":"https:\/\/radiolifefm.com.br\/noticias\/wp-json\/wp\/v2\/posts\/102508\/revisions"}],"predecessor-version":[{"id":102530,"href":"https:\/\/radiolifefm.com.br\/noticias\/wp-json\/wp\/v2\/posts\/102508\/revisions\/102530"}],"wp:featuredmedia":[{"embeddable":true,"href":"https:\/\/radiolifefm.com.br\/noticias\/wp-json\/wp\/v2\/media\/102514"}],"wp:attachment":[{"href":"https:\/\/radiolifefm.com.br\/noticias\/wp-json\/wp\/v2\/media?parent=102508"}],"wp:term":[{"taxonomy":"category","embeddable":true,"href":"https:\/\/radiolifefm.com.br\/noticias\/wp-json\/wp\/v2\/categories?post=102508"},{"taxonomy":"post_tag","embeddable":true,"href":"https:\/\/radiolifefm.com.br\/noticias\/wp-json\/wp\/v2\/tags?post=102508"}],"curies":[{"name":"wp","href":"https:\/\/api.w.org\/{rel}","templated":true}]}}