{"id":102449,"date":"2025-06-30T07:00:22","date_gmt":"2025-06-30T10:00:22","guid":{"rendered":"https:\/\/radiolifefm.com.br\/noticias\/?p=102449"},"modified":"2026-03-21T15:21:39","modified_gmt":"2026-03-21T18:21:39","slug":"provincia-e-desencontros-deste-e-do-outro-lado","status":"publish","type":"post","link":"https:\/\/radiolifefm.com.br\/noticias\/provincia-e-desencontros-deste-e-do-outro-lado\/","title":{"rendered":"Prov\u00edncia e desencontros deste e do outro lado&#8230;"},"content":{"rendered":"<div id=\"fb-root\"><\/div>\n<p><strong>\u201cIsto deve ser obra da esquerda comunista, marronzista e badernenta.\u201d (<\/strong><a href=\"https:\/\/www.pensador.com\/autor\/odorico_paraguacu\/\"><strong>Odorico Paragua\u00e7u<\/strong><\/a><strong>)<\/strong><\/p>\n<p><strong>\u00a0<\/strong><\/p>\n<p><strong>&#8220;Quem nunca amarrou o cadar\u00e7o do Kichute na canela?&#8221;, e &#8220;De uma pobreza vertical e, atrevamo-nos a prognosticar, consciente!&#8221;.\u00a0(Beato Salu in ROQUE SANTEIRO)<\/strong><\/p>\n<p>&nbsp;<\/p>\n<p><strong>By seb@r.<\/strong><\/p>\n<p>Pra n\u00e3o esquecer e refor\u00e7ar, a saber: ESTE TEXTO \u00c9 FICCIONAL, PORTANTO, QUALQUER IDENTIFICA\u00c7\u00c3O COM A REALIDADE PROVINCIANA, DEVE SER CONSIDERADO COMO UMA MERA COINCID\u00caNCIA e ponto quase final, ainda, entre os OCASOS de um TALVEZ&#8230;<\/p>\n<p>Agora, vamos que vamos neste TEMPO NOVO TEMPO nesta PROV\u00cdNCIA DO FAZ DE CONTA com seus PERSONAGENS que seguem aquele PADR\u00c3O das famosas NOVELAS, entre as quais, O BEM AMADO e ROQUE SANTEIRO&#8230;<\/p>\n<p>Entretanto, s\u00f3 vai saber disto e mais aquilo, quem acompanhou tais NOVELAS que a TELINHA (TV) apresentou faz d\u00e9cadas, por\u00e9m, sempre \u00e9 TEMPO para muitas aproxima\u00e7\u00f5es com a FIC\u00c7\u00c3O&#8230;<\/p>\n<p>Entretanto, sempre existem, aquelas PESSOAS que se colocam neste ou naquele PERSONAGEM registrado aqui, desta forma, o que se pode registrar \u00e9 aquele dito popular que diz: SE A CARAPU\u00c7A SERVIR, nada se pode fazer quanto ao caso em pauta&#8230;<\/p>\n<p>Al\u00e9m do mais em meio ao tudo de menos, vale registrar aquele dito popular, a saber: SE VOC\u00ca PENSAVA QUE TAVA RUIM, PODE TER CERTEZA QUE VAI PIORAR, ainda, nesta PROV\u00cdNCIA DO FAZ DE CONTA, tudo \u00e9 poss\u00edvel, at\u00e9 mesmo o IMPOSS\u00cdVEL&#8230;<\/p>\n<p>As ditas PROMESSAS DE CAMPANHA ficaram pra tr\u00e1s, assim, a tal da AUDITORIA n\u00e3o vai acontecer, ainda, em nenhum dos lados deste mesmo lado, haja vista que tudo caminha para a MESMICE DE SEMPRE&#8230;<\/p>\n<p>Tamb\u00e9m, com tantas MENTES MED\u00cdOCRES travestidas de PATRIOT\u00c1RIOS\/AS, tamb\u00e9m, conhecidos como MALUCOS\/AS, por\u00e9m, CADA QUAL COM SUAS ESCOLHAS em terras PROVINCIANAS&#8230;<\/p>\n<p>Nos lados das PAREDES CINZAS, pode ser que isto ou aquilo aconte\u00e7a quanto a famosa DAN\u00c7A DAS CADEIRAS em cargos de COMISS\u00c3O ou CONFIAN\u00c7A, mesmo assim, fica sempre aquela m\u00e1xima nestes casos, ou seja, MUDAM AS MOSCAS, MAS A M&#8230; \u00c9 SEMPRE A MESMA&#8230;<\/p>\n<p>Nada pode ser para sempre, disse o POETA do outro tempo deste tempo, todavia, se continuar do jeito que est\u00e1 nos dois lados, acredito que isso vai se transformar em alguma COISA que pode ser do COISO&#8230;<\/p>\n<p>A denominada M\u00cdDIA em n\u00edvel REGIOCAL, ou seja, do REGIONAL para o LOCAL, continua PATINANDO no SENSO COMUM, tendo em vista as eternas TROCAS NADA SIMB\u00d3LICAS em nome do PODER pelo PODER em busca do PODER&#8230;<\/p>\n<p>Pra fechar o texto, refor\u00e7ando que \u00e9 tudo \u00e9 uma FIC\u00c7\u00c3O na \u00f3tima PROVINCIANA, haja visto que os dias, semanas, meses e anos, correm de um jeito mais do que INESPERADO para todos os lados deste mesmo lado, mesmo assim, faz-se necess\u00e1rio estar em ESTADO DE ALERTA, ainda mais com aquela turma da DIREIRA VOLVER&#8230;<\/p>\n<p>Pra n\u00e3o esquecerem, PERDERAM MAN\u00c9S!<\/p>\n<p>QUEM SOBREVIVER VAI SABER&#8230;<\/p>\n<p>&nbsp;<\/p>\n<p><strong>e-mail: <\/strong><a href=\"mailto:barbosa.sebar@gmail.com\"><strong>barbosa.sebar@gmail.com<\/strong><\/a><\/p>\n","protected":false},"excerpt":{"rendered":"<p>\u201cIsto deve ser obra da esquerda comunista, marronzista e badernenta.\u201d (Odorico Paragua\u00e7u) \u00a0 &#8220;Quem nunca amarrou o cadar\u00e7o do Kichute na canela?&#8221;, e &#8220;De uma pobreza vertical e, atrevamo-nos a prognosticar, consciente!&#8221;.\u00a0(Beato Salu in ROQUE SANTEIRO) &nbsp; By seb@r. Pra n\u00e3o esquecer e refor\u00e7ar, a saber: ESTE TEXTO \u00c9 FICCIONAL, PORTANTO, QUALQUER IDENTIFICA\u00c7\u00c3O COM A [&hellip;]<\/p>\n","protected":false},"author":13,"featured_media":51988,"comment_status":"closed","ping_status":"open","sticky":false,"template":"","format":"standard","meta":{"_acf_changed":false,"_exactmetrics_skip_tracking":false,"_exactmetrics_sitenote_active":false,"_exactmetrics_sitenote_note":"","_exactmetrics_sitenote_category":0,"footnotes":""},"categories":[59],"tags":[],"class_list":["post-102449","post","type-post","status-publish","format-standard","has-post-thumbnail","hentry","category-opiniao"],"acf":[],"yoast_head":"<!-- This site is optimized with the Yoast SEO plugin v27.2 - https:\/\/yoast.com\/product\/yoast-seo-wordpress\/ -->\n<title>Prov\u00edncia e desencontros deste e do outro lado... - R\u00e1dio Life FM<\/title>\n<meta name=\"robots\" content=\"index, follow, max-snippet:-1, max-image-preview:large, max-video-preview:-1\" \/>\n<link rel=\"canonical\" href=\"https:\/\/radiolifefm.com.br\/noticias\/provincia-e-desencontros-deste-e-do-outro-lado\/\" \/>\n<meta property=\"og:locale\" content=\"pt_BR\" \/>\n<meta property=\"og:type\" content=\"article\" \/>\n<meta property=\"og:title\" content=\"Prov\u00edncia e desencontros deste e do outro lado... - R\u00e1dio Life FM\" \/>\n<meta property=\"og:description\" content=\"\u201cIsto deve ser obra da esquerda comunista, marronzista e badernenta.\u201d (Odorico Paragua\u00e7u) \u00a0 &#8220;Quem nunca amarrou o cadar\u00e7o do Kichute na canela?&#8221;, e &#8220;De uma pobreza vertical e, atrevamo-nos a prognosticar, consciente!&#8221;.\u00a0(Beato Salu in ROQUE SANTEIRO) &nbsp; By seb@r. Pra n\u00e3o esquecer e refor\u00e7ar, a saber: ESTE TEXTO \u00c9 FICCIONAL, PORTANTO, QUALQUER IDENTIFICA\u00c7\u00c3O COM A [&hellip;]\" \/>\n<meta property=\"og:url\" content=\"https:\/\/radiolifefm.com.br\/noticias\/provincia-e-desencontros-deste-e-do-outro-lado\/\" \/>\n<meta property=\"og:site_name\" content=\"R\u00e1dio Life FM\" \/>\n<meta property=\"article:publisher\" content=\"https:\/\/www.facebook.com\/radiolifefm\/\" \/>\n<meta property=\"article:published_time\" content=\"2025-06-30T10:00:22+00:00\" \/>\n<meta property=\"article:modified_time\" content=\"2026-03-21T18:21:39+00:00\" \/>\n<meta property=\"og:image\" content=\"https:\/\/radiolifefm.com.br\/noticias\/wp-content\/uploads\/2022\/04\/WhatsApp-Image-2022-04-10-at-18.43.02.jpeg\" \/>\n\t<meta property=\"og:image:width\" content=\"972\" \/>\n\t<meta property=\"og:image:height\" content=\"1296\" \/>\n\t<meta property=\"og:image:type\" content=\"image\/jpeg\" \/>\n<meta name=\"author\" content=\"ritanery\" \/>\n<meta name=\"twitter:card\" content=\"summary_large_image\" \/>\n<meta name=\"twitter:label1\" content=\"Escrito por\" \/>\n\t<meta name=\"twitter:data1\" content=\"ritanery\" \/>\n\t<meta name=\"twitter:label2\" content=\"Est. tempo de leitura\" \/>\n\t<meta name=\"twitter:data2\" content=\"3 minutos\" \/>\n<script type=\"application\/ld+json\" class=\"yoast-schema-graph\">{\"@context\":\"https:\/\/schema.org\",\"@graph\":[{\"@type\":\"Article\",\"@id\":\"https:\/\/radiolifefm.com.br\/noticias\/provincia-e-desencontros-deste-e-do-outro-lado\/#article\",\"isPartOf\":{\"@id\":\"https:\/\/radiolifefm.com.br\/noticias\/provincia-e-desencontros-deste-e-do-outro-lado\/\"},\"author\":{\"name\":\"ritanery\",\"@id\":\"https:\/\/radiolifefm.com.br\/noticias\/#\/schema\/person\/6339b9fac59d12b071dec680d7375d87\"},\"headline\":\"Prov\u00edncia e desencontros deste e do outro lado&#8230;\",\"datePublished\":\"2025-06-30T10:00:22+00:00\",\"dateModified\":\"2026-03-21T18:21:39+00:00\",\"mainEntityOfPage\":{\"@id\":\"https:\/\/radiolifefm.com.br\/noticias\/provincia-e-desencontros-deste-e-do-outro-lado\/\"},\"wordCount\":503,\"publisher\":{\"@id\":\"https:\/\/radiolifefm.com.br\/noticias\/#organization\"},\"image\":{\"@id\":\"https:\/\/radiolifefm.com.br\/noticias\/provincia-e-desencontros-deste-e-do-outro-lado\/#primaryimage\"},\"thumbnailUrl\":\"https:\/\/radiolifefm.com.br\/noticias\/wp-content\/uploads\/2022\/04\/WhatsApp-Image-2022-04-10-at-18.43.02.jpeg\",\"articleSection\":[\"Opini\u00e3o\"],\"inLanguage\":\"pt-BR\"},{\"@type\":\"WebPage\",\"@id\":\"https:\/\/radiolifefm.com.br\/noticias\/provincia-e-desencontros-deste-e-do-outro-lado\/\",\"url\":\"https:\/\/radiolifefm.com.br\/noticias\/provincia-e-desencontros-deste-e-do-outro-lado\/\",\"name\":\"Prov\u00edncia e desencontros deste e do outro lado... - R\u00e1dio Life FM\",\"isPartOf\":{\"@id\":\"https:\/\/radiolifefm.com.br\/noticias\/#website\"},\"primaryImageOfPage\":{\"@id\":\"https:\/\/radiolifefm.com.br\/noticias\/provincia-e-desencontros-deste-e-do-outro-lado\/#primaryimage\"},\"image\":{\"@id\":\"https:\/\/radiolifefm.com.br\/noticias\/provincia-e-desencontros-deste-e-do-outro-lado\/#primaryimage\"},\"thumbnailUrl\":\"https:\/\/radiolifefm.com.br\/noticias\/wp-content\/uploads\/2022\/04\/WhatsApp-Image-2022-04-10-at-18.43.02.jpeg\",\"datePublished\":\"2025-06-30T10:00:22+00:00\",\"dateModified\":\"2026-03-21T18:21:39+00:00\",\"breadcrumb\":{\"@id\":\"https:\/\/radiolifefm.com.br\/noticias\/provincia-e-desencontros-deste-e-do-outro-lado\/#breadcrumb\"},\"inLanguage\":\"pt-BR\",\"potentialAction\":[{\"@type\":\"ReadAction\",\"target\":[\"https:\/\/radiolifefm.com.br\/noticias\/provincia-e-desencontros-deste-e-do-outro-lado\/\"]}]},{\"@type\":\"ImageObject\",\"inLanguage\":\"pt-BR\",\"@id\":\"https:\/\/radiolifefm.com.br\/noticias\/provincia-e-desencontros-deste-e-do-outro-lado\/#primaryimage\",\"url\":\"https:\/\/radiolifefm.com.br\/noticias\/wp-content\/uploads\/2022\/04\/WhatsApp-Image-2022-04-10-at-18.43.02.jpeg\",\"contentUrl\":\"https:\/\/radiolifefm.com.br\/noticias\/wp-content\/uploads\/2022\/04\/WhatsApp-Image-2022-04-10-at-18.43.02.jpeg\",\"width\":972,\"height\":1296,\"caption\":\"S\u00e9rgio Barbosa\"},{\"@type\":\"BreadcrumbList\",\"@id\":\"https:\/\/radiolifefm.com.br\/noticias\/provincia-e-desencontros-deste-e-do-outro-lado\/#breadcrumb\",\"itemListElement\":[{\"@type\":\"ListItem\",\"position\":1,\"name\":\"In\u00edcio\",\"item\":\"https:\/\/radiolifefm.com.br\/noticias\/\"},{\"@type\":\"ListItem\",\"position\":2,\"name\":\"Prov\u00edncia e desencontros deste e do outro lado&#8230;\"}]},{\"@type\":\"WebSite\",\"@id\":\"https:\/\/radiolifefm.com.br\/noticias\/#website\",\"url\":\"https:\/\/radiolifefm.com.br\/noticias\/\",\"name\":\"R\u00e1dio Life FM\",\"description\":\"O Portal de Not\u00edcias de Adamantina\",\"publisher\":{\"@id\":\"https:\/\/radiolifefm.com.br\/noticias\/#organization\"},\"alternateName\":\"Life FM\",\"potentialAction\":[{\"@type\":\"SearchAction\",\"target\":{\"@type\":\"EntryPoint\",\"urlTemplate\":\"https:\/\/radiolifefm.com.br\/noticias\/?s={search_term_string}\"},\"query-input\":{\"@type\":\"PropertyValueSpecification\",\"valueRequired\":true,\"valueName\":\"search_term_string\"}}],\"inLanguage\":\"pt-BR\"},{\"@type\":\"Organization\",\"@id\":\"https:\/\/radiolifefm.com.br\/noticias\/#organization\",\"name\":\"R\u00e1dio Life FM\",\"alternateName\":\"Life FM\",\"url\":\"https:\/\/radiolifefm.com.br\/noticias\/\",\"logo\":{\"@type\":\"ImageObject\",\"inLanguage\":\"pt-BR\",\"@id\":\"https:\/\/radiolifefm.com.br\/noticias\/#\/schema\/logo\/image\/\",\"url\":\"https:\/\/static.radiolifefm.com.br\/noticias\/wp-content\/uploads\/2019\/10\/logo-lifefm.png\",\"contentUrl\":\"https:\/\/static.radiolifefm.com.br\/noticias\/wp-content\/uploads\/2019\/10\/logo-lifefm.png\",\"width\":196,\"height\":47,\"caption\":\"R\u00e1dio Life FM\"},\"image\":{\"@id\":\"https:\/\/radiolifefm.com.br\/noticias\/#\/schema\/logo\/image\/\"},\"sameAs\":[\"https:\/\/www.facebook.com\/radiolifefm\/\",\"https:\/\/www.instagram.com\/life1079fm\/\"]},{\"@type\":\"Person\",\"@id\":\"https:\/\/radiolifefm.com.br\/noticias\/#\/schema\/person\/6339b9fac59d12b071dec680d7375d87\",\"name\":\"ritanery\",\"image\":{\"@type\":\"ImageObject\",\"inLanguage\":\"pt-BR\",\"@id\":\"https:\/\/secure.gravatar.com\/avatar\/0e37bb19071f47c0b8a23f62a903df117c5a0e75f65a0c2901562f97cd41cf86?s=96&d=mm&r=g\",\"url\":\"https:\/\/secure.gravatar.com\/avatar\/0e37bb19071f47c0b8a23f62a903df117c5a0e75f65a0c2901562f97cd41cf86?s=96&d=mm&r=g\",\"contentUrl\":\"https:\/\/secure.gravatar.com\/avatar\/0e37bb19071f47c0b8a23f62a903df117c5a0e75f65a0c2901562f97cd41cf86?s=96&d=mm&r=g\",\"caption\":\"ritanery\"}}]}<\/script>\n<!-- \/ Yoast SEO plugin. -->","yoast_head_json":{"title":"Prov\u00edncia e desencontros deste e do outro lado... - R\u00e1dio Life FM","robots":{"index":"index","follow":"follow","max-snippet":"max-snippet:-1","max-image-preview":"max-image-preview:large","max-video-preview":"max-video-preview:-1"},"canonical":"https:\/\/radiolifefm.com.br\/noticias\/provincia-e-desencontros-deste-e-do-outro-lado\/","og_locale":"pt_BR","og_type":"article","og_title":"Prov\u00edncia e desencontros deste e do outro lado... - R\u00e1dio Life FM","og_description":"\u201cIsto deve ser obra da esquerda comunista, marronzista e badernenta.\u201d (Odorico Paragua\u00e7u) \u00a0 &#8220;Quem nunca amarrou o cadar\u00e7o do Kichute na canela?&#8221;, e &#8220;De uma pobreza vertical e, atrevamo-nos a prognosticar, consciente!&#8221;.\u00a0(Beato Salu in ROQUE SANTEIRO) &nbsp; By seb@r. Pra n\u00e3o esquecer e refor\u00e7ar, a saber: ESTE TEXTO \u00c9 FICCIONAL, PORTANTO, QUALQUER IDENTIFICA\u00c7\u00c3O COM A [&hellip;]","og_url":"https:\/\/radiolifefm.com.br\/noticias\/provincia-e-desencontros-deste-e-do-outro-lado\/","og_site_name":"R\u00e1dio Life FM","article_publisher":"https:\/\/www.facebook.com\/radiolifefm\/","article_published_time":"2025-06-30T10:00:22+00:00","article_modified_time":"2026-03-21T18:21:39+00:00","og_image":[{"width":972,"height":1296,"url":"https:\/\/radiolifefm.com.br\/noticias\/wp-content\/uploads\/2022\/04\/WhatsApp-Image-2022-04-10-at-18.43.02.jpeg","type":"image\/jpeg"}],"author":"ritanery","twitter_card":"summary_large_image","twitter_misc":{"Escrito por":"ritanery","Est. tempo de leitura":"3 minutos"},"schema":{"@context":"https:\/\/schema.org","@graph":[{"@type":"Article","@id":"https:\/\/radiolifefm.com.br\/noticias\/provincia-e-desencontros-deste-e-do-outro-lado\/#article","isPartOf":{"@id":"https:\/\/radiolifefm.com.br\/noticias\/provincia-e-desencontros-deste-e-do-outro-lado\/"},"author":{"name":"ritanery","@id":"https:\/\/radiolifefm.com.br\/noticias\/#\/schema\/person\/6339b9fac59d12b071dec680d7375d87"},"headline":"Prov\u00edncia e desencontros deste e do outro lado&#8230;","datePublished":"2025-06-30T10:00:22+00:00","dateModified":"2026-03-21T18:21:39+00:00","mainEntityOfPage":{"@id":"https:\/\/radiolifefm.com.br\/noticias\/provincia-e-desencontros-deste-e-do-outro-lado\/"},"wordCount":503,"publisher":{"@id":"https:\/\/radiolifefm.com.br\/noticias\/#organization"},"image":{"@id":"https:\/\/radiolifefm.com.br\/noticias\/provincia-e-desencontros-deste-e-do-outro-lado\/#primaryimage"},"thumbnailUrl":"https:\/\/radiolifefm.com.br\/noticias\/wp-content\/uploads\/2022\/04\/WhatsApp-Image-2022-04-10-at-18.43.02.jpeg","articleSection":["Opini\u00e3o"],"inLanguage":"pt-BR"},{"@type":"WebPage","@id":"https:\/\/radiolifefm.com.br\/noticias\/provincia-e-desencontros-deste-e-do-outro-lado\/","url":"https:\/\/radiolifefm.com.br\/noticias\/provincia-e-desencontros-deste-e-do-outro-lado\/","name":"Prov\u00edncia e desencontros deste e do outro lado... - R\u00e1dio Life FM","isPartOf":{"@id":"https:\/\/radiolifefm.com.br\/noticias\/#website"},"primaryImageOfPage":{"@id":"https:\/\/radiolifefm.com.br\/noticias\/provincia-e-desencontros-deste-e-do-outro-lado\/#primaryimage"},"image":{"@id":"https:\/\/radiolifefm.com.br\/noticias\/provincia-e-desencontros-deste-e-do-outro-lado\/#primaryimage"},"thumbnailUrl":"https:\/\/radiolifefm.com.br\/noticias\/wp-content\/uploads\/2022\/04\/WhatsApp-Image-2022-04-10-at-18.43.02.jpeg","datePublished":"2025-06-30T10:00:22+00:00","dateModified":"2026-03-21T18:21:39+00:00","breadcrumb":{"@id":"https:\/\/radiolifefm.com.br\/noticias\/provincia-e-desencontros-deste-e-do-outro-lado\/#breadcrumb"},"inLanguage":"pt-BR","potentialAction":[{"@type":"ReadAction","target":["https:\/\/radiolifefm.com.br\/noticias\/provincia-e-desencontros-deste-e-do-outro-lado\/"]}]},{"@type":"ImageObject","inLanguage":"pt-BR","@id":"https:\/\/radiolifefm.com.br\/noticias\/provincia-e-desencontros-deste-e-do-outro-lado\/#primaryimage","url":"https:\/\/radiolifefm.com.br\/noticias\/wp-content\/uploads\/2022\/04\/WhatsApp-Image-2022-04-10-at-18.43.02.jpeg","contentUrl":"https:\/\/radiolifefm.com.br\/noticias\/wp-content\/uploads\/2022\/04\/WhatsApp-Image-2022-04-10-at-18.43.02.jpeg","width":972,"height":1296,"caption":"S\u00e9rgio Barbosa"},{"@type":"BreadcrumbList","@id":"https:\/\/radiolifefm.com.br\/noticias\/provincia-e-desencontros-deste-e-do-outro-lado\/#breadcrumb","itemListElement":[{"@type":"ListItem","position":1,"name":"In\u00edcio","item":"https:\/\/radiolifefm.com.br\/noticias\/"},{"@type":"ListItem","position":2,"name":"Prov\u00edncia e desencontros deste e do outro lado&#8230;"}]},{"@type":"WebSite","@id":"https:\/\/radiolifefm.com.br\/noticias\/#website","url":"https:\/\/radiolifefm.com.br\/noticias\/","name":"R\u00e1dio Life FM","description":"O Portal de Not\u00edcias de Adamantina","publisher":{"@id":"https:\/\/radiolifefm.com.br\/noticias\/#organization"},"alternateName":"Life FM","potentialAction":[{"@type":"SearchAction","target":{"@type":"EntryPoint","urlTemplate":"https:\/\/radiolifefm.com.br\/noticias\/?s={search_term_string}"},"query-input":{"@type":"PropertyValueSpecification","valueRequired":true,"valueName":"search_term_string"}}],"inLanguage":"pt-BR"},{"@type":"Organization","@id":"https:\/\/radiolifefm.com.br\/noticias\/#organization","name":"R\u00e1dio Life FM","alternateName":"Life FM","url":"https:\/\/radiolifefm.com.br\/noticias\/","logo":{"@type":"ImageObject","inLanguage":"pt-BR","@id":"https:\/\/radiolifefm.com.br\/noticias\/#\/schema\/logo\/image\/","url":"https:\/\/static.radiolifefm.com.br\/noticias\/wp-content\/uploads\/2019\/10\/logo-lifefm.png","contentUrl":"https:\/\/static.radiolifefm.com.br\/noticias\/wp-content\/uploads\/2019\/10\/logo-lifefm.png","width":196,"height":47,"caption":"R\u00e1dio Life FM"},"image":{"@id":"https:\/\/radiolifefm.com.br\/noticias\/#\/schema\/logo\/image\/"},"sameAs":["https:\/\/www.facebook.com\/radiolifefm\/","https:\/\/www.instagram.com\/life1079fm\/"]},{"@type":"Person","@id":"https:\/\/radiolifefm.com.br\/noticias\/#\/schema\/person\/6339b9fac59d12b071dec680d7375d87","name":"ritanery","image":{"@type":"ImageObject","inLanguage":"pt-BR","@id":"https:\/\/secure.gravatar.com\/avatar\/0e37bb19071f47c0b8a23f62a903df117c5a0e75f65a0c2901562f97cd41cf86?s=96&d=mm&r=g","url":"https:\/\/secure.gravatar.com\/avatar\/0e37bb19071f47c0b8a23f62a903df117c5a0e75f65a0c2901562f97cd41cf86?s=96&d=mm&r=g","contentUrl":"https:\/\/secure.gravatar.com\/avatar\/0e37bb19071f47c0b8a23f62a903df117c5a0e75f65a0c2901562f97cd41cf86?s=96&d=mm&r=g","caption":"ritanery"}}]}},"amp_enabled":true,"_links":{"self":[{"href":"https:\/\/radiolifefm.com.br\/noticias\/wp-json\/wp\/v2\/posts\/102449","targetHints":{"allow":["GET"]}}],"collection":[{"href":"https:\/\/radiolifefm.com.br\/noticias\/wp-json\/wp\/v2\/posts"}],"about":[{"href":"https:\/\/radiolifefm.com.br\/noticias\/wp-json\/wp\/v2\/types\/post"}],"author":[{"embeddable":true,"href":"https:\/\/radiolifefm.com.br\/noticias\/wp-json\/wp\/v2\/users\/13"}],"replies":[{"embeddable":true,"href":"https:\/\/radiolifefm.com.br\/noticias\/wp-json\/wp\/v2\/comments?post=102449"}],"version-history":[{"count":1,"href":"https:\/\/radiolifefm.com.br\/noticias\/wp-json\/wp\/v2\/posts\/102449\/revisions"}],"predecessor-version":[{"id":102450,"href":"https:\/\/radiolifefm.com.br\/noticias\/wp-json\/wp\/v2\/posts\/102449\/revisions\/102450"}],"wp:featuredmedia":[{"embeddable":true,"href":"https:\/\/radiolifefm.com.br\/noticias\/wp-json\/wp\/v2\/media\/51988"}],"wp:attachment":[{"href":"https:\/\/radiolifefm.com.br\/noticias\/wp-json\/wp\/v2\/media?parent=102449"}],"wp:term":[{"taxonomy":"category","embeddable":true,"href":"https:\/\/radiolifefm.com.br\/noticias\/wp-json\/wp\/v2\/categories?post=102449"},{"taxonomy":"post_tag","embeddable":true,"href":"https:\/\/radiolifefm.com.br\/noticias\/wp-json\/wp\/v2\/tags?post=102449"}],"curies":[{"name":"wp","href":"https:\/\/api.w.org\/{rel}","templated":true}]}}