{"id":102437,"date":"2025-06-28T11:50:07","date_gmt":"2025-06-28T14:50:07","guid":{"rendered":"https:\/\/radiolifefm.com.br\/noticias\/?p=102437"},"modified":"2026-03-31T12:05:23","modified_gmt":"2026-03-31T15:05:23","slug":"fisioclinica-fortalece-vinculos-no-viii-arraia-da-reabilitacao-da-fai","status":"publish","type":"post","link":"https:\/\/radiolifefm.com.br\/noticias\/fisioclinica-fortalece-vinculos-no-viii-arraia-da-reabilitacao-da-fai\/","title":{"rendered":"Fisiocl\u00ednica fortalece v\u00ednculos no VIII Arrai\u00e1 da Reabilita\u00e7\u00e3o da FAI"},"content":{"rendered":"<div id=\"fb-root\"><\/div>\n<p style=\"font-weight: 400\">Em sua 8\u00aa edi\u00e7\u00e3o, ocorreu nesta quarta-feira, 25, das 8h30 \u00e0s 11h30, com muito entusiasmo e alegria o \u201cArrai\u00e1 da Reabilita\u00e7\u00e3o\u201d, promovido pela Fisiocl\u00ednica do Centro Universit\u00e1rio de Adamantina (FAI), na Quadra 1 do C\u00e2mpus III (anexa ao Gin\u00e1sio de Esportes Prof. Paulo Camargo).<\/p>\n<p style=\"font-weight: 400\">\nOrganizada pela equipe da cl\u00ednica-escola de Fisioterapia, docentes e estudantes, a confraterniza\u00e7\u00e3o junina foi marcada por atividades culturais, apresenta\u00e7\u00f5es de quadrilha, brincadeiras, pescaria, barracas gastron\u00f4micas e a\u00e7\u00f5es interprofissionais.<\/p>\n<p style=\"font-weight: 400\">\n<p style=\"font-weight: 400\">Esta edi\u00e7\u00e3o contou com a participa\u00e7\u00e3o do curso de Tecnologia em Est\u00e9tica e Cosm\u00e9tica, por meio da Prof.\u00aa Ma. Damaris S. Vitorino de Souza, seus alunos e a coordenadora do curso, Prof.\u00aa Dra. Fernanda Blini Marengo Malheiros, que ofereceram maquiagem junina \u00e0s pacientes da Fisiocl\u00ednica \u2014 a\u00e7\u00e3o que valorizou a autoestima e promoveu integra\u00e7\u00e3o entre os cursos da sa\u00fade e do bem-estar da institui\u00e7\u00e3o.<\/p>\n<p style=\"font-weight: 400\"><strong><br \/>\n<\/strong>\u201cAl\u00e9m de fortalecer os v\u00ednculos da comunidade acad\u00eamica, o Arrai\u00e1 da Fisiocl\u00ednica reafirma o compromisso da FAI com pr\u00e1ticas extensionistas, humanizadas e inclusivas, que integram sa\u00fade, educa\u00e7\u00e3o, cultura e participa\u00e7\u00e3o social\u201d, afirma a coordenadora do projeto e supervisora dos est\u00e1gios de Fisioterapia em Neurologia, Prof.\u00aa Ma. Patr\u00edcia Ferraz Braz.<\/p>\n<p style=\"font-weight: 400\">\nO momento de celebra\u00e7\u00e3o e encerramento do primeiro semestre letivo reuniu pacientes, alunos estagi\u00e1rios dos 4\u00ba e 5\u00ba anos, docentes, orientadores de est\u00e1gio e servidores da cl\u00ednica-escola.<\/p>\n<p style=\"font-weight: 400\">\nA equipe organizadora agradece \u00e0 Pr\u00f3-Reitoria de Extens\u00e3o (PROEXT) pelo apoio institucional na viabiliza\u00e7\u00e3o da atividade, que integra as a\u00e7\u00f5es de extens\u00e3o universit\u00e1ria voltadas \u00e0 comunidade.<\/p>\n<p style=\"font-weight: 400\">\n\u201cCom muita alegria realizamos nosso\u00a0Arrai\u00e1\u00a02025. Al\u00e9m de confraternizar, o maior objetivo \u00e9 potencializar e incentivar a capacidade f\u00edsica dos nossos pacientes ap\u00f3s todo trabalho realizado nos est\u00e1gios na cl\u00ednica-escola. Agrade\u00e7o a toda a comunidade da FAI pelo carinho em toda prepara\u00e7\u00e3o e execu\u00e7\u00e3o\u201d, avalia a coordenadora do curso de Fisioterapia, Prof.\u00aa Dra. Leandra Navarro Benatti.<\/p>\n<p style=\"font-weight: 400\">\n<p>&nbsp;<\/p>\n<p><i>Por Priscila Caldeira<br \/>\nColaborou: Patr\u00edcia Ferraz Braz<\/i><\/p>\n","protected":false},"excerpt":{"rendered":"<p>Em sua 8\u00aa edi\u00e7\u00e3o, ocorreu nesta quarta-feira, 25, das 8h30 \u00e0s 11h30, com muito entusiasmo e alegria o \u201cArrai\u00e1 da Reabilita\u00e7\u00e3o\u201d, promovido pela Fisiocl\u00ednica do Centro Universit\u00e1rio de Adamantina (FAI), na Quadra 1 do C\u00e2mpus III (anexa ao Gin\u00e1sio de Esportes Prof. Paulo Camargo). Organizada pela equipe da cl\u00ednica-escola de Fisioterapia, docentes e estudantes, a [&hellip;]<\/p>\n","protected":false},"author":13,"featured_media":102438,"comment_status":"closed","ping_status":"open","sticky":false,"template":"","format":"standard","meta":{"_acf_changed":false,"_exactmetrics_skip_tracking":false,"_exactmetrics_sitenote_active":false,"_exactmetrics_sitenote_note":"","_exactmetrics_sitenote_category":0,"footnotes":""},"categories":[1],"tags":[],"class_list":["post-102437","post","type-post","status-publish","format-standard","has-post-thumbnail","hentry","category-geral"],"acf":[],"yoast_head":"<!-- This site is optimized with the Yoast SEO plugin v27.2 - https:\/\/yoast.com\/product\/yoast-seo-wordpress\/ -->\n<title>Fisiocl\u00ednica fortalece v\u00ednculos no VIII Arrai\u00e1 da Reabilita\u00e7\u00e3o da FAI - R\u00e1dio Life FM<\/title>\n<meta name=\"robots\" content=\"index, follow, max-snippet:-1, max-image-preview:large, max-video-preview:-1\" \/>\n<link rel=\"canonical\" href=\"https:\/\/radiolifefm.com.br\/noticias\/fisioclinica-fortalece-vinculos-no-viii-arraia-da-reabilitacao-da-fai\/\" \/>\n<meta property=\"og:locale\" content=\"pt_BR\" \/>\n<meta property=\"og:type\" content=\"article\" \/>\n<meta property=\"og:title\" content=\"Fisiocl\u00ednica fortalece v\u00ednculos no VIII Arrai\u00e1 da Reabilita\u00e7\u00e3o da FAI - R\u00e1dio Life FM\" \/>\n<meta property=\"og:description\" content=\"Em sua 8\u00aa edi\u00e7\u00e3o, ocorreu nesta quarta-feira, 25, das 8h30 \u00e0s 11h30, com muito entusiasmo e alegria o \u201cArrai\u00e1 da Reabilita\u00e7\u00e3o\u201d, promovido pela Fisiocl\u00ednica do Centro Universit\u00e1rio de Adamantina (FAI), na Quadra 1 do C\u00e2mpus III (anexa ao Gin\u00e1sio de Esportes Prof. Paulo Camargo). Organizada pela equipe da cl\u00ednica-escola de Fisioterapia, docentes e estudantes, a [&hellip;]\" \/>\n<meta property=\"og:url\" content=\"https:\/\/radiolifefm.com.br\/noticias\/fisioclinica-fortalece-vinculos-no-viii-arraia-da-reabilitacao-da-fai\/\" \/>\n<meta property=\"og:site_name\" content=\"R\u00e1dio Life FM\" \/>\n<meta property=\"article:publisher\" content=\"https:\/\/www.facebook.com\/radiolifefm\/\" \/>\n<meta property=\"article:published_time\" content=\"2025-06-28T14:50:07+00:00\" \/>\n<meta property=\"article:modified_time\" content=\"2026-03-31T15:05:23+00:00\" \/>\n<meta property=\"og:image\" content=\"https:\/\/radiolifefm.com.br\/noticias\/wp-content\/uploads\/2025\/06\/Arraia-Fisioclinica_foto-Juliane-Derroide-2.jpeg\" \/>\n\t<meta property=\"og:image:width\" content=\"1600\" \/>\n\t<meta property=\"og:image:height\" content=\"1200\" \/>\n\t<meta property=\"og:image:type\" content=\"image\/jpeg\" \/>\n<meta name=\"author\" content=\"ritanery\" \/>\n<meta name=\"twitter:card\" content=\"summary_large_image\" \/>\n<meta name=\"twitter:label1\" content=\"Escrito por\" \/>\n\t<meta name=\"twitter:data1\" content=\"ritanery\" \/>\n\t<meta name=\"twitter:label2\" content=\"Est. tempo de leitura\" \/>\n\t<meta name=\"twitter:data2\" content=\"2 minutos\" \/>\n<script type=\"application\/ld+json\" class=\"yoast-schema-graph\">{\"@context\":\"https:\/\/schema.org\",\"@graph\":[{\"@type\":\"Article\",\"@id\":\"https:\/\/radiolifefm.com.br\/noticias\/fisioclinica-fortalece-vinculos-no-viii-arraia-da-reabilitacao-da-fai\/#article\",\"isPartOf\":{\"@id\":\"https:\/\/radiolifefm.com.br\/noticias\/fisioclinica-fortalece-vinculos-no-viii-arraia-da-reabilitacao-da-fai\/\"},\"author\":{\"name\":\"ritanery\",\"@id\":\"https:\/\/radiolifefm.com.br\/noticias\/#\/schema\/person\/6339b9fac59d12b071dec680d7375d87\"},\"headline\":\"Fisiocl\u00ednica fortalece v\u00ednculos no VIII Arrai\u00e1 da Reabilita\u00e7\u00e3o da FAI\",\"datePublished\":\"2025-06-28T14:50:07+00:00\",\"dateModified\":\"2026-03-31T15:05:23+00:00\",\"mainEntityOfPage\":{\"@id\":\"https:\/\/radiolifefm.com.br\/noticias\/fisioclinica-fortalece-vinculos-no-viii-arraia-da-reabilitacao-da-fai\/\"},\"wordCount\":355,\"publisher\":{\"@id\":\"https:\/\/radiolifefm.com.br\/noticias\/#organization\"},\"image\":{\"@id\":\"https:\/\/radiolifefm.com.br\/noticias\/fisioclinica-fortalece-vinculos-no-viii-arraia-da-reabilitacao-da-fai\/#primaryimage\"},\"thumbnailUrl\":\"https:\/\/radiolifefm.com.br\/noticias\/wp-content\/uploads\/2025\/06\/Arraia-Fisioclinica_foto-Juliane-Derroide-2.jpeg\",\"articleSection\":[\"Geral\"],\"inLanguage\":\"pt-BR\"},{\"@type\":\"WebPage\",\"@id\":\"https:\/\/radiolifefm.com.br\/noticias\/fisioclinica-fortalece-vinculos-no-viii-arraia-da-reabilitacao-da-fai\/\",\"url\":\"https:\/\/radiolifefm.com.br\/noticias\/fisioclinica-fortalece-vinculos-no-viii-arraia-da-reabilitacao-da-fai\/\",\"name\":\"Fisiocl\u00ednica fortalece v\u00ednculos no VIII Arrai\u00e1 da Reabilita\u00e7\u00e3o da FAI - R\u00e1dio Life FM\",\"isPartOf\":{\"@id\":\"https:\/\/radiolifefm.com.br\/noticias\/#website\"},\"primaryImageOfPage\":{\"@id\":\"https:\/\/radiolifefm.com.br\/noticias\/fisioclinica-fortalece-vinculos-no-viii-arraia-da-reabilitacao-da-fai\/#primaryimage\"},\"image\":{\"@id\":\"https:\/\/radiolifefm.com.br\/noticias\/fisioclinica-fortalece-vinculos-no-viii-arraia-da-reabilitacao-da-fai\/#primaryimage\"},\"thumbnailUrl\":\"https:\/\/radiolifefm.com.br\/noticias\/wp-content\/uploads\/2025\/06\/Arraia-Fisioclinica_foto-Juliane-Derroide-2.jpeg\",\"datePublished\":\"2025-06-28T14:50:07+00:00\",\"dateModified\":\"2026-03-31T15:05:23+00:00\",\"breadcrumb\":{\"@id\":\"https:\/\/radiolifefm.com.br\/noticias\/fisioclinica-fortalece-vinculos-no-viii-arraia-da-reabilitacao-da-fai\/#breadcrumb\"},\"inLanguage\":\"pt-BR\",\"potentialAction\":[{\"@type\":\"ReadAction\",\"target\":[\"https:\/\/radiolifefm.com.br\/noticias\/fisioclinica-fortalece-vinculos-no-viii-arraia-da-reabilitacao-da-fai\/\"]}]},{\"@type\":\"ImageObject\",\"inLanguage\":\"pt-BR\",\"@id\":\"https:\/\/radiolifefm.com.br\/noticias\/fisioclinica-fortalece-vinculos-no-viii-arraia-da-reabilitacao-da-fai\/#primaryimage\",\"url\":\"https:\/\/radiolifefm.com.br\/noticias\/wp-content\/uploads\/2025\/06\/Arraia-Fisioclinica_foto-Juliane-Derroide-2.jpeg\",\"contentUrl\":\"https:\/\/radiolifefm.com.br\/noticias\/wp-content\/uploads\/2025\/06\/Arraia-Fisioclinica_foto-Juliane-Derroide-2.jpeg\",\"width\":1600,\"height\":1200,\"caption\":\"Pacientes, orientadores de est\u00e1gio, docentes e estudantes de Fisioterapia confraternizaram na manh\u00e3 desta quarta-feira, na Quadra 1 do C\u00e2mpus III\"},{\"@type\":\"BreadcrumbList\",\"@id\":\"https:\/\/radiolifefm.com.br\/noticias\/fisioclinica-fortalece-vinculos-no-viii-arraia-da-reabilitacao-da-fai\/#breadcrumb\",\"itemListElement\":[{\"@type\":\"ListItem\",\"position\":1,\"name\":\"In\u00edcio\",\"item\":\"https:\/\/radiolifefm.com.br\/noticias\/\"},{\"@type\":\"ListItem\",\"position\":2,\"name\":\"Fisiocl\u00ednica fortalece v\u00ednculos no VIII Arrai\u00e1 da Reabilita\u00e7\u00e3o da FAI\"}]},{\"@type\":\"WebSite\",\"@id\":\"https:\/\/radiolifefm.com.br\/noticias\/#website\",\"url\":\"https:\/\/radiolifefm.com.br\/noticias\/\",\"name\":\"R\u00e1dio Life FM\",\"description\":\"O Portal de Not\u00edcias de Adamantina\",\"publisher\":{\"@id\":\"https:\/\/radiolifefm.com.br\/noticias\/#organization\"},\"alternateName\":\"Life FM\",\"potentialAction\":[{\"@type\":\"SearchAction\",\"target\":{\"@type\":\"EntryPoint\",\"urlTemplate\":\"https:\/\/radiolifefm.com.br\/noticias\/?s={search_term_string}\"},\"query-input\":{\"@type\":\"PropertyValueSpecification\",\"valueRequired\":true,\"valueName\":\"search_term_string\"}}],\"inLanguage\":\"pt-BR\"},{\"@type\":\"Organization\",\"@id\":\"https:\/\/radiolifefm.com.br\/noticias\/#organization\",\"name\":\"R\u00e1dio Life FM\",\"alternateName\":\"Life FM\",\"url\":\"https:\/\/radiolifefm.com.br\/noticias\/\",\"logo\":{\"@type\":\"ImageObject\",\"inLanguage\":\"pt-BR\",\"@id\":\"https:\/\/radiolifefm.com.br\/noticias\/#\/schema\/logo\/image\/\",\"url\":\"https:\/\/static.radiolifefm.com.br\/noticias\/wp-content\/uploads\/2019\/10\/logo-lifefm.png\",\"contentUrl\":\"https:\/\/static.radiolifefm.com.br\/noticias\/wp-content\/uploads\/2019\/10\/logo-lifefm.png\",\"width\":196,\"height\":47,\"caption\":\"R\u00e1dio Life FM\"},\"image\":{\"@id\":\"https:\/\/radiolifefm.com.br\/noticias\/#\/schema\/logo\/image\/\"},\"sameAs\":[\"https:\/\/www.facebook.com\/radiolifefm\/\",\"https:\/\/www.instagram.com\/life1079fm\/\"]},{\"@type\":\"Person\",\"@id\":\"https:\/\/radiolifefm.com.br\/noticias\/#\/schema\/person\/6339b9fac59d12b071dec680d7375d87\",\"name\":\"ritanery\",\"image\":{\"@type\":\"ImageObject\",\"inLanguage\":\"pt-BR\",\"@id\":\"https:\/\/secure.gravatar.com\/avatar\/0e37bb19071f47c0b8a23f62a903df117c5a0e75f65a0c2901562f97cd41cf86?s=96&d=mm&r=g\",\"url\":\"https:\/\/secure.gravatar.com\/avatar\/0e37bb19071f47c0b8a23f62a903df117c5a0e75f65a0c2901562f97cd41cf86?s=96&d=mm&r=g\",\"contentUrl\":\"https:\/\/secure.gravatar.com\/avatar\/0e37bb19071f47c0b8a23f62a903df117c5a0e75f65a0c2901562f97cd41cf86?s=96&d=mm&r=g\",\"caption\":\"ritanery\"}}]}<\/script>\n<!-- \/ Yoast SEO plugin. -->","yoast_head_json":{"title":"Fisiocl\u00ednica fortalece v\u00ednculos no VIII Arrai\u00e1 da Reabilita\u00e7\u00e3o da FAI - R\u00e1dio Life FM","robots":{"index":"index","follow":"follow","max-snippet":"max-snippet:-1","max-image-preview":"max-image-preview:large","max-video-preview":"max-video-preview:-1"},"canonical":"https:\/\/radiolifefm.com.br\/noticias\/fisioclinica-fortalece-vinculos-no-viii-arraia-da-reabilitacao-da-fai\/","og_locale":"pt_BR","og_type":"article","og_title":"Fisiocl\u00ednica fortalece v\u00ednculos no VIII Arrai\u00e1 da Reabilita\u00e7\u00e3o da FAI - R\u00e1dio Life FM","og_description":"Em sua 8\u00aa edi\u00e7\u00e3o, ocorreu nesta quarta-feira, 25, das 8h30 \u00e0s 11h30, com muito entusiasmo e alegria o \u201cArrai\u00e1 da Reabilita\u00e7\u00e3o\u201d, promovido pela Fisiocl\u00ednica do Centro Universit\u00e1rio de Adamantina (FAI), na Quadra 1 do C\u00e2mpus III (anexa ao Gin\u00e1sio de Esportes Prof. Paulo Camargo). Organizada pela equipe da cl\u00ednica-escola de Fisioterapia, docentes e estudantes, a [&hellip;]","og_url":"https:\/\/radiolifefm.com.br\/noticias\/fisioclinica-fortalece-vinculos-no-viii-arraia-da-reabilitacao-da-fai\/","og_site_name":"R\u00e1dio Life FM","article_publisher":"https:\/\/www.facebook.com\/radiolifefm\/","article_published_time":"2025-06-28T14:50:07+00:00","article_modified_time":"2026-03-31T15:05:23+00:00","og_image":[{"width":1600,"height":1200,"url":"https:\/\/radiolifefm.com.br\/noticias\/wp-content\/uploads\/2025\/06\/Arraia-Fisioclinica_foto-Juliane-Derroide-2.jpeg","type":"image\/jpeg"}],"author":"ritanery","twitter_card":"summary_large_image","twitter_misc":{"Escrito por":"ritanery","Est. tempo de leitura":"2 minutos"},"schema":{"@context":"https:\/\/schema.org","@graph":[{"@type":"Article","@id":"https:\/\/radiolifefm.com.br\/noticias\/fisioclinica-fortalece-vinculos-no-viii-arraia-da-reabilitacao-da-fai\/#article","isPartOf":{"@id":"https:\/\/radiolifefm.com.br\/noticias\/fisioclinica-fortalece-vinculos-no-viii-arraia-da-reabilitacao-da-fai\/"},"author":{"name":"ritanery","@id":"https:\/\/radiolifefm.com.br\/noticias\/#\/schema\/person\/6339b9fac59d12b071dec680d7375d87"},"headline":"Fisiocl\u00ednica fortalece v\u00ednculos no VIII Arrai\u00e1 da Reabilita\u00e7\u00e3o da FAI","datePublished":"2025-06-28T14:50:07+00:00","dateModified":"2026-03-31T15:05:23+00:00","mainEntityOfPage":{"@id":"https:\/\/radiolifefm.com.br\/noticias\/fisioclinica-fortalece-vinculos-no-viii-arraia-da-reabilitacao-da-fai\/"},"wordCount":355,"publisher":{"@id":"https:\/\/radiolifefm.com.br\/noticias\/#organization"},"image":{"@id":"https:\/\/radiolifefm.com.br\/noticias\/fisioclinica-fortalece-vinculos-no-viii-arraia-da-reabilitacao-da-fai\/#primaryimage"},"thumbnailUrl":"https:\/\/radiolifefm.com.br\/noticias\/wp-content\/uploads\/2025\/06\/Arraia-Fisioclinica_foto-Juliane-Derroide-2.jpeg","articleSection":["Geral"],"inLanguage":"pt-BR"},{"@type":"WebPage","@id":"https:\/\/radiolifefm.com.br\/noticias\/fisioclinica-fortalece-vinculos-no-viii-arraia-da-reabilitacao-da-fai\/","url":"https:\/\/radiolifefm.com.br\/noticias\/fisioclinica-fortalece-vinculos-no-viii-arraia-da-reabilitacao-da-fai\/","name":"Fisiocl\u00ednica fortalece v\u00ednculos no VIII Arrai\u00e1 da Reabilita\u00e7\u00e3o da FAI - R\u00e1dio Life FM","isPartOf":{"@id":"https:\/\/radiolifefm.com.br\/noticias\/#website"},"primaryImageOfPage":{"@id":"https:\/\/radiolifefm.com.br\/noticias\/fisioclinica-fortalece-vinculos-no-viii-arraia-da-reabilitacao-da-fai\/#primaryimage"},"image":{"@id":"https:\/\/radiolifefm.com.br\/noticias\/fisioclinica-fortalece-vinculos-no-viii-arraia-da-reabilitacao-da-fai\/#primaryimage"},"thumbnailUrl":"https:\/\/radiolifefm.com.br\/noticias\/wp-content\/uploads\/2025\/06\/Arraia-Fisioclinica_foto-Juliane-Derroide-2.jpeg","datePublished":"2025-06-28T14:50:07+00:00","dateModified":"2026-03-31T15:05:23+00:00","breadcrumb":{"@id":"https:\/\/radiolifefm.com.br\/noticias\/fisioclinica-fortalece-vinculos-no-viii-arraia-da-reabilitacao-da-fai\/#breadcrumb"},"inLanguage":"pt-BR","potentialAction":[{"@type":"ReadAction","target":["https:\/\/radiolifefm.com.br\/noticias\/fisioclinica-fortalece-vinculos-no-viii-arraia-da-reabilitacao-da-fai\/"]}]},{"@type":"ImageObject","inLanguage":"pt-BR","@id":"https:\/\/radiolifefm.com.br\/noticias\/fisioclinica-fortalece-vinculos-no-viii-arraia-da-reabilitacao-da-fai\/#primaryimage","url":"https:\/\/radiolifefm.com.br\/noticias\/wp-content\/uploads\/2025\/06\/Arraia-Fisioclinica_foto-Juliane-Derroide-2.jpeg","contentUrl":"https:\/\/radiolifefm.com.br\/noticias\/wp-content\/uploads\/2025\/06\/Arraia-Fisioclinica_foto-Juliane-Derroide-2.jpeg","width":1600,"height":1200,"caption":"Pacientes, orientadores de est\u00e1gio, docentes e estudantes de Fisioterapia confraternizaram na manh\u00e3 desta quarta-feira, na Quadra 1 do C\u00e2mpus III"},{"@type":"BreadcrumbList","@id":"https:\/\/radiolifefm.com.br\/noticias\/fisioclinica-fortalece-vinculos-no-viii-arraia-da-reabilitacao-da-fai\/#breadcrumb","itemListElement":[{"@type":"ListItem","position":1,"name":"In\u00edcio","item":"https:\/\/radiolifefm.com.br\/noticias\/"},{"@type":"ListItem","position":2,"name":"Fisiocl\u00ednica fortalece v\u00ednculos no VIII Arrai\u00e1 da Reabilita\u00e7\u00e3o da FAI"}]},{"@type":"WebSite","@id":"https:\/\/radiolifefm.com.br\/noticias\/#website","url":"https:\/\/radiolifefm.com.br\/noticias\/","name":"R\u00e1dio Life FM","description":"O Portal de Not\u00edcias de Adamantina","publisher":{"@id":"https:\/\/radiolifefm.com.br\/noticias\/#organization"},"alternateName":"Life FM","potentialAction":[{"@type":"SearchAction","target":{"@type":"EntryPoint","urlTemplate":"https:\/\/radiolifefm.com.br\/noticias\/?s={search_term_string}"},"query-input":{"@type":"PropertyValueSpecification","valueRequired":true,"valueName":"search_term_string"}}],"inLanguage":"pt-BR"},{"@type":"Organization","@id":"https:\/\/radiolifefm.com.br\/noticias\/#organization","name":"R\u00e1dio Life FM","alternateName":"Life FM","url":"https:\/\/radiolifefm.com.br\/noticias\/","logo":{"@type":"ImageObject","inLanguage":"pt-BR","@id":"https:\/\/radiolifefm.com.br\/noticias\/#\/schema\/logo\/image\/","url":"https:\/\/static.radiolifefm.com.br\/noticias\/wp-content\/uploads\/2019\/10\/logo-lifefm.png","contentUrl":"https:\/\/static.radiolifefm.com.br\/noticias\/wp-content\/uploads\/2019\/10\/logo-lifefm.png","width":196,"height":47,"caption":"R\u00e1dio Life FM"},"image":{"@id":"https:\/\/radiolifefm.com.br\/noticias\/#\/schema\/logo\/image\/"},"sameAs":["https:\/\/www.facebook.com\/radiolifefm\/","https:\/\/www.instagram.com\/life1079fm\/"]},{"@type":"Person","@id":"https:\/\/radiolifefm.com.br\/noticias\/#\/schema\/person\/6339b9fac59d12b071dec680d7375d87","name":"ritanery","image":{"@type":"ImageObject","inLanguage":"pt-BR","@id":"https:\/\/secure.gravatar.com\/avatar\/0e37bb19071f47c0b8a23f62a903df117c5a0e75f65a0c2901562f97cd41cf86?s=96&d=mm&r=g","url":"https:\/\/secure.gravatar.com\/avatar\/0e37bb19071f47c0b8a23f62a903df117c5a0e75f65a0c2901562f97cd41cf86?s=96&d=mm&r=g","contentUrl":"https:\/\/secure.gravatar.com\/avatar\/0e37bb19071f47c0b8a23f62a903df117c5a0e75f65a0c2901562f97cd41cf86?s=96&d=mm&r=g","caption":"ritanery"}}]}},"amp_enabled":true,"_links":{"self":[{"href":"https:\/\/radiolifefm.com.br\/noticias\/wp-json\/wp\/v2\/posts\/102437","targetHints":{"allow":["GET"]}}],"collection":[{"href":"https:\/\/radiolifefm.com.br\/noticias\/wp-json\/wp\/v2\/posts"}],"about":[{"href":"https:\/\/radiolifefm.com.br\/noticias\/wp-json\/wp\/v2\/types\/post"}],"author":[{"embeddable":true,"href":"https:\/\/radiolifefm.com.br\/noticias\/wp-json\/wp\/v2\/users\/13"}],"replies":[{"embeddable":true,"href":"https:\/\/radiolifefm.com.br\/noticias\/wp-json\/wp\/v2\/comments?post=102437"}],"version-history":[{"count":2,"href":"https:\/\/radiolifefm.com.br\/noticias\/wp-json\/wp\/v2\/posts\/102437\/revisions"}],"predecessor-version":[{"id":102448,"href":"https:\/\/radiolifefm.com.br\/noticias\/wp-json\/wp\/v2\/posts\/102437\/revisions\/102448"}],"wp:featuredmedia":[{"embeddable":true,"href":"https:\/\/radiolifefm.com.br\/noticias\/wp-json\/wp\/v2\/media\/102438"}],"wp:attachment":[{"href":"https:\/\/radiolifefm.com.br\/noticias\/wp-json\/wp\/v2\/media?parent=102437"}],"wp:term":[{"taxonomy":"category","embeddable":true,"href":"https:\/\/radiolifefm.com.br\/noticias\/wp-json\/wp\/v2\/categories?post=102437"},{"taxonomy":"post_tag","embeddable":true,"href":"https:\/\/radiolifefm.com.br\/noticias\/wp-json\/wp\/v2\/tags?post=102437"}],"curies":[{"name":"wp","href":"https:\/\/api.w.org\/{rel}","templated":true}]}}