{"id":102382,"date":"2025-06-27T16:18:23","date_gmt":"2025-06-27T19:18:23","guid":{"rendered":"https:\/\/radiolifefm.com.br\/noticias\/?p=102382"},"modified":"2026-04-04T23:01:26","modified_gmt":"2026-04-05T02:01:26","slug":"superacao-a-cavalo-a-forca-da-equoterapia-na-apae","status":"publish","type":"post","link":"https:\/\/radiolifefm.com.br\/noticias\/superacao-a-cavalo-a-forca-da-equoterapia-na-apae\/","title":{"rendered":"Supera\u00e7\u00e3o a Cavalo: A For\u00e7a da Equoterapia na APAE"},"content":{"rendered":"<div id=\"fb-root\"><\/div>\n<p>Uma manh\u00e3 de supera\u00e7\u00e3o: como a Equoterapia na APAE transforma vidas com afeto e movimento. Na manh\u00e3 da \u00faltima quarta-feira, 25 de junho, a Ch\u00e1cara da APAE foi cen\u00e1rio de uma significativa apresenta\u00e7\u00e3o dos alunos participantes do programa de Equoterapia, desenvolvido pela institui\u00e7\u00e3o. A atividade, coordenada pela fisioterapeuta Dra. Ana Carolina, contou com a presen\u00e7a de familiares, convidados e da equipe multiprofissional da APAE, que acompanharam com entusiasmo as apresenta\u00e7\u00f5es dos assistidos.<\/p>\n<div class='flex flex-wrap items-center -mx-1'>\r\n<a class='thumbnail gallery p-1 w-1\/2 md:w-1\/4' href='https:\/\/radiolifefm.com.br\/noticias\/wp-content\/uploads\/2025\/06\/WhatsApp-Image-2025-06-26-at-14.50.32.jpeg'><img class='border border-white' src='https:\/\/radiolifefm.com.br\/noticias\/wp-content\/uploads\/2025\/06\/WhatsApp-Image-2025-06-26-at-14.50.32-200x200.jpeg' alt='WhatsApp Image 2025 06 26 At 14.50.32' \/><\/a><a class='thumbnail gallery p-1 w-1\/2 md:w-1\/4' href='https:\/\/radiolifefm.com.br\/noticias\/wp-content\/uploads\/2025\/06\/WhatsApp-Image-2025-06-26-at-14.50.32-1.jpeg'><img class='border border-white' src='https:\/\/radiolifefm.com.br\/noticias\/wp-content\/uploads\/2025\/06\/WhatsApp-Image-2025-06-26-at-14.50.32-1-200x200.jpeg' alt='WhatsApp Image 2025 06 26 At 14.50.32 (1)' \/><\/a><a class='thumbnail gallery p-1 w-1\/2 md:w-1\/4' href='https:\/\/radiolifefm.com.br\/noticias\/wp-content\/uploads\/2025\/06\/WhatsApp-Image-2025-06-26-at-14.50.31.jpeg'><img class='border border-white' src='https:\/\/radiolifefm.com.br\/noticias\/wp-content\/uploads\/2025\/06\/WhatsApp-Image-2025-06-26-at-14.50.31-200x200.jpeg' alt='WhatsApp Image 2025 06 26 At 14.50.31' \/><\/a><\/div>\n<p>O evento teve como destaque n\u00e3o apenas as apresenta\u00e7\u00f5es realizadas a cavalo, mas tamb\u00e9m os momentos de intera\u00e7\u00e3o entre os presentes. Ao final das atividades, todos foram recepcionados com um caf\u00e9 da manh\u00e3 especial \u2014 gesto que refor\u00e7ou o ambiente acolhedor e familiar promovido pela entidade.<\/p>\n<div class='flex flex-wrap items-center -mx-1'>\r\n<a class='thumbnail gallery p-1 w-1\/2 md:w-1\/4' href='https:\/\/radiolifefm.com.br\/noticias\/wp-content\/uploads\/2025\/06\/WhatsApp-Image-2025-06-26-at-14.50.30.jpeg'><img class='border border-white' src='https:\/\/radiolifefm.com.br\/noticias\/wp-content\/uploads\/2025\/06\/WhatsApp-Image-2025-06-26-at-14.50.30-200x200.jpeg' alt='WhatsApp Image 2025 06 26 At 14.50.30' \/><\/a><a class='thumbnail gallery p-1 w-1\/2 md:w-1\/4' href='https:\/\/radiolifefm.com.br\/noticias\/wp-content\/uploads\/2025\/06\/WhatsApp-Image-2025-06-26-at-14.50.30-2.jpeg'><img class='border border-white' src='https:\/\/radiolifefm.com.br\/noticias\/wp-content\/uploads\/2025\/06\/WhatsApp-Image-2025-06-26-at-14.50.30-2-200x200.jpeg' alt='WhatsApp Image 2025 06 26 At 14.50.30 (2)' \/><\/a><a class='thumbnail gallery p-1 w-1\/2 md:w-1\/4' href='https:\/\/radiolifefm.com.br\/noticias\/wp-content\/uploads\/2025\/06\/WhatsApp-Image-2025-06-26-at-14.50.29.jpeg'><img class='border border-white' src='https:\/\/radiolifefm.com.br\/noticias\/wp-content\/uploads\/2025\/06\/WhatsApp-Image-2025-06-26-at-14.50.29-200x200.jpeg' alt='WhatsApp Image 2025 06 26 At 14.50.29' \/><\/a><\/div>\n<p>Mais do que uma pr\u00e1tica terap\u00eautica, a Equoterapia se firma como uma ferramenta valiosa no desenvolvimento f\u00edsico, emocional e social de pessoas com defici\u00eancia. Utilizando o movimento do cavalo como instrumento, a atividade estimula o equil\u00edbrio, a coordena\u00e7\u00e3o motora, a autoconfian\u00e7a e a comunica\u00e7\u00e3o dos praticantes, promovendo ganhos significativos em sua autonomia e qualidade de vida.<\/p>\n<div class='flex flex-wrap items-center -mx-1'>\r\n<a class='thumbnail gallery p-1 w-1\/2 md:w-1\/4' href='https:\/\/radiolifefm.com.br\/noticias\/wp-content\/uploads\/2025\/06\/WhatsApp-Image-2025-06-26-at-14.50.29-1.jpeg'><img class='border border-white' src='https:\/\/radiolifefm.com.br\/noticias\/wp-content\/uploads\/2025\/06\/WhatsApp-Image-2025-06-26-at-14.50.29-1-200x200.jpeg' alt='WhatsApp Image 2025 06 26 At 14.50.29 (1)' \/><\/a><a class='thumbnail gallery p-1 w-1\/2 md:w-1\/4' href='https:\/\/radiolifefm.com.br\/noticias\/wp-content\/uploads\/2025\/06\/WhatsApp-Image-2025-06-26-at-14.50.29.jpeg'><img class='border border-white' src='https:\/\/radiolifefm.com.br\/noticias\/wp-content\/uploads\/2025\/06\/WhatsApp-Image-2025-06-26-at-14.50.29-200x200.jpeg' alt='WhatsApp Image 2025 06 26 At 14.50.29' \/><\/a><a class='thumbnail gallery p-1 w-1\/2 md:w-1\/4' href='https:\/\/radiolifefm.com.br\/noticias\/wp-content\/uploads\/2025\/06\/WhatsApp-Image-2025-06-26-at-14.50.29-2.jpeg'><img class='border border-white' src='https:\/\/radiolifefm.com.br\/noticias\/wp-content\/uploads\/2025\/06\/WhatsApp-Image-2025-06-26-at-14.50.29-2-200x200.jpeg' alt='WhatsApp Image 2025 06 26 At 14.50.29 (2)' \/><\/a><\/div>\n<p>A iniciativa refor\u00e7a o compromisso da APAE com a inclus\u00e3o e o fortalecimento de v\u00ednculos familiares e comunit\u00e1rios. Eventos como esse servem como vitrine para o trabalho realizado diariamente e mostram como a\u00e7\u00f5es terap\u00eauticas podem transformar realidades por meio da dedica\u00e7\u00e3o, do cuidado e da conex\u00e3o com o outro \u2014 neste caso, tamb\u00e9m com o cavalo.<\/p>\n<p>A Equoterapia \u00e9 mais do que uma pr\u00e1tica cl\u00ednica: \u00e9 uma experi\u00eancia sensorial, afetiva e social, que fortalece o desenvolvimento integral das pessoas com necessidades especiais.<\/p>\n","protected":false},"excerpt":{"rendered":"<p>Uma manh\u00e3 de supera\u00e7\u00e3o: como a Equoterapia na APAE transforma vidas com afeto e movimento. Na manh\u00e3 da \u00faltima quarta-feira, 25 de junho, a Ch\u00e1cara da APAE foi cen\u00e1rio de uma significativa apresenta\u00e7\u00e3o dos alunos participantes do programa de Equoterapia, desenvolvido pela institui\u00e7\u00e3o. A atividade, coordenada pela fisioterapeuta Dra. Ana Carolina, contou com a presen\u00e7a [&hellip;]<\/p>\n","protected":false},"author":8,"featured_media":102384,"comment_status":"closed","ping_status":"open","sticky":false,"template":"","format":"standard","meta":{"_acf_changed":false,"_exactmetrics_skip_tracking":false,"_exactmetrics_sitenote_active":false,"_exactmetrics_sitenote_note":"","_exactmetrics_sitenote_category":0,"footnotes":""},"categories":[1],"tags":[],"class_list":["post-102382","post","type-post","status-publish","format-standard","has-post-thumbnail","hentry","category-geral"],"acf":[],"yoast_head":"<!-- This site is optimized with the Yoast SEO plugin v27.2 - https:\/\/yoast.com\/product\/yoast-seo-wordpress\/ -->\n<title>Supera\u00e7\u00e3o a Cavalo: A For\u00e7a da Equoterapia na APAE - R\u00e1dio Life FM<\/title>\n<meta name=\"robots\" content=\"index, follow, max-snippet:-1, max-image-preview:large, max-video-preview:-1\" \/>\n<link rel=\"canonical\" href=\"https:\/\/radiolifefm.com.br\/noticias\/superacao-a-cavalo-a-forca-da-equoterapia-na-apae\/\" \/>\n<meta property=\"og:locale\" content=\"pt_BR\" \/>\n<meta property=\"og:type\" content=\"article\" \/>\n<meta property=\"og:title\" content=\"Supera\u00e7\u00e3o a Cavalo: A For\u00e7a da Equoterapia na APAE - R\u00e1dio Life FM\" \/>\n<meta property=\"og:description\" content=\"Uma manh\u00e3 de supera\u00e7\u00e3o: como a Equoterapia na APAE transforma vidas com afeto e movimento. Na manh\u00e3 da \u00faltima quarta-feira, 25 de junho, a Ch\u00e1cara da APAE foi cen\u00e1rio de uma significativa apresenta\u00e7\u00e3o dos alunos participantes do programa de Equoterapia, desenvolvido pela institui\u00e7\u00e3o. A atividade, coordenada pela fisioterapeuta Dra. Ana Carolina, contou com a presen\u00e7a [&hellip;]\" \/>\n<meta property=\"og:url\" content=\"https:\/\/radiolifefm.com.br\/noticias\/superacao-a-cavalo-a-forca-da-equoterapia-na-apae\/\" \/>\n<meta property=\"og:site_name\" content=\"R\u00e1dio Life FM\" \/>\n<meta property=\"article:publisher\" content=\"https:\/\/www.facebook.com\/radiolifefm\/\" \/>\n<meta property=\"article:published_time\" content=\"2025-06-27T19:18:23+00:00\" \/>\n<meta property=\"article:modified_time\" content=\"2026-04-05T02:01:26+00:00\" \/>\n<meta property=\"og:image\" content=\"https:\/\/radiolifefm.com.br\/noticias\/wp-content\/uploads\/2025\/06\/WhatsApp-Image-2025-06-26-at-14.50.29-2.jpeg\" \/>\n\t<meta property=\"og:image:width\" content=\"1600\" \/>\n\t<meta property=\"og:image:height\" content=\"1200\" \/>\n\t<meta property=\"og:image:type\" content=\"image\/jpeg\" \/>\n<meta name=\"author\" content=\"joaograndao\" \/>\n<meta name=\"twitter:card\" content=\"summary_large_image\" \/>\n<meta name=\"twitter:label1\" content=\"Escrito por\" \/>\n\t<meta name=\"twitter:data1\" content=\"joaograndao\" \/>\n\t<meta name=\"twitter:label2\" content=\"Est. tempo de leitura\" \/>\n\t<meta name=\"twitter:data2\" content=\"2 minutos\" \/>\n<script type=\"application\/ld+json\" class=\"yoast-schema-graph\">{\"@context\":\"https:\/\/schema.org\",\"@graph\":[{\"@type\":\"Article\",\"@id\":\"https:\/\/radiolifefm.com.br\/noticias\/superacao-a-cavalo-a-forca-da-equoterapia-na-apae\/#article\",\"isPartOf\":{\"@id\":\"https:\/\/radiolifefm.com.br\/noticias\/superacao-a-cavalo-a-forca-da-equoterapia-na-apae\/\"},\"author\":{\"name\":\"joaograndao\",\"@id\":\"https:\/\/radiolifefm.com.br\/noticias\/#\/schema\/person\/6876e1240feffe6e1b63fd5cb85abf28\"},\"headline\":\"Supera\u00e7\u00e3o a Cavalo: A For\u00e7a da Equoterapia na APAE\",\"datePublished\":\"2025-06-27T19:18:23+00:00\",\"dateModified\":\"2026-04-05T02:01:26+00:00\",\"mainEntityOfPage\":{\"@id\":\"https:\/\/radiolifefm.com.br\/noticias\/superacao-a-cavalo-a-forca-da-equoterapia-na-apae\/\"},\"wordCount\":300,\"publisher\":{\"@id\":\"https:\/\/radiolifefm.com.br\/noticias\/#organization\"},\"image\":{\"@id\":\"https:\/\/radiolifefm.com.br\/noticias\/superacao-a-cavalo-a-forca-da-equoterapia-na-apae\/#primaryimage\"},\"thumbnailUrl\":\"https:\/\/radiolifefm.com.br\/noticias\/wp-content\/uploads\/2025\/06\/WhatsApp-Image-2025-06-26-at-14.50.29-2.jpeg\",\"articleSection\":[\"Geral\"],\"inLanguage\":\"pt-BR\"},{\"@type\":\"WebPage\",\"@id\":\"https:\/\/radiolifefm.com.br\/noticias\/superacao-a-cavalo-a-forca-da-equoterapia-na-apae\/\",\"url\":\"https:\/\/radiolifefm.com.br\/noticias\/superacao-a-cavalo-a-forca-da-equoterapia-na-apae\/\",\"name\":\"Supera\u00e7\u00e3o a Cavalo: A For\u00e7a da Equoterapia na APAE - R\u00e1dio Life FM\",\"isPartOf\":{\"@id\":\"https:\/\/radiolifefm.com.br\/noticias\/#website\"},\"primaryImageOfPage\":{\"@id\":\"https:\/\/radiolifefm.com.br\/noticias\/superacao-a-cavalo-a-forca-da-equoterapia-na-apae\/#primaryimage\"},\"image\":{\"@id\":\"https:\/\/radiolifefm.com.br\/noticias\/superacao-a-cavalo-a-forca-da-equoterapia-na-apae\/#primaryimage\"},\"thumbnailUrl\":\"https:\/\/radiolifefm.com.br\/noticias\/wp-content\/uploads\/2025\/06\/WhatsApp-Image-2025-06-26-at-14.50.29-2.jpeg\",\"datePublished\":\"2025-06-27T19:18:23+00:00\",\"dateModified\":\"2026-04-05T02:01:26+00:00\",\"breadcrumb\":{\"@id\":\"https:\/\/radiolifefm.com.br\/noticias\/superacao-a-cavalo-a-forca-da-equoterapia-na-apae\/#breadcrumb\"},\"inLanguage\":\"pt-BR\",\"potentialAction\":[{\"@type\":\"ReadAction\",\"target\":[\"https:\/\/radiolifefm.com.br\/noticias\/superacao-a-cavalo-a-forca-da-equoterapia-na-apae\/\"]}]},{\"@type\":\"ImageObject\",\"inLanguage\":\"pt-BR\",\"@id\":\"https:\/\/radiolifefm.com.br\/noticias\/superacao-a-cavalo-a-forca-da-equoterapia-na-apae\/#primaryimage\",\"url\":\"https:\/\/radiolifefm.com.br\/noticias\/wp-content\/uploads\/2025\/06\/WhatsApp-Image-2025-06-26-at-14.50.29-2.jpeg\",\"contentUrl\":\"https:\/\/radiolifefm.com.br\/noticias\/wp-content\/uploads\/2025\/06\/WhatsApp-Image-2025-06-26-at-14.50.29-2.jpeg\",\"width\":1600,\"height\":1200},{\"@type\":\"BreadcrumbList\",\"@id\":\"https:\/\/radiolifefm.com.br\/noticias\/superacao-a-cavalo-a-forca-da-equoterapia-na-apae\/#breadcrumb\",\"itemListElement\":[{\"@type\":\"ListItem\",\"position\":1,\"name\":\"In\u00edcio\",\"item\":\"https:\/\/radiolifefm.com.br\/noticias\/\"},{\"@type\":\"ListItem\",\"position\":2,\"name\":\"Supera\u00e7\u00e3o a Cavalo: A For\u00e7a da Equoterapia na APAE\"}]},{\"@type\":\"WebSite\",\"@id\":\"https:\/\/radiolifefm.com.br\/noticias\/#website\",\"url\":\"https:\/\/radiolifefm.com.br\/noticias\/\",\"name\":\"R\u00e1dio Life FM\",\"description\":\"O Portal de Not\u00edcias de Adamantina\",\"publisher\":{\"@id\":\"https:\/\/radiolifefm.com.br\/noticias\/#organization\"},\"alternateName\":\"Life FM\",\"potentialAction\":[{\"@type\":\"SearchAction\",\"target\":{\"@type\":\"EntryPoint\",\"urlTemplate\":\"https:\/\/radiolifefm.com.br\/noticias\/?s={search_term_string}\"},\"query-input\":{\"@type\":\"PropertyValueSpecification\",\"valueRequired\":true,\"valueName\":\"search_term_string\"}}],\"inLanguage\":\"pt-BR\"},{\"@type\":\"Organization\",\"@id\":\"https:\/\/radiolifefm.com.br\/noticias\/#organization\",\"name\":\"R\u00e1dio Life FM\",\"alternateName\":\"Life FM\",\"url\":\"https:\/\/radiolifefm.com.br\/noticias\/\",\"logo\":{\"@type\":\"ImageObject\",\"inLanguage\":\"pt-BR\",\"@id\":\"https:\/\/radiolifefm.com.br\/noticias\/#\/schema\/logo\/image\/\",\"url\":\"https:\/\/static.radiolifefm.com.br\/noticias\/wp-content\/uploads\/2019\/10\/logo-lifefm.png\",\"contentUrl\":\"https:\/\/static.radiolifefm.com.br\/noticias\/wp-content\/uploads\/2019\/10\/logo-lifefm.png\",\"width\":196,\"height\":47,\"caption\":\"R\u00e1dio Life FM\"},\"image\":{\"@id\":\"https:\/\/radiolifefm.com.br\/noticias\/#\/schema\/logo\/image\/\"},\"sameAs\":[\"https:\/\/www.facebook.com\/radiolifefm\/\",\"https:\/\/www.instagram.com\/life1079fm\/\"]},{\"@type\":\"Person\",\"@id\":\"https:\/\/radiolifefm.com.br\/noticias\/#\/schema\/person\/6876e1240feffe6e1b63fd5cb85abf28\",\"name\":\"joaograndao\",\"image\":{\"@type\":\"ImageObject\",\"inLanguage\":\"pt-BR\",\"@id\":\"https:\/\/secure.gravatar.com\/avatar\/d5b1a3cf357ed9c50404e256a1294083aa8ab5d2a994001567302786016cb32c?s=96&d=mm&r=g\",\"url\":\"https:\/\/secure.gravatar.com\/avatar\/d5b1a3cf357ed9c50404e256a1294083aa8ab5d2a994001567302786016cb32c?s=96&d=mm&r=g\",\"contentUrl\":\"https:\/\/secure.gravatar.com\/avatar\/d5b1a3cf357ed9c50404e256a1294083aa8ab5d2a994001567302786016cb32c?s=96&d=mm&r=g\",\"caption\":\"joaograndao\"}}]}<\/script>\n<!-- \/ Yoast SEO plugin. -->","yoast_head_json":{"title":"Supera\u00e7\u00e3o a Cavalo: A For\u00e7a da Equoterapia na APAE - R\u00e1dio Life FM","robots":{"index":"index","follow":"follow","max-snippet":"max-snippet:-1","max-image-preview":"max-image-preview:large","max-video-preview":"max-video-preview:-1"},"canonical":"https:\/\/radiolifefm.com.br\/noticias\/superacao-a-cavalo-a-forca-da-equoterapia-na-apae\/","og_locale":"pt_BR","og_type":"article","og_title":"Supera\u00e7\u00e3o a Cavalo: A For\u00e7a da Equoterapia na APAE - R\u00e1dio Life FM","og_description":"Uma manh\u00e3 de supera\u00e7\u00e3o: como a Equoterapia na APAE transforma vidas com afeto e movimento. Na manh\u00e3 da \u00faltima quarta-feira, 25 de junho, a Ch\u00e1cara da APAE foi cen\u00e1rio de uma significativa apresenta\u00e7\u00e3o dos alunos participantes do programa de Equoterapia, desenvolvido pela institui\u00e7\u00e3o. A atividade, coordenada pela fisioterapeuta Dra. Ana Carolina, contou com a presen\u00e7a [&hellip;]","og_url":"https:\/\/radiolifefm.com.br\/noticias\/superacao-a-cavalo-a-forca-da-equoterapia-na-apae\/","og_site_name":"R\u00e1dio Life FM","article_publisher":"https:\/\/www.facebook.com\/radiolifefm\/","article_published_time":"2025-06-27T19:18:23+00:00","article_modified_time":"2026-04-05T02:01:26+00:00","og_image":[{"width":1600,"height":1200,"url":"https:\/\/radiolifefm.com.br\/noticias\/wp-content\/uploads\/2025\/06\/WhatsApp-Image-2025-06-26-at-14.50.29-2.jpeg","type":"image\/jpeg"}],"author":"joaograndao","twitter_card":"summary_large_image","twitter_misc":{"Escrito por":"joaograndao","Est. tempo de leitura":"2 minutos"},"schema":{"@context":"https:\/\/schema.org","@graph":[{"@type":"Article","@id":"https:\/\/radiolifefm.com.br\/noticias\/superacao-a-cavalo-a-forca-da-equoterapia-na-apae\/#article","isPartOf":{"@id":"https:\/\/radiolifefm.com.br\/noticias\/superacao-a-cavalo-a-forca-da-equoterapia-na-apae\/"},"author":{"name":"joaograndao","@id":"https:\/\/radiolifefm.com.br\/noticias\/#\/schema\/person\/6876e1240feffe6e1b63fd5cb85abf28"},"headline":"Supera\u00e7\u00e3o a Cavalo: A For\u00e7a da Equoterapia na APAE","datePublished":"2025-06-27T19:18:23+00:00","dateModified":"2026-04-05T02:01:26+00:00","mainEntityOfPage":{"@id":"https:\/\/radiolifefm.com.br\/noticias\/superacao-a-cavalo-a-forca-da-equoterapia-na-apae\/"},"wordCount":300,"publisher":{"@id":"https:\/\/radiolifefm.com.br\/noticias\/#organization"},"image":{"@id":"https:\/\/radiolifefm.com.br\/noticias\/superacao-a-cavalo-a-forca-da-equoterapia-na-apae\/#primaryimage"},"thumbnailUrl":"https:\/\/radiolifefm.com.br\/noticias\/wp-content\/uploads\/2025\/06\/WhatsApp-Image-2025-06-26-at-14.50.29-2.jpeg","articleSection":["Geral"],"inLanguage":"pt-BR"},{"@type":"WebPage","@id":"https:\/\/radiolifefm.com.br\/noticias\/superacao-a-cavalo-a-forca-da-equoterapia-na-apae\/","url":"https:\/\/radiolifefm.com.br\/noticias\/superacao-a-cavalo-a-forca-da-equoterapia-na-apae\/","name":"Supera\u00e7\u00e3o a Cavalo: A For\u00e7a da Equoterapia na APAE - R\u00e1dio Life FM","isPartOf":{"@id":"https:\/\/radiolifefm.com.br\/noticias\/#website"},"primaryImageOfPage":{"@id":"https:\/\/radiolifefm.com.br\/noticias\/superacao-a-cavalo-a-forca-da-equoterapia-na-apae\/#primaryimage"},"image":{"@id":"https:\/\/radiolifefm.com.br\/noticias\/superacao-a-cavalo-a-forca-da-equoterapia-na-apae\/#primaryimage"},"thumbnailUrl":"https:\/\/radiolifefm.com.br\/noticias\/wp-content\/uploads\/2025\/06\/WhatsApp-Image-2025-06-26-at-14.50.29-2.jpeg","datePublished":"2025-06-27T19:18:23+00:00","dateModified":"2026-04-05T02:01:26+00:00","breadcrumb":{"@id":"https:\/\/radiolifefm.com.br\/noticias\/superacao-a-cavalo-a-forca-da-equoterapia-na-apae\/#breadcrumb"},"inLanguage":"pt-BR","potentialAction":[{"@type":"ReadAction","target":["https:\/\/radiolifefm.com.br\/noticias\/superacao-a-cavalo-a-forca-da-equoterapia-na-apae\/"]}]},{"@type":"ImageObject","inLanguage":"pt-BR","@id":"https:\/\/radiolifefm.com.br\/noticias\/superacao-a-cavalo-a-forca-da-equoterapia-na-apae\/#primaryimage","url":"https:\/\/radiolifefm.com.br\/noticias\/wp-content\/uploads\/2025\/06\/WhatsApp-Image-2025-06-26-at-14.50.29-2.jpeg","contentUrl":"https:\/\/radiolifefm.com.br\/noticias\/wp-content\/uploads\/2025\/06\/WhatsApp-Image-2025-06-26-at-14.50.29-2.jpeg","width":1600,"height":1200},{"@type":"BreadcrumbList","@id":"https:\/\/radiolifefm.com.br\/noticias\/superacao-a-cavalo-a-forca-da-equoterapia-na-apae\/#breadcrumb","itemListElement":[{"@type":"ListItem","position":1,"name":"In\u00edcio","item":"https:\/\/radiolifefm.com.br\/noticias\/"},{"@type":"ListItem","position":2,"name":"Supera\u00e7\u00e3o a Cavalo: A For\u00e7a da Equoterapia na APAE"}]},{"@type":"WebSite","@id":"https:\/\/radiolifefm.com.br\/noticias\/#website","url":"https:\/\/radiolifefm.com.br\/noticias\/","name":"R\u00e1dio Life FM","description":"O Portal de Not\u00edcias de Adamantina","publisher":{"@id":"https:\/\/radiolifefm.com.br\/noticias\/#organization"},"alternateName":"Life FM","potentialAction":[{"@type":"SearchAction","target":{"@type":"EntryPoint","urlTemplate":"https:\/\/radiolifefm.com.br\/noticias\/?s={search_term_string}"},"query-input":{"@type":"PropertyValueSpecification","valueRequired":true,"valueName":"search_term_string"}}],"inLanguage":"pt-BR"},{"@type":"Organization","@id":"https:\/\/radiolifefm.com.br\/noticias\/#organization","name":"R\u00e1dio Life FM","alternateName":"Life FM","url":"https:\/\/radiolifefm.com.br\/noticias\/","logo":{"@type":"ImageObject","inLanguage":"pt-BR","@id":"https:\/\/radiolifefm.com.br\/noticias\/#\/schema\/logo\/image\/","url":"https:\/\/static.radiolifefm.com.br\/noticias\/wp-content\/uploads\/2019\/10\/logo-lifefm.png","contentUrl":"https:\/\/static.radiolifefm.com.br\/noticias\/wp-content\/uploads\/2019\/10\/logo-lifefm.png","width":196,"height":47,"caption":"R\u00e1dio Life FM"},"image":{"@id":"https:\/\/radiolifefm.com.br\/noticias\/#\/schema\/logo\/image\/"},"sameAs":["https:\/\/www.facebook.com\/radiolifefm\/","https:\/\/www.instagram.com\/life1079fm\/"]},{"@type":"Person","@id":"https:\/\/radiolifefm.com.br\/noticias\/#\/schema\/person\/6876e1240feffe6e1b63fd5cb85abf28","name":"joaograndao","image":{"@type":"ImageObject","inLanguage":"pt-BR","@id":"https:\/\/secure.gravatar.com\/avatar\/d5b1a3cf357ed9c50404e256a1294083aa8ab5d2a994001567302786016cb32c?s=96&d=mm&r=g","url":"https:\/\/secure.gravatar.com\/avatar\/d5b1a3cf357ed9c50404e256a1294083aa8ab5d2a994001567302786016cb32c?s=96&d=mm&r=g","contentUrl":"https:\/\/secure.gravatar.com\/avatar\/d5b1a3cf357ed9c50404e256a1294083aa8ab5d2a994001567302786016cb32c?s=96&d=mm&r=g","caption":"joaograndao"}}]}},"amp_enabled":true,"_links":{"self":[{"href":"https:\/\/radiolifefm.com.br\/noticias\/wp-json\/wp\/v2\/posts\/102382","targetHints":{"allow":["GET"]}}],"collection":[{"href":"https:\/\/radiolifefm.com.br\/noticias\/wp-json\/wp\/v2\/posts"}],"about":[{"href":"https:\/\/radiolifefm.com.br\/noticias\/wp-json\/wp\/v2\/types\/post"}],"author":[{"embeddable":true,"href":"https:\/\/radiolifefm.com.br\/noticias\/wp-json\/wp\/v2\/users\/8"}],"replies":[{"embeddable":true,"href":"https:\/\/radiolifefm.com.br\/noticias\/wp-json\/wp\/v2\/comments?post=102382"}],"version-history":[{"count":1,"href":"https:\/\/radiolifefm.com.br\/noticias\/wp-json\/wp\/v2\/posts\/102382\/revisions"}],"predecessor-version":[{"id":102395,"href":"https:\/\/radiolifefm.com.br\/noticias\/wp-json\/wp\/v2\/posts\/102382\/revisions\/102395"}],"wp:featuredmedia":[{"embeddable":true,"href":"https:\/\/radiolifefm.com.br\/noticias\/wp-json\/wp\/v2\/media\/102384"}],"wp:attachment":[{"href":"https:\/\/radiolifefm.com.br\/noticias\/wp-json\/wp\/v2\/media?parent=102382"}],"wp:term":[{"taxonomy":"category","embeddable":true,"href":"https:\/\/radiolifefm.com.br\/noticias\/wp-json\/wp\/v2\/categories?post=102382"},{"taxonomy":"post_tag","embeddable":true,"href":"https:\/\/radiolifefm.com.br\/noticias\/wp-json\/wp\/v2\/tags?post=102382"}],"curies":[{"name":"wp","href":"https:\/\/api.w.org\/{rel}","templated":true}]}}