{"id":102378,"date":"2025-06-27T16:08:17","date_gmt":"2025-06-27T19:08:17","guid":{"rendered":"https:\/\/radiolifefm.com.br\/noticias\/?p=102378"},"modified":"2026-04-29T13:55:34","modified_gmt":"2026-04-29T16:55:34","slug":"nova-ciclovia-conectara-adamantina-e-lucelia-com-seguranca-e-lazer","status":"publish","type":"post","link":"https:\/\/radiolifefm.com.br\/noticias\/nova-ciclovia-conectara-adamantina-e-lucelia-com-seguranca-e-lazer\/","title":{"rendered":"Nova Ciclovia Conectar\u00e1 Adamantina e Luc\u00e9lia com Seguran\u00e7a e Lazer"},"content":{"rendered":"<div id=\"fb-root\"><\/div>\n<p>A cidade de Adamantina est\u00e1 prestes a dar um importante passo em mobilidade urbana sustent\u00e1vel com a implanta\u00e7\u00e3o de uma nova ciclovia na estrada vicinal Moys\u00e9s Justino da Silva, no trecho que liga o munic\u00edpio \u00e0 divisa com Luc\u00e9lia. Com 920 metros de extens\u00e3o, a ciclovia contar\u00e1 com cal\u00e7adas, pintura, paisagismo, ilumina\u00e7\u00e3o e uma passarela de 30 metros para garantir travessia segura sobre a linha f\u00e9rrea paralela ao atual viaduto.<\/p>\n<p>Mais do que uma infraestrutura para ciclistas, a obra representa um avan\u00e7o na integra\u00e7\u00e3o entre Adamantina e Luc\u00e9lia, favorecendo deslocamentos seguros e incentivando o uso da bicicleta como meio de transporte, lazer e pr\u00e1tica esportiva. A rota, com relevo suave, tamb\u00e9m oferece potencial para passeios em fam\u00edlia e atividades f\u00edsicas ao ar livre, ampliando as op\u00e7\u00f5es de conviv\u00eancia urbana e bem-estar da popula\u00e7\u00e3o.<\/p>\n<p>Com investimento superior a R$ 1 milh\u00e3o por meio do Fundo de Interesses Difusos (FID) da Secretaria da Justi\u00e7a e Cidadania do Estado de S\u00e3o Paulo, o projeto valoriza a escuta ativa da comunidade local, especialmente dos ciclistas que usam diariamente o trajeto para o trabalho, lazer e esporte. A iniciativa tamb\u00e9m abre oportunidades para a instala\u00e7\u00e3o de com\u00e9rcios voltados ao p\u00fablico ciclista, como pontos de hidrata\u00e7\u00e3o e alimenta\u00e7\u00e3o ao longo do percurso. A vereadora Meire Alves convidou um grupo de ciclistas para conhecer o projeto e realizar uma escuta ativa.<\/p>\n<p>A licita\u00e7\u00e3o ser\u00e1 realizada na modalidade concorr\u00eancia eletr\u00f4nica, do tipo menor pre\u00e7o global, com sess\u00e3o p\u00fablica marcada para o dia 18 de julho de 2025, \u00e0s 9h. Paralelamente, Luc\u00e9lia desenvolver\u00e1 projeto semelhante, o que viabilizar\u00e1 no futuro uma ciclovia cont\u00ednua entre os dois munic\u00edpios, promovendo mais seguran\u00e7a, conectividade e qualidade de vida para todos.<\/p>\n","protected":false},"excerpt":{"rendered":"<p>A cidade de Adamantina est\u00e1 prestes a dar um importante passo em mobilidade urbana sustent\u00e1vel com a implanta\u00e7\u00e3o de uma nova ciclovia na estrada vicinal Moys\u00e9s Justino da Silva, no trecho que liga o munic\u00edpio \u00e0 divisa com Luc\u00e9lia. Com 920 metros de extens\u00e3o, a ciclovia contar\u00e1 com cal\u00e7adas, pintura, paisagismo, ilumina\u00e7\u00e3o e uma passarela [&hellip;]<\/p>\n","protected":false},"author":8,"featured_media":102379,"comment_status":"closed","ping_status":"open","sticky":false,"template":"","format":"standard","meta":{"_acf_changed":false,"_exactmetrics_skip_tracking":false,"_exactmetrics_sitenote_active":false,"_exactmetrics_sitenote_note":"","_exactmetrics_sitenote_category":0,"footnotes":""},"categories":[1],"tags":[],"class_list":["post-102378","post","type-post","status-publish","format-standard","has-post-thumbnail","hentry","category-geral"],"acf":[],"yoast_head":"<!-- This site is optimized with the Yoast SEO plugin v27.2 - https:\/\/yoast.com\/product\/yoast-seo-wordpress\/ -->\n<title>Nova Ciclovia Conectar\u00e1 Adamantina e Luc\u00e9lia com Seguran\u00e7a e Lazer - R\u00e1dio Life FM<\/title>\n<meta name=\"robots\" content=\"index, follow, max-snippet:-1, max-image-preview:large, max-video-preview:-1\" \/>\n<link rel=\"canonical\" href=\"https:\/\/radiolifefm.com.br\/noticias\/nova-ciclovia-conectara-adamantina-e-lucelia-com-seguranca-e-lazer\/\" \/>\n<meta property=\"og:locale\" content=\"pt_BR\" \/>\n<meta property=\"og:type\" content=\"article\" \/>\n<meta property=\"og:title\" content=\"Nova Ciclovia Conectar\u00e1 Adamantina e Luc\u00e9lia com Seguran\u00e7a e Lazer - R\u00e1dio Life FM\" \/>\n<meta property=\"og:description\" content=\"A cidade de Adamantina est\u00e1 prestes a dar um importante passo em mobilidade urbana sustent\u00e1vel com a implanta\u00e7\u00e3o de uma nova ciclovia na estrada vicinal Moys\u00e9s Justino da Silva, no trecho que liga o munic\u00edpio \u00e0 divisa com Luc\u00e9lia. Com 920 metros de extens\u00e3o, a ciclovia contar\u00e1 com cal\u00e7adas, pintura, paisagismo, ilumina\u00e7\u00e3o e uma passarela [&hellip;]\" \/>\n<meta property=\"og:url\" content=\"https:\/\/radiolifefm.com.br\/noticias\/nova-ciclovia-conectara-adamantina-e-lucelia-com-seguranca-e-lazer\/\" \/>\n<meta property=\"og:site_name\" content=\"R\u00e1dio Life FM\" \/>\n<meta property=\"article:publisher\" content=\"https:\/\/www.facebook.com\/radiolifefm\/\" \/>\n<meta property=\"article:published_time\" content=\"2025-06-27T19:08:17+00:00\" \/>\n<meta property=\"article:modified_time\" content=\"2026-04-29T16:55:34+00:00\" \/>\n<meta property=\"og:image\" content=\"https:\/\/radiolifefm.com.br\/noticias\/wp-content\/uploads\/2025\/06\/WhatsApp-Image-2025-06-27-at-11.41.13.jpeg\" \/>\n\t<meta property=\"og:image:width\" content=\"1600\" \/>\n\t<meta property=\"og:image:height\" content=\"902\" \/>\n\t<meta property=\"og:image:type\" content=\"image\/jpeg\" \/>\n<meta name=\"author\" content=\"joaograndao\" \/>\n<meta name=\"twitter:card\" content=\"summary_large_image\" \/>\n<meta name=\"twitter:label1\" content=\"Escrito por\" \/>\n\t<meta name=\"twitter:data1\" content=\"joaograndao\" \/>\n\t<meta name=\"twitter:label2\" content=\"Est. tempo de leitura\" \/>\n\t<meta name=\"twitter:data2\" content=\"2 minutos\" \/>\n<script type=\"application\/ld+json\" class=\"yoast-schema-graph\">{\"@context\":\"https:\/\/schema.org\",\"@graph\":[{\"@type\":\"Article\",\"@id\":\"https:\/\/radiolifefm.com.br\/noticias\/nova-ciclovia-conectara-adamantina-e-lucelia-com-seguranca-e-lazer\/#article\",\"isPartOf\":{\"@id\":\"https:\/\/radiolifefm.com.br\/noticias\/nova-ciclovia-conectara-adamantina-e-lucelia-com-seguranca-e-lazer\/\"},\"author\":{\"name\":\"joaograndao\",\"@id\":\"https:\/\/radiolifefm.com.br\/noticias\/#\/schema\/person\/6876e1240feffe6e1b63fd5cb85abf28\"},\"headline\":\"Nova Ciclovia Conectar\u00e1 Adamantina e Luc\u00e9lia com Seguran\u00e7a e Lazer\",\"datePublished\":\"2025-06-27T19:08:17+00:00\",\"dateModified\":\"2026-04-29T16:55:34+00:00\",\"mainEntityOfPage\":{\"@id\":\"https:\/\/radiolifefm.com.br\/noticias\/nova-ciclovia-conectara-adamantina-e-lucelia-com-seguranca-e-lazer\/\"},\"wordCount\":322,\"publisher\":{\"@id\":\"https:\/\/radiolifefm.com.br\/noticias\/#organization\"},\"image\":{\"@id\":\"https:\/\/radiolifefm.com.br\/noticias\/nova-ciclovia-conectara-adamantina-e-lucelia-com-seguranca-e-lazer\/#primaryimage\"},\"thumbnailUrl\":\"https:\/\/radiolifefm.com.br\/noticias\/wp-content\/uploads\/2025\/06\/WhatsApp-Image-2025-06-27-at-11.41.13.jpeg\",\"articleSection\":[\"Geral\"],\"inLanguage\":\"pt-BR\"},{\"@type\":\"WebPage\",\"@id\":\"https:\/\/radiolifefm.com.br\/noticias\/nova-ciclovia-conectara-adamantina-e-lucelia-com-seguranca-e-lazer\/\",\"url\":\"https:\/\/radiolifefm.com.br\/noticias\/nova-ciclovia-conectara-adamantina-e-lucelia-com-seguranca-e-lazer\/\",\"name\":\"Nova Ciclovia Conectar\u00e1 Adamantina e Luc\u00e9lia com Seguran\u00e7a e Lazer - R\u00e1dio Life FM\",\"isPartOf\":{\"@id\":\"https:\/\/radiolifefm.com.br\/noticias\/#website\"},\"primaryImageOfPage\":{\"@id\":\"https:\/\/radiolifefm.com.br\/noticias\/nova-ciclovia-conectara-adamantina-e-lucelia-com-seguranca-e-lazer\/#primaryimage\"},\"image\":{\"@id\":\"https:\/\/radiolifefm.com.br\/noticias\/nova-ciclovia-conectara-adamantina-e-lucelia-com-seguranca-e-lazer\/#primaryimage\"},\"thumbnailUrl\":\"https:\/\/radiolifefm.com.br\/noticias\/wp-content\/uploads\/2025\/06\/WhatsApp-Image-2025-06-27-at-11.41.13.jpeg\",\"datePublished\":\"2025-06-27T19:08:17+00:00\",\"dateModified\":\"2026-04-29T16:55:34+00:00\",\"breadcrumb\":{\"@id\":\"https:\/\/radiolifefm.com.br\/noticias\/nova-ciclovia-conectara-adamantina-e-lucelia-com-seguranca-e-lazer\/#breadcrumb\"},\"inLanguage\":\"pt-BR\",\"potentialAction\":[{\"@type\":\"ReadAction\",\"target\":[\"https:\/\/radiolifefm.com.br\/noticias\/nova-ciclovia-conectara-adamantina-e-lucelia-com-seguranca-e-lazer\/\"]}]},{\"@type\":\"ImageObject\",\"inLanguage\":\"pt-BR\",\"@id\":\"https:\/\/radiolifefm.com.br\/noticias\/nova-ciclovia-conectara-adamantina-e-lucelia-com-seguranca-e-lazer\/#primaryimage\",\"url\":\"https:\/\/radiolifefm.com.br\/noticias\/wp-content\/uploads\/2025\/06\/WhatsApp-Image-2025-06-27-at-11.41.13.jpeg\",\"contentUrl\":\"https:\/\/radiolifefm.com.br\/noticias\/wp-content\/uploads\/2025\/06\/WhatsApp-Image-2025-06-27-at-11.41.13.jpeg\",\"width\":1600,\"height\":902},{\"@type\":\"BreadcrumbList\",\"@id\":\"https:\/\/radiolifefm.com.br\/noticias\/nova-ciclovia-conectara-adamantina-e-lucelia-com-seguranca-e-lazer\/#breadcrumb\",\"itemListElement\":[{\"@type\":\"ListItem\",\"position\":1,\"name\":\"In\u00edcio\",\"item\":\"https:\/\/radiolifefm.com.br\/noticias\/\"},{\"@type\":\"ListItem\",\"position\":2,\"name\":\"Nova Ciclovia Conectar\u00e1 Adamantina e Luc\u00e9lia com Seguran\u00e7a e Lazer\"}]},{\"@type\":\"WebSite\",\"@id\":\"https:\/\/radiolifefm.com.br\/noticias\/#website\",\"url\":\"https:\/\/radiolifefm.com.br\/noticias\/\",\"name\":\"R\u00e1dio Life FM\",\"description\":\"O Portal de Not\u00edcias de Adamantina\",\"publisher\":{\"@id\":\"https:\/\/radiolifefm.com.br\/noticias\/#organization\"},\"alternateName\":\"Life FM\",\"potentialAction\":[{\"@type\":\"SearchAction\",\"target\":{\"@type\":\"EntryPoint\",\"urlTemplate\":\"https:\/\/radiolifefm.com.br\/noticias\/?s={search_term_string}\"},\"query-input\":{\"@type\":\"PropertyValueSpecification\",\"valueRequired\":true,\"valueName\":\"search_term_string\"}}],\"inLanguage\":\"pt-BR\"},{\"@type\":\"Organization\",\"@id\":\"https:\/\/radiolifefm.com.br\/noticias\/#organization\",\"name\":\"R\u00e1dio Life FM\",\"alternateName\":\"Life FM\",\"url\":\"https:\/\/radiolifefm.com.br\/noticias\/\",\"logo\":{\"@type\":\"ImageObject\",\"inLanguage\":\"pt-BR\",\"@id\":\"https:\/\/radiolifefm.com.br\/noticias\/#\/schema\/logo\/image\/\",\"url\":\"https:\/\/static.radiolifefm.com.br\/noticias\/wp-content\/uploads\/2019\/10\/logo-lifefm.png\",\"contentUrl\":\"https:\/\/static.radiolifefm.com.br\/noticias\/wp-content\/uploads\/2019\/10\/logo-lifefm.png\",\"width\":196,\"height\":47,\"caption\":\"R\u00e1dio Life FM\"},\"image\":{\"@id\":\"https:\/\/radiolifefm.com.br\/noticias\/#\/schema\/logo\/image\/\"},\"sameAs\":[\"https:\/\/www.facebook.com\/radiolifefm\/\",\"https:\/\/www.instagram.com\/life1079fm\/\"]},{\"@type\":\"Person\",\"@id\":\"https:\/\/radiolifefm.com.br\/noticias\/#\/schema\/person\/6876e1240feffe6e1b63fd5cb85abf28\",\"name\":\"joaograndao\",\"image\":{\"@type\":\"ImageObject\",\"inLanguage\":\"pt-BR\",\"@id\":\"https:\/\/secure.gravatar.com\/avatar\/d5b1a3cf357ed9c50404e256a1294083aa8ab5d2a994001567302786016cb32c?s=96&d=mm&r=g\",\"url\":\"https:\/\/secure.gravatar.com\/avatar\/d5b1a3cf357ed9c50404e256a1294083aa8ab5d2a994001567302786016cb32c?s=96&d=mm&r=g\",\"contentUrl\":\"https:\/\/secure.gravatar.com\/avatar\/d5b1a3cf357ed9c50404e256a1294083aa8ab5d2a994001567302786016cb32c?s=96&d=mm&r=g\",\"caption\":\"joaograndao\"}}]}<\/script>\n<!-- \/ Yoast SEO plugin. -->","yoast_head_json":{"title":"Nova Ciclovia Conectar\u00e1 Adamantina e Luc\u00e9lia com Seguran\u00e7a e Lazer - R\u00e1dio Life FM","robots":{"index":"index","follow":"follow","max-snippet":"max-snippet:-1","max-image-preview":"max-image-preview:large","max-video-preview":"max-video-preview:-1"},"canonical":"https:\/\/radiolifefm.com.br\/noticias\/nova-ciclovia-conectara-adamantina-e-lucelia-com-seguranca-e-lazer\/","og_locale":"pt_BR","og_type":"article","og_title":"Nova Ciclovia Conectar\u00e1 Adamantina e Luc\u00e9lia com Seguran\u00e7a e Lazer - R\u00e1dio Life FM","og_description":"A cidade de Adamantina est\u00e1 prestes a dar um importante passo em mobilidade urbana sustent\u00e1vel com a implanta\u00e7\u00e3o de uma nova ciclovia na estrada vicinal Moys\u00e9s Justino da Silva, no trecho que liga o munic\u00edpio \u00e0 divisa com Luc\u00e9lia. Com 920 metros de extens\u00e3o, a ciclovia contar\u00e1 com cal\u00e7adas, pintura, paisagismo, ilumina\u00e7\u00e3o e uma passarela [&hellip;]","og_url":"https:\/\/radiolifefm.com.br\/noticias\/nova-ciclovia-conectara-adamantina-e-lucelia-com-seguranca-e-lazer\/","og_site_name":"R\u00e1dio Life FM","article_publisher":"https:\/\/www.facebook.com\/radiolifefm\/","article_published_time":"2025-06-27T19:08:17+00:00","article_modified_time":"2026-04-29T16:55:34+00:00","og_image":[{"width":1600,"height":902,"url":"https:\/\/radiolifefm.com.br\/noticias\/wp-content\/uploads\/2025\/06\/WhatsApp-Image-2025-06-27-at-11.41.13.jpeg","type":"image\/jpeg"}],"author":"joaograndao","twitter_card":"summary_large_image","twitter_misc":{"Escrito por":"joaograndao","Est. tempo de leitura":"2 minutos"},"schema":{"@context":"https:\/\/schema.org","@graph":[{"@type":"Article","@id":"https:\/\/radiolifefm.com.br\/noticias\/nova-ciclovia-conectara-adamantina-e-lucelia-com-seguranca-e-lazer\/#article","isPartOf":{"@id":"https:\/\/radiolifefm.com.br\/noticias\/nova-ciclovia-conectara-adamantina-e-lucelia-com-seguranca-e-lazer\/"},"author":{"name":"joaograndao","@id":"https:\/\/radiolifefm.com.br\/noticias\/#\/schema\/person\/6876e1240feffe6e1b63fd5cb85abf28"},"headline":"Nova Ciclovia Conectar\u00e1 Adamantina e Luc\u00e9lia com Seguran\u00e7a e Lazer","datePublished":"2025-06-27T19:08:17+00:00","dateModified":"2026-04-29T16:55:34+00:00","mainEntityOfPage":{"@id":"https:\/\/radiolifefm.com.br\/noticias\/nova-ciclovia-conectara-adamantina-e-lucelia-com-seguranca-e-lazer\/"},"wordCount":322,"publisher":{"@id":"https:\/\/radiolifefm.com.br\/noticias\/#organization"},"image":{"@id":"https:\/\/radiolifefm.com.br\/noticias\/nova-ciclovia-conectara-adamantina-e-lucelia-com-seguranca-e-lazer\/#primaryimage"},"thumbnailUrl":"https:\/\/radiolifefm.com.br\/noticias\/wp-content\/uploads\/2025\/06\/WhatsApp-Image-2025-06-27-at-11.41.13.jpeg","articleSection":["Geral"],"inLanguage":"pt-BR"},{"@type":"WebPage","@id":"https:\/\/radiolifefm.com.br\/noticias\/nova-ciclovia-conectara-adamantina-e-lucelia-com-seguranca-e-lazer\/","url":"https:\/\/radiolifefm.com.br\/noticias\/nova-ciclovia-conectara-adamantina-e-lucelia-com-seguranca-e-lazer\/","name":"Nova Ciclovia Conectar\u00e1 Adamantina e Luc\u00e9lia com Seguran\u00e7a e Lazer - R\u00e1dio Life FM","isPartOf":{"@id":"https:\/\/radiolifefm.com.br\/noticias\/#website"},"primaryImageOfPage":{"@id":"https:\/\/radiolifefm.com.br\/noticias\/nova-ciclovia-conectara-adamantina-e-lucelia-com-seguranca-e-lazer\/#primaryimage"},"image":{"@id":"https:\/\/radiolifefm.com.br\/noticias\/nova-ciclovia-conectara-adamantina-e-lucelia-com-seguranca-e-lazer\/#primaryimage"},"thumbnailUrl":"https:\/\/radiolifefm.com.br\/noticias\/wp-content\/uploads\/2025\/06\/WhatsApp-Image-2025-06-27-at-11.41.13.jpeg","datePublished":"2025-06-27T19:08:17+00:00","dateModified":"2026-04-29T16:55:34+00:00","breadcrumb":{"@id":"https:\/\/radiolifefm.com.br\/noticias\/nova-ciclovia-conectara-adamantina-e-lucelia-com-seguranca-e-lazer\/#breadcrumb"},"inLanguage":"pt-BR","potentialAction":[{"@type":"ReadAction","target":["https:\/\/radiolifefm.com.br\/noticias\/nova-ciclovia-conectara-adamantina-e-lucelia-com-seguranca-e-lazer\/"]}]},{"@type":"ImageObject","inLanguage":"pt-BR","@id":"https:\/\/radiolifefm.com.br\/noticias\/nova-ciclovia-conectara-adamantina-e-lucelia-com-seguranca-e-lazer\/#primaryimage","url":"https:\/\/radiolifefm.com.br\/noticias\/wp-content\/uploads\/2025\/06\/WhatsApp-Image-2025-06-27-at-11.41.13.jpeg","contentUrl":"https:\/\/radiolifefm.com.br\/noticias\/wp-content\/uploads\/2025\/06\/WhatsApp-Image-2025-06-27-at-11.41.13.jpeg","width":1600,"height":902},{"@type":"BreadcrumbList","@id":"https:\/\/radiolifefm.com.br\/noticias\/nova-ciclovia-conectara-adamantina-e-lucelia-com-seguranca-e-lazer\/#breadcrumb","itemListElement":[{"@type":"ListItem","position":1,"name":"In\u00edcio","item":"https:\/\/radiolifefm.com.br\/noticias\/"},{"@type":"ListItem","position":2,"name":"Nova Ciclovia Conectar\u00e1 Adamantina e Luc\u00e9lia com Seguran\u00e7a e Lazer"}]},{"@type":"WebSite","@id":"https:\/\/radiolifefm.com.br\/noticias\/#website","url":"https:\/\/radiolifefm.com.br\/noticias\/","name":"R\u00e1dio Life FM","description":"O Portal de Not\u00edcias de Adamantina","publisher":{"@id":"https:\/\/radiolifefm.com.br\/noticias\/#organization"},"alternateName":"Life FM","potentialAction":[{"@type":"SearchAction","target":{"@type":"EntryPoint","urlTemplate":"https:\/\/radiolifefm.com.br\/noticias\/?s={search_term_string}"},"query-input":{"@type":"PropertyValueSpecification","valueRequired":true,"valueName":"search_term_string"}}],"inLanguage":"pt-BR"},{"@type":"Organization","@id":"https:\/\/radiolifefm.com.br\/noticias\/#organization","name":"R\u00e1dio Life FM","alternateName":"Life FM","url":"https:\/\/radiolifefm.com.br\/noticias\/","logo":{"@type":"ImageObject","inLanguage":"pt-BR","@id":"https:\/\/radiolifefm.com.br\/noticias\/#\/schema\/logo\/image\/","url":"https:\/\/static.radiolifefm.com.br\/noticias\/wp-content\/uploads\/2019\/10\/logo-lifefm.png","contentUrl":"https:\/\/static.radiolifefm.com.br\/noticias\/wp-content\/uploads\/2019\/10\/logo-lifefm.png","width":196,"height":47,"caption":"R\u00e1dio Life FM"},"image":{"@id":"https:\/\/radiolifefm.com.br\/noticias\/#\/schema\/logo\/image\/"},"sameAs":["https:\/\/www.facebook.com\/radiolifefm\/","https:\/\/www.instagram.com\/life1079fm\/"]},{"@type":"Person","@id":"https:\/\/radiolifefm.com.br\/noticias\/#\/schema\/person\/6876e1240feffe6e1b63fd5cb85abf28","name":"joaograndao","image":{"@type":"ImageObject","inLanguage":"pt-BR","@id":"https:\/\/secure.gravatar.com\/avatar\/d5b1a3cf357ed9c50404e256a1294083aa8ab5d2a994001567302786016cb32c?s=96&d=mm&r=g","url":"https:\/\/secure.gravatar.com\/avatar\/d5b1a3cf357ed9c50404e256a1294083aa8ab5d2a994001567302786016cb32c?s=96&d=mm&r=g","contentUrl":"https:\/\/secure.gravatar.com\/avatar\/d5b1a3cf357ed9c50404e256a1294083aa8ab5d2a994001567302786016cb32c?s=96&d=mm&r=g","caption":"joaograndao"}}]}},"amp_enabled":true,"_links":{"self":[{"href":"https:\/\/radiolifefm.com.br\/noticias\/wp-json\/wp\/v2\/posts\/102378","targetHints":{"allow":["GET"]}}],"collection":[{"href":"https:\/\/radiolifefm.com.br\/noticias\/wp-json\/wp\/v2\/posts"}],"about":[{"href":"https:\/\/radiolifefm.com.br\/noticias\/wp-json\/wp\/v2\/types\/post"}],"author":[{"embeddable":true,"href":"https:\/\/radiolifefm.com.br\/noticias\/wp-json\/wp\/v2\/users\/8"}],"replies":[{"embeddable":true,"href":"https:\/\/radiolifefm.com.br\/noticias\/wp-json\/wp\/v2\/comments?post=102378"}],"version-history":[{"count":2,"href":"https:\/\/radiolifefm.com.br\/noticias\/wp-json\/wp\/v2\/posts\/102378\/revisions"}],"predecessor-version":[{"id":102381,"href":"https:\/\/radiolifefm.com.br\/noticias\/wp-json\/wp\/v2\/posts\/102378\/revisions\/102381"}],"wp:featuredmedia":[{"embeddable":true,"href":"https:\/\/radiolifefm.com.br\/noticias\/wp-json\/wp\/v2\/media\/102379"}],"wp:attachment":[{"href":"https:\/\/radiolifefm.com.br\/noticias\/wp-json\/wp\/v2\/media?parent=102378"}],"wp:term":[{"taxonomy":"category","embeddable":true,"href":"https:\/\/radiolifefm.com.br\/noticias\/wp-json\/wp\/v2\/categories?post=102378"},{"taxonomy":"post_tag","embeddable":true,"href":"https:\/\/radiolifefm.com.br\/noticias\/wp-json\/wp\/v2\/tags?post=102378"}],"curies":[{"name":"wp","href":"https:\/\/api.w.org\/{rel}","templated":true}]}}