{"id":102353,"date":"2025-06-27T15:47:34","date_gmt":"2025-06-27T18:47:34","guid":{"rendered":"https:\/\/radiolifefm.com.br\/noticias\/?p=102353"},"modified":"2026-04-28T02:51:26","modified_gmt":"2026-04-28T05:51:26","slug":"prosa-do-campo-life-fm-valoriza-o-agro-com-dialogo-inspirador-sobre-empreendedorismo-na-pecuaria","status":"publish","type":"post","link":"https:\/\/radiolifefm.com.br\/noticias\/prosa-do-campo-life-fm-valoriza-o-agro-com-dialogo-inspirador-sobre-empreendedorismo-na-pecuaria\/","title":{"rendered":"Prosa Do Campo: Life FM valoriza o agro com di\u00e1logo inspirador sobre empreendedorismo na pecu\u00e1ria"},"content":{"rendered":"<div id=\"fb-root\"><\/div>\n<p>Em mais uma demonstra\u00e7\u00e3o de compromisso com a comunica\u00e7\u00e3o regional e o fortalecimento do meio rural, a Life FM transmitiu na \u00faltima segunda-feira, 23 de junho, mais uma edi\u00e7\u00e3o do podcast Prosa Do Campo. O programa, que vai ao ar semanalmente pela frequ\u00eancia 107,8MHz e nas plataformas digitais da emissora, traz ao p\u00fablico temas relevantes, hist\u00f3rias inspiradoras e conte\u00fados que valorizam o universo agro, conectando a cidade com o campo.<\/p>\n<div class='flex flex-wrap items-center -mx-1'>\r\n<a class='thumbnail gallery p-1 w-1\/2 md:w-1\/4' href='https:\/\/radiolifefm.com.br\/noticias\/wp-content\/uploads\/2025\/06\/WhatsApp-Image-2025-06-24-at-13.48.17.jpeg'><img class='border border-white' src='https:\/\/radiolifefm.com.br\/noticias\/wp-content\/uploads\/2025\/06\/WhatsApp-Image-2025-06-24-at-13.48.17-200x200.jpeg' alt='WhatsApp Image 2025 06 24 At 13.48.17' \/><\/a><a class='thumbnail gallery p-1 w-1\/2 md:w-1\/4' href='https:\/\/radiolifefm.com.br\/noticias\/wp-content\/uploads\/2025\/06\/WhatsApp-Image-2025-06-24-at-13.48.18.jpeg'><img class='border border-white' src='https:\/\/radiolifefm.com.br\/noticias\/wp-content\/uploads\/2025\/06\/WhatsApp-Image-2025-06-24-at-13.48.18-200x200.jpeg' alt='WhatsApp Image 2025 06 24 At 13.48.18' \/><\/a><\/div>\n<p>Nesta edi\u00e7\u00e3o, o destaque foi o tema \u201cempreendedorismo na pecu\u00e1ria\u201d, abordado em uma conversa envolvente entre o apresentador Cristiano do Mour\u00e3o e o convidado Junior Teixeira, integrante da empresa Luc\u00e9lia Leil\u00f5es. Junior compartilhou sua trajet\u00f3ria e os desafios enfrentados no cotidiano da atividade pecu\u00e1ria, destacando que \u201cser pecuarista \u00e9 ter resist\u00eancia e persist\u00eancia, unindo la\u00e7os para levar o melhor da pecu\u00e1ria ao homem do campo\u201d.<\/p>\n<div class='flex flex-wrap items-center -mx-1'>\r\n<a class='thumbnail gallery p-1 w-1\/2 md:w-1\/4' href='https:\/\/radiolifefm.com.br\/noticias\/wp-content\/uploads\/2025\/06\/WhatsApp-Image-2025-06-24-at-13.48.18-1.jpeg'><img class='border border-white' src='https:\/\/radiolifefm.com.br\/noticias\/wp-content\/uploads\/2025\/06\/WhatsApp-Image-2025-06-24-at-13.48.18-1-200x200.jpeg' alt='WhatsApp Image 2025 06 24 At 13.48.18 (1)' \/><\/a><a class='thumbnail gallery p-1 w-1\/2 md:w-1\/4' href='https:\/\/radiolifefm.com.br\/noticias\/wp-content\/uploads\/2025\/06\/WhatsApp-Image-2025-06-24-at-13.48.18-2.jpeg'><img class='border border-white' src='https:\/\/radiolifefm.com.br\/noticias\/wp-content\/uploads\/2025\/06\/WhatsApp-Image-2025-06-24-at-13.48.18-2-200x200.jpeg' alt='WhatsApp Image 2025 06 24 At 13.48.18 (2)' \/><\/a><\/div>\n<p>Com sua condu\u00e7\u00e3o carism\u00e1tica e dom\u00ednio do conte\u00fado rural, Cristiano do Mour\u00e3o d\u00e1 vida ao programa, promovendo di\u00e1logos que inspiram e informam. A cada epis\u00f3dio, ele cria uma ponte de confian\u00e7a entre ouvintes e convidados, consolidando a proposta da Life FM de dar voz ao interior com autenticidade e respeito \u00e0 cultura agro.<\/p>\n<div class='flex flex-wrap items-center -mx-1'>\r\n<a class='thumbnail gallery p-1 w-1\/2 md:w-1\/4' href='https:\/\/radiolifefm.com.br\/noticias\/wp-content\/uploads\/2025\/06\/WhatsApp-Image-2025-06-24-at-13.48.18-3.jpeg'><img class='border border-white' src='https:\/\/radiolifefm.com.br\/noticias\/wp-content\/uploads\/2025\/06\/WhatsApp-Image-2025-06-24-at-13.48.18-3-200x200.jpeg' alt='WhatsApp Image 2025 06 24 At 13.48.18 (3)' \/><\/a><a class='thumbnail gallery p-1 w-1\/2 md:w-1\/4' href='https:\/\/radiolifefm.com.br\/noticias\/wp-content\/uploads\/2025\/06\/WhatsApp-Image-2025-06-24-at-13.48.19-1.jpeg'><img class='border border-white' src='https:\/\/radiolifefm.com.br\/noticias\/wp-content\/uploads\/2025\/06\/WhatsApp-Image-2025-06-24-at-13.48.19-1-200x200.jpeg' alt='WhatsApp Image 2025 06 24 At 13.48.19 (1)' \/><\/a><\/div>\n<p>A iniciativa da Life FM com o Prosa Do Campo refor\u00e7a a import\u00e2ncia de espa\u00e7os na m\u00eddia voltados ao agro, n\u00e3o apenas para disseminar conhecimento, mas tamb\u00e9m para valorizar o homem do campo e sua contribui\u00e7\u00e3o essencial \u00e0 economia e \u00e0 identidade nacional. Em meio aos desafios e transforma\u00e7\u00f5es do setor, o podcast surge como ferramenta de motiva\u00e7\u00e3o, troca de experi\u00eancias e reconhecimento de quem persiste e resiste, dia ap\u00f3s dia, sob o c\u00e9u do Brasil rural.<\/p>\n<p><a href=\"https:\/\/www.youtube.com\/watch?v=PlnhyzAJrH8&amp;t=1s\">https:\/\/www.youtube.com\/watch?v=PlnhyzAJrH8&amp;t=1s<\/a><\/p>\n","protected":false},"excerpt":{"rendered":"<p>Em mais uma demonstra\u00e7\u00e3o de compromisso com a comunica\u00e7\u00e3o regional e o fortalecimento do meio rural, a Life FM transmitiu na \u00faltima segunda-feira, 23 de junho, mais uma edi\u00e7\u00e3o do podcast Prosa Do Campo. O programa, que vai ao ar semanalmente pela frequ\u00eancia 107,8MHz e nas plataformas digitais da emissora, traz ao p\u00fablico temas relevantes, [&hellip;]<\/p>\n","protected":false},"author":8,"featured_media":102354,"comment_status":"closed","ping_status":"open","sticky":false,"template":"","format":"standard","meta":{"_acf_changed":false,"_exactmetrics_skip_tracking":false,"_exactmetrics_sitenote_active":false,"_exactmetrics_sitenote_note":"","_exactmetrics_sitenote_category":0,"footnotes":""},"categories":[191],"tags":[],"class_list":["post-102353","post","type-post","status-publish","format-standard","has-post-thumbnail","hentry","category-prosa-do-campo"],"acf":[],"yoast_head":"<!-- This site is optimized with the Yoast SEO plugin v27.2 - https:\/\/yoast.com\/product\/yoast-seo-wordpress\/ -->\n<title>Prosa Do Campo: Life FM valoriza o agro com di\u00e1logo inspirador sobre empreendedorismo na pecu\u00e1ria - R\u00e1dio Life FM<\/title>\n<meta name=\"robots\" content=\"index, follow, max-snippet:-1, max-image-preview:large, max-video-preview:-1\" \/>\n<link rel=\"canonical\" href=\"https:\/\/radiolifefm.com.br\/noticias\/prosa-do-campo-life-fm-valoriza-o-agro-com-dialogo-inspirador-sobre-empreendedorismo-na-pecuaria\/\" \/>\n<meta property=\"og:locale\" content=\"pt_BR\" \/>\n<meta property=\"og:type\" content=\"article\" \/>\n<meta property=\"og:title\" content=\"Prosa Do Campo: Life FM valoriza o agro com di\u00e1logo inspirador sobre empreendedorismo na pecu\u00e1ria - R\u00e1dio Life FM\" \/>\n<meta property=\"og:description\" content=\"Em mais uma demonstra\u00e7\u00e3o de compromisso com a comunica\u00e7\u00e3o regional e o fortalecimento do meio rural, a Life FM transmitiu na \u00faltima segunda-feira, 23 de junho, mais uma edi\u00e7\u00e3o do podcast Prosa Do Campo. O programa, que vai ao ar semanalmente pela frequ\u00eancia 107,8MHz e nas plataformas digitais da emissora, traz ao p\u00fablico temas relevantes, [&hellip;]\" \/>\n<meta property=\"og:url\" content=\"https:\/\/radiolifefm.com.br\/noticias\/prosa-do-campo-life-fm-valoriza-o-agro-com-dialogo-inspirador-sobre-empreendedorismo-na-pecuaria\/\" \/>\n<meta property=\"og:site_name\" content=\"R\u00e1dio Life FM\" \/>\n<meta property=\"article:publisher\" content=\"https:\/\/www.facebook.com\/radiolifefm\/\" \/>\n<meta property=\"article:published_time\" content=\"2025-06-27T18:47:34+00:00\" \/>\n<meta property=\"article:modified_time\" content=\"2026-04-28T05:51:26+00:00\" \/>\n<meta property=\"og:image\" content=\"https:\/\/radiolifefm.com.br\/noticias\/wp-content\/uploads\/2025\/06\/Marca-dagua-Jornal-do-Meio-Dia-Site-1.jpg\" \/>\n\t<meta property=\"og:image:width\" content=\"1366\" \/>\n\t<meta property=\"og:image:height\" content=\"768\" \/>\n\t<meta property=\"og:image:type\" content=\"image\/jpeg\" \/>\n<meta name=\"author\" content=\"joaograndao\" \/>\n<meta name=\"twitter:card\" content=\"summary_large_image\" \/>\n<meta name=\"twitter:label1\" content=\"Escrito por\" \/>\n\t<meta name=\"twitter:data1\" content=\"joaograndao\" \/>\n\t<meta name=\"twitter:label2\" content=\"Est. tempo de leitura\" \/>\n\t<meta name=\"twitter:data2\" content=\"2 minutos\" \/>\n<script type=\"application\/ld+json\" class=\"yoast-schema-graph\">{\"@context\":\"https:\/\/schema.org\",\"@graph\":[{\"@type\":\"Article\",\"@id\":\"https:\/\/radiolifefm.com.br\/noticias\/prosa-do-campo-life-fm-valoriza-o-agro-com-dialogo-inspirador-sobre-empreendedorismo-na-pecuaria\/#article\",\"isPartOf\":{\"@id\":\"https:\/\/radiolifefm.com.br\/noticias\/prosa-do-campo-life-fm-valoriza-o-agro-com-dialogo-inspirador-sobre-empreendedorismo-na-pecuaria\/\"},\"author\":{\"name\":\"joaograndao\",\"@id\":\"https:\/\/radiolifefm.com.br\/noticias\/#\/schema\/person\/6876e1240feffe6e1b63fd5cb85abf28\"},\"headline\":\"Prosa Do Campo: Life FM valoriza o agro com di\u00e1logo inspirador sobre empreendedorismo na pecu\u00e1ria\",\"datePublished\":\"2025-06-27T18:47:34+00:00\",\"dateModified\":\"2026-04-28T05:51:26+00:00\",\"mainEntityOfPage\":{\"@id\":\"https:\/\/radiolifefm.com.br\/noticias\/prosa-do-campo-life-fm-valoriza-o-agro-com-dialogo-inspirador-sobre-empreendedorismo-na-pecuaria\/\"},\"wordCount\":331,\"publisher\":{\"@id\":\"https:\/\/radiolifefm.com.br\/noticias\/#organization\"},\"image\":{\"@id\":\"https:\/\/radiolifefm.com.br\/noticias\/prosa-do-campo-life-fm-valoriza-o-agro-com-dialogo-inspirador-sobre-empreendedorismo-na-pecuaria\/#primaryimage\"},\"thumbnailUrl\":\"https:\/\/radiolifefm.com.br\/noticias\/wp-content\/uploads\/2025\/06\/Marca-dagua-Jornal-do-Meio-Dia-Site-1.jpg\",\"articleSection\":[\"Prosa do Campo\"],\"inLanguage\":\"pt-BR\"},{\"@type\":\"WebPage\",\"@id\":\"https:\/\/radiolifefm.com.br\/noticias\/prosa-do-campo-life-fm-valoriza-o-agro-com-dialogo-inspirador-sobre-empreendedorismo-na-pecuaria\/\",\"url\":\"https:\/\/radiolifefm.com.br\/noticias\/prosa-do-campo-life-fm-valoriza-o-agro-com-dialogo-inspirador-sobre-empreendedorismo-na-pecuaria\/\",\"name\":\"Prosa Do Campo: Life FM valoriza o agro com di\u00e1logo inspirador sobre empreendedorismo na pecu\u00e1ria - R\u00e1dio Life FM\",\"isPartOf\":{\"@id\":\"https:\/\/radiolifefm.com.br\/noticias\/#website\"},\"primaryImageOfPage\":{\"@id\":\"https:\/\/radiolifefm.com.br\/noticias\/prosa-do-campo-life-fm-valoriza-o-agro-com-dialogo-inspirador-sobre-empreendedorismo-na-pecuaria\/#primaryimage\"},\"image\":{\"@id\":\"https:\/\/radiolifefm.com.br\/noticias\/prosa-do-campo-life-fm-valoriza-o-agro-com-dialogo-inspirador-sobre-empreendedorismo-na-pecuaria\/#primaryimage\"},\"thumbnailUrl\":\"https:\/\/radiolifefm.com.br\/noticias\/wp-content\/uploads\/2025\/06\/Marca-dagua-Jornal-do-Meio-Dia-Site-1.jpg\",\"datePublished\":\"2025-06-27T18:47:34+00:00\",\"dateModified\":\"2026-04-28T05:51:26+00:00\",\"breadcrumb\":{\"@id\":\"https:\/\/radiolifefm.com.br\/noticias\/prosa-do-campo-life-fm-valoriza-o-agro-com-dialogo-inspirador-sobre-empreendedorismo-na-pecuaria\/#breadcrumb\"},\"inLanguage\":\"pt-BR\",\"potentialAction\":[{\"@type\":\"ReadAction\",\"target\":[\"https:\/\/radiolifefm.com.br\/noticias\/prosa-do-campo-life-fm-valoriza-o-agro-com-dialogo-inspirador-sobre-empreendedorismo-na-pecuaria\/\"]}]},{\"@type\":\"ImageObject\",\"inLanguage\":\"pt-BR\",\"@id\":\"https:\/\/radiolifefm.com.br\/noticias\/prosa-do-campo-life-fm-valoriza-o-agro-com-dialogo-inspirador-sobre-empreendedorismo-na-pecuaria\/#primaryimage\",\"url\":\"https:\/\/radiolifefm.com.br\/noticias\/wp-content\/uploads\/2025\/06\/Marca-dagua-Jornal-do-Meio-Dia-Site-1.jpg\",\"contentUrl\":\"https:\/\/radiolifefm.com.br\/noticias\/wp-content\/uploads\/2025\/06\/Marca-dagua-Jornal-do-Meio-Dia-Site-1.jpg\",\"width\":1366,\"height\":768},{\"@type\":\"BreadcrumbList\",\"@id\":\"https:\/\/radiolifefm.com.br\/noticias\/prosa-do-campo-life-fm-valoriza-o-agro-com-dialogo-inspirador-sobre-empreendedorismo-na-pecuaria\/#breadcrumb\",\"itemListElement\":[{\"@type\":\"ListItem\",\"position\":1,\"name\":\"In\u00edcio\",\"item\":\"https:\/\/radiolifefm.com.br\/noticias\/\"},{\"@type\":\"ListItem\",\"position\":2,\"name\":\"Prosa Do Campo: Life FM valoriza o agro com di\u00e1logo inspirador sobre empreendedorismo na pecu\u00e1ria\"}]},{\"@type\":\"WebSite\",\"@id\":\"https:\/\/radiolifefm.com.br\/noticias\/#website\",\"url\":\"https:\/\/radiolifefm.com.br\/noticias\/\",\"name\":\"R\u00e1dio Life FM\",\"description\":\"O Portal de Not\u00edcias de Adamantina\",\"publisher\":{\"@id\":\"https:\/\/radiolifefm.com.br\/noticias\/#organization\"},\"alternateName\":\"Life FM\",\"potentialAction\":[{\"@type\":\"SearchAction\",\"target\":{\"@type\":\"EntryPoint\",\"urlTemplate\":\"https:\/\/radiolifefm.com.br\/noticias\/?s={search_term_string}\"},\"query-input\":{\"@type\":\"PropertyValueSpecification\",\"valueRequired\":true,\"valueName\":\"search_term_string\"}}],\"inLanguage\":\"pt-BR\"},{\"@type\":\"Organization\",\"@id\":\"https:\/\/radiolifefm.com.br\/noticias\/#organization\",\"name\":\"R\u00e1dio Life FM\",\"alternateName\":\"Life FM\",\"url\":\"https:\/\/radiolifefm.com.br\/noticias\/\",\"logo\":{\"@type\":\"ImageObject\",\"inLanguage\":\"pt-BR\",\"@id\":\"https:\/\/radiolifefm.com.br\/noticias\/#\/schema\/logo\/image\/\",\"url\":\"https:\/\/static.radiolifefm.com.br\/noticias\/wp-content\/uploads\/2019\/10\/logo-lifefm.png\",\"contentUrl\":\"https:\/\/static.radiolifefm.com.br\/noticias\/wp-content\/uploads\/2019\/10\/logo-lifefm.png\",\"width\":196,\"height\":47,\"caption\":\"R\u00e1dio Life FM\"},\"image\":{\"@id\":\"https:\/\/radiolifefm.com.br\/noticias\/#\/schema\/logo\/image\/\"},\"sameAs\":[\"https:\/\/www.facebook.com\/radiolifefm\/\",\"https:\/\/www.instagram.com\/life1079fm\/\"]},{\"@type\":\"Person\",\"@id\":\"https:\/\/radiolifefm.com.br\/noticias\/#\/schema\/person\/6876e1240feffe6e1b63fd5cb85abf28\",\"name\":\"joaograndao\",\"image\":{\"@type\":\"ImageObject\",\"inLanguage\":\"pt-BR\",\"@id\":\"https:\/\/secure.gravatar.com\/avatar\/d5b1a3cf357ed9c50404e256a1294083aa8ab5d2a994001567302786016cb32c?s=96&d=mm&r=g\",\"url\":\"https:\/\/secure.gravatar.com\/avatar\/d5b1a3cf357ed9c50404e256a1294083aa8ab5d2a994001567302786016cb32c?s=96&d=mm&r=g\",\"contentUrl\":\"https:\/\/secure.gravatar.com\/avatar\/d5b1a3cf357ed9c50404e256a1294083aa8ab5d2a994001567302786016cb32c?s=96&d=mm&r=g\",\"caption\":\"joaograndao\"}}]}<\/script>\n<!-- \/ Yoast SEO plugin. -->","yoast_head_json":{"title":"Prosa Do Campo: Life FM valoriza o agro com di\u00e1logo inspirador sobre empreendedorismo na pecu\u00e1ria - R\u00e1dio Life FM","robots":{"index":"index","follow":"follow","max-snippet":"max-snippet:-1","max-image-preview":"max-image-preview:large","max-video-preview":"max-video-preview:-1"},"canonical":"https:\/\/radiolifefm.com.br\/noticias\/prosa-do-campo-life-fm-valoriza-o-agro-com-dialogo-inspirador-sobre-empreendedorismo-na-pecuaria\/","og_locale":"pt_BR","og_type":"article","og_title":"Prosa Do Campo: Life FM valoriza o agro com di\u00e1logo inspirador sobre empreendedorismo na pecu\u00e1ria - R\u00e1dio Life FM","og_description":"Em mais uma demonstra\u00e7\u00e3o de compromisso com a comunica\u00e7\u00e3o regional e o fortalecimento do meio rural, a Life FM transmitiu na \u00faltima segunda-feira, 23 de junho, mais uma edi\u00e7\u00e3o do podcast Prosa Do Campo. O programa, que vai ao ar semanalmente pela frequ\u00eancia 107,8MHz e nas plataformas digitais da emissora, traz ao p\u00fablico temas relevantes, [&hellip;]","og_url":"https:\/\/radiolifefm.com.br\/noticias\/prosa-do-campo-life-fm-valoriza-o-agro-com-dialogo-inspirador-sobre-empreendedorismo-na-pecuaria\/","og_site_name":"R\u00e1dio Life FM","article_publisher":"https:\/\/www.facebook.com\/radiolifefm\/","article_published_time":"2025-06-27T18:47:34+00:00","article_modified_time":"2026-04-28T05:51:26+00:00","og_image":[{"width":1366,"height":768,"url":"https:\/\/radiolifefm.com.br\/noticias\/wp-content\/uploads\/2025\/06\/Marca-dagua-Jornal-do-Meio-Dia-Site-1.jpg","type":"image\/jpeg"}],"author":"joaograndao","twitter_card":"summary_large_image","twitter_misc":{"Escrito por":"joaograndao","Est. tempo de leitura":"2 minutos"},"schema":{"@context":"https:\/\/schema.org","@graph":[{"@type":"Article","@id":"https:\/\/radiolifefm.com.br\/noticias\/prosa-do-campo-life-fm-valoriza-o-agro-com-dialogo-inspirador-sobre-empreendedorismo-na-pecuaria\/#article","isPartOf":{"@id":"https:\/\/radiolifefm.com.br\/noticias\/prosa-do-campo-life-fm-valoriza-o-agro-com-dialogo-inspirador-sobre-empreendedorismo-na-pecuaria\/"},"author":{"name":"joaograndao","@id":"https:\/\/radiolifefm.com.br\/noticias\/#\/schema\/person\/6876e1240feffe6e1b63fd5cb85abf28"},"headline":"Prosa Do Campo: Life FM valoriza o agro com di\u00e1logo inspirador sobre empreendedorismo na pecu\u00e1ria","datePublished":"2025-06-27T18:47:34+00:00","dateModified":"2026-04-28T05:51:26+00:00","mainEntityOfPage":{"@id":"https:\/\/radiolifefm.com.br\/noticias\/prosa-do-campo-life-fm-valoriza-o-agro-com-dialogo-inspirador-sobre-empreendedorismo-na-pecuaria\/"},"wordCount":331,"publisher":{"@id":"https:\/\/radiolifefm.com.br\/noticias\/#organization"},"image":{"@id":"https:\/\/radiolifefm.com.br\/noticias\/prosa-do-campo-life-fm-valoriza-o-agro-com-dialogo-inspirador-sobre-empreendedorismo-na-pecuaria\/#primaryimage"},"thumbnailUrl":"https:\/\/radiolifefm.com.br\/noticias\/wp-content\/uploads\/2025\/06\/Marca-dagua-Jornal-do-Meio-Dia-Site-1.jpg","articleSection":["Prosa do Campo"],"inLanguage":"pt-BR"},{"@type":"WebPage","@id":"https:\/\/radiolifefm.com.br\/noticias\/prosa-do-campo-life-fm-valoriza-o-agro-com-dialogo-inspirador-sobre-empreendedorismo-na-pecuaria\/","url":"https:\/\/radiolifefm.com.br\/noticias\/prosa-do-campo-life-fm-valoriza-o-agro-com-dialogo-inspirador-sobre-empreendedorismo-na-pecuaria\/","name":"Prosa Do Campo: Life FM valoriza o agro com di\u00e1logo inspirador sobre empreendedorismo na pecu\u00e1ria - R\u00e1dio Life FM","isPartOf":{"@id":"https:\/\/radiolifefm.com.br\/noticias\/#website"},"primaryImageOfPage":{"@id":"https:\/\/radiolifefm.com.br\/noticias\/prosa-do-campo-life-fm-valoriza-o-agro-com-dialogo-inspirador-sobre-empreendedorismo-na-pecuaria\/#primaryimage"},"image":{"@id":"https:\/\/radiolifefm.com.br\/noticias\/prosa-do-campo-life-fm-valoriza-o-agro-com-dialogo-inspirador-sobre-empreendedorismo-na-pecuaria\/#primaryimage"},"thumbnailUrl":"https:\/\/radiolifefm.com.br\/noticias\/wp-content\/uploads\/2025\/06\/Marca-dagua-Jornal-do-Meio-Dia-Site-1.jpg","datePublished":"2025-06-27T18:47:34+00:00","dateModified":"2026-04-28T05:51:26+00:00","breadcrumb":{"@id":"https:\/\/radiolifefm.com.br\/noticias\/prosa-do-campo-life-fm-valoriza-o-agro-com-dialogo-inspirador-sobre-empreendedorismo-na-pecuaria\/#breadcrumb"},"inLanguage":"pt-BR","potentialAction":[{"@type":"ReadAction","target":["https:\/\/radiolifefm.com.br\/noticias\/prosa-do-campo-life-fm-valoriza-o-agro-com-dialogo-inspirador-sobre-empreendedorismo-na-pecuaria\/"]}]},{"@type":"ImageObject","inLanguage":"pt-BR","@id":"https:\/\/radiolifefm.com.br\/noticias\/prosa-do-campo-life-fm-valoriza-o-agro-com-dialogo-inspirador-sobre-empreendedorismo-na-pecuaria\/#primaryimage","url":"https:\/\/radiolifefm.com.br\/noticias\/wp-content\/uploads\/2025\/06\/Marca-dagua-Jornal-do-Meio-Dia-Site-1.jpg","contentUrl":"https:\/\/radiolifefm.com.br\/noticias\/wp-content\/uploads\/2025\/06\/Marca-dagua-Jornal-do-Meio-Dia-Site-1.jpg","width":1366,"height":768},{"@type":"BreadcrumbList","@id":"https:\/\/radiolifefm.com.br\/noticias\/prosa-do-campo-life-fm-valoriza-o-agro-com-dialogo-inspirador-sobre-empreendedorismo-na-pecuaria\/#breadcrumb","itemListElement":[{"@type":"ListItem","position":1,"name":"In\u00edcio","item":"https:\/\/radiolifefm.com.br\/noticias\/"},{"@type":"ListItem","position":2,"name":"Prosa Do Campo: Life FM valoriza o agro com di\u00e1logo inspirador sobre empreendedorismo na pecu\u00e1ria"}]},{"@type":"WebSite","@id":"https:\/\/radiolifefm.com.br\/noticias\/#website","url":"https:\/\/radiolifefm.com.br\/noticias\/","name":"R\u00e1dio Life FM","description":"O Portal de Not\u00edcias de Adamantina","publisher":{"@id":"https:\/\/radiolifefm.com.br\/noticias\/#organization"},"alternateName":"Life FM","potentialAction":[{"@type":"SearchAction","target":{"@type":"EntryPoint","urlTemplate":"https:\/\/radiolifefm.com.br\/noticias\/?s={search_term_string}"},"query-input":{"@type":"PropertyValueSpecification","valueRequired":true,"valueName":"search_term_string"}}],"inLanguage":"pt-BR"},{"@type":"Organization","@id":"https:\/\/radiolifefm.com.br\/noticias\/#organization","name":"R\u00e1dio Life FM","alternateName":"Life FM","url":"https:\/\/radiolifefm.com.br\/noticias\/","logo":{"@type":"ImageObject","inLanguage":"pt-BR","@id":"https:\/\/radiolifefm.com.br\/noticias\/#\/schema\/logo\/image\/","url":"https:\/\/static.radiolifefm.com.br\/noticias\/wp-content\/uploads\/2019\/10\/logo-lifefm.png","contentUrl":"https:\/\/static.radiolifefm.com.br\/noticias\/wp-content\/uploads\/2019\/10\/logo-lifefm.png","width":196,"height":47,"caption":"R\u00e1dio Life FM"},"image":{"@id":"https:\/\/radiolifefm.com.br\/noticias\/#\/schema\/logo\/image\/"},"sameAs":["https:\/\/www.facebook.com\/radiolifefm\/","https:\/\/www.instagram.com\/life1079fm\/"]},{"@type":"Person","@id":"https:\/\/radiolifefm.com.br\/noticias\/#\/schema\/person\/6876e1240feffe6e1b63fd5cb85abf28","name":"joaograndao","image":{"@type":"ImageObject","inLanguage":"pt-BR","@id":"https:\/\/secure.gravatar.com\/avatar\/d5b1a3cf357ed9c50404e256a1294083aa8ab5d2a994001567302786016cb32c?s=96&d=mm&r=g","url":"https:\/\/secure.gravatar.com\/avatar\/d5b1a3cf357ed9c50404e256a1294083aa8ab5d2a994001567302786016cb32c?s=96&d=mm&r=g","contentUrl":"https:\/\/secure.gravatar.com\/avatar\/d5b1a3cf357ed9c50404e256a1294083aa8ab5d2a994001567302786016cb32c?s=96&d=mm&r=g","caption":"joaograndao"}}]}},"amp_enabled":true,"_links":{"self":[{"href":"https:\/\/radiolifefm.com.br\/noticias\/wp-json\/wp\/v2\/posts\/102353","targetHints":{"allow":["GET"]}}],"collection":[{"href":"https:\/\/radiolifefm.com.br\/noticias\/wp-json\/wp\/v2\/posts"}],"about":[{"href":"https:\/\/radiolifefm.com.br\/noticias\/wp-json\/wp\/v2\/types\/post"}],"author":[{"embeddable":true,"href":"https:\/\/radiolifefm.com.br\/noticias\/wp-json\/wp\/v2\/users\/8"}],"replies":[{"embeddable":true,"href":"https:\/\/radiolifefm.com.br\/noticias\/wp-json\/wp\/v2\/comments?post=102353"}],"version-history":[{"count":1,"href":"https:\/\/radiolifefm.com.br\/noticias\/wp-json\/wp\/v2\/posts\/102353\/revisions"}],"predecessor-version":[{"id":102363,"href":"https:\/\/radiolifefm.com.br\/noticias\/wp-json\/wp\/v2\/posts\/102353\/revisions\/102363"}],"wp:featuredmedia":[{"embeddable":true,"href":"https:\/\/radiolifefm.com.br\/noticias\/wp-json\/wp\/v2\/media\/102354"}],"wp:attachment":[{"href":"https:\/\/radiolifefm.com.br\/noticias\/wp-json\/wp\/v2\/media?parent=102353"}],"wp:term":[{"taxonomy":"category","embeddable":true,"href":"https:\/\/radiolifefm.com.br\/noticias\/wp-json\/wp\/v2\/categories?post=102353"},{"taxonomy":"post_tag","embeddable":true,"href":"https:\/\/radiolifefm.com.br\/noticias\/wp-json\/wp\/v2\/tags?post=102353"}],"curies":[{"name":"wp","href":"https:\/\/api.w.org\/{rel}","templated":true}]}}