{"id":102296,"date":"2025-06-25T18:49:23","date_gmt":"2025-06-25T21:49:23","guid":{"rendered":"https:\/\/radiolifefm.com.br\/noticias\/?p=102296"},"modified":"2026-03-26T00:56:13","modified_gmt":"2026-03-26T03:56:13","slug":"em-um-unico-dia-dois-veiculos-batem-contra-postes-e-causam-interrupcao-da-energia-para-26-mil-clientes-em-prudente","status":"publish","type":"post","link":"https:\/\/radiolifefm.com.br\/noticias\/em-um-unico-dia-dois-veiculos-batem-contra-postes-e-causam-interrupcao-da-energia-para-26-mil-clientes-em-prudente\/","title":{"rendered":"Em um \u00fanico dia, dois ve\u00edculos batem contra postes e causam interrup\u00e7\u00e3o da energia para 2,6 mil clientes em Prudente"},"content":{"rendered":"<div id=\"fb-root\"><\/div>\n<div id=\"m_1046623670745832435Signature\">\n<div>Mais duas colis\u00f5es contra postes foram registradas nesta ter\u00e7a-feira (24) em Presidente Prudente. Nas duas ocorr\u00eancias houve danos \u00e0 rede de energia e, consequentemente, a interrup\u00e7\u00e3o tempor\u00e1ria no fornecimento da energia para mais de 2,6 mil clientes das proximidades.<\/div>\n<div><\/div>\n<div>A primeira ocorr\u00eancia foi registrada \u00e0s 14h59, Distrito Industrial. Imediatamente a Energisa acionou suas equipes que se deslocaram para a \u00e1rea e iniciaram os trabalhos para reparar os danos causados \u00e0 rede de energia. Enquanto os profissionais realizavam os reparos, procedimentos na rede el\u00e9trica viabilizaram o restabelecimento da energia de forma gradativa para os clientes afetados.<\/div>\n<div><\/div>\n<div>Da mesma forma, as equipes atuaram prontamente no restabelecimento da energia no segundo acidente que aconteceu \u00e0s 18h11, danificando a rede que atende clientes da Vila Formosa, Jardim Alto da Boa Vista, Parque Higien\u00f3polis, Residencial Damha III e adjac\u00eancias.<\/div>\n<div><\/div>\n<div>O gerente de Opera\u00e7\u00e3o da Energisa Sul-Sudeste, Anderson Rabelo Rosa, explica que em ocorr\u00eancias desse tipo alguns clientes podem ser impactados por mais\u00a0tempo devido \u00e0 complexidade dos estragos que o impacto da batida causa a postes, equipamentos e demais estruturas da rede el\u00e9trica.<\/div>\n<div><\/div>\n<div>\u201cLamentavelmente, s\u00e3o in\u00fameros os preju\u00edzos causados pelos acidentes envolvendo postes, por\u00e9m um dos mais graves \u00e9 o risco de choque el\u00e9trico, ainda mais se o poste\u00a0cair por cima do ve\u00edculo ou envolver rompimento de cabos\u201d, detalha Anderson.<\/div>\n<div><\/div>\n<div><b>Acidentes em 2025<\/b><\/div>\n<div>Conforme divulgado recentemente, de janeiro a junho deste ano, 63 acidentes envolvendo postes foram registrados nos 24 munic\u00edpios da \u00e1rea de concess\u00e3o da Energisa Sul-Sudeste na regi\u00e3o de Presidente Prudente. Somando o impacto desses casos espec\u00edficos, mais de 9,3 mil clientes tiveram a energia interrompida temporariamente devido aos danos causados \u00e0 rede el\u00e9trica.<\/div>\n<div><b>\u00a0<\/b><\/div>\n<div>Al\u00e9m do compromisso de atuar prontamente para o restabelecimento da energia dos clientes afetados, a Energisa enfatiza a preocupa\u00e7\u00e3o com a vida das pessoas que se envolvem ou presenciam um acidente com postes.<\/div>\n<div><\/div>\n<div>Isso porque, nesses casos, a principal orienta\u00e7\u00e3o \u00e9 para que motorista e passageiros mantenham a calma e permane\u00e7am dentro do carro, sem tocar nas partes met\u00e1licas, aguardando a chegada do socorro pelas equipes especializadas.<\/div>\n<div><\/div>\n<div>Al\u00e9m disso, ainda que a rede de distribui\u00e7\u00e3o seja equipada com tecnologia de\u202fprote\u00e7\u00e3o\u202fpara\u202fdesativar o fornecimento de energia\u00a0em caso de interfer\u00eancia nos cabos ou postes, \u00e9 indispens\u00e1vel n\u00e3o se aproximar e nem descartar os riscos potencializados em uma colis\u00e3o.<\/div>\n<div><\/div>\n<div>Se presenciar um acidente com poste, mantenha a dist\u00e2ncia e ligue imediatamente para o Corpo de Bombeiros e para a Energisa, para que as equipes fa\u00e7am o resgate com seguran\u00e7a.<\/div>\n<div><\/div>\n<div><\/div>\n<\/div>\n<p>&nbsp;<\/p>\n<p>&nbsp;<\/p>\n<p>&nbsp;<\/p>\n<p>&nbsp;<\/p>\n<table border=\"0\" cellspacing=\"0\" cellpadding=\"0\">\n<tbody>\n<tr>\n<td align=\"left\" valign=\"middle\"><img loading=\"lazy\" decoding=\"async\" id=\"m_10466236707458324350.pn5v0xfc2j\" class=\"CToWUd\" src=\"https:\/\/mail.google.com\/mail\/u\/0?ui=2&amp;ik=a69da7365c&amp;attid=0.0.2&amp;permmsgid=msg-f:1835936561358085688&amp;th=197a8e9349e69e38&amp;view=fimg&amp;fur=ip&amp;permmsgid=msg-f:1835936561358085688&amp;sz=s0-l75-ft&amp;attbid=ANGjdJ9c6W100UOaWDqM_3B_D0FDG1r3bELrHS_YMLYBhSSkLLe5lokVPrsaSr1bVxR8YvElPMCFA58FPRQipUGST6nN-7Vqmkv4jd5sVF42b5iJtUsDU5IDKu0DwJw&amp;disp=emb&amp;zw\" alt=\"Assinatura-de-E-mail_GIF_AZUL_200x44_120-anos_Energisa_050225 (1).gif\" width=\"213\" height=\"47\" border=\"0\" data-image-whitelisted=\"\" data-bit=\"iit\" \/><span style=\"color: #888888\"><br \/>\n<b>Edneia Cristina da Silva Zart<\/b><\/span><\/td>\n<\/tr>\n<\/tbody>\n<\/table>\n","protected":false},"excerpt":{"rendered":"<p>Mais duas colis\u00f5es contra postes foram registradas nesta ter\u00e7a-feira (24) em Presidente Prudente. Nas duas ocorr\u00eancias houve danos \u00e0 rede de energia e, consequentemente, a interrup\u00e7\u00e3o tempor\u00e1ria no fornecimento da energia para mais de 2,6 mil clientes das proximidades. A primeira ocorr\u00eancia foi registrada \u00e0s 14h59, Distrito Industrial. Imediatamente a Energisa acionou suas equipes que [&hellip;]<\/p>\n","protected":false},"author":13,"featured_media":102297,"comment_status":"closed","ping_status":"open","sticky":false,"template":"","format":"standard","meta":{"_acf_changed":false,"_exactmetrics_skip_tracking":false,"_exactmetrics_sitenote_active":false,"_exactmetrics_sitenote_note":"","_exactmetrics_sitenote_category":0,"footnotes":""},"categories":[1],"tags":[],"class_list":["post-102296","post","type-post","status-publish","format-standard","has-post-thumbnail","hentry","category-geral"],"acf":[],"yoast_head":"<!-- This site is optimized with the Yoast SEO plugin v27.2 - https:\/\/yoast.com\/product\/yoast-seo-wordpress\/ -->\n<title>Em um \u00fanico dia, dois ve\u00edculos batem contra postes e causam interrup\u00e7\u00e3o da energia para 2,6 mil clientes em Prudente - R\u00e1dio Life FM<\/title>\n<meta name=\"robots\" content=\"index, follow, max-snippet:-1, max-image-preview:large, max-video-preview:-1\" \/>\n<link rel=\"canonical\" href=\"https:\/\/radiolifefm.com.br\/noticias\/em-um-unico-dia-dois-veiculos-batem-contra-postes-e-causam-interrupcao-da-energia-para-26-mil-clientes-em-prudente\/\" \/>\n<meta property=\"og:locale\" content=\"pt_BR\" \/>\n<meta property=\"og:type\" content=\"article\" \/>\n<meta property=\"og:title\" content=\"Em um \u00fanico dia, dois ve\u00edculos batem contra postes e causam interrup\u00e7\u00e3o da energia para 2,6 mil clientes em Prudente - R\u00e1dio Life FM\" \/>\n<meta property=\"og:description\" content=\"Mais duas colis\u00f5es contra postes foram registradas nesta ter\u00e7a-feira (24) em Presidente Prudente. Nas duas ocorr\u00eancias houve danos \u00e0 rede de energia e, consequentemente, a interrup\u00e7\u00e3o tempor\u00e1ria no fornecimento da energia para mais de 2,6 mil clientes das proximidades. A primeira ocorr\u00eancia foi registrada \u00e0s 14h59, Distrito Industrial. Imediatamente a Energisa acionou suas equipes que [&hellip;]\" \/>\n<meta property=\"og:url\" content=\"https:\/\/radiolifefm.com.br\/noticias\/em-um-unico-dia-dois-veiculos-batem-contra-postes-e-causam-interrupcao-da-energia-para-26-mil-clientes-em-prudente\/\" \/>\n<meta property=\"og:site_name\" content=\"R\u00e1dio Life FM\" \/>\n<meta property=\"article:publisher\" content=\"https:\/\/www.facebook.com\/radiolifefm\/\" \/>\n<meta property=\"article:published_time\" content=\"2025-06-25T21:49:23+00:00\" \/>\n<meta property=\"article:modified_time\" content=\"2026-03-26T03:56:13+00:00\" \/>\n<meta property=\"og:image\" content=\"https:\/\/radiolifefm.com.br\/noticias\/wp-content\/uploads\/2025\/06\/WhatsApp-Image-2025-06-25-at-15.44.30-1.jpeg\" \/>\n\t<meta property=\"og:image:width\" content=\"960\" \/>\n\t<meta property=\"og:image:height\" content=\"1280\" \/>\n\t<meta property=\"og:image:type\" content=\"image\/jpeg\" \/>\n<meta name=\"author\" content=\"ritanery\" \/>\n<meta name=\"twitter:card\" content=\"summary_large_image\" \/>\n<meta name=\"twitter:label1\" content=\"Escrito por\" \/>\n\t<meta name=\"twitter:data1\" content=\"ritanery\" \/>\n\t<meta name=\"twitter:label2\" content=\"Est. tempo de leitura\" \/>\n\t<meta name=\"twitter:data2\" content=\"3 minutos\" \/>\n<script type=\"application\/ld+json\" class=\"yoast-schema-graph\">{\"@context\":\"https:\/\/schema.org\",\"@graph\":[{\"@type\":\"Article\",\"@id\":\"https:\/\/radiolifefm.com.br\/noticias\/em-um-unico-dia-dois-veiculos-batem-contra-postes-e-causam-interrupcao-da-energia-para-26-mil-clientes-em-prudente\/#article\",\"isPartOf\":{\"@id\":\"https:\/\/radiolifefm.com.br\/noticias\/em-um-unico-dia-dois-veiculos-batem-contra-postes-e-causam-interrupcao-da-energia-para-26-mil-clientes-em-prudente\/\"},\"author\":{\"name\":\"ritanery\",\"@id\":\"https:\/\/radiolifefm.com.br\/noticias\/#\/schema\/person\/6339b9fac59d12b071dec680d7375d87\"},\"headline\":\"Em um \u00fanico dia, dois ve\u00edculos batem contra postes e causam interrup\u00e7\u00e3o da energia para 2,6 mil clientes em Prudente\",\"datePublished\":\"2025-06-25T21:49:23+00:00\",\"dateModified\":\"2026-03-26T03:56:13+00:00\",\"mainEntityOfPage\":{\"@id\":\"https:\/\/radiolifefm.com.br\/noticias\/em-um-unico-dia-dois-veiculos-batem-contra-postes-e-causam-interrupcao-da-energia-para-26-mil-clientes-em-prudente\/\"},\"wordCount\":466,\"publisher\":{\"@id\":\"https:\/\/radiolifefm.com.br\/noticias\/#organization\"},\"image\":{\"@id\":\"https:\/\/radiolifefm.com.br\/noticias\/em-um-unico-dia-dois-veiculos-batem-contra-postes-e-causam-interrupcao-da-energia-para-26-mil-clientes-em-prudente\/#primaryimage\"},\"thumbnailUrl\":\"https:\/\/radiolifefm.com.br\/noticias\/wp-content\/uploads\/2025\/06\/WhatsApp-Image-2025-06-25-at-15.44.30-1.jpeg\",\"articleSection\":[\"Geral\"],\"inLanguage\":\"pt-BR\"},{\"@type\":\"WebPage\",\"@id\":\"https:\/\/radiolifefm.com.br\/noticias\/em-um-unico-dia-dois-veiculos-batem-contra-postes-e-causam-interrupcao-da-energia-para-26-mil-clientes-em-prudente\/\",\"url\":\"https:\/\/radiolifefm.com.br\/noticias\/em-um-unico-dia-dois-veiculos-batem-contra-postes-e-causam-interrupcao-da-energia-para-26-mil-clientes-em-prudente\/\",\"name\":\"Em um \u00fanico dia, dois ve\u00edculos batem contra postes e causam interrup\u00e7\u00e3o da energia para 2,6 mil clientes em Prudente - R\u00e1dio Life FM\",\"isPartOf\":{\"@id\":\"https:\/\/radiolifefm.com.br\/noticias\/#website\"},\"primaryImageOfPage\":{\"@id\":\"https:\/\/radiolifefm.com.br\/noticias\/em-um-unico-dia-dois-veiculos-batem-contra-postes-e-causam-interrupcao-da-energia-para-26-mil-clientes-em-prudente\/#primaryimage\"},\"image\":{\"@id\":\"https:\/\/radiolifefm.com.br\/noticias\/em-um-unico-dia-dois-veiculos-batem-contra-postes-e-causam-interrupcao-da-energia-para-26-mil-clientes-em-prudente\/#primaryimage\"},\"thumbnailUrl\":\"https:\/\/radiolifefm.com.br\/noticias\/wp-content\/uploads\/2025\/06\/WhatsApp-Image-2025-06-25-at-15.44.30-1.jpeg\",\"datePublished\":\"2025-06-25T21:49:23+00:00\",\"dateModified\":\"2026-03-26T03:56:13+00:00\",\"breadcrumb\":{\"@id\":\"https:\/\/radiolifefm.com.br\/noticias\/em-um-unico-dia-dois-veiculos-batem-contra-postes-e-causam-interrupcao-da-energia-para-26-mil-clientes-em-prudente\/#breadcrumb\"},\"inLanguage\":\"pt-BR\",\"potentialAction\":[{\"@type\":\"ReadAction\",\"target\":[\"https:\/\/radiolifefm.com.br\/noticias\/em-um-unico-dia-dois-veiculos-batem-contra-postes-e-causam-interrupcao-da-energia-para-26-mil-clientes-em-prudente\/\"]}]},{\"@type\":\"ImageObject\",\"inLanguage\":\"pt-BR\",\"@id\":\"https:\/\/radiolifefm.com.br\/noticias\/em-um-unico-dia-dois-veiculos-batem-contra-postes-e-causam-interrupcao-da-energia-para-26-mil-clientes-em-prudente\/#primaryimage\",\"url\":\"https:\/\/radiolifefm.com.br\/noticias\/wp-content\/uploads\/2025\/06\/WhatsApp-Image-2025-06-25-at-15.44.30-1.jpeg\",\"contentUrl\":\"https:\/\/radiolifefm.com.br\/noticias\/wp-content\/uploads\/2025\/06\/WhatsApp-Image-2025-06-25-at-15.44.30-1.jpeg\",\"width\":960,\"height\":1280},{\"@type\":\"BreadcrumbList\",\"@id\":\"https:\/\/radiolifefm.com.br\/noticias\/em-um-unico-dia-dois-veiculos-batem-contra-postes-e-causam-interrupcao-da-energia-para-26-mil-clientes-em-prudente\/#breadcrumb\",\"itemListElement\":[{\"@type\":\"ListItem\",\"position\":1,\"name\":\"In\u00edcio\",\"item\":\"https:\/\/radiolifefm.com.br\/noticias\/\"},{\"@type\":\"ListItem\",\"position\":2,\"name\":\"Em um \u00fanico dia, dois ve\u00edculos batem contra postes e causam interrup\u00e7\u00e3o da energia para 2,6 mil clientes em Prudente\"}]},{\"@type\":\"WebSite\",\"@id\":\"https:\/\/radiolifefm.com.br\/noticias\/#website\",\"url\":\"https:\/\/radiolifefm.com.br\/noticias\/\",\"name\":\"R\u00e1dio Life FM\",\"description\":\"O Portal de Not\u00edcias de Adamantina\",\"publisher\":{\"@id\":\"https:\/\/radiolifefm.com.br\/noticias\/#organization\"},\"alternateName\":\"Life FM\",\"potentialAction\":[{\"@type\":\"SearchAction\",\"target\":{\"@type\":\"EntryPoint\",\"urlTemplate\":\"https:\/\/radiolifefm.com.br\/noticias\/?s={search_term_string}\"},\"query-input\":{\"@type\":\"PropertyValueSpecification\",\"valueRequired\":true,\"valueName\":\"search_term_string\"}}],\"inLanguage\":\"pt-BR\"},{\"@type\":\"Organization\",\"@id\":\"https:\/\/radiolifefm.com.br\/noticias\/#organization\",\"name\":\"R\u00e1dio Life FM\",\"alternateName\":\"Life FM\",\"url\":\"https:\/\/radiolifefm.com.br\/noticias\/\",\"logo\":{\"@type\":\"ImageObject\",\"inLanguage\":\"pt-BR\",\"@id\":\"https:\/\/radiolifefm.com.br\/noticias\/#\/schema\/logo\/image\/\",\"url\":\"https:\/\/static.radiolifefm.com.br\/noticias\/wp-content\/uploads\/2019\/10\/logo-lifefm.png\",\"contentUrl\":\"https:\/\/static.radiolifefm.com.br\/noticias\/wp-content\/uploads\/2019\/10\/logo-lifefm.png\",\"width\":196,\"height\":47,\"caption\":\"R\u00e1dio Life FM\"},\"image\":{\"@id\":\"https:\/\/radiolifefm.com.br\/noticias\/#\/schema\/logo\/image\/\"},\"sameAs\":[\"https:\/\/www.facebook.com\/radiolifefm\/\",\"https:\/\/www.instagram.com\/life1079fm\/\"]},{\"@type\":\"Person\",\"@id\":\"https:\/\/radiolifefm.com.br\/noticias\/#\/schema\/person\/6339b9fac59d12b071dec680d7375d87\",\"name\":\"ritanery\",\"image\":{\"@type\":\"ImageObject\",\"inLanguage\":\"pt-BR\",\"@id\":\"https:\/\/secure.gravatar.com\/avatar\/0e37bb19071f47c0b8a23f62a903df117c5a0e75f65a0c2901562f97cd41cf86?s=96&d=mm&r=g\",\"url\":\"https:\/\/secure.gravatar.com\/avatar\/0e37bb19071f47c0b8a23f62a903df117c5a0e75f65a0c2901562f97cd41cf86?s=96&d=mm&r=g\",\"contentUrl\":\"https:\/\/secure.gravatar.com\/avatar\/0e37bb19071f47c0b8a23f62a903df117c5a0e75f65a0c2901562f97cd41cf86?s=96&d=mm&r=g\",\"caption\":\"ritanery\"}}]}<\/script>\n<!-- \/ Yoast SEO plugin. -->","yoast_head_json":{"title":"Em um \u00fanico dia, dois ve\u00edculos batem contra postes e causam interrup\u00e7\u00e3o da energia para 2,6 mil clientes em Prudente - R\u00e1dio Life FM","robots":{"index":"index","follow":"follow","max-snippet":"max-snippet:-1","max-image-preview":"max-image-preview:large","max-video-preview":"max-video-preview:-1"},"canonical":"https:\/\/radiolifefm.com.br\/noticias\/em-um-unico-dia-dois-veiculos-batem-contra-postes-e-causam-interrupcao-da-energia-para-26-mil-clientes-em-prudente\/","og_locale":"pt_BR","og_type":"article","og_title":"Em um \u00fanico dia, dois ve\u00edculos batem contra postes e causam interrup\u00e7\u00e3o da energia para 2,6 mil clientes em Prudente - R\u00e1dio Life FM","og_description":"Mais duas colis\u00f5es contra postes foram registradas nesta ter\u00e7a-feira (24) em Presidente Prudente. Nas duas ocorr\u00eancias houve danos \u00e0 rede de energia e, consequentemente, a interrup\u00e7\u00e3o tempor\u00e1ria no fornecimento da energia para mais de 2,6 mil clientes das proximidades. A primeira ocorr\u00eancia foi registrada \u00e0s 14h59, Distrito Industrial. Imediatamente a Energisa acionou suas equipes que [&hellip;]","og_url":"https:\/\/radiolifefm.com.br\/noticias\/em-um-unico-dia-dois-veiculos-batem-contra-postes-e-causam-interrupcao-da-energia-para-26-mil-clientes-em-prudente\/","og_site_name":"R\u00e1dio Life FM","article_publisher":"https:\/\/www.facebook.com\/radiolifefm\/","article_published_time":"2025-06-25T21:49:23+00:00","article_modified_time":"2026-03-26T03:56:13+00:00","og_image":[{"width":960,"height":1280,"url":"https:\/\/radiolifefm.com.br\/noticias\/wp-content\/uploads\/2025\/06\/WhatsApp-Image-2025-06-25-at-15.44.30-1.jpeg","type":"image\/jpeg"}],"author":"ritanery","twitter_card":"summary_large_image","twitter_misc":{"Escrito por":"ritanery","Est. tempo de leitura":"3 minutos"},"schema":{"@context":"https:\/\/schema.org","@graph":[{"@type":"Article","@id":"https:\/\/radiolifefm.com.br\/noticias\/em-um-unico-dia-dois-veiculos-batem-contra-postes-e-causam-interrupcao-da-energia-para-26-mil-clientes-em-prudente\/#article","isPartOf":{"@id":"https:\/\/radiolifefm.com.br\/noticias\/em-um-unico-dia-dois-veiculos-batem-contra-postes-e-causam-interrupcao-da-energia-para-26-mil-clientes-em-prudente\/"},"author":{"name":"ritanery","@id":"https:\/\/radiolifefm.com.br\/noticias\/#\/schema\/person\/6339b9fac59d12b071dec680d7375d87"},"headline":"Em um \u00fanico dia, dois ve\u00edculos batem contra postes e causam interrup\u00e7\u00e3o da energia para 2,6 mil clientes em Prudente","datePublished":"2025-06-25T21:49:23+00:00","dateModified":"2026-03-26T03:56:13+00:00","mainEntityOfPage":{"@id":"https:\/\/radiolifefm.com.br\/noticias\/em-um-unico-dia-dois-veiculos-batem-contra-postes-e-causam-interrupcao-da-energia-para-26-mil-clientes-em-prudente\/"},"wordCount":466,"publisher":{"@id":"https:\/\/radiolifefm.com.br\/noticias\/#organization"},"image":{"@id":"https:\/\/radiolifefm.com.br\/noticias\/em-um-unico-dia-dois-veiculos-batem-contra-postes-e-causam-interrupcao-da-energia-para-26-mil-clientes-em-prudente\/#primaryimage"},"thumbnailUrl":"https:\/\/radiolifefm.com.br\/noticias\/wp-content\/uploads\/2025\/06\/WhatsApp-Image-2025-06-25-at-15.44.30-1.jpeg","articleSection":["Geral"],"inLanguage":"pt-BR"},{"@type":"WebPage","@id":"https:\/\/radiolifefm.com.br\/noticias\/em-um-unico-dia-dois-veiculos-batem-contra-postes-e-causam-interrupcao-da-energia-para-26-mil-clientes-em-prudente\/","url":"https:\/\/radiolifefm.com.br\/noticias\/em-um-unico-dia-dois-veiculos-batem-contra-postes-e-causam-interrupcao-da-energia-para-26-mil-clientes-em-prudente\/","name":"Em um \u00fanico dia, dois ve\u00edculos batem contra postes e causam interrup\u00e7\u00e3o da energia para 2,6 mil clientes em Prudente - R\u00e1dio Life FM","isPartOf":{"@id":"https:\/\/radiolifefm.com.br\/noticias\/#website"},"primaryImageOfPage":{"@id":"https:\/\/radiolifefm.com.br\/noticias\/em-um-unico-dia-dois-veiculos-batem-contra-postes-e-causam-interrupcao-da-energia-para-26-mil-clientes-em-prudente\/#primaryimage"},"image":{"@id":"https:\/\/radiolifefm.com.br\/noticias\/em-um-unico-dia-dois-veiculos-batem-contra-postes-e-causam-interrupcao-da-energia-para-26-mil-clientes-em-prudente\/#primaryimage"},"thumbnailUrl":"https:\/\/radiolifefm.com.br\/noticias\/wp-content\/uploads\/2025\/06\/WhatsApp-Image-2025-06-25-at-15.44.30-1.jpeg","datePublished":"2025-06-25T21:49:23+00:00","dateModified":"2026-03-26T03:56:13+00:00","breadcrumb":{"@id":"https:\/\/radiolifefm.com.br\/noticias\/em-um-unico-dia-dois-veiculos-batem-contra-postes-e-causam-interrupcao-da-energia-para-26-mil-clientes-em-prudente\/#breadcrumb"},"inLanguage":"pt-BR","potentialAction":[{"@type":"ReadAction","target":["https:\/\/radiolifefm.com.br\/noticias\/em-um-unico-dia-dois-veiculos-batem-contra-postes-e-causam-interrupcao-da-energia-para-26-mil-clientes-em-prudente\/"]}]},{"@type":"ImageObject","inLanguage":"pt-BR","@id":"https:\/\/radiolifefm.com.br\/noticias\/em-um-unico-dia-dois-veiculos-batem-contra-postes-e-causam-interrupcao-da-energia-para-26-mil-clientes-em-prudente\/#primaryimage","url":"https:\/\/radiolifefm.com.br\/noticias\/wp-content\/uploads\/2025\/06\/WhatsApp-Image-2025-06-25-at-15.44.30-1.jpeg","contentUrl":"https:\/\/radiolifefm.com.br\/noticias\/wp-content\/uploads\/2025\/06\/WhatsApp-Image-2025-06-25-at-15.44.30-1.jpeg","width":960,"height":1280},{"@type":"BreadcrumbList","@id":"https:\/\/radiolifefm.com.br\/noticias\/em-um-unico-dia-dois-veiculos-batem-contra-postes-e-causam-interrupcao-da-energia-para-26-mil-clientes-em-prudente\/#breadcrumb","itemListElement":[{"@type":"ListItem","position":1,"name":"In\u00edcio","item":"https:\/\/radiolifefm.com.br\/noticias\/"},{"@type":"ListItem","position":2,"name":"Em um \u00fanico dia, dois ve\u00edculos batem contra postes e causam interrup\u00e7\u00e3o da energia para 2,6 mil clientes em Prudente"}]},{"@type":"WebSite","@id":"https:\/\/radiolifefm.com.br\/noticias\/#website","url":"https:\/\/radiolifefm.com.br\/noticias\/","name":"R\u00e1dio Life FM","description":"O Portal de Not\u00edcias de Adamantina","publisher":{"@id":"https:\/\/radiolifefm.com.br\/noticias\/#organization"},"alternateName":"Life FM","potentialAction":[{"@type":"SearchAction","target":{"@type":"EntryPoint","urlTemplate":"https:\/\/radiolifefm.com.br\/noticias\/?s={search_term_string}"},"query-input":{"@type":"PropertyValueSpecification","valueRequired":true,"valueName":"search_term_string"}}],"inLanguage":"pt-BR"},{"@type":"Organization","@id":"https:\/\/radiolifefm.com.br\/noticias\/#organization","name":"R\u00e1dio Life FM","alternateName":"Life FM","url":"https:\/\/radiolifefm.com.br\/noticias\/","logo":{"@type":"ImageObject","inLanguage":"pt-BR","@id":"https:\/\/radiolifefm.com.br\/noticias\/#\/schema\/logo\/image\/","url":"https:\/\/static.radiolifefm.com.br\/noticias\/wp-content\/uploads\/2019\/10\/logo-lifefm.png","contentUrl":"https:\/\/static.radiolifefm.com.br\/noticias\/wp-content\/uploads\/2019\/10\/logo-lifefm.png","width":196,"height":47,"caption":"R\u00e1dio Life FM"},"image":{"@id":"https:\/\/radiolifefm.com.br\/noticias\/#\/schema\/logo\/image\/"},"sameAs":["https:\/\/www.facebook.com\/radiolifefm\/","https:\/\/www.instagram.com\/life1079fm\/"]},{"@type":"Person","@id":"https:\/\/radiolifefm.com.br\/noticias\/#\/schema\/person\/6339b9fac59d12b071dec680d7375d87","name":"ritanery","image":{"@type":"ImageObject","inLanguage":"pt-BR","@id":"https:\/\/secure.gravatar.com\/avatar\/0e37bb19071f47c0b8a23f62a903df117c5a0e75f65a0c2901562f97cd41cf86?s=96&d=mm&r=g","url":"https:\/\/secure.gravatar.com\/avatar\/0e37bb19071f47c0b8a23f62a903df117c5a0e75f65a0c2901562f97cd41cf86?s=96&d=mm&r=g","contentUrl":"https:\/\/secure.gravatar.com\/avatar\/0e37bb19071f47c0b8a23f62a903df117c5a0e75f65a0c2901562f97cd41cf86?s=96&d=mm&r=g","caption":"ritanery"}}]}},"amp_enabled":true,"_links":{"self":[{"href":"https:\/\/radiolifefm.com.br\/noticias\/wp-json\/wp\/v2\/posts\/102296","targetHints":{"allow":["GET"]}}],"collection":[{"href":"https:\/\/radiolifefm.com.br\/noticias\/wp-json\/wp\/v2\/posts"}],"about":[{"href":"https:\/\/radiolifefm.com.br\/noticias\/wp-json\/wp\/v2\/types\/post"}],"author":[{"embeddable":true,"href":"https:\/\/radiolifefm.com.br\/noticias\/wp-json\/wp\/v2\/users\/13"}],"replies":[{"embeddable":true,"href":"https:\/\/radiolifefm.com.br\/noticias\/wp-json\/wp\/v2\/comments?post=102296"}],"version-history":[{"count":2,"href":"https:\/\/radiolifefm.com.br\/noticias\/wp-json\/wp\/v2\/posts\/102296\/revisions"}],"predecessor-version":[{"id":102320,"href":"https:\/\/radiolifefm.com.br\/noticias\/wp-json\/wp\/v2\/posts\/102296\/revisions\/102320"}],"wp:featuredmedia":[{"embeddable":true,"href":"https:\/\/radiolifefm.com.br\/noticias\/wp-json\/wp\/v2\/media\/102297"}],"wp:attachment":[{"href":"https:\/\/radiolifefm.com.br\/noticias\/wp-json\/wp\/v2\/media?parent=102296"}],"wp:term":[{"taxonomy":"category","embeddable":true,"href":"https:\/\/radiolifefm.com.br\/noticias\/wp-json\/wp\/v2\/categories?post=102296"},{"taxonomy":"post_tag","embeddable":true,"href":"https:\/\/radiolifefm.com.br\/noticias\/wp-json\/wp\/v2\/tags?post=102296"}],"curies":[{"name":"wp","href":"https:\/\/api.w.org\/{rel}","templated":true}]}}