{"id":102292,"date":"2025-06-25T07:00:36","date_gmt":"2025-06-25T10:00:36","guid":{"rendered":"https:\/\/radiolifefm.com.br\/noticias\/?p=102292"},"modified":"2026-04-13T22:06:26","modified_gmt":"2026-04-14T01:06:26","slug":"jovem-guarda-saudades-de-um-outro-tempo-do-tempo-deste-tempo","status":"publish","type":"post","link":"https:\/\/radiolifefm.com.br\/noticias\/jovem-guarda-saudades-de-um-outro-tempo-do-tempo-deste-tempo\/","title":{"rendered":"JOVEM GUARDA: SAUDADES DE UM OUTRO TEMPO DO TEMPO DESTE TEMPO&#8230;"},"content":{"rendered":"<div id=\"fb-root\"><\/div>\n<p><em>\u201cEu sou terr\u00edvel e \u00e9 bom parar. De desse jeito me provocar! Voc\u00ea n\u00e3o sabe de onde eu venho. O que eu sou e o que tenho! Eu sou terr\u00edvel, vou lhe dizer\u201d.(Roberto Carlos\/Erasmo Carlos)<\/em><\/p>\n<p>&nbsp;<\/p>\n<p><strong><em>Ao \u201cZECA DO POSTO\u201d, dedico!<\/em><\/strong><\/p>\n<p>&nbsp;<\/p>\n<p><strong>By seb@r<\/strong><\/p>\n<p>&nbsp;<\/p>\n<p>N\u00e3o me lembro muito bem disto e daquilo deste tempo chamado de Jovem Guarda, mas as lembran\u00e7as chegam com as fotos destes anos brilhantes para a juventude tupiniquim&#8230;<\/p>\n<p>Isto mesmo, abrindo o \u201cBa\u00fa da Fam\u00edlia\u201d me encontrei com o passado familiar pelas fotos descobertas do irm\u00e3o mais velho, isso mesmo, coisa de louco diriam os antigos deste movimento juvenil ocorrido nos saudosos anos 60 para um olhar fren\u00e9tico em meio aos anos de chumbo do \u201cPa\u00eds do faz de conta\u201d&#8230;<\/p>\n<p>Nas andan\u00e7as pelos anos desta \u00e9poca musical, as estrelas eram idolatradas de uma outra forma, mais apaixonada e iluminada pelo olhar do rapaz interessado em marcar presen\u00e7a pelo carr\u00e3o do momento ou pela lambretta ou quem sabe, pela vespa, m\u00e1quinas sobre duas rodas que faziam a cabe\u00e7a daquela juventude mais do que transloucada pelas m\u00fasicas e trajes multicoloridos como marca registrada da rebeldia juvenil&#8230;<\/p>\n<p>Os cabelos eram longos e irreverentes para os pais conservadores e moralistas de plant\u00e3o, mas as mini-saias das garotas deixavam suas marcas nos bailes e brincadeiras num encontro marcado pelas manias deste tempo denominado de Jovem Guarda&#8230;<\/p>\n<p>Os \u201camassos\u201d eram coisas que rolavam no escurinho do cinema para um beijo roubado sem querer, tamb\u00e9m, tinha aquela coisa da \u201cm\u00e3o boba\u201d e tudo mais, a garota era papo firme cantou o rei que continua mais rei do que nunca para as av\u00f3s deste novo tempo, al\u00e9m do mais quem n\u00e3o gostava do mexerico da Candinha como ponto de partida para uma fofoca juvenil nos saudosos anos 60&#8230;<\/p>\n<p>O momento era para \u201cIsto \u00e9 Renato e seus Blue Caps\u201d, quer coisa melhor do falar neste tom maior quando o balan\u00e7o fazia a diferen\u00e7a para aquela juventude em ritmo de embalo com \u201cquero que v\u00e1 tudo pro inferno\u201d ou ent\u00e3o, no \u201critmo da chuva\u201d, at\u00e9 mesmo ao som instrumental da banda das bandas, \u201cThe Jordans\u201d com seu \u201cTema de Lara\u201d para uma saudade do filme que marcou uma ou mais gera\u00e7\u00f5es, vindo das geleiras russas para um desencontro sublime com o momento juvenil&#8230;<\/p>\n<p>Ainda, \u201cDoutor Jivago\u201d apareceu para fazer sucesso com aquele toque apaixonado em meio aos conflitos de uma revolu\u00e7\u00e3o russa mal acabada e desentendida pela sociedade em n\u00edvel mundial&#8230;<\/p>\n<p>Muitas foram \u00e0s chamadas tardes de domingo num aparelho preto e brando de uma televis\u00e3o qualquer, por\u00e9m, o registro se fez presente pela mem\u00f3ria daqueles jovens que estiveram presentes para agitar os anos de ouro desta musicalidade denominada de \u201cJovem Guarda\u201d&#8230;<\/p>\n<p>S\u00d3 QUEM ESTEVE NESTE TEMPO DO TEMPO PODE SABER DESTE TEMPO COM O TEMPO&#8230;<\/p>\n<p>&nbsp;<\/p>\n<p>&nbsp;<\/p>\n<p><strong>e-mail: <a href=\"mailto:barbosa.sebar@gmail.com\">barbosa.sebar@gmail.com<\/a><\/strong><\/p>\n<p>&nbsp;<\/p>\n<p>&nbsp;<\/p>\n","protected":false},"excerpt":{"rendered":"<p>\u201cEu sou terr\u00edvel e \u00e9 bom parar. De desse jeito me provocar! Voc\u00ea n\u00e3o sabe de onde eu venho. O que eu sou e o que tenho! Eu sou terr\u00edvel, vou lhe dizer\u201d.(Roberto Carlos\/Erasmo Carlos) &nbsp; Ao \u201cZECA DO POSTO\u201d, dedico! &nbsp; By seb@r &nbsp; N\u00e3o me lembro muito bem disto e daquilo deste tempo [&hellip;]<\/p>\n","protected":false},"author":13,"featured_media":51988,"comment_status":"closed","ping_status":"open","sticky":false,"template":"","format":"standard","meta":{"_acf_changed":false,"_exactmetrics_skip_tracking":false,"_exactmetrics_sitenote_active":false,"_exactmetrics_sitenote_note":"","_exactmetrics_sitenote_category":0,"footnotes":""},"categories":[59],"tags":[],"class_list":["post-102292","post","type-post","status-publish","format-standard","has-post-thumbnail","hentry","category-opiniao"],"acf":[],"yoast_head":"<!-- This site is optimized with the Yoast SEO plugin v27.2 - https:\/\/yoast.com\/product\/yoast-seo-wordpress\/ -->\n<title>JOVEM GUARDA: SAUDADES DE UM OUTRO TEMPO DO TEMPO DESTE TEMPO... - R\u00e1dio Life FM<\/title>\n<meta name=\"robots\" content=\"index, follow, max-snippet:-1, max-image-preview:large, max-video-preview:-1\" \/>\n<link rel=\"canonical\" href=\"https:\/\/radiolifefm.com.br\/noticias\/jovem-guarda-saudades-de-um-outro-tempo-do-tempo-deste-tempo\/\" \/>\n<meta property=\"og:locale\" content=\"pt_BR\" \/>\n<meta property=\"og:type\" content=\"article\" \/>\n<meta property=\"og:title\" content=\"JOVEM GUARDA: SAUDADES DE UM OUTRO TEMPO DO TEMPO DESTE TEMPO... - R\u00e1dio Life FM\" \/>\n<meta property=\"og:description\" content=\"\u201cEu sou terr\u00edvel e \u00e9 bom parar. De desse jeito me provocar! Voc\u00ea n\u00e3o sabe de onde eu venho. O que eu sou e o que tenho! Eu sou terr\u00edvel, vou lhe dizer\u201d.(Roberto Carlos\/Erasmo Carlos) &nbsp; Ao \u201cZECA DO POSTO\u201d, dedico! &nbsp; By seb@r &nbsp; N\u00e3o me lembro muito bem disto e daquilo deste tempo [&hellip;]\" \/>\n<meta property=\"og:url\" content=\"https:\/\/radiolifefm.com.br\/noticias\/jovem-guarda-saudades-de-um-outro-tempo-do-tempo-deste-tempo\/\" \/>\n<meta property=\"og:site_name\" content=\"R\u00e1dio Life FM\" \/>\n<meta property=\"article:publisher\" content=\"https:\/\/www.facebook.com\/radiolifefm\/\" \/>\n<meta property=\"article:published_time\" content=\"2025-06-25T10:00:36+00:00\" \/>\n<meta property=\"article:modified_time\" content=\"2026-04-14T01:06:26+00:00\" \/>\n<meta property=\"og:image\" content=\"https:\/\/radiolifefm.com.br\/noticias\/wp-content\/uploads\/2022\/04\/WhatsApp-Image-2022-04-10-at-18.43.02.jpeg\" \/>\n\t<meta property=\"og:image:width\" content=\"972\" \/>\n\t<meta property=\"og:image:height\" content=\"1296\" \/>\n\t<meta property=\"og:image:type\" content=\"image\/jpeg\" \/>\n<meta name=\"author\" content=\"ritanery\" \/>\n<meta name=\"twitter:card\" content=\"summary_large_image\" \/>\n<meta name=\"twitter:label1\" content=\"Escrito por\" \/>\n\t<meta name=\"twitter:data1\" content=\"ritanery\" \/>\n\t<meta name=\"twitter:label2\" content=\"Est. tempo de leitura\" \/>\n\t<meta name=\"twitter:data2\" content=\"3 minutos\" \/>\n<script type=\"application\/ld+json\" class=\"yoast-schema-graph\">{\"@context\":\"https:\/\/schema.org\",\"@graph\":[{\"@type\":\"Article\",\"@id\":\"https:\/\/radiolifefm.com.br\/noticias\/jovem-guarda-saudades-de-um-outro-tempo-do-tempo-deste-tempo\/#article\",\"isPartOf\":{\"@id\":\"https:\/\/radiolifefm.com.br\/noticias\/jovem-guarda-saudades-de-um-outro-tempo-do-tempo-deste-tempo\/\"},\"author\":{\"name\":\"ritanery\",\"@id\":\"https:\/\/radiolifefm.com.br\/noticias\/#\/schema\/person\/6339b9fac59d12b071dec680d7375d87\"},\"headline\":\"JOVEM GUARDA: SAUDADES DE UM OUTRO TEMPO DO TEMPO DESTE TEMPO&#8230;\",\"datePublished\":\"2025-06-25T10:00:36+00:00\",\"dateModified\":\"2026-04-14T01:06:26+00:00\",\"mainEntityOfPage\":{\"@id\":\"https:\/\/radiolifefm.com.br\/noticias\/jovem-guarda-saudades-de-um-outro-tempo-do-tempo-deste-tempo\/\"},\"wordCount\":511,\"publisher\":{\"@id\":\"https:\/\/radiolifefm.com.br\/noticias\/#organization\"},\"image\":{\"@id\":\"https:\/\/radiolifefm.com.br\/noticias\/jovem-guarda-saudades-de-um-outro-tempo-do-tempo-deste-tempo\/#primaryimage\"},\"thumbnailUrl\":\"https:\/\/radiolifefm.com.br\/noticias\/wp-content\/uploads\/2022\/04\/WhatsApp-Image-2022-04-10-at-18.43.02.jpeg\",\"articleSection\":[\"Opini\u00e3o\"],\"inLanguage\":\"pt-BR\"},{\"@type\":\"WebPage\",\"@id\":\"https:\/\/radiolifefm.com.br\/noticias\/jovem-guarda-saudades-de-um-outro-tempo-do-tempo-deste-tempo\/\",\"url\":\"https:\/\/radiolifefm.com.br\/noticias\/jovem-guarda-saudades-de-um-outro-tempo-do-tempo-deste-tempo\/\",\"name\":\"JOVEM GUARDA: SAUDADES DE UM OUTRO TEMPO DO TEMPO DESTE TEMPO... - R\u00e1dio Life FM\",\"isPartOf\":{\"@id\":\"https:\/\/radiolifefm.com.br\/noticias\/#website\"},\"primaryImageOfPage\":{\"@id\":\"https:\/\/radiolifefm.com.br\/noticias\/jovem-guarda-saudades-de-um-outro-tempo-do-tempo-deste-tempo\/#primaryimage\"},\"image\":{\"@id\":\"https:\/\/radiolifefm.com.br\/noticias\/jovem-guarda-saudades-de-um-outro-tempo-do-tempo-deste-tempo\/#primaryimage\"},\"thumbnailUrl\":\"https:\/\/radiolifefm.com.br\/noticias\/wp-content\/uploads\/2022\/04\/WhatsApp-Image-2022-04-10-at-18.43.02.jpeg\",\"datePublished\":\"2025-06-25T10:00:36+00:00\",\"dateModified\":\"2026-04-14T01:06:26+00:00\",\"breadcrumb\":{\"@id\":\"https:\/\/radiolifefm.com.br\/noticias\/jovem-guarda-saudades-de-um-outro-tempo-do-tempo-deste-tempo\/#breadcrumb\"},\"inLanguage\":\"pt-BR\",\"potentialAction\":[{\"@type\":\"ReadAction\",\"target\":[\"https:\/\/radiolifefm.com.br\/noticias\/jovem-guarda-saudades-de-um-outro-tempo-do-tempo-deste-tempo\/\"]}]},{\"@type\":\"ImageObject\",\"inLanguage\":\"pt-BR\",\"@id\":\"https:\/\/radiolifefm.com.br\/noticias\/jovem-guarda-saudades-de-um-outro-tempo-do-tempo-deste-tempo\/#primaryimage\",\"url\":\"https:\/\/radiolifefm.com.br\/noticias\/wp-content\/uploads\/2022\/04\/WhatsApp-Image-2022-04-10-at-18.43.02.jpeg\",\"contentUrl\":\"https:\/\/radiolifefm.com.br\/noticias\/wp-content\/uploads\/2022\/04\/WhatsApp-Image-2022-04-10-at-18.43.02.jpeg\",\"width\":972,\"height\":1296,\"caption\":\"S\u00e9rgio Barbosa\"},{\"@type\":\"BreadcrumbList\",\"@id\":\"https:\/\/radiolifefm.com.br\/noticias\/jovem-guarda-saudades-de-um-outro-tempo-do-tempo-deste-tempo\/#breadcrumb\",\"itemListElement\":[{\"@type\":\"ListItem\",\"position\":1,\"name\":\"In\u00edcio\",\"item\":\"https:\/\/radiolifefm.com.br\/noticias\/\"},{\"@type\":\"ListItem\",\"position\":2,\"name\":\"JOVEM GUARDA: SAUDADES DE UM OUTRO TEMPO DO TEMPO DESTE TEMPO&#8230;\"}]},{\"@type\":\"WebSite\",\"@id\":\"https:\/\/radiolifefm.com.br\/noticias\/#website\",\"url\":\"https:\/\/radiolifefm.com.br\/noticias\/\",\"name\":\"R\u00e1dio Life FM\",\"description\":\"O Portal de Not\u00edcias de Adamantina\",\"publisher\":{\"@id\":\"https:\/\/radiolifefm.com.br\/noticias\/#organization\"},\"alternateName\":\"Life FM\",\"potentialAction\":[{\"@type\":\"SearchAction\",\"target\":{\"@type\":\"EntryPoint\",\"urlTemplate\":\"https:\/\/radiolifefm.com.br\/noticias\/?s={search_term_string}\"},\"query-input\":{\"@type\":\"PropertyValueSpecification\",\"valueRequired\":true,\"valueName\":\"search_term_string\"}}],\"inLanguage\":\"pt-BR\"},{\"@type\":\"Organization\",\"@id\":\"https:\/\/radiolifefm.com.br\/noticias\/#organization\",\"name\":\"R\u00e1dio Life FM\",\"alternateName\":\"Life FM\",\"url\":\"https:\/\/radiolifefm.com.br\/noticias\/\",\"logo\":{\"@type\":\"ImageObject\",\"inLanguage\":\"pt-BR\",\"@id\":\"https:\/\/radiolifefm.com.br\/noticias\/#\/schema\/logo\/image\/\",\"url\":\"https:\/\/static.radiolifefm.com.br\/noticias\/wp-content\/uploads\/2019\/10\/logo-lifefm.png\",\"contentUrl\":\"https:\/\/static.radiolifefm.com.br\/noticias\/wp-content\/uploads\/2019\/10\/logo-lifefm.png\",\"width\":196,\"height\":47,\"caption\":\"R\u00e1dio Life FM\"},\"image\":{\"@id\":\"https:\/\/radiolifefm.com.br\/noticias\/#\/schema\/logo\/image\/\"},\"sameAs\":[\"https:\/\/www.facebook.com\/radiolifefm\/\",\"https:\/\/www.instagram.com\/life1079fm\/\"]},{\"@type\":\"Person\",\"@id\":\"https:\/\/radiolifefm.com.br\/noticias\/#\/schema\/person\/6339b9fac59d12b071dec680d7375d87\",\"name\":\"ritanery\",\"image\":{\"@type\":\"ImageObject\",\"inLanguage\":\"pt-BR\",\"@id\":\"https:\/\/secure.gravatar.com\/avatar\/0e37bb19071f47c0b8a23f62a903df117c5a0e75f65a0c2901562f97cd41cf86?s=96&d=mm&r=g\",\"url\":\"https:\/\/secure.gravatar.com\/avatar\/0e37bb19071f47c0b8a23f62a903df117c5a0e75f65a0c2901562f97cd41cf86?s=96&d=mm&r=g\",\"contentUrl\":\"https:\/\/secure.gravatar.com\/avatar\/0e37bb19071f47c0b8a23f62a903df117c5a0e75f65a0c2901562f97cd41cf86?s=96&d=mm&r=g\",\"caption\":\"ritanery\"}}]}<\/script>\n<!-- \/ Yoast SEO plugin. -->","yoast_head_json":{"title":"JOVEM GUARDA: SAUDADES DE UM OUTRO TEMPO DO TEMPO DESTE TEMPO... - R\u00e1dio Life FM","robots":{"index":"index","follow":"follow","max-snippet":"max-snippet:-1","max-image-preview":"max-image-preview:large","max-video-preview":"max-video-preview:-1"},"canonical":"https:\/\/radiolifefm.com.br\/noticias\/jovem-guarda-saudades-de-um-outro-tempo-do-tempo-deste-tempo\/","og_locale":"pt_BR","og_type":"article","og_title":"JOVEM GUARDA: SAUDADES DE UM OUTRO TEMPO DO TEMPO DESTE TEMPO... - R\u00e1dio Life FM","og_description":"\u201cEu sou terr\u00edvel e \u00e9 bom parar. De desse jeito me provocar! Voc\u00ea n\u00e3o sabe de onde eu venho. O que eu sou e o que tenho! Eu sou terr\u00edvel, vou lhe dizer\u201d.(Roberto Carlos\/Erasmo Carlos) &nbsp; Ao \u201cZECA DO POSTO\u201d, dedico! &nbsp; By seb@r &nbsp; N\u00e3o me lembro muito bem disto e daquilo deste tempo [&hellip;]","og_url":"https:\/\/radiolifefm.com.br\/noticias\/jovem-guarda-saudades-de-um-outro-tempo-do-tempo-deste-tempo\/","og_site_name":"R\u00e1dio Life FM","article_publisher":"https:\/\/www.facebook.com\/radiolifefm\/","article_published_time":"2025-06-25T10:00:36+00:00","article_modified_time":"2026-04-14T01:06:26+00:00","og_image":[{"width":972,"height":1296,"url":"https:\/\/radiolifefm.com.br\/noticias\/wp-content\/uploads\/2022\/04\/WhatsApp-Image-2022-04-10-at-18.43.02.jpeg","type":"image\/jpeg"}],"author":"ritanery","twitter_card":"summary_large_image","twitter_misc":{"Escrito por":"ritanery","Est. tempo de leitura":"3 minutos"},"schema":{"@context":"https:\/\/schema.org","@graph":[{"@type":"Article","@id":"https:\/\/radiolifefm.com.br\/noticias\/jovem-guarda-saudades-de-um-outro-tempo-do-tempo-deste-tempo\/#article","isPartOf":{"@id":"https:\/\/radiolifefm.com.br\/noticias\/jovem-guarda-saudades-de-um-outro-tempo-do-tempo-deste-tempo\/"},"author":{"name":"ritanery","@id":"https:\/\/radiolifefm.com.br\/noticias\/#\/schema\/person\/6339b9fac59d12b071dec680d7375d87"},"headline":"JOVEM GUARDA: SAUDADES DE UM OUTRO TEMPO DO TEMPO DESTE TEMPO&#8230;","datePublished":"2025-06-25T10:00:36+00:00","dateModified":"2026-04-14T01:06:26+00:00","mainEntityOfPage":{"@id":"https:\/\/radiolifefm.com.br\/noticias\/jovem-guarda-saudades-de-um-outro-tempo-do-tempo-deste-tempo\/"},"wordCount":511,"publisher":{"@id":"https:\/\/radiolifefm.com.br\/noticias\/#organization"},"image":{"@id":"https:\/\/radiolifefm.com.br\/noticias\/jovem-guarda-saudades-de-um-outro-tempo-do-tempo-deste-tempo\/#primaryimage"},"thumbnailUrl":"https:\/\/radiolifefm.com.br\/noticias\/wp-content\/uploads\/2022\/04\/WhatsApp-Image-2022-04-10-at-18.43.02.jpeg","articleSection":["Opini\u00e3o"],"inLanguage":"pt-BR"},{"@type":"WebPage","@id":"https:\/\/radiolifefm.com.br\/noticias\/jovem-guarda-saudades-de-um-outro-tempo-do-tempo-deste-tempo\/","url":"https:\/\/radiolifefm.com.br\/noticias\/jovem-guarda-saudades-de-um-outro-tempo-do-tempo-deste-tempo\/","name":"JOVEM GUARDA: SAUDADES DE UM OUTRO TEMPO DO TEMPO DESTE TEMPO... - R\u00e1dio Life FM","isPartOf":{"@id":"https:\/\/radiolifefm.com.br\/noticias\/#website"},"primaryImageOfPage":{"@id":"https:\/\/radiolifefm.com.br\/noticias\/jovem-guarda-saudades-de-um-outro-tempo-do-tempo-deste-tempo\/#primaryimage"},"image":{"@id":"https:\/\/radiolifefm.com.br\/noticias\/jovem-guarda-saudades-de-um-outro-tempo-do-tempo-deste-tempo\/#primaryimage"},"thumbnailUrl":"https:\/\/radiolifefm.com.br\/noticias\/wp-content\/uploads\/2022\/04\/WhatsApp-Image-2022-04-10-at-18.43.02.jpeg","datePublished":"2025-06-25T10:00:36+00:00","dateModified":"2026-04-14T01:06:26+00:00","breadcrumb":{"@id":"https:\/\/radiolifefm.com.br\/noticias\/jovem-guarda-saudades-de-um-outro-tempo-do-tempo-deste-tempo\/#breadcrumb"},"inLanguage":"pt-BR","potentialAction":[{"@type":"ReadAction","target":["https:\/\/radiolifefm.com.br\/noticias\/jovem-guarda-saudades-de-um-outro-tempo-do-tempo-deste-tempo\/"]}]},{"@type":"ImageObject","inLanguage":"pt-BR","@id":"https:\/\/radiolifefm.com.br\/noticias\/jovem-guarda-saudades-de-um-outro-tempo-do-tempo-deste-tempo\/#primaryimage","url":"https:\/\/radiolifefm.com.br\/noticias\/wp-content\/uploads\/2022\/04\/WhatsApp-Image-2022-04-10-at-18.43.02.jpeg","contentUrl":"https:\/\/radiolifefm.com.br\/noticias\/wp-content\/uploads\/2022\/04\/WhatsApp-Image-2022-04-10-at-18.43.02.jpeg","width":972,"height":1296,"caption":"S\u00e9rgio Barbosa"},{"@type":"BreadcrumbList","@id":"https:\/\/radiolifefm.com.br\/noticias\/jovem-guarda-saudades-de-um-outro-tempo-do-tempo-deste-tempo\/#breadcrumb","itemListElement":[{"@type":"ListItem","position":1,"name":"In\u00edcio","item":"https:\/\/radiolifefm.com.br\/noticias\/"},{"@type":"ListItem","position":2,"name":"JOVEM GUARDA: SAUDADES DE UM OUTRO TEMPO DO TEMPO DESTE TEMPO&#8230;"}]},{"@type":"WebSite","@id":"https:\/\/radiolifefm.com.br\/noticias\/#website","url":"https:\/\/radiolifefm.com.br\/noticias\/","name":"R\u00e1dio Life FM","description":"O Portal de Not\u00edcias de Adamantina","publisher":{"@id":"https:\/\/radiolifefm.com.br\/noticias\/#organization"},"alternateName":"Life FM","potentialAction":[{"@type":"SearchAction","target":{"@type":"EntryPoint","urlTemplate":"https:\/\/radiolifefm.com.br\/noticias\/?s={search_term_string}"},"query-input":{"@type":"PropertyValueSpecification","valueRequired":true,"valueName":"search_term_string"}}],"inLanguage":"pt-BR"},{"@type":"Organization","@id":"https:\/\/radiolifefm.com.br\/noticias\/#organization","name":"R\u00e1dio Life FM","alternateName":"Life FM","url":"https:\/\/radiolifefm.com.br\/noticias\/","logo":{"@type":"ImageObject","inLanguage":"pt-BR","@id":"https:\/\/radiolifefm.com.br\/noticias\/#\/schema\/logo\/image\/","url":"https:\/\/static.radiolifefm.com.br\/noticias\/wp-content\/uploads\/2019\/10\/logo-lifefm.png","contentUrl":"https:\/\/static.radiolifefm.com.br\/noticias\/wp-content\/uploads\/2019\/10\/logo-lifefm.png","width":196,"height":47,"caption":"R\u00e1dio Life FM"},"image":{"@id":"https:\/\/radiolifefm.com.br\/noticias\/#\/schema\/logo\/image\/"},"sameAs":["https:\/\/www.facebook.com\/radiolifefm\/","https:\/\/www.instagram.com\/life1079fm\/"]},{"@type":"Person","@id":"https:\/\/radiolifefm.com.br\/noticias\/#\/schema\/person\/6339b9fac59d12b071dec680d7375d87","name":"ritanery","image":{"@type":"ImageObject","inLanguage":"pt-BR","@id":"https:\/\/secure.gravatar.com\/avatar\/0e37bb19071f47c0b8a23f62a903df117c5a0e75f65a0c2901562f97cd41cf86?s=96&d=mm&r=g","url":"https:\/\/secure.gravatar.com\/avatar\/0e37bb19071f47c0b8a23f62a903df117c5a0e75f65a0c2901562f97cd41cf86?s=96&d=mm&r=g","contentUrl":"https:\/\/secure.gravatar.com\/avatar\/0e37bb19071f47c0b8a23f62a903df117c5a0e75f65a0c2901562f97cd41cf86?s=96&d=mm&r=g","caption":"ritanery"}}]}},"amp_enabled":true,"_links":{"self":[{"href":"https:\/\/radiolifefm.com.br\/noticias\/wp-json\/wp\/v2\/posts\/102292","targetHints":{"allow":["GET"]}}],"collection":[{"href":"https:\/\/radiolifefm.com.br\/noticias\/wp-json\/wp\/v2\/posts"}],"about":[{"href":"https:\/\/radiolifefm.com.br\/noticias\/wp-json\/wp\/v2\/types\/post"}],"author":[{"embeddable":true,"href":"https:\/\/radiolifefm.com.br\/noticias\/wp-json\/wp\/v2\/users\/13"}],"replies":[{"embeddable":true,"href":"https:\/\/radiolifefm.com.br\/noticias\/wp-json\/wp\/v2\/comments?post=102292"}],"version-history":[{"count":1,"href":"https:\/\/radiolifefm.com.br\/noticias\/wp-json\/wp\/v2\/posts\/102292\/revisions"}],"predecessor-version":[{"id":102293,"href":"https:\/\/radiolifefm.com.br\/noticias\/wp-json\/wp\/v2\/posts\/102292\/revisions\/102293"}],"wp:featuredmedia":[{"embeddable":true,"href":"https:\/\/radiolifefm.com.br\/noticias\/wp-json\/wp\/v2\/media\/51988"}],"wp:attachment":[{"href":"https:\/\/radiolifefm.com.br\/noticias\/wp-json\/wp\/v2\/media?parent=102292"}],"wp:term":[{"taxonomy":"category","embeddable":true,"href":"https:\/\/radiolifefm.com.br\/noticias\/wp-json\/wp\/v2\/categories?post=102292"},{"taxonomy":"post_tag","embeddable":true,"href":"https:\/\/radiolifefm.com.br\/noticias\/wp-json\/wp\/v2\/tags?post=102292"}],"curies":[{"name":"wp","href":"https:\/\/api.w.org\/{rel}","templated":true}]}}