{"id":102270,"date":"2025-06-24T15:10:45","date_gmt":"2025-06-24T18:10:45","guid":{"rendered":"https:\/\/radiolifefm.com.br\/noticias\/?p=102270"},"modified":"2026-04-24T23:35:47","modified_gmt":"2026-04-25T02:35:47","slug":"fai-doa-uniformes-ao-grupo-de-capoeira-estrela-da-barra","status":"publish","type":"post","link":"https:\/\/radiolifefm.com.br\/noticias\/fai-doa-uniformes-ao-grupo-de-capoeira-estrela-da-barra\/","title":{"rendered":"FAI doa uniformes ao grupo de capoeira Estrela da Barra"},"content":{"rendered":"<div id=\"fb-root\"><\/div>\n<p>O grupo de capoeira Estrela da Barra de Adamantina recebeu uma importante doa\u00e7\u00e3o do Centro Universit\u00e1rio &#8211; FAI.<\/p>\n<p><img loading=\"lazy\" decoding=\"async\" class=\"alignnone size-medium wp-image-102272\" src=\"https:\/\/static.radiolifefm.com.br\/noticias\/wp-content\/uploads\/2025\/06\/895907a5-4688-404b-b58d-9fc0dc7d3854-300x300.jpeg\" alt=\"\" width=\"300\" height=\"300\" srcset=\"https:\/\/radiolifefm.com.br\/noticias\/wp-content\/uploads\/2025\/06\/895907a5-4688-404b-b58d-9fc0dc7d3854-300x300.jpeg 300w, https:\/\/radiolifefm.com.br\/noticias\/wp-content\/uploads\/2025\/06\/895907a5-4688-404b-b58d-9fc0dc7d3854-1024x1024.jpeg 1024w, https:\/\/radiolifefm.com.br\/noticias\/wp-content\/uploads\/2025\/06\/895907a5-4688-404b-b58d-9fc0dc7d3854-150x150.jpeg 150w, https:\/\/radiolifefm.com.br\/noticias\/wp-content\/uploads\/2025\/06\/895907a5-4688-404b-b58d-9fc0dc7d3854-768x768.jpeg 768w, https:\/\/radiolifefm.com.br\/noticias\/wp-content\/uploads\/2025\/06\/895907a5-4688-404b-b58d-9fc0dc7d3854-200x200.jpeg 200w, https:\/\/radiolifefm.com.br\/noticias\/wp-content\/uploads\/2025\/06\/895907a5-4688-404b-b58d-9fc0dc7d3854-250x250.jpeg 250w, https:\/\/radiolifefm.com.br\/noticias\/wp-content\/uploads\/2025\/06\/895907a5-4688-404b-b58d-9fc0dc7d3854-500x500.jpeg 500w, https:\/\/radiolifefm.com.br\/noticias\/wp-content\/uploads\/2025\/06\/895907a5-4688-404b-b58d-9fc0dc7d3854-700x700.jpeg 700w, https:\/\/radiolifefm.com.br\/noticias\/wp-content\/uploads\/2025\/06\/895907a5-4688-404b-b58d-9fc0dc7d3854.jpeg 1080w\" sizes=\"auto, (max-width: 300px) 100vw, 300px\" \/> <img loading=\"lazy\" decoding=\"async\" class=\"alignnone size-medium wp-image-102273\" src=\"https:\/\/static.radiolifefm.com.br\/noticias\/wp-content\/uploads\/2025\/06\/0c3074c8-24f4-40c0-8e98-c6f86e90448c-300x300.jpeg\" alt=\"\" width=\"300\" height=\"300\" srcset=\"https:\/\/radiolifefm.com.br\/noticias\/wp-content\/uploads\/2025\/06\/0c3074c8-24f4-40c0-8e98-c6f86e90448c-300x300.jpeg 300w, https:\/\/radiolifefm.com.br\/noticias\/wp-content\/uploads\/2025\/06\/0c3074c8-24f4-40c0-8e98-c6f86e90448c-1024x1024.jpeg 1024w, https:\/\/radiolifefm.com.br\/noticias\/wp-content\/uploads\/2025\/06\/0c3074c8-24f4-40c0-8e98-c6f86e90448c-150x150.jpeg 150w, https:\/\/radiolifefm.com.br\/noticias\/wp-content\/uploads\/2025\/06\/0c3074c8-24f4-40c0-8e98-c6f86e90448c-768x768.jpeg 768w, https:\/\/radiolifefm.com.br\/noticias\/wp-content\/uploads\/2025\/06\/0c3074c8-24f4-40c0-8e98-c6f86e90448c-200x200.jpeg 200w, https:\/\/radiolifefm.com.br\/noticias\/wp-content\/uploads\/2025\/06\/0c3074c8-24f4-40c0-8e98-c6f86e90448c-250x250.jpeg 250w, https:\/\/radiolifefm.com.br\/noticias\/wp-content\/uploads\/2025\/06\/0c3074c8-24f4-40c0-8e98-c6f86e90448c-500x500.jpeg 500w, https:\/\/radiolifefm.com.br\/noticias\/wp-content\/uploads\/2025\/06\/0c3074c8-24f4-40c0-8e98-c6f86e90448c-700x700.jpeg 700w, https:\/\/radiolifefm.com.br\/noticias\/wp-content\/uploads\/2025\/06\/0c3074c8-24f4-40c0-8e98-c6f86e90448c.jpeg 1080w\" sizes=\"auto, (max-width: 300px) 100vw, 300px\" \/><\/p>\n<p>A <span class=\"term-highlighted\">doa<\/span>\u00e7\u00e3o inclui aproximadamente 50 conjuntos de camisetas e cal\u00e7as para crian\u00e7as que n\u00e3o t\u00eam condi\u00e7\u00f5es de adquirir os uniformes com recursos pr\u00f3prios.<\/p>\n<p><img loading=\"lazy\" decoding=\"async\" class=\"alignnone size-medium wp-image-102274\" src=\"https:\/\/static.radiolifefm.com.br\/noticias\/wp-content\/uploads\/2025\/06\/4afb66a6-2e6d-4574-9b2f-b66bd145ef06-300x300.jpeg\" alt=\"\" width=\"300\" height=\"300\" srcset=\"https:\/\/radiolifefm.com.br\/noticias\/wp-content\/uploads\/2025\/06\/4afb66a6-2e6d-4574-9b2f-b66bd145ef06-300x300.jpeg 300w, https:\/\/radiolifefm.com.br\/noticias\/wp-content\/uploads\/2025\/06\/4afb66a6-2e6d-4574-9b2f-b66bd145ef06-1024x1024.jpeg 1024w, https:\/\/radiolifefm.com.br\/noticias\/wp-content\/uploads\/2025\/06\/4afb66a6-2e6d-4574-9b2f-b66bd145ef06-150x150.jpeg 150w, https:\/\/radiolifefm.com.br\/noticias\/wp-content\/uploads\/2025\/06\/4afb66a6-2e6d-4574-9b2f-b66bd145ef06-768x768.jpeg 768w, https:\/\/radiolifefm.com.br\/noticias\/wp-content\/uploads\/2025\/06\/4afb66a6-2e6d-4574-9b2f-b66bd145ef06-200x200.jpeg 200w, https:\/\/radiolifefm.com.br\/noticias\/wp-content\/uploads\/2025\/06\/4afb66a6-2e6d-4574-9b2f-b66bd145ef06-250x250.jpeg 250w, https:\/\/radiolifefm.com.br\/noticias\/wp-content\/uploads\/2025\/06\/4afb66a6-2e6d-4574-9b2f-b66bd145ef06-500x500.jpeg 500w, https:\/\/radiolifefm.com.br\/noticias\/wp-content\/uploads\/2025\/06\/4afb66a6-2e6d-4574-9b2f-b66bd145ef06-700x700.jpeg 700w, https:\/\/radiolifefm.com.br\/noticias\/wp-content\/uploads\/2025\/06\/4afb66a6-2e6d-4574-9b2f-b66bd145ef06.jpeg 1080w\" sizes=\"auto, (max-width: 300px) 100vw, 300px\" \/> <img loading=\"lazy\" decoding=\"async\" class=\"alignnone size-medium wp-image-102275\" src=\"https:\/\/static.radiolifefm.com.br\/noticias\/wp-content\/uploads\/2025\/06\/e6c1a657-56f9-42f6-aef3-5c4bba0d4e55-300x300.jpeg\" alt=\"\" width=\"300\" height=\"300\" srcset=\"https:\/\/radiolifefm.com.br\/noticias\/wp-content\/uploads\/2025\/06\/e6c1a657-56f9-42f6-aef3-5c4bba0d4e55-300x300.jpeg 300w, https:\/\/radiolifefm.com.br\/noticias\/wp-content\/uploads\/2025\/06\/e6c1a657-56f9-42f6-aef3-5c4bba0d4e55-1024x1024.jpeg 1024w, https:\/\/radiolifefm.com.br\/noticias\/wp-content\/uploads\/2025\/06\/e6c1a657-56f9-42f6-aef3-5c4bba0d4e55-150x150.jpeg 150w, https:\/\/radiolifefm.com.br\/noticias\/wp-content\/uploads\/2025\/06\/e6c1a657-56f9-42f6-aef3-5c4bba0d4e55-768x768.jpeg 768w, https:\/\/radiolifefm.com.br\/noticias\/wp-content\/uploads\/2025\/06\/e6c1a657-56f9-42f6-aef3-5c4bba0d4e55-200x200.jpeg 200w, https:\/\/radiolifefm.com.br\/noticias\/wp-content\/uploads\/2025\/06\/e6c1a657-56f9-42f6-aef3-5c4bba0d4e55-250x250.jpeg 250w, https:\/\/radiolifefm.com.br\/noticias\/wp-content\/uploads\/2025\/06\/e6c1a657-56f9-42f6-aef3-5c4bba0d4e55-500x500.jpeg 500w, https:\/\/radiolifefm.com.br\/noticias\/wp-content\/uploads\/2025\/06\/e6c1a657-56f9-42f6-aef3-5c4bba0d4e55-700x700.jpeg 700w, https:\/\/radiolifefm.com.br\/noticias\/wp-content\/uploads\/2025\/06\/e6c1a657-56f9-42f6-aef3-5c4bba0d4e55.jpeg 1080w\" sizes=\"auto, (max-width: 300px) 100vw, 300px\" \/><\/p>\n<p>No Jornal do Meio-Dia de segunda-feira, 23, a professora Suelen Rocha falou tudo sobre a doa\u00e7\u00e3o, bem como os benef\u00edcios da capoeira e a hist\u00f3ria do grupo. Confira!<\/p>\n<p><iframe loading=\"lazy\" title=\"23\/06, o Jornal do Meio-Dia recebe Suelen Rocha, Professora\" width=\"500\" height=\"281\" src=\"https:\/\/www.youtube.com\/embed\/KrUhbhsPA_o?feature=oembed\" frameborder=\"0\" allow=\"accelerometer; autoplay; clipboard-write; encrypted-media; gyroscope; picture-in-picture; web-share\" referrerpolicy=\"strict-origin-when-cross-origin\" allowfullscreen><\/iframe><\/p>\n","protected":false},"excerpt":{"rendered":"<p>O grupo de capoeira Estrela da Barra de Adamantina recebeu uma importante doa\u00e7\u00e3o do Centro Universit\u00e1rio &#8211; FAI. A doa\u00e7\u00e3o inclui aproximadamente 50 conjuntos de camisetas e cal\u00e7as para crian\u00e7as que n\u00e3o t\u00eam condi\u00e7\u00f5es de adquirir os uniformes com recursos pr\u00f3prios. No Jornal do Meio-Dia de segunda-feira, 23, a professora Suelen Rocha falou tudo sobre [&hellip;]<\/p>\n","protected":false},"author":15,"featured_media":102276,"comment_status":"closed","ping_status":"open","sticky":false,"template":"","format":"standard","meta":{"_acf_changed":false,"_exactmetrics_skip_tracking":false,"_exactmetrics_sitenote_active":false,"_exactmetrics_sitenote_note":"","_exactmetrics_sitenote_category":0,"footnotes":""},"categories":[1,2],"tags":[],"class_list":["post-102270","post","type-post","status-publish","format-standard","has-post-thumbnail","hentry","category-geral","category-jornal-do-meio-dia"],"acf":[],"yoast_head":"<!-- This site is optimized with the Yoast SEO plugin v27.2 - https:\/\/yoast.com\/product\/yoast-seo-wordpress\/ -->\n<title>FAI doa uniformes ao grupo de capoeira Estrela da Barra - R\u00e1dio Life FM<\/title>\n<meta name=\"robots\" content=\"index, follow, max-snippet:-1, max-image-preview:large, max-video-preview:-1\" \/>\n<link rel=\"canonical\" href=\"https:\/\/radiolifefm.com.br\/noticias\/fai-doa-uniformes-ao-grupo-de-capoeira-estrela-da-barra\/\" \/>\n<meta property=\"og:locale\" content=\"pt_BR\" \/>\n<meta property=\"og:type\" content=\"article\" \/>\n<meta property=\"og:title\" content=\"FAI doa uniformes ao grupo de capoeira Estrela da Barra - R\u00e1dio Life FM\" \/>\n<meta property=\"og:description\" content=\"O grupo de capoeira Estrela da Barra de Adamantina recebeu uma importante doa\u00e7\u00e3o do Centro Universit\u00e1rio &#8211; FAI. A doa\u00e7\u00e3o inclui aproximadamente 50 conjuntos de camisetas e cal\u00e7as para crian\u00e7as que n\u00e3o t\u00eam condi\u00e7\u00f5es de adquirir os uniformes com recursos pr\u00f3prios. No Jornal do Meio-Dia de segunda-feira, 23, a professora Suelen Rocha falou tudo sobre [&hellip;]\" \/>\n<meta property=\"og:url\" content=\"https:\/\/radiolifefm.com.br\/noticias\/fai-doa-uniformes-ao-grupo-de-capoeira-estrela-da-barra\/\" \/>\n<meta property=\"og:site_name\" content=\"R\u00e1dio Life FM\" \/>\n<meta property=\"article:publisher\" content=\"https:\/\/www.facebook.com\/radiolifefm\/\" \/>\n<meta property=\"article:published_time\" content=\"2025-06-24T18:10:45+00:00\" \/>\n<meta property=\"article:modified_time\" content=\"2026-04-25T02:35:47+00:00\" \/>\n<meta property=\"og:image\" content=\"https:\/\/radiolifefm.com.br\/noticias\/wp-content\/uploads\/2025\/06\/290b16c3-25e8-4cff-93ac-dd431e26f9ed.jpeg\" \/>\n\t<meta property=\"og:image:width\" content=\"1079\" \/>\n\t<meta property=\"og:image:height\" content=\"737\" \/>\n\t<meta property=\"og:image:type\" content=\"image\/jpeg\" \/>\n<meta name=\"author\" content=\"J\u00e9ssica Nakadaira\" \/>\n<meta name=\"twitter:card\" content=\"summary_large_image\" \/>\n<meta name=\"twitter:label1\" content=\"Escrito por\" \/>\n\t<meta name=\"twitter:data1\" content=\"J\u00e9ssica Nakadaira\" \/>\n\t<meta name=\"twitter:label2\" content=\"Est. tempo de leitura\" \/>\n\t<meta name=\"twitter:data2\" content=\"2 minutos\" \/>\n<script type=\"application\/ld+json\" class=\"yoast-schema-graph\">{\"@context\":\"https:\/\/schema.org\",\"@graph\":[{\"@type\":\"Article\",\"@id\":\"https:\/\/radiolifefm.com.br\/noticias\/fai-doa-uniformes-ao-grupo-de-capoeira-estrela-da-barra\/#article\",\"isPartOf\":{\"@id\":\"https:\/\/radiolifefm.com.br\/noticias\/fai-doa-uniformes-ao-grupo-de-capoeira-estrela-da-barra\/\"},\"author\":{\"name\":\"J\u00e9ssica Nakadaira\",\"@id\":\"https:\/\/radiolifefm.com.br\/noticias\/#\/schema\/person\/4af6fff3068bd0b8dfd1ed7704759f26\"},\"headline\":\"FAI doa uniformes ao grupo de capoeira Estrela da Barra\",\"datePublished\":\"2025-06-24T18:10:45+00:00\",\"dateModified\":\"2026-04-25T02:35:47+00:00\",\"mainEntityOfPage\":{\"@id\":\"https:\/\/radiolifefm.com.br\/noticias\/fai-doa-uniformes-ao-grupo-de-capoeira-estrela-da-barra\/\"},\"wordCount\":99,\"publisher\":{\"@id\":\"https:\/\/radiolifefm.com.br\/noticias\/#organization\"},\"image\":{\"@id\":\"https:\/\/radiolifefm.com.br\/noticias\/fai-doa-uniformes-ao-grupo-de-capoeira-estrela-da-barra\/#primaryimage\"},\"thumbnailUrl\":\"https:\/\/radiolifefm.com.br\/noticias\/wp-content\/uploads\/2025\/06\/290b16c3-25e8-4cff-93ac-dd431e26f9ed.jpeg\",\"articleSection\":[\"Geral\",\"Jornal das 12h\"],\"inLanguage\":\"pt-BR\"},{\"@type\":\"WebPage\",\"@id\":\"https:\/\/radiolifefm.com.br\/noticias\/fai-doa-uniformes-ao-grupo-de-capoeira-estrela-da-barra\/\",\"url\":\"https:\/\/radiolifefm.com.br\/noticias\/fai-doa-uniformes-ao-grupo-de-capoeira-estrela-da-barra\/\",\"name\":\"FAI doa uniformes ao grupo de capoeira Estrela da Barra - R\u00e1dio Life FM\",\"isPartOf\":{\"@id\":\"https:\/\/radiolifefm.com.br\/noticias\/#website\"},\"primaryImageOfPage\":{\"@id\":\"https:\/\/radiolifefm.com.br\/noticias\/fai-doa-uniformes-ao-grupo-de-capoeira-estrela-da-barra\/#primaryimage\"},\"image\":{\"@id\":\"https:\/\/radiolifefm.com.br\/noticias\/fai-doa-uniformes-ao-grupo-de-capoeira-estrela-da-barra\/#primaryimage\"},\"thumbnailUrl\":\"https:\/\/radiolifefm.com.br\/noticias\/wp-content\/uploads\/2025\/06\/290b16c3-25e8-4cff-93ac-dd431e26f9ed.jpeg\",\"datePublished\":\"2025-06-24T18:10:45+00:00\",\"dateModified\":\"2026-04-25T02:35:47+00:00\",\"breadcrumb\":{\"@id\":\"https:\/\/radiolifefm.com.br\/noticias\/fai-doa-uniformes-ao-grupo-de-capoeira-estrela-da-barra\/#breadcrumb\"},\"inLanguage\":\"pt-BR\",\"potentialAction\":[{\"@type\":\"ReadAction\",\"target\":[\"https:\/\/radiolifefm.com.br\/noticias\/fai-doa-uniformes-ao-grupo-de-capoeira-estrela-da-barra\/\"]}]},{\"@type\":\"ImageObject\",\"inLanguage\":\"pt-BR\",\"@id\":\"https:\/\/radiolifefm.com.br\/noticias\/fai-doa-uniformes-ao-grupo-de-capoeira-estrela-da-barra\/#primaryimage\",\"url\":\"https:\/\/radiolifefm.com.br\/noticias\/wp-content\/uploads\/2025\/06\/290b16c3-25e8-4cff-93ac-dd431e26f9ed.jpeg\",\"contentUrl\":\"https:\/\/radiolifefm.com.br\/noticias\/wp-content\/uploads\/2025\/06\/290b16c3-25e8-4cff-93ac-dd431e26f9ed.jpeg\",\"width\":1079,\"height\":737},{\"@type\":\"BreadcrumbList\",\"@id\":\"https:\/\/radiolifefm.com.br\/noticias\/fai-doa-uniformes-ao-grupo-de-capoeira-estrela-da-barra\/#breadcrumb\",\"itemListElement\":[{\"@type\":\"ListItem\",\"position\":1,\"name\":\"In\u00edcio\",\"item\":\"https:\/\/radiolifefm.com.br\/noticias\/\"},{\"@type\":\"ListItem\",\"position\":2,\"name\":\"FAI doa uniformes ao grupo de capoeira Estrela da Barra\"}]},{\"@type\":\"WebSite\",\"@id\":\"https:\/\/radiolifefm.com.br\/noticias\/#website\",\"url\":\"https:\/\/radiolifefm.com.br\/noticias\/\",\"name\":\"R\u00e1dio Life FM\",\"description\":\"O Portal de Not\u00edcias de Adamantina\",\"publisher\":{\"@id\":\"https:\/\/radiolifefm.com.br\/noticias\/#organization\"},\"alternateName\":\"Life FM\",\"potentialAction\":[{\"@type\":\"SearchAction\",\"target\":{\"@type\":\"EntryPoint\",\"urlTemplate\":\"https:\/\/radiolifefm.com.br\/noticias\/?s={search_term_string}\"},\"query-input\":{\"@type\":\"PropertyValueSpecification\",\"valueRequired\":true,\"valueName\":\"search_term_string\"}}],\"inLanguage\":\"pt-BR\"},{\"@type\":\"Organization\",\"@id\":\"https:\/\/radiolifefm.com.br\/noticias\/#organization\",\"name\":\"R\u00e1dio Life FM\",\"alternateName\":\"Life FM\",\"url\":\"https:\/\/radiolifefm.com.br\/noticias\/\",\"logo\":{\"@type\":\"ImageObject\",\"inLanguage\":\"pt-BR\",\"@id\":\"https:\/\/radiolifefm.com.br\/noticias\/#\/schema\/logo\/image\/\",\"url\":\"https:\/\/static.radiolifefm.com.br\/noticias\/wp-content\/uploads\/2019\/10\/logo-lifefm.png\",\"contentUrl\":\"https:\/\/static.radiolifefm.com.br\/noticias\/wp-content\/uploads\/2019\/10\/logo-lifefm.png\",\"width\":196,\"height\":47,\"caption\":\"R\u00e1dio Life FM\"},\"image\":{\"@id\":\"https:\/\/radiolifefm.com.br\/noticias\/#\/schema\/logo\/image\/\"},\"sameAs\":[\"https:\/\/www.facebook.com\/radiolifefm\/\",\"https:\/\/www.instagram.com\/life1079fm\/\"]},{\"@type\":\"Person\",\"@id\":\"https:\/\/radiolifefm.com.br\/noticias\/#\/schema\/person\/4af6fff3068bd0b8dfd1ed7704759f26\",\"name\":\"J\u00e9ssica Nakadaira\",\"image\":{\"@type\":\"ImageObject\",\"inLanguage\":\"pt-BR\",\"@id\":\"https:\/\/secure.gravatar.com\/avatar\/8a68115ef30ace340d64293ad9830cfc0a2137ae5a0378e0239504221ef693f5?s=96&d=mm&r=g\",\"url\":\"https:\/\/secure.gravatar.com\/avatar\/8a68115ef30ace340d64293ad9830cfc0a2137ae5a0378e0239504221ef693f5?s=96&d=mm&r=g\",\"contentUrl\":\"https:\/\/secure.gravatar.com\/avatar\/8a68115ef30ace340d64293ad9830cfc0a2137ae5a0378e0239504221ef693f5?s=96&d=mm&r=g\",\"caption\":\"J\u00e9ssica Nakadaira\"}}]}<\/script>\n<!-- \/ Yoast SEO plugin. -->","yoast_head_json":{"title":"FAI doa uniformes ao grupo de capoeira Estrela da Barra - R\u00e1dio Life FM","robots":{"index":"index","follow":"follow","max-snippet":"max-snippet:-1","max-image-preview":"max-image-preview:large","max-video-preview":"max-video-preview:-1"},"canonical":"https:\/\/radiolifefm.com.br\/noticias\/fai-doa-uniformes-ao-grupo-de-capoeira-estrela-da-barra\/","og_locale":"pt_BR","og_type":"article","og_title":"FAI doa uniformes ao grupo de capoeira Estrela da Barra - R\u00e1dio Life FM","og_description":"O grupo de capoeira Estrela da Barra de Adamantina recebeu uma importante doa\u00e7\u00e3o do Centro Universit\u00e1rio &#8211; FAI. A doa\u00e7\u00e3o inclui aproximadamente 50 conjuntos de camisetas e cal\u00e7as para crian\u00e7as que n\u00e3o t\u00eam condi\u00e7\u00f5es de adquirir os uniformes com recursos pr\u00f3prios. No Jornal do Meio-Dia de segunda-feira, 23, a professora Suelen Rocha falou tudo sobre [&hellip;]","og_url":"https:\/\/radiolifefm.com.br\/noticias\/fai-doa-uniformes-ao-grupo-de-capoeira-estrela-da-barra\/","og_site_name":"R\u00e1dio Life FM","article_publisher":"https:\/\/www.facebook.com\/radiolifefm\/","article_published_time":"2025-06-24T18:10:45+00:00","article_modified_time":"2026-04-25T02:35:47+00:00","og_image":[{"width":1079,"height":737,"url":"https:\/\/radiolifefm.com.br\/noticias\/wp-content\/uploads\/2025\/06\/290b16c3-25e8-4cff-93ac-dd431e26f9ed.jpeg","type":"image\/jpeg"}],"author":"J\u00e9ssica Nakadaira","twitter_card":"summary_large_image","twitter_misc":{"Escrito por":"J\u00e9ssica Nakadaira","Est. tempo de leitura":"2 minutos"},"schema":{"@context":"https:\/\/schema.org","@graph":[{"@type":"Article","@id":"https:\/\/radiolifefm.com.br\/noticias\/fai-doa-uniformes-ao-grupo-de-capoeira-estrela-da-barra\/#article","isPartOf":{"@id":"https:\/\/radiolifefm.com.br\/noticias\/fai-doa-uniformes-ao-grupo-de-capoeira-estrela-da-barra\/"},"author":{"name":"J\u00e9ssica Nakadaira","@id":"https:\/\/radiolifefm.com.br\/noticias\/#\/schema\/person\/4af6fff3068bd0b8dfd1ed7704759f26"},"headline":"FAI doa uniformes ao grupo de capoeira Estrela da Barra","datePublished":"2025-06-24T18:10:45+00:00","dateModified":"2026-04-25T02:35:47+00:00","mainEntityOfPage":{"@id":"https:\/\/radiolifefm.com.br\/noticias\/fai-doa-uniformes-ao-grupo-de-capoeira-estrela-da-barra\/"},"wordCount":99,"publisher":{"@id":"https:\/\/radiolifefm.com.br\/noticias\/#organization"},"image":{"@id":"https:\/\/radiolifefm.com.br\/noticias\/fai-doa-uniformes-ao-grupo-de-capoeira-estrela-da-barra\/#primaryimage"},"thumbnailUrl":"https:\/\/radiolifefm.com.br\/noticias\/wp-content\/uploads\/2025\/06\/290b16c3-25e8-4cff-93ac-dd431e26f9ed.jpeg","articleSection":["Geral","Jornal das 12h"],"inLanguage":"pt-BR"},{"@type":"WebPage","@id":"https:\/\/radiolifefm.com.br\/noticias\/fai-doa-uniformes-ao-grupo-de-capoeira-estrela-da-barra\/","url":"https:\/\/radiolifefm.com.br\/noticias\/fai-doa-uniformes-ao-grupo-de-capoeira-estrela-da-barra\/","name":"FAI doa uniformes ao grupo de capoeira Estrela da Barra - R\u00e1dio Life FM","isPartOf":{"@id":"https:\/\/radiolifefm.com.br\/noticias\/#website"},"primaryImageOfPage":{"@id":"https:\/\/radiolifefm.com.br\/noticias\/fai-doa-uniformes-ao-grupo-de-capoeira-estrela-da-barra\/#primaryimage"},"image":{"@id":"https:\/\/radiolifefm.com.br\/noticias\/fai-doa-uniformes-ao-grupo-de-capoeira-estrela-da-barra\/#primaryimage"},"thumbnailUrl":"https:\/\/radiolifefm.com.br\/noticias\/wp-content\/uploads\/2025\/06\/290b16c3-25e8-4cff-93ac-dd431e26f9ed.jpeg","datePublished":"2025-06-24T18:10:45+00:00","dateModified":"2026-04-25T02:35:47+00:00","breadcrumb":{"@id":"https:\/\/radiolifefm.com.br\/noticias\/fai-doa-uniformes-ao-grupo-de-capoeira-estrela-da-barra\/#breadcrumb"},"inLanguage":"pt-BR","potentialAction":[{"@type":"ReadAction","target":["https:\/\/radiolifefm.com.br\/noticias\/fai-doa-uniformes-ao-grupo-de-capoeira-estrela-da-barra\/"]}]},{"@type":"ImageObject","inLanguage":"pt-BR","@id":"https:\/\/radiolifefm.com.br\/noticias\/fai-doa-uniformes-ao-grupo-de-capoeira-estrela-da-barra\/#primaryimage","url":"https:\/\/radiolifefm.com.br\/noticias\/wp-content\/uploads\/2025\/06\/290b16c3-25e8-4cff-93ac-dd431e26f9ed.jpeg","contentUrl":"https:\/\/radiolifefm.com.br\/noticias\/wp-content\/uploads\/2025\/06\/290b16c3-25e8-4cff-93ac-dd431e26f9ed.jpeg","width":1079,"height":737},{"@type":"BreadcrumbList","@id":"https:\/\/radiolifefm.com.br\/noticias\/fai-doa-uniformes-ao-grupo-de-capoeira-estrela-da-barra\/#breadcrumb","itemListElement":[{"@type":"ListItem","position":1,"name":"In\u00edcio","item":"https:\/\/radiolifefm.com.br\/noticias\/"},{"@type":"ListItem","position":2,"name":"FAI doa uniformes ao grupo de capoeira Estrela da Barra"}]},{"@type":"WebSite","@id":"https:\/\/radiolifefm.com.br\/noticias\/#website","url":"https:\/\/radiolifefm.com.br\/noticias\/","name":"R\u00e1dio Life FM","description":"O Portal de Not\u00edcias de Adamantina","publisher":{"@id":"https:\/\/radiolifefm.com.br\/noticias\/#organization"},"alternateName":"Life FM","potentialAction":[{"@type":"SearchAction","target":{"@type":"EntryPoint","urlTemplate":"https:\/\/radiolifefm.com.br\/noticias\/?s={search_term_string}"},"query-input":{"@type":"PropertyValueSpecification","valueRequired":true,"valueName":"search_term_string"}}],"inLanguage":"pt-BR"},{"@type":"Organization","@id":"https:\/\/radiolifefm.com.br\/noticias\/#organization","name":"R\u00e1dio Life FM","alternateName":"Life FM","url":"https:\/\/radiolifefm.com.br\/noticias\/","logo":{"@type":"ImageObject","inLanguage":"pt-BR","@id":"https:\/\/radiolifefm.com.br\/noticias\/#\/schema\/logo\/image\/","url":"https:\/\/static.radiolifefm.com.br\/noticias\/wp-content\/uploads\/2019\/10\/logo-lifefm.png","contentUrl":"https:\/\/static.radiolifefm.com.br\/noticias\/wp-content\/uploads\/2019\/10\/logo-lifefm.png","width":196,"height":47,"caption":"R\u00e1dio Life FM"},"image":{"@id":"https:\/\/radiolifefm.com.br\/noticias\/#\/schema\/logo\/image\/"},"sameAs":["https:\/\/www.facebook.com\/radiolifefm\/","https:\/\/www.instagram.com\/life1079fm\/"]},{"@type":"Person","@id":"https:\/\/radiolifefm.com.br\/noticias\/#\/schema\/person\/4af6fff3068bd0b8dfd1ed7704759f26","name":"J\u00e9ssica Nakadaira","image":{"@type":"ImageObject","inLanguage":"pt-BR","@id":"https:\/\/secure.gravatar.com\/avatar\/8a68115ef30ace340d64293ad9830cfc0a2137ae5a0378e0239504221ef693f5?s=96&d=mm&r=g","url":"https:\/\/secure.gravatar.com\/avatar\/8a68115ef30ace340d64293ad9830cfc0a2137ae5a0378e0239504221ef693f5?s=96&d=mm&r=g","contentUrl":"https:\/\/secure.gravatar.com\/avatar\/8a68115ef30ace340d64293ad9830cfc0a2137ae5a0378e0239504221ef693f5?s=96&d=mm&r=g","caption":"J\u00e9ssica Nakadaira"}}]}},"amp_enabled":true,"_links":{"self":[{"href":"https:\/\/radiolifefm.com.br\/noticias\/wp-json\/wp\/v2\/posts\/102270","targetHints":{"allow":["GET"]}}],"collection":[{"href":"https:\/\/radiolifefm.com.br\/noticias\/wp-json\/wp\/v2\/posts"}],"about":[{"href":"https:\/\/radiolifefm.com.br\/noticias\/wp-json\/wp\/v2\/types\/post"}],"author":[{"embeddable":true,"href":"https:\/\/radiolifefm.com.br\/noticias\/wp-json\/wp\/v2\/users\/15"}],"replies":[{"embeddable":true,"href":"https:\/\/radiolifefm.com.br\/noticias\/wp-json\/wp\/v2\/comments?post=102270"}],"version-history":[{"count":1,"href":"https:\/\/radiolifefm.com.br\/noticias\/wp-json\/wp\/v2\/posts\/102270\/revisions"}],"predecessor-version":[{"id":102277,"href":"https:\/\/radiolifefm.com.br\/noticias\/wp-json\/wp\/v2\/posts\/102270\/revisions\/102277"}],"wp:featuredmedia":[{"embeddable":true,"href":"https:\/\/radiolifefm.com.br\/noticias\/wp-json\/wp\/v2\/media\/102276"}],"wp:attachment":[{"href":"https:\/\/radiolifefm.com.br\/noticias\/wp-json\/wp\/v2\/media?parent=102270"}],"wp:term":[{"taxonomy":"category","embeddable":true,"href":"https:\/\/radiolifefm.com.br\/noticias\/wp-json\/wp\/v2\/categories?post=102270"},{"taxonomy":"post_tag","embeddable":true,"href":"https:\/\/radiolifefm.com.br\/noticias\/wp-json\/wp\/v2\/tags?post=102270"}],"curies":[{"name":"wp","href":"https:\/\/api.w.org\/{rel}","templated":true}]}}