{"id":102266,"date":"2025-06-24T11:15:34","date_gmt":"2025-06-24T14:15:34","guid":{"rendered":"https:\/\/radiolifefm.com.br\/noticias\/?p=102266"},"modified":"2026-04-09T11:56:14","modified_gmt":"2026-04-09T14:56:14","slug":"energisa-alerta-sobre-alto-consumo-e-uso-seguro-de-aparelhos-eletricos-nos-dias-de-baixas-temperaturas","status":"publish","type":"post","link":"https:\/\/radiolifefm.com.br\/noticias\/energisa-alerta-sobre-alto-consumo-e-uso-seguro-de-aparelhos-eletricos-nos-dias-de-baixas-temperaturas\/","title":{"rendered":"Energisa alerta sobre alto consumo e uso seguro de aparelhos el\u00e9tricos nos dias de baixas temperaturas"},"content":{"rendered":"<div id=\"fb-root\"><\/div>\n<div>A previs\u00e3o do tempo anuncia baixas temperaturas para os pr\u00f3ximos dias na regi\u00e3o. E, para espantar o frio, muita gente n\u00e3o abre m\u00e3o do banho quente e at\u00e9 do uso de aquecedores el\u00e9tricos para manter o conforto t\u00e9rmico do ambiente. O que nem todos observam \u00e9 que equipamentos que geram calor podem ser os principais vil\u00f5es do consumo de energia nos dias de inverno. Se n\u00e3o utilizados de forma eficiente, tais aparelhos podem contribuir para um aumento significativo na conta de energia.<\/div>\n<div><\/div>\n<div>\u201cO chuveiro \u00e9 respons\u00e1vel por 30% do consumo mensal da energia. Em uma resid\u00eancia com quatro pessoas, se cada uma tomar um banho de cinco minutos com o chuveiro ligado direto, pode resultar no consumo de at\u00e9 220 kWh\/m\u00eas. Ent\u00e3o, seja pr\u00e1tico: desligue o chuveiro enquanto se ensaboa. Isso representa economia de energia e tamb\u00e9m de \u00e1gua\u201d, exemplifica o coordenador de Efici\u00eancia Energ\u00e9tica da Energisa, Thiago Peres de Oliveira.<\/div>\n<div><\/div>\n<div>Assim como o chuveiro, outros eletrodom\u00e9sticos como secadora de roupas, forno el\u00e9trico, ferro de passar e aquecedores de ambiente e \u00e1gua tamb\u00e9m contribuem para a alta no gasto de energia.<\/div>\n<div><\/div>\n<div>Em se tratando do aquecedor de ambiente, dependendo da pot\u00eancia do equipamento, quando ligado por cinco ou seis horas ininterruptas pode consumir at\u00e9 350 kWh\/m\u00eas, o equivalente ao consumo m\u00e9dio de uma casa inteira em um dia de temperaturas m\u00e9dias. \u201cPor isso, se vai ligar o aquecedor el\u00e9trico, mantenha portas e janelas fechadas para evitar correntes de ar frio, o que demanda maior consumo de energia\u201d, afirma Thiago, refor\u00e7ando a necessidade de equilibrar o tempo e a forma de uso de cada aparelho para n\u00e3o ter um susto na conta de energia ao final do m\u00eas.<\/div>\n<div><\/div>\n<div>Entre outras dicas de economia, o coordenador da Energisa cita que no inverno, os dias s\u00e3o mais curtos, o que demanda maior tempo de l\u00e2mpadas acesas. Por esse motivo, prefira as de LED que s\u00e3o mais econ\u00f4micas e n\u00e3o deixe luzes acesas sem necessidade.<\/div>\n<div>Deixe para usar o ferro el\u00e9trico apenas com roupas indispens\u00e1veis; se for usar o forno el\u00e9trico, mantenha-o ligado apenas no per\u00edodo estipulado pela receita; e n\u00e3o coloque roupas, panos e outros materiais para secar atr\u00e1s da geladeira.<\/div>\n<div><\/div>\n<div>\u201cEssas dicas s\u00e3o simples, mas muito eficazes quando toda a fam\u00edlia \u00e9 envolvida no uso eficiente da energia\u201d, refor\u00e7a.<\/div>\n<div><\/div>\n<div><b>Seguran\u00e7a<\/b><\/div>\n<div>Al\u00e9m do alto consumo de energia, o coordenador destaca a import\u00e2ncia de verificar os aspectos de seguran\u00e7a no uso dos equipamentos, principalmente do aquecedor el\u00e9trico.<\/div>\n<div>Primeiramente, contrate um profissional para avaliar a capacidade da rede el\u00e9trica do im\u00f3vel em rela\u00e7\u00e3o \u00e0 demanda dos equipamentos em uso. Tamb\u00e9m fa\u00e7a a limpeza e manuten\u00e7\u00e3o do aparelho, antes mesmo de utiliz\u00e1-lo. \u201cAl\u00e9m disso, verifique as condi\u00e7\u00f5es da tomada em que o aquecedor ser\u00e1 ligado e jamais coloque outros aparelhos na mesma tomada ou extens\u00f5es, pois isso pode resultar em sobrecarga, danificando o equipamento e as instala\u00e7\u00f5es el\u00e9tricas do local\u201d, alerta Thiago.<\/div>\n<div><\/div>\n<div>Outra orienta\u00e7\u00e3o valiosa \u00e9 que os aquecedores el\u00e9tricos n\u00e3o devem estar conectados no mesmo circuito de outros aparelhos de grande pot\u00eancia, como secadoras e m\u00e1quinas de lavar roupas.<\/div>\n<div><\/div>\n<div>\u00a0\u201cAlgumas pessoas costumam usar os aquecedores el\u00e9tricos para esquentar o banheiro antes do banho. Por\u00e9m, esses eletrodom\u00e9sticos n\u00e3o devem ficar pr\u00f3ximos a locais com \u00e1gua, j\u00e1 que podem cair, ocasionando um curto circuito e at\u00e9 iniciar um inc\u00eandio. Todo cuidado \u00e9 pouco quando o assunto \u00e9 eletricidade\u201d, refor\u00e7a.<\/div>\n<div>\n<\/div>\n<div><\/div>\n<div><\/div>\n<div id=\"m_-4612109314304741488x_Signature\">\n<div><\/div>\n<div>Atenciosamente,<\/div>\n<div><\/div>\n<\/div>\n<table cellspacing=\"0\" cellpadding=\"0\">\n<tbody>\n<tr>\n<td align=\"left\"><img loading=\"lazy\" decoding=\"async\" id=\"m_-4612109314304741488x_0.pn5v0xfc2j\" class=\"CToWUd\" src=\"https:\/\/mail.google.com\/mail\/u\/0?ui=2&amp;ik=a69da7365c&amp;attid=0.0.2&amp;permmsgid=msg-f:1835751441423158021&amp;th=1979e635b1f04b05&amp;view=fimg&amp;fur=ip&amp;permmsgid=msg-f:1835751441423158021&amp;sz=s0-l75-ft&amp;attbid=ANGjdJ-Qgha7BWo05-vdqxMvJUeaN8IGRa3ecdGEEgDaXscpQb6QRUbFBoURuqdEQnRFII7ogkCWlQYdeBVz38oDTG6VMerIAbNNV-muuKZg5jGXAo84ku9bsdLUu4c&amp;disp=emb&amp;zw\" alt=\"Assinatura-de-E-mail_GIF_AZUL_200x44_120-anos_Energisa_050225 (1).gif\" width=\"213\" height=\"47\" data-image-whitelisted=\"\" data-bit=\"iit\" \/><br \/>\n<b>Edneia Cristina da Silva Zart<\/b><br \/>\nAnl Comunicacao III &#8211; COORDENACAO DE BUSSINESS PARTNER<\/td>\n<\/tr>\n<\/tbody>\n<\/table>\n","protected":false},"excerpt":{"rendered":"<p>A previs\u00e3o do tempo anuncia baixas temperaturas para os pr\u00f3ximos dias na regi\u00e3o. E, para espantar o frio, muita gente n\u00e3o abre m\u00e3o do banho quente e at\u00e9 do uso de aquecedores el\u00e9tricos para manter o conforto t\u00e9rmico do ambiente. O que nem todos observam \u00e9 que equipamentos que geram calor podem ser os principais [&hellip;]<\/p>\n","protected":false},"author":13,"featured_media":102267,"comment_status":"closed","ping_status":"open","sticky":false,"template":"","format":"standard","meta":{"_acf_changed":false,"_exactmetrics_skip_tracking":false,"_exactmetrics_sitenote_active":false,"_exactmetrics_sitenote_note":"","_exactmetrics_sitenote_category":0,"footnotes":""},"categories":[1],"tags":[],"class_list":["post-102266","post","type-post","status-publish","format-standard","has-post-thumbnail","hentry","category-geral"],"acf":[],"yoast_head":"<!-- This site is optimized with the Yoast SEO plugin v27.2 - https:\/\/yoast.com\/product\/yoast-seo-wordpress\/ -->\n<title>Energisa alerta sobre alto consumo e uso seguro de aparelhos el\u00e9tricos nos dias de baixas temperaturas - R\u00e1dio Life FM<\/title>\n<meta name=\"robots\" content=\"index, follow, max-snippet:-1, max-image-preview:large, max-video-preview:-1\" \/>\n<link rel=\"canonical\" href=\"https:\/\/radiolifefm.com.br\/noticias\/energisa-alerta-sobre-alto-consumo-e-uso-seguro-de-aparelhos-eletricos-nos-dias-de-baixas-temperaturas\/\" \/>\n<meta property=\"og:locale\" content=\"pt_BR\" \/>\n<meta property=\"og:type\" content=\"article\" \/>\n<meta property=\"og:title\" content=\"Energisa alerta sobre alto consumo e uso seguro de aparelhos el\u00e9tricos nos dias de baixas temperaturas - R\u00e1dio Life FM\" \/>\n<meta property=\"og:description\" content=\"A previs\u00e3o do tempo anuncia baixas temperaturas para os pr\u00f3ximos dias na regi\u00e3o. E, para espantar o frio, muita gente n\u00e3o abre m\u00e3o do banho quente e at\u00e9 do uso de aquecedores el\u00e9tricos para manter o conforto t\u00e9rmico do ambiente. O que nem todos observam \u00e9 que equipamentos que geram calor podem ser os principais [&hellip;]\" \/>\n<meta property=\"og:url\" content=\"https:\/\/radiolifefm.com.br\/noticias\/energisa-alerta-sobre-alto-consumo-e-uso-seguro-de-aparelhos-eletricos-nos-dias-de-baixas-temperaturas\/\" \/>\n<meta property=\"og:site_name\" content=\"R\u00e1dio Life FM\" \/>\n<meta property=\"article:publisher\" content=\"https:\/\/www.facebook.com\/radiolifefm\/\" \/>\n<meta property=\"article:published_time\" content=\"2025-06-24T14:15:34+00:00\" \/>\n<meta property=\"article:modified_time\" content=\"2026-04-09T14:56:14+00:00\" \/>\n<meta property=\"og:image\" content=\"https:\/\/radiolifefm.com.br\/noticias\/wp-content\/uploads\/2025\/06\/Uso-de-aquecedor-2.jpeg\" \/>\n\t<meta property=\"og:image:width\" content=\"1239\" \/>\n\t<meta property=\"og:image:height\" content=\"1080\" \/>\n\t<meta property=\"og:image:type\" content=\"image\/jpeg\" \/>\n<meta name=\"author\" content=\"ritanery\" \/>\n<meta name=\"twitter:card\" content=\"summary_large_image\" \/>\n<meta name=\"twitter:label1\" content=\"Escrito por\" \/>\n\t<meta name=\"twitter:data1\" content=\"ritanery\" \/>\n\t<meta name=\"twitter:label2\" content=\"Est. tempo de leitura\" \/>\n\t<meta name=\"twitter:data2\" content=\"4 minutos\" \/>\n<script type=\"application\/ld+json\" class=\"yoast-schema-graph\">{\"@context\":\"https:\/\/schema.org\",\"@graph\":[{\"@type\":\"Article\",\"@id\":\"https:\/\/radiolifefm.com.br\/noticias\/energisa-alerta-sobre-alto-consumo-e-uso-seguro-de-aparelhos-eletricos-nos-dias-de-baixas-temperaturas\/#article\",\"isPartOf\":{\"@id\":\"https:\/\/radiolifefm.com.br\/noticias\/energisa-alerta-sobre-alto-consumo-e-uso-seguro-de-aparelhos-eletricos-nos-dias-de-baixas-temperaturas\/\"},\"author\":{\"name\":\"ritanery\",\"@id\":\"https:\/\/radiolifefm.com.br\/noticias\/#\/schema\/person\/6339b9fac59d12b071dec680d7375d87\"},\"headline\":\"Energisa alerta sobre alto consumo e uso seguro de aparelhos el\u00e9tricos nos dias de baixas temperaturas\",\"datePublished\":\"2025-06-24T14:15:34+00:00\",\"dateModified\":\"2026-04-09T14:56:14+00:00\",\"mainEntityOfPage\":{\"@id\":\"https:\/\/radiolifefm.com.br\/noticias\/energisa-alerta-sobre-alto-consumo-e-uso-seguro-de-aparelhos-eletricos-nos-dias-de-baixas-temperaturas\/\"},\"wordCount\":646,\"publisher\":{\"@id\":\"https:\/\/radiolifefm.com.br\/noticias\/#organization\"},\"image\":{\"@id\":\"https:\/\/radiolifefm.com.br\/noticias\/energisa-alerta-sobre-alto-consumo-e-uso-seguro-de-aparelhos-eletricos-nos-dias-de-baixas-temperaturas\/#primaryimage\"},\"thumbnailUrl\":\"https:\/\/radiolifefm.com.br\/noticias\/wp-content\/uploads\/2025\/06\/Uso-de-aquecedor-2.jpeg\",\"articleSection\":[\"Geral\"],\"inLanguage\":\"pt-BR\"},{\"@type\":\"WebPage\",\"@id\":\"https:\/\/radiolifefm.com.br\/noticias\/energisa-alerta-sobre-alto-consumo-e-uso-seguro-de-aparelhos-eletricos-nos-dias-de-baixas-temperaturas\/\",\"url\":\"https:\/\/radiolifefm.com.br\/noticias\/energisa-alerta-sobre-alto-consumo-e-uso-seguro-de-aparelhos-eletricos-nos-dias-de-baixas-temperaturas\/\",\"name\":\"Energisa alerta sobre alto consumo e uso seguro de aparelhos el\u00e9tricos nos dias de baixas temperaturas - R\u00e1dio Life FM\",\"isPartOf\":{\"@id\":\"https:\/\/radiolifefm.com.br\/noticias\/#website\"},\"primaryImageOfPage\":{\"@id\":\"https:\/\/radiolifefm.com.br\/noticias\/energisa-alerta-sobre-alto-consumo-e-uso-seguro-de-aparelhos-eletricos-nos-dias-de-baixas-temperaturas\/#primaryimage\"},\"image\":{\"@id\":\"https:\/\/radiolifefm.com.br\/noticias\/energisa-alerta-sobre-alto-consumo-e-uso-seguro-de-aparelhos-eletricos-nos-dias-de-baixas-temperaturas\/#primaryimage\"},\"thumbnailUrl\":\"https:\/\/radiolifefm.com.br\/noticias\/wp-content\/uploads\/2025\/06\/Uso-de-aquecedor-2.jpeg\",\"datePublished\":\"2025-06-24T14:15:34+00:00\",\"dateModified\":\"2026-04-09T14:56:14+00:00\",\"breadcrumb\":{\"@id\":\"https:\/\/radiolifefm.com.br\/noticias\/energisa-alerta-sobre-alto-consumo-e-uso-seguro-de-aparelhos-eletricos-nos-dias-de-baixas-temperaturas\/#breadcrumb\"},\"inLanguage\":\"pt-BR\",\"potentialAction\":[{\"@type\":\"ReadAction\",\"target\":[\"https:\/\/radiolifefm.com.br\/noticias\/energisa-alerta-sobre-alto-consumo-e-uso-seguro-de-aparelhos-eletricos-nos-dias-de-baixas-temperaturas\/\"]}]},{\"@type\":\"ImageObject\",\"inLanguage\":\"pt-BR\",\"@id\":\"https:\/\/radiolifefm.com.br\/noticias\/energisa-alerta-sobre-alto-consumo-e-uso-seguro-de-aparelhos-eletricos-nos-dias-de-baixas-temperaturas\/#primaryimage\",\"url\":\"https:\/\/radiolifefm.com.br\/noticias\/wp-content\/uploads\/2025\/06\/Uso-de-aquecedor-2.jpeg\",\"contentUrl\":\"https:\/\/radiolifefm.com.br\/noticias\/wp-content\/uploads\/2025\/06\/Uso-de-aquecedor-2.jpeg\",\"width\":1239,\"height\":1080,\"caption\":\"Chuveiro, aquecedor el\u00e9trico e outros equipamentos que geram calor est\u00e3o entre os que mais demandam energia nesse per\u00edodo\"},{\"@type\":\"BreadcrumbList\",\"@id\":\"https:\/\/radiolifefm.com.br\/noticias\/energisa-alerta-sobre-alto-consumo-e-uso-seguro-de-aparelhos-eletricos-nos-dias-de-baixas-temperaturas\/#breadcrumb\",\"itemListElement\":[{\"@type\":\"ListItem\",\"position\":1,\"name\":\"In\u00edcio\",\"item\":\"https:\/\/radiolifefm.com.br\/noticias\/\"},{\"@type\":\"ListItem\",\"position\":2,\"name\":\"Energisa alerta sobre alto consumo e uso seguro de aparelhos el\u00e9tricos nos dias de baixas temperaturas\"}]},{\"@type\":\"WebSite\",\"@id\":\"https:\/\/radiolifefm.com.br\/noticias\/#website\",\"url\":\"https:\/\/radiolifefm.com.br\/noticias\/\",\"name\":\"R\u00e1dio Life FM\",\"description\":\"O Portal de Not\u00edcias de Adamantina\",\"publisher\":{\"@id\":\"https:\/\/radiolifefm.com.br\/noticias\/#organization\"},\"alternateName\":\"Life FM\",\"potentialAction\":[{\"@type\":\"SearchAction\",\"target\":{\"@type\":\"EntryPoint\",\"urlTemplate\":\"https:\/\/radiolifefm.com.br\/noticias\/?s={search_term_string}\"},\"query-input\":{\"@type\":\"PropertyValueSpecification\",\"valueRequired\":true,\"valueName\":\"search_term_string\"}}],\"inLanguage\":\"pt-BR\"},{\"@type\":\"Organization\",\"@id\":\"https:\/\/radiolifefm.com.br\/noticias\/#organization\",\"name\":\"R\u00e1dio Life FM\",\"alternateName\":\"Life FM\",\"url\":\"https:\/\/radiolifefm.com.br\/noticias\/\",\"logo\":{\"@type\":\"ImageObject\",\"inLanguage\":\"pt-BR\",\"@id\":\"https:\/\/radiolifefm.com.br\/noticias\/#\/schema\/logo\/image\/\",\"url\":\"https:\/\/static.radiolifefm.com.br\/noticias\/wp-content\/uploads\/2019\/10\/logo-lifefm.png\",\"contentUrl\":\"https:\/\/static.radiolifefm.com.br\/noticias\/wp-content\/uploads\/2019\/10\/logo-lifefm.png\",\"width\":196,\"height\":47,\"caption\":\"R\u00e1dio Life FM\"},\"image\":{\"@id\":\"https:\/\/radiolifefm.com.br\/noticias\/#\/schema\/logo\/image\/\"},\"sameAs\":[\"https:\/\/www.facebook.com\/radiolifefm\/\",\"https:\/\/www.instagram.com\/life1079fm\/\"]},{\"@type\":\"Person\",\"@id\":\"https:\/\/radiolifefm.com.br\/noticias\/#\/schema\/person\/6339b9fac59d12b071dec680d7375d87\",\"name\":\"ritanery\",\"image\":{\"@type\":\"ImageObject\",\"inLanguage\":\"pt-BR\",\"@id\":\"https:\/\/secure.gravatar.com\/avatar\/0e37bb19071f47c0b8a23f62a903df117c5a0e75f65a0c2901562f97cd41cf86?s=96&d=mm&r=g\",\"url\":\"https:\/\/secure.gravatar.com\/avatar\/0e37bb19071f47c0b8a23f62a903df117c5a0e75f65a0c2901562f97cd41cf86?s=96&d=mm&r=g\",\"contentUrl\":\"https:\/\/secure.gravatar.com\/avatar\/0e37bb19071f47c0b8a23f62a903df117c5a0e75f65a0c2901562f97cd41cf86?s=96&d=mm&r=g\",\"caption\":\"ritanery\"}}]}<\/script>\n<!-- \/ Yoast SEO plugin. -->","yoast_head_json":{"title":"Energisa alerta sobre alto consumo e uso seguro de aparelhos el\u00e9tricos nos dias de baixas temperaturas - R\u00e1dio Life FM","robots":{"index":"index","follow":"follow","max-snippet":"max-snippet:-1","max-image-preview":"max-image-preview:large","max-video-preview":"max-video-preview:-1"},"canonical":"https:\/\/radiolifefm.com.br\/noticias\/energisa-alerta-sobre-alto-consumo-e-uso-seguro-de-aparelhos-eletricos-nos-dias-de-baixas-temperaturas\/","og_locale":"pt_BR","og_type":"article","og_title":"Energisa alerta sobre alto consumo e uso seguro de aparelhos el\u00e9tricos nos dias de baixas temperaturas - R\u00e1dio Life FM","og_description":"A previs\u00e3o do tempo anuncia baixas temperaturas para os pr\u00f3ximos dias na regi\u00e3o. E, para espantar o frio, muita gente n\u00e3o abre m\u00e3o do banho quente e at\u00e9 do uso de aquecedores el\u00e9tricos para manter o conforto t\u00e9rmico do ambiente. O que nem todos observam \u00e9 que equipamentos que geram calor podem ser os principais [&hellip;]","og_url":"https:\/\/radiolifefm.com.br\/noticias\/energisa-alerta-sobre-alto-consumo-e-uso-seguro-de-aparelhos-eletricos-nos-dias-de-baixas-temperaturas\/","og_site_name":"R\u00e1dio Life FM","article_publisher":"https:\/\/www.facebook.com\/radiolifefm\/","article_published_time":"2025-06-24T14:15:34+00:00","article_modified_time":"2026-04-09T14:56:14+00:00","og_image":[{"width":1239,"height":1080,"url":"https:\/\/radiolifefm.com.br\/noticias\/wp-content\/uploads\/2025\/06\/Uso-de-aquecedor-2.jpeg","type":"image\/jpeg"}],"author":"ritanery","twitter_card":"summary_large_image","twitter_misc":{"Escrito por":"ritanery","Est. tempo de leitura":"4 minutos"},"schema":{"@context":"https:\/\/schema.org","@graph":[{"@type":"Article","@id":"https:\/\/radiolifefm.com.br\/noticias\/energisa-alerta-sobre-alto-consumo-e-uso-seguro-de-aparelhos-eletricos-nos-dias-de-baixas-temperaturas\/#article","isPartOf":{"@id":"https:\/\/radiolifefm.com.br\/noticias\/energisa-alerta-sobre-alto-consumo-e-uso-seguro-de-aparelhos-eletricos-nos-dias-de-baixas-temperaturas\/"},"author":{"name":"ritanery","@id":"https:\/\/radiolifefm.com.br\/noticias\/#\/schema\/person\/6339b9fac59d12b071dec680d7375d87"},"headline":"Energisa alerta sobre alto consumo e uso seguro de aparelhos el\u00e9tricos nos dias de baixas temperaturas","datePublished":"2025-06-24T14:15:34+00:00","dateModified":"2026-04-09T14:56:14+00:00","mainEntityOfPage":{"@id":"https:\/\/radiolifefm.com.br\/noticias\/energisa-alerta-sobre-alto-consumo-e-uso-seguro-de-aparelhos-eletricos-nos-dias-de-baixas-temperaturas\/"},"wordCount":646,"publisher":{"@id":"https:\/\/radiolifefm.com.br\/noticias\/#organization"},"image":{"@id":"https:\/\/radiolifefm.com.br\/noticias\/energisa-alerta-sobre-alto-consumo-e-uso-seguro-de-aparelhos-eletricos-nos-dias-de-baixas-temperaturas\/#primaryimage"},"thumbnailUrl":"https:\/\/radiolifefm.com.br\/noticias\/wp-content\/uploads\/2025\/06\/Uso-de-aquecedor-2.jpeg","articleSection":["Geral"],"inLanguage":"pt-BR"},{"@type":"WebPage","@id":"https:\/\/radiolifefm.com.br\/noticias\/energisa-alerta-sobre-alto-consumo-e-uso-seguro-de-aparelhos-eletricos-nos-dias-de-baixas-temperaturas\/","url":"https:\/\/radiolifefm.com.br\/noticias\/energisa-alerta-sobre-alto-consumo-e-uso-seguro-de-aparelhos-eletricos-nos-dias-de-baixas-temperaturas\/","name":"Energisa alerta sobre alto consumo e uso seguro de aparelhos el\u00e9tricos nos dias de baixas temperaturas - R\u00e1dio Life FM","isPartOf":{"@id":"https:\/\/radiolifefm.com.br\/noticias\/#website"},"primaryImageOfPage":{"@id":"https:\/\/radiolifefm.com.br\/noticias\/energisa-alerta-sobre-alto-consumo-e-uso-seguro-de-aparelhos-eletricos-nos-dias-de-baixas-temperaturas\/#primaryimage"},"image":{"@id":"https:\/\/radiolifefm.com.br\/noticias\/energisa-alerta-sobre-alto-consumo-e-uso-seguro-de-aparelhos-eletricos-nos-dias-de-baixas-temperaturas\/#primaryimage"},"thumbnailUrl":"https:\/\/radiolifefm.com.br\/noticias\/wp-content\/uploads\/2025\/06\/Uso-de-aquecedor-2.jpeg","datePublished":"2025-06-24T14:15:34+00:00","dateModified":"2026-04-09T14:56:14+00:00","breadcrumb":{"@id":"https:\/\/radiolifefm.com.br\/noticias\/energisa-alerta-sobre-alto-consumo-e-uso-seguro-de-aparelhos-eletricos-nos-dias-de-baixas-temperaturas\/#breadcrumb"},"inLanguage":"pt-BR","potentialAction":[{"@type":"ReadAction","target":["https:\/\/radiolifefm.com.br\/noticias\/energisa-alerta-sobre-alto-consumo-e-uso-seguro-de-aparelhos-eletricos-nos-dias-de-baixas-temperaturas\/"]}]},{"@type":"ImageObject","inLanguage":"pt-BR","@id":"https:\/\/radiolifefm.com.br\/noticias\/energisa-alerta-sobre-alto-consumo-e-uso-seguro-de-aparelhos-eletricos-nos-dias-de-baixas-temperaturas\/#primaryimage","url":"https:\/\/radiolifefm.com.br\/noticias\/wp-content\/uploads\/2025\/06\/Uso-de-aquecedor-2.jpeg","contentUrl":"https:\/\/radiolifefm.com.br\/noticias\/wp-content\/uploads\/2025\/06\/Uso-de-aquecedor-2.jpeg","width":1239,"height":1080,"caption":"Chuveiro, aquecedor el\u00e9trico e outros equipamentos que geram calor est\u00e3o entre os que mais demandam energia nesse per\u00edodo"},{"@type":"BreadcrumbList","@id":"https:\/\/radiolifefm.com.br\/noticias\/energisa-alerta-sobre-alto-consumo-e-uso-seguro-de-aparelhos-eletricos-nos-dias-de-baixas-temperaturas\/#breadcrumb","itemListElement":[{"@type":"ListItem","position":1,"name":"In\u00edcio","item":"https:\/\/radiolifefm.com.br\/noticias\/"},{"@type":"ListItem","position":2,"name":"Energisa alerta sobre alto consumo e uso seguro de aparelhos el\u00e9tricos nos dias de baixas temperaturas"}]},{"@type":"WebSite","@id":"https:\/\/radiolifefm.com.br\/noticias\/#website","url":"https:\/\/radiolifefm.com.br\/noticias\/","name":"R\u00e1dio Life FM","description":"O Portal de Not\u00edcias de Adamantina","publisher":{"@id":"https:\/\/radiolifefm.com.br\/noticias\/#organization"},"alternateName":"Life FM","potentialAction":[{"@type":"SearchAction","target":{"@type":"EntryPoint","urlTemplate":"https:\/\/radiolifefm.com.br\/noticias\/?s={search_term_string}"},"query-input":{"@type":"PropertyValueSpecification","valueRequired":true,"valueName":"search_term_string"}}],"inLanguage":"pt-BR"},{"@type":"Organization","@id":"https:\/\/radiolifefm.com.br\/noticias\/#organization","name":"R\u00e1dio Life FM","alternateName":"Life FM","url":"https:\/\/radiolifefm.com.br\/noticias\/","logo":{"@type":"ImageObject","inLanguage":"pt-BR","@id":"https:\/\/radiolifefm.com.br\/noticias\/#\/schema\/logo\/image\/","url":"https:\/\/static.radiolifefm.com.br\/noticias\/wp-content\/uploads\/2019\/10\/logo-lifefm.png","contentUrl":"https:\/\/static.radiolifefm.com.br\/noticias\/wp-content\/uploads\/2019\/10\/logo-lifefm.png","width":196,"height":47,"caption":"R\u00e1dio Life FM"},"image":{"@id":"https:\/\/radiolifefm.com.br\/noticias\/#\/schema\/logo\/image\/"},"sameAs":["https:\/\/www.facebook.com\/radiolifefm\/","https:\/\/www.instagram.com\/life1079fm\/"]},{"@type":"Person","@id":"https:\/\/radiolifefm.com.br\/noticias\/#\/schema\/person\/6339b9fac59d12b071dec680d7375d87","name":"ritanery","image":{"@type":"ImageObject","inLanguage":"pt-BR","@id":"https:\/\/secure.gravatar.com\/avatar\/0e37bb19071f47c0b8a23f62a903df117c5a0e75f65a0c2901562f97cd41cf86?s=96&d=mm&r=g","url":"https:\/\/secure.gravatar.com\/avatar\/0e37bb19071f47c0b8a23f62a903df117c5a0e75f65a0c2901562f97cd41cf86?s=96&d=mm&r=g","contentUrl":"https:\/\/secure.gravatar.com\/avatar\/0e37bb19071f47c0b8a23f62a903df117c5a0e75f65a0c2901562f97cd41cf86?s=96&d=mm&r=g","caption":"ritanery"}}]}},"amp_enabled":true,"_links":{"self":[{"href":"https:\/\/radiolifefm.com.br\/noticias\/wp-json\/wp\/v2\/posts\/102266","targetHints":{"allow":["GET"]}}],"collection":[{"href":"https:\/\/radiolifefm.com.br\/noticias\/wp-json\/wp\/v2\/posts"}],"about":[{"href":"https:\/\/radiolifefm.com.br\/noticias\/wp-json\/wp\/v2\/types\/post"}],"author":[{"embeddable":true,"href":"https:\/\/radiolifefm.com.br\/noticias\/wp-json\/wp\/v2\/users\/13"}],"replies":[{"embeddable":true,"href":"https:\/\/radiolifefm.com.br\/noticias\/wp-json\/wp\/v2\/comments?post=102266"}],"version-history":[{"count":1,"href":"https:\/\/radiolifefm.com.br\/noticias\/wp-json\/wp\/v2\/posts\/102266\/revisions"}],"predecessor-version":[{"id":102268,"href":"https:\/\/radiolifefm.com.br\/noticias\/wp-json\/wp\/v2\/posts\/102266\/revisions\/102268"}],"wp:featuredmedia":[{"embeddable":true,"href":"https:\/\/radiolifefm.com.br\/noticias\/wp-json\/wp\/v2\/media\/102267"}],"wp:attachment":[{"href":"https:\/\/radiolifefm.com.br\/noticias\/wp-json\/wp\/v2\/media?parent=102266"}],"wp:term":[{"taxonomy":"category","embeddable":true,"href":"https:\/\/radiolifefm.com.br\/noticias\/wp-json\/wp\/v2\/categories?post=102266"},{"taxonomy":"post_tag","embeddable":true,"href":"https:\/\/radiolifefm.com.br\/noticias\/wp-json\/wp\/v2\/tags?post=102266"}],"curies":[{"name":"wp","href":"https:\/\/api.w.org\/{rel}","templated":true}]}}