{"id":102244,"date":"2025-06-23T11:12:53","date_gmt":"2025-06-23T14:12:53","guid":{"rendered":"https:\/\/radiolifefm.com.br\/noticias\/?p=102244"},"modified":"2026-04-04T02:25:54","modified_gmt":"2026-04-04T05:25:54","slug":"provincia-personagens-opiniao-e-ironias","status":"publish","type":"post","link":"https:\/\/radiolifefm.com.br\/noticias\/provincia-personagens-opiniao-e-ironias\/","title":{"rendered":"Prov\u00edncia, personagens, OPINI\u00c3O e \u201cironias\u201d\u2026"},"content":{"rendered":"<div id=\"fb-root\"><\/div>\n<p><strong><em>\u201cO \u00faltimo ref\u00fagio do oprimido \u00e9 a ironia, e nenhum tirano, por mais violento que seja, escapa a ela. O tirano pode evitar uma fotografia, n\u00e3o pode impedir uma caricatura. A morda\u00e7a aumenta a mordacidade.\u201d (<\/em><\/strong><a href=\"https:\/\/www.pensador.com\/autor\/millor_fernandes\/\" rel=\"noopener\"><strong><em>Mill\u00f4r Fernandes<\/em><\/strong><\/a><strong><em>)<\/em><\/strong><\/p>\n<p><strong><em>\u00a0<\/em><\/strong><\/p>\n<p><strong><em>\u201cAntes de me mandar indireta, procure saber se eu me preocupo com a sua opini\u00e3o, ok ?\u201d (<\/em><\/strong><a href=\"https:\/\/www.pensador.com\/autor\/thiago_saraiva\/\" rel=\"noopener\"><strong><em>Thiago Saraiva<\/em><\/strong><\/a><strong><em>)<\/em><\/strong><\/p>\n<p><strong><em>\u00a0<\/em><\/strong><\/p>\n<p><strong>By seb@r.<\/strong><\/p>\n<p>&nbsp;<\/p>\n<p>Antes de qualquer coisa desta mesma coisa, todos\/as os\/as PERSONAGENS registrados neste texto, bem como, nos outros que ser\u00e3o escritos daqui pra frente pelo autor em pauta, S\u00c3O PERSONAGENS DE FIC\u00c7\u00c3O E NADA A VER COM A REALIDADE EM N\u00cdVEL GLOCAL, ou seja, DO GLOBAL para o LOCAL\u2026<\/p>\n<p>Por\u00e9m, como sempre, se a CARAPU\u00c7A registrada aqui ou ali, SERVIR para este ou aquele LADO, nada se pode fazer e assim por diante, ainda mais quando se trata das MENTES MED\u00cdOCRES travestidas de PATRIOT\u00c1RIOS\/AS nesta PROV\u00cdNCIA DO FAZ DE CONTA\u2026<\/p>\n<p>Nestes \u00faltimos anos e anos, foram centenas de textos, artigos, cr\u00f4nicas e outros escritos, ainda, todos PUBLICADOS quando impressos no jornal FOLHA REGIONAL, por\u00e9m, depois e atualmente, POSTADOS no site ADAMANTINA NET\u2026<\/p>\n<p>Tamb\u00e9m, deve-se REGISTRAR que tais publica\u00e7\u00f5es est\u00e3o devidamente ASSINADAS como S\u00c9RGIO BARBOSA, todavia, nestes \u00faltimos meses, como SEB@R\u2026<\/p>\n<p>Portanto, o que se pode fazer quando o CEN\u00c1RIO PROVINCIANO oferece tantas DIVAGA\u00c7\u00d5ES com seus PERSONAGENS em n\u00edvel FICCIONAL, todavia, sempre com aquele P\u00c9 na tal da REALIDADE que pode SER aquilo que nunca foi e ponto quase final\u2026<\/p>\n<p>E tem mais, isso \u00e9, depende sempre desta ou daquela LEITURA, tendo em vista que tentar INTERPRETAR esta ou aquela IRONIA pode ser mais do que complicado para as tais MENTES MED\u00cdOCRES que est\u00e3o em todas as \u00e1reas do MERCADO\u2026<\/p>\n<p>Mesmo assim, faz-se necess\u00e1rio estar em SINTONIA (sic) com tais DESENCONTROS PROVINCIANOS, haja vista que s\u00e3o tantas PERSONAGENS circulando e aprontando das suas aqui e ali, assim, CADA QUAL COM SUAS ESCOLHAS\u2026<\/p>\n<p>N\u00e3o se pode deixar de lado nestes OCASOS DE UM TALVEZ, a famosa DOR DE COTOVELO dos\/as OUTROS\/AS, considerando que os\/as mesmos\/as gostariam de ESCREVER assim e assado, por\u00e9m, a aus\u00eancia da denominada REFLEX\u00c3O CR\u00cdTICA est\u00e1 distante destas eternas MENTES MED\u00cdOCRES\u2026<\/p>\n<p>Mas, daqui pra frente, estarei sempre REGISTRANDO que todos\/as esses\/as PERSONAGENS citados nas PUBLICA\u00c7\u00d5ES POSTADAS via ADAMANTINA NET, s\u00e3o CRIA\u00c7\u00d5ES BY SEB@R, portanto, fruto da IMAGINA\u00c7\u00c3O DO AUTOR e nada mais com tudo de menos\u2026<\/p>\n<p>O mais interessante neste CONTEXTO PLURAL na perspectiva do SINGULAR, est\u00e1 mais ou menos de acordo com aquele VERBO que se perdeu no PASSADO, desta forma, o tal do ADJETIVO est\u00e1 com o SUBSTANTIVO com muitas RETIC\u00caNCIAS\u2026<\/p>\n<p>Pra refor\u00e7ar sempre, PERDERAM MAN\u00c9S!<\/p>\n<p>Ainda, QUEM SOBREVIVER VAI SABER\u2026<\/p>\n","protected":false},"excerpt":{"rendered":"<p>\u201cO \u00faltimo ref\u00fagio do oprimido \u00e9 a ironia, e nenhum tirano, por mais violento que seja, escapa a ela. O tirano pode evitar uma fotografia, n\u00e3o pode impedir uma caricatura. A morda\u00e7a aumenta a mordacidade.\u201d (Mill\u00f4r Fernandes) \u00a0 \u201cAntes de me mandar indireta, procure saber se eu me preocupo com a sua opini\u00e3o, ok ?\u201d [&hellip;]<\/p>\n","protected":false},"author":13,"featured_media":51988,"comment_status":"closed","ping_status":"open","sticky":false,"template":"","format":"standard","meta":{"_acf_changed":false,"_exactmetrics_skip_tracking":false,"_exactmetrics_sitenote_active":false,"_exactmetrics_sitenote_note":"","_exactmetrics_sitenote_category":0,"footnotes":""},"categories":[59],"tags":[],"class_list":["post-102244","post","type-post","status-publish","format-standard","has-post-thumbnail","hentry","category-opiniao"],"acf":[],"yoast_head":"<!-- This site is optimized with the Yoast SEO plugin v27.2 - https:\/\/yoast.com\/product\/yoast-seo-wordpress\/ -->\n<title>Prov\u00edncia, personagens, OPINI\u00c3O e \u201cironias\u201d\u2026 - R\u00e1dio Life FM<\/title>\n<meta name=\"robots\" content=\"index, follow, max-snippet:-1, max-image-preview:large, max-video-preview:-1\" \/>\n<link rel=\"canonical\" href=\"https:\/\/radiolifefm.com.br\/noticias\/provincia-personagens-opiniao-e-ironias\/\" \/>\n<meta property=\"og:locale\" content=\"pt_BR\" \/>\n<meta property=\"og:type\" content=\"article\" \/>\n<meta property=\"og:title\" content=\"Prov\u00edncia, personagens, OPINI\u00c3O e \u201cironias\u201d\u2026 - R\u00e1dio Life FM\" \/>\n<meta property=\"og:description\" content=\"\u201cO \u00faltimo ref\u00fagio do oprimido \u00e9 a ironia, e nenhum tirano, por mais violento que seja, escapa a ela. O tirano pode evitar uma fotografia, n\u00e3o pode impedir uma caricatura. A morda\u00e7a aumenta a mordacidade.\u201d (Mill\u00f4r Fernandes) \u00a0 \u201cAntes de me mandar indireta, procure saber se eu me preocupo com a sua opini\u00e3o, ok ?\u201d [&hellip;]\" \/>\n<meta property=\"og:url\" content=\"https:\/\/radiolifefm.com.br\/noticias\/provincia-personagens-opiniao-e-ironias\/\" \/>\n<meta property=\"og:site_name\" content=\"R\u00e1dio Life FM\" \/>\n<meta property=\"article:publisher\" content=\"https:\/\/www.facebook.com\/radiolifefm\/\" \/>\n<meta property=\"article:published_time\" content=\"2025-06-23T14:12:53+00:00\" \/>\n<meta property=\"article:modified_time\" content=\"2026-04-04T05:25:54+00:00\" \/>\n<meta property=\"og:image\" content=\"https:\/\/radiolifefm.com.br\/noticias\/wp-content\/uploads\/2022\/04\/WhatsApp-Image-2022-04-10-at-18.43.02.jpeg\" \/>\n\t<meta property=\"og:image:width\" content=\"972\" \/>\n\t<meta property=\"og:image:height\" content=\"1296\" \/>\n\t<meta property=\"og:image:type\" content=\"image\/jpeg\" \/>\n<meta name=\"author\" content=\"ritanery\" \/>\n<meta name=\"twitter:card\" content=\"summary_large_image\" \/>\n<meta name=\"twitter:label1\" content=\"Escrito por\" \/>\n\t<meta name=\"twitter:data1\" content=\"ritanery\" \/>\n\t<meta name=\"twitter:label2\" content=\"Est. tempo de leitura\" \/>\n\t<meta name=\"twitter:data2\" content=\"3 minutos\" \/>\n<script type=\"application\/ld+json\" class=\"yoast-schema-graph\">{\"@context\":\"https:\/\/schema.org\",\"@graph\":[{\"@type\":\"Article\",\"@id\":\"https:\/\/radiolifefm.com.br\/noticias\/provincia-personagens-opiniao-e-ironias\/#article\",\"isPartOf\":{\"@id\":\"https:\/\/radiolifefm.com.br\/noticias\/provincia-personagens-opiniao-e-ironias\/\"},\"author\":{\"name\":\"ritanery\",\"@id\":\"https:\/\/radiolifefm.com.br\/noticias\/#\/schema\/person\/6339b9fac59d12b071dec680d7375d87\"},\"headline\":\"Prov\u00edncia, personagens, OPINI\u00c3O e \u201cironias\u201d\u2026\",\"datePublished\":\"2025-06-23T14:12:53+00:00\",\"dateModified\":\"2026-04-04T05:25:54+00:00\",\"mainEntityOfPage\":{\"@id\":\"https:\/\/radiolifefm.com.br\/noticias\/provincia-personagens-opiniao-e-ironias\/\"},\"wordCount\":488,\"publisher\":{\"@id\":\"https:\/\/radiolifefm.com.br\/noticias\/#organization\"},\"image\":{\"@id\":\"https:\/\/radiolifefm.com.br\/noticias\/provincia-personagens-opiniao-e-ironias\/#primaryimage\"},\"thumbnailUrl\":\"https:\/\/radiolifefm.com.br\/noticias\/wp-content\/uploads\/2022\/04\/WhatsApp-Image-2022-04-10-at-18.43.02.jpeg\",\"articleSection\":[\"Opini\u00e3o\"],\"inLanguage\":\"pt-BR\"},{\"@type\":\"WebPage\",\"@id\":\"https:\/\/radiolifefm.com.br\/noticias\/provincia-personagens-opiniao-e-ironias\/\",\"url\":\"https:\/\/radiolifefm.com.br\/noticias\/provincia-personagens-opiniao-e-ironias\/\",\"name\":\"Prov\u00edncia, personagens, OPINI\u00c3O e \u201cironias\u201d\u2026 - R\u00e1dio Life FM\",\"isPartOf\":{\"@id\":\"https:\/\/radiolifefm.com.br\/noticias\/#website\"},\"primaryImageOfPage\":{\"@id\":\"https:\/\/radiolifefm.com.br\/noticias\/provincia-personagens-opiniao-e-ironias\/#primaryimage\"},\"image\":{\"@id\":\"https:\/\/radiolifefm.com.br\/noticias\/provincia-personagens-opiniao-e-ironias\/#primaryimage\"},\"thumbnailUrl\":\"https:\/\/radiolifefm.com.br\/noticias\/wp-content\/uploads\/2022\/04\/WhatsApp-Image-2022-04-10-at-18.43.02.jpeg\",\"datePublished\":\"2025-06-23T14:12:53+00:00\",\"dateModified\":\"2026-04-04T05:25:54+00:00\",\"breadcrumb\":{\"@id\":\"https:\/\/radiolifefm.com.br\/noticias\/provincia-personagens-opiniao-e-ironias\/#breadcrumb\"},\"inLanguage\":\"pt-BR\",\"potentialAction\":[{\"@type\":\"ReadAction\",\"target\":[\"https:\/\/radiolifefm.com.br\/noticias\/provincia-personagens-opiniao-e-ironias\/\"]}]},{\"@type\":\"ImageObject\",\"inLanguage\":\"pt-BR\",\"@id\":\"https:\/\/radiolifefm.com.br\/noticias\/provincia-personagens-opiniao-e-ironias\/#primaryimage\",\"url\":\"https:\/\/radiolifefm.com.br\/noticias\/wp-content\/uploads\/2022\/04\/WhatsApp-Image-2022-04-10-at-18.43.02.jpeg\",\"contentUrl\":\"https:\/\/radiolifefm.com.br\/noticias\/wp-content\/uploads\/2022\/04\/WhatsApp-Image-2022-04-10-at-18.43.02.jpeg\",\"width\":972,\"height\":1296,\"caption\":\"S\u00e9rgio Barbosa\"},{\"@type\":\"BreadcrumbList\",\"@id\":\"https:\/\/radiolifefm.com.br\/noticias\/provincia-personagens-opiniao-e-ironias\/#breadcrumb\",\"itemListElement\":[{\"@type\":\"ListItem\",\"position\":1,\"name\":\"In\u00edcio\",\"item\":\"https:\/\/radiolifefm.com.br\/noticias\/\"},{\"@type\":\"ListItem\",\"position\":2,\"name\":\"Prov\u00edncia, personagens, OPINI\u00c3O e \u201cironias\u201d\u2026\"}]},{\"@type\":\"WebSite\",\"@id\":\"https:\/\/radiolifefm.com.br\/noticias\/#website\",\"url\":\"https:\/\/radiolifefm.com.br\/noticias\/\",\"name\":\"R\u00e1dio Life FM\",\"description\":\"O Portal de Not\u00edcias de Adamantina\",\"publisher\":{\"@id\":\"https:\/\/radiolifefm.com.br\/noticias\/#organization\"},\"alternateName\":\"Life FM\",\"potentialAction\":[{\"@type\":\"SearchAction\",\"target\":{\"@type\":\"EntryPoint\",\"urlTemplate\":\"https:\/\/radiolifefm.com.br\/noticias\/?s={search_term_string}\"},\"query-input\":{\"@type\":\"PropertyValueSpecification\",\"valueRequired\":true,\"valueName\":\"search_term_string\"}}],\"inLanguage\":\"pt-BR\"},{\"@type\":\"Organization\",\"@id\":\"https:\/\/radiolifefm.com.br\/noticias\/#organization\",\"name\":\"R\u00e1dio Life FM\",\"alternateName\":\"Life FM\",\"url\":\"https:\/\/radiolifefm.com.br\/noticias\/\",\"logo\":{\"@type\":\"ImageObject\",\"inLanguage\":\"pt-BR\",\"@id\":\"https:\/\/radiolifefm.com.br\/noticias\/#\/schema\/logo\/image\/\",\"url\":\"https:\/\/static.radiolifefm.com.br\/noticias\/wp-content\/uploads\/2019\/10\/logo-lifefm.png\",\"contentUrl\":\"https:\/\/static.radiolifefm.com.br\/noticias\/wp-content\/uploads\/2019\/10\/logo-lifefm.png\",\"width\":196,\"height\":47,\"caption\":\"R\u00e1dio Life FM\"},\"image\":{\"@id\":\"https:\/\/radiolifefm.com.br\/noticias\/#\/schema\/logo\/image\/\"},\"sameAs\":[\"https:\/\/www.facebook.com\/radiolifefm\/\",\"https:\/\/www.instagram.com\/life1079fm\/\"]},{\"@type\":\"Person\",\"@id\":\"https:\/\/radiolifefm.com.br\/noticias\/#\/schema\/person\/6339b9fac59d12b071dec680d7375d87\",\"name\":\"ritanery\",\"image\":{\"@type\":\"ImageObject\",\"inLanguage\":\"pt-BR\",\"@id\":\"https:\/\/secure.gravatar.com\/avatar\/0e37bb19071f47c0b8a23f62a903df117c5a0e75f65a0c2901562f97cd41cf86?s=96&d=mm&r=g\",\"url\":\"https:\/\/secure.gravatar.com\/avatar\/0e37bb19071f47c0b8a23f62a903df117c5a0e75f65a0c2901562f97cd41cf86?s=96&d=mm&r=g\",\"contentUrl\":\"https:\/\/secure.gravatar.com\/avatar\/0e37bb19071f47c0b8a23f62a903df117c5a0e75f65a0c2901562f97cd41cf86?s=96&d=mm&r=g\",\"caption\":\"ritanery\"}}]}<\/script>\n<!-- \/ Yoast SEO plugin. -->","yoast_head_json":{"title":"Prov\u00edncia, personagens, OPINI\u00c3O e \u201cironias\u201d\u2026 - R\u00e1dio Life FM","robots":{"index":"index","follow":"follow","max-snippet":"max-snippet:-1","max-image-preview":"max-image-preview:large","max-video-preview":"max-video-preview:-1"},"canonical":"https:\/\/radiolifefm.com.br\/noticias\/provincia-personagens-opiniao-e-ironias\/","og_locale":"pt_BR","og_type":"article","og_title":"Prov\u00edncia, personagens, OPINI\u00c3O e \u201cironias\u201d\u2026 - R\u00e1dio Life FM","og_description":"\u201cO \u00faltimo ref\u00fagio do oprimido \u00e9 a ironia, e nenhum tirano, por mais violento que seja, escapa a ela. O tirano pode evitar uma fotografia, n\u00e3o pode impedir uma caricatura. A morda\u00e7a aumenta a mordacidade.\u201d (Mill\u00f4r Fernandes) \u00a0 \u201cAntes de me mandar indireta, procure saber se eu me preocupo com a sua opini\u00e3o, ok ?\u201d [&hellip;]","og_url":"https:\/\/radiolifefm.com.br\/noticias\/provincia-personagens-opiniao-e-ironias\/","og_site_name":"R\u00e1dio Life FM","article_publisher":"https:\/\/www.facebook.com\/radiolifefm\/","article_published_time":"2025-06-23T14:12:53+00:00","article_modified_time":"2026-04-04T05:25:54+00:00","og_image":[{"width":972,"height":1296,"url":"https:\/\/radiolifefm.com.br\/noticias\/wp-content\/uploads\/2022\/04\/WhatsApp-Image-2022-04-10-at-18.43.02.jpeg","type":"image\/jpeg"}],"author":"ritanery","twitter_card":"summary_large_image","twitter_misc":{"Escrito por":"ritanery","Est. tempo de leitura":"3 minutos"},"schema":{"@context":"https:\/\/schema.org","@graph":[{"@type":"Article","@id":"https:\/\/radiolifefm.com.br\/noticias\/provincia-personagens-opiniao-e-ironias\/#article","isPartOf":{"@id":"https:\/\/radiolifefm.com.br\/noticias\/provincia-personagens-opiniao-e-ironias\/"},"author":{"name":"ritanery","@id":"https:\/\/radiolifefm.com.br\/noticias\/#\/schema\/person\/6339b9fac59d12b071dec680d7375d87"},"headline":"Prov\u00edncia, personagens, OPINI\u00c3O e \u201cironias\u201d\u2026","datePublished":"2025-06-23T14:12:53+00:00","dateModified":"2026-04-04T05:25:54+00:00","mainEntityOfPage":{"@id":"https:\/\/radiolifefm.com.br\/noticias\/provincia-personagens-opiniao-e-ironias\/"},"wordCount":488,"publisher":{"@id":"https:\/\/radiolifefm.com.br\/noticias\/#organization"},"image":{"@id":"https:\/\/radiolifefm.com.br\/noticias\/provincia-personagens-opiniao-e-ironias\/#primaryimage"},"thumbnailUrl":"https:\/\/radiolifefm.com.br\/noticias\/wp-content\/uploads\/2022\/04\/WhatsApp-Image-2022-04-10-at-18.43.02.jpeg","articleSection":["Opini\u00e3o"],"inLanguage":"pt-BR"},{"@type":"WebPage","@id":"https:\/\/radiolifefm.com.br\/noticias\/provincia-personagens-opiniao-e-ironias\/","url":"https:\/\/radiolifefm.com.br\/noticias\/provincia-personagens-opiniao-e-ironias\/","name":"Prov\u00edncia, personagens, OPINI\u00c3O e \u201cironias\u201d\u2026 - R\u00e1dio Life FM","isPartOf":{"@id":"https:\/\/radiolifefm.com.br\/noticias\/#website"},"primaryImageOfPage":{"@id":"https:\/\/radiolifefm.com.br\/noticias\/provincia-personagens-opiniao-e-ironias\/#primaryimage"},"image":{"@id":"https:\/\/radiolifefm.com.br\/noticias\/provincia-personagens-opiniao-e-ironias\/#primaryimage"},"thumbnailUrl":"https:\/\/radiolifefm.com.br\/noticias\/wp-content\/uploads\/2022\/04\/WhatsApp-Image-2022-04-10-at-18.43.02.jpeg","datePublished":"2025-06-23T14:12:53+00:00","dateModified":"2026-04-04T05:25:54+00:00","breadcrumb":{"@id":"https:\/\/radiolifefm.com.br\/noticias\/provincia-personagens-opiniao-e-ironias\/#breadcrumb"},"inLanguage":"pt-BR","potentialAction":[{"@type":"ReadAction","target":["https:\/\/radiolifefm.com.br\/noticias\/provincia-personagens-opiniao-e-ironias\/"]}]},{"@type":"ImageObject","inLanguage":"pt-BR","@id":"https:\/\/radiolifefm.com.br\/noticias\/provincia-personagens-opiniao-e-ironias\/#primaryimage","url":"https:\/\/radiolifefm.com.br\/noticias\/wp-content\/uploads\/2022\/04\/WhatsApp-Image-2022-04-10-at-18.43.02.jpeg","contentUrl":"https:\/\/radiolifefm.com.br\/noticias\/wp-content\/uploads\/2022\/04\/WhatsApp-Image-2022-04-10-at-18.43.02.jpeg","width":972,"height":1296,"caption":"S\u00e9rgio Barbosa"},{"@type":"BreadcrumbList","@id":"https:\/\/radiolifefm.com.br\/noticias\/provincia-personagens-opiniao-e-ironias\/#breadcrumb","itemListElement":[{"@type":"ListItem","position":1,"name":"In\u00edcio","item":"https:\/\/radiolifefm.com.br\/noticias\/"},{"@type":"ListItem","position":2,"name":"Prov\u00edncia, personagens, OPINI\u00c3O e \u201cironias\u201d\u2026"}]},{"@type":"WebSite","@id":"https:\/\/radiolifefm.com.br\/noticias\/#website","url":"https:\/\/radiolifefm.com.br\/noticias\/","name":"R\u00e1dio Life FM","description":"O Portal de Not\u00edcias de Adamantina","publisher":{"@id":"https:\/\/radiolifefm.com.br\/noticias\/#organization"},"alternateName":"Life FM","potentialAction":[{"@type":"SearchAction","target":{"@type":"EntryPoint","urlTemplate":"https:\/\/radiolifefm.com.br\/noticias\/?s={search_term_string}"},"query-input":{"@type":"PropertyValueSpecification","valueRequired":true,"valueName":"search_term_string"}}],"inLanguage":"pt-BR"},{"@type":"Organization","@id":"https:\/\/radiolifefm.com.br\/noticias\/#organization","name":"R\u00e1dio Life FM","alternateName":"Life FM","url":"https:\/\/radiolifefm.com.br\/noticias\/","logo":{"@type":"ImageObject","inLanguage":"pt-BR","@id":"https:\/\/radiolifefm.com.br\/noticias\/#\/schema\/logo\/image\/","url":"https:\/\/static.radiolifefm.com.br\/noticias\/wp-content\/uploads\/2019\/10\/logo-lifefm.png","contentUrl":"https:\/\/static.radiolifefm.com.br\/noticias\/wp-content\/uploads\/2019\/10\/logo-lifefm.png","width":196,"height":47,"caption":"R\u00e1dio Life FM"},"image":{"@id":"https:\/\/radiolifefm.com.br\/noticias\/#\/schema\/logo\/image\/"},"sameAs":["https:\/\/www.facebook.com\/radiolifefm\/","https:\/\/www.instagram.com\/life1079fm\/"]},{"@type":"Person","@id":"https:\/\/radiolifefm.com.br\/noticias\/#\/schema\/person\/6339b9fac59d12b071dec680d7375d87","name":"ritanery","image":{"@type":"ImageObject","inLanguage":"pt-BR","@id":"https:\/\/secure.gravatar.com\/avatar\/0e37bb19071f47c0b8a23f62a903df117c5a0e75f65a0c2901562f97cd41cf86?s=96&d=mm&r=g","url":"https:\/\/secure.gravatar.com\/avatar\/0e37bb19071f47c0b8a23f62a903df117c5a0e75f65a0c2901562f97cd41cf86?s=96&d=mm&r=g","contentUrl":"https:\/\/secure.gravatar.com\/avatar\/0e37bb19071f47c0b8a23f62a903df117c5a0e75f65a0c2901562f97cd41cf86?s=96&d=mm&r=g","caption":"ritanery"}}]}},"amp_enabled":true,"_links":{"self":[{"href":"https:\/\/radiolifefm.com.br\/noticias\/wp-json\/wp\/v2\/posts\/102244","targetHints":{"allow":["GET"]}}],"collection":[{"href":"https:\/\/radiolifefm.com.br\/noticias\/wp-json\/wp\/v2\/posts"}],"about":[{"href":"https:\/\/radiolifefm.com.br\/noticias\/wp-json\/wp\/v2\/types\/post"}],"author":[{"embeddable":true,"href":"https:\/\/radiolifefm.com.br\/noticias\/wp-json\/wp\/v2\/users\/13"}],"replies":[{"embeddable":true,"href":"https:\/\/radiolifefm.com.br\/noticias\/wp-json\/wp\/v2\/comments?post=102244"}],"version-history":[{"count":1,"href":"https:\/\/radiolifefm.com.br\/noticias\/wp-json\/wp\/v2\/posts\/102244\/revisions"}],"predecessor-version":[{"id":102245,"href":"https:\/\/radiolifefm.com.br\/noticias\/wp-json\/wp\/v2\/posts\/102244\/revisions\/102245"}],"wp:featuredmedia":[{"embeddable":true,"href":"https:\/\/radiolifefm.com.br\/noticias\/wp-json\/wp\/v2\/media\/51988"}],"wp:attachment":[{"href":"https:\/\/radiolifefm.com.br\/noticias\/wp-json\/wp\/v2\/media?parent=102244"}],"wp:term":[{"taxonomy":"category","embeddable":true,"href":"https:\/\/radiolifefm.com.br\/noticias\/wp-json\/wp\/v2\/categories?post=102244"},{"taxonomy":"post_tag","embeddable":true,"href":"https:\/\/radiolifefm.com.br\/noticias\/wp-json\/wp\/v2\/tags?post=102244"}],"curies":[{"name":"wp","href":"https:\/\/api.w.org\/{rel}","templated":true}]}}