{"id":10224,"date":"2019-02-25T17:40:56","date_gmt":"2019-02-25T20:40:56","guid":{"rendered":"https:\/\/radiolifefm.com.br\/noticias\/?p=10224"},"modified":"2026-04-27T14:54:56","modified_gmt":"2026-04-27T17:54:56","slug":"pro-reitoria-de-extensao-atende-quase-duas-mil-pessoas-em-evento-do-rotary-club-de-pacaembu","status":"publish","type":"post","link":"https:\/\/radiolifefm.com.br\/noticias\/pro-reitoria-de-extensao-atende-quase-duas-mil-pessoas-em-evento-do-rotary-club-de-pacaembu\/","title":{"rendered":"Pr\u00f3-Reitoria de Extens\u00e3o atende quase duas mil pessoas em evento do Rotary Club de Pacaembu"},"content":{"rendered":"<div id=\"fb-root\"><\/div>\n<p style=\"font-weight: 400\">Aproximadamente duas mil pessoas participaram da a\u00e7\u00e3o social do Rotary Clube de Pacaembu com parceria do Centro Universit\u00e1rio de Adamantina (UniFAI), por meio da Pr\u00f3-reitoria de Extens\u00e3o (ProExt), no \u00faltimo s\u00e1bado, 23. A a\u00e7\u00e3o do UniFAI-Social, um dos eventos da ProExt, envolveu atendimentos dos cursos de Agronomia, Farm\u00e1cia, Nutri\u00e7\u00e3o, Odontologia, Pedagogia e Tecnologia em Agroneg\u00f3cio \u00e0 popula\u00e7\u00e3o no Centro de Esportes e Lazer de Pacaembu.<\/p>\n<p style=\"font-weight: 400\">O 2\u00ba Rotary Day tamb\u00e9m contou com a parceria do Centro Nacional Integrado de Cursos (Cenaic), corpo de bombeiros, Pol\u00edcia\u00a0Militar, OAB de Pacaembu e secretaria de Sa\u00fade, Educa\u00e7\u00e3o, Esporte e Lazer de Pacaembu, al\u00e9m de profissionais liberais voluntariados, como as duasoptometristas \u2013\u00a0profissionais da \u00e1rea da sa\u00fade respons\u00e1veis pela avalia\u00e7\u00e3o prim\u00e1ria da sa\u00fade visual e ocular.<\/p>\n<p style=\"font-weight: 400\">O pr\u00f3-reitor de Extens\u00e3o, Prof. Dr. Vagner Amado Belo de Oliveira, ressalta a import\u00e2ncia da a\u00e7\u00e3o. \u201cFoi um sucesso. \u00c9 a segunda participa\u00e7\u00e3o da Pr\u00f3-reitoria de Extens\u00e3o no Rotary Day e tem sido o alicerce do evento. Ano passado foram diagnosticados casos de c\u00e2ncer, sendo quatro de colo de \u00fatero e um bucal. Todos foram encaminhados para a secretaria de sa\u00fade. Al\u00e9m dos demais atendimentos promovidos pelos diversos cursos da UniFAI\u201d, afirma.<\/p>\n<p style=\"font-weight: 400\">\u00a0\u00a0\u00a0\u00a0\u00a0\u00a0\u00a0\u00a0\u00a0\u00a0\u00a0 Conforme a\u00a0coordenadora do UniFAI-Social, Prof.\u00aa Esp.\u00a0Claudia\u00a0Maria Garcia Lopes Molina, o\u00a0projeto realizou orienta\u00e7\u00f5es agron\u00f4micas e de plantio, bem como a distribui\u00e7\u00e3o de mudas nativas e cartilha de compostagem (Agronomia e Tecnologia em Agroneg\u00f3cio). Fez avalia\u00e7\u00e3o e orienta\u00e7\u00e3o nutricional (Nutri\u00e7\u00e3o), teste de glicemia e aferi\u00e7\u00e3o de press\u00e3o arterial (Farm\u00e1cia), pintura facial (Pedagogia) e inspe\u00e7\u00e3o bucal (Odontologia).<\/p>\n<p style=\"font-weight: 400\">\u201cO conhecimento adquirido em sala de aula pode ser colocado em pr\u00e1tica atrav\u00e9s do atendimento \u00e0 sociedade pelos diversos cursos da UniFAI e de forma gratuita, contribuindo, assim, no ensino, na possibilidade de pesquisas e Trabalhos de Conclus\u00e3o de Cursos (TCCs), por meio dos dados obtidos no evento, e na extens\u00e3o\u201d, destaca.<\/p>\n<p style=\"font-weight: 400\">\u00a0\u00a0\u00a0\u00a0\u00a0\u00a0\u00a0\u00a0\u00a0\u00a0\u00a0 O evento foi idealizado pela rotariana Vera L\u00facia Fiorin da Silva. \u00c0 frente desta edi\u00e7\u00e3o esteve o presidente do Rotary Clube de Pacaembu, Edineo Mazali J\u00fanior.<\/p>\n<p style=\"font-weight: 400\">\u00a0\u00a0\u00a0\u00a0\u00a0\u00a0\u00a0\u00a0\u00a0\u00a0\u00a0 Foram disponibilizados tamb\u00e9m brinquedos para as crian\u00e7as, corte de cabelo, massoterapia, maquiagem, e a carreta do\u00a0Hospital Regional do C\u00e2ncer de\u00a0Presidente Prudente para a realiza\u00e7\u00e3o de exames preventivos.<\/p>\n<p style=\"font-weight: 400\">\u00a0\u00a0\u00a0\u00a0\u00a0\u00a0\u00a0\u00a0\u00a0\u00a0\u00a0 O grupo de\u00a0ciclistas de Pacaembu denominado \u201cRider bike\u201d e os maratonistas de Pacaembu, conhecidos por \u201cG\u00eameos corredores\u201d, falaram sobre a import\u00e2ncia da atividade f\u00edsica para a sa\u00fade.<\/p>\n<p style=\"font-weight: 400\">\u00a0\u00a0\u00a0\u00a0\u00a0\u00a0\u00a0\u00a0\u00a0\u00a0\u00a0 Foram servidos sucos, pipoca, algod\u00e3o doce e cachorro quente \u00e0 comunidade.<\/p>\n<p style=\"font-weight: 400\"><strong>\u00a0<\/strong><i>Por Priscila Caldeira<\/i><\/p>\n","protected":false},"excerpt":{"rendered":"<p>Aproximadamente duas mil pessoas participaram da a\u00e7\u00e3o social do Rotary Clube de Pacaembu com parceria do Centro Universit\u00e1rio de Adamantina (UniFAI), por meio da Pr\u00f3-reitoria de Extens\u00e3o (ProExt), no \u00faltimo s\u00e1bado, 23. A a\u00e7\u00e3o do UniFAI-Social, um dos eventos da ProExt, envolveu atendimentos dos cursos de Agronomia, Farm\u00e1cia, Nutri\u00e7\u00e3o, Odontologia, Pedagogia e Tecnologia em Agroneg\u00f3cio [&hellip;]<\/p>\n","protected":false},"author":8,"featured_media":10226,"comment_status":"closed","ping_status":"open","sticky":false,"template":"","format":"standard","meta":{"_acf_changed":false,"_exactmetrics_skip_tracking":false,"_exactmetrics_sitenote_active":false,"_exactmetrics_sitenote_note":"","_exactmetrics_sitenote_category":0,"footnotes":""},"categories":[24],"tags":[],"class_list":["post-10224","post","type-post","status-publish","format-standard","has-post-thumbnail","hentry","category-regiao"],"acf":[],"yoast_head":"<!-- This site is optimized with the Yoast SEO plugin v27.2 - https:\/\/yoast.com\/product\/yoast-seo-wordpress\/ -->\n<title>Pr\u00f3-Reitoria de Extens\u00e3o atende quase duas mil pessoas em evento do Rotary Club de Pacaembu - R\u00e1dio Life FM<\/title>\n<meta name=\"robots\" content=\"index, follow, max-snippet:-1, max-image-preview:large, max-video-preview:-1\" \/>\n<link rel=\"canonical\" href=\"https:\/\/radiolifefm.com.br\/noticias\/pro-reitoria-de-extensao-atende-quase-duas-mil-pessoas-em-evento-do-rotary-club-de-pacaembu\/\" \/>\n<meta property=\"og:locale\" content=\"pt_BR\" \/>\n<meta property=\"og:type\" content=\"article\" \/>\n<meta property=\"og:title\" content=\"Pr\u00f3-Reitoria de Extens\u00e3o atende quase duas mil pessoas em evento do Rotary Club de Pacaembu - R\u00e1dio Life FM\" \/>\n<meta property=\"og:description\" content=\"Aproximadamente duas mil pessoas participaram da a\u00e7\u00e3o social do Rotary Clube de Pacaembu com parceria do Centro Universit\u00e1rio de Adamantina (UniFAI), por meio da Pr\u00f3-reitoria de Extens\u00e3o (ProExt), no \u00faltimo s\u00e1bado, 23. A a\u00e7\u00e3o do UniFAI-Social, um dos eventos da ProExt, envolveu atendimentos dos cursos de Agronomia, Farm\u00e1cia, Nutri\u00e7\u00e3o, Odontologia, Pedagogia e Tecnologia em Agroneg\u00f3cio [&hellip;]\" \/>\n<meta property=\"og:url\" content=\"https:\/\/radiolifefm.com.br\/noticias\/pro-reitoria-de-extensao-atende-quase-duas-mil-pessoas-em-evento-do-rotary-club-de-pacaembu\/\" \/>\n<meta property=\"og:site_name\" content=\"R\u00e1dio Life FM\" \/>\n<meta property=\"article:publisher\" content=\"https:\/\/www.facebook.com\/radiolifefm\/\" \/>\n<meta property=\"article:published_time\" content=\"2019-02-25T20:40:56+00:00\" \/>\n<meta property=\"article:modified_time\" content=\"2026-04-27T17:54:56+00:00\" \/>\n<meta property=\"og:image\" content=\"https:\/\/radiolifefm.com.br\/noticias\/wp-content\/uploads\/2019\/02\/UniFAI-Social-Pacaembu-14.jpg\" \/>\n\t<meta property=\"og:image:width\" content=\"1280\" \/>\n\t<meta property=\"og:image:height\" content=\"720\" \/>\n\t<meta property=\"og:image:type\" content=\"image\/jpeg\" \/>\n<meta name=\"author\" content=\"joaograndao\" \/>\n<meta name=\"twitter:card\" content=\"summary_large_image\" \/>\n<meta name=\"twitter:label1\" content=\"Escrito por\" \/>\n\t<meta name=\"twitter:data1\" content=\"joaograndao\" \/>\n\t<meta name=\"twitter:label2\" content=\"Est. tempo de leitura\" \/>\n\t<meta name=\"twitter:data2\" content=\"2 minutos\" \/>\n<script type=\"application\/ld+json\" class=\"yoast-schema-graph\">{\"@context\":\"https:\/\/schema.org\",\"@graph\":[{\"@type\":\"Article\",\"@id\":\"https:\/\/radiolifefm.com.br\/noticias\/pro-reitoria-de-extensao-atende-quase-duas-mil-pessoas-em-evento-do-rotary-club-de-pacaembu\/#article\",\"isPartOf\":{\"@id\":\"https:\/\/radiolifefm.com.br\/noticias\/pro-reitoria-de-extensao-atende-quase-duas-mil-pessoas-em-evento-do-rotary-club-de-pacaembu\/\"},\"author\":{\"name\":\"joaograndao\",\"@id\":\"https:\/\/radiolifefm.com.br\/noticias\/#\/schema\/person\/6876e1240feffe6e1b63fd5cb85abf28\"},\"headline\":\"Pr\u00f3-Reitoria de Extens\u00e3o atende quase duas mil pessoas em evento do Rotary Club de Pacaembu\",\"datePublished\":\"2019-02-25T20:40:56+00:00\",\"dateModified\":\"2026-04-27T17:54:56+00:00\",\"mainEntityOfPage\":{\"@id\":\"https:\/\/radiolifefm.com.br\/noticias\/pro-reitoria-de-extensao-atende-quase-duas-mil-pessoas-em-evento-do-rotary-club-de-pacaembu\/\"},\"wordCount\":467,\"publisher\":{\"@id\":\"https:\/\/radiolifefm.com.br\/noticias\/#organization\"},\"image\":{\"@id\":\"https:\/\/radiolifefm.com.br\/noticias\/pro-reitoria-de-extensao-atende-quase-duas-mil-pessoas-em-evento-do-rotary-club-de-pacaembu\/#primaryimage\"},\"thumbnailUrl\":\"https:\/\/radiolifefm.com.br\/noticias\/wp-content\/uploads\/2019\/02\/UniFAI-Social-Pacaembu-14.jpg\",\"articleSection\":[\"Regi\u00e3o\"],\"inLanguage\":\"pt-BR\"},{\"@type\":\"WebPage\",\"@id\":\"https:\/\/radiolifefm.com.br\/noticias\/pro-reitoria-de-extensao-atende-quase-duas-mil-pessoas-em-evento-do-rotary-club-de-pacaembu\/\",\"url\":\"https:\/\/radiolifefm.com.br\/noticias\/pro-reitoria-de-extensao-atende-quase-duas-mil-pessoas-em-evento-do-rotary-club-de-pacaembu\/\",\"name\":\"Pr\u00f3-Reitoria de Extens\u00e3o atende quase duas mil pessoas em evento do Rotary Club de Pacaembu - R\u00e1dio Life FM\",\"isPartOf\":{\"@id\":\"https:\/\/radiolifefm.com.br\/noticias\/#website\"},\"primaryImageOfPage\":{\"@id\":\"https:\/\/radiolifefm.com.br\/noticias\/pro-reitoria-de-extensao-atende-quase-duas-mil-pessoas-em-evento-do-rotary-club-de-pacaembu\/#primaryimage\"},\"image\":{\"@id\":\"https:\/\/radiolifefm.com.br\/noticias\/pro-reitoria-de-extensao-atende-quase-duas-mil-pessoas-em-evento-do-rotary-club-de-pacaembu\/#primaryimage\"},\"thumbnailUrl\":\"https:\/\/radiolifefm.com.br\/noticias\/wp-content\/uploads\/2019\/02\/UniFAI-Social-Pacaembu-14.jpg\",\"datePublished\":\"2019-02-25T20:40:56+00:00\",\"dateModified\":\"2026-04-27T17:54:56+00:00\",\"breadcrumb\":{\"@id\":\"https:\/\/radiolifefm.com.br\/noticias\/pro-reitoria-de-extensao-atende-quase-duas-mil-pessoas-em-evento-do-rotary-club-de-pacaembu\/#breadcrumb\"},\"inLanguage\":\"pt-BR\",\"potentialAction\":[{\"@type\":\"ReadAction\",\"target\":[\"https:\/\/radiolifefm.com.br\/noticias\/pro-reitoria-de-extensao-atende-quase-duas-mil-pessoas-em-evento-do-rotary-club-de-pacaembu\/\"]}]},{\"@type\":\"ImageObject\",\"inLanguage\":\"pt-BR\",\"@id\":\"https:\/\/radiolifefm.com.br\/noticias\/pro-reitoria-de-extensao-atende-quase-duas-mil-pessoas-em-evento-do-rotary-club-de-pacaembu\/#primaryimage\",\"url\":\"https:\/\/radiolifefm.com.br\/noticias\/wp-content\/uploads\/2019\/02\/UniFAI-Social-Pacaembu-14.jpg\",\"contentUrl\":\"https:\/\/radiolifefm.com.br\/noticias\/wp-content\/uploads\/2019\/02\/UniFAI-Social-Pacaembu-14.jpg\",\"width\":1280,\"height\":720,\"caption\":\"UniFAI-Social atendeu moradores de Pacaembu no \u00faltimo s\u00e1bado\"},{\"@type\":\"BreadcrumbList\",\"@id\":\"https:\/\/radiolifefm.com.br\/noticias\/pro-reitoria-de-extensao-atende-quase-duas-mil-pessoas-em-evento-do-rotary-club-de-pacaembu\/#breadcrumb\",\"itemListElement\":[{\"@type\":\"ListItem\",\"position\":1,\"name\":\"In\u00edcio\",\"item\":\"https:\/\/radiolifefm.com.br\/noticias\/\"},{\"@type\":\"ListItem\",\"position\":2,\"name\":\"Pr\u00f3-Reitoria de Extens\u00e3o atende quase duas mil pessoas em evento do Rotary Club de Pacaembu\"}]},{\"@type\":\"WebSite\",\"@id\":\"https:\/\/radiolifefm.com.br\/noticias\/#website\",\"url\":\"https:\/\/radiolifefm.com.br\/noticias\/\",\"name\":\"R\u00e1dio Life FM\",\"description\":\"O Portal de Not\u00edcias de Adamantina\",\"publisher\":{\"@id\":\"https:\/\/radiolifefm.com.br\/noticias\/#organization\"},\"alternateName\":\"Life FM\",\"potentialAction\":[{\"@type\":\"SearchAction\",\"target\":{\"@type\":\"EntryPoint\",\"urlTemplate\":\"https:\/\/radiolifefm.com.br\/noticias\/?s={search_term_string}\"},\"query-input\":{\"@type\":\"PropertyValueSpecification\",\"valueRequired\":true,\"valueName\":\"search_term_string\"}}],\"inLanguage\":\"pt-BR\"},{\"@type\":\"Organization\",\"@id\":\"https:\/\/radiolifefm.com.br\/noticias\/#organization\",\"name\":\"R\u00e1dio Life FM\",\"alternateName\":\"Life FM\",\"url\":\"https:\/\/radiolifefm.com.br\/noticias\/\",\"logo\":{\"@type\":\"ImageObject\",\"inLanguage\":\"pt-BR\",\"@id\":\"https:\/\/radiolifefm.com.br\/noticias\/#\/schema\/logo\/image\/\",\"url\":\"https:\/\/static.radiolifefm.com.br\/noticias\/wp-content\/uploads\/2019\/10\/logo-lifefm.png\",\"contentUrl\":\"https:\/\/static.radiolifefm.com.br\/noticias\/wp-content\/uploads\/2019\/10\/logo-lifefm.png\",\"width\":196,\"height\":47,\"caption\":\"R\u00e1dio Life FM\"},\"image\":{\"@id\":\"https:\/\/radiolifefm.com.br\/noticias\/#\/schema\/logo\/image\/\"},\"sameAs\":[\"https:\/\/www.facebook.com\/radiolifefm\/\",\"https:\/\/www.instagram.com\/life1079fm\/\"]},{\"@type\":\"Person\",\"@id\":\"https:\/\/radiolifefm.com.br\/noticias\/#\/schema\/person\/6876e1240feffe6e1b63fd5cb85abf28\",\"name\":\"joaograndao\",\"image\":{\"@type\":\"ImageObject\",\"inLanguage\":\"pt-BR\",\"@id\":\"https:\/\/secure.gravatar.com\/avatar\/d5b1a3cf357ed9c50404e256a1294083aa8ab5d2a994001567302786016cb32c?s=96&d=mm&r=g\",\"url\":\"https:\/\/secure.gravatar.com\/avatar\/d5b1a3cf357ed9c50404e256a1294083aa8ab5d2a994001567302786016cb32c?s=96&d=mm&r=g\",\"contentUrl\":\"https:\/\/secure.gravatar.com\/avatar\/d5b1a3cf357ed9c50404e256a1294083aa8ab5d2a994001567302786016cb32c?s=96&d=mm&r=g\",\"caption\":\"joaograndao\"}}]}<\/script>\n<!-- \/ Yoast SEO plugin. -->","yoast_head_json":{"title":"Pr\u00f3-Reitoria de Extens\u00e3o atende quase duas mil pessoas em evento do Rotary Club de Pacaembu - R\u00e1dio Life FM","robots":{"index":"index","follow":"follow","max-snippet":"max-snippet:-1","max-image-preview":"max-image-preview:large","max-video-preview":"max-video-preview:-1"},"canonical":"https:\/\/radiolifefm.com.br\/noticias\/pro-reitoria-de-extensao-atende-quase-duas-mil-pessoas-em-evento-do-rotary-club-de-pacaembu\/","og_locale":"pt_BR","og_type":"article","og_title":"Pr\u00f3-Reitoria de Extens\u00e3o atende quase duas mil pessoas em evento do Rotary Club de Pacaembu - R\u00e1dio Life FM","og_description":"Aproximadamente duas mil pessoas participaram da a\u00e7\u00e3o social do Rotary Clube de Pacaembu com parceria do Centro Universit\u00e1rio de Adamantina (UniFAI), por meio da Pr\u00f3-reitoria de Extens\u00e3o (ProExt), no \u00faltimo s\u00e1bado, 23. A a\u00e7\u00e3o do UniFAI-Social, um dos eventos da ProExt, envolveu atendimentos dos cursos de Agronomia, Farm\u00e1cia, Nutri\u00e7\u00e3o, Odontologia, Pedagogia e Tecnologia em Agroneg\u00f3cio [&hellip;]","og_url":"https:\/\/radiolifefm.com.br\/noticias\/pro-reitoria-de-extensao-atende-quase-duas-mil-pessoas-em-evento-do-rotary-club-de-pacaembu\/","og_site_name":"R\u00e1dio Life FM","article_publisher":"https:\/\/www.facebook.com\/radiolifefm\/","article_published_time":"2019-02-25T20:40:56+00:00","article_modified_time":"2026-04-27T17:54:56+00:00","og_image":[{"width":1280,"height":720,"url":"https:\/\/radiolifefm.com.br\/noticias\/wp-content\/uploads\/2019\/02\/UniFAI-Social-Pacaembu-14.jpg","type":"image\/jpeg"}],"author":"joaograndao","twitter_card":"summary_large_image","twitter_misc":{"Escrito por":"joaograndao","Est. tempo de leitura":"2 minutos"},"schema":{"@context":"https:\/\/schema.org","@graph":[{"@type":"Article","@id":"https:\/\/radiolifefm.com.br\/noticias\/pro-reitoria-de-extensao-atende-quase-duas-mil-pessoas-em-evento-do-rotary-club-de-pacaembu\/#article","isPartOf":{"@id":"https:\/\/radiolifefm.com.br\/noticias\/pro-reitoria-de-extensao-atende-quase-duas-mil-pessoas-em-evento-do-rotary-club-de-pacaembu\/"},"author":{"name":"joaograndao","@id":"https:\/\/radiolifefm.com.br\/noticias\/#\/schema\/person\/6876e1240feffe6e1b63fd5cb85abf28"},"headline":"Pr\u00f3-Reitoria de Extens\u00e3o atende quase duas mil pessoas em evento do Rotary Club de Pacaembu","datePublished":"2019-02-25T20:40:56+00:00","dateModified":"2026-04-27T17:54:56+00:00","mainEntityOfPage":{"@id":"https:\/\/radiolifefm.com.br\/noticias\/pro-reitoria-de-extensao-atende-quase-duas-mil-pessoas-em-evento-do-rotary-club-de-pacaembu\/"},"wordCount":467,"publisher":{"@id":"https:\/\/radiolifefm.com.br\/noticias\/#organization"},"image":{"@id":"https:\/\/radiolifefm.com.br\/noticias\/pro-reitoria-de-extensao-atende-quase-duas-mil-pessoas-em-evento-do-rotary-club-de-pacaembu\/#primaryimage"},"thumbnailUrl":"https:\/\/radiolifefm.com.br\/noticias\/wp-content\/uploads\/2019\/02\/UniFAI-Social-Pacaembu-14.jpg","articleSection":["Regi\u00e3o"],"inLanguage":"pt-BR"},{"@type":"WebPage","@id":"https:\/\/radiolifefm.com.br\/noticias\/pro-reitoria-de-extensao-atende-quase-duas-mil-pessoas-em-evento-do-rotary-club-de-pacaembu\/","url":"https:\/\/radiolifefm.com.br\/noticias\/pro-reitoria-de-extensao-atende-quase-duas-mil-pessoas-em-evento-do-rotary-club-de-pacaembu\/","name":"Pr\u00f3-Reitoria de Extens\u00e3o atende quase duas mil pessoas em evento do Rotary Club de Pacaembu - R\u00e1dio Life FM","isPartOf":{"@id":"https:\/\/radiolifefm.com.br\/noticias\/#website"},"primaryImageOfPage":{"@id":"https:\/\/radiolifefm.com.br\/noticias\/pro-reitoria-de-extensao-atende-quase-duas-mil-pessoas-em-evento-do-rotary-club-de-pacaembu\/#primaryimage"},"image":{"@id":"https:\/\/radiolifefm.com.br\/noticias\/pro-reitoria-de-extensao-atende-quase-duas-mil-pessoas-em-evento-do-rotary-club-de-pacaembu\/#primaryimage"},"thumbnailUrl":"https:\/\/radiolifefm.com.br\/noticias\/wp-content\/uploads\/2019\/02\/UniFAI-Social-Pacaembu-14.jpg","datePublished":"2019-02-25T20:40:56+00:00","dateModified":"2026-04-27T17:54:56+00:00","breadcrumb":{"@id":"https:\/\/radiolifefm.com.br\/noticias\/pro-reitoria-de-extensao-atende-quase-duas-mil-pessoas-em-evento-do-rotary-club-de-pacaembu\/#breadcrumb"},"inLanguage":"pt-BR","potentialAction":[{"@type":"ReadAction","target":["https:\/\/radiolifefm.com.br\/noticias\/pro-reitoria-de-extensao-atende-quase-duas-mil-pessoas-em-evento-do-rotary-club-de-pacaembu\/"]}]},{"@type":"ImageObject","inLanguage":"pt-BR","@id":"https:\/\/radiolifefm.com.br\/noticias\/pro-reitoria-de-extensao-atende-quase-duas-mil-pessoas-em-evento-do-rotary-club-de-pacaembu\/#primaryimage","url":"https:\/\/radiolifefm.com.br\/noticias\/wp-content\/uploads\/2019\/02\/UniFAI-Social-Pacaembu-14.jpg","contentUrl":"https:\/\/radiolifefm.com.br\/noticias\/wp-content\/uploads\/2019\/02\/UniFAI-Social-Pacaembu-14.jpg","width":1280,"height":720,"caption":"UniFAI-Social atendeu moradores de Pacaembu no \u00faltimo s\u00e1bado"},{"@type":"BreadcrumbList","@id":"https:\/\/radiolifefm.com.br\/noticias\/pro-reitoria-de-extensao-atende-quase-duas-mil-pessoas-em-evento-do-rotary-club-de-pacaembu\/#breadcrumb","itemListElement":[{"@type":"ListItem","position":1,"name":"In\u00edcio","item":"https:\/\/radiolifefm.com.br\/noticias\/"},{"@type":"ListItem","position":2,"name":"Pr\u00f3-Reitoria de Extens\u00e3o atende quase duas mil pessoas em evento do Rotary Club de Pacaembu"}]},{"@type":"WebSite","@id":"https:\/\/radiolifefm.com.br\/noticias\/#website","url":"https:\/\/radiolifefm.com.br\/noticias\/","name":"R\u00e1dio Life FM","description":"O Portal de Not\u00edcias de Adamantina","publisher":{"@id":"https:\/\/radiolifefm.com.br\/noticias\/#organization"},"alternateName":"Life FM","potentialAction":[{"@type":"SearchAction","target":{"@type":"EntryPoint","urlTemplate":"https:\/\/radiolifefm.com.br\/noticias\/?s={search_term_string}"},"query-input":{"@type":"PropertyValueSpecification","valueRequired":true,"valueName":"search_term_string"}}],"inLanguage":"pt-BR"},{"@type":"Organization","@id":"https:\/\/radiolifefm.com.br\/noticias\/#organization","name":"R\u00e1dio Life FM","alternateName":"Life FM","url":"https:\/\/radiolifefm.com.br\/noticias\/","logo":{"@type":"ImageObject","inLanguage":"pt-BR","@id":"https:\/\/radiolifefm.com.br\/noticias\/#\/schema\/logo\/image\/","url":"https:\/\/static.radiolifefm.com.br\/noticias\/wp-content\/uploads\/2019\/10\/logo-lifefm.png","contentUrl":"https:\/\/static.radiolifefm.com.br\/noticias\/wp-content\/uploads\/2019\/10\/logo-lifefm.png","width":196,"height":47,"caption":"R\u00e1dio Life FM"},"image":{"@id":"https:\/\/radiolifefm.com.br\/noticias\/#\/schema\/logo\/image\/"},"sameAs":["https:\/\/www.facebook.com\/radiolifefm\/","https:\/\/www.instagram.com\/life1079fm\/"]},{"@type":"Person","@id":"https:\/\/radiolifefm.com.br\/noticias\/#\/schema\/person\/6876e1240feffe6e1b63fd5cb85abf28","name":"joaograndao","image":{"@type":"ImageObject","inLanguage":"pt-BR","@id":"https:\/\/secure.gravatar.com\/avatar\/d5b1a3cf357ed9c50404e256a1294083aa8ab5d2a994001567302786016cb32c?s=96&d=mm&r=g","url":"https:\/\/secure.gravatar.com\/avatar\/d5b1a3cf357ed9c50404e256a1294083aa8ab5d2a994001567302786016cb32c?s=96&d=mm&r=g","contentUrl":"https:\/\/secure.gravatar.com\/avatar\/d5b1a3cf357ed9c50404e256a1294083aa8ab5d2a994001567302786016cb32c?s=96&d=mm&r=g","caption":"joaograndao"}}]}},"amp_enabled":true,"_links":{"self":[{"href":"https:\/\/radiolifefm.com.br\/noticias\/wp-json\/wp\/v2\/posts\/10224","targetHints":{"allow":["GET"]}}],"collection":[{"href":"https:\/\/radiolifefm.com.br\/noticias\/wp-json\/wp\/v2\/posts"}],"about":[{"href":"https:\/\/radiolifefm.com.br\/noticias\/wp-json\/wp\/v2\/types\/post"}],"author":[{"embeddable":true,"href":"https:\/\/radiolifefm.com.br\/noticias\/wp-json\/wp\/v2\/users\/8"}],"replies":[{"embeddable":true,"href":"https:\/\/radiolifefm.com.br\/noticias\/wp-json\/wp\/v2\/comments?post=10224"}],"version-history":[{"count":7,"href":"https:\/\/radiolifefm.com.br\/noticias\/wp-json\/wp\/v2\/posts\/10224\/revisions"}],"predecessor-version":[{"id":17572,"href":"https:\/\/radiolifefm.com.br\/noticias\/wp-json\/wp\/v2\/posts\/10224\/revisions\/17572"}],"wp:featuredmedia":[{"embeddable":true,"href":"https:\/\/radiolifefm.com.br\/noticias\/wp-json\/wp\/v2\/media\/10226"}],"wp:attachment":[{"href":"https:\/\/radiolifefm.com.br\/noticias\/wp-json\/wp\/v2\/media?parent=10224"}],"wp:term":[{"taxonomy":"category","embeddable":true,"href":"https:\/\/radiolifefm.com.br\/noticias\/wp-json\/wp\/v2\/categories?post=10224"},{"taxonomy":"post_tag","embeddable":true,"href":"https:\/\/radiolifefm.com.br\/noticias\/wp-json\/wp\/v2\/tags?post=10224"}],"curies":[{"name":"wp","href":"https:\/\/api.w.org\/{rel}","templated":true}]}}