{"id":102196,"date":"2025-06-19T18:21:01","date_gmt":"2025-06-19T21:21:01","guid":{"rendered":"https:\/\/radiolifefm.com.br\/noticias\/?p=102196"},"modified":"2026-04-26T18:43:07","modified_gmt":"2026-04-26T21:43:07","slug":"francisco-cuoco-morre-aos-91-anos-em-sao-paulo","status":"publish","type":"post","link":"https:\/\/radiolifefm.com.br\/noticias\/francisco-cuoco-morre-aos-91-anos-em-sao-paulo\/","title":{"rendered":"Francisco Cuoco morre aos 91 anos em S\u00e3o Paulo"},"content":{"rendered":"<div id=\"fb-root\"><\/div>\n<p class=\"dark:base-text-neutral-high-400 base-text-[calc(theme(fontSize.xs)_*_var(--font-size,_1))] base-font-normal base-font-primary base-text-neutral-low-500 base-text-left\"><span class=\"b-article-body__text\">Morreu nesta quinta-feira (19), aos 91 anos, o ator Francisco Cuoco. O ator estava internado no Hospital Albert Einstein, em S\u00e3o Paulo, e sofria complica\u00e7\u00f5es de sa\u00fade devido \u00e0 idade. A causa de sua morte n\u00e3o foi informada, mas ele tratava um ferimento que infeccionou.<\/span><\/p>\n<p class=\"dark:base-text-neutral-high-400 base-text-[calc(theme(fontSize.xs)_*_var(--font-size,_1))] base-font-normal base-font-primary base-text-neutral-low-500 base-text-left\"><span class=\"b-article-body__text\">Ainda n\u00e3o foram divulgadas informa\u00e7\u00f5es sobre o vel\u00f3rio e sepultamento do corpo do ator.<\/span><\/p>\n<div id=\"sunmedia\" class=\"r7ad-sunmedia\"><\/div>\n<p class=\"dark:base-text-neutral-high-400 base-text-[calc(theme(fontSize.xs)_*_var(--font-size,_1))] base-font-normal base-font-primary base-text-neutral-low-500 base-text-left\"><span class=\"b-article-body__text\">Cuoco tinha tr\u00eas filhos, Rodrigo, Diogo e Tatiana, com a ex-mulher, Gina, e netos.<\/span><\/p>\n<p class=\"dark:base-text-neutral-high-400 base-text-[calc(theme(fontSize.xs)_*_var(--font-size,_1))] base-font-normal base-font-primary base-text-neutral-low-500 base-text-left\"><span class=\"b-article-body__text\">Nascido em S\u00e3o Paulo, na capital, Francisco Cuoco decidiu aos 20 anos trocar o curso de direito pelo de arte dram\u00e1tica e construiu uma carreira de sucesso na TV, no cinema e no teatro.<\/span><\/p>\n<p class=\"dark:base-text-neutral-high-400 base-text-[calc(theme(fontSize.xs)_*_var(--font-size,_1))] base-font-normal base-font-primary base-text-neutral-low-500 base-text-left\"><span class=\"b-article-body__text\">Na televis\u00e3o, ele esteve em tramas aclamadas como\u00a0<i>Selva de Pedra<\/i>,<i>\u00a0<\/i>de 1972;\u00a0<i>Pecado Capital<\/i>,<i>\u00a0<\/i>de 1975; e\u00a0<i>O Astro<\/i>, de 1977.<\/span><\/p>\n<h3 class=\"dark:base-text-neutral-high-400 base-text-md base-font-semibold base-font-primary base-text-neutral-low-500\"><b>Do teatro para a TV ao vivo<\/b><\/h3>\n<p class=\"dark:base-text-neutral-high-400 base-text-[calc(theme(fontSize.xs)_*_var(--font-size,_1))] base-font-normal base-font-primary base-text-neutral-low-500 base-text-left\"><span class=\"b-article-body__text\">O ator integrou o Teatro Brasileiro de Com\u00e9dia no come\u00e7o da carreira e tamb\u00e9m participou do Teatro dos Sete, com grandes nomes como Fernanda Montenegro, Gianni Ratto, \u00cdtalo Rossi, Fernando Torres, S\u00e9rgio Britto, Luciana Petruccelli e Alfredo Souto de Almeida.<\/span><\/p>\n<p class=\"dark:base-text-neutral-high-400 base-text-[calc(theme(fontSize.xs)_*_var(--font-size,_1))] base-font-normal base-font-primary base-text-neutral-low-500 base-text-left\"><span class=\"b-article-body__text\">Ao come\u00e7ar na TV, ele tamb\u00e9m esteve no Grande Teatro Tupi, onde eram encenadas pe\u00e7as completas ao vivo.<\/span><\/p>\n<p class=\"dark:base-text-neutral-high-400 base-text-[calc(theme(fontSize.xs)_*_var(--font-size,_1))] base-font-normal base-font-primary base-text-neutral-low-500 base-text-left\"><span class=\"b-article-body__text\">A primeira novela de Francisco Cuoco foi\u00a0<i>Marcados Pelo Amor<\/i>, em 1964. A trama de Walther Negr\u00e3o e Roberto Freire passava na antiga TV Record. J\u00e1 na Excelsior, ele emplacou outro sucesso, a novela\u00a0<i>Reden\u00e7\u00e3o<\/i>, de Raimundo Lopes.<\/span><\/p>\n<h3 class=\"dark:base-text-neutral-high-400 base-text-md base-font-semibold base-font-primary base-text-neutral-low-500\"><b>Pap\u00e9is de destaque<\/b><\/h3>\n<p class=\"dark:base-text-neutral-high-400 base-text-[calc(theme(fontSize.xs)_*_var(--font-size,_1))] base-font-normal base-font-primary base-text-neutral-low-500 base-text-left\"><span class=\"b-article-body__text\">Francisco estreou na Globo em 1970, na novela\u00a0<i>Assim na Terra Como no C\u00e9u<\/i>, de Dias Gomes. Na emissora, ele emplacou personagens que marcaram \u00e9poca, como Cristiano Vilhena, de\u00a0<i>Selva de Pedra<\/i>, em 1972, e o taxista Carl\u00e3o, em\u00a0<i>Pecado Capital<\/i>, de 1975, trama escrita por Janete Clair.<\/span><\/p>\n<p class=\"dark:base-text-neutral-high-400 base-text-[calc(theme(fontSize.xs)_*_var(--font-size,_1))] base-font-normal base-font-primary base-text-neutral-low-500 base-text-left\"><span class=\"b-article-body__text\">Cuoco esteve tamb\u00e9m no remake de\u00a0<i>Pecado Capital<\/i>, lan\u00e7ado em 1998, no qual viveu outro personagem, Salviano, que na vers\u00e3o original era interpretado por Lima Duarte.<\/span><\/p>\n<p class=\"dark:base-text-neutral-high-400 base-text-[calc(theme(fontSize.xs)_*_var(--font-size,_1))] base-font-normal base-font-primary base-text-neutral-low-500 base-text-left\"><span class=\"b-article-body__text\">Outro personagem que marcou a carreira de Francisco Cuoco foi Herculano Quintanilha, de\u00a0<i>O Astro<\/i>, em 1977. Assim como aconteceu com\u00a0<i>Pecado Capital<\/i>, Cuoco tamb\u00e9m participou de uma vers\u00e3o mais recente de\u00a0<i>O Astro<\/i>, em 2011, onde viveu Ferragus, um ilusionista, que ensina seus truques para a nova vers\u00e3o de Herculano, interpretado desta vez por Rodrigo Lombardi.<\/span><\/p>\n<p class=\"dark:base-text-neutral-high-400 base-text-[calc(theme(fontSize.xs)_*_var(--font-size,_1))] base-font-normal base-font-primary base-text-neutral-low-500 base-text-left\"><span class=\"b-article-body__text\">Cuoco tamb\u00e9m foi protagonista de\u00a0<i>O Outro<\/i>, de Aguinaldo Silva, lan\u00e7ada em 1983, onde viveu dois s\u00f3sias, um homem milion\u00e1rio e um de origem humilde. Em 1989, ele interpretou Severo Branco em\u00a0<i>O Salvador da P\u00e1tria<\/i>, mais um personagem que foi destaque em sua trajet\u00f3ria.<\/span><\/p>\n<p class=\"dark:base-text-neutral-high-400 base-text-[calc(theme(fontSize.xs)_*_var(--font-size,_1))] base-font-normal base-font-primary base-text-neutral-low-500 base-text-left\"><span class=\"b-article-body__text\">Das novelas mais recentes, ele fez sucesso como o Olavo, de\u00a0<i>Passione<\/i>, em 2010, o Vicente, de\u00a0<i>Boogie Oogie<\/i>, em 2014 e fez participa\u00e7\u00f5es em\u00a0<i>Segundo Sol<\/i>\u00a0e\u00a0<i>Pega Pega<\/i>, de 2018.<\/span><\/p>\n<p class=\"dark:base-text-neutral-high-400 base-text-[calc(theme(fontSize.xs)_*_var(--font-size,_1))] base-font-normal base-font-primary base-text-neutral-low-500 base-text-left\"><span class=\"b-article-body__text\">O \u00faltimo trabalho de Francisco Cuoco na TV foi uma participa\u00e7\u00e3o como ele mesmo em\u00a0<i>Salve-se Quem Puder<\/i>, de 2020.<\/span><\/p>\n<h3 class=\"dark:base-text-neutral-high-400 base-text-md base-font-semibold base-font-primary base-text-neutral-low-500\"><b>Cinemas<\/b><\/h3>\n<p class=\"dark:base-text-neutral-high-400 base-text-[calc(theme(fontSize.xs)_*_var(--font-size,_1))] base-font-normal base-font-primary base-text-neutral-low-500 base-text-left\"><span class=\"b-article-body__text\">A carreira de Francisco Cuoco ainda teve destaque nos cinemas, como\u00a0<i>Trai\u00e7\u00e3o<\/i>, de Jos\u00e9 Henrique Fonseca e Arthur Fontes;\u00a0<i>G\u00eameas<\/i>, de Andrucha Waddington; e\u00a0<i>Um Anjo Trapalh\u00e3o<\/i>, de Alexande Boury e Marcelo Travesso.<\/span><\/p>\n<p class=\"dark:base-text-neutral-high-400 base-text-[calc(theme(fontSize.xs)_*_var(--font-size,_1))] base-font-normal base-font-primary base-text-neutral-low-500 base-text-left\"><span class=\"b-article-body__text\">Ele tamb\u00e9m esteve em\u00a0<i>Cafund\u00f3<\/i>, de Cl\u00f3vis Bueno e Paulo Betti, e\u00a0<i>A Partilha<\/i>, de Daniel Filho. O \u00faltimo projeto de Francisco nos cinemas foi\u00a0<i>Real Beleza<\/i>, de Jorge Furtado.<\/span><\/p>\n<h3 class=\"dark:base-text-neutral-high-400 base-text-md base-font-semibold base-font-primary base-text-neutral-low-500\"><b>Vida digital<\/b><\/h3>\n<p class=\"dark:base-text-neutral-high-400 base-text-[calc(theme(fontSize.xs)_*_var(--font-size,_1))] base-font-normal base-font-primary base-text-neutral-low-500 base-text-left\"><span class=\"b-article-body__text\">Em 2021, Francisco Cuoco come\u00e7ou um novo cap\u00edtulo de sua vida, criando um canal no YouTube e uma p\u00e1gina no TikTok, onde tem cerca de 150 mil seguidores. Mas os canais n\u00e3o recebiam atualiza\u00e7\u00f5es recentemente.<\/span><\/p>\n<p class=\"dark:base-text-neutral-high-400 base-text-[calc(theme(fontSize.xs)_*_var(--font-size,_1))] base-font-normal base-font-primary base-text-neutral-low-500 base-text-left\"><span class=\"b-article-body__text\">Nas redes sociais, Cuoco compartilhava poesias, curiosidades e reflex\u00f5es sobre os mais variados assuntos. \u201cN\u00e3o adianta ficar lamentando a perda da juventude nem a mortalidade. O que importa \u00e9 continuar trabalhando e criando\u201d, diz a descri\u00e7\u00e3o de sua p\u00e1gina no Instagram, onde tem mais de 115 mil seguidores.<\/span><\/p>\n<p>&nbsp;<\/p>\n<p>&nbsp;<\/p>\n<p>Fonte: R7<\/p>\n","protected":false},"excerpt":{"rendered":"<p>Morreu nesta quinta-feira (19), aos 91 anos, o ator Francisco Cuoco. O ator estava internado no Hospital Albert Einstein, em S\u00e3o Paulo, e sofria complica\u00e7\u00f5es de sa\u00fade devido \u00e0 idade. A causa de sua morte n\u00e3o foi informada, mas ele tratava um ferimento que infeccionou. Ainda n\u00e3o foram divulgadas informa\u00e7\u00f5es sobre o vel\u00f3rio e sepultamento [&hellip;]<\/p>\n","protected":false},"author":13,"featured_media":102197,"comment_status":"closed","ping_status":"open","sticky":false,"template":"","format":"standard","meta":{"_acf_changed":false,"_exactmetrics_skip_tracking":false,"_exactmetrics_sitenote_active":false,"_exactmetrics_sitenote_note":"","_exactmetrics_sitenote_category":0,"footnotes":""},"categories":[1],"tags":[],"class_list":["post-102196","post","type-post","status-publish","format-standard","has-post-thumbnail","hentry","category-geral"],"acf":[],"yoast_head":"<!-- This site is optimized with the Yoast SEO plugin v27.2 - https:\/\/yoast.com\/product\/yoast-seo-wordpress\/ -->\n<title>Francisco Cuoco morre aos 91 anos em S\u00e3o Paulo - R\u00e1dio Life FM<\/title>\n<meta name=\"robots\" content=\"index, follow, max-snippet:-1, max-image-preview:large, max-video-preview:-1\" \/>\n<link rel=\"canonical\" href=\"https:\/\/radiolifefm.com.br\/noticias\/francisco-cuoco-morre-aos-91-anos-em-sao-paulo\/\" \/>\n<meta property=\"og:locale\" content=\"pt_BR\" \/>\n<meta property=\"og:type\" content=\"article\" \/>\n<meta property=\"og:title\" content=\"Francisco Cuoco morre aos 91 anos em S\u00e3o Paulo - R\u00e1dio Life FM\" \/>\n<meta property=\"og:description\" content=\"Morreu nesta quinta-feira (19), aos 91 anos, o ator Francisco Cuoco. O ator estava internado no Hospital Albert Einstein, em S\u00e3o Paulo, e sofria complica\u00e7\u00f5es de sa\u00fade devido \u00e0 idade. A causa de sua morte n\u00e3o foi informada, mas ele tratava um ferimento que infeccionou. Ainda n\u00e3o foram divulgadas informa\u00e7\u00f5es sobre o vel\u00f3rio e sepultamento [&hellip;]\" \/>\n<meta property=\"og:url\" content=\"https:\/\/radiolifefm.com.br\/noticias\/francisco-cuoco-morre-aos-91-anos-em-sao-paulo\/\" \/>\n<meta property=\"og:site_name\" content=\"R\u00e1dio Life FM\" \/>\n<meta property=\"article:publisher\" content=\"https:\/\/www.facebook.com\/radiolifefm\/\" \/>\n<meta property=\"article:published_time\" content=\"2025-06-19T21:21:01+00:00\" \/>\n<meta property=\"article:modified_time\" content=\"2026-04-26T21:43:07+00:00\" \/>\n<meta property=\"og:image\" content=\"https:\/\/radiolifefm.com.br\/noticias\/wp-content\/uploads\/2025\/06\/download.jpg\" \/>\n\t<meta property=\"og:image:width\" content=\"282\" \/>\n\t<meta property=\"og:image:height\" content=\"179\" \/>\n\t<meta property=\"og:image:type\" content=\"image\/jpeg\" \/>\n<meta name=\"author\" content=\"ritanery\" \/>\n<meta name=\"twitter:card\" content=\"summary_large_image\" \/>\n<meta name=\"twitter:label1\" content=\"Escrito por\" \/>\n\t<meta name=\"twitter:data1\" content=\"ritanery\" \/>\n\t<meta name=\"twitter:label2\" content=\"Est. tempo de leitura\" \/>\n\t<meta name=\"twitter:data2\" content=\"4 minutos\" \/>\n<script type=\"application\/ld+json\" class=\"yoast-schema-graph\">{\"@context\":\"https:\/\/schema.org\",\"@graph\":[{\"@type\":\"Article\",\"@id\":\"https:\/\/radiolifefm.com.br\/noticias\/francisco-cuoco-morre-aos-91-anos-em-sao-paulo\/#article\",\"isPartOf\":{\"@id\":\"https:\/\/radiolifefm.com.br\/noticias\/francisco-cuoco-morre-aos-91-anos-em-sao-paulo\/\"},\"author\":{\"name\":\"ritanery\",\"@id\":\"https:\/\/radiolifefm.com.br\/noticias\/#\/schema\/person\/6339b9fac59d12b071dec680d7375d87\"},\"headline\":\"Francisco Cuoco morre aos 91 anos em S\u00e3o Paulo\",\"datePublished\":\"2025-06-19T21:21:01+00:00\",\"dateModified\":\"2026-04-26T21:43:07+00:00\",\"mainEntityOfPage\":{\"@id\":\"https:\/\/radiolifefm.com.br\/noticias\/francisco-cuoco-morre-aos-91-anos-em-sao-paulo\/\"},\"wordCount\":652,\"publisher\":{\"@id\":\"https:\/\/radiolifefm.com.br\/noticias\/#organization\"},\"image\":{\"@id\":\"https:\/\/radiolifefm.com.br\/noticias\/francisco-cuoco-morre-aos-91-anos-em-sao-paulo\/#primaryimage\"},\"thumbnailUrl\":\"https:\/\/radiolifefm.com.br\/noticias\/wp-content\/uploads\/2025\/06\/download.jpg\",\"articleSection\":[\"Geral\"],\"inLanguage\":\"pt-BR\"},{\"@type\":\"WebPage\",\"@id\":\"https:\/\/radiolifefm.com.br\/noticias\/francisco-cuoco-morre-aos-91-anos-em-sao-paulo\/\",\"url\":\"https:\/\/radiolifefm.com.br\/noticias\/francisco-cuoco-morre-aos-91-anos-em-sao-paulo\/\",\"name\":\"Francisco Cuoco morre aos 91 anos em S\u00e3o Paulo - R\u00e1dio Life FM\",\"isPartOf\":{\"@id\":\"https:\/\/radiolifefm.com.br\/noticias\/#website\"},\"primaryImageOfPage\":{\"@id\":\"https:\/\/radiolifefm.com.br\/noticias\/francisco-cuoco-morre-aos-91-anos-em-sao-paulo\/#primaryimage\"},\"image\":{\"@id\":\"https:\/\/radiolifefm.com.br\/noticias\/francisco-cuoco-morre-aos-91-anos-em-sao-paulo\/#primaryimage\"},\"thumbnailUrl\":\"https:\/\/radiolifefm.com.br\/noticias\/wp-content\/uploads\/2025\/06\/download.jpg\",\"datePublished\":\"2025-06-19T21:21:01+00:00\",\"dateModified\":\"2026-04-26T21:43:07+00:00\",\"breadcrumb\":{\"@id\":\"https:\/\/radiolifefm.com.br\/noticias\/francisco-cuoco-morre-aos-91-anos-em-sao-paulo\/#breadcrumb\"},\"inLanguage\":\"pt-BR\",\"potentialAction\":[{\"@type\":\"ReadAction\",\"target\":[\"https:\/\/radiolifefm.com.br\/noticias\/francisco-cuoco-morre-aos-91-anos-em-sao-paulo\/\"]}]},{\"@type\":\"ImageObject\",\"inLanguage\":\"pt-BR\",\"@id\":\"https:\/\/radiolifefm.com.br\/noticias\/francisco-cuoco-morre-aos-91-anos-em-sao-paulo\/#primaryimage\",\"url\":\"https:\/\/radiolifefm.com.br\/noticias\/wp-content\/uploads\/2025\/06\/download.jpg\",\"contentUrl\":\"https:\/\/radiolifefm.com.br\/noticias\/wp-content\/uploads\/2025\/06\/download.jpg\",\"width\":282,\"height\":179,\"caption\":\"Ator, que tinha mais de 60 anos de carreira, estrelou grandes trabalhos como \u2018Selva de Pedra\u2019, \u2018O Astro\u2019 e \u2018Pecado Capital\u2019\"},{\"@type\":\"BreadcrumbList\",\"@id\":\"https:\/\/radiolifefm.com.br\/noticias\/francisco-cuoco-morre-aos-91-anos-em-sao-paulo\/#breadcrumb\",\"itemListElement\":[{\"@type\":\"ListItem\",\"position\":1,\"name\":\"In\u00edcio\",\"item\":\"https:\/\/radiolifefm.com.br\/noticias\/\"},{\"@type\":\"ListItem\",\"position\":2,\"name\":\"Francisco Cuoco morre aos 91 anos em S\u00e3o Paulo\"}]},{\"@type\":\"WebSite\",\"@id\":\"https:\/\/radiolifefm.com.br\/noticias\/#website\",\"url\":\"https:\/\/radiolifefm.com.br\/noticias\/\",\"name\":\"R\u00e1dio Life FM\",\"description\":\"O Portal de Not\u00edcias de Adamantina\",\"publisher\":{\"@id\":\"https:\/\/radiolifefm.com.br\/noticias\/#organization\"},\"alternateName\":\"Life FM\",\"potentialAction\":[{\"@type\":\"SearchAction\",\"target\":{\"@type\":\"EntryPoint\",\"urlTemplate\":\"https:\/\/radiolifefm.com.br\/noticias\/?s={search_term_string}\"},\"query-input\":{\"@type\":\"PropertyValueSpecification\",\"valueRequired\":true,\"valueName\":\"search_term_string\"}}],\"inLanguage\":\"pt-BR\"},{\"@type\":\"Organization\",\"@id\":\"https:\/\/radiolifefm.com.br\/noticias\/#organization\",\"name\":\"R\u00e1dio Life FM\",\"alternateName\":\"Life FM\",\"url\":\"https:\/\/radiolifefm.com.br\/noticias\/\",\"logo\":{\"@type\":\"ImageObject\",\"inLanguage\":\"pt-BR\",\"@id\":\"https:\/\/radiolifefm.com.br\/noticias\/#\/schema\/logo\/image\/\",\"url\":\"https:\/\/static.radiolifefm.com.br\/noticias\/wp-content\/uploads\/2019\/10\/logo-lifefm.png\",\"contentUrl\":\"https:\/\/static.radiolifefm.com.br\/noticias\/wp-content\/uploads\/2019\/10\/logo-lifefm.png\",\"width\":196,\"height\":47,\"caption\":\"R\u00e1dio Life FM\"},\"image\":{\"@id\":\"https:\/\/radiolifefm.com.br\/noticias\/#\/schema\/logo\/image\/\"},\"sameAs\":[\"https:\/\/www.facebook.com\/radiolifefm\/\",\"https:\/\/www.instagram.com\/life1079fm\/\"]},{\"@type\":\"Person\",\"@id\":\"https:\/\/radiolifefm.com.br\/noticias\/#\/schema\/person\/6339b9fac59d12b071dec680d7375d87\",\"name\":\"ritanery\",\"image\":{\"@type\":\"ImageObject\",\"inLanguage\":\"pt-BR\",\"@id\":\"https:\/\/secure.gravatar.com\/avatar\/0e37bb19071f47c0b8a23f62a903df117c5a0e75f65a0c2901562f97cd41cf86?s=96&d=mm&r=g\",\"url\":\"https:\/\/secure.gravatar.com\/avatar\/0e37bb19071f47c0b8a23f62a903df117c5a0e75f65a0c2901562f97cd41cf86?s=96&d=mm&r=g\",\"contentUrl\":\"https:\/\/secure.gravatar.com\/avatar\/0e37bb19071f47c0b8a23f62a903df117c5a0e75f65a0c2901562f97cd41cf86?s=96&d=mm&r=g\",\"caption\":\"ritanery\"}}]}<\/script>\n<!-- \/ Yoast SEO plugin. -->","yoast_head_json":{"title":"Francisco Cuoco morre aos 91 anos em S\u00e3o Paulo - R\u00e1dio Life FM","robots":{"index":"index","follow":"follow","max-snippet":"max-snippet:-1","max-image-preview":"max-image-preview:large","max-video-preview":"max-video-preview:-1"},"canonical":"https:\/\/radiolifefm.com.br\/noticias\/francisco-cuoco-morre-aos-91-anos-em-sao-paulo\/","og_locale":"pt_BR","og_type":"article","og_title":"Francisco Cuoco morre aos 91 anos em S\u00e3o Paulo - R\u00e1dio Life FM","og_description":"Morreu nesta quinta-feira (19), aos 91 anos, o ator Francisco Cuoco. O ator estava internado no Hospital Albert Einstein, em S\u00e3o Paulo, e sofria complica\u00e7\u00f5es de sa\u00fade devido \u00e0 idade. A causa de sua morte n\u00e3o foi informada, mas ele tratava um ferimento que infeccionou. Ainda n\u00e3o foram divulgadas informa\u00e7\u00f5es sobre o vel\u00f3rio e sepultamento [&hellip;]","og_url":"https:\/\/radiolifefm.com.br\/noticias\/francisco-cuoco-morre-aos-91-anos-em-sao-paulo\/","og_site_name":"R\u00e1dio Life FM","article_publisher":"https:\/\/www.facebook.com\/radiolifefm\/","article_published_time":"2025-06-19T21:21:01+00:00","article_modified_time":"2026-04-26T21:43:07+00:00","og_image":[{"width":282,"height":179,"url":"https:\/\/radiolifefm.com.br\/noticias\/wp-content\/uploads\/2025\/06\/download.jpg","type":"image\/jpeg"}],"author":"ritanery","twitter_card":"summary_large_image","twitter_misc":{"Escrito por":"ritanery","Est. tempo de leitura":"4 minutos"},"schema":{"@context":"https:\/\/schema.org","@graph":[{"@type":"Article","@id":"https:\/\/radiolifefm.com.br\/noticias\/francisco-cuoco-morre-aos-91-anos-em-sao-paulo\/#article","isPartOf":{"@id":"https:\/\/radiolifefm.com.br\/noticias\/francisco-cuoco-morre-aos-91-anos-em-sao-paulo\/"},"author":{"name":"ritanery","@id":"https:\/\/radiolifefm.com.br\/noticias\/#\/schema\/person\/6339b9fac59d12b071dec680d7375d87"},"headline":"Francisco Cuoco morre aos 91 anos em S\u00e3o Paulo","datePublished":"2025-06-19T21:21:01+00:00","dateModified":"2026-04-26T21:43:07+00:00","mainEntityOfPage":{"@id":"https:\/\/radiolifefm.com.br\/noticias\/francisco-cuoco-morre-aos-91-anos-em-sao-paulo\/"},"wordCount":652,"publisher":{"@id":"https:\/\/radiolifefm.com.br\/noticias\/#organization"},"image":{"@id":"https:\/\/radiolifefm.com.br\/noticias\/francisco-cuoco-morre-aos-91-anos-em-sao-paulo\/#primaryimage"},"thumbnailUrl":"https:\/\/radiolifefm.com.br\/noticias\/wp-content\/uploads\/2025\/06\/download.jpg","articleSection":["Geral"],"inLanguage":"pt-BR"},{"@type":"WebPage","@id":"https:\/\/radiolifefm.com.br\/noticias\/francisco-cuoco-morre-aos-91-anos-em-sao-paulo\/","url":"https:\/\/radiolifefm.com.br\/noticias\/francisco-cuoco-morre-aos-91-anos-em-sao-paulo\/","name":"Francisco Cuoco morre aos 91 anos em S\u00e3o Paulo - R\u00e1dio Life FM","isPartOf":{"@id":"https:\/\/radiolifefm.com.br\/noticias\/#website"},"primaryImageOfPage":{"@id":"https:\/\/radiolifefm.com.br\/noticias\/francisco-cuoco-morre-aos-91-anos-em-sao-paulo\/#primaryimage"},"image":{"@id":"https:\/\/radiolifefm.com.br\/noticias\/francisco-cuoco-morre-aos-91-anos-em-sao-paulo\/#primaryimage"},"thumbnailUrl":"https:\/\/radiolifefm.com.br\/noticias\/wp-content\/uploads\/2025\/06\/download.jpg","datePublished":"2025-06-19T21:21:01+00:00","dateModified":"2026-04-26T21:43:07+00:00","breadcrumb":{"@id":"https:\/\/radiolifefm.com.br\/noticias\/francisco-cuoco-morre-aos-91-anos-em-sao-paulo\/#breadcrumb"},"inLanguage":"pt-BR","potentialAction":[{"@type":"ReadAction","target":["https:\/\/radiolifefm.com.br\/noticias\/francisco-cuoco-morre-aos-91-anos-em-sao-paulo\/"]}]},{"@type":"ImageObject","inLanguage":"pt-BR","@id":"https:\/\/radiolifefm.com.br\/noticias\/francisco-cuoco-morre-aos-91-anos-em-sao-paulo\/#primaryimage","url":"https:\/\/radiolifefm.com.br\/noticias\/wp-content\/uploads\/2025\/06\/download.jpg","contentUrl":"https:\/\/radiolifefm.com.br\/noticias\/wp-content\/uploads\/2025\/06\/download.jpg","width":282,"height":179,"caption":"Ator, que tinha mais de 60 anos de carreira, estrelou grandes trabalhos como \u2018Selva de Pedra\u2019, \u2018O Astro\u2019 e \u2018Pecado Capital\u2019"},{"@type":"BreadcrumbList","@id":"https:\/\/radiolifefm.com.br\/noticias\/francisco-cuoco-morre-aos-91-anos-em-sao-paulo\/#breadcrumb","itemListElement":[{"@type":"ListItem","position":1,"name":"In\u00edcio","item":"https:\/\/radiolifefm.com.br\/noticias\/"},{"@type":"ListItem","position":2,"name":"Francisco Cuoco morre aos 91 anos em S\u00e3o Paulo"}]},{"@type":"WebSite","@id":"https:\/\/radiolifefm.com.br\/noticias\/#website","url":"https:\/\/radiolifefm.com.br\/noticias\/","name":"R\u00e1dio Life FM","description":"O Portal de Not\u00edcias de Adamantina","publisher":{"@id":"https:\/\/radiolifefm.com.br\/noticias\/#organization"},"alternateName":"Life FM","potentialAction":[{"@type":"SearchAction","target":{"@type":"EntryPoint","urlTemplate":"https:\/\/radiolifefm.com.br\/noticias\/?s={search_term_string}"},"query-input":{"@type":"PropertyValueSpecification","valueRequired":true,"valueName":"search_term_string"}}],"inLanguage":"pt-BR"},{"@type":"Organization","@id":"https:\/\/radiolifefm.com.br\/noticias\/#organization","name":"R\u00e1dio Life FM","alternateName":"Life FM","url":"https:\/\/radiolifefm.com.br\/noticias\/","logo":{"@type":"ImageObject","inLanguage":"pt-BR","@id":"https:\/\/radiolifefm.com.br\/noticias\/#\/schema\/logo\/image\/","url":"https:\/\/static.radiolifefm.com.br\/noticias\/wp-content\/uploads\/2019\/10\/logo-lifefm.png","contentUrl":"https:\/\/static.radiolifefm.com.br\/noticias\/wp-content\/uploads\/2019\/10\/logo-lifefm.png","width":196,"height":47,"caption":"R\u00e1dio Life FM"},"image":{"@id":"https:\/\/radiolifefm.com.br\/noticias\/#\/schema\/logo\/image\/"},"sameAs":["https:\/\/www.facebook.com\/radiolifefm\/","https:\/\/www.instagram.com\/life1079fm\/"]},{"@type":"Person","@id":"https:\/\/radiolifefm.com.br\/noticias\/#\/schema\/person\/6339b9fac59d12b071dec680d7375d87","name":"ritanery","image":{"@type":"ImageObject","inLanguage":"pt-BR","@id":"https:\/\/secure.gravatar.com\/avatar\/0e37bb19071f47c0b8a23f62a903df117c5a0e75f65a0c2901562f97cd41cf86?s=96&d=mm&r=g","url":"https:\/\/secure.gravatar.com\/avatar\/0e37bb19071f47c0b8a23f62a903df117c5a0e75f65a0c2901562f97cd41cf86?s=96&d=mm&r=g","contentUrl":"https:\/\/secure.gravatar.com\/avatar\/0e37bb19071f47c0b8a23f62a903df117c5a0e75f65a0c2901562f97cd41cf86?s=96&d=mm&r=g","caption":"ritanery"}}]}},"amp_enabled":true,"_links":{"self":[{"href":"https:\/\/radiolifefm.com.br\/noticias\/wp-json\/wp\/v2\/posts\/102196","targetHints":{"allow":["GET"]}}],"collection":[{"href":"https:\/\/radiolifefm.com.br\/noticias\/wp-json\/wp\/v2\/posts"}],"about":[{"href":"https:\/\/radiolifefm.com.br\/noticias\/wp-json\/wp\/v2\/types\/post"}],"author":[{"embeddable":true,"href":"https:\/\/radiolifefm.com.br\/noticias\/wp-json\/wp\/v2\/users\/13"}],"replies":[{"embeddable":true,"href":"https:\/\/radiolifefm.com.br\/noticias\/wp-json\/wp\/v2\/comments?post=102196"}],"version-history":[{"count":1,"href":"https:\/\/radiolifefm.com.br\/noticias\/wp-json\/wp\/v2\/posts\/102196\/revisions"}],"predecessor-version":[{"id":102198,"href":"https:\/\/radiolifefm.com.br\/noticias\/wp-json\/wp\/v2\/posts\/102196\/revisions\/102198"}],"wp:featuredmedia":[{"embeddable":true,"href":"https:\/\/radiolifefm.com.br\/noticias\/wp-json\/wp\/v2\/media\/102197"}],"wp:attachment":[{"href":"https:\/\/radiolifefm.com.br\/noticias\/wp-json\/wp\/v2\/media?parent=102196"}],"wp:term":[{"taxonomy":"category","embeddable":true,"href":"https:\/\/radiolifefm.com.br\/noticias\/wp-json\/wp\/v2\/categories?post=102196"},{"taxonomy":"post_tag","embeddable":true,"href":"https:\/\/radiolifefm.com.br\/noticias\/wp-json\/wp\/v2\/tags?post=102196"}],"curies":[{"name":"wp","href":"https:\/\/api.w.org\/{rel}","templated":true}]}}