{"id":102153,"date":"2025-06-20T08:00:54","date_gmt":"2025-06-20T11:00:54","guid":{"rendered":"https:\/\/radiolifefm.com.br\/noticias\/?p=102153"},"modified":"2026-04-06T04:42:07","modified_gmt":"2026-04-06T07:42:07","slug":"pra-nao-dizer-que-nao-escrevi-sobre-aquela-praca","status":"publish","type":"post","link":"https:\/\/radiolifefm.com.br\/noticias\/pra-nao-dizer-que-nao-escrevi-sobre-aquela-praca\/","title":{"rendered":"\u201cPra n\u00e3o dizer que n\u00e3o\u201d escrevi sobre aquela PRA\u00c7A&#8230;"},"content":{"rendered":"<div id=\"fb-root\"><\/div>\n<p><strong>\u201c<\/strong><a href=\"https:\/\/kdfrases.com\/frase\/162833\"><strong>A pra\u00e7a, a pra\u00e7a \u00e9 do Povo! \/ Como o c\u00e9u \u00e9 do Condor! \/ \u00c9 antro onde a liberdade \/ Cria a \u00e1guia ao seu calor!<\/strong><\/a><strong>\u201d (<\/strong><a href=\"https:\/\/kdfrases.com\/autor\/castro-alves\"><strong>Castro Alves<\/strong><\/a><strong>)<\/strong><\/p>\n<p><strong>\u201c<\/strong><a href=\"https:\/\/kdfrases.com\/frase\/97682\"><strong>No palco, na\u00a0pra\u00e7a, no circo, num banco de jardim, correndo no escuro, pichado no muro&#8230; Voc\u00ea vai saber de mim.<\/strong><\/a>\u201d (<a href=\"https:\/\/kdfrases.com\/autor\/chico-buarque\">Chico Buarque<\/a>)<\/p>\n<p><strong>By seb@r.<\/strong><\/p>\n<p>Ent\u00e3o, nada mais interessante do que ESCREVER sobre tudo e todas as coisas desta mesma coisa, isso \u00e9, usando e abusando das eternas IRONIAS, ainda mais quanto os temas e tem\u00e1ticas est\u00e3o relacionadas com a GEST\u00c3O P\u00daBLICA&#8230;<\/p>\n<p>N\u00e3o se pode deixar de lado que nesta PROV\u00cdNCIA DO FAZ DE CONTA, tudo pode ser aquilo que nunca foi e assim por diante, por\u00e9m, como sempre, CADA QUAL COM SUAS ESCOLHAS neste tempo novo tempo que se chama hoje&#8230;<\/p>\n<p>Entendo que as denominadas CR\u00cdTICAS fazem a diferen\u00e7a deste ou daquele lado, todavia, nada mais interessante do que ficar com a IRONIA para outros desencontros em terras PROVINCIANAS&#8230;<\/p>\n<p>Depois de uma VISITA ao CARDIOLOGISTA na semana passada, bem como, com a FISIOTERAPIA, tais profissionais RECOMENDARAM como APOIO para a minha RECUPERA\u00c7\u00c3O F\u00cdSICA, desenvolver CAMINHADAS DI\u00c1RIAS de meia hora e assim por diante&#8230;<\/p>\n<p>Neste contexto SINGULAR em busca da PLURALIDADE desta RECUPERA\u00c7\u00c3O F\u00cdSICA, faz-se necess\u00e1rio estar em sintonia com os diversos REM\u00c9DIOS, bem como, a tal da DIETA&#8230;<\/p>\n<p>Desta forma, uma das OP\u00c7\u00d5ES nestes OCASOS de um TALVEZ e ponto quase final, mais ou menos nas proximidades da minha casa, est\u00e1 localizada a PRA\u00c7A PRESTES MAIA, aquela que foi constru\u00edda no local que funcionava do antigo ALMOXARIFADO MUNICIPAL, ainda, pr\u00f3ximo do CAMPUS I das PAREDES ALVAS (neste campi, ainda, n\u00e3o s\u00e3o CINZAS)&#8230;<\/p>\n<p>Por\u00e9m, j\u00e1 faz alguns ANOS que estou sempre que poss\u00edvel, fazendo CAMINHDAS neste local mais do que interessante, isso \u00e9, depende sempre de cada OLHAR, ou seja, daquelas PESSOAS que circulam pelo local&#8230;<\/p>\n<p>Ah! Nesta PRA\u00c7A, todas as sextas, realiza-se a chamada FEIRA LIVRE, se bem que a tal da PRA\u00c7A DE ALIMENTA\u00c7\u00c3O acabou tomando conta da \u00e1rea e ficaram algumas BARRACAS com PRODUTOS DIVERSOS&#8230;<\/p>\n<p>Mesmo assim, trata-se de um ESPA\u00c7O mais do que apropriado para diversos EXERC\u00cdCIOS F\u00cdSICOS, haja vista a presen\u00e7a de PERSONAL com CLIENTES em diversos hor\u00e1rios no local, tamb\u00e9m, as \u00c1RVORES e FLORES (sic) acabam dando uma FOR\u00c7A para todos\/as que est\u00e3o nesta PRA\u00c7A&#8230;<\/p>\n<p>Por\u00e9m, para OLHARES MAIS ATENTOS no local, registram-se diversos PROBLEMAS, alguns relacionados com a utiliza\u00e7\u00e3o das CAIXAS que fornecem ENERGIA EL\u00c9TRICA para as BARRACAS dos\/as FEIRANTES e PRA\u00c7A DE ALIMENTA\u00c7\u00c3O&#8230;<\/p>\n<p>Outro DETALHE que n\u00e3o tem como deixar de lado deste mesmo lado, s\u00e3o as LIXEIRAS, ou seja, todas est\u00e3o em ESTADO CR\u00cdTICO de CONSERVA\u00c7\u00c3O e MANUTEN\u00c7\u00c3O, portanto, o visual deixa a desejar e acaba comprometendo at\u00e9 mesmo o quesito da LIMPEZA nesta PRA\u00c7A&#8230;<\/p>\n<p><strong>QUEM CONHECE TAL PRA\u00c7A, VAI SABER DISTO E MAIS AQUILO, AINDA, SEM MAIS E COM MUITO MENOS&#8230;<\/strong><\/p>\n<p><strong>\u00a0<\/strong><\/p>\n<p>&nbsp;<\/p>\n<p><strong>e-mail: <\/strong><a href=\"mailto:barbosa.sebar@gmail.com\"><strong>barbosa.sebar@gmail.com<\/strong><\/a><\/p>\n<div class='flex flex-wrap items-center -mx-1'>\r\n<a class='thumbnail gallery p-1 w-1\/2 md:w-1\/4' href='https:\/\/radiolifefm.com.br\/noticias\/wp-content\/uploads\/2025\/06\/WhatsApp-Image-2025-06-19-at-10.34.29-2.jpeg'><img class='border border-white' src='https:\/\/radiolifefm.com.br\/noticias\/wp-content\/uploads\/2025\/06\/WhatsApp-Image-2025-06-19-at-10.34.29-2-200x200.jpeg' alt='WhatsApp Image 2025 06 19 At 10.34.29 (2)' \/><\/a><a class='thumbnail gallery p-1 w-1\/2 md:w-1\/4' href='https:\/\/radiolifefm.com.br\/noticias\/wp-content\/uploads\/2025\/06\/WhatsApp-Image-2025-06-19-at-10.34.29-1.jpeg'><img class='border border-white' src='https:\/\/radiolifefm.com.br\/noticias\/wp-content\/uploads\/2025\/06\/WhatsApp-Image-2025-06-19-at-10.34.29-1-200x200.jpeg' alt='WhatsApp Image 2025 06 19 At 10.34.29 (1)' \/><\/a><a class='thumbnail gallery p-1 w-1\/2 md:w-1\/4' href='https:\/\/radiolifefm.com.br\/noticias\/wp-content\/uploads\/2025\/06\/WhatsApp-Image-2025-06-19-at-10.34.29.jpeg'><img class='border border-white' src='https:\/\/radiolifefm.com.br\/noticias\/wp-content\/uploads\/2025\/06\/WhatsApp-Image-2025-06-19-at-10.34.29-200x200.jpeg' alt='WhatsApp Image 2025 06 19 At 10.34.29' \/><\/a><a class='thumbnail gallery p-1 w-1\/2 md:w-1\/4' href='https:\/\/radiolifefm.com.br\/noticias\/wp-content\/uploads\/2025\/06\/WhatsApp-Image-2025-06-19-at-10.34.30-6.jpeg'><img class='border border-white' src='https:\/\/radiolifefm.com.br\/noticias\/wp-content\/uploads\/2025\/06\/WhatsApp-Image-2025-06-19-at-10.34.30-6-200x200.jpeg' alt='WhatsApp Image 2025 06 19 At 10.34.30 (6)' \/><\/a><a class='thumbnail gallery p-1 w-1\/2 md:w-1\/4' href='https:\/\/radiolifefm.com.br\/noticias\/wp-content\/uploads\/2025\/06\/WhatsApp-Image-2025-06-19-at-10.34.30-5.jpeg'><img class='border border-white' src='https:\/\/radiolifefm.com.br\/noticias\/wp-content\/uploads\/2025\/06\/WhatsApp-Image-2025-06-19-at-10.34.30-5-200x200.jpeg' alt='WhatsApp Image 2025 06 19 At 10.34.30 (5)' \/><\/a><a class='thumbnail gallery p-1 w-1\/2 md:w-1\/4' href='https:\/\/radiolifefm.com.br\/noticias\/wp-content\/uploads\/2025\/06\/WhatsApp-Image-2025-06-19-at-10.34.30-4.jpeg'><img class='border border-white' src='https:\/\/radiolifefm.com.br\/noticias\/wp-content\/uploads\/2025\/06\/WhatsApp-Image-2025-06-19-at-10.34.30-4-200x200.jpeg' alt='WhatsApp Image 2025 06 19 At 10.34.30 (4)' \/><\/a><a class='thumbnail gallery p-1 w-1\/2 md:w-1\/4' href='https:\/\/radiolifefm.com.br\/noticias\/wp-content\/uploads\/2025\/06\/WhatsApp-Image-2025-06-19-at-10.34.30-3.jpeg'><img class='border border-white' src='https:\/\/radiolifefm.com.br\/noticias\/wp-content\/uploads\/2025\/06\/WhatsApp-Image-2025-06-19-at-10.34.30-3-200x200.jpeg' alt='WhatsApp Image 2025 06 19 At 10.34.30 (3)' \/><\/a><a class='thumbnail gallery p-1 w-1\/2 md:w-1\/4' href='https:\/\/radiolifefm.com.br\/noticias\/wp-content\/uploads\/2025\/06\/WhatsApp-Image-2025-06-19-at-10.34.30-2.jpeg'><img class='border border-white' src='https:\/\/radiolifefm.com.br\/noticias\/wp-content\/uploads\/2025\/06\/WhatsApp-Image-2025-06-19-at-10.34.30-2-200x200.jpeg' alt='WhatsApp Image 2025 06 19 At 10.34.30 (2)' \/><\/a><a class='thumbnail gallery p-1 w-1\/2 md:w-1\/4' href='https:\/\/radiolifefm.com.br\/noticias\/wp-content\/uploads\/2025\/06\/WhatsApp-Image-2025-06-19-at-10.34.30-1.jpeg'><img class='border border-white' src='https:\/\/radiolifefm.com.br\/noticias\/wp-content\/uploads\/2025\/06\/WhatsApp-Image-2025-06-19-at-10.34.30-1-200x200.jpeg' alt='WhatsApp Image 2025 06 19 At 10.34.30 (1)' \/><\/a><a class='thumbnail gallery p-1 w-1\/2 md:w-1\/4' href='https:\/\/radiolifefm.com.br\/noticias\/wp-content\/uploads\/2025\/06\/WhatsApp-Image-2025-06-19-at-10.34.30.jpeg'><img class='border border-white' src='https:\/\/radiolifefm.com.br\/noticias\/wp-content\/uploads\/2025\/06\/WhatsApp-Image-2025-06-19-at-10.34.30-200x200.jpeg' alt='WhatsApp Image 2025 06 19 At 10.34.30' \/><\/a><a class='thumbnail gallery p-1 w-1\/2 md:w-1\/4' href='https:\/\/radiolifefm.com.br\/noticias\/wp-content\/uploads\/2025\/06\/WhatsApp-Image-2025-06-19-at-10.34.31-1.jpeg'><img class='border border-white' src='https:\/\/radiolifefm.com.br\/noticias\/wp-content\/uploads\/2025\/06\/WhatsApp-Image-2025-06-19-at-10.34.31-1-200x200.jpeg' alt='WhatsApp Image 2025 06 19 At 10.34.31 (1)' \/><\/a><a class='thumbnail gallery p-1 w-1\/2 md:w-1\/4' href='https:\/\/radiolifefm.com.br\/noticias\/wp-content\/uploads\/2025\/06\/WhatsApp-Image-2025-06-19-at-10.34.31.jpeg'><img class='border border-white' src='https:\/\/radiolifefm.com.br\/noticias\/wp-content\/uploads\/2025\/06\/WhatsApp-Image-2025-06-19-at-10.34.31-200x200.jpeg' alt='WhatsApp Image 2025 06 19 At 10.34.31' \/><\/a><\/div>\n","protected":false},"excerpt":{"rendered":"<p>\u201cA pra\u00e7a, a pra\u00e7a \u00e9 do Povo! \/ Como o c\u00e9u \u00e9 do Condor! \/ \u00c9 antro onde a liberdade \/ Cria a \u00e1guia ao seu calor!\u201d (Castro Alves) \u201cNo palco, na\u00a0pra\u00e7a, no circo, num banco de jardim, correndo no escuro, pichado no muro&#8230; Voc\u00ea vai saber de mim.\u201d (Chico Buarque) By seb@r. Ent\u00e3o, nada [&hellip;]<\/p>\n","protected":false},"author":13,"featured_media":102207,"comment_status":"closed","ping_status":"open","sticky":false,"template":"","format":"standard","meta":{"_acf_changed":false,"_exactmetrics_skip_tracking":false,"_exactmetrics_sitenote_active":false,"_exactmetrics_sitenote_note":"","_exactmetrics_sitenote_category":0,"footnotes":""},"categories":[1],"tags":[],"class_list":["post-102153","post","type-post","status-publish","format-standard","has-post-thumbnail","hentry","category-geral"],"acf":[],"yoast_head":"<!-- This site is optimized with the Yoast SEO plugin v27.2 - https:\/\/yoast.com\/product\/yoast-seo-wordpress\/ -->\n<title>\u201cPra n\u00e3o dizer que n\u00e3o\u201d escrevi sobre aquela PRA\u00c7A... - R\u00e1dio Life FM<\/title>\n<meta name=\"robots\" content=\"index, follow, max-snippet:-1, max-image-preview:large, max-video-preview:-1\" \/>\n<link rel=\"canonical\" href=\"https:\/\/radiolifefm.com.br\/noticias\/pra-nao-dizer-que-nao-escrevi-sobre-aquela-praca\/\" \/>\n<meta property=\"og:locale\" content=\"pt_BR\" \/>\n<meta property=\"og:type\" content=\"article\" \/>\n<meta property=\"og:title\" content=\"\u201cPra n\u00e3o dizer que n\u00e3o\u201d escrevi sobre aquela PRA\u00c7A... - R\u00e1dio Life FM\" \/>\n<meta property=\"og:description\" content=\"\u201cA pra\u00e7a, a pra\u00e7a \u00e9 do Povo! \/ Como o c\u00e9u \u00e9 do Condor! \/ \u00c9 antro onde a liberdade \/ Cria a \u00e1guia ao seu calor!\u201d (Castro Alves) \u201cNo palco, na\u00a0pra\u00e7a, no circo, num banco de jardim, correndo no escuro, pichado no muro&#8230; Voc\u00ea vai saber de mim.\u201d (Chico Buarque) By seb@r. Ent\u00e3o, nada [&hellip;]\" \/>\n<meta property=\"og:url\" content=\"https:\/\/radiolifefm.com.br\/noticias\/pra-nao-dizer-que-nao-escrevi-sobre-aquela-praca\/\" \/>\n<meta property=\"og:site_name\" content=\"R\u00e1dio Life FM\" \/>\n<meta property=\"article:publisher\" content=\"https:\/\/www.facebook.com\/radiolifefm\/\" \/>\n<meta property=\"article:published_time\" content=\"2025-06-20T11:00:54+00:00\" \/>\n<meta property=\"article:modified_time\" content=\"2026-04-06T07:42:07+00:00\" \/>\n<meta property=\"og:image\" content=\"https:\/\/radiolifefm.com.br\/noticias\/wp-content\/uploads\/2025\/06\/IMG-20250619-WA0126.jpg\" \/>\n\t<meta property=\"og:image:width\" content=\"1600\" \/>\n\t<meta property=\"og:image:height\" content=\"1200\" \/>\n\t<meta property=\"og:image:type\" content=\"image\/jpeg\" \/>\n<meta name=\"author\" content=\"ritanery\" \/>\n<meta name=\"twitter:card\" content=\"summary_large_image\" \/>\n<meta name=\"twitter:label1\" content=\"Escrito por\" \/>\n\t<meta name=\"twitter:data1\" content=\"ritanery\" \/>\n\t<meta name=\"twitter:label2\" content=\"Est. tempo de leitura\" \/>\n\t<meta name=\"twitter:data2\" content=\"3 minutos\" \/>\n<script type=\"application\/ld+json\" class=\"yoast-schema-graph\">{\"@context\":\"https:\/\/schema.org\",\"@graph\":[{\"@type\":\"Article\",\"@id\":\"https:\/\/radiolifefm.com.br\/noticias\/pra-nao-dizer-que-nao-escrevi-sobre-aquela-praca\/#article\",\"isPartOf\":{\"@id\":\"https:\/\/radiolifefm.com.br\/noticias\/pra-nao-dizer-que-nao-escrevi-sobre-aquela-praca\/\"},\"author\":{\"name\":\"ritanery\",\"@id\":\"https:\/\/radiolifefm.com.br\/noticias\/#\/schema\/person\/6339b9fac59d12b071dec680d7375d87\"},\"headline\":\"\u201cPra n\u00e3o dizer que n\u00e3o\u201d escrevi sobre aquela PRA\u00c7A&#8230;\",\"datePublished\":\"2025-06-20T11:00:54+00:00\",\"dateModified\":\"2026-04-06T07:42:07+00:00\",\"mainEntityOfPage\":{\"@id\":\"https:\/\/radiolifefm.com.br\/noticias\/pra-nao-dizer-que-nao-escrevi-sobre-aquela-praca\/\"},\"wordCount\":539,\"publisher\":{\"@id\":\"https:\/\/radiolifefm.com.br\/noticias\/#organization\"},\"image\":{\"@id\":\"https:\/\/radiolifefm.com.br\/noticias\/pra-nao-dizer-que-nao-escrevi-sobre-aquela-praca\/#primaryimage\"},\"thumbnailUrl\":\"https:\/\/radiolifefm.com.br\/noticias\/wp-content\/uploads\/2025\/06\/IMG-20250619-WA0126.jpg\",\"articleSection\":[\"Geral\"],\"inLanguage\":\"pt-BR\"},{\"@type\":\"WebPage\",\"@id\":\"https:\/\/radiolifefm.com.br\/noticias\/pra-nao-dizer-que-nao-escrevi-sobre-aquela-praca\/\",\"url\":\"https:\/\/radiolifefm.com.br\/noticias\/pra-nao-dizer-que-nao-escrevi-sobre-aquela-praca\/\",\"name\":\"\u201cPra n\u00e3o dizer que n\u00e3o\u201d escrevi sobre aquela PRA\u00c7A... - R\u00e1dio Life FM\",\"isPartOf\":{\"@id\":\"https:\/\/radiolifefm.com.br\/noticias\/#website\"},\"primaryImageOfPage\":{\"@id\":\"https:\/\/radiolifefm.com.br\/noticias\/pra-nao-dizer-que-nao-escrevi-sobre-aquela-praca\/#primaryimage\"},\"image\":{\"@id\":\"https:\/\/radiolifefm.com.br\/noticias\/pra-nao-dizer-que-nao-escrevi-sobre-aquela-praca\/#primaryimage\"},\"thumbnailUrl\":\"https:\/\/radiolifefm.com.br\/noticias\/wp-content\/uploads\/2025\/06\/IMG-20250619-WA0126.jpg\",\"datePublished\":\"2025-06-20T11:00:54+00:00\",\"dateModified\":\"2026-04-06T07:42:07+00:00\",\"breadcrumb\":{\"@id\":\"https:\/\/radiolifefm.com.br\/noticias\/pra-nao-dizer-que-nao-escrevi-sobre-aquela-praca\/#breadcrumb\"},\"inLanguage\":\"pt-BR\",\"potentialAction\":[{\"@type\":\"ReadAction\",\"target\":[\"https:\/\/radiolifefm.com.br\/noticias\/pra-nao-dizer-que-nao-escrevi-sobre-aquela-praca\/\"]}]},{\"@type\":\"ImageObject\",\"inLanguage\":\"pt-BR\",\"@id\":\"https:\/\/radiolifefm.com.br\/noticias\/pra-nao-dizer-que-nao-escrevi-sobre-aquela-praca\/#primaryimage\",\"url\":\"https:\/\/radiolifefm.com.br\/noticias\/wp-content\/uploads\/2025\/06\/IMG-20250619-WA0126.jpg\",\"contentUrl\":\"https:\/\/radiolifefm.com.br\/noticias\/wp-content\/uploads\/2025\/06\/IMG-20250619-WA0126.jpg\",\"width\":1600,\"height\":1200},{\"@type\":\"BreadcrumbList\",\"@id\":\"https:\/\/radiolifefm.com.br\/noticias\/pra-nao-dizer-que-nao-escrevi-sobre-aquela-praca\/#breadcrumb\",\"itemListElement\":[{\"@type\":\"ListItem\",\"position\":1,\"name\":\"In\u00edcio\",\"item\":\"https:\/\/radiolifefm.com.br\/noticias\/\"},{\"@type\":\"ListItem\",\"position\":2,\"name\":\"\u201cPra n\u00e3o dizer que n\u00e3o\u201d escrevi sobre aquela PRA\u00c7A&#8230;\"}]},{\"@type\":\"WebSite\",\"@id\":\"https:\/\/radiolifefm.com.br\/noticias\/#website\",\"url\":\"https:\/\/radiolifefm.com.br\/noticias\/\",\"name\":\"R\u00e1dio Life FM\",\"description\":\"O Portal de Not\u00edcias de Adamantina\",\"publisher\":{\"@id\":\"https:\/\/radiolifefm.com.br\/noticias\/#organization\"},\"alternateName\":\"Life FM\",\"potentialAction\":[{\"@type\":\"SearchAction\",\"target\":{\"@type\":\"EntryPoint\",\"urlTemplate\":\"https:\/\/radiolifefm.com.br\/noticias\/?s={search_term_string}\"},\"query-input\":{\"@type\":\"PropertyValueSpecification\",\"valueRequired\":true,\"valueName\":\"search_term_string\"}}],\"inLanguage\":\"pt-BR\"},{\"@type\":\"Organization\",\"@id\":\"https:\/\/radiolifefm.com.br\/noticias\/#organization\",\"name\":\"R\u00e1dio Life FM\",\"alternateName\":\"Life FM\",\"url\":\"https:\/\/radiolifefm.com.br\/noticias\/\",\"logo\":{\"@type\":\"ImageObject\",\"inLanguage\":\"pt-BR\",\"@id\":\"https:\/\/radiolifefm.com.br\/noticias\/#\/schema\/logo\/image\/\",\"url\":\"https:\/\/static.radiolifefm.com.br\/noticias\/wp-content\/uploads\/2019\/10\/logo-lifefm.png\",\"contentUrl\":\"https:\/\/static.radiolifefm.com.br\/noticias\/wp-content\/uploads\/2019\/10\/logo-lifefm.png\",\"width\":196,\"height\":47,\"caption\":\"R\u00e1dio Life FM\"},\"image\":{\"@id\":\"https:\/\/radiolifefm.com.br\/noticias\/#\/schema\/logo\/image\/\"},\"sameAs\":[\"https:\/\/www.facebook.com\/radiolifefm\/\",\"https:\/\/www.instagram.com\/life1079fm\/\"]},{\"@type\":\"Person\",\"@id\":\"https:\/\/radiolifefm.com.br\/noticias\/#\/schema\/person\/6339b9fac59d12b071dec680d7375d87\",\"name\":\"ritanery\",\"image\":{\"@type\":\"ImageObject\",\"inLanguage\":\"pt-BR\",\"@id\":\"https:\/\/secure.gravatar.com\/avatar\/0e37bb19071f47c0b8a23f62a903df117c5a0e75f65a0c2901562f97cd41cf86?s=96&d=mm&r=g\",\"url\":\"https:\/\/secure.gravatar.com\/avatar\/0e37bb19071f47c0b8a23f62a903df117c5a0e75f65a0c2901562f97cd41cf86?s=96&d=mm&r=g\",\"contentUrl\":\"https:\/\/secure.gravatar.com\/avatar\/0e37bb19071f47c0b8a23f62a903df117c5a0e75f65a0c2901562f97cd41cf86?s=96&d=mm&r=g\",\"caption\":\"ritanery\"}}]}<\/script>\n<!-- \/ Yoast SEO plugin. -->","yoast_head_json":{"title":"\u201cPra n\u00e3o dizer que n\u00e3o\u201d escrevi sobre aquela PRA\u00c7A... - R\u00e1dio Life FM","robots":{"index":"index","follow":"follow","max-snippet":"max-snippet:-1","max-image-preview":"max-image-preview:large","max-video-preview":"max-video-preview:-1"},"canonical":"https:\/\/radiolifefm.com.br\/noticias\/pra-nao-dizer-que-nao-escrevi-sobre-aquela-praca\/","og_locale":"pt_BR","og_type":"article","og_title":"\u201cPra n\u00e3o dizer que n\u00e3o\u201d escrevi sobre aquela PRA\u00c7A... - R\u00e1dio Life FM","og_description":"\u201cA pra\u00e7a, a pra\u00e7a \u00e9 do Povo! \/ Como o c\u00e9u \u00e9 do Condor! \/ \u00c9 antro onde a liberdade \/ Cria a \u00e1guia ao seu calor!\u201d (Castro Alves) \u201cNo palco, na\u00a0pra\u00e7a, no circo, num banco de jardim, correndo no escuro, pichado no muro&#8230; Voc\u00ea vai saber de mim.\u201d (Chico Buarque) By seb@r. Ent\u00e3o, nada [&hellip;]","og_url":"https:\/\/radiolifefm.com.br\/noticias\/pra-nao-dizer-que-nao-escrevi-sobre-aquela-praca\/","og_site_name":"R\u00e1dio Life FM","article_publisher":"https:\/\/www.facebook.com\/radiolifefm\/","article_published_time":"2025-06-20T11:00:54+00:00","article_modified_time":"2026-04-06T07:42:07+00:00","og_image":[{"width":1600,"height":1200,"url":"https:\/\/radiolifefm.com.br\/noticias\/wp-content\/uploads\/2025\/06\/IMG-20250619-WA0126.jpg","type":"image\/jpeg"}],"author":"ritanery","twitter_card":"summary_large_image","twitter_misc":{"Escrito por":"ritanery","Est. tempo de leitura":"3 minutos"},"schema":{"@context":"https:\/\/schema.org","@graph":[{"@type":"Article","@id":"https:\/\/radiolifefm.com.br\/noticias\/pra-nao-dizer-que-nao-escrevi-sobre-aquela-praca\/#article","isPartOf":{"@id":"https:\/\/radiolifefm.com.br\/noticias\/pra-nao-dizer-que-nao-escrevi-sobre-aquela-praca\/"},"author":{"name":"ritanery","@id":"https:\/\/radiolifefm.com.br\/noticias\/#\/schema\/person\/6339b9fac59d12b071dec680d7375d87"},"headline":"\u201cPra n\u00e3o dizer que n\u00e3o\u201d escrevi sobre aquela PRA\u00c7A&#8230;","datePublished":"2025-06-20T11:00:54+00:00","dateModified":"2026-04-06T07:42:07+00:00","mainEntityOfPage":{"@id":"https:\/\/radiolifefm.com.br\/noticias\/pra-nao-dizer-que-nao-escrevi-sobre-aquela-praca\/"},"wordCount":539,"publisher":{"@id":"https:\/\/radiolifefm.com.br\/noticias\/#organization"},"image":{"@id":"https:\/\/radiolifefm.com.br\/noticias\/pra-nao-dizer-que-nao-escrevi-sobre-aquela-praca\/#primaryimage"},"thumbnailUrl":"https:\/\/radiolifefm.com.br\/noticias\/wp-content\/uploads\/2025\/06\/IMG-20250619-WA0126.jpg","articleSection":["Geral"],"inLanguage":"pt-BR"},{"@type":"WebPage","@id":"https:\/\/radiolifefm.com.br\/noticias\/pra-nao-dizer-que-nao-escrevi-sobre-aquela-praca\/","url":"https:\/\/radiolifefm.com.br\/noticias\/pra-nao-dizer-que-nao-escrevi-sobre-aquela-praca\/","name":"\u201cPra n\u00e3o dizer que n\u00e3o\u201d escrevi sobre aquela PRA\u00c7A... - R\u00e1dio Life FM","isPartOf":{"@id":"https:\/\/radiolifefm.com.br\/noticias\/#website"},"primaryImageOfPage":{"@id":"https:\/\/radiolifefm.com.br\/noticias\/pra-nao-dizer-que-nao-escrevi-sobre-aquela-praca\/#primaryimage"},"image":{"@id":"https:\/\/radiolifefm.com.br\/noticias\/pra-nao-dizer-que-nao-escrevi-sobre-aquela-praca\/#primaryimage"},"thumbnailUrl":"https:\/\/radiolifefm.com.br\/noticias\/wp-content\/uploads\/2025\/06\/IMG-20250619-WA0126.jpg","datePublished":"2025-06-20T11:00:54+00:00","dateModified":"2026-04-06T07:42:07+00:00","breadcrumb":{"@id":"https:\/\/radiolifefm.com.br\/noticias\/pra-nao-dizer-que-nao-escrevi-sobre-aquela-praca\/#breadcrumb"},"inLanguage":"pt-BR","potentialAction":[{"@type":"ReadAction","target":["https:\/\/radiolifefm.com.br\/noticias\/pra-nao-dizer-que-nao-escrevi-sobre-aquela-praca\/"]}]},{"@type":"ImageObject","inLanguage":"pt-BR","@id":"https:\/\/radiolifefm.com.br\/noticias\/pra-nao-dizer-que-nao-escrevi-sobre-aquela-praca\/#primaryimage","url":"https:\/\/radiolifefm.com.br\/noticias\/wp-content\/uploads\/2025\/06\/IMG-20250619-WA0126.jpg","contentUrl":"https:\/\/radiolifefm.com.br\/noticias\/wp-content\/uploads\/2025\/06\/IMG-20250619-WA0126.jpg","width":1600,"height":1200},{"@type":"BreadcrumbList","@id":"https:\/\/radiolifefm.com.br\/noticias\/pra-nao-dizer-que-nao-escrevi-sobre-aquela-praca\/#breadcrumb","itemListElement":[{"@type":"ListItem","position":1,"name":"In\u00edcio","item":"https:\/\/radiolifefm.com.br\/noticias\/"},{"@type":"ListItem","position":2,"name":"\u201cPra n\u00e3o dizer que n\u00e3o\u201d escrevi sobre aquela PRA\u00c7A&#8230;"}]},{"@type":"WebSite","@id":"https:\/\/radiolifefm.com.br\/noticias\/#website","url":"https:\/\/radiolifefm.com.br\/noticias\/","name":"R\u00e1dio Life FM","description":"O Portal de Not\u00edcias de Adamantina","publisher":{"@id":"https:\/\/radiolifefm.com.br\/noticias\/#organization"},"alternateName":"Life FM","potentialAction":[{"@type":"SearchAction","target":{"@type":"EntryPoint","urlTemplate":"https:\/\/radiolifefm.com.br\/noticias\/?s={search_term_string}"},"query-input":{"@type":"PropertyValueSpecification","valueRequired":true,"valueName":"search_term_string"}}],"inLanguage":"pt-BR"},{"@type":"Organization","@id":"https:\/\/radiolifefm.com.br\/noticias\/#organization","name":"R\u00e1dio Life FM","alternateName":"Life FM","url":"https:\/\/radiolifefm.com.br\/noticias\/","logo":{"@type":"ImageObject","inLanguage":"pt-BR","@id":"https:\/\/radiolifefm.com.br\/noticias\/#\/schema\/logo\/image\/","url":"https:\/\/static.radiolifefm.com.br\/noticias\/wp-content\/uploads\/2019\/10\/logo-lifefm.png","contentUrl":"https:\/\/static.radiolifefm.com.br\/noticias\/wp-content\/uploads\/2019\/10\/logo-lifefm.png","width":196,"height":47,"caption":"R\u00e1dio Life FM"},"image":{"@id":"https:\/\/radiolifefm.com.br\/noticias\/#\/schema\/logo\/image\/"},"sameAs":["https:\/\/www.facebook.com\/radiolifefm\/","https:\/\/www.instagram.com\/life1079fm\/"]},{"@type":"Person","@id":"https:\/\/radiolifefm.com.br\/noticias\/#\/schema\/person\/6339b9fac59d12b071dec680d7375d87","name":"ritanery","image":{"@type":"ImageObject","inLanguage":"pt-BR","@id":"https:\/\/secure.gravatar.com\/avatar\/0e37bb19071f47c0b8a23f62a903df117c5a0e75f65a0c2901562f97cd41cf86?s=96&d=mm&r=g","url":"https:\/\/secure.gravatar.com\/avatar\/0e37bb19071f47c0b8a23f62a903df117c5a0e75f65a0c2901562f97cd41cf86?s=96&d=mm&r=g","contentUrl":"https:\/\/secure.gravatar.com\/avatar\/0e37bb19071f47c0b8a23f62a903df117c5a0e75f65a0c2901562f97cd41cf86?s=96&d=mm&r=g","caption":"ritanery"}}]}},"amp_enabled":true,"_links":{"self":[{"href":"https:\/\/radiolifefm.com.br\/noticias\/wp-json\/wp\/v2\/posts\/102153","targetHints":{"allow":["GET"]}}],"collection":[{"href":"https:\/\/radiolifefm.com.br\/noticias\/wp-json\/wp\/v2\/posts"}],"about":[{"href":"https:\/\/radiolifefm.com.br\/noticias\/wp-json\/wp\/v2\/types\/post"}],"author":[{"embeddable":true,"href":"https:\/\/radiolifefm.com.br\/noticias\/wp-json\/wp\/v2\/users\/13"}],"replies":[{"embeddable":true,"href":"https:\/\/radiolifefm.com.br\/noticias\/wp-json\/wp\/v2\/comments?post=102153"}],"version-history":[{"count":1,"href":"https:\/\/radiolifefm.com.br\/noticias\/wp-json\/wp\/v2\/posts\/102153\/revisions"}],"predecessor-version":[{"id":102166,"href":"https:\/\/radiolifefm.com.br\/noticias\/wp-json\/wp\/v2\/posts\/102153\/revisions\/102166"}],"wp:featuredmedia":[{"embeddable":true,"href":"https:\/\/radiolifefm.com.br\/noticias\/wp-json\/wp\/v2\/media\/102207"}],"wp:attachment":[{"href":"https:\/\/radiolifefm.com.br\/noticias\/wp-json\/wp\/v2\/media?parent=102153"}],"wp:term":[{"taxonomy":"category","embeddable":true,"href":"https:\/\/radiolifefm.com.br\/noticias\/wp-json\/wp\/v2\/categories?post=102153"},{"taxonomy":"post_tag","embeddable":true,"href":"https:\/\/radiolifefm.com.br\/noticias\/wp-json\/wp\/v2\/tags?post=102153"}],"curies":[{"name":"wp","href":"https:\/\/api.w.org\/{rel}","templated":true}]}}