{"id":101999,"date":"2025-06-18T11:30:08","date_gmt":"2025-06-18T14:30:08","guid":{"rendered":"https:\/\/radiolifefm.com.br\/noticias\/?p=101999"},"modified":"2026-04-13T17:06:13","modified_gmt":"2026-04-13T20:06:13","slug":"deixem-o-ananias-em-paz","status":"publish","type":"post","link":"https:\/\/radiolifefm.com.br\/noticias\/deixem-o-ananias-em-paz\/","title":{"rendered":"Deixem o ANANIAS em paz&#8230;"},"content":{"rendered":"<div id=\"fb-root\"><\/div>\n<p><strong><em>\u201cA fam\u00edlia \u00e9 o bem mais precioso que possu\u00edmos e o que menos valorizamos&#8230;\u201d (Maria Gabriela Verediano Balardino)<\/em><\/strong><\/p>\n<p><strong>Ao JO\u00c3O \u201cG\u201d., dedico!<\/strong><\/p>\n<p><strong>By seb@r.<\/strong><\/p>\n<p>Se o ANANIAS nunca esteve naquela cidade por causa dos problemas familiares do mesmo, talvez, possa ser uma outra coisa neste cen\u00e1rio um tanto quanto confuso para todos os lados&#8230;<\/p>\n<p>Mesmo assim, pode-se escrever que o ANANIAS continua o mesmo de sempre nestes ocasos familiares, portanto, o mesmo nunca sabe onde est\u00e1 \u00e0 raz\u00e3o dos problemas de sempre e tudo continua na mesma por causa disto ou daquilo&#8230;<\/p>\n<p>Al\u00e9m do mais em meio ao tudo de menos, acredita-se que muitos fatos continuam escondidos por debaixo dos panos, por isso e mais aquilo o ANANIAS continua do outro lado para n\u00e3o ter que se meter nesta confus\u00e3o familiar&#8230;<\/p>\n<p>Tamb\u00e9m, tal qual o ANANIAS, aquele outro irm\u00e3o dele continua com a mesma ideia de sempre, ou seja, nunca se aproximou da fam\u00edlia e est\u00e1 em outra cidade para ficar bem longe destas confus\u00f5es entre familiares&#8230;<\/p>\n<p>Os detalhes dos fatos est\u00e3o um tanto quanto escondidos para outras tentativas de aproxima\u00e7\u00e3o com o ANANIAS, mesmo assim, acredita-se que nem tudo pode ser explicado sem as devidas considera\u00e7\u00f5es familiares&#8230;<\/p>\n<p>Isso sem levar em conta que aquelas viagens para o outro lado do mundo que o ANANIAS fez faz alguns anos, ainda est\u00e3o em aberto para a maioria dos familiares e existem fatos que n\u00e3o foram devidamente explicados pelo mesmo&#8230;<\/p>\n<p>De tudo o que est\u00e1 ocorrendo com os familiares do ANANIAS, ainda, com aquelas idas do mesmo na outra cidade sem maiores explica\u00e7\u00f5es, pode trazer muitas respostas para uma \u00fanica pergunta que continua a mesma de sempre&#8230;<\/p>\n<p>O olhar de peixe morto que o ANANIAS sempre teve e continuar patinando nas mesmas esquisitices de quando era apenas um menino, deve explicar os seus desencontros familiares&#8230;<\/p>\n<p>As diferen\u00e7as entre os familiares est\u00e3o deixando de lado o passado do ANANIAS, assim, o mesmo continua sempre na dele e raramente se interessa em saber os problemas da fam\u00edlia&#8230;<\/p>\n<p>Mesmo assim, de uma coisa n\u00e3o se pode falar sobre o ANANIAS, ou seja, que o mesmo sempre este distante de tudo e de todos nas quest\u00f5es familiares, portanto, o seu lado deve ser respeitado pela fam\u00edlia&#8230;<\/p>\n<p>Tamb\u00e9m, a maioria das pessoas que conhece as muitas manias do ANANIAS sabe disto ou daquilo, assim, os familiares tem mais que deixar o mesmo com suas d\u00favidas e parar de querer interferir na sua vida&#8230;<\/p>\n<p>S\u00d3 QUEM CONHECE O ANANIAS PODE SABER DESTES DESENCONTROS FAMILIARES&#8230;<\/p>\n<p>&nbsp;<\/p>\n<p><strong>e-mail: <\/strong><a href=\"mailto:barbosa.sebar@gmail.com\"><strong>barbosa.sebar@gmail.com<\/strong><\/a><\/p>\n<p>&nbsp;<\/p>\n","protected":false},"excerpt":{"rendered":"<p>\u201cA fam\u00edlia \u00e9 o bem mais precioso que possu\u00edmos e o que menos valorizamos&#8230;\u201d (Maria Gabriela Verediano Balardino) Ao JO\u00c3O \u201cG\u201d., dedico! By seb@r. Se o ANANIAS nunca esteve naquela cidade por causa dos problemas familiares do mesmo, talvez, possa ser uma outra coisa neste cen\u00e1rio um tanto quanto confuso para todos os lados&#8230; Mesmo [&hellip;]<\/p>\n","protected":false},"author":13,"featured_media":51988,"comment_status":"closed","ping_status":"open","sticky":false,"template":"","format":"standard","meta":{"_acf_changed":false,"_exactmetrics_skip_tracking":false,"_exactmetrics_sitenote_active":false,"_exactmetrics_sitenote_note":"","_exactmetrics_sitenote_category":0,"footnotes":""},"categories":[59],"tags":[],"class_list":["post-101999","post","type-post","status-publish","format-standard","has-post-thumbnail","hentry","category-opiniao"],"acf":[],"yoast_head":"<!-- This site is optimized with the Yoast SEO plugin v27.2 - https:\/\/yoast.com\/product\/yoast-seo-wordpress\/ -->\n<title>Deixem o ANANIAS em paz... - R\u00e1dio Life FM<\/title>\n<meta name=\"robots\" content=\"index, follow, max-snippet:-1, max-image-preview:large, max-video-preview:-1\" \/>\n<link rel=\"canonical\" href=\"https:\/\/radiolifefm.com.br\/noticias\/deixem-o-ananias-em-paz\/\" \/>\n<meta property=\"og:locale\" content=\"pt_BR\" \/>\n<meta property=\"og:type\" content=\"article\" \/>\n<meta property=\"og:title\" content=\"Deixem o ANANIAS em paz... - R\u00e1dio Life FM\" \/>\n<meta property=\"og:description\" content=\"\u201cA fam\u00edlia \u00e9 o bem mais precioso que possu\u00edmos e o que menos valorizamos&#8230;\u201d (Maria Gabriela Verediano Balardino) Ao JO\u00c3O \u201cG\u201d., dedico! By seb@r. Se o ANANIAS nunca esteve naquela cidade por causa dos problemas familiares do mesmo, talvez, possa ser uma outra coisa neste cen\u00e1rio um tanto quanto confuso para todos os lados&#8230; Mesmo [&hellip;]\" \/>\n<meta property=\"og:url\" content=\"https:\/\/radiolifefm.com.br\/noticias\/deixem-o-ananias-em-paz\/\" \/>\n<meta property=\"og:site_name\" content=\"R\u00e1dio Life FM\" \/>\n<meta property=\"article:publisher\" content=\"https:\/\/www.facebook.com\/radiolifefm\/\" \/>\n<meta property=\"article:published_time\" content=\"2025-06-18T14:30:08+00:00\" \/>\n<meta property=\"article:modified_time\" content=\"2026-04-13T20:06:13+00:00\" \/>\n<meta property=\"og:image\" content=\"https:\/\/radiolifefm.com.br\/noticias\/wp-content\/uploads\/2022\/04\/WhatsApp-Image-2022-04-10-at-18.43.02.jpeg\" \/>\n\t<meta property=\"og:image:width\" content=\"972\" \/>\n\t<meta property=\"og:image:height\" content=\"1296\" \/>\n\t<meta property=\"og:image:type\" content=\"image\/jpeg\" \/>\n<meta name=\"author\" content=\"ritanery\" \/>\n<meta name=\"twitter:card\" content=\"summary_large_image\" \/>\n<meta name=\"twitter:label1\" content=\"Escrito por\" \/>\n\t<meta name=\"twitter:data1\" content=\"ritanery\" \/>\n\t<meta name=\"twitter:label2\" content=\"Est. tempo de leitura\" \/>\n\t<meta name=\"twitter:data2\" content=\"3 minutos\" \/>\n<script type=\"application\/ld+json\" class=\"yoast-schema-graph\">{\"@context\":\"https:\/\/schema.org\",\"@graph\":[{\"@type\":\"Article\",\"@id\":\"https:\/\/radiolifefm.com.br\/noticias\/deixem-o-ananias-em-paz\/#article\",\"isPartOf\":{\"@id\":\"https:\/\/radiolifefm.com.br\/noticias\/deixem-o-ananias-em-paz\/\"},\"author\":{\"name\":\"ritanery\",\"@id\":\"https:\/\/radiolifefm.com.br\/noticias\/#\/schema\/person\/6339b9fac59d12b071dec680d7375d87\"},\"headline\":\"Deixem o ANANIAS em paz&#8230;\",\"datePublished\":\"2025-06-18T14:30:08+00:00\",\"dateModified\":\"2026-04-13T20:06:13+00:00\",\"mainEntityOfPage\":{\"@id\":\"https:\/\/radiolifefm.com.br\/noticias\/deixem-o-ananias-em-paz\/\"},\"wordCount\":453,\"publisher\":{\"@id\":\"https:\/\/radiolifefm.com.br\/noticias\/#organization\"},\"image\":{\"@id\":\"https:\/\/radiolifefm.com.br\/noticias\/deixem-o-ananias-em-paz\/#primaryimage\"},\"thumbnailUrl\":\"https:\/\/radiolifefm.com.br\/noticias\/wp-content\/uploads\/2022\/04\/WhatsApp-Image-2022-04-10-at-18.43.02.jpeg\",\"articleSection\":[\"Opini\u00e3o\"],\"inLanguage\":\"pt-BR\"},{\"@type\":\"WebPage\",\"@id\":\"https:\/\/radiolifefm.com.br\/noticias\/deixem-o-ananias-em-paz\/\",\"url\":\"https:\/\/radiolifefm.com.br\/noticias\/deixem-o-ananias-em-paz\/\",\"name\":\"Deixem o ANANIAS em paz... - R\u00e1dio Life FM\",\"isPartOf\":{\"@id\":\"https:\/\/radiolifefm.com.br\/noticias\/#website\"},\"primaryImageOfPage\":{\"@id\":\"https:\/\/radiolifefm.com.br\/noticias\/deixem-o-ananias-em-paz\/#primaryimage\"},\"image\":{\"@id\":\"https:\/\/radiolifefm.com.br\/noticias\/deixem-o-ananias-em-paz\/#primaryimage\"},\"thumbnailUrl\":\"https:\/\/radiolifefm.com.br\/noticias\/wp-content\/uploads\/2022\/04\/WhatsApp-Image-2022-04-10-at-18.43.02.jpeg\",\"datePublished\":\"2025-06-18T14:30:08+00:00\",\"dateModified\":\"2026-04-13T20:06:13+00:00\",\"breadcrumb\":{\"@id\":\"https:\/\/radiolifefm.com.br\/noticias\/deixem-o-ananias-em-paz\/#breadcrumb\"},\"inLanguage\":\"pt-BR\",\"potentialAction\":[{\"@type\":\"ReadAction\",\"target\":[\"https:\/\/radiolifefm.com.br\/noticias\/deixem-o-ananias-em-paz\/\"]}]},{\"@type\":\"ImageObject\",\"inLanguage\":\"pt-BR\",\"@id\":\"https:\/\/radiolifefm.com.br\/noticias\/deixem-o-ananias-em-paz\/#primaryimage\",\"url\":\"https:\/\/radiolifefm.com.br\/noticias\/wp-content\/uploads\/2022\/04\/WhatsApp-Image-2022-04-10-at-18.43.02.jpeg\",\"contentUrl\":\"https:\/\/radiolifefm.com.br\/noticias\/wp-content\/uploads\/2022\/04\/WhatsApp-Image-2022-04-10-at-18.43.02.jpeg\",\"width\":972,\"height\":1296,\"caption\":\"S\u00e9rgio Barbosa\"},{\"@type\":\"BreadcrumbList\",\"@id\":\"https:\/\/radiolifefm.com.br\/noticias\/deixem-o-ananias-em-paz\/#breadcrumb\",\"itemListElement\":[{\"@type\":\"ListItem\",\"position\":1,\"name\":\"In\u00edcio\",\"item\":\"https:\/\/radiolifefm.com.br\/noticias\/\"},{\"@type\":\"ListItem\",\"position\":2,\"name\":\"Deixem o ANANIAS em paz&#8230;\"}]},{\"@type\":\"WebSite\",\"@id\":\"https:\/\/radiolifefm.com.br\/noticias\/#website\",\"url\":\"https:\/\/radiolifefm.com.br\/noticias\/\",\"name\":\"R\u00e1dio Life FM\",\"description\":\"O Portal de Not\u00edcias de Adamantina\",\"publisher\":{\"@id\":\"https:\/\/radiolifefm.com.br\/noticias\/#organization\"},\"alternateName\":\"Life FM\",\"potentialAction\":[{\"@type\":\"SearchAction\",\"target\":{\"@type\":\"EntryPoint\",\"urlTemplate\":\"https:\/\/radiolifefm.com.br\/noticias\/?s={search_term_string}\"},\"query-input\":{\"@type\":\"PropertyValueSpecification\",\"valueRequired\":true,\"valueName\":\"search_term_string\"}}],\"inLanguage\":\"pt-BR\"},{\"@type\":\"Organization\",\"@id\":\"https:\/\/radiolifefm.com.br\/noticias\/#organization\",\"name\":\"R\u00e1dio Life FM\",\"alternateName\":\"Life FM\",\"url\":\"https:\/\/radiolifefm.com.br\/noticias\/\",\"logo\":{\"@type\":\"ImageObject\",\"inLanguage\":\"pt-BR\",\"@id\":\"https:\/\/radiolifefm.com.br\/noticias\/#\/schema\/logo\/image\/\",\"url\":\"https:\/\/static.radiolifefm.com.br\/noticias\/wp-content\/uploads\/2019\/10\/logo-lifefm.png\",\"contentUrl\":\"https:\/\/static.radiolifefm.com.br\/noticias\/wp-content\/uploads\/2019\/10\/logo-lifefm.png\",\"width\":196,\"height\":47,\"caption\":\"R\u00e1dio Life FM\"},\"image\":{\"@id\":\"https:\/\/radiolifefm.com.br\/noticias\/#\/schema\/logo\/image\/\"},\"sameAs\":[\"https:\/\/www.facebook.com\/radiolifefm\/\",\"https:\/\/www.instagram.com\/life1079fm\/\"]},{\"@type\":\"Person\",\"@id\":\"https:\/\/radiolifefm.com.br\/noticias\/#\/schema\/person\/6339b9fac59d12b071dec680d7375d87\",\"name\":\"ritanery\",\"image\":{\"@type\":\"ImageObject\",\"inLanguage\":\"pt-BR\",\"@id\":\"https:\/\/secure.gravatar.com\/avatar\/0e37bb19071f47c0b8a23f62a903df117c5a0e75f65a0c2901562f97cd41cf86?s=96&d=mm&r=g\",\"url\":\"https:\/\/secure.gravatar.com\/avatar\/0e37bb19071f47c0b8a23f62a903df117c5a0e75f65a0c2901562f97cd41cf86?s=96&d=mm&r=g\",\"contentUrl\":\"https:\/\/secure.gravatar.com\/avatar\/0e37bb19071f47c0b8a23f62a903df117c5a0e75f65a0c2901562f97cd41cf86?s=96&d=mm&r=g\",\"caption\":\"ritanery\"}}]}<\/script>\n<!-- \/ Yoast SEO plugin. -->","yoast_head_json":{"title":"Deixem o ANANIAS em paz... - R\u00e1dio Life FM","robots":{"index":"index","follow":"follow","max-snippet":"max-snippet:-1","max-image-preview":"max-image-preview:large","max-video-preview":"max-video-preview:-1"},"canonical":"https:\/\/radiolifefm.com.br\/noticias\/deixem-o-ananias-em-paz\/","og_locale":"pt_BR","og_type":"article","og_title":"Deixem o ANANIAS em paz... - R\u00e1dio Life FM","og_description":"\u201cA fam\u00edlia \u00e9 o bem mais precioso que possu\u00edmos e o que menos valorizamos&#8230;\u201d (Maria Gabriela Verediano Balardino) Ao JO\u00c3O \u201cG\u201d., dedico! By seb@r. Se o ANANIAS nunca esteve naquela cidade por causa dos problemas familiares do mesmo, talvez, possa ser uma outra coisa neste cen\u00e1rio um tanto quanto confuso para todos os lados&#8230; Mesmo [&hellip;]","og_url":"https:\/\/radiolifefm.com.br\/noticias\/deixem-o-ananias-em-paz\/","og_site_name":"R\u00e1dio Life FM","article_publisher":"https:\/\/www.facebook.com\/radiolifefm\/","article_published_time":"2025-06-18T14:30:08+00:00","article_modified_time":"2026-04-13T20:06:13+00:00","og_image":[{"width":972,"height":1296,"url":"https:\/\/radiolifefm.com.br\/noticias\/wp-content\/uploads\/2022\/04\/WhatsApp-Image-2022-04-10-at-18.43.02.jpeg","type":"image\/jpeg"}],"author":"ritanery","twitter_card":"summary_large_image","twitter_misc":{"Escrito por":"ritanery","Est. tempo de leitura":"3 minutos"},"schema":{"@context":"https:\/\/schema.org","@graph":[{"@type":"Article","@id":"https:\/\/radiolifefm.com.br\/noticias\/deixem-o-ananias-em-paz\/#article","isPartOf":{"@id":"https:\/\/radiolifefm.com.br\/noticias\/deixem-o-ananias-em-paz\/"},"author":{"name":"ritanery","@id":"https:\/\/radiolifefm.com.br\/noticias\/#\/schema\/person\/6339b9fac59d12b071dec680d7375d87"},"headline":"Deixem o ANANIAS em paz&#8230;","datePublished":"2025-06-18T14:30:08+00:00","dateModified":"2026-04-13T20:06:13+00:00","mainEntityOfPage":{"@id":"https:\/\/radiolifefm.com.br\/noticias\/deixem-o-ananias-em-paz\/"},"wordCount":453,"publisher":{"@id":"https:\/\/radiolifefm.com.br\/noticias\/#organization"},"image":{"@id":"https:\/\/radiolifefm.com.br\/noticias\/deixem-o-ananias-em-paz\/#primaryimage"},"thumbnailUrl":"https:\/\/radiolifefm.com.br\/noticias\/wp-content\/uploads\/2022\/04\/WhatsApp-Image-2022-04-10-at-18.43.02.jpeg","articleSection":["Opini\u00e3o"],"inLanguage":"pt-BR"},{"@type":"WebPage","@id":"https:\/\/radiolifefm.com.br\/noticias\/deixem-o-ananias-em-paz\/","url":"https:\/\/radiolifefm.com.br\/noticias\/deixem-o-ananias-em-paz\/","name":"Deixem o ANANIAS em paz... - R\u00e1dio Life FM","isPartOf":{"@id":"https:\/\/radiolifefm.com.br\/noticias\/#website"},"primaryImageOfPage":{"@id":"https:\/\/radiolifefm.com.br\/noticias\/deixem-o-ananias-em-paz\/#primaryimage"},"image":{"@id":"https:\/\/radiolifefm.com.br\/noticias\/deixem-o-ananias-em-paz\/#primaryimage"},"thumbnailUrl":"https:\/\/radiolifefm.com.br\/noticias\/wp-content\/uploads\/2022\/04\/WhatsApp-Image-2022-04-10-at-18.43.02.jpeg","datePublished":"2025-06-18T14:30:08+00:00","dateModified":"2026-04-13T20:06:13+00:00","breadcrumb":{"@id":"https:\/\/radiolifefm.com.br\/noticias\/deixem-o-ananias-em-paz\/#breadcrumb"},"inLanguage":"pt-BR","potentialAction":[{"@type":"ReadAction","target":["https:\/\/radiolifefm.com.br\/noticias\/deixem-o-ananias-em-paz\/"]}]},{"@type":"ImageObject","inLanguage":"pt-BR","@id":"https:\/\/radiolifefm.com.br\/noticias\/deixem-o-ananias-em-paz\/#primaryimage","url":"https:\/\/radiolifefm.com.br\/noticias\/wp-content\/uploads\/2022\/04\/WhatsApp-Image-2022-04-10-at-18.43.02.jpeg","contentUrl":"https:\/\/radiolifefm.com.br\/noticias\/wp-content\/uploads\/2022\/04\/WhatsApp-Image-2022-04-10-at-18.43.02.jpeg","width":972,"height":1296,"caption":"S\u00e9rgio Barbosa"},{"@type":"BreadcrumbList","@id":"https:\/\/radiolifefm.com.br\/noticias\/deixem-o-ananias-em-paz\/#breadcrumb","itemListElement":[{"@type":"ListItem","position":1,"name":"In\u00edcio","item":"https:\/\/radiolifefm.com.br\/noticias\/"},{"@type":"ListItem","position":2,"name":"Deixem o ANANIAS em paz&#8230;"}]},{"@type":"WebSite","@id":"https:\/\/radiolifefm.com.br\/noticias\/#website","url":"https:\/\/radiolifefm.com.br\/noticias\/","name":"R\u00e1dio Life FM","description":"O Portal de Not\u00edcias de Adamantina","publisher":{"@id":"https:\/\/radiolifefm.com.br\/noticias\/#organization"},"alternateName":"Life FM","potentialAction":[{"@type":"SearchAction","target":{"@type":"EntryPoint","urlTemplate":"https:\/\/radiolifefm.com.br\/noticias\/?s={search_term_string}"},"query-input":{"@type":"PropertyValueSpecification","valueRequired":true,"valueName":"search_term_string"}}],"inLanguage":"pt-BR"},{"@type":"Organization","@id":"https:\/\/radiolifefm.com.br\/noticias\/#organization","name":"R\u00e1dio Life FM","alternateName":"Life FM","url":"https:\/\/radiolifefm.com.br\/noticias\/","logo":{"@type":"ImageObject","inLanguage":"pt-BR","@id":"https:\/\/radiolifefm.com.br\/noticias\/#\/schema\/logo\/image\/","url":"https:\/\/static.radiolifefm.com.br\/noticias\/wp-content\/uploads\/2019\/10\/logo-lifefm.png","contentUrl":"https:\/\/static.radiolifefm.com.br\/noticias\/wp-content\/uploads\/2019\/10\/logo-lifefm.png","width":196,"height":47,"caption":"R\u00e1dio Life FM"},"image":{"@id":"https:\/\/radiolifefm.com.br\/noticias\/#\/schema\/logo\/image\/"},"sameAs":["https:\/\/www.facebook.com\/radiolifefm\/","https:\/\/www.instagram.com\/life1079fm\/"]},{"@type":"Person","@id":"https:\/\/radiolifefm.com.br\/noticias\/#\/schema\/person\/6339b9fac59d12b071dec680d7375d87","name":"ritanery","image":{"@type":"ImageObject","inLanguage":"pt-BR","@id":"https:\/\/secure.gravatar.com\/avatar\/0e37bb19071f47c0b8a23f62a903df117c5a0e75f65a0c2901562f97cd41cf86?s=96&d=mm&r=g","url":"https:\/\/secure.gravatar.com\/avatar\/0e37bb19071f47c0b8a23f62a903df117c5a0e75f65a0c2901562f97cd41cf86?s=96&d=mm&r=g","contentUrl":"https:\/\/secure.gravatar.com\/avatar\/0e37bb19071f47c0b8a23f62a903df117c5a0e75f65a0c2901562f97cd41cf86?s=96&d=mm&r=g","caption":"ritanery"}}]}},"amp_enabled":true,"_links":{"self":[{"href":"https:\/\/radiolifefm.com.br\/noticias\/wp-json\/wp\/v2\/posts\/101999","targetHints":{"allow":["GET"]}}],"collection":[{"href":"https:\/\/radiolifefm.com.br\/noticias\/wp-json\/wp\/v2\/posts"}],"about":[{"href":"https:\/\/radiolifefm.com.br\/noticias\/wp-json\/wp\/v2\/types\/post"}],"author":[{"embeddable":true,"href":"https:\/\/radiolifefm.com.br\/noticias\/wp-json\/wp\/v2\/users\/13"}],"replies":[{"embeddable":true,"href":"https:\/\/radiolifefm.com.br\/noticias\/wp-json\/wp\/v2\/comments?post=101999"}],"version-history":[{"count":1,"href":"https:\/\/radiolifefm.com.br\/noticias\/wp-json\/wp\/v2\/posts\/101999\/revisions"}],"predecessor-version":[{"id":102000,"href":"https:\/\/radiolifefm.com.br\/noticias\/wp-json\/wp\/v2\/posts\/101999\/revisions\/102000"}],"wp:featuredmedia":[{"embeddable":true,"href":"https:\/\/radiolifefm.com.br\/noticias\/wp-json\/wp\/v2\/media\/51988"}],"wp:attachment":[{"href":"https:\/\/radiolifefm.com.br\/noticias\/wp-json\/wp\/v2\/media?parent=101999"}],"wp:term":[{"taxonomy":"category","embeddable":true,"href":"https:\/\/radiolifefm.com.br\/noticias\/wp-json\/wp\/v2\/categories?post=101999"},{"taxonomy":"post_tag","embeddable":true,"href":"https:\/\/radiolifefm.com.br\/noticias\/wp-json\/wp\/v2\/tags?post=101999"}],"curies":[{"name":"wp","href":"https:\/\/api.w.org\/{rel}","templated":true}]}}