{"id":101902,"date":"2025-06-16T09:25:44","date_gmt":"2025-06-16T12:25:44","guid":{"rendered":"https:\/\/radiolifefm.com.br\/noticias\/?p=101902"},"modified":"2026-04-19T11:22:51","modified_gmt":"2026-04-19T14:22:51","slug":"provincia-76-anos-legislativo-e-malucos","status":"publish","type":"post","link":"https:\/\/radiolifefm.com.br\/noticias\/provincia-76-anos-legislativo-e-malucos\/","title":{"rendered":"Prov\u00edncia, \u201c76 anos\u201d, Legislativo e \u201cmalucos\u201d&#8230;"},"content":{"rendered":"<div id=\"fb-root\"><\/div>\n<p><strong><em>\u201cMaluco \u00e9 quem n\u00e3o \u00e9 doido.\u201d (<\/em><\/strong><a href=\"https:\/\/www.pensador.com\/autor\/leonardo_santhos\/\"><strong><em>Leonardo Santhos<\/em><\/strong><\/a><strong><em>)<\/em><\/strong><\/p>\n<p><strong><em>\u00a0<\/em><\/strong><\/p>\n<p><strong><em>\u201cAlice: Aqui parecem todos malucos.<br \/>\nGato Cheshire: \u00c9 verdade, eu tamb\u00e9m sou maluco&#8230; Completamente maluco.<br \/>\nAlice: Eu n\u00e3o.<br \/>\nGato Cheshire: Claro que \u00e9s. Se n\u00e3o fosses maluca n\u00e3o estavas aqui.\u201d (<\/em><\/strong><a href=\"https:\/\/www.pensador.com\/autor\/alice_no_pais_das_maravilhas\/\"><strong><em>Alice no Pa\u00eds das Maravilhas<\/em><\/strong><\/a><strong><em>)<\/em><\/strong><\/p>\n<p><strong><em>\u00a0<\/em><\/strong><\/p>\n<p><strong>By seb@r.<\/strong><\/p>\n<p>Neste dia 13, tudo pode ser em meio ao que nunca foi e assim por diante, ou seja, a PROV\u00cdNCIA DO FAZ DE CONTA est\u00e1 completando 76 ANOS, isso mesmo, portanto, faz-se necess\u00e1rio estar em SINTONIA com tantas d\u00e9cadas disto e mais aquilo&#8230;<\/p>\n<p>Desde a semana passada, o CEN\u00c1RIO PROVINCIANO est\u00e1 em ritmo disto e mais aquilo, todavia, al\u00e9m das FESTIVIDADES em nome deste e do outro lado de um mesmo lado, n\u00e3o se pode deixar de LADO (sic), os in\u00fameros PROBLEMAS que existem em todas as \u00e1reas desta PROV\u00cdNCIA DO FAZ DE CONTA&#8230;<\/p>\n<p>Tamb\u00e9m, com este LEGISLATIVO atual, como diz aquele velho dito popular, a saber: SE VOC\u00ca PENSAVA QUE TAVA RUIM, PODE PIORAR&#8230;<\/p>\n<p>Isso mesmo, as tais CAZAGEIRAS continuam com seus DESENCONTROS por causa disto ou daquilo, ainda, tem o COLLORZINHO PROVINCIANO, aquele que n\u00e3o sabe disto e menos aquilo, por\u00e9m, continua na mesmice de sempre&#8230;<\/p>\n<p>Ah! Quando resolvi TROCAR o nome de PROV\u00cdNCIA para SUCUPIRA, ou seja, aquela cidade da novela O BEM AMADO, acabei esquecendo que este NOME na atual CONJUNTURA, est\u00e1 direcionado para umas das PLATAFORMAS da \u00e1rea da PESQUISA ACAD\u00caMICA, portanto, A C\u00c9SAR O QUE DE C\u00c9SAR&#8230;<\/p>\n<p>Entretanto, os\/as outros\/as PERSONAGENS registradas nestes \u00faltimos ARTIGOS, ainda, deve-se se REGISTRAR que s\u00e3o PERSONAGENS de FIC\u00c7\u00c3O deste AUTOR, desta forma, QUALQUER SEMELHAN\u00c7A COM A REALIDADE \u00c9 COINCID\u00caNCIA e ponto quase final&#8230;<\/p>\n<p>Mas, como sempre, muitos\/as acabam vestindo a CARAPU\u00c7A, assim, CADA LOUCO\/A COM SUA MANIA, por isso e talvez aquilo, a tal da IRONIA acaba fazendo mais ESTRAGOS do que a CR\u00cdTICA nesta PROV\u00cdNCIA DO FAZ DE CONTA&#8230;<\/p>\n<p>Aproveitando a oportunidade dos 76 ANOS, o INELEG\u00cdVEL, tamb\u00e9m, conhecido como GENOCIDA, disse que aquela cambada denominada de PATRIOT\u00c1RIOS\/AS que ficaram semanas em frente ao TG local, eram um BANDO DE MALUCOS, portanto, espero que tais MENTES MED\u00cdOCRES continuem acreditando no seu MITO DE ARAQUE&#8230;<\/p>\n<p>Al\u00e9m do mais em meio ao tudo de menos, CADA QUAL COM SUAS ESCOLHAS, por\u00e9m, aquela frase que diz: EU ERA FELIZ E N\u00c3O SABIA, talvez possa fazer a diferen\u00e7a para tais MENTES MED\u00cdOCRES travestidas de PATRIOT\u00c1RIOS\/AS PROVINCIANOS\/AS&#8230;<\/p>\n<p>Pra refor\u00e7ar em tempo de comemora\u00e7\u00f5es, PERDERAM MAN\u00c9S!<\/p>\n<p>QUEM SOBREVIVER VAI SABER&#8230;<\/p>\n<p>&nbsp;<\/p>\n<p><strong>e-mail: barbosa.sebar@gmail.com\u00a0 \u00a0<\/strong><\/p>\n<p><strong>\u00a0<\/strong><\/p>\n","protected":false},"excerpt":{"rendered":"<p>\u201cMaluco \u00e9 quem n\u00e3o \u00e9 doido.\u201d (Leonardo Santhos) \u00a0 \u201cAlice: Aqui parecem todos malucos. Gato Cheshire: \u00c9 verdade, eu tamb\u00e9m sou maluco&#8230; Completamente maluco. Alice: Eu n\u00e3o. Gato Cheshire: Claro que \u00e9s. Se n\u00e3o fosses maluca n\u00e3o estavas aqui.\u201d (Alice no Pa\u00eds das Maravilhas) \u00a0 By seb@r. Neste dia 13, tudo pode ser em meio [&hellip;]<\/p>\n","protected":false},"author":13,"featured_media":51988,"comment_status":"closed","ping_status":"open","sticky":false,"template":"","format":"standard","meta":{"_acf_changed":false,"_exactmetrics_skip_tracking":false,"_exactmetrics_sitenote_active":false,"_exactmetrics_sitenote_note":"","_exactmetrics_sitenote_category":0,"footnotes":""},"categories":[59],"tags":[],"class_list":["post-101902","post","type-post","status-publish","format-standard","has-post-thumbnail","hentry","category-opiniao"],"acf":[],"yoast_head":"<!-- This site is optimized with the Yoast SEO plugin v27.2 - https:\/\/yoast.com\/product\/yoast-seo-wordpress\/ -->\n<title>Prov\u00edncia, \u201c76 anos\u201d, Legislativo e \u201cmalucos\u201d... - R\u00e1dio Life FM<\/title>\n<meta name=\"robots\" content=\"index, follow, max-snippet:-1, max-image-preview:large, max-video-preview:-1\" \/>\n<link rel=\"canonical\" href=\"https:\/\/radiolifefm.com.br\/noticias\/provincia-76-anos-legislativo-e-malucos\/\" \/>\n<meta property=\"og:locale\" content=\"pt_BR\" \/>\n<meta property=\"og:type\" content=\"article\" \/>\n<meta property=\"og:title\" content=\"Prov\u00edncia, \u201c76 anos\u201d, Legislativo e \u201cmalucos\u201d... - R\u00e1dio Life FM\" \/>\n<meta property=\"og:description\" content=\"\u201cMaluco \u00e9 quem n\u00e3o \u00e9 doido.\u201d (Leonardo Santhos) \u00a0 \u201cAlice: Aqui parecem todos malucos. Gato Cheshire: \u00c9 verdade, eu tamb\u00e9m sou maluco&#8230; Completamente maluco. Alice: Eu n\u00e3o. Gato Cheshire: Claro que \u00e9s. Se n\u00e3o fosses maluca n\u00e3o estavas aqui.\u201d (Alice no Pa\u00eds das Maravilhas) \u00a0 By seb@r. Neste dia 13, tudo pode ser em meio [&hellip;]\" \/>\n<meta property=\"og:url\" content=\"https:\/\/radiolifefm.com.br\/noticias\/provincia-76-anos-legislativo-e-malucos\/\" \/>\n<meta property=\"og:site_name\" content=\"R\u00e1dio Life FM\" \/>\n<meta property=\"article:publisher\" content=\"https:\/\/www.facebook.com\/radiolifefm\/\" \/>\n<meta property=\"article:published_time\" content=\"2025-06-16T12:25:44+00:00\" \/>\n<meta property=\"article:modified_time\" content=\"2026-04-19T14:22:51+00:00\" \/>\n<meta property=\"og:image\" content=\"https:\/\/radiolifefm.com.br\/noticias\/wp-content\/uploads\/2022\/04\/WhatsApp-Image-2022-04-10-at-18.43.02.jpeg\" \/>\n\t<meta property=\"og:image:width\" content=\"972\" \/>\n\t<meta property=\"og:image:height\" content=\"1296\" \/>\n\t<meta property=\"og:image:type\" content=\"image\/jpeg\" \/>\n<meta name=\"author\" content=\"ritanery\" \/>\n<meta name=\"twitter:card\" content=\"summary_large_image\" \/>\n<meta name=\"twitter:label1\" content=\"Escrito por\" \/>\n\t<meta name=\"twitter:data1\" content=\"ritanery\" \/>\n\t<meta name=\"twitter:label2\" content=\"Est. tempo de leitura\" \/>\n\t<meta name=\"twitter:data2\" content=\"3 minutos\" \/>\n<script type=\"application\/ld+json\" class=\"yoast-schema-graph\">{\"@context\":\"https:\/\/schema.org\",\"@graph\":[{\"@type\":\"Article\",\"@id\":\"https:\/\/radiolifefm.com.br\/noticias\/provincia-76-anos-legislativo-e-malucos\/#article\",\"isPartOf\":{\"@id\":\"https:\/\/radiolifefm.com.br\/noticias\/provincia-76-anos-legislativo-e-malucos\/\"},\"author\":{\"name\":\"ritanery\",\"@id\":\"https:\/\/radiolifefm.com.br\/noticias\/#\/schema\/person\/6339b9fac59d12b071dec680d7375d87\"},\"headline\":\"Prov\u00edncia, \u201c76 anos\u201d, Legislativo e \u201cmalucos\u201d&#8230;\",\"datePublished\":\"2025-06-16T12:25:44+00:00\",\"dateModified\":\"2026-04-19T14:22:51+00:00\",\"mainEntityOfPage\":{\"@id\":\"https:\/\/radiolifefm.com.br\/noticias\/provincia-76-anos-legislativo-e-malucos\/\"},\"wordCount\":456,\"publisher\":{\"@id\":\"https:\/\/radiolifefm.com.br\/noticias\/#organization\"},\"image\":{\"@id\":\"https:\/\/radiolifefm.com.br\/noticias\/provincia-76-anos-legislativo-e-malucos\/#primaryimage\"},\"thumbnailUrl\":\"https:\/\/radiolifefm.com.br\/noticias\/wp-content\/uploads\/2022\/04\/WhatsApp-Image-2022-04-10-at-18.43.02.jpeg\",\"articleSection\":[\"Opini\u00e3o\"],\"inLanguage\":\"pt-BR\"},{\"@type\":\"WebPage\",\"@id\":\"https:\/\/radiolifefm.com.br\/noticias\/provincia-76-anos-legislativo-e-malucos\/\",\"url\":\"https:\/\/radiolifefm.com.br\/noticias\/provincia-76-anos-legislativo-e-malucos\/\",\"name\":\"Prov\u00edncia, \u201c76 anos\u201d, Legislativo e \u201cmalucos\u201d... - R\u00e1dio Life FM\",\"isPartOf\":{\"@id\":\"https:\/\/radiolifefm.com.br\/noticias\/#website\"},\"primaryImageOfPage\":{\"@id\":\"https:\/\/radiolifefm.com.br\/noticias\/provincia-76-anos-legislativo-e-malucos\/#primaryimage\"},\"image\":{\"@id\":\"https:\/\/radiolifefm.com.br\/noticias\/provincia-76-anos-legislativo-e-malucos\/#primaryimage\"},\"thumbnailUrl\":\"https:\/\/radiolifefm.com.br\/noticias\/wp-content\/uploads\/2022\/04\/WhatsApp-Image-2022-04-10-at-18.43.02.jpeg\",\"datePublished\":\"2025-06-16T12:25:44+00:00\",\"dateModified\":\"2026-04-19T14:22:51+00:00\",\"breadcrumb\":{\"@id\":\"https:\/\/radiolifefm.com.br\/noticias\/provincia-76-anos-legislativo-e-malucos\/#breadcrumb\"},\"inLanguage\":\"pt-BR\",\"potentialAction\":[{\"@type\":\"ReadAction\",\"target\":[\"https:\/\/radiolifefm.com.br\/noticias\/provincia-76-anos-legislativo-e-malucos\/\"]}]},{\"@type\":\"ImageObject\",\"inLanguage\":\"pt-BR\",\"@id\":\"https:\/\/radiolifefm.com.br\/noticias\/provincia-76-anos-legislativo-e-malucos\/#primaryimage\",\"url\":\"https:\/\/radiolifefm.com.br\/noticias\/wp-content\/uploads\/2022\/04\/WhatsApp-Image-2022-04-10-at-18.43.02.jpeg\",\"contentUrl\":\"https:\/\/radiolifefm.com.br\/noticias\/wp-content\/uploads\/2022\/04\/WhatsApp-Image-2022-04-10-at-18.43.02.jpeg\",\"width\":972,\"height\":1296,\"caption\":\"S\u00e9rgio Barbosa\"},{\"@type\":\"BreadcrumbList\",\"@id\":\"https:\/\/radiolifefm.com.br\/noticias\/provincia-76-anos-legislativo-e-malucos\/#breadcrumb\",\"itemListElement\":[{\"@type\":\"ListItem\",\"position\":1,\"name\":\"In\u00edcio\",\"item\":\"https:\/\/radiolifefm.com.br\/noticias\/\"},{\"@type\":\"ListItem\",\"position\":2,\"name\":\"Prov\u00edncia, \u201c76 anos\u201d, Legislativo e \u201cmalucos\u201d&#8230;\"}]},{\"@type\":\"WebSite\",\"@id\":\"https:\/\/radiolifefm.com.br\/noticias\/#website\",\"url\":\"https:\/\/radiolifefm.com.br\/noticias\/\",\"name\":\"R\u00e1dio Life FM\",\"description\":\"O Portal de Not\u00edcias de Adamantina\",\"publisher\":{\"@id\":\"https:\/\/radiolifefm.com.br\/noticias\/#organization\"},\"alternateName\":\"Life FM\",\"potentialAction\":[{\"@type\":\"SearchAction\",\"target\":{\"@type\":\"EntryPoint\",\"urlTemplate\":\"https:\/\/radiolifefm.com.br\/noticias\/?s={search_term_string}\"},\"query-input\":{\"@type\":\"PropertyValueSpecification\",\"valueRequired\":true,\"valueName\":\"search_term_string\"}}],\"inLanguage\":\"pt-BR\"},{\"@type\":\"Organization\",\"@id\":\"https:\/\/radiolifefm.com.br\/noticias\/#organization\",\"name\":\"R\u00e1dio Life FM\",\"alternateName\":\"Life FM\",\"url\":\"https:\/\/radiolifefm.com.br\/noticias\/\",\"logo\":{\"@type\":\"ImageObject\",\"inLanguage\":\"pt-BR\",\"@id\":\"https:\/\/radiolifefm.com.br\/noticias\/#\/schema\/logo\/image\/\",\"url\":\"https:\/\/static.radiolifefm.com.br\/noticias\/wp-content\/uploads\/2019\/10\/logo-lifefm.png\",\"contentUrl\":\"https:\/\/static.radiolifefm.com.br\/noticias\/wp-content\/uploads\/2019\/10\/logo-lifefm.png\",\"width\":196,\"height\":47,\"caption\":\"R\u00e1dio Life FM\"},\"image\":{\"@id\":\"https:\/\/radiolifefm.com.br\/noticias\/#\/schema\/logo\/image\/\"},\"sameAs\":[\"https:\/\/www.facebook.com\/radiolifefm\/\",\"https:\/\/www.instagram.com\/life1079fm\/\"]},{\"@type\":\"Person\",\"@id\":\"https:\/\/radiolifefm.com.br\/noticias\/#\/schema\/person\/6339b9fac59d12b071dec680d7375d87\",\"name\":\"ritanery\",\"image\":{\"@type\":\"ImageObject\",\"inLanguage\":\"pt-BR\",\"@id\":\"https:\/\/secure.gravatar.com\/avatar\/0e37bb19071f47c0b8a23f62a903df117c5a0e75f65a0c2901562f97cd41cf86?s=96&d=mm&r=g\",\"url\":\"https:\/\/secure.gravatar.com\/avatar\/0e37bb19071f47c0b8a23f62a903df117c5a0e75f65a0c2901562f97cd41cf86?s=96&d=mm&r=g\",\"contentUrl\":\"https:\/\/secure.gravatar.com\/avatar\/0e37bb19071f47c0b8a23f62a903df117c5a0e75f65a0c2901562f97cd41cf86?s=96&d=mm&r=g\",\"caption\":\"ritanery\"}}]}<\/script>\n<!-- \/ Yoast SEO plugin. -->","yoast_head_json":{"title":"Prov\u00edncia, \u201c76 anos\u201d, Legislativo e \u201cmalucos\u201d... - R\u00e1dio Life FM","robots":{"index":"index","follow":"follow","max-snippet":"max-snippet:-1","max-image-preview":"max-image-preview:large","max-video-preview":"max-video-preview:-1"},"canonical":"https:\/\/radiolifefm.com.br\/noticias\/provincia-76-anos-legislativo-e-malucos\/","og_locale":"pt_BR","og_type":"article","og_title":"Prov\u00edncia, \u201c76 anos\u201d, Legislativo e \u201cmalucos\u201d... - R\u00e1dio Life FM","og_description":"\u201cMaluco \u00e9 quem n\u00e3o \u00e9 doido.\u201d (Leonardo Santhos) \u00a0 \u201cAlice: Aqui parecem todos malucos. Gato Cheshire: \u00c9 verdade, eu tamb\u00e9m sou maluco&#8230; Completamente maluco. Alice: Eu n\u00e3o. Gato Cheshire: Claro que \u00e9s. Se n\u00e3o fosses maluca n\u00e3o estavas aqui.\u201d (Alice no Pa\u00eds das Maravilhas) \u00a0 By seb@r. Neste dia 13, tudo pode ser em meio [&hellip;]","og_url":"https:\/\/radiolifefm.com.br\/noticias\/provincia-76-anos-legislativo-e-malucos\/","og_site_name":"R\u00e1dio Life FM","article_publisher":"https:\/\/www.facebook.com\/radiolifefm\/","article_published_time":"2025-06-16T12:25:44+00:00","article_modified_time":"2026-04-19T14:22:51+00:00","og_image":[{"width":972,"height":1296,"url":"https:\/\/radiolifefm.com.br\/noticias\/wp-content\/uploads\/2022\/04\/WhatsApp-Image-2022-04-10-at-18.43.02.jpeg","type":"image\/jpeg"}],"author":"ritanery","twitter_card":"summary_large_image","twitter_misc":{"Escrito por":"ritanery","Est. tempo de leitura":"3 minutos"},"schema":{"@context":"https:\/\/schema.org","@graph":[{"@type":"Article","@id":"https:\/\/radiolifefm.com.br\/noticias\/provincia-76-anos-legislativo-e-malucos\/#article","isPartOf":{"@id":"https:\/\/radiolifefm.com.br\/noticias\/provincia-76-anos-legislativo-e-malucos\/"},"author":{"name":"ritanery","@id":"https:\/\/radiolifefm.com.br\/noticias\/#\/schema\/person\/6339b9fac59d12b071dec680d7375d87"},"headline":"Prov\u00edncia, \u201c76 anos\u201d, Legislativo e \u201cmalucos\u201d&#8230;","datePublished":"2025-06-16T12:25:44+00:00","dateModified":"2026-04-19T14:22:51+00:00","mainEntityOfPage":{"@id":"https:\/\/radiolifefm.com.br\/noticias\/provincia-76-anos-legislativo-e-malucos\/"},"wordCount":456,"publisher":{"@id":"https:\/\/radiolifefm.com.br\/noticias\/#organization"},"image":{"@id":"https:\/\/radiolifefm.com.br\/noticias\/provincia-76-anos-legislativo-e-malucos\/#primaryimage"},"thumbnailUrl":"https:\/\/radiolifefm.com.br\/noticias\/wp-content\/uploads\/2022\/04\/WhatsApp-Image-2022-04-10-at-18.43.02.jpeg","articleSection":["Opini\u00e3o"],"inLanguage":"pt-BR"},{"@type":"WebPage","@id":"https:\/\/radiolifefm.com.br\/noticias\/provincia-76-anos-legislativo-e-malucos\/","url":"https:\/\/radiolifefm.com.br\/noticias\/provincia-76-anos-legislativo-e-malucos\/","name":"Prov\u00edncia, \u201c76 anos\u201d, Legislativo e \u201cmalucos\u201d... - R\u00e1dio Life FM","isPartOf":{"@id":"https:\/\/radiolifefm.com.br\/noticias\/#website"},"primaryImageOfPage":{"@id":"https:\/\/radiolifefm.com.br\/noticias\/provincia-76-anos-legislativo-e-malucos\/#primaryimage"},"image":{"@id":"https:\/\/radiolifefm.com.br\/noticias\/provincia-76-anos-legislativo-e-malucos\/#primaryimage"},"thumbnailUrl":"https:\/\/radiolifefm.com.br\/noticias\/wp-content\/uploads\/2022\/04\/WhatsApp-Image-2022-04-10-at-18.43.02.jpeg","datePublished":"2025-06-16T12:25:44+00:00","dateModified":"2026-04-19T14:22:51+00:00","breadcrumb":{"@id":"https:\/\/radiolifefm.com.br\/noticias\/provincia-76-anos-legislativo-e-malucos\/#breadcrumb"},"inLanguage":"pt-BR","potentialAction":[{"@type":"ReadAction","target":["https:\/\/radiolifefm.com.br\/noticias\/provincia-76-anos-legislativo-e-malucos\/"]}]},{"@type":"ImageObject","inLanguage":"pt-BR","@id":"https:\/\/radiolifefm.com.br\/noticias\/provincia-76-anos-legislativo-e-malucos\/#primaryimage","url":"https:\/\/radiolifefm.com.br\/noticias\/wp-content\/uploads\/2022\/04\/WhatsApp-Image-2022-04-10-at-18.43.02.jpeg","contentUrl":"https:\/\/radiolifefm.com.br\/noticias\/wp-content\/uploads\/2022\/04\/WhatsApp-Image-2022-04-10-at-18.43.02.jpeg","width":972,"height":1296,"caption":"S\u00e9rgio Barbosa"},{"@type":"BreadcrumbList","@id":"https:\/\/radiolifefm.com.br\/noticias\/provincia-76-anos-legislativo-e-malucos\/#breadcrumb","itemListElement":[{"@type":"ListItem","position":1,"name":"In\u00edcio","item":"https:\/\/radiolifefm.com.br\/noticias\/"},{"@type":"ListItem","position":2,"name":"Prov\u00edncia, \u201c76 anos\u201d, Legislativo e \u201cmalucos\u201d&#8230;"}]},{"@type":"WebSite","@id":"https:\/\/radiolifefm.com.br\/noticias\/#website","url":"https:\/\/radiolifefm.com.br\/noticias\/","name":"R\u00e1dio Life FM","description":"O Portal de Not\u00edcias de Adamantina","publisher":{"@id":"https:\/\/radiolifefm.com.br\/noticias\/#organization"},"alternateName":"Life FM","potentialAction":[{"@type":"SearchAction","target":{"@type":"EntryPoint","urlTemplate":"https:\/\/radiolifefm.com.br\/noticias\/?s={search_term_string}"},"query-input":{"@type":"PropertyValueSpecification","valueRequired":true,"valueName":"search_term_string"}}],"inLanguage":"pt-BR"},{"@type":"Organization","@id":"https:\/\/radiolifefm.com.br\/noticias\/#organization","name":"R\u00e1dio Life FM","alternateName":"Life FM","url":"https:\/\/radiolifefm.com.br\/noticias\/","logo":{"@type":"ImageObject","inLanguage":"pt-BR","@id":"https:\/\/radiolifefm.com.br\/noticias\/#\/schema\/logo\/image\/","url":"https:\/\/static.radiolifefm.com.br\/noticias\/wp-content\/uploads\/2019\/10\/logo-lifefm.png","contentUrl":"https:\/\/static.radiolifefm.com.br\/noticias\/wp-content\/uploads\/2019\/10\/logo-lifefm.png","width":196,"height":47,"caption":"R\u00e1dio Life FM"},"image":{"@id":"https:\/\/radiolifefm.com.br\/noticias\/#\/schema\/logo\/image\/"},"sameAs":["https:\/\/www.facebook.com\/radiolifefm\/","https:\/\/www.instagram.com\/life1079fm\/"]},{"@type":"Person","@id":"https:\/\/radiolifefm.com.br\/noticias\/#\/schema\/person\/6339b9fac59d12b071dec680d7375d87","name":"ritanery","image":{"@type":"ImageObject","inLanguage":"pt-BR","@id":"https:\/\/secure.gravatar.com\/avatar\/0e37bb19071f47c0b8a23f62a903df117c5a0e75f65a0c2901562f97cd41cf86?s=96&d=mm&r=g","url":"https:\/\/secure.gravatar.com\/avatar\/0e37bb19071f47c0b8a23f62a903df117c5a0e75f65a0c2901562f97cd41cf86?s=96&d=mm&r=g","contentUrl":"https:\/\/secure.gravatar.com\/avatar\/0e37bb19071f47c0b8a23f62a903df117c5a0e75f65a0c2901562f97cd41cf86?s=96&d=mm&r=g","caption":"ritanery"}}]}},"amp_enabled":true,"_links":{"self":[{"href":"https:\/\/radiolifefm.com.br\/noticias\/wp-json\/wp\/v2\/posts\/101902","targetHints":{"allow":["GET"]}}],"collection":[{"href":"https:\/\/radiolifefm.com.br\/noticias\/wp-json\/wp\/v2\/posts"}],"about":[{"href":"https:\/\/radiolifefm.com.br\/noticias\/wp-json\/wp\/v2\/types\/post"}],"author":[{"embeddable":true,"href":"https:\/\/radiolifefm.com.br\/noticias\/wp-json\/wp\/v2\/users\/13"}],"replies":[{"embeddable":true,"href":"https:\/\/radiolifefm.com.br\/noticias\/wp-json\/wp\/v2\/comments?post=101902"}],"version-history":[{"count":1,"href":"https:\/\/radiolifefm.com.br\/noticias\/wp-json\/wp\/v2\/posts\/101902\/revisions"}],"predecessor-version":[{"id":101903,"href":"https:\/\/radiolifefm.com.br\/noticias\/wp-json\/wp\/v2\/posts\/101902\/revisions\/101903"}],"wp:featuredmedia":[{"embeddable":true,"href":"https:\/\/radiolifefm.com.br\/noticias\/wp-json\/wp\/v2\/media\/51988"}],"wp:attachment":[{"href":"https:\/\/radiolifefm.com.br\/noticias\/wp-json\/wp\/v2\/media?parent=101902"}],"wp:term":[{"taxonomy":"category","embeddable":true,"href":"https:\/\/radiolifefm.com.br\/noticias\/wp-json\/wp\/v2\/categories?post=101902"},{"taxonomy":"post_tag","embeddable":true,"href":"https:\/\/radiolifefm.com.br\/noticias\/wp-json\/wp\/v2\/tags?post=101902"}],"curies":[{"name":"wp","href":"https:\/\/api.w.org\/{rel}","templated":true}]}}