{"id":101863,"date":"2025-06-11T08:54:51","date_gmt":"2025-06-11T11:54:51","guid":{"rendered":"https:\/\/radiolifefm.com.br\/noticias\/?p=101863"},"modified":"2026-01-13T14:57:25","modified_gmt":"2026-01-13T17:57:25","slug":"e-a-provincia-continua-sendo-uma-provincia-2","status":"publish","type":"post","link":"https:\/\/radiolifefm.com.br\/noticias\/e-a-provincia-continua-sendo-uma-provincia-2\/","title":{"rendered":"E A PROV\u00cdNCIA CONTINUA SENDO UMA PROV\u00cdNCIA&#8230;"},"content":{"rendered":"<div id=\"fb-root\"><\/div>\n<p><strong><em>\u201c<\/em><\/strong><a href=\"https:\/\/kdfrases.com\/frase\/143942\"><strong><em>As cidades n\u00e3o s\u00e3o p\u00e1trias. \u00c9 na prov\u00edncia que se encontra o car\u00e1cter e a m\u00edstica duma na\u00e7\u00e3o, e os grandes escritores deixam-se amarrar ao esp\u00edrito das terras nulas e sensatas a que extraem um brilho que a pedra polida da capital n\u00e3o tem.<\/em><\/strong><\/a><strong><em>\u201d<\/em><\/strong><em><u>\u00a0 (<\/u><\/em><em><u>\u00a0<\/u><\/em><a href=\"https:\/\/kdfrases.com\/autor\/agustina-bessa-lu%C3%ADs\"><em>Agustina Bessa-Lu\u00eds<\/em><\/a><em><u>)\u00a0 \/ <\/u><\/em><strong>&#8211;\u00a0<\/strong><a href=\"https:\/\/kdfrases.com\/frase\/143942\"><strong>https:\/\/kdfrases.com\/frase\/143942<\/strong><\/a><strong><em><u>in \u00a0<\/u><\/em><\/strong><a href=\"https:\/\/kdfrases.com\/frase\/143942\"><strong><em>https:\/\/kdfrases.com\/frase\/143942<\/em><\/strong><\/a><\/p>\n<p><strong>By seb@r.<\/strong><\/p>\n<p>Muitas pessoas, ainda, ficam me perguntando o porqu\u00ea de chamar a cidade de ADAMANTINA de PROV\u00cdNCIA e tudo mais&#8230;<\/p>\n<p>N\u00e3o sei quando isso teve in\u00edcio, talvez, pra variar por meio de algum texto escrito e publicado em algum jornal provinciano&#8230;<\/p>\n<p>Tamb\u00e9m, pode-se escrever que isto e mais aquilo faz anos e anos, assim, a mem\u00f3ria anda meio capenga de uns tempos pra c\u00e1 e tudo \u00e9 poss\u00edvel, at\u00e9 mesmo o imposs\u00edvel em terras provincianas&#8230;<\/p>\n<p>Pelo desenrolar dos \u00faltimos acontecimentos na PROV\u00cdNCIA envolvendo uma manifesta\u00e7\u00e3o de estudantes, pode-se afirmar que \u201cnada mudou\u201d nestes \u00faltimos anos\u201d, talvez, d\u00e9cadas&#8230;<\/p>\n<p>Mas, ocorreu que \u201cPROV\u00cdNCIA\u201d nada mais \u00e9 do que sin\u00f4nimo de \u201cCIDADE\u201d, todavia, o entendimento depende sempre de cada lado nestes mesmos lados e vamos que vamos&#8230;<\/p>\n<p>At\u00e9 hoje, a capital argentina \u00e9 conhecida e reconhecida como PROV\u00cdNCIA DE BUENOS AIRES, portanto, n\u00e3o se pode achar isto ou aquilo quanto \u00e0 marca mais do que registrada como \u201cPROV\u00cdNCIA\u201d, neste caso em especial tem a ver com a cidade de ADAMANTINA&#8230;<\/p>\n<p>Os fatos que ocorreram em um outro tempo deste tempo, deve ter refor\u00e7ado est\u00e1 ALCUNHA de PROV\u00cdNCIA, ainda, tais ocorr\u00eancias continuam acontecendo nos quatro ou mais cantos provincianos&#8230;<\/p>\n<p>Portanto, nada mais do que nada de menos, todavia, cada qual deve saber como est\u00e1 o seu lado, tendo em vista que continua sendo uma PROV\u00cdNCIA DO FAZ DE CONTA&#8230;<\/p>\n<p>O interessante nestes OCASOS de um TALVEZ e PONTO QUASE FINAL, continuam de um jeito ou de outro, sendo os\/as PERSONAGENS deste e do outro lado de um mesmo lado&#8230;<\/p>\n<p>Nada pode ser como antes disse o POETA do outro tempo deste tempo, haja vista que os DESENCONTROS continuam ocorrendo nesta PROV\u00cdNCIA, por isso, pode ser que o CEN\u00c1RIO atual continue repetindo as mesmas COISAS do PASSADO e assim por diante&#8230;<\/p>\n<p>QUEM SOBREVIVER VAI SABER&#8230;<\/p>\n<p>&nbsp;<\/p>\n<p><strong>e-mail: barbosa.sebar@gmail.com<\/strong><\/p>\n","protected":false},"excerpt":{"rendered":"<p>\u201cAs cidades n\u00e3o s\u00e3o p\u00e1trias. \u00c9 na prov\u00edncia que se encontra o car\u00e1cter e a m\u00edstica duma na\u00e7\u00e3o, e os grandes escritores deixam-se amarrar ao esp\u00edrito das terras nulas e sensatas a que extraem um brilho que a pedra polida da capital n\u00e3o tem.\u201d\u00a0 (\u00a0Agustina Bessa-Lu\u00eds)\u00a0 \/ &#8211;\u00a0https:\/\/kdfrases.com\/frase\/143942in \u00a0https:\/\/kdfrases.com\/frase\/143942 By seb@r. Muitas pessoas, ainda, ficam [&hellip;]<\/p>\n","protected":false},"author":13,"featured_media":51988,"comment_status":"closed","ping_status":"open","sticky":false,"template":"","format":"standard","meta":{"_acf_changed":false,"_exactmetrics_skip_tracking":false,"_exactmetrics_sitenote_active":false,"_exactmetrics_sitenote_note":"","_exactmetrics_sitenote_category":0,"footnotes":""},"categories":[59],"tags":[],"class_list":["post-101863","post","type-post","status-publish","format-standard","has-post-thumbnail","hentry","category-opiniao"],"acf":[],"yoast_head":"<!-- This site is optimized with the Yoast SEO plugin v27.2 - https:\/\/yoast.com\/product\/yoast-seo-wordpress\/ -->\n<title>E A PROV\u00cdNCIA CONTINUA SENDO UMA PROV\u00cdNCIA... - R\u00e1dio Life FM<\/title>\n<meta name=\"robots\" content=\"index, follow, max-snippet:-1, max-image-preview:large, max-video-preview:-1\" \/>\n<link rel=\"canonical\" href=\"https:\/\/radiolifefm.com.br\/noticias\/e-a-provincia-continua-sendo-uma-provincia-2\/\" \/>\n<meta property=\"og:locale\" content=\"pt_BR\" \/>\n<meta property=\"og:type\" content=\"article\" \/>\n<meta property=\"og:title\" content=\"E A PROV\u00cdNCIA CONTINUA SENDO UMA PROV\u00cdNCIA... - R\u00e1dio Life FM\" \/>\n<meta property=\"og:description\" content=\"\u201cAs cidades n\u00e3o s\u00e3o p\u00e1trias. \u00c9 na prov\u00edncia que se encontra o car\u00e1cter e a m\u00edstica duma na\u00e7\u00e3o, e os grandes escritores deixam-se amarrar ao esp\u00edrito das terras nulas e sensatas a que extraem um brilho que a pedra polida da capital n\u00e3o tem.\u201d\u00a0 (\u00a0Agustina Bessa-Lu\u00eds)\u00a0 \/ &#8211;\u00a0https:\/\/kdfrases.com\/frase\/143942in \u00a0https:\/\/kdfrases.com\/frase\/143942 By seb@r. Muitas pessoas, ainda, ficam [&hellip;]\" \/>\n<meta property=\"og:url\" content=\"https:\/\/radiolifefm.com.br\/noticias\/e-a-provincia-continua-sendo-uma-provincia-2\/\" \/>\n<meta property=\"og:site_name\" content=\"R\u00e1dio Life FM\" \/>\n<meta property=\"article:publisher\" content=\"https:\/\/www.facebook.com\/radiolifefm\/\" \/>\n<meta property=\"article:published_time\" content=\"2025-06-11T11:54:51+00:00\" \/>\n<meta property=\"article:modified_time\" content=\"2026-01-13T17:57:25+00:00\" \/>\n<meta property=\"og:image\" content=\"https:\/\/radiolifefm.com.br\/noticias\/wp-content\/uploads\/2022\/04\/WhatsApp-Image-2022-04-10-at-18.43.02.jpeg\" \/>\n\t<meta property=\"og:image:width\" content=\"972\" \/>\n\t<meta property=\"og:image:height\" content=\"1296\" \/>\n\t<meta property=\"og:image:type\" content=\"image\/jpeg\" \/>\n<meta name=\"author\" content=\"ritanery\" \/>\n<meta name=\"twitter:card\" content=\"summary_large_image\" \/>\n<meta name=\"twitter:label1\" content=\"Escrito por\" \/>\n\t<meta name=\"twitter:data1\" content=\"ritanery\" \/>\n\t<meta name=\"twitter:label2\" content=\"Est. tempo de leitura\" \/>\n\t<meta name=\"twitter:data2\" content=\"3 minutos\" \/>\n<script type=\"application\/ld+json\" class=\"yoast-schema-graph\">{\"@context\":\"https:\/\/schema.org\",\"@graph\":[{\"@type\":\"Article\",\"@id\":\"https:\/\/radiolifefm.com.br\/noticias\/e-a-provincia-continua-sendo-uma-provincia-2\/#article\",\"isPartOf\":{\"@id\":\"https:\/\/radiolifefm.com.br\/noticias\/e-a-provincia-continua-sendo-uma-provincia-2\/\"},\"author\":{\"name\":\"ritanery\",\"@id\":\"https:\/\/radiolifefm.com.br\/noticias\/#\/schema\/person\/6339b9fac59d12b071dec680d7375d87\"},\"headline\":\"E A PROV\u00cdNCIA CONTINUA SENDO UMA PROV\u00cdNCIA&#8230;\",\"datePublished\":\"2025-06-11T11:54:51+00:00\",\"dateModified\":\"2026-01-13T17:57:25+00:00\",\"mainEntityOfPage\":{\"@id\":\"https:\/\/radiolifefm.com.br\/noticias\/e-a-provincia-continua-sendo-uma-provincia-2\/\"},\"wordCount\":400,\"publisher\":{\"@id\":\"https:\/\/radiolifefm.com.br\/noticias\/#organization\"},\"image\":{\"@id\":\"https:\/\/radiolifefm.com.br\/noticias\/e-a-provincia-continua-sendo-uma-provincia-2\/#primaryimage\"},\"thumbnailUrl\":\"https:\/\/radiolifefm.com.br\/noticias\/wp-content\/uploads\/2022\/04\/WhatsApp-Image-2022-04-10-at-18.43.02.jpeg\",\"articleSection\":[\"Opini\u00e3o\"],\"inLanguage\":\"pt-BR\"},{\"@type\":\"WebPage\",\"@id\":\"https:\/\/radiolifefm.com.br\/noticias\/e-a-provincia-continua-sendo-uma-provincia-2\/\",\"url\":\"https:\/\/radiolifefm.com.br\/noticias\/e-a-provincia-continua-sendo-uma-provincia-2\/\",\"name\":\"E A PROV\u00cdNCIA CONTINUA SENDO UMA PROV\u00cdNCIA... - R\u00e1dio Life FM\",\"isPartOf\":{\"@id\":\"https:\/\/radiolifefm.com.br\/noticias\/#website\"},\"primaryImageOfPage\":{\"@id\":\"https:\/\/radiolifefm.com.br\/noticias\/e-a-provincia-continua-sendo-uma-provincia-2\/#primaryimage\"},\"image\":{\"@id\":\"https:\/\/radiolifefm.com.br\/noticias\/e-a-provincia-continua-sendo-uma-provincia-2\/#primaryimage\"},\"thumbnailUrl\":\"https:\/\/radiolifefm.com.br\/noticias\/wp-content\/uploads\/2022\/04\/WhatsApp-Image-2022-04-10-at-18.43.02.jpeg\",\"datePublished\":\"2025-06-11T11:54:51+00:00\",\"dateModified\":\"2026-01-13T17:57:25+00:00\",\"breadcrumb\":{\"@id\":\"https:\/\/radiolifefm.com.br\/noticias\/e-a-provincia-continua-sendo-uma-provincia-2\/#breadcrumb\"},\"inLanguage\":\"pt-BR\",\"potentialAction\":[{\"@type\":\"ReadAction\",\"target\":[\"https:\/\/radiolifefm.com.br\/noticias\/e-a-provincia-continua-sendo-uma-provincia-2\/\"]}]},{\"@type\":\"ImageObject\",\"inLanguage\":\"pt-BR\",\"@id\":\"https:\/\/radiolifefm.com.br\/noticias\/e-a-provincia-continua-sendo-uma-provincia-2\/#primaryimage\",\"url\":\"https:\/\/radiolifefm.com.br\/noticias\/wp-content\/uploads\/2022\/04\/WhatsApp-Image-2022-04-10-at-18.43.02.jpeg\",\"contentUrl\":\"https:\/\/radiolifefm.com.br\/noticias\/wp-content\/uploads\/2022\/04\/WhatsApp-Image-2022-04-10-at-18.43.02.jpeg\",\"width\":972,\"height\":1296,\"caption\":\"S\u00e9rgio Barbosa\"},{\"@type\":\"BreadcrumbList\",\"@id\":\"https:\/\/radiolifefm.com.br\/noticias\/e-a-provincia-continua-sendo-uma-provincia-2\/#breadcrumb\",\"itemListElement\":[{\"@type\":\"ListItem\",\"position\":1,\"name\":\"In\u00edcio\",\"item\":\"https:\/\/radiolifefm.com.br\/noticias\/\"},{\"@type\":\"ListItem\",\"position\":2,\"name\":\"E A PROV\u00cdNCIA CONTINUA SENDO UMA PROV\u00cdNCIA&#8230;\"}]},{\"@type\":\"WebSite\",\"@id\":\"https:\/\/radiolifefm.com.br\/noticias\/#website\",\"url\":\"https:\/\/radiolifefm.com.br\/noticias\/\",\"name\":\"R\u00e1dio Life FM\",\"description\":\"O Portal de Not\u00edcias de Adamantina\",\"publisher\":{\"@id\":\"https:\/\/radiolifefm.com.br\/noticias\/#organization\"},\"alternateName\":\"Life FM\",\"potentialAction\":[{\"@type\":\"SearchAction\",\"target\":{\"@type\":\"EntryPoint\",\"urlTemplate\":\"https:\/\/radiolifefm.com.br\/noticias\/?s={search_term_string}\"},\"query-input\":{\"@type\":\"PropertyValueSpecification\",\"valueRequired\":true,\"valueName\":\"search_term_string\"}}],\"inLanguage\":\"pt-BR\"},{\"@type\":\"Organization\",\"@id\":\"https:\/\/radiolifefm.com.br\/noticias\/#organization\",\"name\":\"R\u00e1dio Life FM\",\"alternateName\":\"Life FM\",\"url\":\"https:\/\/radiolifefm.com.br\/noticias\/\",\"logo\":{\"@type\":\"ImageObject\",\"inLanguage\":\"pt-BR\",\"@id\":\"https:\/\/radiolifefm.com.br\/noticias\/#\/schema\/logo\/image\/\",\"url\":\"https:\/\/static.radiolifefm.com.br\/noticias\/wp-content\/uploads\/2019\/10\/logo-lifefm.png\",\"contentUrl\":\"https:\/\/static.radiolifefm.com.br\/noticias\/wp-content\/uploads\/2019\/10\/logo-lifefm.png\",\"width\":196,\"height\":47,\"caption\":\"R\u00e1dio Life FM\"},\"image\":{\"@id\":\"https:\/\/radiolifefm.com.br\/noticias\/#\/schema\/logo\/image\/\"},\"sameAs\":[\"https:\/\/www.facebook.com\/radiolifefm\/\",\"https:\/\/www.instagram.com\/life1079fm\/\"]},{\"@type\":\"Person\",\"@id\":\"https:\/\/radiolifefm.com.br\/noticias\/#\/schema\/person\/6339b9fac59d12b071dec680d7375d87\",\"name\":\"ritanery\",\"image\":{\"@type\":\"ImageObject\",\"inLanguage\":\"pt-BR\",\"@id\":\"https:\/\/secure.gravatar.com\/avatar\/0e37bb19071f47c0b8a23f62a903df117c5a0e75f65a0c2901562f97cd41cf86?s=96&d=mm&r=g\",\"url\":\"https:\/\/secure.gravatar.com\/avatar\/0e37bb19071f47c0b8a23f62a903df117c5a0e75f65a0c2901562f97cd41cf86?s=96&d=mm&r=g\",\"contentUrl\":\"https:\/\/secure.gravatar.com\/avatar\/0e37bb19071f47c0b8a23f62a903df117c5a0e75f65a0c2901562f97cd41cf86?s=96&d=mm&r=g\",\"caption\":\"ritanery\"}}]}<\/script>\n<!-- \/ Yoast SEO plugin. -->","yoast_head_json":{"title":"E A PROV\u00cdNCIA CONTINUA SENDO UMA PROV\u00cdNCIA... - R\u00e1dio Life FM","robots":{"index":"index","follow":"follow","max-snippet":"max-snippet:-1","max-image-preview":"max-image-preview:large","max-video-preview":"max-video-preview:-1"},"canonical":"https:\/\/radiolifefm.com.br\/noticias\/e-a-provincia-continua-sendo-uma-provincia-2\/","og_locale":"pt_BR","og_type":"article","og_title":"E A PROV\u00cdNCIA CONTINUA SENDO UMA PROV\u00cdNCIA... - R\u00e1dio Life FM","og_description":"\u201cAs cidades n\u00e3o s\u00e3o p\u00e1trias. \u00c9 na prov\u00edncia que se encontra o car\u00e1cter e a m\u00edstica duma na\u00e7\u00e3o, e os grandes escritores deixam-se amarrar ao esp\u00edrito das terras nulas e sensatas a que extraem um brilho que a pedra polida da capital n\u00e3o tem.\u201d\u00a0 (\u00a0Agustina Bessa-Lu\u00eds)\u00a0 \/ &#8211;\u00a0https:\/\/kdfrases.com\/frase\/143942in \u00a0https:\/\/kdfrases.com\/frase\/143942 By seb@r. Muitas pessoas, ainda, ficam [&hellip;]","og_url":"https:\/\/radiolifefm.com.br\/noticias\/e-a-provincia-continua-sendo-uma-provincia-2\/","og_site_name":"R\u00e1dio Life FM","article_publisher":"https:\/\/www.facebook.com\/radiolifefm\/","article_published_time":"2025-06-11T11:54:51+00:00","article_modified_time":"2026-01-13T17:57:25+00:00","og_image":[{"width":972,"height":1296,"url":"https:\/\/radiolifefm.com.br\/noticias\/wp-content\/uploads\/2022\/04\/WhatsApp-Image-2022-04-10-at-18.43.02.jpeg","type":"image\/jpeg"}],"author":"ritanery","twitter_card":"summary_large_image","twitter_misc":{"Escrito por":"ritanery","Est. tempo de leitura":"3 minutos"},"schema":{"@context":"https:\/\/schema.org","@graph":[{"@type":"Article","@id":"https:\/\/radiolifefm.com.br\/noticias\/e-a-provincia-continua-sendo-uma-provincia-2\/#article","isPartOf":{"@id":"https:\/\/radiolifefm.com.br\/noticias\/e-a-provincia-continua-sendo-uma-provincia-2\/"},"author":{"name":"ritanery","@id":"https:\/\/radiolifefm.com.br\/noticias\/#\/schema\/person\/6339b9fac59d12b071dec680d7375d87"},"headline":"E A PROV\u00cdNCIA CONTINUA SENDO UMA PROV\u00cdNCIA&#8230;","datePublished":"2025-06-11T11:54:51+00:00","dateModified":"2026-01-13T17:57:25+00:00","mainEntityOfPage":{"@id":"https:\/\/radiolifefm.com.br\/noticias\/e-a-provincia-continua-sendo-uma-provincia-2\/"},"wordCount":400,"publisher":{"@id":"https:\/\/radiolifefm.com.br\/noticias\/#organization"},"image":{"@id":"https:\/\/radiolifefm.com.br\/noticias\/e-a-provincia-continua-sendo-uma-provincia-2\/#primaryimage"},"thumbnailUrl":"https:\/\/radiolifefm.com.br\/noticias\/wp-content\/uploads\/2022\/04\/WhatsApp-Image-2022-04-10-at-18.43.02.jpeg","articleSection":["Opini\u00e3o"],"inLanguage":"pt-BR"},{"@type":"WebPage","@id":"https:\/\/radiolifefm.com.br\/noticias\/e-a-provincia-continua-sendo-uma-provincia-2\/","url":"https:\/\/radiolifefm.com.br\/noticias\/e-a-provincia-continua-sendo-uma-provincia-2\/","name":"E A PROV\u00cdNCIA CONTINUA SENDO UMA PROV\u00cdNCIA... - R\u00e1dio Life FM","isPartOf":{"@id":"https:\/\/radiolifefm.com.br\/noticias\/#website"},"primaryImageOfPage":{"@id":"https:\/\/radiolifefm.com.br\/noticias\/e-a-provincia-continua-sendo-uma-provincia-2\/#primaryimage"},"image":{"@id":"https:\/\/radiolifefm.com.br\/noticias\/e-a-provincia-continua-sendo-uma-provincia-2\/#primaryimage"},"thumbnailUrl":"https:\/\/radiolifefm.com.br\/noticias\/wp-content\/uploads\/2022\/04\/WhatsApp-Image-2022-04-10-at-18.43.02.jpeg","datePublished":"2025-06-11T11:54:51+00:00","dateModified":"2026-01-13T17:57:25+00:00","breadcrumb":{"@id":"https:\/\/radiolifefm.com.br\/noticias\/e-a-provincia-continua-sendo-uma-provincia-2\/#breadcrumb"},"inLanguage":"pt-BR","potentialAction":[{"@type":"ReadAction","target":["https:\/\/radiolifefm.com.br\/noticias\/e-a-provincia-continua-sendo-uma-provincia-2\/"]}]},{"@type":"ImageObject","inLanguage":"pt-BR","@id":"https:\/\/radiolifefm.com.br\/noticias\/e-a-provincia-continua-sendo-uma-provincia-2\/#primaryimage","url":"https:\/\/radiolifefm.com.br\/noticias\/wp-content\/uploads\/2022\/04\/WhatsApp-Image-2022-04-10-at-18.43.02.jpeg","contentUrl":"https:\/\/radiolifefm.com.br\/noticias\/wp-content\/uploads\/2022\/04\/WhatsApp-Image-2022-04-10-at-18.43.02.jpeg","width":972,"height":1296,"caption":"S\u00e9rgio Barbosa"},{"@type":"BreadcrumbList","@id":"https:\/\/radiolifefm.com.br\/noticias\/e-a-provincia-continua-sendo-uma-provincia-2\/#breadcrumb","itemListElement":[{"@type":"ListItem","position":1,"name":"In\u00edcio","item":"https:\/\/radiolifefm.com.br\/noticias\/"},{"@type":"ListItem","position":2,"name":"E A PROV\u00cdNCIA CONTINUA SENDO UMA PROV\u00cdNCIA&#8230;"}]},{"@type":"WebSite","@id":"https:\/\/radiolifefm.com.br\/noticias\/#website","url":"https:\/\/radiolifefm.com.br\/noticias\/","name":"R\u00e1dio Life FM","description":"O Portal de Not\u00edcias de Adamantina","publisher":{"@id":"https:\/\/radiolifefm.com.br\/noticias\/#organization"},"alternateName":"Life FM","potentialAction":[{"@type":"SearchAction","target":{"@type":"EntryPoint","urlTemplate":"https:\/\/radiolifefm.com.br\/noticias\/?s={search_term_string}"},"query-input":{"@type":"PropertyValueSpecification","valueRequired":true,"valueName":"search_term_string"}}],"inLanguage":"pt-BR"},{"@type":"Organization","@id":"https:\/\/radiolifefm.com.br\/noticias\/#organization","name":"R\u00e1dio Life FM","alternateName":"Life FM","url":"https:\/\/radiolifefm.com.br\/noticias\/","logo":{"@type":"ImageObject","inLanguage":"pt-BR","@id":"https:\/\/radiolifefm.com.br\/noticias\/#\/schema\/logo\/image\/","url":"https:\/\/static.radiolifefm.com.br\/noticias\/wp-content\/uploads\/2019\/10\/logo-lifefm.png","contentUrl":"https:\/\/static.radiolifefm.com.br\/noticias\/wp-content\/uploads\/2019\/10\/logo-lifefm.png","width":196,"height":47,"caption":"R\u00e1dio Life FM"},"image":{"@id":"https:\/\/radiolifefm.com.br\/noticias\/#\/schema\/logo\/image\/"},"sameAs":["https:\/\/www.facebook.com\/radiolifefm\/","https:\/\/www.instagram.com\/life1079fm\/"]},{"@type":"Person","@id":"https:\/\/radiolifefm.com.br\/noticias\/#\/schema\/person\/6339b9fac59d12b071dec680d7375d87","name":"ritanery","image":{"@type":"ImageObject","inLanguage":"pt-BR","@id":"https:\/\/secure.gravatar.com\/avatar\/0e37bb19071f47c0b8a23f62a903df117c5a0e75f65a0c2901562f97cd41cf86?s=96&d=mm&r=g","url":"https:\/\/secure.gravatar.com\/avatar\/0e37bb19071f47c0b8a23f62a903df117c5a0e75f65a0c2901562f97cd41cf86?s=96&d=mm&r=g","contentUrl":"https:\/\/secure.gravatar.com\/avatar\/0e37bb19071f47c0b8a23f62a903df117c5a0e75f65a0c2901562f97cd41cf86?s=96&d=mm&r=g","caption":"ritanery"}}]}},"amp_enabled":true,"_links":{"self":[{"href":"https:\/\/radiolifefm.com.br\/noticias\/wp-json\/wp\/v2\/posts\/101863","targetHints":{"allow":["GET"]}}],"collection":[{"href":"https:\/\/radiolifefm.com.br\/noticias\/wp-json\/wp\/v2\/posts"}],"about":[{"href":"https:\/\/radiolifefm.com.br\/noticias\/wp-json\/wp\/v2\/types\/post"}],"author":[{"embeddable":true,"href":"https:\/\/radiolifefm.com.br\/noticias\/wp-json\/wp\/v2\/users\/13"}],"replies":[{"embeddable":true,"href":"https:\/\/radiolifefm.com.br\/noticias\/wp-json\/wp\/v2\/comments?post=101863"}],"version-history":[{"count":1,"href":"https:\/\/radiolifefm.com.br\/noticias\/wp-json\/wp\/v2\/posts\/101863\/revisions"}],"predecessor-version":[{"id":101864,"href":"https:\/\/radiolifefm.com.br\/noticias\/wp-json\/wp\/v2\/posts\/101863\/revisions\/101864"}],"wp:featuredmedia":[{"embeddable":true,"href":"https:\/\/radiolifefm.com.br\/noticias\/wp-json\/wp\/v2\/media\/51988"}],"wp:attachment":[{"href":"https:\/\/radiolifefm.com.br\/noticias\/wp-json\/wp\/v2\/media?parent=101863"}],"wp:term":[{"taxonomy":"category","embeddable":true,"href":"https:\/\/radiolifefm.com.br\/noticias\/wp-json\/wp\/v2\/categories?post=101863"},{"taxonomy":"post_tag","embeddable":true,"href":"https:\/\/radiolifefm.com.br\/noticias\/wp-json\/wp\/v2\/tags?post=101863"}],"curies":[{"name":"wp","href":"https:\/\/api.w.org\/{rel}","templated":true}]}}