{"id":101822,"date":"2025-06-10T14:01:06","date_gmt":"2025-06-10T17:01:06","guid":{"rendered":"https:\/\/radiolifefm.com.br\/noticias\/?p=101822"},"modified":"2026-04-04T23:13:35","modified_gmt":"2026-04-05T02:13:35","slug":"carlos-bocchi-a-lideranca-no-agronegocio-e-o-compromisso-social","status":"publish","type":"post","link":"https:\/\/radiolifefm.com.br\/noticias\/carlos-bocchi-a-lideranca-no-agronegocio-e-o-compromisso-social\/","title":{"rendered":"Carlos Bocchi: A Lideran\u00e7a no Agroneg\u00f3cio e o Compromisso Social"},"content":{"rendered":"<div id=\"fb-root\"><\/div>\n<p>&nbsp;<\/p>\n<p>Na \u00faltima segunda-feira, 9 de junho, o podcast Prosa do Campo, transmitido pela Life FM 107,9MHz e por suas plataformas digitais, abordou o tema Lideran\u00e7a com Prop\u00f3sito: Entre o Campo, a Comunidade e o Futuro. O programa, apresentado por Cristiano do Mour\u00e3o, teve como convidado Carlos Bocchi, gerente da Camda e presidente da APAE.<\/p>\n<div class='flex flex-wrap items-center -mx-1'>\r\n<a class='thumbnail gallery p-1 w-1\/2 md:w-1\/4' href='https:\/\/radiolifefm.com.br\/noticias\/wp-content\/uploads\/2025\/06\/Marca-dagua-PROSA-DO-CAMPO-16.jpg'><img class='border border-white' src='https:\/\/radiolifefm.com.br\/noticias\/wp-content\/uploads\/2025\/06\/Marca-dagua-PROSA-DO-CAMPO-16-200x200.jpg' alt='Marca D'agua PROSA DO CAMPO (16)' \/><\/a><a class='thumbnail gallery p-1 w-1\/2 md:w-1\/4' href='https:\/\/radiolifefm.com.br\/noticias\/wp-content\/uploads\/2025\/06\/Marca-dagua-PROSA-DO-CAMPO-17.jpg'><img class='border border-white' src='https:\/\/radiolifefm.com.br\/noticias\/wp-content\/uploads\/2025\/06\/Marca-dagua-PROSA-DO-CAMPO-17-200x200.jpg' alt='Marca D'agua PROSA DO CAMPO (17)' \/><\/a><\/div>\n<p>Durante a entrevista, Bocchi compartilhou sua trajet\u00f3ria como empreendedor e produtor rural, destacando sua atua\u00e7\u00e3o na regi\u00e3o e em diversos outros locais onde j\u00e1 trabalhou. Ele ressaltou a import\u00e2ncia de fortalecer o relacionamento com os produtores rurais, enfatizando seu compromisso com a valoriza\u00e7\u00e3o do trabalho no campo e o desenvolvimento do agroneg\u00f3cio.<\/p>\n<div class='flex flex-wrap items-center -mx-1'>\r\n<a class='thumbnail gallery p-1 w-1\/2 md:w-1\/4' href='https:\/\/radiolifefm.com.br\/noticias\/wp-content\/uploads\/2025\/06\/Marca-dagua-PROSA-DO-CAMPO-18.jpg'><img class='border border-white' src='https:\/\/radiolifefm.com.br\/noticias\/wp-content\/uploads\/2025\/06\/Marca-dagua-PROSA-DO-CAMPO-18-200x200.jpg' alt='Marca D'agua PROSA DO CAMPO (18)' \/><\/a><a class='thumbnail gallery p-1 w-1\/2 md:w-1\/4' href='https:\/\/radiolifefm.com.br\/noticias\/wp-content\/uploads\/2025\/06\/Marca-dagua-PROSA-DO-CAMPO-19.jpg'><img class='border border-white' src='https:\/\/radiolifefm.com.br\/noticias\/wp-content\/uploads\/2025\/06\/Marca-dagua-PROSA-DO-CAMPO-19-200x200.jpg' alt='Marca D'agua PROSA DO CAMPO (19)' \/><\/a><\/div>\n<p>Al\u00e9m de sua atua\u00e7\u00e3o profissional, Bocchi se dedica voluntariamente \u00e0 APAE, assumindo a presid\u00eancia da institui\u00e7\u00e3o e contribuindo para iniciativas que impactam positivamente a comunidade. Seu envolvimento refor\u00e7a a necessidade de lideran\u00e7a comprometida n\u00e3o apenas com o setor agr\u00edcola, mas tamb\u00e9m com o bem-estar social.<\/p>\n<div class='flex flex-wrap items-center -mx-1'>\r\n<a class='thumbnail gallery p-1 w-1\/2 md:w-1\/4' href='https:\/\/radiolifefm.com.br\/noticias\/wp-content\/uploads\/2025\/06\/Marca-dagua-PROSA-DO-CAMPO-20.jpg'><img class='border border-white' src='https:\/\/radiolifefm.com.br\/noticias\/wp-content\/uploads\/2025\/06\/Marca-dagua-PROSA-DO-CAMPO-20-200x200.jpg' alt='Marca D'agua PROSA DO CAMPO (20)' \/><\/a><a class='thumbnail gallery p-1 w-1\/2 md:w-1\/4' href='https:\/\/radiolifefm.com.br\/noticias\/wp-content\/uploads\/2025\/06\/Marca-dagua-PROSA-DO-CAMPO-15.jpg'><img class='border border-white' src='https:\/\/radiolifefm.com.br\/noticias\/wp-content\/uploads\/2025\/06\/Marca-dagua-PROSA-DO-CAMPO-15-200x200.jpg' alt='Marca D'agua PROSA DO CAMPO (15)' \/><\/a><\/div>\n<p>O Prosa do Campo tem se consolidado como um espa\u00e7o de di\u00e1logo relevante para o agroneg\u00f3cio, proporcionando discuss\u00f5es enriquecedoras e aproximando os ouvintes das realidades do campo. Para conferir a edi\u00e7\u00e3o completa do programa e aprofundar-se na tem\u00e1tica, acesse o link disponibilizado.<\/p>\n<p><a href=\"https:\/\/www.youtube.com\/watch?v=MkoNJXHf_1U\">https:\/\/www.youtube.com\/watch?v=MkoNJXHf_1U<\/a><\/p>\n","protected":false},"excerpt":{"rendered":"<p>&nbsp; Na \u00faltima segunda-feira, 9 de junho, o podcast Prosa do Campo, transmitido pela Life FM 107,9MHz e por suas plataformas digitais, abordou o tema Lideran\u00e7a com Prop\u00f3sito: Entre o Campo, a Comunidade e o Futuro. O programa, apresentado por Cristiano do Mour\u00e3o, teve como convidado Carlos Bocchi, gerente da Camda e presidente da APAE. [&hellip;]<\/p>\n","protected":false},"author":8,"featured_media":101829,"comment_status":"closed","ping_status":"open","sticky":false,"template":"","format":"standard","meta":{"_acf_changed":false,"_exactmetrics_skip_tracking":false,"_exactmetrics_sitenote_active":false,"_exactmetrics_sitenote_note":"","_exactmetrics_sitenote_category":0,"footnotes":""},"categories":[191],"tags":[],"class_list":["post-101822","post","type-post","status-publish","format-standard","has-post-thumbnail","hentry","category-prosa-do-campo"],"acf":[],"yoast_head":"<!-- This site is optimized with the Yoast SEO plugin v27.2 - https:\/\/yoast.com\/product\/yoast-seo-wordpress\/ -->\n<title>Carlos Bocchi: A Lideran\u00e7a no Agroneg\u00f3cio e o Compromisso Social - R\u00e1dio Life FM<\/title>\n<meta name=\"robots\" content=\"index, follow, max-snippet:-1, max-image-preview:large, max-video-preview:-1\" \/>\n<link rel=\"canonical\" href=\"https:\/\/radiolifefm.com.br\/noticias\/carlos-bocchi-a-lideranca-no-agronegocio-e-o-compromisso-social\/\" \/>\n<meta property=\"og:locale\" content=\"pt_BR\" \/>\n<meta property=\"og:type\" content=\"article\" \/>\n<meta property=\"og:title\" content=\"Carlos Bocchi: A Lideran\u00e7a no Agroneg\u00f3cio e o Compromisso Social - R\u00e1dio Life FM\" \/>\n<meta property=\"og:description\" content=\"&nbsp; Na \u00faltima segunda-feira, 9 de junho, o podcast Prosa do Campo, transmitido pela Life FM 107,9MHz e por suas plataformas digitais, abordou o tema Lideran\u00e7a com Prop\u00f3sito: Entre o Campo, a Comunidade e o Futuro. O programa, apresentado por Cristiano do Mour\u00e3o, teve como convidado Carlos Bocchi, gerente da Camda e presidente da APAE. [&hellip;]\" \/>\n<meta property=\"og:url\" content=\"https:\/\/radiolifefm.com.br\/noticias\/carlos-bocchi-a-lideranca-no-agronegocio-e-o-compromisso-social\/\" \/>\n<meta property=\"og:site_name\" content=\"R\u00e1dio Life FM\" \/>\n<meta property=\"article:publisher\" content=\"https:\/\/www.facebook.com\/radiolifefm\/\" \/>\n<meta property=\"article:published_time\" content=\"2025-06-10T17:01:06+00:00\" \/>\n<meta property=\"article:modified_time\" content=\"2026-04-05T02:13:35+00:00\" \/>\n<meta property=\"og:image\" content=\"https:\/\/radiolifefm.com.br\/noticias\/wp-content\/uploads\/2025\/06\/WhatsApp-Image-2025-06-10-at-13.43.59-e1749574766173.jpeg\" \/>\n\t<meta property=\"og:image:width\" content=\"1200\" \/>\n\t<meta property=\"og:image:height\" content=\"1232\" \/>\n\t<meta property=\"og:image:type\" content=\"image\/jpeg\" \/>\n<meta name=\"author\" content=\"joaograndao\" \/>\n<meta name=\"twitter:card\" content=\"summary_large_image\" \/>\n<meta name=\"twitter:label1\" content=\"Escrito por\" \/>\n\t<meta name=\"twitter:data1\" content=\"joaograndao\" \/>\n\t<meta name=\"twitter:label2\" content=\"Est. tempo de leitura\" \/>\n\t<meta name=\"twitter:data2\" content=\"2 minutos\" \/>\n<script type=\"application\/ld+json\" class=\"yoast-schema-graph\">{\"@context\":\"https:\/\/schema.org\",\"@graph\":[{\"@type\":\"Article\",\"@id\":\"https:\/\/radiolifefm.com.br\/noticias\/carlos-bocchi-a-lideranca-no-agronegocio-e-o-compromisso-social\/#article\",\"isPartOf\":{\"@id\":\"https:\/\/radiolifefm.com.br\/noticias\/carlos-bocchi-a-lideranca-no-agronegocio-e-o-compromisso-social\/\"},\"author\":{\"name\":\"joaograndao\",\"@id\":\"https:\/\/radiolifefm.com.br\/noticias\/#\/schema\/person\/6876e1240feffe6e1b63fd5cb85abf28\"},\"headline\":\"Carlos Bocchi: A Lideran\u00e7a no Agroneg\u00f3cio e o Compromisso Social\",\"datePublished\":\"2025-06-10T17:01:06+00:00\",\"dateModified\":\"2026-04-05T02:13:35+00:00\",\"mainEntityOfPage\":{\"@id\":\"https:\/\/radiolifefm.com.br\/noticias\/carlos-bocchi-a-lideranca-no-agronegocio-e-o-compromisso-social\/\"},\"wordCount\":242,\"publisher\":{\"@id\":\"https:\/\/radiolifefm.com.br\/noticias\/#organization\"},\"image\":{\"@id\":\"https:\/\/radiolifefm.com.br\/noticias\/carlos-bocchi-a-lideranca-no-agronegocio-e-o-compromisso-social\/#primaryimage\"},\"thumbnailUrl\":\"https:\/\/radiolifefm.com.br\/noticias\/wp-content\/uploads\/2025\/06\/WhatsApp-Image-2025-06-10-at-13.43.59-e1749574766173.jpeg\",\"articleSection\":[\"Prosa do Campo\"],\"inLanguage\":\"pt-BR\"},{\"@type\":\"WebPage\",\"@id\":\"https:\/\/radiolifefm.com.br\/noticias\/carlos-bocchi-a-lideranca-no-agronegocio-e-o-compromisso-social\/\",\"url\":\"https:\/\/radiolifefm.com.br\/noticias\/carlos-bocchi-a-lideranca-no-agronegocio-e-o-compromisso-social\/\",\"name\":\"Carlos Bocchi: A Lideran\u00e7a no Agroneg\u00f3cio e o Compromisso Social - R\u00e1dio Life FM\",\"isPartOf\":{\"@id\":\"https:\/\/radiolifefm.com.br\/noticias\/#website\"},\"primaryImageOfPage\":{\"@id\":\"https:\/\/radiolifefm.com.br\/noticias\/carlos-bocchi-a-lideranca-no-agronegocio-e-o-compromisso-social\/#primaryimage\"},\"image\":{\"@id\":\"https:\/\/radiolifefm.com.br\/noticias\/carlos-bocchi-a-lideranca-no-agronegocio-e-o-compromisso-social\/#primaryimage\"},\"thumbnailUrl\":\"https:\/\/radiolifefm.com.br\/noticias\/wp-content\/uploads\/2025\/06\/WhatsApp-Image-2025-06-10-at-13.43.59-e1749574766173.jpeg\",\"datePublished\":\"2025-06-10T17:01:06+00:00\",\"dateModified\":\"2026-04-05T02:13:35+00:00\",\"breadcrumb\":{\"@id\":\"https:\/\/radiolifefm.com.br\/noticias\/carlos-bocchi-a-lideranca-no-agronegocio-e-o-compromisso-social\/#breadcrumb\"},\"inLanguage\":\"pt-BR\",\"potentialAction\":[{\"@type\":\"ReadAction\",\"target\":[\"https:\/\/radiolifefm.com.br\/noticias\/carlos-bocchi-a-lideranca-no-agronegocio-e-o-compromisso-social\/\"]}]},{\"@type\":\"ImageObject\",\"inLanguage\":\"pt-BR\",\"@id\":\"https:\/\/radiolifefm.com.br\/noticias\/carlos-bocchi-a-lideranca-no-agronegocio-e-o-compromisso-social\/#primaryimage\",\"url\":\"https:\/\/radiolifefm.com.br\/noticias\/wp-content\/uploads\/2025\/06\/WhatsApp-Image-2025-06-10-at-13.43.59-e1749574766173.jpeg\",\"contentUrl\":\"https:\/\/radiolifefm.com.br\/noticias\/wp-content\/uploads\/2025\/06\/WhatsApp-Image-2025-06-10-at-13.43.59-e1749574766173.jpeg\",\"width\":1200,\"height\":1232},{\"@type\":\"BreadcrumbList\",\"@id\":\"https:\/\/radiolifefm.com.br\/noticias\/carlos-bocchi-a-lideranca-no-agronegocio-e-o-compromisso-social\/#breadcrumb\",\"itemListElement\":[{\"@type\":\"ListItem\",\"position\":1,\"name\":\"In\u00edcio\",\"item\":\"https:\/\/radiolifefm.com.br\/noticias\/\"},{\"@type\":\"ListItem\",\"position\":2,\"name\":\"Carlos Bocchi: A Lideran\u00e7a no Agroneg\u00f3cio e o Compromisso Social\"}]},{\"@type\":\"WebSite\",\"@id\":\"https:\/\/radiolifefm.com.br\/noticias\/#website\",\"url\":\"https:\/\/radiolifefm.com.br\/noticias\/\",\"name\":\"R\u00e1dio Life FM\",\"description\":\"O Portal de Not\u00edcias de Adamantina\",\"publisher\":{\"@id\":\"https:\/\/radiolifefm.com.br\/noticias\/#organization\"},\"alternateName\":\"Life FM\",\"potentialAction\":[{\"@type\":\"SearchAction\",\"target\":{\"@type\":\"EntryPoint\",\"urlTemplate\":\"https:\/\/radiolifefm.com.br\/noticias\/?s={search_term_string}\"},\"query-input\":{\"@type\":\"PropertyValueSpecification\",\"valueRequired\":true,\"valueName\":\"search_term_string\"}}],\"inLanguage\":\"pt-BR\"},{\"@type\":\"Organization\",\"@id\":\"https:\/\/radiolifefm.com.br\/noticias\/#organization\",\"name\":\"R\u00e1dio Life FM\",\"alternateName\":\"Life FM\",\"url\":\"https:\/\/radiolifefm.com.br\/noticias\/\",\"logo\":{\"@type\":\"ImageObject\",\"inLanguage\":\"pt-BR\",\"@id\":\"https:\/\/radiolifefm.com.br\/noticias\/#\/schema\/logo\/image\/\",\"url\":\"https:\/\/static.radiolifefm.com.br\/noticias\/wp-content\/uploads\/2019\/10\/logo-lifefm.png\",\"contentUrl\":\"https:\/\/static.radiolifefm.com.br\/noticias\/wp-content\/uploads\/2019\/10\/logo-lifefm.png\",\"width\":196,\"height\":47,\"caption\":\"R\u00e1dio Life FM\"},\"image\":{\"@id\":\"https:\/\/radiolifefm.com.br\/noticias\/#\/schema\/logo\/image\/\"},\"sameAs\":[\"https:\/\/www.facebook.com\/radiolifefm\/\",\"https:\/\/www.instagram.com\/life1079fm\/\"]},{\"@type\":\"Person\",\"@id\":\"https:\/\/radiolifefm.com.br\/noticias\/#\/schema\/person\/6876e1240feffe6e1b63fd5cb85abf28\",\"name\":\"joaograndao\",\"image\":{\"@type\":\"ImageObject\",\"inLanguage\":\"pt-BR\",\"@id\":\"https:\/\/secure.gravatar.com\/avatar\/d5b1a3cf357ed9c50404e256a1294083aa8ab5d2a994001567302786016cb32c?s=96&d=mm&r=g\",\"url\":\"https:\/\/secure.gravatar.com\/avatar\/d5b1a3cf357ed9c50404e256a1294083aa8ab5d2a994001567302786016cb32c?s=96&d=mm&r=g\",\"contentUrl\":\"https:\/\/secure.gravatar.com\/avatar\/d5b1a3cf357ed9c50404e256a1294083aa8ab5d2a994001567302786016cb32c?s=96&d=mm&r=g\",\"caption\":\"joaograndao\"}}]}<\/script>\n<!-- \/ Yoast SEO plugin. -->","yoast_head_json":{"title":"Carlos Bocchi: A Lideran\u00e7a no Agroneg\u00f3cio e o Compromisso Social - R\u00e1dio Life FM","robots":{"index":"index","follow":"follow","max-snippet":"max-snippet:-1","max-image-preview":"max-image-preview:large","max-video-preview":"max-video-preview:-1"},"canonical":"https:\/\/radiolifefm.com.br\/noticias\/carlos-bocchi-a-lideranca-no-agronegocio-e-o-compromisso-social\/","og_locale":"pt_BR","og_type":"article","og_title":"Carlos Bocchi: A Lideran\u00e7a no Agroneg\u00f3cio e o Compromisso Social - R\u00e1dio Life FM","og_description":"&nbsp; Na \u00faltima segunda-feira, 9 de junho, o podcast Prosa do Campo, transmitido pela Life FM 107,9MHz e por suas plataformas digitais, abordou o tema Lideran\u00e7a com Prop\u00f3sito: Entre o Campo, a Comunidade e o Futuro. O programa, apresentado por Cristiano do Mour\u00e3o, teve como convidado Carlos Bocchi, gerente da Camda e presidente da APAE. [&hellip;]","og_url":"https:\/\/radiolifefm.com.br\/noticias\/carlos-bocchi-a-lideranca-no-agronegocio-e-o-compromisso-social\/","og_site_name":"R\u00e1dio Life FM","article_publisher":"https:\/\/www.facebook.com\/radiolifefm\/","article_published_time":"2025-06-10T17:01:06+00:00","article_modified_time":"2026-04-05T02:13:35+00:00","og_image":[{"width":1200,"height":1232,"url":"https:\/\/radiolifefm.com.br\/noticias\/wp-content\/uploads\/2025\/06\/WhatsApp-Image-2025-06-10-at-13.43.59-e1749574766173.jpeg","type":"image\/jpeg"}],"author":"joaograndao","twitter_card":"summary_large_image","twitter_misc":{"Escrito por":"joaograndao","Est. tempo de leitura":"2 minutos"},"schema":{"@context":"https:\/\/schema.org","@graph":[{"@type":"Article","@id":"https:\/\/radiolifefm.com.br\/noticias\/carlos-bocchi-a-lideranca-no-agronegocio-e-o-compromisso-social\/#article","isPartOf":{"@id":"https:\/\/radiolifefm.com.br\/noticias\/carlos-bocchi-a-lideranca-no-agronegocio-e-o-compromisso-social\/"},"author":{"name":"joaograndao","@id":"https:\/\/radiolifefm.com.br\/noticias\/#\/schema\/person\/6876e1240feffe6e1b63fd5cb85abf28"},"headline":"Carlos Bocchi: A Lideran\u00e7a no Agroneg\u00f3cio e o Compromisso Social","datePublished":"2025-06-10T17:01:06+00:00","dateModified":"2026-04-05T02:13:35+00:00","mainEntityOfPage":{"@id":"https:\/\/radiolifefm.com.br\/noticias\/carlos-bocchi-a-lideranca-no-agronegocio-e-o-compromisso-social\/"},"wordCount":242,"publisher":{"@id":"https:\/\/radiolifefm.com.br\/noticias\/#organization"},"image":{"@id":"https:\/\/radiolifefm.com.br\/noticias\/carlos-bocchi-a-lideranca-no-agronegocio-e-o-compromisso-social\/#primaryimage"},"thumbnailUrl":"https:\/\/radiolifefm.com.br\/noticias\/wp-content\/uploads\/2025\/06\/WhatsApp-Image-2025-06-10-at-13.43.59-e1749574766173.jpeg","articleSection":["Prosa do Campo"],"inLanguage":"pt-BR"},{"@type":"WebPage","@id":"https:\/\/radiolifefm.com.br\/noticias\/carlos-bocchi-a-lideranca-no-agronegocio-e-o-compromisso-social\/","url":"https:\/\/radiolifefm.com.br\/noticias\/carlos-bocchi-a-lideranca-no-agronegocio-e-o-compromisso-social\/","name":"Carlos Bocchi: A Lideran\u00e7a no Agroneg\u00f3cio e o Compromisso Social - R\u00e1dio Life FM","isPartOf":{"@id":"https:\/\/radiolifefm.com.br\/noticias\/#website"},"primaryImageOfPage":{"@id":"https:\/\/radiolifefm.com.br\/noticias\/carlos-bocchi-a-lideranca-no-agronegocio-e-o-compromisso-social\/#primaryimage"},"image":{"@id":"https:\/\/radiolifefm.com.br\/noticias\/carlos-bocchi-a-lideranca-no-agronegocio-e-o-compromisso-social\/#primaryimage"},"thumbnailUrl":"https:\/\/radiolifefm.com.br\/noticias\/wp-content\/uploads\/2025\/06\/WhatsApp-Image-2025-06-10-at-13.43.59-e1749574766173.jpeg","datePublished":"2025-06-10T17:01:06+00:00","dateModified":"2026-04-05T02:13:35+00:00","breadcrumb":{"@id":"https:\/\/radiolifefm.com.br\/noticias\/carlos-bocchi-a-lideranca-no-agronegocio-e-o-compromisso-social\/#breadcrumb"},"inLanguage":"pt-BR","potentialAction":[{"@type":"ReadAction","target":["https:\/\/radiolifefm.com.br\/noticias\/carlos-bocchi-a-lideranca-no-agronegocio-e-o-compromisso-social\/"]}]},{"@type":"ImageObject","inLanguage":"pt-BR","@id":"https:\/\/radiolifefm.com.br\/noticias\/carlos-bocchi-a-lideranca-no-agronegocio-e-o-compromisso-social\/#primaryimage","url":"https:\/\/radiolifefm.com.br\/noticias\/wp-content\/uploads\/2025\/06\/WhatsApp-Image-2025-06-10-at-13.43.59-e1749574766173.jpeg","contentUrl":"https:\/\/radiolifefm.com.br\/noticias\/wp-content\/uploads\/2025\/06\/WhatsApp-Image-2025-06-10-at-13.43.59-e1749574766173.jpeg","width":1200,"height":1232},{"@type":"BreadcrumbList","@id":"https:\/\/radiolifefm.com.br\/noticias\/carlos-bocchi-a-lideranca-no-agronegocio-e-o-compromisso-social\/#breadcrumb","itemListElement":[{"@type":"ListItem","position":1,"name":"In\u00edcio","item":"https:\/\/radiolifefm.com.br\/noticias\/"},{"@type":"ListItem","position":2,"name":"Carlos Bocchi: A Lideran\u00e7a no Agroneg\u00f3cio e o Compromisso Social"}]},{"@type":"WebSite","@id":"https:\/\/radiolifefm.com.br\/noticias\/#website","url":"https:\/\/radiolifefm.com.br\/noticias\/","name":"R\u00e1dio Life FM","description":"O Portal de Not\u00edcias de Adamantina","publisher":{"@id":"https:\/\/radiolifefm.com.br\/noticias\/#organization"},"alternateName":"Life FM","potentialAction":[{"@type":"SearchAction","target":{"@type":"EntryPoint","urlTemplate":"https:\/\/radiolifefm.com.br\/noticias\/?s={search_term_string}"},"query-input":{"@type":"PropertyValueSpecification","valueRequired":true,"valueName":"search_term_string"}}],"inLanguage":"pt-BR"},{"@type":"Organization","@id":"https:\/\/radiolifefm.com.br\/noticias\/#organization","name":"R\u00e1dio Life FM","alternateName":"Life FM","url":"https:\/\/radiolifefm.com.br\/noticias\/","logo":{"@type":"ImageObject","inLanguage":"pt-BR","@id":"https:\/\/radiolifefm.com.br\/noticias\/#\/schema\/logo\/image\/","url":"https:\/\/static.radiolifefm.com.br\/noticias\/wp-content\/uploads\/2019\/10\/logo-lifefm.png","contentUrl":"https:\/\/static.radiolifefm.com.br\/noticias\/wp-content\/uploads\/2019\/10\/logo-lifefm.png","width":196,"height":47,"caption":"R\u00e1dio Life FM"},"image":{"@id":"https:\/\/radiolifefm.com.br\/noticias\/#\/schema\/logo\/image\/"},"sameAs":["https:\/\/www.facebook.com\/radiolifefm\/","https:\/\/www.instagram.com\/life1079fm\/"]},{"@type":"Person","@id":"https:\/\/radiolifefm.com.br\/noticias\/#\/schema\/person\/6876e1240feffe6e1b63fd5cb85abf28","name":"joaograndao","image":{"@type":"ImageObject","inLanguage":"pt-BR","@id":"https:\/\/secure.gravatar.com\/avatar\/d5b1a3cf357ed9c50404e256a1294083aa8ab5d2a994001567302786016cb32c?s=96&d=mm&r=g","url":"https:\/\/secure.gravatar.com\/avatar\/d5b1a3cf357ed9c50404e256a1294083aa8ab5d2a994001567302786016cb32c?s=96&d=mm&r=g","contentUrl":"https:\/\/secure.gravatar.com\/avatar\/d5b1a3cf357ed9c50404e256a1294083aa8ab5d2a994001567302786016cb32c?s=96&d=mm&r=g","caption":"joaograndao"}}]}},"amp_enabled":true,"_links":{"self":[{"href":"https:\/\/radiolifefm.com.br\/noticias\/wp-json\/wp\/v2\/posts\/101822","targetHints":{"allow":["GET"]}}],"collection":[{"href":"https:\/\/radiolifefm.com.br\/noticias\/wp-json\/wp\/v2\/posts"}],"about":[{"href":"https:\/\/radiolifefm.com.br\/noticias\/wp-json\/wp\/v2\/types\/post"}],"author":[{"embeddable":true,"href":"https:\/\/radiolifefm.com.br\/noticias\/wp-json\/wp\/v2\/users\/8"}],"replies":[{"embeddable":true,"href":"https:\/\/radiolifefm.com.br\/noticias\/wp-json\/wp\/v2\/comments?post=101822"}],"version-history":[{"count":1,"href":"https:\/\/radiolifefm.com.br\/noticias\/wp-json\/wp\/v2\/posts\/101822\/revisions"}],"predecessor-version":[{"id":101830,"href":"https:\/\/radiolifefm.com.br\/noticias\/wp-json\/wp\/v2\/posts\/101822\/revisions\/101830"}],"wp:featuredmedia":[{"embeddable":true,"href":"https:\/\/radiolifefm.com.br\/noticias\/wp-json\/wp\/v2\/media\/101829"}],"wp:attachment":[{"href":"https:\/\/radiolifefm.com.br\/noticias\/wp-json\/wp\/v2\/media?parent=101822"}],"wp:term":[{"taxonomy":"category","embeddable":true,"href":"https:\/\/radiolifefm.com.br\/noticias\/wp-json\/wp\/v2\/categories?post=101822"},{"taxonomy":"post_tag","embeddable":true,"href":"https:\/\/radiolifefm.com.br\/noticias\/wp-json\/wp\/v2\/tags?post=101822"}],"curies":[{"name":"wp","href":"https:\/\/api.w.org\/{rel}","templated":true}]}}