{"id":101738,"date":"2025-06-09T10:20:57","date_gmt":"2025-06-09T13:20:57","guid":{"rendered":"https:\/\/radiolifefm.com.br\/noticias\/?p=101738"},"modified":"2026-04-16T13:38:32","modified_gmt":"2026-04-16T16:38:32","slug":"19-historias-de-amor-ja-inscritas-prazo-final-para-participacao-e-10-de-junho","status":"publish","type":"post","link":"https:\/\/radiolifefm.com.br\/noticias\/19-historias-de-amor-ja-inscritas-prazo-final-para-participacao-e-10-de-junho\/","title":{"rendered":"19 hist\u00f3rias de amor j\u00e1 inscritas \u2013 prazo final para participa\u00e7\u00e3o \u00e9 10 de junho"},"content":{"rendered":"<div id=\"fb-root\"><\/div>\n<p>&nbsp;<\/p>\n<p>A r\u00e1dio Life FM Adamantina comemora seu anivers\u00e1rio de 10 anos com uma campanha emocionante, oferecendo um casamento completo para 50 pessoas. A iniciativa refor\u00e7a os valores de f\u00e9, amor e fam\u00edlia, t\u00e3o presentes na programa\u00e7\u00e3o da emissora.<\/p>\n<p>At\u00e9 o momento, 19 casais j\u00e1 compartilharam suas hist\u00f3rias e garantiram sua inscri\u00e7\u00e3o, mas o prazo final est\u00e1 se aproximando \u2013 os interessados t\u00eam at\u00e9 o dia 10 de junho para participar e viver essa experi\u00eancia \u00fanica.<\/p>\n<p>Ap\u00f3s o encerramento das inscri\u00e7\u00f5es, quatro hist\u00f3rias ser\u00e3o selecionadas para serem apresentadas em entrevistas especiais na Life FM, emocionando os ouvintes com relatos inspiradores. O momento mais aguardado acontece no dia 20 de julho, durante um evento especial, onde ser\u00e1 revelado o casal vencedor, que ter\u00e1 seu casamento celebrado com o apoio da r\u00e1dio e seus parceiros.<\/p>\n<p>A Life FM, ao lado de colaboradores que compartilham a mesma vis\u00e3o, refor\u00e7a seu compromisso em construir la\u00e7os de fam\u00edlia com amor, tornando essa celebra\u00e7\u00e3o ainda mais especial. Para mais informa\u00e7\u00f5es e inscri\u00e7\u00f5es, acesse o link disponibilizado pela emissora e acredite no sonho do casamento!<\/p>\n","protected":false},"excerpt":{"rendered":"<p>&nbsp; A r\u00e1dio Life FM Adamantina comemora seu anivers\u00e1rio de 10 anos com uma campanha emocionante, oferecendo um casamento completo para 50 pessoas. A iniciativa refor\u00e7a os valores de f\u00e9, amor e fam\u00edlia, t\u00e3o presentes na programa\u00e7\u00e3o da emissora. At\u00e9 o momento, 19 casais j\u00e1 compartilharam suas hist\u00f3rias e garantiram sua inscri\u00e7\u00e3o, mas o prazo [&hellip;]<\/p>\n","protected":false},"author":8,"featured_media":101211,"comment_status":"closed","ping_status":"open","sticky":false,"template":"","format":"standard","meta":{"_acf_changed":false,"_exactmetrics_skip_tracking":false,"_exactmetrics_sitenote_active":false,"_exactmetrics_sitenote_note":"","_exactmetrics_sitenote_category":0,"footnotes":""},"categories":[1],"tags":[],"class_list":["post-101738","post","type-post","status-publish","format-standard","has-post-thumbnail","hentry","category-geral"],"acf":[],"yoast_head":"<!-- This site is optimized with the Yoast SEO plugin v27.2 - https:\/\/yoast.com\/product\/yoast-seo-wordpress\/ -->\n<title>19 hist\u00f3rias de amor j\u00e1 inscritas \u2013 prazo final para participa\u00e7\u00e3o \u00e9 10 de junho - R\u00e1dio Life FM<\/title>\n<meta name=\"robots\" content=\"index, follow, max-snippet:-1, max-image-preview:large, max-video-preview:-1\" \/>\n<link rel=\"canonical\" href=\"https:\/\/radiolifefm.com.br\/noticias\/19-historias-de-amor-ja-inscritas-prazo-final-para-participacao-e-10-de-junho\/\" \/>\n<meta property=\"og:locale\" content=\"pt_BR\" \/>\n<meta property=\"og:type\" content=\"article\" \/>\n<meta property=\"og:title\" content=\"19 hist\u00f3rias de amor j\u00e1 inscritas \u2013 prazo final para participa\u00e7\u00e3o \u00e9 10 de junho - R\u00e1dio Life FM\" \/>\n<meta property=\"og:description\" content=\"&nbsp; A r\u00e1dio Life FM Adamantina comemora seu anivers\u00e1rio de 10 anos com uma campanha emocionante, oferecendo um casamento completo para 50 pessoas. A iniciativa refor\u00e7a os valores de f\u00e9, amor e fam\u00edlia, t\u00e3o presentes na programa\u00e7\u00e3o da emissora. At\u00e9 o momento, 19 casais j\u00e1 compartilharam suas hist\u00f3rias e garantiram sua inscri\u00e7\u00e3o, mas o prazo [&hellip;]\" \/>\n<meta property=\"og:url\" content=\"https:\/\/radiolifefm.com.br\/noticias\/19-historias-de-amor-ja-inscritas-prazo-final-para-participacao-e-10-de-junho\/\" \/>\n<meta property=\"og:site_name\" content=\"R\u00e1dio Life FM\" \/>\n<meta property=\"article:publisher\" content=\"https:\/\/www.facebook.com\/radiolifefm\/\" \/>\n<meta property=\"article:published_time\" content=\"2025-06-09T13:20:57+00:00\" \/>\n<meta property=\"article:modified_time\" content=\"2026-04-16T16:38:32+00:00\" \/>\n<meta property=\"og:image\" content=\"https:\/\/radiolifefm.com.br\/noticias\/wp-content\/uploads\/2025\/05\/Seu-Casamento-na-Life-FM-LATERAL-DIREITA-360-x-360-px.jpg\" \/>\n\t<meta property=\"og:image:width\" content=\"360\" \/>\n\t<meta property=\"og:image:height\" content=\"360\" \/>\n\t<meta property=\"og:image:type\" content=\"image\/jpeg\" \/>\n<meta name=\"author\" content=\"joaograndao\" \/>\n<meta name=\"twitter:card\" content=\"summary_large_image\" \/>\n<meta name=\"twitter:label1\" content=\"Escrito por\" \/>\n\t<meta name=\"twitter:data1\" content=\"joaograndao\" \/>\n\t<meta name=\"twitter:label2\" content=\"Est. tempo de leitura\" \/>\n\t<meta name=\"twitter:data2\" content=\"2 minutos\" \/>\n<script type=\"application\/ld+json\" class=\"yoast-schema-graph\">{\"@context\":\"https:\/\/schema.org\",\"@graph\":[{\"@type\":\"Article\",\"@id\":\"https:\/\/radiolifefm.com.br\/noticias\/19-historias-de-amor-ja-inscritas-prazo-final-para-participacao-e-10-de-junho\/#article\",\"isPartOf\":{\"@id\":\"https:\/\/radiolifefm.com.br\/noticias\/19-historias-de-amor-ja-inscritas-prazo-final-para-participacao-e-10-de-junho\/\"},\"author\":{\"name\":\"joaograndao\",\"@id\":\"https:\/\/radiolifefm.com.br\/noticias\/#\/schema\/person\/6876e1240feffe6e1b63fd5cb85abf28\"},\"headline\":\"19 hist\u00f3rias de amor j\u00e1 inscritas \u2013 prazo final para participa\u00e7\u00e3o \u00e9 10 de junho\",\"datePublished\":\"2025-06-09T13:20:57+00:00\",\"dateModified\":\"2026-04-16T16:38:32+00:00\",\"mainEntityOfPage\":{\"@id\":\"https:\/\/radiolifefm.com.br\/noticias\/19-historias-de-amor-ja-inscritas-prazo-final-para-participacao-e-10-de-junho\/\"},\"wordCount\":207,\"publisher\":{\"@id\":\"https:\/\/radiolifefm.com.br\/noticias\/#organization\"},\"image\":{\"@id\":\"https:\/\/radiolifefm.com.br\/noticias\/19-historias-de-amor-ja-inscritas-prazo-final-para-participacao-e-10-de-junho\/#primaryimage\"},\"thumbnailUrl\":\"https:\/\/radiolifefm.com.br\/noticias\/wp-content\/uploads\/2025\/05\/Seu-Casamento-na-Life-FM-LATERAL-DIREITA-360-x-360-px.jpg\",\"articleSection\":[\"Geral\"],\"inLanguage\":\"pt-BR\"},{\"@type\":\"WebPage\",\"@id\":\"https:\/\/radiolifefm.com.br\/noticias\/19-historias-de-amor-ja-inscritas-prazo-final-para-participacao-e-10-de-junho\/\",\"url\":\"https:\/\/radiolifefm.com.br\/noticias\/19-historias-de-amor-ja-inscritas-prazo-final-para-participacao-e-10-de-junho\/\",\"name\":\"19 hist\u00f3rias de amor j\u00e1 inscritas \u2013 prazo final para participa\u00e7\u00e3o \u00e9 10 de junho - R\u00e1dio Life FM\",\"isPartOf\":{\"@id\":\"https:\/\/radiolifefm.com.br\/noticias\/#website\"},\"primaryImageOfPage\":{\"@id\":\"https:\/\/radiolifefm.com.br\/noticias\/19-historias-de-amor-ja-inscritas-prazo-final-para-participacao-e-10-de-junho\/#primaryimage\"},\"image\":{\"@id\":\"https:\/\/radiolifefm.com.br\/noticias\/19-historias-de-amor-ja-inscritas-prazo-final-para-participacao-e-10-de-junho\/#primaryimage\"},\"thumbnailUrl\":\"https:\/\/radiolifefm.com.br\/noticias\/wp-content\/uploads\/2025\/05\/Seu-Casamento-na-Life-FM-LATERAL-DIREITA-360-x-360-px.jpg\",\"datePublished\":\"2025-06-09T13:20:57+00:00\",\"dateModified\":\"2026-04-16T16:38:32+00:00\",\"breadcrumb\":{\"@id\":\"https:\/\/radiolifefm.com.br\/noticias\/19-historias-de-amor-ja-inscritas-prazo-final-para-participacao-e-10-de-junho\/#breadcrumb\"},\"inLanguage\":\"pt-BR\",\"potentialAction\":[{\"@type\":\"ReadAction\",\"target\":[\"https:\/\/radiolifefm.com.br\/noticias\/19-historias-de-amor-ja-inscritas-prazo-final-para-participacao-e-10-de-junho\/\"]}]},{\"@type\":\"ImageObject\",\"inLanguage\":\"pt-BR\",\"@id\":\"https:\/\/radiolifefm.com.br\/noticias\/19-historias-de-amor-ja-inscritas-prazo-final-para-participacao-e-10-de-junho\/#primaryimage\",\"url\":\"https:\/\/radiolifefm.com.br\/noticias\/wp-content\/uploads\/2025\/05\/Seu-Casamento-na-Life-FM-LATERAL-DIREITA-360-x-360-px.jpg\",\"contentUrl\":\"https:\/\/radiolifefm.com.br\/noticias\/wp-content\/uploads\/2025\/05\/Seu-Casamento-na-Life-FM-LATERAL-DIREITA-360-x-360-px.jpg\",\"width\":360,\"height\":360},{\"@type\":\"BreadcrumbList\",\"@id\":\"https:\/\/radiolifefm.com.br\/noticias\/19-historias-de-amor-ja-inscritas-prazo-final-para-participacao-e-10-de-junho\/#breadcrumb\",\"itemListElement\":[{\"@type\":\"ListItem\",\"position\":1,\"name\":\"In\u00edcio\",\"item\":\"https:\/\/radiolifefm.com.br\/noticias\/\"},{\"@type\":\"ListItem\",\"position\":2,\"name\":\"19 hist\u00f3rias de amor j\u00e1 inscritas \u2013 prazo final para participa\u00e7\u00e3o \u00e9 10 de junho\"}]},{\"@type\":\"WebSite\",\"@id\":\"https:\/\/radiolifefm.com.br\/noticias\/#website\",\"url\":\"https:\/\/radiolifefm.com.br\/noticias\/\",\"name\":\"R\u00e1dio Life FM\",\"description\":\"O Portal de Not\u00edcias de Adamantina\",\"publisher\":{\"@id\":\"https:\/\/radiolifefm.com.br\/noticias\/#organization\"},\"alternateName\":\"Life FM\",\"potentialAction\":[{\"@type\":\"SearchAction\",\"target\":{\"@type\":\"EntryPoint\",\"urlTemplate\":\"https:\/\/radiolifefm.com.br\/noticias\/?s={search_term_string}\"},\"query-input\":{\"@type\":\"PropertyValueSpecification\",\"valueRequired\":true,\"valueName\":\"search_term_string\"}}],\"inLanguage\":\"pt-BR\"},{\"@type\":\"Organization\",\"@id\":\"https:\/\/radiolifefm.com.br\/noticias\/#organization\",\"name\":\"R\u00e1dio Life FM\",\"alternateName\":\"Life FM\",\"url\":\"https:\/\/radiolifefm.com.br\/noticias\/\",\"logo\":{\"@type\":\"ImageObject\",\"inLanguage\":\"pt-BR\",\"@id\":\"https:\/\/radiolifefm.com.br\/noticias\/#\/schema\/logo\/image\/\",\"url\":\"https:\/\/static.radiolifefm.com.br\/noticias\/wp-content\/uploads\/2019\/10\/logo-lifefm.png\",\"contentUrl\":\"https:\/\/static.radiolifefm.com.br\/noticias\/wp-content\/uploads\/2019\/10\/logo-lifefm.png\",\"width\":196,\"height\":47,\"caption\":\"R\u00e1dio Life FM\"},\"image\":{\"@id\":\"https:\/\/radiolifefm.com.br\/noticias\/#\/schema\/logo\/image\/\"},\"sameAs\":[\"https:\/\/www.facebook.com\/radiolifefm\/\",\"https:\/\/www.instagram.com\/life1079fm\/\"]},{\"@type\":\"Person\",\"@id\":\"https:\/\/radiolifefm.com.br\/noticias\/#\/schema\/person\/6876e1240feffe6e1b63fd5cb85abf28\",\"name\":\"joaograndao\",\"image\":{\"@type\":\"ImageObject\",\"inLanguage\":\"pt-BR\",\"@id\":\"https:\/\/secure.gravatar.com\/avatar\/d5b1a3cf357ed9c50404e256a1294083aa8ab5d2a994001567302786016cb32c?s=96&d=mm&r=g\",\"url\":\"https:\/\/secure.gravatar.com\/avatar\/d5b1a3cf357ed9c50404e256a1294083aa8ab5d2a994001567302786016cb32c?s=96&d=mm&r=g\",\"contentUrl\":\"https:\/\/secure.gravatar.com\/avatar\/d5b1a3cf357ed9c50404e256a1294083aa8ab5d2a994001567302786016cb32c?s=96&d=mm&r=g\",\"caption\":\"joaograndao\"}}]}<\/script>\n<!-- \/ Yoast SEO plugin. -->","yoast_head_json":{"title":"19 hist\u00f3rias de amor j\u00e1 inscritas \u2013 prazo final para participa\u00e7\u00e3o \u00e9 10 de junho - R\u00e1dio Life FM","robots":{"index":"index","follow":"follow","max-snippet":"max-snippet:-1","max-image-preview":"max-image-preview:large","max-video-preview":"max-video-preview:-1"},"canonical":"https:\/\/radiolifefm.com.br\/noticias\/19-historias-de-amor-ja-inscritas-prazo-final-para-participacao-e-10-de-junho\/","og_locale":"pt_BR","og_type":"article","og_title":"19 hist\u00f3rias de amor j\u00e1 inscritas \u2013 prazo final para participa\u00e7\u00e3o \u00e9 10 de junho - R\u00e1dio Life FM","og_description":"&nbsp; A r\u00e1dio Life FM Adamantina comemora seu anivers\u00e1rio de 10 anos com uma campanha emocionante, oferecendo um casamento completo para 50 pessoas. A iniciativa refor\u00e7a os valores de f\u00e9, amor e fam\u00edlia, t\u00e3o presentes na programa\u00e7\u00e3o da emissora. At\u00e9 o momento, 19 casais j\u00e1 compartilharam suas hist\u00f3rias e garantiram sua inscri\u00e7\u00e3o, mas o prazo [&hellip;]","og_url":"https:\/\/radiolifefm.com.br\/noticias\/19-historias-de-amor-ja-inscritas-prazo-final-para-participacao-e-10-de-junho\/","og_site_name":"R\u00e1dio Life FM","article_publisher":"https:\/\/www.facebook.com\/radiolifefm\/","article_published_time":"2025-06-09T13:20:57+00:00","article_modified_time":"2026-04-16T16:38:32+00:00","og_image":[{"width":360,"height":360,"url":"https:\/\/radiolifefm.com.br\/noticias\/wp-content\/uploads\/2025\/05\/Seu-Casamento-na-Life-FM-LATERAL-DIREITA-360-x-360-px.jpg","type":"image\/jpeg"}],"author":"joaograndao","twitter_card":"summary_large_image","twitter_misc":{"Escrito por":"joaograndao","Est. tempo de leitura":"2 minutos"},"schema":{"@context":"https:\/\/schema.org","@graph":[{"@type":"Article","@id":"https:\/\/radiolifefm.com.br\/noticias\/19-historias-de-amor-ja-inscritas-prazo-final-para-participacao-e-10-de-junho\/#article","isPartOf":{"@id":"https:\/\/radiolifefm.com.br\/noticias\/19-historias-de-amor-ja-inscritas-prazo-final-para-participacao-e-10-de-junho\/"},"author":{"name":"joaograndao","@id":"https:\/\/radiolifefm.com.br\/noticias\/#\/schema\/person\/6876e1240feffe6e1b63fd5cb85abf28"},"headline":"19 hist\u00f3rias de amor j\u00e1 inscritas \u2013 prazo final para participa\u00e7\u00e3o \u00e9 10 de junho","datePublished":"2025-06-09T13:20:57+00:00","dateModified":"2026-04-16T16:38:32+00:00","mainEntityOfPage":{"@id":"https:\/\/radiolifefm.com.br\/noticias\/19-historias-de-amor-ja-inscritas-prazo-final-para-participacao-e-10-de-junho\/"},"wordCount":207,"publisher":{"@id":"https:\/\/radiolifefm.com.br\/noticias\/#organization"},"image":{"@id":"https:\/\/radiolifefm.com.br\/noticias\/19-historias-de-amor-ja-inscritas-prazo-final-para-participacao-e-10-de-junho\/#primaryimage"},"thumbnailUrl":"https:\/\/radiolifefm.com.br\/noticias\/wp-content\/uploads\/2025\/05\/Seu-Casamento-na-Life-FM-LATERAL-DIREITA-360-x-360-px.jpg","articleSection":["Geral"],"inLanguage":"pt-BR"},{"@type":"WebPage","@id":"https:\/\/radiolifefm.com.br\/noticias\/19-historias-de-amor-ja-inscritas-prazo-final-para-participacao-e-10-de-junho\/","url":"https:\/\/radiolifefm.com.br\/noticias\/19-historias-de-amor-ja-inscritas-prazo-final-para-participacao-e-10-de-junho\/","name":"19 hist\u00f3rias de amor j\u00e1 inscritas \u2013 prazo final para participa\u00e7\u00e3o \u00e9 10 de junho - R\u00e1dio Life FM","isPartOf":{"@id":"https:\/\/radiolifefm.com.br\/noticias\/#website"},"primaryImageOfPage":{"@id":"https:\/\/radiolifefm.com.br\/noticias\/19-historias-de-amor-ja-inscritas-prazo-final-para-participacao-e-10-de-junho\/#primaryimage"},"image":{"@id":"https:\/\/radiolifefm.com.br\/noticias\/19-historias-de-amor-ja-inscritas-prazo-final-para-participacao-e-10-de-junho\/#primaryimage"},"thumbnailUrl":"https:\/\/radiolifefm.com.br\/noticias\/wp-content\/uploads\/2025\/05\/Seu-Casamento-na-Life-FM-LATERAL-DIREITA-360-x-360-px.jpg","datePublished":"2025-06-09T13:20:57+00:00","dateModified":"2026-04-16T16:38:32+00:00","breadcrumb":{"@id":"https:\/\/radiolifefm.com.br\/noticias\/19-historias-de-amor-ja-inscritas-prazo-final-para-participacao-e-10-de-junho\/#breadcrumb"},"inLanguage":"pt-BR","potentialAction":[{"@type":"ReadAction","target":["https:\/\/radiolifefm.com.br\/noticias\/19-historias-de-amor-ja-inscritas-prazo-final-para-participacao-e-10-de-junho\/"]}]},{"@type":"ImageObject","inLanguage":"pt-BR","@id":"https:\/\/radiolifefm.com.br\/noticias\/19-historias-de-amor-ja-inscritas-prazo-final-para-participacao-e-10-de-junho\/#primaryimage","url":"https:\/\/radiolifefm.com.br\/noticias\/wp-content\/uploads\/2025\/05\/Seu-Casamento-na-Life-FM-LATERAL-DIREITA-360-x-360-px.jpg","contentUrl":"https:\/\/radiolifefm.com.br\/noticias\/wp-content\/uploads\/2025\/05\/Seu-Casamento-na-Life-FM-LATERAL-DIREITA-360-x-360-px.jpg","width":360,"height":360},{"@type":"BreadcrumbList","@id":"https:\/\/radiolifefm.com.br\/noticias\/19-historias-de-amor-ja-inscritas-prazo-final-para-participacao-e-10-de-junho\/#breadcrumb","itemListElement":[{"@type":"ListItem","position":1,"name":"In\u00edcio","item":"https:\/\/radiolifefm.com.br\/noticias\/"},{"@type":"ListItem","position":2,"name":"19 hist\u00f3rias de amor j\u00e1 inscritas \u2013 prazo final para participa\u00e7\u00e3o \u00e9 10 de junho"}]},{"@type":"WebSite","@id":"https:\/\/radiolifefm.com.br\/noticias\/#website","url":"https:\/\/radiolifefm.com.br\/noticias\/","name":"R\u00e1dio Life FM","description":"O Portal de Not\u00edcias de Adamantina","publisher":{"@id":"https:\/\/radiolifefm.com.br\/noticias\/#organization"},"alternateName":"Life FM","potentialAction":[{"@type":"SearchAction","target":{"@type":"EntryPoint","urlTemplate":"https:\/\/radiolifefm.com.br\/noticias\/?s={search_term_string}"},"query-input":{"@type":"PropertyValueSpecification","valueRequired":true,"valueName":"search_term_string"}}],"inLanguage":"pt-BR"},{"@type":"Organization","@id":"https:\/\/radiolifefm.com.br\/noticias\/#organization","name":"R\u00e1dio Life FM","alternateName":"Life FM","url":"https:\/\/radiolifefm.com.br\/noticias\/","logo":{"@type":"ImageObject","inLanguage":"pt-BR","@id":"https:\/\/radiolifefm.com.br\/noticias\/#\/schema\/logo\/image\/","url":"https:\/\/static.radiolifefm.com.br\/noticias\/wp-content\/uploads\/2019\/10\/logo-lifefm.png","contentUrl":"https:\/\/static.radiolifefm.com.br\/noticias\/wp-content\/uploads\/2019\/10\/logo-lifefm.png","width":196,"height":47,"caption":"R\u00e1dio Life FM"},"image":{"@id":"https:\/\/radiolifefm.com.br\/noticias\/#\/schema\/logo\/image\/"},"sameAs":["https:\/\/www.facebook.com\/radiolifefm\/","https:\/\/www.instagram.com\/life1079fm\/"]},{"@type":"Person","@id":"https:\/\/radiolifefm.com.br\/noticias\/#\/schema\/person\/6876e1240feffe6e1b63fd5cb85abf28","name":"joaograndao","image":{"@type":"ImageObject","inLanguage":"pt-BR","@id":"https:\/\/secure.gravatar.com\/avatar\/d5b1a3cf357ed9c50404e256a1294083aa8ab5d2a994001567302786016cb32c?s=96&d=mm&r=g","url":"https:\/\/secure.gravatar.com\/avatar\/d5b1a3cf357ed9c50404e256a1294083aa8ab5d2a994001567302786016cb32c?s=96&d=mm&r=g","contentUrl":"https:\/\/secure.gravatar.com\/avatar\/d5b1a3cf357ed9c50404e256a1294083aa8ab5d2a994001567302786016cb32c?s=96&d=mm&r=g","caption":"joaograndao"}}]}},"amp_enabled":true,"_links":{"self":[{"href":"https:\/\/radiolifefm.com.br\/noticias\/wp-json\/wp\/v2\/posts\/101738","targetHints":{"allow":["GET"]}}],"collection":[{"href":"https:\/\/radiolifefm.com.br\/noticias\/wp-json\/wp\/v2\/posts"}],"about":[{"href":"https:\/\/radiolifefm.com.br\/noticias\/wp-json\/wp\/v2\/types\/post"}],"author":[{"embeddable":true,"href":"https:\/\/radiolifefm.com.br\/noticias\/wp-json\/wp\/v2\/users\/8"}],"replies":[{"embeddable":true,"href":"https:\/\/radiolifefm.com.br\/noticias\/wp-json\/wp\/v2\/comments?post=101738"}],"version-history":[{"count":2,"href":"https:\/\/radiolifefm.com.br\/noticias\/wp-json\/wp\/v2\/posts\/101738\/revisions"}],"predecessor-version":[{"id":101740,"href":"https:\/\/radiolifefm.com.br\/noticias\/wp-json\/wp\/v2\/posts\/101738\/revisions\/101740"}],"wp:featuredmedia":[{"embeddable":true,"href":"https:\/\/radiolifefm.com.br\/noticias\/wp-json\/wp\/v2\/media\/101211"}],"wp:attachment":[{"href":"https:\/\/radiolifefm.com.br\/noticias\/wp-json\/wp\/v2\/media?parent=101738"}],"wp:term":[{"taxonomy":"category","embeddable":true,"href":"https:\/\/radiolifefm.com.br\/noticias\/wp-json\/wp\/v2\/categories?post=101738"},{"taxonomy":"post_tag","embeddable":true,"href":"https:\/\/radiolifefm.com.br\/noticias\/wp-json\/wp\/v2\/tags?post=101738"}],"curies":[{"name":"wp","href":"https:\/\/api.w.org\/{rel}","templated":true}]}}