{"id":101732,"date":"2025-06-09T08:34:14","date_gmt":"2025-06-09T11:34:14","guid":{"rendered":"https:\/\/radiolifefm.com.br\/noticias\/?p=101732"},"modified":"2026-04-15T15:23:22","modified_gmt":"2026-04-15T18:23:22","slug":"contos-de-fada-ou-contos-da-carochinha-nesta-provincia-do-faz-de-conta","status":"publish","type":"post","link":"https:\/\/radiolifefm.com.br\/noticias\/contos-de-fada-ou-contos-da-carochinha-nesta-provincia-do-faz-de-conta\/","title":{"rendered":"CONTOS DE FADA OU CONTOS DA CAROCHINHA NESTA PROV\u00cdNCIA DO FAZ DE CONTA&#8230;"},"content":{"rendered":"<div id=\"fb-root\"><\/div>\n<p><em>\u201cN\u00e3o passa de um tempo tomado\/Como simples an\u00fancio\/Das cabe\u00e7as que pensam\/Alcan\u00e7ar o poder\/Poder \u00e9 saber da crian\u00e7a\/Da sa\u00fade do velho\/Das mulheres famintas\/Com tantos para criar\u201d (Z\u00e9 Ram<\/em>alho)<\/p>\n<p>&nbsp;<\/p>\n<p><strong><em>By seb@r.<\/em><\/strong><\/p>\n<p>&nbsp;<\/p>\n<p>Nos chamados contos de fada ou da carochinha, tudo e mais alguma coisa pode acontecer sem maiores indaga\u00e7\u00f5es, afinal de contas, a fantasia \u00e9 a marca registrada neste cen\u00e1rio mais do que infantil&#8230;<\/p>\n<p>Entretanto, a fada ou a carochinha est\u00e3o prsentes em nosso dia-a-dia com novas roupagens, isso mesmo, outro dia encontrei uma fada madrinha perdida nas ruas provincianas, com sua varinha de cond\u00e3o acenando para as pessoas em sua volta numa situa\u00e7\u00e3o al\u00e9m da imagina\u00e7\u00e3o secular&#8230;<\/p>\n<p>Ora bolas, daqui pra frente o que vai mais aparecer na prov\u00edncia s\u00e3o as promessas de uma fada ou do m\u00e1gico da cartola, aquele que tira os coelhos perdidos para umas palmas a mais em tempo de p\u00f3s-globaliza\u00e7\u00e3o&#8230;<\/p>\n<p>A bela se torna a bruxa do momento, isso mesmo, neste jardim sem flores tudo pode acontecer, at\u00e9 mesmo para os sete pilantras com suas vozes escondidas para um golpe atr\u00e1s da moita, assustando os pobres an\u00f5es inocentes em dias nublados pela posse da varinha de cond\u00e3o&#8230;<\/p>\n<p>Ah! Os porquinhos est\u00e3o numa fuga desenfreada, pois o tal do lobo bom est\u00e1 travestido de lobo mau, portanto, neste caso, o melhor \u00e9 correr para a casa da vov\u00f3 que fica logo ali, pelo jeito deve ser um \u201clogo ali\u201d de mineiro e tudo fica na mesmice de sempre para \u201cporquinhos e vovozinha\u201d&#8230;<\/p>\n<p>O tal chap\u00e9u vermelho ficou com as cores da bandeira da derrota, o verde est\u00e1 laranja e o amarelo cor de rosa, uma mudan\u00e7a sem precedente para a infantilidade do presente em compasso aberto para um fechamento interior do mal contra o bem&#8230;<\/p>\n<p>Os maus continuam teimando em prosseguir com seus objetivos neste jardim deserto, as flores se foram com medo do jardineiro malvado, assim mesmo, ficaram as raizes do outro tempo para exigir suas posses conquistadas com a fuga da m\u00e3e natureza&#8230;<\/p>\n<p>A bruxa teima em ficar com a varinha m\u00e1gica, sendo que a tal princesa n\u00e3o recebeu o beijo do principe, ficando sem condi\u00e7\u00f5es de comandar os nove an\u00f5es da caverna misteriosa&#8230;<\/p>\n<p>O Rei, como sempre, est\u00e1 no seu trono distante, comandando seus soldados alados para mais uma conquista territorial, a expans\u00e3o geogr\u00e1fica de mentira faz parte do reino imagin\u00e1rio, aqui, entre o real e a vontade de ser o amior de todos os homens divinos, tal como o \u201cRei Artur e os Cavaleiros da T\u00e1vola Redonda\u201d&#8230;<\/p>\n<p>O principe se mandou com a sacola de ouro, disse o mesmo, que pegou tudo no final do arco-\u00edris, tal qual a lenda do cavalo sem cabe\u00e7a, n\u00e3o se pode mais confiar na fam\u00edlia real sem medo de ser feliz&#8230;<\/p>\n<p>A Prov\u00edncia continua a mesma de sempre, neste momento, princesas e principes sonham com a mesma est\u00f3ria do \u201cconto de fadas\u201d ou quem sabe, com a \u201cest\u00f3ria da carochinha\u201d para um despertar acima de qualquer suspeita, por\u00e9m, podem acordar com o beijo do sapo de plant\u00e3o&#8230;<\/p>\n<p>Ainda, quem sobreviver vai saber&#8230;<\/p>\n<p><em>\u00a0<\/em><\/p>\n<p><strong><em>_______________________________________<\/em><\/strong><\/p>\n<p><strong><em>e-mail: barbosa.sebar@gmail.com<\/em><\/strong><\/p>\n","protected":false},"excerpt":{"rendered":"<p>\u201cN\u00e3o passa de um tempo tomado\/Como simples an\u00fancio\/Das cabe\u00e7as que pensam\/Alcan\u00e7ar o poder\/Poder \u00e9 saber da crian\u00e7a\/Da sa\u00fade do velho\/Das mulheres famintas\/Com tantos para criar\u201d (Z\u00e9 Ramalho) &nbsp; By seb@r. &nbsp; Nos chamados contos de fada ou da carochinha, tudo e mais alguma coisa pode acontecer sem maiores indaga\u00e7\u00f5es, afinal de contas, a fantasia \u00e9 [&hellip;]<\/p>\n","protected":false},"author":13,"featured_media":51988,"comment_status":"closed","ping_status":"open","sticky":false,"template":"","format":"standard","meta":{"_acf_changed":false,"_exactmetrics_skip_tracking":false,"_exactmetrics_sitenote_active":false,"_exactmetrics_sitenote_note":"","_exactmetrics_sitenote_category":0,"footnotes":""},"categories":[59],"tags":[],"class_list":["post-101732","post","type-post","status-publish","format-standard","has-post-thumbnail","hentry","category-opiniao"],"acf":[],"yoast_head":"<!-- This site is optimized with the Yoast SEO plugin v27.2 - https:\/\/yoast.com\/product\/yoast-seo-wordpress\/ -->\n<title>CONTOS DE FADA OU CONTOS DA CAROCHINHA NESTA PROV\u00cdNCIA DO FAZ DE CONTA... - R\u00e1dio Life FM<\/title>\n<meta name=\"robots\" content=\"index, follow, max-snippet:-1, max-image-preview:large, max-video-preview:-1\" \/>\n<link rel=\"canonical\" href=\"https:\/\/radiolifefm.com.br\/noticias\/contos-de-fada-ou-contos-da-carochinha-nesta-provincia-do-faz-de-conta\/\" \/>\n<meta property=\"og:locale\" content=\"pt_BR\" \/>\n<meta property=\"og:type\" content=\"article\" \/>\n<meta property=\"og:title\" content=\"CONTOS DE FADA OU CONTOS DA CAROCHINHA NESTA PROV\u00cdNCIA DO FAZ DE CONTA... - R\u00e1dio Life FM\" \/>\n<meta property=\"og:description\" content=\"\u201cN\u00e3o passa de um tempo tomado\/Como simples an\u00fancio\/Das cabe\u00e7as que pensam\/Alcan\u00e7ar o poder\/Poder \u00e9 saber da crian\u00e7a\/Da sa\u00fade do velho\/Das mulheres famintas\/Com tantos para criar\u201d (Z\u00e9 Ramalho) &nbsp; By seb@r. &nbsp; Nos chamados contos de fada ou da carochinha, tudo e mais alguma coisa pode acontecer sem maiores indaga\u00e7\u00f5es, afinal de contas, a fantasia \u00e9 [&hellip;]\" \/>\n<meta property=\"og:url\" content=\"https:\/\/radiolifefm.com.br\/noticias\/contos-de-fada-ou-contos-da-carochinha-nesta-provincia-do-faz-de-conta\/\" \/>\n<meta property=\"og:site_name\" content=\"R\u00e1dio Life FM\" \/>\n<meta property=\"article:publisher\" content=\"https:\/\/www.facebook.com\/radiolifefm\/\" \/>\n<meta property=\"article:published_time\" content=\"2025-06-09T11:34:14+00:00\" \/>\n<meta property=\"article:modified_time\" content=\"2026-04-15T18:23:22+00:00\" \/>\n<meta property=\"og:image\" content=\"https:\/\/radiolifefm.com.br\/noticias\/wp-content\/uploads\/2022\/04\/WhatsApp-Image-2022-04-10-at-18.43.02.jpeg\" \/>\n\t<meta property=\"og:image:width\" content=\"972\" \/>\n\t<meta property=\"og:image:height\" content=\"1296\" \/>\n\t<meta property=\"og:image:type\" content=\"image\/jpeg\" \/>\n<meta name=\"author\" content=\"ritanery\" \/>\n<meta name=\"twitter:card\" content=\"summary_large_image\" \/>\n<meta name=\"twitter:label1\" content=\"Escrito por\" \/>\n\t<meta name=\"twitter:data1\" content=\"ritanery\" \/>\n\t<meta name=\"twitter:label2\" content=\"Est. tempo de leitura\" \/>\n\t<meta name=\"twitter:data2\" content=\"4 minutos\" \/>\n<script type=\"application\/ld+json\" class=\"yoast-schema-graph\">{\"@context\":\"https:\/\/schema.org\",\"@graph\":[{\"@type\":\"Article\",\"@id\":\"https:\/\/radiolifefm.com.br\/noticias\/contos-de-fada-ou-contos-da-carochinha-nesta-provincia-do-faz-de-conta\/#article\",\"isPartOf\":{\"@id\":\"https:\/\/radiolifefm.com.br\/noticias\/contos-de-fada-ou-contos-da-carochinha-nesta-provincia-do-faz-de-conta\/\"},\"author\":{\"name\":\"ritanery\",\"@id\":\"https:\/\/radiolifefm.com.br\/noticias\/#\/schema\/person\/6339b9fac59d12b071dec680d7375d87\"},\"headline\":\"CONTOS DE FADA OU CONTOS DA CAROCHINHA NESTA PROV\u00cdNCIA DO FAZ DE CONTA&#8230;\",\"datePublished\":\"2025-06-09T11:34:14+00:00\",\"dateModified\":\"2026-04-15T18:23:22+00:00\",\"mainEntityOfPage\":{\"@id\":\"https:\/\/radiolifefm.com.br\/noticias\/contos-de-fada-ou-contos-da-carochinha-nesta-provincia-do-faz-de-conta\/\"},\"wordCount\":573,\"publisher\":{\"@id\":\"https:\/\/radiolifefm.com.br\/noticias\/#organization\"},\"image\":{\"@id\":\"https:\/\/radiolifefm.com.br\/noticias\/contos-de-fada-ou-contos-da-carochinha-nesta-provincia-do-faz-de-conta\/#primaryimage\"},\"thumbnailUrl\":\"https:\/\/radiolifefm.com.br\/noticias\/wp-content\/uploads\/2022\/04\/WhatsApp-Image-2022-04-10-at-18.43.02.jpeg\",\"articleSection\":[\"Opini\u00e3o\"],\"inLanguage\":\"pt-BR\"},{\"@type\":\"WebPage\",\"@id\":\"https:\/\/radiolifefm.com.br\/noticias\/contos-de-fada-ou-contos-da-carochinha-nesta-provincia-do-faz-de-conta\/\",\"url\":\"https:\/\/radiolifefm.com.br\/noticias\/contos-de-fada-ou-contos-da-carochinha-nesta-provincia-do-faz-de-conta\/\",\"name\":\"CONTOS DE FADA OU CONTOS DA CAROCHINHA NESTA PROV\u00cdNCIA DO FAZ DE CONTA... - R\u00e1dio Life FM\",\"isPartOf\":{\"@id\":\"https:\/\/radiolifefm.com.br\/noticias\/#website\"},\"primaryImageOfPage\":{\"@id\":\"https:\/\/radiolifefm.com.br\/noticias\/contos-de-fada-ou-contos-da-carochinha-nesta-provincia-do-faz-de-conta\/#primaryimage\"},\"image\":{\"@id\":\"https:\/\/radiolifefm.com.br\/noticias\/contos-de-fada-ou-contos-da-carochinha-nesta-provincia-do-faz-de-conta\/#primaryimage\"},\"thumbnailUrl\":\"https:\/\/radiolifefm.com.br\/noticias\/wp-content\/uploads\/2022\/04\/WhatsApp-Image-2022-04-10-at-18.43.02.jpeg\",\"datePublished\":\"2025-06-09T11:34:14+00:00\",\"dateModified\":\"2026-04-15T18:23:22+00:00\",\"breadcrumb\":{\"@id\":\"https:\/\/radiolifefm.com.br\/noticias\/contos-de-fada-ou-contos-da-carochinha-nesta-provincia-do-faz-de-conta\/#breadcrumb\"},\"inLanguage\":\"pt-BR\",\"potentialAction\":[{\"@type\":\"ReadAction\",\"target\":[\"https:\/\/radiolifefm.com.br\/noticias\/contos-de-fada-ou-contos-da-carochinha-nesta-provincia-do-faz-de-conta\/\"]}]},{\"@type\":\"ImageObject\",\"inLanguage\":\"pt-BR\",\"@id\":\"https:\/\/radiolifefm.com.br\/noticias\/contos-de-fada-ou-contos-da-carochinha-nesta-provincia-do-faz-de-conta\/#primaryimage\",\"url\":\"https:\/\/radiolifefm.com.br\/noticias\/wp-content\/uploads\/2022\/04\/WhatsApp-Image-2022-04-10-at-18.43.02.jpeg\",\"contentUrl\":\"https:\/\/radiolifefm.com.br\/noticias\/wp-content\/uploads\/2022\/04\/WhatsApp-Image-2022-04-10-at-18.43.02.jpeg\",\"width\":972,\"height\":1296,\"caption\":\"S\u00e9rgio Barbosa\"},{\"@type\":\"BreadcrumbList\",\"@id\":\"https:\/\/radiolifefm.com.br\/noticias\/contos-de-fada-ou-contos-da-carochinha-nesta-provincia-do-faz-de-conta\/#breadcrumb\",\"itemListElement\":[{\"@type\":\"ListItem\",\"position\":1,\"name\":\"In\u00edcio\",\"item\":\"https:\/\/radiolifefm.com.br\/noticias\/\"},{\"@type\":\"ListItem\",\"position\":2,\"name\":\"CONTOS DE FADA OU CONTOS DA CAROCHINHA NESTA PROV\u00cdNCIA DO FAZ DE CONTA&#8230;\"}]},{\"@type\":\"WebSite\",\"@id\":\"https:\/\/radiolifefm.com.br\/noticias\/#website\",\"url\":\"https:\/\/radiolifefm.com.br\/noticias\/\",\"name\":\"R\u00e1dio Life FM\",\"description\":\"O Portal de Not\u00edcias de Adamantina\",\"publisher\":{\"@id\":\"https:\/\/radiolifefm.com.br\/noticias\/#organization\"},\"alternateName\":\"Life FM\",\"potentialAction\":[{\"@type\":\"SearchAction\",\"target\":{\"@type\":\"EntryPoint\",\"urlTemplate\":\"https:\/\/radiolifefm.com.br\/noticias\/?s={search_term_string}\"},\"query-input\":{\"@type\":\"PropertyValueSpecification\",\"valueRequired\":true,\"valueName\":\"search_term_string\"}}],\"inLanguage\":\"pt-BR\"},{\"@type\":\"Organization\",\"@id\":\"https:\/\/radiolifefm.com.br\/noticias\/#organization\",\"name\":\"R\u00e1dio Life FM\",\"alternateName\":\"Life FM\",\"url\":\"https:\/\/radiolifefm.com.br\/noticias\/\",\"logo\":{\"@type\":\"ImageObject\",\"inLanguage\":\"pt-BR\",\"@id\":\"https:\/\/radiolifefm.com.br\/noticias\/#\/schema\/logo\/image\/\",\"url\":\"https:\/\/static.radiolifefm.com.br\/noticias\/wp-content\/uploads\/2019\/10\/logo-lifefm.png\",\"contentUrl\":\"https:\/\/static.radiolifefm.com.br\/noticias\/wp-content\/uploads\/2019\/10\/logo-lifefm.png\",\"width\":196,\"height\":47,\"caption\":\"R\u00e1dio Life FM\"},\"image\":{\"@id\":\"https:\/\/radiolifefm.com.br\/noticias\/#\/schema\/logo\/image\/\"},\"sameAs\":[\"https:\/\/www.facebook.com\/radiolifefm\/\",\"https:\/\/www.instagram.com\/life1079fm\/\"]},{\"@type\":\"Person\",\"@id\":\"https:\/\/radiolifefm.com.br\/noticias\/#\/schema\/person\/6339b9fac59d12b071dec680d7375d87\",\"name\":\"ritanery\",\"image\":{\"@type\":\"ImageObject\",\"inLanguage\":\"pt-BR\",\"@id\":\"https:\/\/secure.gravatar.com\/avatar\/0e37bb19071f47c0b8a23f62a903df117c5a0e75f65a0c2901562f97cd41cf86?s=96&d=mm&r=g\",\"url\":\"https:\/\/secure.gravatar.com\/avatar\/0e37bb19071f47c0b8a23f62a903df117c5a0e75f65a0c2901562f97cd41cf86?s=96&d=mm&r=g\",\"contentUrl\":\"https:\/\/secure.gravatar.com\/avatar\/0e37bb19071f47c0b8a23f62a903df117c5a0e75f65a0c2901562f97cd41cf86?s=96&d=mm&r=g\",\"caption\":\"ritanery\"}}]}<\/script>\n<!-- \/ Yoast SEO plugin. -->","yoast_head_json":{"title":"CONTOS DE FADA OU CONTOS DA CAROCHINHA NESTA PROV\u00cdNCIA DO FAZ DE CONTA... - R\u00e1dio Life FM","robots":{"index":"index","follow":"follow","max-snippet":"max-snippet:-1","max-image-preview":"max-image-preview:large","max-video-preview":"max-video-preview:-1"},"canonical":"https:\/\/radiolifefm.com.br\/noticias\/contos-de-fada-ou-contos-da-carochinha-nesta-provincia-do-faz-de-conta\/","og_locale":"pt_BR","og_type":"article","og_title":"CONTOS DE FADA OU CONTOS DA CAROCHINHA NESTA PROV\u00cdNCIA DO FAZ DE CONTA... - R\u00e1dio Life FM","og_description":"\u201cN\u00e3o passa de um tempo tomado\/Como simples an\u00fancio\/Das cabe\u00e7as que pensam\/Alcan\u00e7ar o poder\/Poder \u00e9 saber da crian\u00e7a\/Da sa\u00fade do velho\/Das mulheres famintas\/Com tantos para criar\u201d (Z\u00e9 Ramalho) &nbsp; By seb@r. &nbsp; Nos chamados contos de fada ou da carochinha, tudo e mais alguma coisa pode acontecer sem maiores indaga\u00e7\u00f5es, afinal de contas, a fantasia \u00e9 [&hellip;]","og_url":"https:\/\/radiolifefm.com.br\/noticias\/contos-de-fada-ou-contos-da-carochinha-nesta-provincia-do-faz-de-conta\/","og_site_name":"R\u00e1dio Life FM","article_publisher":"https:\/\/www.facebook.com\/radiolifefm\/","article_published_time":"2025-06-09T11:34:14+00:00","article_modified_time":"2026-04-15T18:23:22+00:00","og_image":[{"width":972,"height":1296,"url":"https:\/\/radiolifefm.com.br\/noticias\/wp-content\/uploads\/2022\/04\/WhatsApp-Image-2022-04-10-at-18.43.02.jpeg","type":"image\/jpeg"}],"author":"ritanery","twitter_card":"summary_large_image","twitter_misc":{"Escrito por":"ritanery","Est. tempo de leitura":"4 minutos"},"schema":{"@context":"https:\/\/schema.org","@graph":[{"@type":"Article","@id":"https:\/\/radiolifefm.com.br\/noticias\/contos-de-fada-ou-contos-da-carochinha-nesta-provincia-do-faz-de-conta\/#article","isPartOf":{"@id":"https:\/\/radiolifefm.com.br\/noticias\/contos-de-fada-ou-contos-da-carochinha-nesta-provincia-do-faz-de-conta\/"},"author":{"name":"ritanery","@id":"https:\/\/radiolifefm.com.br\/noticias\/#\/schema\/person\/6339b9fac59d12b071dec680d7375d87"},"headline":"CONTOS DE FADA OU CONTOS DA CAROCHINHA NESTA PROV\u00cdNCIA DO FAZ DE CONTA&#8230;","datePublished":"2025-06-09T11:34:14+00:00","dateModified":"2026-04-15T18:23:22+00:00","mainEntityOfPage":{"@id":"https:\/\/radiolifefm.com.br\/noticias\/contos-de-fada-ou-contos-da-carochinha-nesta-provincia-do-faz-de-conta\/"},"wordCount":573,"publisher":{"@id":"https:\/\/radiolifefm.com.br\/noticias\/#organization"},"image":{"@id":"https:\/\/radiolifefm.com.br\/noticias\/contos-de-fada-ou-contos-da-carochinha-nesta-provincia-do-faz-de-conta\/#primaryimage"},"thumbnailUrl":"https:\/\/radiolifefm.com.br\/noticias\/wp-content\/uploads\/2022\/04\/WhatsApp-Image-2022-04-10-at-18.43.02.jpeg","articleSection":["Opini\u00e3o"],"inLanguage":"pt-BR"},{"@type":"WebPage","@id":"https:\/\/radiolifefm.com.br\/noticias\/contos-de-fada-ou-contos-da-carochinha-nesta-provincia-do-faz-de-conta\/","url":"https:\/\/radiolifefm.com.br\/noticias\/contos-de-fada-ou-contos-da-carochinha-nesta-provincia-do-faz-de-conta\/","name":"CONTOS DE FADA OU CONTOS DA CAROCHINHA NESTA PROV\u00cdNCIA DO FAZ DE CONTA... - R\u00e1dio Life FM","isPartOf":{"@id":"https:\/\/radiolifefm.com.br\/noticias\/#website"},"primaryImageOfPage":{"@id":"https:\/\/radiolifefm.com.br\/noticias\/contos-de-fada-ou-contos-da-carochinha-nesta-provincia-do-faz-de-conta\/#primaryimage"},"image":{"@id":"https:\/\/radiolifefm.com.br\/noticias\/contos-de-fada-ou-contos-da-carochinha-nesta-provincia-do-faz-de-conta\/#primaryimage"},"thumbnailUrl":"https:\/\/radiolifefm.com.br\/noticias\/wp-content\/uploads\/2022\/04\/WhatsApp-Image-2022-04-10-at-18.43.02.jpeg","datePublished":"2025-06-09T11:34:14+00:00","dateModified":"2026-04-15T18:23:22+00:00","breadcrumb":{"@id":"https:\/\/radiolifefm.com.br\/noticias\/contos-de-fada-ou-contos-da-carochinha-nesta-provincia-do-faz-de-conta\/#breadcrumb"},"inLanguage":"pt-BR","potentialAction":[{"@type":"ReadAction","target":["https:\/\/radiolifefm.com.br\/noticias\/contos-de-fada-ou-contos-da-carochinha-nesta-provincia-do-faz-de-conta\/"]}]},{"@type":"ImageObject","inLanguage":"pt-BR","@id":"https:\/\/radiolifefm.com.br\/noticias\/contos-de-fada-ou-contos-da-carochinha-nesta-provincia-do-faz-de-conta\/#primaryimage","url":"https:\/\/radiolifefm.com.br\/noticias\/wp-content\/uploads\/2022\/04\/WhatsApp-Image-2022-04-10-at-18.43.02.jpeg","contentUrl":"https:\/\/radiolifefm.com.br\/noticias\/wp-content\/uploads\/2022\/04\/WhatsApp-Image-2022-04-10-at-18.43.02.jpeg","width":972,"height":1296,"caption":"S\u00e9rgio Barbosa"},{"@type":"BreadcrumbList","@id":"https:\/\/radiolifefm.com.br\/noticias\/contos-de-fada-ou-contos-da-carochinha-nesta-provincia-do-faz-de-conta\/#breadcrumb","itemListElement":[{"@type":"ListItem","position":1,"name":"In\u00edcio","item":"https:\/\/radiolifefm.com.br\/noticias\/"},{"@type":"ListItem","position":2,"name":"CONTOS DE FADA OU CONTOS DA CAROCHINHA NESTA PROV\u00cdNCIA DO FAZ DE CONTA&#8230;"}]},{"@type":"WebSite","@id":"https:\/\/radiolifefm.com.br\/noticias\/#website","url":"https:\/\/radiolifefm.com.br\/noticias\/","name":"R\u00e1dio Life FM","description":"O Portal de Not\u00edcias de Adamantina","publisher":{"@id":"https:\/\/radiolifefm.com.br\/noticias\/#organization"},"alternateName":"Life FM","potentialAction":[{"@type":"SearchAction","target":{"@type":"EntryPoint","urlTemplate":"https:\/\/radiolifefm.com.br\/noticias\/?s={search_term_string}"},"query-input":{"@type":"PropertyValueSpecification","valueRequired":true,"valueName":"search_term_string"}}],"inLanguage":"pt-BR"},{"@type":"Organization","@id":"https:\/\/radiolifefm.com.br\/noticias\/#organization","name":"R\u00e1dio Life FM","alternateName":"Life FM","url":"https:\/\/radiolifefm.com.br\/noticias\/","logo":{"@type":"ImageObject","inLanguage":"pt-BR","@id":"https:\/\/radiolifefm.com.br\/noticias\/#\/schema\/logo\/image\/","url":"https:\/\/static.radiolifefm.com.br\/noticias\/wp-content\/uploads\/2019\/10\/logo-lifefm.png","contentUrl":"https:\/\/static.radiolifefm.com.br\/noticias\/wp-content\/uploads\/2019\/10\/logo-lifefm.png","width":196,"height":47,"caption":"R\u00e1dio Life FM"},"image":{"@id":"https:\/\/radiolifefm.com.br\/noticias\/#\/schema\/logo\/image\/"},"sameAs":["https:\/\/www.facebook.com\/radiolifefm\/","https:\/\/www.instagram.com\/life1079fm\/"]},{"@type":"Person","@id":"https:\/\/radiolifefm.com.br\/noticias\/#\/schema\/person\/6339b9fac59d12b071dec680d7375d87","name":"ritanery","image":{"@type":"ImageObject","inLanguage":"pt-BR","@id":"https:\/\/secure.gravatar.com\/avatar\/0e37bb19071f47c0b8a23f62a903df117c5a0e75f65a0c2901562f97cd41cf86?s=96&d=mm&r=g","url":"https:\/\/secure.gravatar.com\/avatar\/0e37bb19071f47c0b8a23f62a903df117c5a0e75f65a0c2901562f97cd41cf86?s=96&d=mm&r=g","contentUrl":"https:\/\/secure.gravatar.com\/avatar\/0e37bb19071f47c0b8a23f62a903df117c5a0e75f65a0c2901562f97cd41cf86?s=96&d=mm&r=g","caption":"ritanery"}}]}},"amp_enabled":true,"_links":{"self":[{"href":"https:\/\/radiolifefm.com.br\/noticias\/wp-json\/wp\/v2\/posts\/101732","targetHints":{"allow":["GET"]}}],"collection":[{"href":"https:\/\/radiolifefm.com.br\/noticias\/wp-json\/wp\/v2\/posts"}],"about":[{"href":"https:\/\/radiolifefm.com.br\/noticias\/wp-json\/wp\/v2\/types\/post"}],"author":[{"embeddable":true,"href":"https:\/\/radiolifefm.com.br\/noticias\/wp-json\/wp\/v2\/users\/13"}],"replies":[{"embeddable":true,"href":"https:\/\/radiolifefm.com.br\/noticias\/wp-json\/wp\/v2\/comments?post=101732"}],"version-history":[{"count":1,"href":"https:\/\/radiolifefm.com.br\/noticias\/wp-json\/wp\/v2\/posts\/101732\/revisions"}],"predecessor-version":[{"id":101733,"href":"https:\/\/radiolifefm.com.br\/noticias\/wp-json\/wp\/v2\/posts\/101732\/revisions\/101733"}],"wp:featuredmedia":[{"embeddable":true,"href":"https:\/\/radiolifefm.com.br\/noticias\/wp-json\/wp\/v2\/media\/51988"}],"wp:attachment":[{"href":"https:\/\/radiolifefm.com.br\/noticias\/wp-json\/wp\/v2\/media?parent=101732"}],"wp:term":[{"taxonomy":"category","embeddable":true,"href":"https:\/\/radiolifefm.com.br\/noticias\/wp-json\/wp\/v2\/categories?post=101732"},{"taxonomy":"post_tag","embeddable":true,"href":"https:\/\/radiolifefm.com.br\/noticias\/wp-json\/wp\/v2\/tags?post=101732"}],"curies":[{"name":"wp","href":"https:\/\/api.w.org\/{rel}","templated":true}]}}