{"id":101587,"date":"2025-06-04T08:33:52","date_gmt":"2025-06-04T11:33:52","guid":{"rendered":"https:\/\/radiolifefm.com.br\/noticias\/?p=101587"},"modified":"2026-04-18T17:54:19","modified_gmt":"2026-04-18T20:54:19","slug":"dizem-que-recordar-e-viver-2","status":"publish","type":"post","link":"https:\/\/radiolifefm.com.br\/noticias\/dizem-que-recordar-e-viver-2\/","title":{"rendered":"Dizem que, \u201crecordar \u00e9 viver&#8230;\u201d"},"content":{"rendered":"<div id=\"fb-root\"><\/div>\n<p><em>\u201cVoc\u00ea passou a vida num casulo. Tudo o que voc\u00ea fez, tudo o que aconteceu com voc\u00ea, trouxe voc\u00ea a este momento. E agora, voc\u00ea \u00e9 uma borboleta, um lindo caleidosc\u00f3pio de trauma e resili\u00eancia.\u201d (<\/em><a href=\"https:\/\/www.pensador.com\/autor\/justiceiras_filme\/\"><em>Justiceiras\/filme<\/em><\/a><em>)<\/em><\/p>\n<p><strong>\u00a0<\/strong><\/p>\n<p><strong>By seb@r.<\/strong><\/p>\n<p><strong><em>Ao Historiador e amigo, F\u00c1BIO O., dedico!<\/em><\/strong><\/p>\n<p>No ano passado (2.021), ainda, no dia 25 de maio, recebi por meio do ZAP pessoal, uma mensagem divulgando o PODCASTDOPOMP, assim, resolvi sem mais e sem menos, aceitar o convite para saber do que se tratava a proposta&#8230;<\/p>\n<p>Confesso, o \u00c1UDIO registrava uma CR\u00d4NICA sobre as nossas MANIAS, ou seja, aquelas do passado que ainda ecoam no PRESENTE deste TEMPO NOVO TEMPO&#8230;<\/p>\n<p>Na realidade, o PODCAST em pauta, relatava at\u00e9 onde estou lembrando aqui com os meus BOT\u00d5ES, se bem que s\u00f3 uso e abuso das CAMISETAS, ou seja, a MENSAGEM estava trazendo aquelas COLE\u00c7\u00d5ES que todos\/as um dia tiveram no seu tempo de CRIAN\u00c7A, ADOLESCENTE ou JOVEM&#8230;<\/p>\n<p>Se bem que at\u00e9 os dias de hoje, no meu caso em especial, continuo com as minhas MANIAS , assim, tenho alguns MIMOS disto ou daquilo, talvez, para manter VIVA aqueles RECORDA\u00c7\u00d5ES do outro tempo do tempo&#8230;<\/p>\n<p>Mas, voltando ao PODCAST DO POMP, tal mensagem de \u00e1udio acabou trazendo para o meu lado, pelo menos naquele dia, se bem que ficou na mem\u00f3ria por um tempo, tanto que estou aqui, tentando REGISTRAR este DESENCONTRO com o PODCAST&#8230;<\/p>\n<p>Diz o dito popular que RECORDAR \u00c9 VIVER, desta forma, posso atestar que aquele \u00c1UDIO ficou um temp\u00e3o me perseguindo para tentar, isso \u00e9, em algum momento, ESCREVER algumas linhas sobre aquele TEMA, ou seja, COLE\u00c7\u00d5ES disto ou daquilo&#8230;<\/p>\n<p>O autor do PODCAST DO POMP, registrou com MAESTRIA suas percep\u00e7\u00f5es quanto as COLE\u00c7\u00d5ES do outro tempo do seu tempo, tais recorda\u00e7\u00f5es acabaram trazendo as ditas MANIAS que fizeram parte daquele outro tempo do meu tempo&#8230;<\/p>\n<p>At\u00e9 onde estou lembrando aqui, posso REGISTRAR que nos meus ARQUIVOS DO PASSADO, ainda, existe um \u00c1LBUM DE FIGURINHAS completo, isso mesmo, A HOLANDESA e com um registro do ano, a saber: 1.967&#8230;<\/p>\n<p>Existem outras LEMBRAN\u00c7AS daquele outro tempo do meu tempo, todas devidamente GUARDADAS com muito carinho e cuidado, tendo em vista que o PASSADO sempre estar\u00e1 no PRESENTE para que possamos, tentar, entender o que nos reserva o FUTURO&#8230;<\/p>\n<p>Poderia continuar escrevendo muito mais DETALHES sobre aquele outro tempo do meu tempo, todavia, tais RECORDA\u00c7\u00d5ES na maioria das vezes s\u00e3o DOLOROSAS e acabam nos deixando com aquela TRISTEZA que pode ser uma ALEGRIA disfar\u00e7ada e ponto quase final&#8230;<\/p>\n<p>Mesmo assim, CADA QUAL deve saber por onde buscar o seu PASSADO que est\u00e1 do seu lado sem mais e com muito menos, haja vista que todos\/as s\u00e3o simples MORTAIS neste TEMPO DO TEMPO&#8230;<\/p>\n<p>Aproveite este MOMENTO para muitos DESENCONTROS com as suas MANIAS disto ou daquilo, pode ser naqueles ANOS QUE N\u00c3O VOLTAM NUNCA MAIS, ainda, se preferir pode acessar o PODCAST DO POMP para estar em SINTONIA com o outro lado da HIST\u00d3RIA&#8230;<\/p>\n<p><strong>AVE PODCAST DO POMP! <\/strong><\/p>\n<p><strong>\u00a0<\/strong><\/p>\n<p><strong>\u00a0<\/strong><\/p>\n<p><strong>e-mail: <\/strong><a href=\"mailto:barbosa.sebar@gmail.com\"><strong>barbosa.sebar@gmail.com<\/strong><\/a><\/p>\n<p><strong>\u00a0<\/strong><\/p>\n","protected":false},"excerpt":{"rendered":"<p>\u201cVoc\u00ea passou a vida num casulo. Tudo o que voc\u00ea fez, tudo o que aconteceu com voc\u00ea, trouxe voc\u00ea a este momento. E agora, voc\u00ea \u00e9 uma borboleta, um lindo caleidosc\u00f3pio de trauma e resili\u00eancia.\u201d (Justiceiras\/filme) \u00a0 By seb@r. Ao Historiador e amigo, F\u00c1BIO O., dedico! No ano passado (2.021), ainda, no dia 25 de [&hellip;]<\/p>\n","protected":false},"author":13,"featured_media":51988,"comment_status":"closed","ping_status":"open","sticky":false,"template":"","format":"standard","meta":{"_acf_changed":false,"_exactmetrics_skip_tracking":false,"_exactmetrics_sitenote_active":false,"_exactmetrics_sitenote_note":"","_exactmetrics_sitenote_category":0,"footnotes":""},"categories":[59],"tags":[],"class_list":["post-101587","post","type-post","status-publish","format-standard","has-post-thumbnail","hentry","category-opiniao"],"acf":[],"yoast_head":"<!-- This site is optimized with the Yoast SEO plugin v27.2 - https:\/\/yoast.com\/product\/yoast-seo-wordpress\/ -->\n<title>Dizem que, \u201crecordar \u00e9 viver...\u201d - R\u00e1dio Life FM<\/title>\n<meta name=\"robots\" content=\"index, follow, max-snippet:-1, max-image-preview:large, max-video-preview:-1\" \/>\n<link rel=\"canonical\" href=\"https:\/\/radiolifefm.com.br\/noticias\/dizem-que-recordar-e-viver-2\/\" \/>\n<meta property=\"og:locale\" content=\"pt_BR\" \/>\n<meta property=\"og:type\" content=\"article\" \/>\n<meta property=\"og:title\" content=\"Dizem que, \u201crecordar \u00e9 viver...\u201d - R\u00e1dio Life FM\" \/>\n<meta property=\"og:description\" content=\"\u201cVoc\u00ea passou a vida num casulo. Tudo o que voc\u00ea fez, tudo o que aconteceu com voc\u00ea, trouxe voc\u00ea a este momento. E agora, voc\u00ea \u00e9 uma borboleta, um lindo caleidosc\u00f3pio de trauma e resili\u00eancia.\u201d (Justiceiras\/filme) \u00a0 By seb@r. Ao Historiador e amigo, F\u00c1BIO O., dedico! No ano passado (2.021), ainda, no dia 25 de [&hellip;]\" \/>\n<meta property=\"og:url\" content=\"https:\/\/radiolifefm.com.br\/noticias\/dizem-que-recordar-e-viver-2\/\" \/>\n<meta property=\"og:site_name\" content=\"R\u00e1dio Life FM\" \/>\n<meta property=\"article:publisher\" content=\"https:\/\/www.facebook.com\/radiolifefm\/\" \/>\n<meta property=\"article:published_time\" content=\"2025-06-04T11:33:52+00:00\" \/>\n<meta property=\"article:modified_time\" content=\"2026-04-18T20:54:19+00:00\" \/>\n<meta property=\"og:image\" content=\"https:\/\/radiolifefm.com.br\/noticias\/wp-content\/uploads\/2022\/04\/WhatsApp-Image-2022-04-10-at-18.43.02.jpeg\" \/>\n\t<meta property=\"og:image:width\" content=\"972\" \/>\n\t<meta property=\"og:image:height\" content=\"1296\" \/>\n\t<meta property=\"og:image:type\" content=\"image\/jpeg\" \/>\n<meta name=\"author\" content=\"ritanery\" \/>\n<meta name=\"twitter:card\" content=\"summary_large_image\" \/>\n<meta name=\"twitter:label1\" content=\"Escrito por\" \/>\n\t<meta name=\"twitter:data1\" content=\"ritanery\" \/>\n\t<meta name=\"twitter:label2\" content=\"Est. tempo de leitura\" \/>\n\t<meta name=\"twitter:data2\" content=\"3 minutos\" \/>\n<script type=\"application\/ld+json\" class=\"yoast-schema-graph\">{\"@context\":\"https:\/\/schema.org\",\"@graph\":[{\"@type\":\"Article\",\"@id\":\"https:\/\/radiolifefm.com.br\/noticias\/dizem-que-recordar-e-viver-2\/#article\",\"isPartOf\":{\"@id\":\"https:\/\/radiolifefm.com.br\/noticias\/dizem-que-recordar-e-viver-2\/\"},\"author\":{\"name\":\"ritanery\",\"@id\":\"https:\/\/radiolifefm.com.br\/noticias\/#\/schema\/person\/6339b9fac59d12b071dec680d7375d87\"},\"headline\":\"Dizem que, \u201crecordar \u00e9 viver&#8230;\u201d\",\"datePublished\":\"2025-06-04T11:33:52+00:00\",\"dateModified\":\"2026-04-18T20:54:19+00:00\",\"mainEntityOfPage\":{\"@id\":\"https:\/\/radiolifefm.com.br\/noticias\/dizem-que-recordar-e-viver-2\/\"},\"wordCount\":522,\"publisher\":{\"@id\":\"https:\/\/radiolifefm.com.br\/noticias\/#organization\"},\"image\":{\"@id\":\"https:\/\/radiolifefm.com.br\/noticias\/dizem-que-recordar-e-viver-2\/#primaryimage\"},\"thumbnailUrl\":\"https:\/\/radiolifefm.com.br\/noticias\/wp-content\/uploads\/2022\/04\/WhatsApp-Image-2022-04-10-at-18.43.02.jpeg\",\"articleSection\":[\"Opini\u00e3o\"],\"inLanguage\":\"pt-BR\"},{\"@type\":\"WebPage\",\"@id\":\"https:\/\/radiolifefm.com.br\/noticias\/dizem-que-recordar-e-viver-2\/\",\"url\":\"https:\/\/radiolifefm.com.br\/noticias\/dizem-que-recordar-e-viver-2\/\",\"name\":\"Dizem que, \u201crecordar \u00e9 viver...\u201d - R\u00e1dio Life FM\",\"isPartOf\":{\"@id\":\"https:\/\/radiolifefm.com.br\/noticias\/#website\"},\"primaryImageOfPage\":{\"@id\":\"https:\/\/radiolifefm.com.br\/noticias\/dizem-que-recordar-e-viver-2\/#primaryimage\"},\"image\":{\"@id\":\"https:\/\/radiolifefm.com.br\/noticias\/dizem-que-recordar-e-viver-2\/#primaryimage\"},\"thumbnailUrl\":\"https:\/\/radiolifefm.com.br\/noticias\/wp-content\/uploads\/2022\/04\/WhatsApp-Image-2022-04-10-at-18.43.02.jpeg\",\"datePublished\":\"2025-06-04T11:33:52+00:00\",\"dateModified\":\"2026-04-18T20:54:19+00:00\",\"breadcrumb\":{\"@id\":\"https:\/\/radiolifefm.com.br\/noticias\/dizem-que-recordar-e-viver-2\/#breadcrumb\"},\"inLanguage\":\"pt-BR\",\"potentialAction\":[{\"@type\":\"ReadAction\",\"target\":[\"https:\/\/radiolifefm.com.br\/noticias\/dizem-que-recordar-e-viver-2\/\"]}]},{\"@type\":\"ImageObject\",\"inLanguage\":\"pt-BR\",\"@id\":\"https:\/\/radiolifefm.com.br\/noticias\/dizem-que-recordar-e-viver-2\/#primaryimage\",\"url\":\"https:\/\/radiolifefm.com.br\/noticias\/wp-content\/uploads\/2022\/04\/WhatsApp-Image-2022-04-10-at-18.43.02.jpeg\",\"contentUrl\":\"https:\/\/radiolifefm.com.br\/noticias\/wp-content\/uploads\/2022\/04\/WhatsApp-Image-2022-04-10-at-18.43.02.jpeg\",\"width\":972,\"height\":1296,\"caption\":\"S\u00e9rgio Barbosa\"},{\"@type\":\"BreadcrumbList\",\"@id\":\"https:\/\/radiolifefm.com.br\/noticias\/dizem-que-recordar-e-viver-2\/#breadcrumb\",\"itemListElement\":[{\"@type\":\"ListItem\",\"position\":1,\"name\":\"In\u00edcio\",\"item\":\"https:\/\/radiolifefm.com.br\/noticias\/\"},{\"@type\":\"ListItem\",\"position\":2,\"name\":\"Dizem que, \u201crecordar \u00e9 viver&#8230;\u201d\"}]},{\"@type\":\"WebSite\",\"@id\":\"https:\/\/radiolifefm.com.br\/noticias\/#website\",\"url\":\"https:\/\/radiolifefm.com.br\/noticias\/\",\"name\":\"R\u00e1dio Life FM\",\"description\":\"O Portal de Not\u00edcias de Adamantina\",\"publisher\":{\"@id\":\"https:\/\/radiolifefm.com.br\/noticias\/#organization\"},\"alternateName\":\"Life FM\",\"potentialAction\":[{\"@type\":\"SearchAction\",\"target\":{\"@type\":\"EntryPoint\",\"urlTemplate\":\"https:\/\/radiolifefm.com.br\/noticias\/?s={search_term_string}\"},\"query-input\":{\"@type\":\"PropertyValueSpecification\",\"valueRequired\":true,\"valueName\":\"search_term_string\"}}],\"inLanguage\":\"pt-BR\"},{\"@type\":\"Organization\",\"@id\":\"https:\/\/radiolifefm.com.br\/noticias\/#organization\",\"name\":\"R\u00e1dio Life FM\",\"alternateName\":\"Life FM\",\"url\":\"https:\/\/radiolifefm.com.br\/noticias\/\",\"logo\":{\"@type\":\"ImageObject\",\"inLanguage\":\"pt-BR\",\"@id\":\"https:\/\/radiolifefm.com.br\/noticias\/#\/schema\/logo\/image\/\",\"url\":\"https:\/\/static.radiolifefm.com.br\/noticias\/wp-content\/uploads\/2019\/10\/logo-lifefm.png\",\"contentUrl\":\"https:\/\/static.radiolifefm.com.br\/noticias\/wp-content\/uploads\/2019\/10\/logo-lifefm.png\",\"width\":196,\"height\":47,\"caption\":\"R\u00e1dio Life FM\"},\"image\":{\"@id\":\"https:\/\/radiolifefm.com.br\/noticias\/#\/schema\/logo\/image\/\"},\"sameAs\":[\"https:\/\/www.facebook.com\/radiolifefm\/\",\"https:\/\/www.instagram.com\/life1079fm\/\"]},{\"@type\":\"Person\",\"@id\":\"https:\/\/radiolifefm.com.br\/noticias\/#\/schema\/person\/6339b9fac59d12b071dec680d7375d87\",\"name\":\"ritanery\",\"image\":{\"@type\":\"ImageObject\",\"inLanguage\":\"pt-BR\",\"@id\":\"https:\/\/secure.gravatar.com\/avatar\/0e37bb19071f47c0b8a23f62a903df117c5a0e75f65a0c2901562f97cd41cf86?s=96&d=mm&r=g\",\"url\":\"https:\/\/secure.gravatar.com\/avatar\/0e37bb19071f47c0b8a23f62a903df117c5a0e75f65a0c2901562f97cd41cf86?s=96&d=mm&r=g\",\"contentUrl\":\"https:\/\/secure.gravatar.com\/avatar\/0e37bb19071f47c0b8a23f62a903df117c5a0e75f65a0c2901562f97cd41cf86?s=96&d=mm&r=g\",\"caption\":\"ritanery\"}}]}<\/script>\n<!-- \/ Yoast SEO plugin. -->","yoast_head_json":{"title":"Dizem que, \u201crecordar \u00e9 viver...\u201d - R\u00e1dio Life FM","robots":{"index":"index","follow":"follow","max-snippet":"max-snippet:-1","max-image-preview":"max-image-preview:large","max-video-preview":"max-video-preview:-1"},"canonical":"https:\/\/radiolifefm.com.br\/noticias\/dizem-que-recordar-e-viver-2\/","og_locale":"pt_BR","og_type":"article","og_title":"Dizem que, \u201crecordar \u00e9 viver...\u201d - R\u00e1dio Life FM","og_description":"\u201cVoc\u00ea passou a vida num casulo. Tudo o que voc\u00ea fez, tudo o que aconteceu com voc\u00ea, trouxe voc\u00ea a este momento. E agora, voc\u00ea \u00e9 uma borboleta, um lindo caleidosc\u00f3pio de trauma e resili\u00eancia.\u201d (Justiceiras\/filme) \u00a0 By seb@r. Ao Historiador e amigo, F\u00c1BIO O., dedico! No ano passado (2.021), ainda, no dia 25 de [&hellip;]","og_url":"https:\/\/radiolifefm.com.br\/noticias\/dizem-que-recordar-e-viver-2\/","og_site_name":"R\u00e1dio Life FM","article_publisher":"https:\/\/www.facebook.com\/radiolifefm\/","article_published_time":"2025-06-04T11:33:52+00:00","article_modified_time":"2026-04-18T20:54:19+00:00","og_image":[{"width":972,"height":1296,"url":"https:\/\/radiolifefm.com.br\/noticias\/wp-content\/uploads\/2022\/04\/WhatsApp-Image-2022-04-10-at-18.43.02.jpeg","type":"image\/jpeg"}],"author":"ritanery","twitter_card":"summary_large_image","twitter_misc":{"Escrito por":"ritanery","Est. tempo de leitura":"3 minutos"},"schema":{"@context":"https:\/\/schema.org","@graph":[{"@type":"Article","@id":"https:\/\/radiolifefm.com.br\/noticias\/dizem-que-recordar-e-viver-2\/#article","isPartOf":{"@id":"https:\/\/radiolifefm.com.br\/noticias\/dizem-que-recordar-e-viver-2\/"},"author":{"name":"ritanery","@id":"https:\/\/radiolifefm.com.br\/noticias\/#\/schema\/person\/6339b9fac59d12b071dec680d7375d87"},"headline":"Dizem que, \u201crecordar \u00e9 viver&#8230;\u201d","datePublished":"2025-06-04T11:33:52+00:00","dateModified":"2026-04-18T20:54:19+00:00","mainEntityOfPage":{"@id":"https:\/\/radiolifefm.com.br\/noticias\/dizem-que-recordar-e-viver-2\/"},"wordCount":522,"publisher":{"@id":"https:\/\/radiolifefm.com.br\/noticias\/#organization"},"image":{"@id":"https:\/\/radiolifefm.com.br\/noticias\/dizem-que-recordar-e-viver-2\/#primaryimage"},"thumbnailUrl":"https:\/\/radiolifefm.com.br\/noticias\/wp-content\/uploads\/2022\/04\/WhatsApp-Image-2022-04-10-at-18.43.02.jpeg","articleSection":["Opini\u00e3o"],"inLanguage":"pt-BR"},{"@type":"WebPage","@id":"https:\/\/radiolifefm.com.br\/noticias\/dizem-que-recordar-e-viver-2\/","url":"https:\/\/radiolifefm.com.br\/noticias\/dizem-que-recordar-e-viver-2\/","name":"Dizem que, \u201crecordar \u00e9 viver...\u201d - R\u00e1dio Life FM","isPartOf":{"@id":"https:\/\/radiolifefm.com.br\/noticias\/#website"},"primaryImageOfPage":{"@id":"https:\/\/radiolifefm.com.br\/noticias\/dizem-que-recordar-e-viver-2\/#primaryimage"},"image":{"@id":"https:\/\/radiolifefm.com.br\/noticias\/dizem-que-recordar-e-viver-2\/#primaryimage"},"thumbnailUrl":"https:\/\/radiolifefm.com.br\/noticias\/wp-content\/uploads\/2022\/04\/WhatsApp-Image-2022-04-10-at-18.43.02.jpeg","datePublished":"2025-06-04T11:33:52+00:00","dateModified":"2026-04-18T20:54:19+00:00","breadcrumb":{"@id":"https:\/\/radiolifefm.com.br\/noticias\/dizem-que-recordar-e-viver-2\/#breadcrumb"},"inLanguage":"pt-BR","potentialAction":[{"@type":"ReadAction","target":["https:\/\/radiolifefm.com.br\/noticias\/dizem-que-recordar-e-viver-2\/"]}]},{"@type":"ImageObject","inLanguage":"pt-BR","@id":"https:\/\/radiolifefm.com.br\/noticias\/dizem-que-recordar-e-viver-2\/#primaryimage","url":"https:\/\/radiolifefm.com.br\/noticias\/wp-content\/uploads\/2022\/04\/WhatsApp-Image-2022-04-10-at-18.43.02.jpeg","contentUrl":"https:\/\/radiolifefm.com.br\/noticias\/wp-content\/uploads\/2022\/04\/WhatsApp-Image-2022-04-10-at-18.43.02.jpeg","width":972,"height":1296,"caption":"S\u00e9rgio Barbosa"},{"@type":"BreadcrumbList","@id":"https:\/\/radiolifefm.com.br\/noticias\/dizem-que-recordar-e-viver-2\/#breadcrumb","itemListElement":[{"@type":"ListItem","position":1,"name":"In\u00edcio","item":"https:\/\/radiolifefm.com.br\/noticias\/"},{"@type":"ListItem","position":2,"name":"Dizem que, \u201crecordar \u00e9 viver&#8230;\u201d"}]},{"@type":"WebSite","@id":"https:\/\/radiolifefm.com.br\/noticias\/#website","url":"https:\/\/radiolifefm.com.br\/noticias\/","name":"R\u00e1dio Life FM","description":"O Portal de Not\u00edcias de Adamantina","publisher":{"@id":"https:\/\/radiolifefm.com.br\/noticias\/#organization"},"alternateName":"Life FM","potentialAction":[{"@type":"SearchAction","target":{"@type":"EntryPoint","urlTemplate":"https:\/\/radiolifefm.com.br\/noticias\/?s={search_term_string}"},"query-input":{"@type":"PropertyValueSpecification","valueRequired":true,"valueName":"search_term_string"}}],"inLanguage":"pt-BR"},{"@type":"Organization","@id":"https:\/\/radiolifefm.com.br\/noticias\/#organization","name":"R\u00e1dio Life FM","alternateName":"Life FM","url":"https:\/\/radiolifefm.com.br\/noticias\/","logo":{"@type":"ImageObject","inLanguage":"pt-BR","@id":"https:\/\/radiolifefm.com.br\/noticias\/#\/schema\/logo\/image\/","url":"https:\/\/static.radiolifefm.com.br\/noticias\/wp-content\/uploads\/2019\/10\/logo-lifefm.png","contentUrl":"https:\/\/static.radiolifefm.com.br\/noticias\/wp-content\/uploads\/2019\/10\/logo-lifefm.png","width":196,"height":47,"caption":"R\u00e1dio Life FM"},"image":{"@id":"https:\/\/radiolifefm.com.br\/noticias\/#\/schema\/logo\/image\/"},"sameAs":["https:\/\/www.facebook.com\/radiolifefm\/","https:\/\/www.instagram.com\/life1079fm\/"]},{"@type":"Person","@id":"https:\/\/radiolifefm.com.br\/noticias\/#\/schema\/person\/6339b9fac59d12b071dec680d7375d87","name":"ritanery","image":{"@type":"ImageObject","inLanguage":"pt-BR","@id":"https:\/\/secure.gravatar.com\/avatar\/0e37bb19071f47c0b8a23f62a903df117c5a0e75f65a0c2901562f97cd41cf86?s=96&d=mm&r=g","url":"https:\/\/secure.gravatar.com\/avatar\/0e37bb19071f47c0b8a23f62a903df117c5a0e75f65a0c2901562f97cd41cf86?s=96&d=mm&r=g","contentUrl":"https:\/\/secure.gravatar.com\/avatar\/0e37bb19071f47c0b8a23f62a903df117c5a0e75f65a0c2901562f97cd41cf86?s=96&d=mm&r=g","caption":"ritanery"}}]}},"amp_enabled":true,"_links":{"self":[{"href":"https:\/\/radiolifefm.com.br\/noticias\/wp-json\/wp\/v2\/posts\/101587","targetHints":{"allow":["GET"]}}],"collection":[{"href":"https:\/\/radiolifefm.com.br\/noticias\/wp-json\/wp\/v2\/posts"}],"about":[{"href":"https:\/\/radiolifefm.com.br\/noticias\/wp-json\/wp\/v2\/types\/post"}],"author":[{"embeddable":true,"href":"https:\/\/radiolifefm.com.br\/noticias\/wp-json\/wp\/v2\/users\/13"}],"replies":[{"embeddable":true,"href":"https:\/\/radiolifefm.com.br\/noticias\/wp-json\/wp\/v2\/comments?post=101587"}],"version-history":[{"count":1,"href":"https:\/\/radiolifefm.com.br\/noticias\/wp-json\/wp\/v2\/posts\/101587\/revisions"}],"predecessor-version":[{"id":101588,"href":"https:\/\/radiolifefm.com.br\/noticias\/wp-json\/wp\/v2\/posts\/101587\/revisions\/101588"}],"wp:featuredmedia":[{"embeddable":true,"href":"https:\/\/radiolifefm.com.br\/noticias\/wp-json\/wp\/v2\/media\/51988"}],"wp:attachment":[{"href":"https:\/\/radiolifefm.com.br\/noticias\/wp-json\/wp\/v2\/media?parent=101587"}],"wp:term":[{"taxonomy":"category","embeddable":true,"href":"https:\/\/radiolifefm.com.br\/noticias\/wp-json\/wp\/v2\/categories?post=101587"},{"taxonomy":"post_tag","embeddable":true,"href":"https:\/\/radiolifefm.com.br\/noticias\/wp-json\/wp\/v2\/tags?post=101587"}],"curies":[{"name":"wp","href":"https:\/\/api.w.org\/{rel}","templated":true}]}}