{"id":101578,"date":"2025-06-03T15:35:06","date_gmt":"2025-06-03T18:35:06","guid":{"rendered":"https:\/\/radiolifefm.com.br\/noticias\/?p=101578"},"modified":"2026-04-23T10:57:33","modified_gmt":"2026-04-23T13:57:33","slug":"secretaria-de-agricultura-discute-apoio-ao-produtor-rural-no-podcast-prosa-do-campo","status":"publish","type":"post","link":"https:\/\/radiolifefm.com.br\/noticias\/secretaria-de-agricultura-discute-apoio-ao-produtor-rural-no-podcast-prosa-do-campo\/","title":{"rendered":"Secretaria de Agricultura discute apoio ao produtor rural no podcast Prosa do Campo"},"content":{"rendered":"<div id=\"fb-root\"><\/div>\n<p>&nbsp;<\/p>\n<p>Na \u00faltima segunda-feira (2), o podcast Prosa do Campo, transmitido pela Life FM e suas plataformas digitais, apresentou mais uma edi\u00e7\u00e3o voltada \u00e0s quest\u00f5es do setor agr\u00edcola. O programa contou com a participa\u00e7\u00e3o do Secret\u00e1rio de Agricultura de Adamantina, Lu\u00eds Henrique Fernandes, natural de Tupi Paulista, que abordou o tema Parceiros do Homem do Campo.<\/p>\n<div class='flex flex-wrap items-center -mx-1'>\r\n<a class='thumbnail gallery p-1 w-1\/2 md:w-1\/4' href='https:\/\/radiolifefm.com.br\/noticias\/wp-content\/uploads\/2025\/06\/Marca-dagua-PROSA-DO-CAMPO-10.jpg'><img class='border border-white' src='https:\/\/radiolifefm.com.br\/noticias\/wp-content\/uploads\/2025\/06\/Marca-dagua-PROSA-DO-CAMPO-10-200x200.jpg' alt='Marca D'agua PROSA DO CAMPO (10)' \/><\/a><a class='thumbnail gallery p-1 w-1\/2 md:w-1\/4' href='https:\/\/radiolifefm.com.br\/noticias\/wp-content\/uploads\/2025\/06\/Marca-dagua-PROSA-DO-CAMPO-11.jpg'><img class='border border-white' src='https:\/\/radiolifefm.com.br\/noticias\/wp-content\/uploads\/2025\/06\/Marca-dagua-PROSA-DO-CAMPO-11-200x200.jpg' alt='Marca D'agua PROSA DO CAMPO (11)' \/><\/a><\/div>\n<p>Durante a entrevista, Fernandes destacou a import\u00e2ncia da coopera\u00e7\u00e3o entre produtores e entidades para enfrentar desafios econ\u00f4micos e clim\u00e1ticos. Ele ressaltou o papel da Secretaria de Agricultura no desenvolvimento de pol\u00edticas p\u00fablicas e na implementa\u00e7\u00e3o de projetos voltados ao agroneg\u00f3cio, oferecendo suporte t\u00e9cnico e incentivando pr\u00e1ticas sustent\u00e1veis.<img loading=\"lazy\" decoding=\"async\" class=\"aligncenter size-medium wp-image-101581\" src=\"https:\/\/static.radiolifefm.com.br\/noticias\/wp-content\/uploads\/2025\/06\/Marca-dagua-PROSA-DO-CAMPO-12-300x300.jpg\" alt=\"\" width=\"300\" height=\"300\" srcset=\"https:\/\/radiolifefm.com.br\/noticias\/wp-content\/uploads\/2025\/06\/Marca-dagua-PROSA-DO-CAMPO-12-300x300.jpg 300w, https:\/\/radiolifefm.com.br\/noticias\/wp-content\/uploads\/2025\/06\/Marca-dagua-PROSA-DO-CAMPO-12-1024x1024.jpg 1024w, https:\/\/radiolifefm.com.br\/noticias\/wp-content\/uploads\/2025\/06\/Marca-dagua-PROSA-DO-CAMPO-12-150x150.jpg 150w, https:\/\/radiolifefm.com.br\/noticias\/wp-content\/uploads\/2025\/06\/Marca-dagua-PROSA-DO-CAMPO-12-768x768.jpg 768w, https:\/\/radiolifefm.com.br\/noticias\/wp-content\/uploads\/2025\/06\/Marca-dagua-PROSA-DO-CAMPO-12-200x200.jpg 200w, https:\/\/radiolifefm.com.br\/noticias\/wp-content\/uploads\/2025\/06\/Marca-dagua-PROSA-DO-CAMPO-12-250x250.jpg 250w, https:\/\/radiolifefm.com.br\/noticias\/wp-content\/uploads\/2025\/06\/Marca-dagua-PROSA-DO-CAMPO-12-500x500.jpg 500w, https:\/\/radiolifefm.com.br\/noticias\/wp-content\/uploads\/2025\/06\/Marca-dagua-PROSA-DO-CAMPO-12-700x700.jpg 700w, https:\/\/radiolifefm.com.br\/noticias\/wp-content\/uploads\/2025\/06\/Marca-dagua-PROSA-DO-CAMPO-12.jpg 1080w\" sizes=\"auto, (max-width: 300px) 100vw, 300px\" \/><\/p>\n<p>O secret\u00e1rio tamb\u00e9m mencionou sua trajet\u00f3ria profissional, incluindo as a\u00e7\u00f5es promovidas em Adamantina para fortalecer a produ\u00e7\u00e3o rural. Entre os t\u00f3picos discutidos, estavam programas de incentivo, capacita\u00e7\u00e3o para agricultores e estrat\u00e9gias para ampliar a competitividade no setor.<\/p>\n<div class='flex flex-wrap items-center -mx-1'>\r\n<a class='thumbnail gallery p-1 w-1\/2 md:w-1\/4' href='https:\/\/radiolifefm.com.br\/noticias\/wp-content\/uploads\/2025\/06\/Marca-dagua-PROSA-DO-CAMPO-14.jpg'><img class='border border-white' src='https:\/\/radiolifefm.com.br\/noticias\/wp-content\/uploads\/2025\/06\/Marca-dagua-PROSA-DO-CAMPO-14-200x200.jpg' alt='Marca D'agua PROSA DO CAMPO (14)' \/><\/a><a class='thumbnail gallery p-1 w-1\/2 md:w-1\/4' href='https:\/\/radiolifefm.com.br\/noticias\/wp-content\/uploads\/2025\/06\/Marca-dagua-PROSA-DO-CAMPO-13.jpg'><img class='border border-white' src='https:\/\/radiolifefm.com.br\/noticias\/wp-content\/uploads\/2025\/06\/Marca-dagua-PROSA-DO-CAMPO-13-200x200.jpg' alt='Marca D'agua PROSA DO CAMPO (13)' \/><\/a><\/div>\n<p>Para conferir a entrevista completa e conhecer mais detalhes sobre os parceiros do produtor rural, acesse o link disponibilizado pela Life FM.<\/p>\n<p><a href=\"https:\/\/www.youtube.com\/watch?v=xV2g7JRoo9M\">https:\/\/www.youtube.com\/watch?v=xV2g7JRoo9M<\/a><\/p>\n","protected":false},"excerpt":{"rendered":"<p>&nbsp; Na \u00faltima segunda-feira (2), o podcast Prosa do Campo, transmitido pela Life FM e suas plataformas digitais, apresentou mais uma edi\u00e7\u00e3o voltada \u00e0s quest\u00f5es do setor agr\u00edcola. O programa contou com a participa\u00e7\u00e3o do Secret\u00e1rio de Agricultura de Adamantina, Lu\u00eds Henrique Fernandes, natural de Tupi Paulista, que abordou o tema Parceiros do Homem do [&hellip;]<\/p>\n","protected":false},"author":8,"featured_media":101584,"comment_status":"closed","ping_status":"open","sticky":false,"template":"","format":"standard","meta":{"_acf_changed":false,"_exactmetrics_skip_tracking":false,"_exactmetrics_sitenote_active":false,"_exactmetrics_sitenote_note":"","_exactmetrics_sitenote_category":0,"footnotes":""},"categories":[191],"tags":[],"class_list":["post-101578","post","type-post","status-publish","format-standard","has-post-thumbnail","hentry","category-prosa-do-campo"],"acf":[],"yoast_head":"<!-- This site is optimized with the Yoast SEO plugin v27.2 - https:\/\/yoast.com\/product\/yoast-seo-wordpress\/ -->\n<title>Secretaria de Agricultura discute apoio ao produtor rural no podcast Prosa do Campo - R\u00e1dio Life FM<\/title>\n<meta name=\"robots\" content=\"index, follow, max-snippet:-1, max-image-preview:large, max-video-preview:-1\" \/>\n<link rel=\"canonical\" href=\"https:\/\/radiolifefm.com.br\/noticias\/secretaria-de-agricultura-discute-apoio-ao-produtor-rural-no-podcast-prosa-do-campo\/\" \/>\n<meta property=\"og:locale\" content=\"pt_BR\" \/>\n<meta property=\"og:type\" content=\"article\" \/>\n<meta property=\"og:title\" content=\"Secretaria de Agricultura discute apoio ao produtor rural no podcast Prosa do Campo - R\u00e1dio Life FM\" \/>\n<meta property=\"og:description\" content=\"&nbsp; Na \u00faltima segunda-feira (2), o podcast Prosa do Campo, transmitido pela Life FM e suas plataformas digitais, apresentou mais uma edi\u00e7\u00e3o voltada \u00e0s quest\u00f5es do setor agr\u00edcola. O programa contou com a participa\u00e7\u00e3o do Secret\u00e1rio de Agricultura de Adamantina, Lu\u00eds Henrique Fernandes, natural de Tupi Paulista, que abordou o tema Parceiros do Homem do [&hellip;]\" \/>\n<meta property=\"og:url\" content=\"https:\/\/radiolifefm.com.br\/noticias\/secretaria-de-agricultura-discute-apoio-ao-produtor-rural-no-podcast-prosa-do-campo\/\" \/>\n<meta property=\"og:site_name\" content=\"R\u00e1dio Life FM\" \/>\n<meta property=\"article:publisher\" content=\"https:\/\/www.facebook.com\/radiolifefm\/\" \/>\n<meta property=\"article:published_time\" content=\"2025-06-03T18:35:06+00:00\" \/>\n<meta property=\"article:modified_time\" content=\"2026-04-23T13:57:33+00:00\" \/>\n<meta property=\"og:image\" content=\"https:\/\/radiolifefm.com.br\/noticias\/wp-content\/uploads\/2025\/06\/Marca-dagua-PROSA-DO-CAMPO-9-e1748975654896.jpg\" \/>\n\t<meta property=\"og:image:width\" content=\"1080\" \/>\n\t<meta property=\"og:image:height\" content=\"800\" \/>\n\t<meta property=\"og:image:type\" content=\"image\/jpeg\" \/>\n<meta name=\"author\" content=\"joaograndao\" \/>\n<meta name=\"twitter:card\" content=\"summary_large_image\" \/>\n<meta name=\"twitter:label1\" content=\"Escrito por\" \/>\n\t<meta name=\"twitter:data1\" content=\"joaograndao\" \/>\n\t<meta name=\"twitter:label2\" content=\"Est. tempo de leitura\" \/>\n\t<meta name=\"twitter:data2\" content=\"2 minutos\" \/>\n<script type=\"application\/ld+json\" class=\"yoast-schema-graph\">{\"@context\":\"https:\/\/schema.org\",\"@graph\":[{\"@type\":\"Article\",\"@id\":\"https:\/\/radiolifefm.com.br\/noticias\/secretaria-de-agricultura-discute-apoio-ao-produtor-rural-no-podcast-prosa-do-campo\/#article\",\"isPartOf\":{\"@id\":\"https:\/\/radiolifefm.com.br\/noticias\/secretaria-de-agricultura-discute-apoio-ao-produtor-rural-no-podcast-prosa-do-campo\/\"},\"author\":{\"name\":\"joaograndao\",\"@id\":\"https:\/\/radiolifefm.com.br\/noticias\/#\/schema\/person\/6876e1240feffe6e1b63fd5cb85abf28\"},\"headline\":\"Secretaria de Agricultura discute apoio ao produtor rural no podcast Prosa do Campo\",\"datePublished\":\"2025-06-03T18:35:06+00:00\",\"dateModified\":\"2026-04-23T13:57:33+00:00\",\"mainEntityOfPage\":{\"@id\":\"https:\/\/radiolifefm.com.br\/noticias\/secretaria-de-agricultura-discute-apoio-ao-produtor-rural-no-podcast-prosa-do-campo\/\"},\"wordCount\":213,\"publisher\":{\"@id\":\"https:\/\/radiolifefm.com.br\/noticias\/#organization\"},\"image\":{\"@id\":\"https:\/\/radiolifefm.com.br\/noticias\/secretaria-de-agricultura-discute-apoio-ao-produtor-rural-no-podcast-prosa-do-campo\/#primaryimage\"},\"thumbnailUrl\":\"https:\/\/radiolifefm.com.br\/noticias\/wp-content\/uploads\/2025\/06\/Marca-dagua-PROSA-DO-CAMPO-9-e1748975654896.jpg\",\"articleSection\":[\"Prosa do Campo\"],\"inLanguage\":\"pt-BR\"},{\"@type\":\"WebPage\",\"@id\":\"https:\/\/radiolifefm.com.br\/noticias\/secretaria-de-agricultura-discute-apoio-ao-produtor-rural-no-podcast-prosa-do-campo\/\",\"url\":\"https:\/\/radiolifefm.com.br\/noticias\/secretaria-de-agricultura-discute-apoio-ao-produtor-rural-no-podcast-prosa-do-campo\/\",\"name\":\"Secretaria de Agricultura discute apoio ao produtor rural no podcast Prosa do Campo - R\u00e1dio Life FM\",\"isPartOf\":{\"@id\":\"https:\/\/radiolifefm.com.br\/noticias\/#website\"},\"primaryImageOfPage\":{\"@id\":\"https:\/\/radiolifefm.com.br\/noticias\/secretaria-de-agricultura-discute-apoio-ao-produtor-rural-no-podcast-prosa-do-campo\/#primaryimage\"},\"image\":{\"@id\":\"https:\/\/radiolifefm.com.br\/noticias\/secretaria-de-agricultura-discute-apoio-ao-produtor-rural-no-podcast-prosa-do-campo\/#primaryimage\"},\"thumbnailUrl\":\"https:\/\/radiolifefm.com.br\/noticias\/wp-content\/uploads\/2025\/06\/Marca-dagua-PROSA-DO-CAMPO-9-e1748975654896.jpg\",\"datePublished\":\"2025-06-03T18:35:06+00:00\",\"dateModified\":\"2026-04-23T13:57:33+00:00\",\"breadcrumb\":{\"@id\":\"https:\/\/radiolifefm.com.br\/noticias\/secretaria-de-agricultura-discute-apoio-ao-produtor-rural-no-podcast-prosa-do-campo\/#breadcrumb\"},\"inLanguage\":\"pt-BR\",\"potentialAction\":[{\"@type\":\"ReadAction\",\"target\":[\"https:\/\/radiolifefm.com.br\/noticias\/secretaria-de-agricultura-discute-apoio-ao-produtor-rural-no-podcast-prosa-do-campo\/\"]}]},{\"@type\":\"ImageObject\",\"inLanguage\":\"pt-BR\",\"@id\":\"https:\/\/radiolifefm.com.br\/noticias\/secretaria-de-agricultura-discute-apoio-ao-produtor-rural-no-podcast-prosa-do-campo\/#primaryimage\",\"url\":\"https:\/\/radiolifefm.com.br\/noticias\/wp-content\/uploads\/2025\/06\/Marca-dagua-PROSA-DO-CAMPO-9-e1748975654896.jpg\",\"contentUrl\":\"https:\/\/radiolifefm.com.br\/noticias\/wp-content\/uploads\/2025\/06\/Marca-dagua-PROSA-DO-CAMPO-9-e1748975654896.jpg\",\"width\":1080,\"height\":800},{\"@type\":\"BreadcrumbList\",\"@id\":\"https:\/\/radiolifefm.com.br\/noticias\/secretaria-de-agricultura-discute-apoio-ao-produtor-rural-no-podcast-prosa-do-campo\/#breadcrumb\",\"itemListElement\":[{\"@type\":\"ListItem\",\"position\":1,\"name\":\"In\u00edcio\",\"item\":\"https:\/\/radiolifefm.com.br\/noticias\/\"},{\"@type\":\"ListItem\",\"position\":2,\"name\":\"Secretaria de Agricultura discute apoio ao produtor rural no podcast Prosa do Campo\"}]},{\"@type\":\"WebSite\",\"@id\":\"https:\/\/radiolifefm.com.br\/noticias\/#website\",\"url\":\"https:\/\/radiolifefm.com.br\/noticias\/\",\"name\":\"R\u00e1dio Life FM\",\"description\":\"O Portal de Not\u00edcias de Adamantina\",\"publisher\":{\"@id\":\"https:\/\/radiolifefm.com.br\/noticias\/#organization\"},\"alternateName\":\"Life FM\",\"potentialAction\":[{\"@type\":\"SearchAction\",\"target\":{\"@type\":\"EntryPoint\",\"urlTemplate\":\"https:\/\/radiolifefm.com.br\/noticias\/?s={search_term_string}\"},\"query-input\":{\"@type\":\"PropertyValueSpecification\",\"valueRequired\":true,\"valueName\":\"search_term_string\"}}],\"inLanguage\":\"pt-BR\"},{\"@type\":\"Organization\",\"@id\":\"https:\/\/radiolifefm.com.br\/noticias\/#organization\",\"name\":\"R\u00e1dio Life FM\",\"alternateName\":\"Life FM\",\"url\":\"https:\/\/radiolifefm.com.br\/noticias\/\",\"logo\":{\"@type\":\"ImageObject\",\"inLanguage\":\"pt-BR\",\"@id\":\"https:\/\/radiolifefm.com.br\/noticias\/#\/schema\/logo\/image\/\",\"url\":\"https:\/\/static.radiolifefm.com.br\/noticias\/wp-content\/uploads\/2019\/10\/logo-lifefm.png\",\"contentUrl\":\"https:\/\/static.radiolifefm.com.br\/noticias\/wp-content\/uploads\/2019\/10\/logo-lifefm.png\",\"width\":196,\"height\":47,\"caption\":\"R\u00e1dio Life FM\"},\"image\":{\"@id\":\"https:\/\/radiolifefm.com.br\/noticias\/#\/schema\/logo\/image\/\"},\"sameAs\":[\"https:\/\/www.facebook.com\/radiolifefm\/\",\"https:\/\/www.instagram.com\/life1079fm\/\"]},{\"@type\":\"Person\",\"@id\":\"https:\/\/radiolifefm.com.br\/noticias\/#\/schema\/person\/6876e1240feffe6e1b63fd5cb85abf28\",\"name\":\"joaograndao\",\"image\":{\"@type\":\"ImageObject\",\"inLanguage\":\"pt-BR\",\"@id\":\"https:\/\/secure.gravatar.com\/avatar\/d5b1a3cf357ed9c50404e256a1294083aa8ab5d2a994001567302786016cb32c?s=96&d=mm&r=g\",\"url\":\"https:\/\/secure.gravatar.com\/avatar\/d5b1a3cf357ed9c50404e256a1294083aa8ab5d2a994001567302786016cb32c?s=96&d=mm&r=g\",\"contentUrl\":\"https:\/\/secure.gravatar.com\/avatar\/d5b1a3cf357ed9c50404e256a1294083aa8ab5d2a994001567302786016cb32c?s=96&d=mm&r=g\",\"caption\":\"joaograndao\"}}]}<\/script>\n<!-- \/ Yoast SEO plugin. -->","yoast_head_json":{"title":"Secretaria de Agricultura discute apoio ao produtor rural no podcast Prosa do Campo - R\u00e1dio Life FM","robots":{"index":"index","follow":"follow","max-snippet":"max-snippet:-1","max-image-preview":"max-image-preview:large","max-video-preview":"max-video-preview:-1"},"canonical":"https:\/\/radiolifefm.com.br\/noticias\/secretaria-de-agricultura-discute-apoio-ao-produtor-rural-no-podcast-prosa-do-campo\/","og_locale":"pt_BR","og_type":"article","og_title":"Secretaria de Agricultura discute apoio ao produtor rural no podcast Prosa do Campo - R\u00e1dio Life FM","og_description":"&nbsp; Na \u00faltima segunda-feira (2), o podcast Prosa do Campo, transmitido pela Life FM e suas plataformas digitais, apresentou mais uma edi\u00e7\u00e3o voltada \u00e0s quest\u00f5es do setor agr\u00edcola. O programa contou com a participa\u00e7\u00e3o do Secret\u00e1rio de Agricultura de Adamantina, Lu\u00eds Henrique Fernandes, natural de Tupi Paulista, que abordou o tema Parceiros do Homem do [&hellip;]","og_url":"https:\/\/radiolifefm.com.br\/noticias\/secretaria-de-agricultura-discute-apoio-ao-produtor-rural-no-podcast-prosa-do-campo\/","og_site_name":"R\u00e1dio Life FM","article_publisher":"https:\/\/www.facebook.com\/radiolifefm\/","article_published_time":"2025-06-03T18:35:06+00:00","article_modified_time":"2026-04-23T13:57:33+00:00","og_image":[{"width":1080,"height":800,"url":"https:\/\/radiolifefm.com.br\/noticias\/wp-content\/uploads\/2025\/06\/Marca-dagua-PROSA-DO-CAMPO-9-e1748975654896.jpg","type":"image\/jpeg"}],"author":"joaograndao","twitter_card":"summary_large_image","twitter_misc":{"Escrito por":"joaograndao","Est. tempo de leitura":"2 minutos"},"schema":{"@context":"https:\/\/schema.org","@graph":[{"@type":"Article","@id":"https:\/\/radiolifefm.com.br\/noticias\/secretaria-de-agricultura-discute-apoio-ao-produtor-rural-no-podcast-prosa-do-campo\/#article","isPartOf":{"@id":"https:\/\/radiolifefm.com.br\/noticias\/secretaria-de-agricultura-discute-apoio-ao-produtor-rural-no-podcast-prosa-do-campo\/"},"author":{"name":"joaograndao","@id":"https:\/\/radiolifefm.com.br\/noticias\/#\/schema\/person\/6876e1240feffe6e1b63fd5cb85abf28"},"headline":"Secretaria de Agricultura discute apoio ao produtor rural no podcast Prosa do Campo","datePublished":"2025-06-03T18:35:06+00:00","dateModified":"2026-04-23T13:57:33+00:00","mainEntityOfPage":{"@id":"https:\/\/radiolifefm.com.br\/noticias\/secretaria-de-agricultura-discute-apoio-ao-produtor-rural-no-podcast-prosa-do-campo\/"},"wordCount":213,"publisher":{"@id":"https:\/\/radiolifefm.com.br\/noticias\/#organization"},"image":{"@id":"https:\/\/radiolifefm.com.br\/noticias\/secretaria-de-agricultura-discute-apoio-ao-produtor-rural-no-podcast-prosa-do-campo\/#primaryimage"},"thumbnailUrl":"https:\/\/radiolifefm.com.br\/noticias\/wp-content\/uploads\/2025\/06\/Marca-dagua-PROSA-DO-CAMPO-9-e1748975654896.jpg","articleSection":["Prosa do Campo"],"inLanguage":"pt-BR"},{"@type":"WebPage","@id":"https:\/\/radiolifefm.com.br\/noticias\/secretaria-de-agricultura-discute-apoio-ao-produtor-rural-no-podcast-prosa-do-campo\/","url":"https:\/\/radiolifefm.com.br\/noticias\/secretaria-de-agricultura-discute-apoio-ao-produtor-rural-no-podcast-prosa-do-campo\/","name":"Secretaria de Agricultura discute apoio ao produtor rural no podcast Prosa do Campo - R\u00e1dio Life FM","isPartOf":{"@id":"https:\/\/radiolifefm.com.br\/noticias\/#website"},"primaryImageOfPage":{"@id":"https:\/\/radiolifefm.com.br\/noticias\/secretaria-de-agricultura-discute-apoio-ao-produtor-rural-no-podcast-prosa-do-campo\/#primaryimage"},"image":{"@id":"https:\/\/radiolifefm.com.br\/noticias\/secretaria-de-agricultura-discute-apoio-ao-produtor-rural-no-podcast-prosa-do-campo\/#primaryimage"},"thumbnailUrl":"https:\/\/radiolifefm.com.br\/noticias\/wp-content\/uploads\/2025\/06\/Marca-dagua-PROSA-DO-CAMPO-9-e1748975654896.jpg","datePublished":"2025-06-03T18:35:06+00:00","dateModified":"2026-04-23T13:57:33+00:00","breadcrumb":{"@id":"https:\/\/radiolifefm.com.br\/noticias\/secretaria-de-agricultura-discute-apoio-ao-produtor-rural-no-podcast-prosa-do-campo\/#breadcrumb"},"inLanguage":"pt-BR","potentialAction":[{"@type":"ReadAction","target":["https:\/\/radiolifefm.com.br\/noticias\/secretaria-de-agricultura-discute-apoio-ao-produtor-rural-no-podcast-prosa-do-campo\/"]}]},{"@type":"ImageObject","inLanguage":"pt-BR","@id":"https:\/\/radiolifefm.com.br\/noticias\/secretaria-de-agricultura-discute-apoio-ao-produtor-rural-no-podcast-prosa-do-campo\/#primaryimage","url":"https:\/\/radiolifefm.com.br\/noticias\/wp-content\/uploads\/2025\/06\/Marca-dagua-PROSA-DO-CAMPO-9-e1748975654896.jpg","contentUrl":"https:\/\/radiolifefm.com.br\/noticias\/wp-content\/uploads\/2025\/06\/Marca-dagua-PROSA-DO-CAMPO-9-e1748975654896.jpg","width":1080,"height":800},{"@type":"BreadcrumbList","@id":"https:\/\/radiolifefm.com.br\/noticias\/secretaria-de-agricultura-discute-apoio-ao-produtor-rural-no-podcast-prosa-do-campo\/#breadcrumb","itemListElement":[{"@type":"ListItem","position":1,"name":"In\u00edcio","item":"https:\/\/radiolifefm.com.br\/noticias\/"},{"@type":"ListItem","position":2,"name":"Secretaria de Agricultura discute apoio ao produtor rural no podcast Prosa do Campo"}]},{"@type":"WebSite","@id":"https:\/\/radiolifefm.com.br\/noticias\/#website","url":"https:\/\/radiolifefm.com.br\/noticias\/","name":"R\u00e1dio Life FM","description":"O Portal de Not\u00edcias de Adamantina","publisher":{"@id":"https:\/\/radiolifefm.com.br\/noticias\/#organization"},"alternateName":"Life FM","potentialAction":[{"@type":"SearchAction","target":{"@type":"EntryPoint","urlTemplate":"https:\/\/radiolifefm.com.br\/noticias\/?s={search_term_string}"},"query-input":{"@type":"PropertyValueSpecification","valueRequired":true,"valueName":"search_term_string"}}],"inLanguage":"pt-BR"},{"@type":"Organization","@id":"https:\/\/radiolifefm.com.br\/noticias\/#organization","name":"R\u00e1dio Life FM","alternateName":"Life FM","url":"https:\/\/radiolifefm.com.br\/noticias\/","logo":{"@type":"ImageObject","inLanguage":"pt-BR","@id":"https:\/\/radiolifefm.com.br\/noticias\/#\/schema\/logo\/image\/","url":"https:\/\/static.radiolifefm.com.br\/noticias\/wp-content\/uploads\/2019\/10\/logo-lifefm.png","contentUrl":"https:\/\/static.radiolifefm.com.br\/noticias\/wp-content\/uploads\/2019\/10\/logo-lifefm.png","width":196,"height":47,"caption":"R\u00e1dio Life FM"},"image":{"@id":"https:\/\/radiolifefm.com.br\/noticias\/#\/schema\/logo\/image\/"},"sameAs":["https:\/\/www.facebook.com\/radiolifefm\/","https:\/\/www.instagram.com\/life1079fm\/"]},{"@type":"Person","@id":"https:\/\/radiolifefm.com.br\/noticias\/#\/schema\/person\/6876e1240feffe6e1b63fd5cb85abf28","name":"joaograndao","image":{"@type":"ImageObject","inLanguage":"pt-BR","@id":"https:\/\/secure.gravatar.com\/avatar\/d5b1a3cf357ed9c50404e256a1294083aa8ab5d2a994001567302786016cb32c?s=96&d=mm&r=g","url":"https:\/\/secure.gravatar.com\/avatar\/d5b1a3cf357ed9c50404e256a1294083aa8ab5d2a994001567302786016cb32c?s=96&d=mm&r=g","contentUrl":"https:\/\/secure.gravatar.com\/avatar\/d5b1a3cf357ed9c50404e256a1294083aa8ab5d2a994001567302786016cb32c?s=96&d=mm&r=g","caption":"joaograndao"}}]}},"amp_enabled":true,"_links":{"self":[{"href":"https:\/\/radiolifefm.com.br\/noticias\/wp-json\/wp\/v2\/posts\/101578","targetHints":{"allow":["GET"]}}],"collection":[{"href":"https:\/\/radiolifefm.com.br\/noticias\/wp-json\/wp\/v2\/posts"}],"about":[{"href":"https:\/\/radiolifefm.com.br\/noticias\/wp-json\/wp\/v2\/types\/post"}],"author":[{"embeddable":true,"href":"https:\/\/radiolifefm.com.br\/noticias\/wp-json\/wp\/v2\/users\/8"}],"replies":[{"embeddable":true,"href":"https:\/\/radiolifefm.com.br\/noticias\/wp-json\/wp\/v2\/comments?post=101578"}],"version-history":[{"count":1,"href":"https:\/\/radiolifefm.com.br\/noticias\/wp-json\/wp\/v2\/posts\/101578\/revisions"}],"predecessor-version":[{"id":101585,"href":"https:\/\/radiolifefm.com.br\/noticias\/wp-json\/wp\/v2\/posts\/101578\/revisions\/101585"}],"wp:featuredmedia":[{"embeddable":true,"href":"https:\/\/radiolifefm.com.br\/noticias\/wp-json\/wp\/v2\/media\/101584"}],"wp:attachment":[{"href":"https:\/\/radiolifefm.com.br\/noticias\/wp-json\/wp\/v2\/media?parent=101578"}],"wp:term":[{"taxonomy":"category","embeddable":true,"href":"https:\/\/radiolifefm.com.br\/noticias\/wp-json\/wp\/v2\/categories?post=101578"},{"taxonomy":"post_tag","embeddable":true,"href":"https:\/\/radiolifefm.com.br\/noticias\/wp-json\/wp\/v2\/tags?post=101578"}],"curies":[{"name":"wp","href":"https:\/\/api.w.org\/{rel}","templated":true}]}}