{"id":101557,"date":"2025-06-02T15:18:21","date_gmt":"2025-06-02T18:18:21","guid":{"rendered":"https:\/\/radiolifefm.com.br\/noticias\/?p=101557"},"modified":"2025-06-09T14:47:37","modified_gmt":"2025-06-09T17:47:37","slug":"sicredi-centro-oeste-paulista-lanca-premio-coonexoes-em-noite-de-celebracao-com-comunicadores-da-regiao","status":"publish","type":"post","link":"https:\/\/radiolifefm.com.br\/noticias\/sicredi-centro-oeste-paulista-lanca-premio-coonexoes-em-noite-de-celebracao-com-comunicadores-da-regiao\/","title":{"rendered":"Sicredi Centro Oeste Paulista lan\u00e7a Pr\u00eamio Coonex\u00f5es em noite de celebra\u00e7\u00e3o com comunicadores da regi\u00e3o"},"content":{"rendered":"<div id=\"fb-root\"><\/div>\n<p style=\"font-weight: 400\">Em uma noite marcada por conex\u00f5es, reconhecimento e inspira\u00e7\u00e3o, a Sicredi Centro Oeste Paulista realizou o lan\u00e7amento oficial do\u00a0<strong>Pr\u00eamio Coonex\u00f5es<\/strong>, reunindo comunicadores de toda a regi\u00e3o em um jantar especial. O evento, realizado no dia 31 de maio, no Hotel Sun Valley em Mar\u00edlia\/SP, destacou o papel da imprensa regional na promo\u00e7\u00e3o do cooperativismo e no fortalecimento das comunidades locais.<\/p>\n<p style=\"font-weight: 400\">O encontro contou com a presen\u00e7a de 70 comunicadores, que acompanharam uma palestra inspiradora do jornalista\u00a0<strong>Mauro Tagliaferri,<\/strong>\u00a0profissional com mais de 30 anos de carreira e passagens por ve\u00edculos como TV Globo, SBT, Record e RedeTV. Em sua fala, Mauro compartilhou experi\u00eancias marcantes do jornalismo e ressaltou a import\u00e2ncia da comunica\u00e7\u00e3o \u00e9tica e comprometida com a transforma\u00e7\u00e3o social, destacando que: \u201cAo promover o contato direto com jornalistas e, agora, ao lan\u00e7ar essa premia\u00e7\u00e3o, o Sicredi reconhece a credibilidade e a relev\u00e2ncia do Jornalismo. E isso \u00e9 muito gratificante e significativo, especialmente nestes tempos em que precisamos combater todos os tipos de desinforma\u00e7\u00e3o.\u201d<\/p>\n<p style=\"font-weight: 400\">O diretor executivo da Sicredi Centro Oeste Paulista,\u00a0<strong>Ildo Wilde<\/strong>, destacou o papel estrat\u00e9gico do pr\u00eamio na consolida\u00e7\u00e3o da marca e no fortalecimento dos neg\u00f3cios da cooperativa: \u201cO Pr\u00eamio Coonex\u00f5es \u00e9 uma ponte entre a nossa marca e a sociedade. Ao valorizar o jornalismo de qualidade, refor\u00e7amos nossos valores e ampliamos nossa presen\u00e7a de forma genu\u00edna e relevante nas comunidades onde atuamos.\u201d<\/p>\n<p style=\"font-weight: 400\">Dr. Jo\u00e3o Salvi, presidente da cooperativa, tamb\u00e9m enfatizou o impacto positivo da iniciativa no relacionamento com os formadores de opini\u00e3o e no desenvolvimento local: \u201cMais do que premiar, queremos reconhecer quem contribui para uma sociedade mais informada e consciente. O relacionamento com os comunicadores \u00e9 essencial para que possamos gerar valor para a comunidade e fortalecer o cooperativismo como agente de transforma\u00e7\u00e3o, algo que acreditamos h\u00e1 25 anos.\u201d<\/p>\n<p style=\"font-weight: 400\">O Pr\u00eamio Coonex\u00f5es tem como objetivo reconhecer jornalistas e ve\u00edculos que se destacam na cobertura de temas ligados ao cooperativismo e ao desenvolvimento regional, com enfoque em hist\u00f3rias que evidenciem boas pr\u00e1ticas, impactos positivos e iniciativas transformadoras promovidas pela Sicredi Centro Oeste Paulista, que em 2025 comemora seus 25 anos de hist\u00f3ria. O regulamento completo est\u00e1 dispon\u00edvel no site oficial da cooperativa:\u00a0<a href=\"https:\/\/www.sicredi.com.br\/coop\/centro-oeste-paulista\/coonexoes-sicredi\/\" data-saferedirecturl=\"https:\/\/www.google.com\/url?q=https:\/\/www.sicredi.com.br\/coop\/centro-oeste-paulista\/coonexoes-sicredi\/&amp;source=gmail&amp;ust=1748973825700000&amp;usg=AOvVaw2_uVDTi3Jiw7FmUAQnBDRy\">https:\/\/www.sicredi.com.br\/coop\/centro-oeste-paulista\/coonexoes-sicredi\/<\/a><\/p>\n<p>&nbsp;<\/p>\n<p>&nbsp;<\/p>\n<p>Fonte: Assessoria de Imprensa<\/p>\n","protected":false},"excerpt":{"rendered":"<p>Em uma noite marcada por conex\u00f5es, reconhecimento e inspira\u00e7\u00e3o, a Sicredi Centro Oeste Paulista realizou o lan\u00e7amento oficial do\u00a0Pr\u00eamio Coonex\u00f5es, reunindo comunicadores de toda a regi\u00e3o em um jantar especial. O evento, realizado no dia 31 de maio, no Hotel Sun Valley em Mar\u00edlia\/SP, destacou o papel da imprensa regional na promo\u00e7\u00e3o do cooperativismo e [&hellip;]<\/p>\n","protected":false},"author":13,"featured_media":101558,"comment_status":"closed","ping_status":"open","sticky":false,"template":"","format":"standard","meta":{"_acf_changed":false,"_exactmetrics_skip_tracking":false,"_exactmetrics_sitenote_active":false,"_exactmetrics_sitenote_note":"","_exactmetrics_sitenote_category":0,"footnotes":""},"categories":[1],"tags":[],"class_list":["post-101557","post","type-post","status-publish","format-standard","has-post-thumbnail","hentry","category-geral"],"acf":[],"yoast_head":"<!-- This site is optimized with the Yoast SEO plugin v27.2 - https:\/\/yoast.com\/product\/yoast-seo-wordpress\/ -->\n<title>Sicredi Centro Oeste Paulista lan\u00e7a Pr\u00eamio Coonex\u00f5es em noite de celebra\u00e7\u00e3o com comunicadores da regi\u00e3o - R\u00e1dio Life FM<\/title>\n<meta name=\"robots\" content=\"index, follow, max-snippet:-1, max-image-preview:large, max-video-preview:-1\" \/>\n<link rel=\"canonical\" href=\"https:\/\/radiolifefm.com.br\/noticias\/sicredi-centro-oeste-paulista-lanca-premio-coonexoes-em-noite-de-celebracao-com-comunicadores-da-regiao\/\" \/>\n<meta property=\"og:locale\" content=\"pt_BR\" \/>\n<meta property=\"og:type\" content=\"article\" \/>\n<meta property=\"og:title\" content=\"Sicredi Centro Oeste Paulista lan\u00e7a Pr\u00eamio Coonex\u00f5es em noite de celebra\u00e7\u00e3o com comunicadores da regi\u00e3o - R\u00e1dio Life FM\" \/>\n<meta property=\"og:description\" content=\"Em uma noite marcada por conex\u00f5es, reconhecimento e inspira\u00e7\u00e3o, a Sicredi Centro Oeste Paulista realizou o lan\u00e7amento oficial do\u00a0Pr\u00eamio Coonex\u00f5es, reunindo comunicadores de toda a regi\u00e3o em um jantar especial. O evento, realizado no dia 31 de maio, no Hotel Sun Valley em Mar\u00edlia\/SP, destacou o papel da imprensa regional na promo\u00e7\u00e3o do cooperativismo e [&hellip;]\" \/>\n<meta property=\"og:url\" content=\"https:\/\/radiolifefm.com.br\/noticias\/sicredi-centro-oeste-paulista-lanca-premio-coonexoes-em-noite-de-celebracao-com-comunicadores-da-regiao\/\" \/>\n<meta property=\"og:site_name\" content=\"R\u00e1dio Life FM\" \/>\n<meta property=\"article:publisher\" content=\"https:\/\/www.facebook.com\/radiolifefm\/\" \/>\n<meta property=\"article:published_time\" content=\"2025-06-02T18:18:21+00:00\" \/>\n<meta property=\"article:modified_time\" content=\"2025-06-09T17:47:37+00:00\" \/>\n<meta property=\"og:image\" content=\"https:\/\/static.radiolifefm.com.br\/noticias\/wp-content\/uploads\/2025\/06\/cats.jpg\" \/>\n\t<meta property=\"og:image:width\" content=\"800\" \/>\n\t<meta property=\"og:image:height\" content=\"400\" \/>\n\t<meta property=\"og:image:type\" content=\"image\/jpeg\" \/>\n<meta name=\"author\" content=\"ritanery\" \/>\n<meta name=\"twitter:card\" content=\"summary_large_image\" \/>\n<meta name=\"twitter:label1\" content=\"Escrito por\" \/>\n\t<meta name=\"twitter:data1\" content=\"ritanery\" \/>\n\t<meta name=\"twitter:label2\" content=\"Est. tempo de leitura\" \/>\n\t<meta name=\"twitter:data2\" content=\"3 minutos\" \/>\n<script type=\"application\/ld+json\" class=\"yoast-schema-graph\">{\"@context\":\"https:\/\/schema.org\",\"@graph\":[{\"@type\":\"Article\",\"@id\":\"https:\/\/radiolifefm.com.br\/noticias\/sicredi-centro-oeste-paulista-lanca-premio-coonexoes-em-noite-de-celebracao-com-comunicadores-da-regiao\/#article\",\"isPartOf\":{\"@id\":\"https:\/\/radiolifefm.com.br\/noticias\/sicredi-centro-oeste-paulista-lanca-premio-coonexoes-em-noite-de-celebracao-com-comunicadores-da-regiao\/\"},\"author\":{\"name\":\"ritanery\",\"@id\":\"https:\/\/radiolifefm.com.br\/noticias\/#\/schema\/person\/6339b9fac59d12b071dec680d7375d87\"},\"headline\":\"Sicredi Centro Oeste Paulista lan\u00e7a Pr\u00eamio Coonex\u00f5es em noite de celebra\u00e7\u00e3o com comunicadores da regi\u00e3o\",\"datePublished\":\"2025-06-02T18:18:21+00:00\",\"dateModified\":\"2025-06-09T17:47:37+00:00\",\"mainEntityOfPage\":{\"@id\":\"https:\/\/radiolifefm.com.br\/noticias\/sicredi-centro-oeste-paulista-lanca-premio-coonexoes-em-noite-de-celebracao-com-comunicadores-da-regiao\/\"},\"wordCount\":420,\"publisher\":{\"@id\":\"https:\/\/radiolifefm.com.br\/noticias\/#organization\"},\"image\":{\"@id\":\"https:\/\/radiolifefm.com.br\/noticias\/sicredi-centro-oeste-paulista-lanca-premio-coonexoes-em-noite-de-celebracao-com-comunicadores-da-regiao\/#primaryimage\"},\"thumbnailUrl\":\"https:\/\/radiolifefm.com.br\/noticias\/wp-content\/uploads\/2025\/06\/cats.jpg\",\"articleSection\":[\"Geral\"],\"inLanguage\":\"pt-BR\"},{\"@type\":\"WebPage\",\"@id\":\"https:\/\/radiolifefm.com.br\/noticias\/sicredi-centro-oeste-paulista-lanca-premio-coonexoes-em-noite-de-celebracao-com-comunicadores-da-regiao\/\",\"url\":\"https:\/\/radiolifefm.com.br\/noticias\/sicredi-centro-oeste-paulista-lanca-premio-coonexoes-em-noite-de-celebracao-com-comunicadores-da-regiao\/\",\"name\":\"Sicredi Centro Oeste Paulista lan\u00e7a Pr\u00eamio Coonex\u00f5es em noite de celebra\u00e7\u00e3o com comunicadores da regi\u00e3o - R\u00e1dio Life FM\",\"isPartOf\":{\"@id\":\"https:\/\/radiolifefm.com.br\/noticias\/#website\"},\"primaryImageOfPage\":{\"@id\":\"https:\/\/radiolifefm.com.br\/noticias\/sicredi-centro-oeste-paulista-lanca-premio-coonexoes-em-noite-de-celebracao-com-comunicadores-da-regiao\/#primaryimage\"},\"image\":{\"@id\":\"https:\/\/radiolifefm.com.br\/noticias\/sicredi-centro-oeste-paulista-lanca-premio-coonexoes-em-noite-de-celebracao-com-comunicadores-da-regiao\/#primaryimage\"},\"thumbnailUrl\":\"https:\/\/radiolifefm.com.br\/noticias\/wp-content\/uploads\/2025\/06\/cats.jpg\",\"datePublished\":\"2025-06-02T18:18:21+00:00\",\"dateModified\":\"2025-06-09T17:47:37+00:00\",\"breadcrumb\":{\"@id\":\"https:\/\/radiolifefm.com.br\/noticias\/sicredi-centro-oeste-paulista-lanca-premio-coonexoes-em-noite-de-celebracao-com-comunicadores-da-regiao\/#breadcrumb\"},\"inLanguage\":\"pt-BR\",\"potentialAction\":[{\"@type\":\"ReadAction\",\"target\":[\"https:\/\/radiolifefm.com.br\/noticias\/sicredi-centro-oeste-paulista-lanca-premio-coonexoes-em-noite-de-celebracao-com-comunicadores-da-regiao\/\"]}]},{\"@type\":\"ImageObject\",\"inLanguage\":\"pt-BR\",\"@id\":\"https:\/\/radiolifefm.com.br\/noticias\/sicredi-centro-oeste-paulista-lanca-premio-coonexoes-em-noite-de-celebracao-com-comunicadores-da-regiao\/#primaryimage\",\"url\":\"https:\/\/radiolifefm.com.br\/noticias\/wp-content\/uploads\/2025\/06\/cats.jpg\",\"contentUrl\":\"https:\/\/radiolifefm.com.br\/noticias\/wp-content\/uploads\/2025\/06\/cats.jpg\",\"width\":800,\"height\":400,\"caption\":\"Evento celebra o jornalismo regional e apresenta pr\u00eamio que valoriza o cooperativismo e o desenvolvimento local.\"},{\"@type\":\"BreadcrumbList\",\"@id\":\"https:\/\/radiolifefm.com.br\/noticias\/sicredi-centro-oeste-paulista-lanca-premio-coonexoes-em-noite-de-celebracao-com-comunicadores-da-regiao\/#breadcrumb\",\"itemListElement\":[{\"@type\":\"ListItem\",\"position\":1,\"name\":\"In\u00edcio\",\"item\":\"https:\/\/radiolifefm.com.br\/noticias\/\"},{\"@type\":\"ListItem\",\"position\":2,\"name\":\"Sicredi Centro Oeste Paulista lan\u00e7a Pr\u00eamio Coonex\u00f5es em noite de celebra\u00e7\u00e3o com comunicadores da regi\u00e3o\"}]},{\"@type\":\"WebSite\",\"@id\":\"https:\/\/radiolifefm.com.br\/noticias\/#website\",\"url\":\"https:\/\/radiolifefm.com.br\/noticias\/\",\"name\":\"R\u00e1dio Life FM\",\"description\":\"O Portal de Not\u00edcias de Adamantina\",\"publisher\":{\"@id\":\"https:\/\/radiolifefm.com.br\/noticias\/#organization\"},\"alternateName\":\"Life FM\",\"potentialAction\":[{\"@type\":\"SearchAction\",\"target\":{\"@type\":\"EntryPoint\",\"urlTemplate\":\"https:\/\/radiolifefm.com.br\/noticias\/?s={search_term_string}\"},\"query-input\":{\"@type\":\"PropertyValueSpecification\",\"valueRequired\":true,\"valueName\":\"search_term_string\"}}],\"inLanguage\":\"pt-BR\"},{\"@type\":\"Organization\",\"@id\":\"https:\/\/radiolifefm.com.br\/noticias\/#organization\",\"name\":\"R\u00e1dio Life FM\",\"alternateName\":\"Life FM\",\"url\":\"https:\/\/radiolifefm.com.br\/noticias\/\",\"logo\":{\"@type\":\"ImageObject\",\"inLanguage\":\"pt-BR\",\"@id\":\"https:\/\/radiolifefm.com.br\/noticias\/#\/schema\/logo\/image\/\",\"url\":\"https:\/\/static.radiolifefm.com.br\/noticias\/wp-content\/uploads\/2019\/10\/logo-lifefm.png\",\"contentUrl\":\"https:\/\/static.radiolifefm.com.br\/noticias\/wp-content\/uploads\/2019\/10\/logo-lifefm.png\",\"width\":196,\"height\":47,\"caption\":\"R\u00e1dio Life FM\"},\"image\":{\"@id\":\"https:\/\/radiolifefm.com.br\/noticias\/#\/schema\/logo\/image\/\"},\"sameAs\":[\"https:\/\/www.facebook.com\/radiolifefm\/\",\"https:\/\/www.instagram.com\/life1079fm\/\"]},{\"@type\":\"Person\",\"@id\":\"https:\/\/radiolifefm.com.br\/noticias\/#\/schema\/person\/6339b9fac59d12b071dec680d7375d87\",\"name\":\"ritanery\",\"image\":{\"@type\":\"ImageObject\",\"inLanguage\":\"pt-BR\",\"@id\":\"https:\/\/secure.gravatar.com\/avatar\/0e37bb19071f47c0b8a23f62a903df117c5a0e75f65a0c2901562f97cd41cf86?s=96&d=mm&r=g\",\"url\":\"https:\/\/secure.gravatar.com\/avatar\/0e37bb19071f47c0b8a23f62a903df117c5a0e75f65a0c2901562f97cd41cf86?s=96&d=mm&r=g\",\"contentUrl\":\"https:\/\/secure.gravatar.com\/avatar\/0e37bb19071f47c0b8a23f62a903df117c5a0e75f65a0c2901562f97cd41cf86?s=96&d=mm&r=g\",\"caption\":\"ritanery\"}}]}<\/script>\n<!-- \/ Yoast SEO plugin. -->","yoast_head_json":{"title":"Sicredi Centro Oeste Paulista lan\u00e7a Pr\u00eamio Coonex\u00f5es em noite de celebra\u00e7\u00e3o com comunicadores da regi\u00e3o - R\u00e1dio Life FM","robots":{"index":"index","follow":"follow","max-snippet":"max-snippet:-1","max-image-preview":"max-image-preview:large","max-video-preview":"max-video-preview:-1"},"canonical":"https:\/\/radiolifefm.com.br\/noticias\/sicredi-centro-oeste-paulista-lanca-premio-coonexoes-em-noite-de-celebracao-com-comunicadores-da-regiao\/","og_locale":"pt_BR","og_type":"article","og_title":"Sicredi Centro Oeste Paulista lan\u00e7a Pr\u00eamio Coonex\u00f5es em noite de celebra\u00e7\u00e3o com comunicadores da regi\u00e3o - R\u00e1dio Life FM","og_description":"Em uma noite marcada por conex\u00f5es, reconhecimento e inspira\u00e7\u00e3o, a Sicredi Centro Oeste Paulista realizou o lan\u00e7amento oficial do\u00a0Pr\u00eamio Coonex\u00f5es, reunindo comunicadores de toda a regi\u00e3o em um jantar especial. O evento, realizado no dia 31 de maio, no Hotel Sun Valley em Mar\u00edlia\/SP, destacou o papel da imprensa regional na promo\u00e7\u00e3o do cooperativismo e [&hellip;]","og_url":"https:\/\/radiolifefm.com.br\/noticias\/sicredi-centro-oeste-paulista-lanca-premio-coonexoes-em-noite-de-celebracao-com-comunicadores-da-regiao\/","og_site_name":"R\u00e1dio Life FM","article_publisher":"https:\/\/www.facebook.com\/radiolifefm\/","article_published_time":"2025-06-02T18:18:21+00:00","article_modified_time":"2025-06-09T17:47:37+00:00","og_image":[{"width":800,"height":400,"url":"https:\/\/static.radiolifefm.com.br\/noticias\/wp-content\/uploads\/2025\/06\/cats.jpg","type":"image\/jpeg"}],"author":"ritanery","twitter_card":"summary_large_image","twitter_misc":{"Escrito por":"ritanery","Est. tempo de leitura":"3 minutos"},"schema":{"@context":"https:\/\/schema.org","@graph":[{"@type":"Article","@id":"https:\/\/radiolifefm.com.br\/noticias\/sicredi-centro-oeste-paulista-lanca-premio-coonexoes-em-noite-de-celebracao-com-comunicadores-da-regiao\/#article","isPartOf":{"@id":"https:\/\/radiolifefm.com.br\/noticias\/sicredi-centro-oeste-paulista-lanca-premio-coonexoes-em-noite-de-celebracao-com-comunicadores-da-regiao\/"},"author":{"name":"ritanery","@id":"https:\/\/radiolifefm.com.br\/noticias\/#\/schema\/person\/6339b9fac59d12b071dec680d7375d87"},"headline":"Sicredi Centro Oeste Paulista lan\u00e7a Pr\u00eamio Coonex\u00f5es em noite de celebra\u00e7\u00e3o com comunicadores da regi\u00e3o","datePublished":"2025-06-02T18:18:21+00:00","dateModified":"2025-06-09T17:47:37+00:00","mainEntityOfPage":{"@id":"https:\/\/radiolifefm.com.br\/noticias\/sicredi-centro-oeste-paulista-lanca-premio-coonexoes-em-noite-de-celebracao-com-comunicadores-da-regiao\/"},"wordCount":420,"publisher":{"@id":"https:\/\/radiolifefm.com.br\/noticias\/#organization"},"image":{"@id":"https:\/\/radiolifefm.com.br\/noticias\/sicredi-centro-oeste-paulista-lanca-premio-coonexoes-em-noite-de-celebracao-com-comunicadores-da-regiao\/#primaryimage"},"thumbnailUrl":"https:\/\/radiolifefm.com.br\/noticias\/wp-content\/uploads\/2025\/06\/cats.jpg","articleSection":["Geral"],"inLanguage":"pt-BR"},{"@type":"WebPage","@id":"https:\/\/radiolifefm.com.br\/noticias\/sicredi-centro-oeste-paulista-lanca-premio-coonexoes-em-noite-de-celebracao-com-comunicadores-da-regiao\/","url":"https:\/\/radiolifefm.com.br\/noticias\/sicredi-centro-oeste-paulista-lanca-premio-coonexoes-em-noite-de-celebracao-com-comunicadores-da-regiao\/","name":"Sicredi Centro Oeste Paulista lan\u00e7a Pr\u00eamio Coonex\u00f5es em noite de celebra\u00e7\u00e3o com comunicadores da regi\u00e3o - R\u00e1dio Life FM","isPartOf":{"@id":"https:\/\/radiolifefm.com.br\/noticias\/#website"},"primaryImageOfPage":{"@id":"https:\/\/radiolifefm.com.br\/noticias\/sicredi-centro-oeste-paulista-lanca-premio-coonexoes-em-noite-de-celebracao-com-comunicadores-da-regiao\/#primaryimage"},"image":{"@id":"https:\/\/radiolifefm.com.br\/noticias\/sicredi-centro-oeste-paulista-lanca-premio-coonexoes-em-noite-de-celebracao-com-comunicadores-da-regiao\/#primaryimage"},"thumbnailUrl":"https:\/\/radiolifefm.com.br\/noticias\/wp-content\/uploads\/2025\/06\/cats.jpg","datePublished":"2025-06-02T18:18:21+00:00","dateModified":"2025-06-09T17:47:37+00:00","breadcrumb":{"@id":"https:\/\/radiolifefm.com.br\/noticias\/sicredi-centro-oeste-paulista-lanca-premio-coonexoes-em-noite-de-celebracao-com-comunicadores-da-regiao\/#breadcrumb"},"inLanguage":"pt-BR","potentialAction":[{"@type":"ReadAction","target":["https:\/\/radiolifefm.com.br\/noticias\/sicredi-centro-oeste-paulista-lanca-premio-coonexoes-em-noite-de-celebracao-com-comunicadores-da-regiao\/"]}]},{"@type":"ImageObject","inLanguage":"pt-BR","@id":"https:\/\/radiolifefm.com.br\/noticias\/sicredi-centro-oeste-paulista-lanca-premio-coonexoes-em-noite-de-celebracao-com-comunicadores-da-regiao\/#primaryimage","url":"https:\/\/radiolifefm.com.br\/noticias\/wp-content\/uploads\/2025\/06\/cats.jpg","contentUrl":"https:\/\/radiolifefm.com.br\/noticias\/wp-content\/uploads\/2025\/06\/cats.jpg","width":800,"height":400,"caption":"Evento celebra o jornalismo regional e apresenta pr\u00eamio que valoriza o cooperativismo e o desenvolvimento local."},{"@type":"BreadcrumbList","@id":"https:\/\/radiolifefm.com.br\/noticias\/sicredi-centro-oeste-paulista-lanca-premio-coonexoes-em-noite-de-celebracao-com-comunicadores-da-regiao\/#breadcrumb","itemListElement":[{"@type":"ListItem","position":1,"name":"In\u00edcio","item":"https:\/\/radiolifefm.com.br\/noticias\/"},{"@type":"ListItem","position":2,"name":"Sicredi Centro Oeste Paulista lan\u00e7a Pr\u00eamio Coonex\u00f5es em noite de celebra\u00e7\u00e3o com comunicadores da regi\u00e3o"}]},{"@type":"WebSite","@id":"https:\/\/radiolifefm.com.br\/noticias\/#website","url":"https:\/\/radiolifefm.com.br\/noticias\/","name":"R\u00e1dio Life FM","description":"O Portal de Not\u00edcias de Adamantina","publisher":{"@id":"https:\/\/radiolifefm.com.br\/noticias\/#organization"},"alternateName":"Life FM","potentialAction":[{"@type":"SearchAction","target":{"@type":"EntryPoint","urlTemplate":"https:\/\/radiolifefm.com.br\/noticias\/?s={search_term_string}"},"query-input":{"@type":"PropertyValueSpecification","valueRequired":true,"valueName":"search_term_string"}}],"inLanguage":"pt-BR"},{"@type":"Organization","@id":"https:\/\/radiolifefm.com.br\/noticias\/#organization","name":"R\u00e1dio Life FM","alternateName":"Life FM","url":"https:\/\/radiolifefm.com.br\/noticias\/","logo":{"@type":"ImageObject","inLanguage":"pt-BR","@id":"https:\/\/radiolifefm.com.br\/noticias\/#\/schema\/logo\/image\/","url":"https:\/\/static.radiolifefm.com.br\/noticias\/wp-content\/uploads\/2019\/10\/logo-lifefm.png","contentUrl":"https:\/\/static.radiolifefm.com.br\/noticias\/wp-content\/uploads\/2019\/10\/logo-lifefm.png","width":196,"height":47,"caption":"R\u00e1dio Life FM"},"image":{"@id":"https:\/\/radiolifefm.com.br\/noticias\/#\/schema\/logo\/image\/"},"sameAs":["https:\/\/www.facebook.com\/radiolifefm\/","https:\/\/www.instagram.com\/life1079fm\/"]},{"@type":"Person","@id":"https:\/\/radiolifefm.com.br\/noticias\/#\/schema\/person\/6339b9fac59d12b071dec680d7375d87","name":"ritanery","image":{"@type":"ImageObject","inLanguage":"pt-BR","@id":"https:\/\/secure.gravatar.com\/avatar\/0e37bb19071f47c0b8a23f62a903df117c5a0e75f65a0c2901562f97cd41cf86?s=96&d=mm&r=g","url":"https:\/\/secure.gravatar.com\/avatar\/0e37bb19071f47c0b8a23f62a903df117c5a0e75f65a0c2901562f97cd41cf86?s=96&d=mm&r=g","contentUrl":"https:\/\/secure.gravatar.com\/avatar\/0e37bb19071f47c0b8a23f62a903df117c5a0e75f65a0c2901562f97cd41cf86?s=96&d=mm&r=g","caption":"ritanery"}}]}},"amp_enabled":true,"_links":{"self":[{"href":"https:\/\/radiolifefm.com.br\/noticias\/wp-json\/wp\/v2\/posts\/101557","targetHints":{"allow":["GET"]}}],"collection":[{"href":"https:\/\/radiolifefm.com.br\/noticias\/wp-json\/wp\/v2\/posts"}],"about":[{"href":"https:\/\/radiolifefm.com.br\/noticias\/wp-json\/wp\/v2\/types\/post"}],"author":[{"embeddable":true,"href":"https:\/\/radiolifefm.com.br\/noticias\/wp-json\/wp\/v2\/users\/13"}],"replies":[{"embeddable":true,"href":"https:\/\/radiolifefm.com.br\/noticias\/wp-json\/wp\/v2\/comments?post=101557"}],"version-history":[{"count":2,"href":"https:\/\/radiolifefm.com.br\/noticias\/wp-json\/wp\/v2\/posts\/101557\/revisions"}],"predecessor-version":[{"id":101561,"href":"https:\/\/radiolifefm.com.br\/noticias\/wp-json\/wp\/v2\/posts\/101557\/revisions\/101561"}],"wp:featuredmedia":[{"embeddable":true,"href":"https:\/\/radiolifefm.com.br\/noticias\/wp-json\/wp\/v2\/media\/101558"}],"wp:attachment":[{"href":"https:\/\/radiolifefm.com.br\/noticias\/wp-json\/wp\/v2\/media?parent=101557"}],"wp:term":[{"taxonomy":"category","embeddable":true,"href":"https:\/\/radiolifefm.com.br\/noticias\/wp-json\/wp\/v2\/categories?post=101557"},{"taxonomy":"post_tag","embeddable":true,"href":"https:\/\/radiolifefm.com.br\/noticias\/wp-json\/wp\/v2\/tags?post=101557"}],"curies":[{"name":"wp","href":"https:\/\/api.w.org\/{rel}","templated":true}]}}