{"id":101538,"date":"2025-06-02T08:51:11","date_gmt":"2025-06-02T11:51:11","guid":{"rendered":"https:\/\/radiolifefm.com.br\/noticias\/?p=101538"},"modified":"2025-12-31T09:28:19","modified_gmt":"2025-12-31T12:28:19","slug":"neste-tempo-novo-tempo-para-uma-provincia-do-faz-de-conta-em-ritmo-de-sucupira","status":"publish","type":"post","link":"https:\/\/radiolifefm.com.br\/noticias\/neste-tempo-novo-tempo-para-uma-provincia-do-faz-de-conta-em-ritmo-de-sucupira\/","title":{"rendered":"Neste TEMPO NOVO TEMPO para uma PROV\u00cdNCIA DO FAZ DE CONTA em ritmo de SUCUPIRA&#8230;"},"content":{"rendered":"<div id=\"fb-root\"><\/div>\n<p><strong><em>\u201cExiste uma dist\u00e2ncia t\u00e3o grande entre como se age e como se deveria agir, que aquele que despreza o mundo real para viver num mundo imagin\u00e1rio encontrar\u00e1 antes sua ru\u00edna do que sua salva\u00e7\u00e3o.\u201d (<\/em><\/strong><a href=\"https:\/\/www.pensador.com\/autor\/maquiavel\/\"><strong><em>Maquiavel<\/em><\/strong><\/a><strong><em>)<\/em><\/strong><\/p>\n<p><strong><em>\u00a0<\/em><\/strong><\/p>\n<p><strong>By seb@r.<\/strong><\/p>\n<p>Ent\u00e3o, tudo caminhando de um jeito que parece estar sem o OUTRO, assim, cada LOUCO\/A com suas manias, por\u00e9m, em TEMPO de SUCUPIRA, tudo pode acontecer com o tal do ODORICO PROVINCIANO&#8230;<\/p>\n<p>N\u00e3o se pode deixar de lado nestes DESENCONTROS, o tal do MAQUINISTA e seus VAG\u00d5ES um tanto quanto DESGOVERNADOS, assim, nesta \u00e1rea nos lados das PAREDES CINZAS, aquelas que nas \u00faltimas D\u00c9CADAS foram ALVAS, ou seja, BRANCAS, todavia, n\u00e3o como S\u00cdMBOLO disto ou daquilo&#8230;<\/p>\n<p>Al\u00e9m das denominadas CAZAGEIRAS desta SUCUPIRA PROVINCIANA, deve-se considerar a presen\u00e7a das LULUZINHAS do outro lado, haja vista que NADA SE CRIA e TUDO SE COPIA neste CEN\u00c1RIO PROVINCIANO&#8230;<\/p>\n<p>Neste CONTEXTO atual, pode-se afirmar que j\u00e1 se passaram CINCO MESES da atual GEST\u00c3O P\u00daBLICA, desta forma, parece que aquela outra GEST\u00c3O que se perdeu no outro TEMPO deste TEMPO, o tal do TARTARUGA, al\u00e9m do PIN\u00d3QUIO com sua turma de ALOPRADOS\/AS, est\u00e3o nesta DISPUTA pra saber quem vai chegar em LUGAR NENHUM&#8230;<\/p>\n<p>A COMUNIDADE PROVINCIANA continua na BOCA DE ESPERA, se bem que a MAIORIA fez a ESCOLHA DEMOCR\u00c1TICA na \u00faltima elei\u00e7\u00e3o, assim, SE VOC\u00ca PENSAVA QUE TAVA RUIM, PODE PIORAR&#8230;<\/p>\n<p>Mesmo com alguns ACERTOS deste e do outro lado de um mesmo lado, tendo em vista que o tal do NOVO (sic) continua tentando PASSAR A BOIADA pra cima de tudo e todos\/as, talvez aquela turma da DIREITA VOLVER com suas MENTES MED\u00cdOCRES, ainda, travestidos\/as de PATRIOT\u00c1RIOS\/AS com aquele GRITO em nome de DEUS, P\u00c1TRIA E FAM\u00cdLIA&#8230;<\/p>\n<p>Como tudo pode ocorrer nesta PROV\u00cdNCIA DO FAZ DE CONTA, tamb\u00e9m, denominada de SUCUPIRA PROVINCIANA, ainda, possa dar a volta por cima, bem como, superar suas DIFEREN\u00c7AS POL\u00cdTICAS, considerando que S\u00c3O TODOS\/AS FARINHA DO MESMO SACO&#8230;<\/p>\n<p>Neste pr\u00f3ximo m\u00eas de JUNHO, deve ocorrer via LEGISLATIVO PROVINCIANO, a APROVA\u00c7\u00c3O dos nomes indicados pela INSTITUI\u00c7\u00c3O ao GESTOR MUNICIPAL&#8230;<\/p>\n<p>Entretanto, TODO CUIDADO \u00c9 POUCO neste MEIO DO CAMINHO, pois, pode ser uma PEDREIRA em nome das eternas TROCAS NADA SIMB\u00d3LICAS patrocinadas pelo PODER em nom do PODER com o PODER&#8230;<\/p>\n<p>Pra n\u00e3o esquecerem, PERDERAM MAN\u00c9S!<\/p>\n<p>Ainda, QUEM SOBREVIVER VAI SABER&#8230;<\/p>\n<p>&nbsp;<\/p>\n<p>&nbsp;<\/p>\n<p><strong>e-mail: <\/strong><a href=\"mailto:barbosa.sebar@gmail.com\"><strong>barbosa.sebar@gmail.com<\/strong><\/a><\/p>\n","protected":false},"excerpt":{"rendered":"<p>\u201cExiste uma dist\u00e2ncia t\u00e3o grande entre como se age e como se deveria agir, que aquele que despreza o mundo real para viver num mundo imagin\u00e1rio encontrar\u00e1 antes sua ru\u00edna do que sua salva\u00e7\u00e3o.\u201d (Maquiavel) \u00a0 By seb@r. Ent\u00e3o, tudo caminhando de um jeito que parece estar sem o OUTRO, assim, cada LOUCO\/A com suas [&hellip;]<\/p>\n","protected":false},"author":13,"featured_media":51988,"comment_status":"closed","ping_status":"open","sticky":false,"template":"","format":"standard","meta":{"_acf_changed":false,"_exactmetrics_skip_tracking":false,"_exactmetrics_sitenote_active":false,"_exactmetrics_sitenote_note":"","_exactmetrics_sitenote_category":0,"footnotes":""},"categories":[59],"tags":[],"class_list":["post-101538","post","type-post","status-publish","format-standard","has-post-thumbnail","hentry","category-opiniao"],"acf":[],"yoast_head":"<!-- This site is optimized with the Yoast SEO plugin v27.2 - https:\/\/yoast.com\/product\/yoast-seo-wordpress\/ -->\n<title>Neste TEMPO NOVO TEMPO para uma PROV\u00cdNCIA DO FAZ DE CONTA em ritmo de SUCUPIRA... - R\u00e1dio Life FM<\/title>\n<meta name=\"robots\" content=\"index, follow, max-snippet:-1, max-image-preview:large, max-video-preview:-1\" \/>\n<link rel=\"canonical\" href=\"https:\/\/radiolifefm.com.br\/noticias\/neste-tempo-novo-tempo-para-uma-provincia-do-faz-de-conta-em-ritmo-de-sucupira\/\" \/>\n<meta property=\"og:locale\" content=\"pt_BR\" \/>\n<meta property=\"og:type\" content=\"article\" \/>\n<meta property=\"og:title\" content=\"Neste TEMPO NOVO TEMPO para uma PROV\u00cdNCIA DO FAZ DE CONTA em ritmo de SUCUPIRA... - R\u00e1dio Life FM\" \/>\n<meta property=\"og:description\" content=\"\u201cExiste uma dist\u00e2ncia t\u00e3o grande entre como se age e como se deveria agir, que aquele que despreza o mundo real para viver num mundo imagin\u00e1rio encontrar\u00e1 antes sua ru\u00edna do que sua salva\u00e7\u00e3o.\u201d (Maquiavel) \u00a0 By seb@r. Ent\u00e3o, tudo caminhando de um jeito que parece estar sem o OUTRO, assim, cada LOUCO\/A com suas [&hellip;]\" \/>\n<meta property=\"og:url\" content=\"https:\/\/radiolifefm.com.br\/noticias\/neste-tempo-novo-tempo-para-uma-provincia-do-faz-de-conta-em-ritmo-de-sucupira\/\" \/>\n<meta property=\"og:site_name\" content=\"R\u00e1dio Life FM\" \/>\n<meta property=\"article:publisher\" content=\"https:\/\/www.facebook.com\/radiolifefm\/\" \/>\n<meta property=\"article:published_time\" content=\"2025-06-02T11:51:11+00:00\" \/>\n<meta property=\"article:modified_time\" content=\"2025-12-31T12:28:19+00:00\" \/>\n<meta property=\"og:image\" content=\"https:\/\/radiolifefm.com.br\/noticias\/wp-content\/uploads\/2022\/04\/WhatsApp-Image-2022-04-10-at-18.43.02.jpeg\" \/>\n\t<meta property=\"og:image:width\" content=\"972\" \/>\n\t<meta property=\"og:image:height\" content=\"1296\" \/>\n\t<meta property=\"og:image:type\" content=\"image\/jpeg\" \/>\n<meta name=\"author\" content=\"ritanery\" \/>\n<meta name=\"twitter:card\" content=\"summary_large_image\" \/>\n<meta name=\"twitter:label1\" content=\"Escrito por\" \/>\n\t<meta name=\"twitter:data1\" content=\"ritanery\" \/>\n\t<meta name=\"twitter:label2\" content=\"Est. tempo de leitura\" \/>\n\t<meta name=\"twitter:data2\" content=\"3 minutos\" \/>\n<script type=\"application\/ld+json\" class=\"yoast-schema-graph\">{\"@context\":\"https:\/\/schema.org\",\"@graph\":[{\"@type\":\"Article\",\"@id\":\"https:\/\/radiolifefm.com.br\/noticias\/neste-tempo-novo-tempo-para-uma-provincia-do-faz-de-conta-em-ritmo-de-sucupira\/#article\",\"isPartOf\":{\"@id\":\"https:\/\/radiolifefm.com.br\/noticias\/neste-tempo-novo-tempo-para-uma-provincia-do-faz-de-conta-em-ritmo-de-sucupira\/\"},\"author\":{\"name\":\"ritanery\",\"@id\":\"https:\/\/radiolifefm.com.br\/noticias\/#\/schema\/person\/6339b9fac59d12b071dec680d7375d87\"},\"headline\":\"Neste TEMPO NOVO TEMPO para uma PROV\u00cdNCIA DO FAZ DE CONTA em ritmo de SUCUPIRA&#8230;\",\"datePublished\":\"2025-06-02T11:51:11+00:00\",\"dateModified\":\"2025-12-31T12:28:19+00:00\",\"mainEntityOfPage\":{\"@id\":\"https:\/\/radiolifefm.com.br\/noticias\/neste-tempo-novo-tempo-para-uma-provincia-do-faz-de-conta-em-ritmo-de-sucupira\/\"},\"wordCount\":446,\"publisher\":{\"@id\":\"https:\/\/radiolifefm.com.br\/noticias\/#organization\"},\"image\":{\"@id\":\"https:\/\/radiolifefm.com.br\/noticias\/neste-tempo-novo-tempo-para-uma-provincia-do-faz-de-conta-em-ritmo-de-sucupira\/#primaryimage\"},\"thumbnailUrl\":\"https:\/\/radiolifefm.com.br\/noticias\/wp-content\/uploads\/2022\/04\/WhatsApp-Image-2022-04-10-at-18.43.02.jpeg\",\"articleSection\":[\"Opini\u00e3o\"],\"inLanguage\":\"pt-BR\"},{\"@type\":\"WebPage\",\"@id\":\"https:\/\/radiolifefm.com.br\/noticias\/neste-tempo-novo-tempo-para-uma-provincia-do-faz-de-conta-em-ritmo-de-sucupira\/\",\"url\":\"https:\/\/radiolifefm.com.br\/noticias\/neste-tempo-novo-tempo-para-uma-provincia-do-faz-de-conta-em-ritmo-de-sucupira\/\",\"name\":\"Neste TEMPO NOVO TEMPO para uma PROV\u00cdNCIA DO FAZ DE CONTA em ritmo de SUCUPIRA... - R\u00e1dio Life FM\",\"isPartOf\":{\"@id\":\"https:\/\/radiolifefm.com.br\/noticias\/#website\"},\"primaryImageOfPage\":{\"@id\":\"https:\/\/radiolifefm.com.br\/noticias\/neste-tempo-novo-tempo-para-uma-provincia-do-faz-de-conta-em-ritmo-de-sucupira\/#primaryimage\"},\"image\":{\"@id\":\"https:\/\/radiolifefm.com.br\/noticias\/neste-tempo-novo-tempo-para-uma-provincia-do-faz-de-conta-em-ritmo-de-sucupira\/#primaryimage\"},\"thumbnailUrl\":\"https:\/\/radiolifefm.com.br\/noticias\/wp-content\/uploads\/2022\/04\/WhatsApp-Image-2022-04-10-at-18.43.02.jpeg\",\"datePublished\":\"2025-06-02T11:51:11+00:00\",\"dateModified\":\"2025-12-31T12:28:19+00:00\",\"breadcrumb\":{\"@id\":\"https:\/\/radiolifefm.com.br\/noticias\/neste-tempo-novo-tempo-para-uma-provincia-do-faz-de-conta-em-ritmo-de-sucupira\/#breadcrumb\"},\"inLanguage\":\"pt-BR\",\"potentialAction\":[{\"@type\":\"ReadAction\",\"target\":[\"https:\/\/radiolifefm.com.br\/noticias\/neste-tempo-novo-tempo-para-uma-provincia-do-faz-de-conta-em-ritmo-de-sucupira\/\"]}]},{\"@type\":\"ImageObject\",\"inLanguage\":\"pt-BR\",\"@id\":\"https:\/\/radiolifefm.com.br\/noticias\/neste-tempo-novo-tempo-para-uma-provincia-do-faz-de-conta-em-ritmo-de-sucupira\/#primaryimage\",\"url\":\"https:\/\/radiolifefm.com.br\/noticias\/wp-content\/uploads\/2022\/04\/WhatsApp-Image-2022-04-10-at-18.43.02.jpeg\",\"contentUrl\":\"https:\/\/radiolifefm.com.br\/noticias\/wp-content\/uploads\/2022\/04\/WhatsApp-Image-2022-04-10-at-18.43.02.jpeg\",\"width\":972,\"height\":1296,\"caption\":\"S\u00e9rgio Barbosa\"},{\"@type\":\"BreadcrumbList\",\"@id\":\"https:\/\/radiolifefm.com.br\/noticias\/neste-tempo-novo-tempo-para-uma-provincia-do-faz-de-conta-em-ritmo-de-sucupira\/#breadcrumb\",\"itemListElement\":[{\"@type\":\"ListItem\",\"position\":1,\"name\":\"In\u00edcio\",\"item\":\"https:\/\/radiolifefm.com.br\/noticias\/\"},{\"@type\":\"ListItem\",\"position\":2,\"name\":\"Neste TEMPO NOVO TEMPO para uma PROV\u00cdNCIA DO FAZ DE CONTA em ritmo de SUCUPIRA&#8230;\"}]},{\"@type\":\"WebSite\",\"@id\":\"https:\/\/radiolifefm.com.br\/noticias\/#website\",\"url\":\"https:\/\/radiolifefm.com.br\/noticias\/\",\"name\":\"R\u00e1dio Life FM\",\"description\":\"O Portal de Not\u00edcias de Adamantina\",\"publisher\":{\"@id\":\"https:\/\/radiolifefm.com.br\/noticias\/#organization\"},\"alternateName\":\"Life FM\",\"potentialAction\":[{\"@type\":\"SearchAction\",\"target\":{\"@type\":\"EntryPoint\",\"urlTemplate\":\"https:\/\/radiolifefm.com.br\/noticias\/?s={search_term_string}\"},\"query-input\":{\"@type\":\"PropertyValueSpecification\",\"valueRequired\":true,\"valueName\":\"search_term_string\"}}],\"inLanguage\":\"pt-BR\"},{\"@type\":\"Organization\",\"@id\":\"https:\/\/radiolifefm.com.br\/noticias\/#organization\",\"name\":\"R\u00e1dio Life FM\",\"alternateName\":\"Life FM\",\"url\":\"https:\/\/radiolifefm.com.br\/noticias\/\",\"logo\":{\"@type\":\"ImageObject\",\"inLanguage\":\"pt-BR\",\"@id\":\"https:\/\/radiolifefm.com.br\/noticias\/#\/schema\/logo\/image\/\",\"url\":\"https:\/\/static.radiolifefm.com.br\/noticias\/wp-content\/uploads\/2019\/10\/logo-lifefm.png\",\"contentUrl\":\"https:\/\/static.radiolifefm.com.br\/noticias\/wp-content\/uploads\/2019\/10\/logo-lifefm.png\",\"width\":196,\"height\":47,\"caption\":\"R\u00e1dio Life FM\"},\"image\":{\"@id\":\"https:\/\/radiolifefm.com.br\/noticias\/#\/schema\/logo\/image\/\"},\"sameAs\":[\"https:\/\/www.facebook.com\/radiolifefm\/\",\"https:\/\/www.instagram.com\/life1079fm\/\"]},{\"@type\":\"Person\",\"@id\":\"https:\/\/radiolifefm.com.br\/noticias\/#\/schema\/person\/6339b9fac59d12b071dec680d7375d87\",\"name\":\"ritanery\",\"image\":{\"@type\":\"ImageObject\",\"inLanguage\":\"pt-BR\",\"@id\":\"https:\/\/secure.gravatar.com\/avatar\/0e37bb19071f47c0b8a23f62a903df117c5a0e75f65a0c2901562f97cd41cf86?s=96&d=mm&r=g\",\"url\":\"https:\/\/secure.gravatar.com\/avatar\/0e37bb19071f47c0b8a23f62a903df117c5a0e75f65a0c2901562f97cd41cf86?s=96&d=mm&r=g\",\"contentUrl\":\"https:\/\/secure.gravatar.com\/avatar\/0e37bb19071f47c0b8a23f62a903df117c5a0e75f65a0c2901562f97cd41cf86?s=96&d=mm&r=g\",\"caption\":\"ritanery\"}}]}<\/script>\n<!-- \/ Yoast SEO plugin. -->","yoast_head_json":{"title":"Neste TEMPO NOVO TEMPO para uma PROV\u00cdNCIA DO FAZ DE CONTA em ritmo de SUCUPIRA... - R\u00e1dio Life FM","robots":{"index":"index","follow":"follow","max-snippet":"max-snippet:-1","max-image-preview":"max-image-preview:large","max-video-preview":"max-video-preview:-1"},"canonical":"https:\/\/radiolifefm.com.br\/noticias\/neste-tempo-novo-tempo-para-uma-provincia-do-faz-de-conta-em-ritmo-de-sucupira\/","og_locale":"pt_BR","og_type":"article","og_title":"Neste TEMPO NOVO TEMPO para uma PROV\u00cdNCIA DO FAZ DE CONTA em ritmo de SUCUPIRA... - R\u00e1dio Life FM","og_description":"\u201cExiste uma dist\u00e2ncia t\u00e3o grande entre como se age e como se deveria agir, que aquele que despreza o mundo real para viver num mundo imagin\u00e1rio encontrar\u00e1 antes sua ru\u00edna do que sua salva\u00e7\u00e3o.\u201d (Maquiavel) \u00a0 By seb@r. Ent\u00e3o, tudo caminhando de um jeito que parece estar sem o OUTRO, assim, cada LOUCO\/A com suas [&hellip;]","og_url":"https:\/\/radiolifefm.com.br\/noticias\/neste-tempo-novo-tempo-para-uma-provincia-do-faz-de-conta-em-ritmo-de-sucupira\/","og_site_name":"R\u00e1dio Life FM","article_publisher":"https:\/\/www.facebook.com\/radiolifefm\/","article_published_time":"2025-06-02T11:51:11+00:00","article_modified_time":"2025-12-31T12:28:19+00:00","og_image":[{"width":972,"height":1296,"url":"https:\/\/radiolifefm.com.br\/noticias\/wp-content\/uploads\/2022\/04\/WhatsApp-Image-2022-04-10-at-18.43.02.jpeg","type":"image\/jpeg"}],"author":"ritanery","twitter_card":"summary_large_image","twitter_misc":{"Escrito por":"ritanery","Est. tempo de leitura":"3 minutos"},"schema":{"@context":"https:\/\/schema.org","@graph":[{"@type":"Article","@id":"https:\/\/radiolifefm.com.br\/noticias\/neste-tempo-novo-tempo-para-uma-provincia-do-faz-de-conta-em-ritmo-de-sucupira\/#article","isPartOf":{"@id":"https:\/\/radiolifefm.com.br\/noticias\/neste-tempo-novo-tempo-para-uma-provincia-do-faz-de-conta-em-ritmo-de-sucupira\/"},"author":{"name":"ritanery","@id":"https:\/\/radiolifefm.com.br\/noticias\/#\/schema\/person\/6339b9fac59d12b071dec680d7375d87"},"headline":"Neste TEMPO NOVO TEMPO para uma PROV\u00cdNCIA DO FAZ DE CONTA em ritmo de SUCUPIRA&#8230;","datePublished":"2025-06-02T11:51:11+00:00","dateModified":"2025-12-31T12:28:19+00:00","mainEntityOfPage":{"@id":"https:\/\/radiolifefm.com.br\/noticias\/neste-tempo-novo-tempo-para-uma-provincia-do-faz-de-conta-em-ritmo-de-sucupira\/"},"wordCount":446,"publisher":{"@id":"https:\/\/radiolifefm.com.br\/noticias\/#organization"},"image":{"@id":"https:\/\/radiolifefm.com.br\/noticias\/neste-tempo-novo-tempo-para-uma-provincia-do-faz-de-conta-em-ritmo-de-sucupira\/#primaryimage"},"thumbnailUrl":"https:\/\/radiolifefm.com.br\/noticias\/wp-content\/uploads\/2022\/04\/WhatsApp-Image-2022-04-10-at-18.43.02.jpeg","articleSection":["Opini\u00e3o"],"inLanguage":"pt-BR"},{"@type":"WebPage","@id":"https:\/\/radiolifefm.com.br\/noticias\/neste-tempo-novo-tempo-para-uma-provincia-do-faz-de-conta-em-ritmo-de-sucupira\/","url":"https:\/\/radiolifefm.com.br\/noticias\/neste-tempo-novo-tempo-para-uma-provincia-do-faz-de-conta-em-ritmo-de-sucupira\/","name":"Neste TEMPO NOVO TEMPO para uma PROV\u00cdNCIA DO FAZ DE CONTA em ritmo de SUCUPIRA... - R\u00e1dio Life FM","isPartOf":{"@id":"https:\/\/radiolifefm.com.br\/noticias\/#website"},"primaryImageOfPage":{"@id":"https:\/\/radiolifefm.com.br\/noticias\/neste-tempo-novo-tempo-para-uma-provincia-do-faz-de-conta-em-ritmo-de-sucupira\/#primaryimage"},"image":{"@id":"https:\/\/radiolifefm.com.br\/noticias\/neste-tempo-novo-tempo-para-uma-provincia-do-faz-de-conta-em-ritmo-de-sucupira\/#primaryimage"},"thumbnailUrl":"https:\/\/radiolifefm.com.br\/noticias\/wp-content\/uploads\/2022\/04\/WhatsApp-Image-2022-04-10-at-18.43.02.jpeg","datePublished":"2025-06-02T11:51:11+00:00","dateModified":"2025-12-31T12:28:19+00:00","breadcrumb":{"@id":"https:\/\/radiolifefm.com.br\/noticias\/neste-tempo-novo-tempo-para-uma-provincia-do-faz-de-conta-em-ritmo-de-sucupira\/#breadcrumb"},"inLanguage":"pt-BR","potentialAction":[{"@type":"ReadAction","target":["https:\/\/radiolifefm.com.br\/noticias\/neste-tempo-novo-tempo-para-uma-provincia-do-faz-de-conta-em-ritmo-de-sucupira\/"]}]},{"@type":"ImageObject","inLanguage":"pt-BR","@id":"https:\/\/radiolifefm.com.br\/noticias\/neste-tempo-novo-tempo-para-uma-provincia-do-faz-de-conta-em-ritmo-de-sucupira\/#primaryimage","url":"https:\/\/radiolifefm.com.br\/noticias\/wp-content\/uploads\/2022\/04\/WhatsApp-Image-2022-04-10-at-18.43.02.jpeg","contentUrl":"https:\/\/radiolifefm.com.br\/noticias\/wp-content\/uploads\/2022\/04\/WhatsApp-Image-2022-04-10-at-18.43.02.jpeg","width":972,"height":1296,"caption":"S\u00e9rgio Barbosa"},{"@type":"BreadcrumbList","@id":"https:\/\/radiolifefm.com.br\/noticias\/neste-tempo-novo-tempo-para-uma-provincia-do-faz-de-conta-em-ritmo-de-sucupira\/#breadcrumb","itemListElement":[{"@type":"ListItem","position":1,"name":"In\u00edcio","item":"https:\/\/radiolifefm.com.br\/noticias\/"},{"@type":"ListItem","position":2,"name":"Neste TEMPO NOVO TEMPO para uma PROV\u00cdNCIA DO FAZ DE CONTA em ritmo de SUCUPIRA&#8230;"}]},{"@type":"WebSite","@id":"https:\/\/radiolifefm.com.br\/noticias\/#website","url":"https:\/\/radiolifefm.com.br\/noticias\/","name":"R\u00e1dio Life FM","description":"O Portal de Not\u00edcias de Adamantina","publisher":{"@id":"https:\/\/radiolifefm.com.br\/noticias\/#organization"},"alternateName":"Life FM","potentialAction":[{"@type":"SearchAction","target":{"@type":"EntryPoint","urlTemplate":"https:\/\/radiolifefm.com.br\/noticias\/?s={search_term_string}"},"query-input":{"@type":"PropertyValueSpecification","valueRequired":true,"valueName":"search_term_string"}}],"inLanguage":"pt-BR"},{"@type":"Organization","@id":"https:\/\/radiolifefm.com.br\/noticias\/#organization","name":"R\u00e1dio Life FM","alternateName":"Life FM","url":"https:\/\/radiolifefm.com.br\/noticias\/","logo":{"@type":"ImageObject","inLanguage":"pt-BR","@id":"https:\/\/radiolifefm.com.br\/noticias\/#\/schema\/logo\/image\/","url":"https:\/\/static.radiolifefm.com.br\/noticias\/wp-content\/uploads\/2019\/10\/logo-lifefm.png","contentUrl":"https:\/\/static.radiolifefm.com.br\/noticias\/wp-content\/uploads\/2019\/10\/logo-lifefm.png","width":196,"height":47,"caption":"R\u00e1dio Life FM"},"image":{"@id":"https:\/\/radiolifefm.com.br\/noticias\/#\/schema\/logo\/image\/"},"sameAs":["https:\/\/www.facebook.com\/radiolifefm\/","https:\/\/www.instagram.com\/life1079fm\/"]},{"@type":"Person","@id":"https:\/\/radiolifefm.com.br\/noticias\/#\/schema\/person\/6339b9fac59d12b071dec680d7375d87","name":"ritanery","image":{"@type":"ImageObject","inLanguage":"pt-BR","@id":"https:\/\/secure.gravatar.com\/avatar\/0e37bb19071f47c0b8a23f62a903df117c5a0e75f65a0c2901562f97cd41cf86?s=96&d=mm&r=g","url":"https:\/\/secure.gravatar.com\/avatar\/0e37bb19071f47c0b8a23f62a903df117c5a0e75f65a0c2901562f97cd41cf86?s=96&d=mm&r=g","contentUrl":"https:\/\/secure.gravatar.com\/avatar\/0e37bb19071f47c0b8a23f62a903df117c5a0e75f65a0c2901562f97cd41cf86?s=96&d=mm&r=g","caption":"ritanery"}}]}},"amp_enabled":true,"_links":{"self":[{"href":"https:\/\/radiolifefm.com.br\/noticias\/wp-json\/wp\/v2\/posts\/101538","targetHints":{"allow":["GET"]}}],"collection":[{"href":"https:\/\/radiolifefm.com.br\/noticias\/wp-json\/wp\/v2\/posts"}],"about":[{"href":"https:\/\/radiolifefm.com.br\/noticias\/wp-json\/wp\/v2\/types\/post"}],"author":[{"embeddable":true,"href":"https:\/\/radiolifefm.com.br\/noticias\/wp-json\/wp\/v2\/users\/13"}],"replies":[{"embeddable":true,"href":"https:\/\/radiolifefm.com.br\/noticias\/wp-json\/wp\/v2\/comments?post=101538"}],"version-history":[{"count":1,"href":"https:\/\/radiolifefm.com.br\/noticias\/wp-json\/wp\/v2\/posts\/101538\/revisions"}],"predecessor-version":[{"id":101539,"href":"https:\/\/radiolifefm.com.br\/noticias\/wp-json\/wp\/v2\/posts\/101538\/revisions\/101539"}],"wp:featuredmedia":[{"embeddable":true,"href":"https:\/\/radiolifefm.com.br\/noticias\/wp-json\/wp\/v2\/media\/51988"}],"wp:attachment":[{"href":"https:\/\/radiolifefm.com.br\/noticias\/wp-json\/wp\/v2\/media?parent=101538"}],"wp:term":[{"taxonomy":"category","embeddable":true,"href":"https:\/\/radiolifefm.com.br\/noticias\/wp-json\/wp\/v2\/categories?post=101538"},{"taxonomy":"post_tag","embeddable":true,"href":"https:\/\/radiolifefm.com.br\/noticias\/wp-json\/wp\/v2\/tags?post=101538"}],"curies":[{"name":"wp","href":"https:\/\/api.w.org\/{rel}","templated":true}]}}