{"id":101505,"date":"2025-05-30T09:18:06","date_gmt":"2025-05-30T12:18:06","guid":{"rendered":"https:\/\/radiolifefm.com.br\/noticias\/?p=101505"},"modified":"2026-04-04T06:52:54","modified_gmt":"2026-04-04T09:52:54","slug":"realidade-provincia-e-poder-institucionalizado","status":"publish","type":"post","link":"https:\/\/radiolifefm.com.br\/noticias\/realidade-provincia-e-poder-institucionalizado\/","title":{"rendered":"Realidade, Prov\u00edncia e Poder Institucionalizado&#8230;"},"content":{"rendered":"<div id=\"fb-root\"><\/div>\n<p><em>Querer n\u00e3o \u00e9 poder. Quem p\u00f4de, quis antes de poder s\u00f3 depois de poder. Quem quer nunca h\u00e1-de poder, porque se perde em querer. (Fernando Pessoa)<\/em><\/p>\n<p>&nbsp;<\/p>\n<p><strong>S\u00e9rgio Barbosa<\/strong><\/p>\n<p>Na realidade, isso \u00e9, depende sempre deste ou daquele olhar sobre a mesma coisa ou a mesmice de sempre em terras provincianas, portanto, at\u00e9 o final deste ano que j\u00e1 terminou para a maioria das pessoas, ainda, tudo pode ocorrer para um ou mais lados deste mesmo lado&#8230;<\/p>\n<p>N\u00e3o se pode mais brincar de &#8220;fazer de conta&#8221;, tal qual aquelas brincadeiras de crian\u00e7as e tudo mais em meio ao tudo de menos, assim, cada qual, do seu jeito deve correr atr\u00e1s do lucro em meio aos desencontros do presente que esquece o passado e tentar correr atr\u00e1s de um futuro incerto em todas as \u00e1reas&#8230;<\/p>\n<p>Tamb\u00e9m, o poder continuar tendo problemas em saber o que fazer com as &#8220;cr\u00edticas&#8221;, por\u00e9m, n\u00e3o se pode esquecer que as mesmas existem para apresentar outras op\u00e7\u00f5es para um mesmo contexto, entretanto, esse poder institucionalizado est\u00e1 sempre acima do bem e do mal&#8230;<\/p>\n<p>Neste cen\u00e1rio se aproximando do &#8220;Apocalipse&#8221; para todas as \u00e1reas, deve-se ficar em constate &#8220;estado de alerta&#8221; frente aos desmandos em nome das &#8220;bem aventuran\u00e7as&#8221;, talvez, dos denominados &#8220;aventureiros&#8221; de sempre que em nome do passado est\u00e3o mais presentes do que nunca na Prov\u00edncia&#8230;<\/p>\n<p>De um jeito ou de outro, todos\/as querem se salvar disto ou daquilo, bem como, afirmam que o importante \u00e9 &#8220;sobreviver&#8221; de um jeito ou de outro neste cen\u00e1rio provinciano, todavia, a mesmice pode estar de volta como uma &#8220;m\u00e1quina&#8221; que atropela e se utiliza da opress\u00e3o e da repress\u00e3o para manter o &#8220;status quo&#8221; dos mesmos de sempre&#8230;<\/p>\n<p>Ainda bem que existe uma minoria que sabe o que ocorre por tr\u00e1s destes desencontros patrocinados pelos interesses do poder pelo poder em busca do poder, haja vista que &#8220;toda unanimidade \u00e9 burra&#8221; como afirmou o escritor do outro tempo, ainda, tudo pode se perder, isso \u00e9, caso os c\u00e1lculos n\u00e3o confirmem as proje\u00e7\u00f5es para isto ou aquilo&#8230;<\/p>\n<p>E no mais em meio ao tudo de menos, &#8220;sobram as batatas&#8221; para a maioria dos\/as provincianos\/as, tal qual uma &#8220;massa de manobras&#8221; ou mediado pelo &#8220;Consenso Fabricado&#8221; propagado pelo pesquisador norte-americano NOAM CHOMSKY&#8230;<\/p>\n<p>O contexto continua promovendo diversas possibilidades para este poder que vai estar no governo, portanto, a &#8220;Prov\u00edncia&#8221; deve estar atenta para as manobras que o poder institucionalizado acaba determinando pelos meios democr\u00e1ticos em nome deste ou daquele compromisso, destacando neste cen\u00e1rio uma das m\u00e1ximas da \u00e1rea da publicidade, a saber; &#8220;nada se cria, tudo se copia&#8221;&#8230;<\/p>\n<p>Neste meio tempo sem o tempo, cada qual usa e abusa das suas verdades para muitas mentiras ou uma mentira para muitas verdades, bem como, criando os denominados &#8220;fact\u00f3ides&#8221; com interesses individual ou coletivo para muitos olhares al\u00e9m da prov\u00edncia em tempo de p\u00f3s-globaliza\u00e7\u00e3o organizacional&#8230;<\/p>\n<p>Ainda bem que existem muitos registros sobre tais ocasos, para isso ser uma verdade ou n\u00e3o, por isso, os\/as provincianos\/as est\u00e3o na expectativa de que alguma coisa pode ocorrer at\u00e9 o final deste ano, ainda, de um jeito ou de outro, por\u00e9m, o que n\u00e3o espera \u00e9 que isso ou aquilo, se transforme no tal &#8220;presente de grego&#8221;&#8230;<\/p>\n<p>Quem viver, vai ver&#8230;<\/p>\n<p><strong>__________________________________________<\/strong><\/p>\n<p><strong>(*) jornalista diplomado.<\/strong><\/p>\n<p><strong>e-mail: <\/strong><a href=\"mailto:barbosa.sebar@gmail.com\"><strong>barbosa.sebar@gmail.com<\/strong><\/a><\/p>\n","protected":false},"excerpt":{"rendered":"<p>Querer n\u00e3o \u00e9 poder. Quem p\u00f4de, quis antes de poder s\u00f3 depois de poder. Quem quer nunca h\u00e1-de poder, porque se perde em querer. (Fernando Pessoa) &nbsp; S\u00e9rgio Barbosa Na realidade, isso \u00e9, depende sempre deste ou daquele olhar sobre a mesma coisa ou a mesmice de sempre em terras provincianas, portanto, at\u00e9 o final [&hellip;]<\/p>\n","protected":false},"author":13,"featured_media":51988,"comment_status":"closed","ping_status":"open","sticky":false,"template":"","format":"standard","meta":{"_acf_changed":false,"_exactmetrics_skip_tracking":false,"_exactmetrics_sitenote_active":false,"_exactmetrics_sitenote_note":"","_exactmetrics_sitenote_category":0,"footnotes":""},"categories":[59],"tags":[],"class_list":["post-101505","post","type-post","status-publish","format-standard","has-post-thumbnail","hentry","category-opiniao"],"acf":[],"yoast_head":"<!-- This site is optimized with the Yoast SEO plugin v27.2 - https:\/\/yoast.com\/product\/yoast-seo-wordpress\/ -->\n<title>Realidade, Prov\u00edncia e Poder Institucionalizado... - R\u00e1dio Life FM<\/title>\n<meta name=\"robots\" content=\"index, follow, max-snippet:-1, max-image-preview:large, max-video-preview:-1\" \/>\n<link rel=\"canonical\" href=\"https:\/\/radiolifefm.com.br\/noticias\/realidade-provincia-e-poder-institucionalizado\/\" \/>\n<meta property=\"og:locale\" content=\"pt_BR\" \/>\n<meta property=\"og:type\" content=\"article\" \/>\n<meta property=\"og:title\" content=\"Realidade, Prov\u00edncia e Poder Institucionalizado... - R\u00e1dio Life FM\" \/>\n<meta property=\"og:description\" content=\"Querer n\u00e3o \u00e9 poder. Quem p\u00f4de, quis antes de poder s\u00f3 depois de poder. Quem quer nunca h\u00e1-de poder, porque se perde em querer. (Fernando Pessoa) &nbsp; S\u00e9rgio Barbosa Na realidade, isso \u00e9, depende sempre deste ou daquele olhar sobre a mesma coisa ou a mesmice de sempre em terras provincianas, portanto, at\u00e9 o final [&hellip;]\" \/>\n<meta property=\"og:url\" content=\"https:\/\/radiolifefm.com.br\/noticias\/realidade-provincia-e-poder-institucionalizado\/\" \/>\n<meta property=\"og:site_name\" content=\"R\u00e1dio Life FM\" \/>\n<meta property=\"article:publisher\" content=\"https:\/\/www.facebook.com\/radiolifefm\/\" \/>\n<meta property=\"article:published_time\" content=\"2025-05-30T12:18:06+00:00\" \/>\n<meta property=\"article:modified_time\" content=\"2026-04-04T09:52:54+00:00\" \/>\n<meta property=\"og:image\" content=\"https:\/\/radiolifefm.com.br\/noticias\/wp-content\/uploads\/2022\/04\/WhatsApp-Image-2022-04-10-at-18.43.02.jpeg\" \/>\n\t<meta property=\"og:image:width\" content=\"972\" \/>\n\t<meta property=\"og:image:height\" content=\"1296\" \/>\n\t<meta property=\"og:image:type\" content=\"image\/jpeg\" \/>\n<meta name=\"author\" content=\"ritanery\" \/>\n<meta name=\"twitter:card\" content=\"summary_large_image\" \/>\n<meta name=\"twitter:label1\" content=\"Escrito por\" \/>\n\t<meta name=\"twitter:data1\" content=\"ritanery\" \/>\n\t<meta name=\"twitter:label2\" content=\"Est. tempo de leitura\" \/>\n\t<meta name=\"twitter:data2\" content=\"4 minutos\" \/>\n<script type=\"application\/ld+json\" class=\"yoast-schema-graph\">{\"@context\":\"https:\/\/schema.org\",\"@graph\":[{\"@type\":\"Article\",\"@id\":\"https:\/\/radiolifefm.com.br\/noticias\/realidade-provincia-e-poder-institucionalizado\/#article\",\"isPartOf\":{\"@id\":\"https:\/\/radiolifefm.com.br\/noticias\/realidade-provincia-e-poder-institucionalizado\/\"},\"author\":{\"name\":\"ritanery\",\"@id\":\"https:\/\/radiolifefm.com.br\/noticias\/#\/schema\/person\/6339b9fac59d12b071dec680d7375d87\"},\"headline\":\"Realidade, Prov\u00edncia e Poder Institucionalizado&#8230;\",\"datePublished\":\"2025-05-30T12:18:06+00:00\",\"dateModified\":\"2026-04-04T09:52:54+00:00\",\"mainEntityOfPage\":{\"@id\":\"https:\/\/radiolifefm.com.br\/noticias\/realidade-provincia-e-poder-institucionalizado\/\"},\"wordCount\":585,\"publisher\":{\"@id\":\"https:\/\/radiolifefm.com.br\/noticias\/#organization\"},\"image\":{\"@id\":\"https:\/\/radiolifefm.com.br\/noticias\/realidade-provincia-e-poder-institucionalizado\/#primaryimage\"},\"thumbnailUrl\":\"https:\/\/radiolifefm.com.br\/noticias\/wp-content\/uploads\/2022\/04\/WhatsApp-Image-2022-04-10-at-18.43.02.jpeg\",\"articleSection\":[\"Opini\u00e3o\"],\"inLanguage\":\"pt-BR\"},{\"@type\":\"WebPage\",\"@id\":\"https:\/\/radiolifefm.com.br\/noticias\/realidade-provincia-e-poder-institucionalizado\/\",\"url\":\"https:\/\/radiolifefm.com.br\/noticias\/realidade-provincia-e-poder-institucionalizado\/\",\"name\":\"Realidade, Prov\u00edncia e Poder Institucionalizado... - R\u00e1dio Life FM\",\"isPartOf\":{\"@id\":\"https:\/\/radiolifefm.com.br\/noticias\/#website\"},\"primaryImageOfPage\":{\"@id\":\"https:\/\/radiolifefm.com.br\/noticias\/realidade-provincia-e-poder-institucionalizado\/#primaryimage\"},\"image\":{\"@id\":\"https:\/\/radiolifefm.com.br\/noticias\/realidade-provincia-e-poder-institucionalizado\/#primaryimage\"},\"thumbnailUrl\":\"https:\/\/radiolifefm.com.br\/noticias\/wp-content\/uploads\/2022\/04\/WhatsApp-Image-2022-04-10-at-18.43.02.jpeg\",\"datePublished\":\"2025-05-30T12:18:06+00:00\",\"dateModified\":\"2026-04-04T09:52:54+00:00\",\"breadcrumb\":{\"@id\":\"https:\/\/radiolifefm.com.br\/noticias\/realidade-provincia-e-poder-institucionalizado\/#breadcrumb\"},\"inLanguage\":\"pt-BR\",\"potentialAction\":[{\"@type\":\"ReadAction\",\"target\":[\"https:\/\/radiolifefm.com.br\/noticias\/realidade-provincia-e-poder-institucionalizado\/\"]}]},{\"@type\":\"ImageObject\",\"inLanguage\":\"pt-BR\",\"@id\":\"https:\/\/radiolifefm.com.br\/noticias\/realidade-provincia-e-poder-institucionalizado\/#primaryimage\",\"url\":\"https:\/\/radiolifefm.com.br\/noticias\/wp-content\/uploads\/2022\/04\/WhatsApp-Image-2022-04-10-at-18.43.02.jpeg\",\"contentUrl\":\"https:\/\/radiolifefm.com.br\/noticias\/wp-content\/uploads\/2022\/04\/WhatsApp-Image-2022-04-10-at-18.43.02.jpeg\",\"width\":972,\"height\":1296,\"caption\":\"S\u00e9rgio Barbosa\"},{\"@type\":\"BreadcrumbList\",\"@id\":\"https:\/\/radiolifefm.com.br\/noticias\/realidade-provincia-e-poder-institucionalizado\/#breadcrumb\",\"itemListElement\":[{\"@type\":\"ListItem\",\"position\":1,\"name\":\"In\u00edcio\",\"item\":\"https:\/\/radiolifefm.com.br\/noticias\/\"},{\"@type\":\"ListItem\",\"position\":2,\"name\":\"Realidade, Prov\u00edncia e Poder Institucionalizado&#8230;\"}]},{\"@type\":\"WebSite\",\"@id\":\"https:\/\/radiolifefm.com.br\/noticias\/#website\",\"url\":\"https:\/\/radiolifefm.com.br\/noticias\/\",\"name\":\"R\u00e1dio Life FM\",\"description\":\"O Portal de Not\u00edcias de Adamantina\",\"publisher\":{\"@id\":\"https:\/\/radiolifefm.com.br\/noticias\/#organization\"},\"alternateName\":\"Life FM\",\"potentialAction\":[{\"@type\":\"SearchAction\",\"target\":{\"@type\":\"EntryPoint\",\"urlTemplate\":\"https:\/\/radiolifefm.com.br\/noticias\/?s={search_term_string}\"},\"query-input\":{\"@type\":\"PropertyValueSpecification\",\"valueRequired\":true,\"valueName\":\"search_term_string\"}}],\"inLanguage\":\"pt-BR\"},{\"@type\":\"Organization\",\"@id\":\"https:\/\/radiolifefm.com.br\/noticias\/#organization\",\"name\":\"R\u00e1dio Life FM\",\"alternateName\":\"Life FM\",\"url\":\"https:\/\/radiolifefm.com.br\/noticias\/\",\"logo\":{\"@type\":\"ImageObject\",\"inLanguage\":\"pt-BR\",\"@id\":\"https:\/\/radiolifefm.com.br\/noticias\/#\/schema\/logo\/image\/\",\"url\":\"https:\/\/static.radiolifefm.com.br\/noticias\/wp-content\/uploads\/2019\/10\/logo-lifefm.png\",\"contentUrl\":\"https:\/\/static.radiolifefm.com.br\/noticias\/wp-content\/uploads\/2019\/10\/logo-lifefm.png\",\"width\":196,\"height\":47,\"caption\":\"R\u00e1dio Life FM\"},\"image\":{\"@id\":\"https:\/\/radiolifefm.com.br\/noticias\/#\/schema\/logo\/image\/\"},\"sameAs\":[\"https:\/\/www.facebook.com\/radiolifefm\/\",\"https:\/\/www.instagram.com\/life1079fm\/\"]},{\"@type\":\"Person\",\"@id\":\"https:\/\/radiolifefm.com.br\/noticias\/#\/schema\/person\/6339b9fac59d12b071dec680d7375d87\",\"name\":\"ritanery\",\"image\":{\"@type\":\"ImageObject\",\"inLanguage\":\"pt-BR\",\"@id\":\"https:\/\/secure.gravatar.com\/avatar\/0e37bb19071f47c0b8a23f62a903df117c5a0e75f65a0c2901562f97cd41cf86?s=96&d=mm&r=g\",\"url\":\"https:\/\/secure.gravatar.com\/avatar\/0e37bb19071f47c0b8a23f62a903df117c5a0e75f65a0c2901562f97cd41cf86?s=96&d=mm&r=g\",\"contentUrl\":\"https:\/\/secure.gravatar.com\/avatar\/0e37bb19071f47c0b8a23f62a903df117c5a0e75f65a0c2901562f97cd41cf86?s=96&d=mm&r=g\",\"caption\":\"ritanery\"}}]}<\/script>\n<!-- \/ Yoast SEO plugin. -->","yoast_head_json":{"title":"Realidade, Prov\u00edncia e Poder Institucionalizado... - R\u00e1dio Life FM","robots":{"index":"index","follow":"follow","max-snippet":"max-snippet:-1","max-image-preview":"max-image-preview:large","max-video-preview":"max-video-preview:-1"},"canonical":"https:\/\/radiolifefm.com.br\/noticias\/realidade-provincia-e-poder-institucionalizado\/","og_locale":"pt_BR","og_type":"article","og_title":"Realidade, Prov\u00edncia e Poder Institucionalizado... - R\u00e1dio Life FM","og_description":"Querer n\u00e3o \u00e9 poder. Quem p\u00f4de, quis antes de poder s\u00f3 depois de poder. Quem quer nunca h\u00e1-de poder, porque se perde em querer. (Fernando Pessoa) &nbsp; S\u00e9rgio Barbosa Na realidade, isso \u00e9, depende sempre deste ou daquele olhar sobre a mesma coisa ou a mesmice de sempre em terras provincianas, portanto, at\u00e9 o final [&hellip;]","og_url":"https:\/\/radiolifefm.com.br\/noticias\/realidade-provincia-e-poder-institucionalizado\/","og_site_name":"R\u00e1dio Life FM","article_publisher":"https:\/\/www.facebook.com\/radiolifefm\/","article_published_time":"2025-05-30T12:18:06+00:00","article_modified_time":"2026-04-04T09:52:54+00:00","og_image":[{"width":972,"height":1296,"url":"https:\/\/radiolifefm.com.br\/noticias\/wp-content\/uploads\/2022\/04\/WhatsApp-Image-2022-04-10-at-18.43.02.jpeg","type":"image\/jpeg"}],"author":"ritanery","twitter_card":"summary_large_image","twitter_misc":{"Escrito por":"ritanery","Est. tempo de leitura":"4 minutos"},"schema":{"@context":"https:\/\/schema.org","@graph":[{"@type":"Article","@id":"https:\/\/radiolifefm.com.br\/noticias\/realidade-provincia-e-poder-institucionalizado\/#article","isPartOf":{"@id":"https:\/\/radiolifefm.com.br\/noticias\/realidade-provincia-e-poder-institucionalizado\/"},"author":{"name":"ritanery","@id":"https:\/\/radiolifefm.com.br\/noticias\/#\/schema\/person\/6339b9fac59d12b071dec680d7375d87"},"headline":"Realidade, Prov\u00edncia e Poder Institucionalizado&#8230;","datePublished":"2025-05-30T12:18:06+00:00","dateModified":"2026-04-04T09:52:54+00:00","mainEntityOfPage":{"@id":"https:\/\/radiolifefm.com.br\/noticias\/realidade-provincia-e-poder-institucionalizado\/"},"wordCount":585,"publisher":{"@id":"https:\/\/radiolifefm.com.br\/noticias\/#organization"},"image":{"@id":"https:\/\/radiolifefm.com.br\/noticias\/realidade-provincia-e-poder-institucionalizado\/#primaryimage"},"thumbnailUrl":"https:\/\/radiolifefm.com.br\/noticias\/wp-content\/uploads\/2022\/04\/WhatsApp-Image-2022-04-10-at-18.43.02.jpeg","articleSection":["Opini\u00e3o"],"inLanguage":"pt-BR"},{"@type":"WebPage","@id":"https:\/\/radiolifefm.com.br\/noticias\/realidade-provincia-e-poder-institucionalizado\/","url":"https:\/\/radiolifefm.com.br\/noticias\/realidade-provincia-e-poder-institucionalizado\/","name":"Realidade, Prov\u00edncia e Poder Institucionalizado... - R\u00e1dio Life FM","isPartOf":{"@id":"https:\/\/radiolifefm.com.br\/noticias\/#website"},"primaryImageOfPage":{"@id":"https:\/\/radiolifefm.com.br\/noticias\/realidade-provincia-e-poder-institucionalizado\/#primaryimage"},"image":{"@id":"https:\/\/radiolifefm.com.br\/noticias\/realidade-provincia-e-poder-institucionalizado\/#primaryimage"},"thumbnailUrl":"https:\/\/radiolifefm.com.br\/noticias\/wp-content\/uploads\/2022\/04\/WhatsApp-Image-2022-04-10-at-18.43.02.jpeg","datePublished":"2025-05-30T12:18:06+00:00","dateModified":"2026-04-04T09:52:54+00:00","breadcrumb":{"@id":"https:\/\/radiolifefm.com.br\/noticias\/realidade-provincia-e-poder-institucionalizado\/#breadcrumb"},"inLanguage":"pt-BR","potentialAction":[{"@type":"ReadAction","target":["https:\/\/radiolifefm.com.br\/noticias\/realidade-provincia-e-poder-institucionalizado\/"]}]},{"@type":"ImageObject","inLanguage":"pt-BR","@id":"https:\/\/radiolifefm.com.br\/noticias\/realidade-provincia-e-poder-institucionalizado\/#primaryimage","url":"https:\/\/radiolifefm.com.br\/noticias\/wp-content\/uploads\/2022\/04\/WhatsApp-Image-2022-04-10-at-18.43.02.jpeg","contentUrl":"https:\/\/radiolifefm.com.br\/noticias\/wp-content\/uploads\/2022\/04\/WhatsApp-Image-2022-04-10-at-18.43.02.jpeg","width":972,"height":1296,"caption":"S\u00e9rgio Barbosa"},{"@type":"BreadcrumbList","@id":"https:\/\/radiolifefm.com.br\/noticias\/realidade-provincia-e-poder-institucionalizado\/#breadcrumb","itemListElement":[{"@type":"ListItem","position":1,"name":"In\u00edcio","item":"https:\/\/radiolifefm.com.br\/noticias\/"},{"@type":"ListItem","position":2,"name":"Realidade, Prov\u00edncia e Poder Institucionalizado&#8230;"}]},{"@type":"WebSite","@id":"https:\/\/radiolifefm.com.br\/noticias\/#website","url":"https:\/\/radiolifefm.com.br\/noticias\/","name":"R\u00e1dio Life FM","description":"O Portal de Not\u00edcias de Adamantina","publisher":{"@id":"https:\/\/radiolifefm.com.br\/noticias\/#organization"},"alternateName":"Life FM","potentialAction":[{"@type":"SearchAction","target":{"@type":"EntryPoint","urlTemplate":"https:\/\/radiolifefm.com.br\/noticias\/?s={search_term_string}"},"query-input":{"@type":"PropertyValueSpecification","valueRequired":true,"valueName":"search_term_string"}}],"inLanguage":"pt-BR"},{"@type":"Organization","@id":"https:\/\/radiolifefm.com.br\/noticias\/#organization","name":"R\u00e1dio Life FM","alternateName":"Life FM","url":"https:\/\/radiolifefm.com.br\/noticias\/","logo":{"@type":"ImageObject","inLanguage":"pt-BR","@id":"https:\/\/radiolifefm.com.br\/noticias\/#\/schema\/logo\/image\/","url":"https:\/\/static.radiolifefm.com.br\/noticias\/wp-content\/uploads\/2019\/10\/logo-lifefm.png","contentUrl":"https:\/\/static.radiolifefm.com.br\/noticias\/wp-content\/uploads\/2019\/10\/logo-lifefm.png","width":196,"height":47,"caption":"R\u00e1dio Life FM"},"image":{"@id":"https:\/\/radiolifefm.com.br\/noticias\/#\/schema\/logo\/image\/"},"sameAs":["https:\/\/www.facebook.com\/radiolifefm\/","https:\/\/www.instagram.com\/life1079fm\/"]},{"@type":"Person","@id":"https:\/\/radiolifefm.com.br\/noticias\/#\/schema\/person\/6339b9fac59d12b071dec680d7375d87","name":"ritanery","image":{"@type":"ImageObject","inLanguage":"pt-BR","@id":"https:\/\/secure.gravatar.com\/avatar\/0e37bb19071f47c0b8a23f62a903df117c5a0e75f65a0c2901562f97cd41cf86?s=96&d=mm&r=g","url":"https:\/\/secure.gravatar.com\/avatar\/0e37bb19071f47c0b8a23f62a903df117c5a0e75f65a0c2901562f97cd41cf86?s=96&d=mm&r=g","contentUrl":"https:\/\/secure.gravatar.com\/avatar\/0e37bb19071f47c0b8a23f62a903df117c5a0e75f65a0c2901562f97cd41cf86?s=96&d=mm&r=g","caption":"ritanery"}}]}},"amp_enabled":true,"_links":{"self":[{"href":"https:\/\/radiolifefm.com.br\/noticias\/wp-json\/wp\/v2\/posts\/101505","targetHints":{"allow":["GET"]}}],"collection":[{"href":"https:\/\/radiolifefm.com.br\/noticias\/wp-json\/wp\/v2\/posts"}],"about":[{"href":"https:\/\/radiolifefm.com.br\/noticias\/wp-json\/wp\/v2\/types\/post"}],"author":[{"embeddable":true,"href":"https:\/\/radiolifefm.com.br\/noticias\/wp-json\/wp\/v2\/users\/13"}],"replies":[{"embeddable":true,"href":"https:\/\/radiolifefm.com.br\/noticias\/wp-json\/wp\/v2\/comments?post=101505"}],"version-history":[{"count":1,"href":"https:\/\/radiolifefm.com.br\/noticias\/wp-json\/wp\/v2\/posts\/101505\/revisions"}],"predecessor-version":[{"id":101506,"href":"https:\/\/radiolifefm.com.br\/noticias\/wp-json\/wp\/v2\/posts\/101505\/revisions\/101506"}],"wp:featuredmedia":[{"embeddable":true,"href":"https:\/\/radiolifefm.com.br\/noticias\/wp-json\/wp\/v2\/media\/51988"}],"wp:attachment":[{"href":"https:\/\/radiolifefm.com.br\/noticias\/wp-json\/wp\/v2\/media?parent=101505"}],"wp:term":[{"taxonomy":"category","embeddable":true,"href":"https:\/\/radiolifefm.com.br\/noticias\/wp-json\/wp\/v2\/categories?post=101505"},{"taxonomy":"post_tag","embeddable":true,"href":"https:\/\/radiolifefm.com.br\/noticias\/wp-json\/wp\/v2\/tags?post=101505"}],"curies":[{"name":"wp","href":"https:\/\/api.w.org\/{rel}","templated":true}]}}