{"id":101457,"date":"2025-05-29T08:42:20","date_gmt":"2025-05-29T11:42:20","guid":{"rendered":"https:\/\/radiolifefm.com.br\/noticias\/?p=101457"},"modified":"2026-01-28T11:47:02","modified_gmt":"2026-01-28T14:47:02","slug":"poesia-quimica-e-flores-no-pauta-aberta","status":"publish","type":"post","link":"https:\/\/radiolifefm.com.br\/noticias\/poesia-quimica-e-flores-no-pauta-aberta\/","title":{"rendered":"Poesia, qu\u00edmica e flores no Pauta Aberta"},"content":{"rendered":"<div id=\"fb-root\"><\/div>\n<p><strong><em>\u201cToda a poesia &#8211; e a can\u00e7\u00e3o \u00e9 uma poesia ajudada &#8211; reflete o que a alma n\u00e3o tem. Por isso a can\u00e7\u00e3o dos povos tristes \u00e9 alegre e a can\u00e7\u00e3o dos povos alegres \u00e9 triste.\u201d (<\/em><\/strong><a href=\"https:\/\/www.pensador.com\/autor\/fernando_pessoa\/\"><strong><em>Fernando Pessoa)<\/em><\/strong><strong><em>\u00a0<\/em><\/strong><\/a><\/p>\n<p><strong><em>\u00a0<\/em><\/strong><\/p>\n<p><strong><em>\u201cN\u00e3o quero flores no meu enterro, pois sei que v\u00e3o arranc\u00e1-las da floresta.\u201d (<\/em><\/strong><a href=\"https:\/\/www.pensador.com\/autor\/chico_mendes\/\"><strong><em>Chico Mendes<\/em><\/strong><\/a><strong><em>)<\/em><\/strong><\/p>\n<p><strong><em>\u00a0<\/em><\/strong><\/p>\n<p><strong><em>\u201cE eu que pensava que qu\u00edmica era dif\u00edcil, me enganei, pois c\u00e1lculos estequiom\u00e9tricos s\u00e3o mais f\u00e1ceis de resolver do que divis\u00f5es do cora\u00e7\u00e3o.\u201d (<\/em><\/strong><a href=\"https:\/\/www.pensador.com\/autor\/debora_comis\/\"><strong><em>D\u00e9bora Comis<\/em><\/strong><\/a><strong><em>)<\/em><\/strong><\/p>\n<p><strong><em>\u00a0<\/em><\/strong><\/p>\n<p><strong>Da reda\u00e7\u00e3o.<\/strong><\/p>\n<p>Neste cen\u00e1rio atual, ainda, quanto todos\/as buscar estar do outro lado, faz-se necess\u00e1rio estar em conex\u00e3o com a \u201cpoesia\u201d, bem como, curtindo e tornando o mundo mais florido para muitos desencontros com si mesmo\/a.<\/p>\n<p>Portanto, cada qual e do seu jeito de \u201cser\u201d, haja vista que \u201cestar\u201d pode n\u00e3o dar conta das \u201cd\u00favidas\u201d da exist\u00eancia humana, as eternas buscas pelas in\u00fameras \u201cexperimenta\u00e7\u00f5es\u201d s\u00e3o mais do que necess\u00e1rias e ponto quase final.<\/p>\n<p><strong>Poesia, qu\u00edmica e flores<\/strong><\/p>\n<p>Na quarta-feira, 28, pelo per\u00edodo de uma hora, esteve participando do Programa PAUTA ABERTA, o professor e escritor, <strong>JO\u00c3O PAULO GELAMOS.<\/strong><\/p>\n<p>Deve-se registrar nesta mat\u00e9ria que foram momentos que envolveram muitas \u201cdescobertas\u201d sobre as in\u00fameras atividades desenvolvidas pelo convidado, tamb\u00e9m, relatos sobre a sua forma\u00e7\u00e3o familiar, acad\u00eamica e profissional.<\/p>\n<p>Entre os muitos \u201cpontos sem final\u201d, <em>Gelamos<\/em>, refor\u00e7ou suas experi\u00eancias com a literatura por meio da \u201cpoesia\u201d e outros escritos, tamb\u00e9m, o compromisso com a preserva\u00e7\u00e3o da natureza com os cuidados com o seu \u201cjardim caseiro\u201d.<\/p>\n<p>Forma \u201cconversa\u00e7\u00f5es\u201d que proporcionaram diversos questionamentos com o mesmo objetivo, portanto, pode ser que seja necess\u00e1rio estar em busca constante, ainda, pela supera\u00e7\u00e3o dos desafios em todas as \u00e1reas.<\/p>\n<p><strong>Parceria, \u201cdesigner\u201d, equipe e apoio<\/strong><\/p>\n<p>A partir deste programa que chega a marca de \u201d15 conversa\u00e7\u00f5es\u201d, o visual da divulga\u00e7\u00e3o do PAUTA ABERTA nas postagens e outros, apresenta novas perspectivas de promo\u00e7\u00e3o com a marca da R\u00e1dio LIFE FM.<\/p>\n<p>Os agradecimentos da Equipe ao <strong>DANILO GORDO<\/strong>, \u201cdesigner\u201d respons\u00e1vel pela cria\u00e7\u00e3o da nova marca do programa.<\/p>\n<p>Para dar suporte as atividades desenvolvidas pelo <strong>PAUTA ABERTA<\/strong>, faz-se necess\u00e1rio contar com a Equipe de apoio: <em>JAQUELINE ALVES e CRIS ALLYSSON<\/em> (trabalhos t\u00e9cnicos, edi\u00e7\u00e3o de \u00e1udio, divulga\u00e7\u00e3o e fotografia); <em>GILSON LEANDRO<\/em> (Assessoria, divulga\u00e7\u00e3o e fotografia); <em>L\u00daCIA PRADO<\/em> (Dire\u00e7\u00e3o) e <em>JO\u00c3O C\u00c9SAR PRADO<\/em> (jornalista Respons\u00e1vel).<\/p>\n<p>As apresenta\u00e7\u00f5es do programa s\u00e3o de responsabilidade do Jornalista diplomado, <em>S\u00c9RGIO BARBOSA (seb@r).<\/em><\/p>\n<p>O <strong>PAUTA ABERTA<\/strong> conta com o apoio cultural da <strong>ESPA\u00c7O ROCK STORE<\/strong> que comercializa diversos itens, tais como: \u201ccamisetas personalizadas, botons, colares, esculturas, quadros, cer\u00e2micas, canecas, chaveiros, capim dourado e acess\u00f3rios\u201d.<\/p>\n<p><strong>Contatos:<\/strong> (18) 99707.9175 com PAULO ou facebook\/rock-store ou @espacorock<\/p>\n<p>Tamb\u00e9m, a chancela institucional e cultural da <em>C\u00c1TEDRA UNESCO\/UMESP DE COMUNICA\u00c7\u00c3O PARA O DESENVOLVIMENTO REGIONAL<\/em>, bem como, parceria na divulga\u00e7\u00e3o do Programa na plataforma do Site <em>ADAMANTINA NET<\/em>.<\/p>\n<p>&nbsp;<\/p>\n<div class='flex flex-wrap items-center -mx-1'>\r\n<a class='thumbnail gallery p-1 w-1\/2 md:w-1\/4' href='https:\/\/radiolifefm.com.br\/noticias\/wp-content\/uploads\/2025\/05\/WhatsApp-Image-2025-05-29-at-08.36.46-1.jpeg'><img class='border border-white' src='https:\/\/radiolifefm.com.br\/noticias\/wp-content\/uploads\/2025\/05\/WhatsApp-Image-2025-05-29-at-08.36.46-1-200x200.jpeg' alt='WhatsApp Image 2025 05 29 At 08.36.46 (1)' \/><\/a><a class='thumbnail gallery p-1 w-1\/2 md:w-1\/4' href='https:\/\/radiolifefm.com.br\/noticias\/wp-content\/uploads\/2025\/05\/WhatsApp-Image-2025-05-29-at-08.36.46-2.jpeg'><img class='border border-white' src='https:\/\/radiolifefm.com.br\/noticias\/wp-content\/uploads\/2025\/05\/WhatsApp-Image-2025-05-29-at-08.36.46-2-200x200.jpeg' alt='WhatsApp Image 2025 05 29 At 08.36.46 (2)' \/><\/a><a class='thumbnail gallery p-1 w-1\/2 md:w-1\/4' href='https:\/\/radiolifefm.com.br\/noticias\/wp-content\/uploads\/2025\/05\/WhatsApp-Image-2025-05-29-at-08.36.46-3.jpeg'><img class='border border-white' src='https:\/\/radiolifefm.com.br\/noticias\/wp-content\/uploads\/2025\/05\/WhatsApp-Image-2025-05-29-at-08.36.46-3-200x200.jpeg' alt='WhatsApp Image 2025 05 29 At 08.36.46 (3)' \/><\/a><a class='thumbnail gallery p-1 w-1\/2 md:w-1\/4' href='https:\/\/radiolifefm.com.br\/noticias\/wp-content\/uploads\/2025\/05\/WhatsApp-Image-2025-05-29-at-08.36.46-4.jpeg'><img class='border border-white' src='https:\/\/radiolifefm.com.br\/noticias\/wp-content\/uploads\/2025\/05\/WhatsApp-Image-2025-05-29-at-08.36.46-4-200x200.jpeg' alt='WhatsApp Image 2025 05 29 At 08.36.46 (4)' \/><\/a><a class='thumbnail gallery p-1 w-1\/2 md:w-1\/4' href='https:\/\/radiolifefm.com.br\/noticias\/wp-content\/uploads\/2025\/05\/WhatsApp-Image-2025-05-29-at-08.36.46.jpeg'><img class='border border-white' src='https:\/\/radiolifefm.com.br\/noticias\/wp-content\/uploads\/2025\/05\/WhatsApp-Image-2025-05-29-at-08.36.46-200x200.jpeg' alt='WhatsApp Image 2025 05 29 At 08.36.46' \/><\/a><\/div>\n","protected":false},"excerpt":{"rendered":"<p>\u201cToda a poesia &#8211; e a can\u00e7\u00e3o \u00e9 uma poesia ajudada &#8211; reflete o que a alma n\u00e3o tem. Por isso a can\u00e7\u00e3o dos povos tristes \u00e9 alegre e a can\u00e7\u00e3o dos povos alegres \u00e9 triste.\u201d (Fernando Pessoa)\u00a0 \u00a0 \u201cN\u00e3o quero flores no meu enterro, pois sei que v\u00e3o arranc\u00e1-las da floresta.\u201d (Chico Mendes) \u00a0 [&hellip;]<\/p>\n","protected":false},"author":13,"featured_media":101458,"comment_status":"closed","ping_status":"open","sticky":false,"template":"","format":"standard","meta":{"_acf_changed":false,"_exactmetrics_skip_tracking":false,"_exactmetrics_sitenote_active":false,"_exactmetrics_sitenote_note":"","_exactmetrics_sitenote_category":0,"footnotes":""},"categories":[1],"tags":[],"class_list":["post-101457","post","type-post","status-publish","format-standard","has-post-thumbnail","hentry","category-geral"],"acf":[],"yoast_head":"<!-- This site is optimized with the Yoast SEO plugin v27.2 - https:\/\/yoast.com\/product\/yoast-seo-wordpress\/ -->\n<title>Poesia, qu\u00edmica e flores no Pauta Aberta - R\u00e1dio Life FM<\/title>\n<meta name=\"robots\" content=\"index, follow, max-snippet:-1, max-image-preview:large, max-video-preview:-1\" \/>\n<link rel=\"canonical\" href=\"https:\/\/radiolifefm.com.br\/noticias\/poesia-quimica-e-flores-no-pauta-aberta\/\" \/>\n<meta property=\"og:locale\" content=\"pt_BR\" \/>\n<meta property=\"og:type\" content=\"article\" \/>\n<meta property=\"og:title\" content=\"Poesia, qu\u00edmica e flores no Pauta Aberta - R\u00e1dio Life FM\" \/>\n<meta property=\"og:description\" content=\"\u201cToda a poesia &#8211; e a can\u00e7\u00e3o \u00e9 uma poesia ajudada &#8211; reflete o que a alma n\u00e3o tem. Por isso a can\u00e7\u00e3o dos povos tristes \u00e9 alegre e a can\u00e7\u00e3o dos povos alegres \u00e9 triste.\u201d (Fernando Pessoa)\u00a0 \u00a0 \u201cN\u00e3o quero flores no meu enterro, pois sei que v\u00e3o arranc\u00e1-las da floresta.\u201d (Chico Mendes) \u00a0 [&hellip;]\" \/>\n<meta property=\"og:url\" content=\"https:\/\/radiolifefm.com.br\/noticias\/poesia-quimica-e-flores-no-pauta-aberta\/\" \/>\n<meta property=\"og:site_name\" content=\"R\u00e1dio Life FM\" \/>\n<meta property=\"article:publisher\" content=\"https:\/\/www.facebook.com\/radiolifefm\/\" \/>\n<meta property=\"article:published_time\" content=\"2025-05-29T11:42:20+00:00\" \/>\n<meta property=\"article:modified_time\" content=\"2026-01-28T14:47:02+00:00\" \/>\n<meta property=\"og:image\" content=\"https:\/\/radiolifefm.com.br\/noticias\/wp-content\/uploads\/2025\/05\/WhatsApp-Image-2025-05-29-at-08.36.05.jpeg\" \/>\n\t<meta property=\"og:image:width\" content=\"1080\" \/>\n\t<meta property=\"og:image:height\" content=\"1080\" \/>\n\t<meta property=\"og:image:type\" content=\"image\/jpeg\" \/>\n<meta name=\"author\" content=\"ritanery\" \/>\n<meta name=\"twitter:card\" content=\"summary_large_image\" \/>\n<meta name=\"twitter:label1\" content=\"Escrito por\" \/>\n\t<meta name=\"twitter:data1\" content=\"ritanery\" \/>\n\t<meta name=\"twitter:label2\" content=\"Est. tempo de leitura\" \/>\n\t<meta name=\"twitter:data2\" content=\"3 minutos\" \/>\n<script type=\"application\/ld+json\" class=\"yoast-schema-graph\">{\"@context\":\"https:\/\/schema.org\",\"@graph\":[{\"@type\":\"Article\",\"@id\":\"https:\/\/radiolifefm.com.br\/noticias\/poesia-quimica-e-flores-no-pauta-aberta\/#article\",\"isPartOf\":{\"@id\":\"https:\/\/radiolifefm.com.br\/noticias\/poesia-quimica-e-flores-no-pauta-aberta\/\"},\"author\":{\"name\":\"ritanery\",\"@id\":\"https:\/\/radiolifefm.com.br\/noticias\/#\/schema\/person\/6339b9fac59d12b071dec680d7375d87\"},\"headline\":\"Poesia, qu\u00edmica e flores no Pauta Aberta\",\"datePublished\":\"2025-05-29T11:42:20+00:00\",\"dateModified\":\"2026-01-28T14:47:02+00:00\",\"mainEntityOfPage\":{\"@id\":\"https:\/\/radiolifefm.com.br\/noticias\/poesia-quimica-e-flores-no-pauta-aberta\/\"},\"wordCount\":529,\"publisher\":{\"@id\":\"https:\/\/radiolifefm.com.br\/noticias\/#organization\"},\"image\":{\"@id\":\"https:\/\/radiolifefm.com.br\/noticias\/poesia-quimica-e-flores-no-pauta-aberta\/#primaryimage\"},\"thumbnailUrl\":\"https:\/\/radiolifefm.com.br\/noticias\/wp-content\/uploads\/2025\/05\/WhatsApp-Image-2025-05-29-at-08.36.05.jpeg\",\"articleSection\":[\"Geral\"],\"inLanguage\":\"pt-BR\"},{\"@type\":\"WebPage\",\"@id\":\"https:\/\/radiolifefm.com.br\/noticias\/poesia-quimica-e-flores-no-pauta-aberta\/\",\"url\":\"https:\/\/radiolifefm.com.br\/noticias\/poesia-quimica-e-flores-no-pauta-aberta\/\",\"name\":\"Poesia, qu\u00edmica e flores no Pauta Aberta - R\u00e1dio Life FM\",\"isPartOf\":{\"@id\":\"https:\/\/radiolifefm.com.br\/noticias\/#website\"},\"primaryImageOfPage\":{\"@id\":\"https:\/\/radiolifefm.com.br\/noticias\/poesia-quimica-e-flores-no-pauta-aberta\/#primaryimage\"},\"image\":{\"@id\":\"https:\/\/radiolifefm.com.br\/noticias\/poesia-quimica-e-flores-no-pauta-aberta\/#primaryimage\"},\"thumbnailUrl\":\"https:\/\/radiolifefm.com.br\/noticias\/wp-content\/uploads\/2025\/05\/WhatsApp-Image-2025-05-29-at-08.36.05.jpeg\",\"datePublished\":\"2025-05-29T11:42:20+00:00\",\"dateModified\":\"2026-01-28T14:47:02+00:00\",\"breadcrumb\":{\"@id\":\"https:\/\/radiolifefm.com.br\/noticias\/poesia-quimica-e-flores-no-pauta-aberta\/#breadcrumb\"},\"inLanguage\":\"pt-BR\",\"potentialAction\":[{\"@type\":\"ReadAction\",\"target\":[\"https:\/\/radiolifefm.com.br\/noticias\/poesia-quimica-e-flores-no-pauta-aberta\/\"]}]},{\"@type\":\"ImageObject\",\"inLanguage\":\"pt-BR\",\"@id\":\"https:\/\/radiolifefm.com.br\/noticias\/poesia-quimica-e-flores-no-pauta-aberta\/#primaryimage\",\"url\":\"https:\/\/radiolifefm.com.br\/noticias\/wp-content\/uploads\/2025\/05\/WhatsApp-Image-2025-05-29-at-08.36.05.jpeg\",\"contentUrl\":\"https:\/\/radiolifefm.com.br\/noticias\/wp-content\/uploads\/2025\/05\/WhatsApp-Image-2025-05-29-at-08.36.05.jpeg\",\"width\":1080,\"height\":1080,\"caption\":\"J.P. Gelamos e S\u00e9rgio Barbosa\"},{\"@type\":\"BreadcrumbList\",\"@id\":\"https:\/\/radiolifefm.com.br\/noticias\/poesia-quimica-e-flores-no-pauta-aberta\/#breadcrumb\",\"itemListElement\":[{\"@type\":\"ListItem\",\"position\":1,\"name\":\"In\u00edcio\",\"item\":\"https:\/\/radiolifefm.com.br\/noticias\/\"},{\"@type\":\"ListItem\",\"position\":2,\"name\":\"Poesia, qu\u00edmica e flores no Pauta Aberta\"}]},{\"@type\":\"WebSite\",\"@id\":\"https:\/\/radiolifefm.com.br\/noticias\/#website\",\"url\":\"https:\/\/radiolifefm.com.br\/noticias\/\",\"name\":\"R\u00e1dio Life FM\",\"description\":\"O Portal de Not\u00edcias de Adamantina\",\"publisher\":{\"@id\":\"https:\/\/radiolifefm.com.br\/noticias\/#organization\"},\"alternateName\":\"Life FM\",\"potentialAction\":[{\"@type\":\"SearchAction\",\"target\":{\"@type\":\"EntryPoint\",\"urlTemplate\":\"https:\/\/radiolifefm.com.br\/noticias\/?s={search_term_string}\"},\"query-input\":{\"@type\":\"PropertyValueSpecification\",\"valueRequired\":true,\"valueName\":\"search_term_string\"}}],\"inLanguage\":\"pt-BR\"},{\"@type\":\"Organization\",\"@id\":\"https:\/\/radiolifefm.com.br\/noticias\/#organization\",\"name\":\"R\u00e1dio Life FM\",\"alternateName\":\"Life FM\",\"url\":\"https:\/\/radiolifefm.com.br\/noticias\/\",\"logo\":{\"@type\":\"ImageObject\",\"inLanguage\":\"pt-BR\",\"@id\":\"https:\/\/radiolifefm.com.br\/noticias\/#\/schema\/logo\/image\/\",\"url\":\"https:\/\/static.radiolifefm.com.br\/noticias\/wp-content\/uploads\/2019\/10\/logo-lifefm.png\",\"contentUrl\":\"https:\/\/static.radiolifefm.com.br\/noticias\/wp-content\/uploads\/2019\/10\/logo-lifefm.png\",\"width\":196,\"height\":47,\"caption\":\"R\u00e1dio Life FM\"},\"image\":{\"@id\":\"https:\/\/radiolifefm.com.br\/noticias\/#\/schema\/logo\/image\/\"},\"sameAs\":[\"https:\/\/www.facebook.com\/radiolifefm\/\",\"https:\/\/www.instagram.com\/life1079fm\/\"]},{\"@type\":\"Person\",\"@id\":\"https:\/\/radiolifefm.com.br\/noticias\/#\/schema\/person\/6339b9fac59d12b071dec680d7375d87\",\"name\":\"ritanery\",\"image\":{\"@type\":\"ImageObject\",\"inLanguage\":\"pt-BR\",\"@id\":\"https:\/\/secure.gravatar.com\/avatar\/0e37bb19071f47c0b8a23f62a903df117c5a0e75f65a0c2901562f97cd41cf86?s=96&d=mm&r=g\",\"url\":\"https:\/\/secure.gravatar.com\/avatar\/0e37bb19071f47c0b8a23f62a903df117c5a0e75f65a0c2901562f97cd41cf86?s=96&d=mm&r=g\",\"contentUrl\":\"https:\/\/secure.gravatar.com\/avatar\/0e37bb19071f47c0b8a23f62a903df117c5a0e75f65a0c2901562f97cd41cf86?s=96&d=mm&r=g\",\"caption\":\"ritanery\"}}]}<\/script>\n<!-- \/ Yoast SEO plugin. -->","yoast_head_json":{"title":"Poesia, qu\u00edmica e flores no Pauta Aberta - R\u00e1dio Life FM","robots":{"index":"index","follow":"follow","max-snippet":"max-snippet:-1","max-image-preview":"max-image-preview:large","max-video-preview":"max-video-preview:-1"},"canonical":"https:\/\/radiolifefm.com.br\/noticias\/poesia-quimica-e-flores-no-pauta-aberta\/","og_locale":"pt_BR","og_type":"article","og_title":"Poesia, qu\u00edmica e flores no Pauta Aberta - R\u00e1dio Life FM","og_description":"\u201cToda a poesia &#8211; e a can\u00e7\u00e3o \u00e9 uma poesia ajudada &#8211; reflete o que a alma n\u00e3o tem. Por isso a can\u00e7\u00e3o dos povos tristes \u00e9 alegre e a can\u00e7\u00e3o dos povos alegres \u00e9 triste.\u201d (Fernando Pessoa)\u00a0 \u00a0 \u201cN\u00e3o quero flores no meu enterro, pois sei que v\u00e3o arranc\u00e1-las da floresta.\u201d (Chico Mendes) \u00a0 [&hellip;]","og_url":"https:\/\/radiolifefm.com.br\/noticias\/poesia-quimica-e-flores-no-pauta-aberta\/","og_site_name":"R\u00e1dio Life FM","article_publisher":"https:\/\/www.facebook.com\/radiolifefm\/","article_published_time":"2025-05-29T11:42:20+00:00","article_modified_time":"2026-01-28T14:47:02+00:00","og_image":[{"width":1080,"height":1080,"url":"https:\/\/radiolifefm.com.br\/noticias\/wp-content\/uploads\/2025\/05\/WhatsApp-Image-2025-05-29-at-08.36.05.jpeg","type":"image\/jpeg"}],"author":"ritanery","twitter_card":"summary_large_image","twitter_misc":{"Escrito por":"ritanery","Est. tempo de leitura":"3 minutos"},"schema":{"@context":"https:\/\/schema.org","@graph":[{"@type":"Article","@id":"https:\/\/radiolifefm.com.br\/noticias\/poesia-quimica-e-flores-no-pauta-aberta\/#article","isPartOf":{"@id":"https:\/\/radiolifefm.com.br\/noticias\/poesia-quimica-e-flores-no-pauta-aberta\/"},"author":{"name":"ritanery","@id":"https:\/\/radiolifefm.com.br\/noticias\/#\/schema\/person\/6339b9fac59d12b071dec680d7375d87"},"headline":"Poesia, qu\u00edmica e flores no Pauta Aberta","datePublished":"2025-05-29T11:42:20+00:00","dateModified":"2026-01-28T14:47:02+00:00","mainEntityOfPage":{"@id":"https:\/\/radiolifefm.com.br\/noticias\/poesia-quimica-e-flores-no-pauta-aberta\/"},"wordCount":529,"publisher":{"@id":"https:\/\/radiolifefm.com.br\/noticias\/#organization"},"image":{"@id":"https:\/\/radiolifefm.com.br\/noticias\/poesia-quimica-e-flores-no-pauta-aberta\/#primaryimage"},"thumbnailUrl":"https:\/\/radiolifefm.com.br\/noticias\/wp-content\/uploads\/2025\/05\/WhatsApp-Image-2025-05-29-at-08.36.05.jpeg","articleSection":["Geral"],"inLanguage":"pt-BR"},{"@type":"WebPage","@id":"https:\/\/radiolifefm.com.br\/noticias\/poesia-quimica-e-flores-no-pauta-aberta\/","url":"https:\/\/radiolifefm.com.br\/noticias\/poesia-quimica-e-flores-no-pauta-aberta\/","name":"Poesia, qu\u00edmica e flores no Pauta Aberta - R\u00e1dio Life FM","isPartOf":{"@id":"https:\/\/radiolifefm.com.br\/noticias\/#website"},"primaryImageOfPage":{"@id":"https:\/\/radiolifefm.com.br\/noticias\/poesia-quimica-e-flores-no-pauta-aberta\/#primaryimage"},"image":{"@id":"https:\/\/radiolifefm.com.br\/noticias\/poesia-quimica-e-flores-no-pauta-aberta\/#primaryimage"},"thumbnailUrl":"https:\/\/radiolifefm.com.br\/noticias\/wp-content\/uploads\/2025\/05\/WhatsApp-Image-2025-05-29-at-08.36.05.jpeg","datePublished":"2025-05-29T11:42:20+00:00","dateModified":"2026-01-28T14:47:02+00:00","breadcrumb":{"@id":"https:\/\/radiolifefm.com.br\/noticias\/poesia-quimica-e-flores-no-pauta-aberta\/#breadcrumb"},"inLanguage":"pt-BR","potentialAction":[{"@type":"ReadAction","target":["https:\/\/radiolifefm.com.br\/noticias\/poesia-quimica-e-flores-no-pauta-aberta\/"]}]},{"@type":"ImageObject","inLanguage":"pt-BR","@id":"https:\/\/radiolifefm.com.br\/noticias\/poesia-quimica-e-flores-no-pauta-aberta\/#primaryimage","url":"https:\/\/radiolifefm.com.br\/noticias\/wp-content\/uploads\/2025\/05\/WhatsApp-Image-2025-05-29-at-08.36.05.jpeg","contentUrl":"https:\/\/radiolifefm.com.br\/noticias\/wp-content\/uploads\/2025\/05\/WhatsApp-Image-2025-05-29-at-08.36.05.jpeg","width":1080,"height":1080,"caption":"J.P. Gelamos e S\u00e9rgio Barbosa"},{"@type":"BreadcrumbList","@id":"https:\/\/radiolifefm.com.br\/noticias\/poesia-quimica-e-flores-no-pauta-aberta\/#breadcrumb","itemListElement":[{"@type":"ListItem","position":1,"name":"In\u00edcio","item":"https:\/\/radiolifefm.com.br\/noticias\/"},{"@type":"ListItem","position":2,"name":"Poesia, qu\u00edmica e flores no Pauta Aberta"}]},{"@type":"WebSite","@id":"https:\/\/radiolifefm.com.br\/noticias\/#website","url":"https:\/\/radiolifefm.com.br\/noticias\/","name":"R\u00e1dio Life FM","description":"O Portal de Not\u00edcias de Adamantina","publisher":{"@id":"https:\/\/radiolifefm.com.br\/noticias\/#organization"},"alternateName":"Life FM","potentialAction":[{"@type":"SearchAction","target":{"@type":"EntryPoint","urlTemplate":"https:\/\/radiolifefm.com.br\/noticias\/?s={search_term_string}"},"query-input":{"@type":"PropertyValueSpecification","valueRequired":true,"valueName":"search_term_string"}}],"inLanguage":"pt-BR"},{"@type":"Organization","@id":"https:\/\/radiolifefm.com.br\/noticias\/#organization","name":"R\u00e1dio Life FM","alternateName":"Life FM","url":"https:\/\/radiolifefm.com.br\/noticias\/","logo":{"@type":"ImageObject","inLanguage":"pt-BR","@id":"https:\/\/radiolifefm.com.br\/noticias\/#\/schema\/logo\/image\/","url":"https:\/\/static.radiolifefm.com.br\/noticias\/wp-content\/uploads\/2019\/10\/logo-lifefm.png","contentUrl":"https:\/\/static.radiolifefm.com.br\/noticias\/wp-content\/uploads\/2019\/10\/logo-lifefm.png","width":196,"height":47,"caption":"R\u00e1dio Life FM"},"image":{"@id":"https:\/\/radiolifefm.com.br\/noticias\/#\/schema\/logo\/image\/"},"sameAs":["https:\/\/www.facebook.com\/radiolifefm\/","https:\/\/www.instagram.com\/life1079fm\/"]},{"@type":"Person","@id":"https:\/\/radiolifefm.com.br\/noticias\/#\/schema\/person\/6339b9fac59d12b071dec680d7375d87","name":"ritanery","image":{"@type":"ImageObject","inLanguage":"pt-BR","@id":"https:\/\/secure.gravatar.com\/avatar\/0e37bb19071f47c0b8a23f62a903df117c5a0e75f65a0c2901562f97cd41cf86?s=96&d=mm&r=g","url":"https:\/\/secure.gravatar.com\/avatar\/0e37bb19071f47c0b8a23f62a903df117c5a0e75f65a0c2901562f97cd41cf86?s=96&d=mm&r=g","contentUrl":"https:\/\/secure.gravatar.com\/avatar\/0e37bb19071f47c0b8a23f62a903df117c5a0e75f65a0c2901562f97cd41cf86?s=96&d=mm&r=g","caption":"ritanery"}}]}},"amp_enabled":true,"_links":{"self":[{"href":"https:\/\/radiolifefm.com.br\/noticias\/wp-json\/wp\/v2\/posts\/101457","targetHints":{"allow":["GET"]}}],"collection":[{"href":"https:\/\/radiolifefm.com.br\/noticias\/wp-json\/wp\/v2\/posts"}],"about":[{"href":"https:\/\/radiolifefm.com.br\/noticias\/wp-json\/wp\/v2\/types\/post"}],"author":[{"embeddable":true,"href":"https:\/\/radiolifefm.com.br\/noticias\/wp-json\/wp\/v2\/users\/13"}],"replies":[{"embeddable":true,"href":"https:\/\/radiolifefm.com.br\/noticias\/wp-json\/wp\/v2\/comments?post=101457"}],"version-history":[{"count":1,"href":"https:\/\/radiolifefm.com.br\/noticias\/wp-json\/wp\/v2\/posts\/101457\/revisions"}],"predecessor-version":[{"id":101464,"href":"https:\/\/radiolifefm.com.br\/noticias\/wp-json\/wp\/v2\/posts\/101457\/revisions\/101464"}],"wp:featuredmedia":[{"embeddable":true,"href":"https:\/\/radiolifefm.com.br\/noticias\/wp-json\/wp\/v2\/media\/101458"}],"wp:attachment":[{"href":"https:\/\/radiolifefm.com.br\/noticias\/wp-json\/wp\/v2\/media?parent=101457"}],"wp:term":[{"taxonomy":"category","embeddable":true,"href":"https:\/\/radiolifefm.com.br\/noticias\/wp-json\/wp\/v2\/categories?post=101457"},{"taxonomy":"post_tag","embeddable":true,"href":"https:\/\/radiolifefm.com.br\/noticias\/wp-json\/wp\/v2\/tags?post=101457"}],"curies":[{"name":"wp","href":"https:\/\/api.w.org\/{rel}","templated":true}]}}