{"id":101390,"date":"2025-05-28T08:40:32","date_gmt":"2025-05-28T11:40:32","guid":{"rendered":"https:\/\/radiolifefm.com.br\/noticias\/?p=101390"},"modified":"2026-04-05T03:48:21","modified_gmt":"2026-04-05T06:48:21","slug":"quando-as-pessoas-embarcam-para-o-outro-tempo-sem-mais-e-sem-menos","status":"publish","type":"post","link":"https:\/\/radiolifefm.com.br\/noticias\/quando-as-pessoas-embarcam-para-o-outro-tempo-sem-mais-e-sem-menos\/","title":{"rendered":"QUANDO AS PESSOAS EMBARCAM PARA O OUTRO TEMPO SEM MAIS E SEM MENOS&#8230;"},"content":{"rendered":"<div id=\"fb-root\"><\/div>\n<p><strong><em>\u201cA morte n\u00e3o \u00e9 nada para n\u00f3s, pois, quando existimos, n\u00e3o existe a morte, e quando existe a morte, n\u00e3o existimos mais.\u201d (<\/em><\/strong><a href=\"https:\/\/www.pensador.com\/autor\/epicuro\/\"><strong><em>Epicuro<\/em><\/strong><\/a><strong><em>)<\/em><\/strong><\/p>\n<p><strong><em>By seb@r.<\/em><\/strong><\/p>\n<p>\u201cQuando eu era crian\u00e7a pequena\u201d em OURINHOS, n\u00e3o consigo lembrar de como as crian\u00e7as daquele tempo eram preparadas para um desencontro mais do que inusitado para todos e todas, ou seja, a MORTE&#8230;<\/p>\n<p>Todas as quest\u00f5es que envolvem este tema, ou seja, a MORTE traz de um jeito de outro boas ou m\u00e1s recorda\u00e7\u00f5es para esta ou aquela pessoa, mesmo assim \u00e9 mais do que necess\u00e1rio \u201ctocar\u201d neste assunto um tanto quando fora de contexto para muitas pessoas&#8230;<\/p>\n<p>Al\u00e9m do mais ou de menos, quando voc\u00ea \u00e9 uma crian\u00e7a, quase nunca sabe o \u201cpor que\u201d disto ou daquilo, sem escrever que tais indaga\u00e7\u00f5es quase sempre s\u00e3o esquecidas no minuto seguinte e assim por diante&#8230;<\/p>\n<p>Das muitas pessoas que partiram naquele tempo do meu tempo \u201cquando era crian\u00e7a pequena\u201d em OURINHOS, pode-se escrever de um \u201cgrande amigo\u201d de muitas brincadeiras com \u201ccarrinhos, soldadinhos, Forte Apache e outros\u201d, este meu amigo chamava-se NATANAEL que embarcou para o outro lado por causa de uma doen\u00e7a grave e \u201cponto final\u201d&#8230;<\/p>\n<p>Mesmo assim, acredito que n\u00e3o fui ao vel\u00f3rio deste meu amigo e tudo de menos, pois, naquele tempo do outro tempo, tais fatos estavam distantes do nosso cotidiano de crian\u00e7a&#8230;<\/p>\n<p>Na semana passada, embarcou para o outro lado do universo, desta vez, um primo muito querido do nosso lado, pois, lembro que os meus saudosos pais, BASTI\u00c3O BARBOSA e a minha m\u00e3e, DONA TATINHA, bem como meus irm\u00e3os e irm\u00e3, sempre ficavam contentes com a visita desse primo&#8230;<\/p>\n<p>Entre as muitas lembran\u00e7as que ficaram, posso registrar uma que tem a ver como a \u201cmania\u201d do meu pai, BASTI\u00c3O, ou seja, ele gostava de colocar \u201capelidos nas pessoas\u201d e como este primo apareceu uma noite com a namorada, ponto, ela recebeu o \u201capelido de ROLINHA\u201d e ficou assim para todos, inclusive para o meu primo&#8230;<\/p>\n<p>Infelizmente n\u00e3o tenho nenhuma foto deste primo que estava sempre visitando os meus pais naquele tempo, por\u00e9m, faz alguns anos o mesmo teve problemas graves de sa\u00fade ficou em \u201ccoma\u201d, assim, depois destes anos nestas condi\u00e7\u00f5es, partiu para o outro tempo do tempo&#8230;<\/p>\n<p>Por\u00e9m, fica aqui o registro destas lembran\u00e7as \u201cIN MEMORIAM DE VANDERLEY NASCIMENTO\u201d, um \u201cprimo especial\u201d em todos os sentidos para o nosso lado, era filho do irm\u00e3o (TIO TITO) mais velho da minha m\u00e3e, assim, que a mem\u00f3ria deste meu primo possa \u201cviver para sempre\u201d junto aos seus familiares e amigos\/as&#8230;<\/p>\n<p>Ainda, pretendo escrever sobre outras pessoas que um dia esteve deste lado e hoje est\u00e3o do outro lado, como sempre, cada qual tem que saber conviver com suas lembran\u00e7as destas pessoas que estiveram e participaram das nossas rela\u00e7\u00f5es afetivas e ponto quase final&#8230;<\/p>\n<p>As lembran\u00e7as do meu amigo continuam mais presentes do que nunca aqui ou ali do meu lado, bem como, deste meu \u201cprimo\u201d que era uma figurinha carimbada com o seu jeito de ser e estar com as pessoas&#8230;<\/p>\n<p>QUEM CONHECEU O \u201cNATANAEL\u201d VAI LEMBRAR E QUEM CONVIVEU COM O \u201cVANDERLEY\u201d VAI SABER&#8230;<\/p>\n<p>&nbsp;<\/p>\n<p>e-mail: <a href=\"mailto:barbosa.sebar@gmail.com\">barbosa.sebar@gmail.com<\/a><\/p>\n<p>&nbsp;<\/p>\n","protected":false},"excerpt":{"rendered":"<p>\u201cA morte n\u00e3o \u00e9 nada para n\u00f3s, pois, quando existimos, n\u00e3o existe a morte, e quando existe a morte, n\u00e3o existimos mais.\u201d (Epicuro) By seb@r. \u201cQuando eu era crian\u00e7a pequena\u201d em OURINHOS, n\u00e3o consigo lembrar de como as crian\u00e7as daquele tempo eram preparadas para um desencontro mais do que inusitado para todos e todas, ou [&hellip;]<\/p>\n","protected":false},"author":13,"featured_media":51988,"comment_status":"closed","ping_status":"open","sticky":false,"template":"","format":"standard","meta":{"_acf_changed":false,"_exactmetrics_skip_tracking":false,"_exactmetrics_sitenote_active":false,"_exactmetrics_sitenote_note":"","_exactmetrics_sitenote_category":0,"footnotes":""},"categories":[59],"tags":[],"class_list":["post-101390","post","type-post","status-publish","format-standard","has-post-thumbnail","hentry","category-opiniao"],"acf":[],"yoast_head":"<!-- This site is optimized with the Yoast SEO plugin v27.2 - https:\/\/yoast.com\/product\/yoast-seo-wordpress\/ -->\n<title>QUANDO AS PESSOAS EMBARCAM PARA O OUTRO TEMPO SEM MAIS E SEM MENOS... - R\u00e1dio Life FM<\/title>\n<meta name=\"robots\" content=\"index, follow, max-snippet:-1, max-image-preview:large, max-video-preview:-1\" \/>\n<link rel=\"canonical\" href=\"https:\/\/radiolifefm.com.br\/noticias\/quando-as-pessoas-embarcam-para-o-outro-tempo-sem-mais-e-sem-menos\/\" \/>\n<meta property=\"og:locale\" content=\"pt_BR\" \/>\n<meta property=\"og:type\" content=\"article\" \/>\n<meta property=\"og:title\" content=\"QUANDO AS PESSOAS EMBARCAM PARA O OUTRO TEMPO SEM MAIS E SEM MENOS... - R\u00e1dio Life FM\" \/>\n<meta property=\"og:description\" content=\"\u201cA morte n\u00e3o \u00e9 nada para n\u00f3s, pois, quando existimos, n\u00e3o existe a morte, e quando existe a morte, n\u00e3o existimos mais.\u201d (Epicuro) By seb@r. \u201cQuando eu era crian\u00e7a pequena\u201d em OURINHOS, n\u00e3o consigo lembrar de como as crian\u00e7as daquele tempo eram preparadas para um desencontro mais do que inusitado para todos e todas, ou [&hellip;]\" \/>\n<meta property=\"og:url\" content=\"https:\/\/radiolifefm.com.br\/noticias\/quando-as-pessoas-embarcam-para-o-outro-tempo-sem-mais-e-sem-menos\/\" \/>\n<meta property=\"og:site_name\" content=\"R\u00e1dio Life FM\" \/>\n<meta property=\"article:publisher\" content=\"https:\/\/www.facebook.com\/radiolifefm\/\" \/>\n<meta property=\"article:published_time\" content=\"2025-05-28T11:40:32+00:00\" \/>\n<meta property=\"article:modified_time\" content=\"2026-04-05T06:48:21+00:00\" \/>\n<meta property=\"og:image\" content=\"https:\/\/radiolifefm.com.br\/noticias\/wp-content\/uploads\/2022\/04\/WhatsApp-Image-2022-04-10-at-18.43.02.jpeg\" \/>\n\t<meta property=\"og:image:width\" content=\"972\" \/>\n\t<meta property=\"og:image:height\" content=\"1296\" \/>\n\t<meta property=\"og:image:type\" content=\"image\/jpeg\" \/>\n<meta name=\"author\" content=\"ritanery\" \/>\n<meta name=\"twitter:card\" content=\"summary_large_image\" \/>\n<meta name=\"twitter:label1\" content=\"Escrito por\" \/>\n\t<meta name=\"twitter:data1\" content=\"ritanery\" \/>\n\t<meta name=\"twitter:label2\" content=\"Est. tempo de leitura\" \/>\n\t<meta name=\"twitter:data2\" content=\"4 minutos\" \/>\n<script type=\"application\/ld+json\" class=\"yoast-schema-graph\">{\"@context\":\"https:\/\/schema.org\",\"@graph\":[{\"@type\":\"Article\",\"@id\":\"https:\/\/radiolifefm.com.br\/noticias\/quando-as-pessoas-embarcam-para-o-outro-tempo-sem-mais-e-sem-menos\/#article\",\"isPartOf\":{\"@id\":\"https:\/\/radiolifefm.com.br\/noticias\/quando-as-pessoas-embarcam-para-o-outro-tempo-sem-mais-e-sem-menos\/\"},\"author\":{\"name\":\"ritanery\",\"@id\":\"https:\/\/radiolifefm.com.br\/noticias\/#\/schema\/person\/6339b9fac59d12b071dec680d7375d87\"},\"headline\":\"QUANDO AS PESSOAS EMBARCAM PARA O OUTRO TEMPO SEM MAIS E SEM MENOS&#8230;\",\"datePublished\":\"2025-05-28T11:40:32+00:00\",\"dateModified\":\"2026-04-05T06:48:21+00:00\",\"mainEntityOfPage\":{\"@id\":\"https:\/\/radiolifefm.com.br\/noticias\/quando-as-pessoas-embarcam-para-o-outro-tempo-sem-mais-e-sem-menos\/\"},\"wordCount\":571,\"publisher\":{\"@id\":\"https:\/\/radiolifefm.com.br\/noticias\/#organization\"},\"image\":{\"@id\":\"https:\/\/radiolifefm.com.br\/noticias\/quando-as-pessoas-embarcam-para-o-outro-tempo-sem-mais-e-sem-menos\/#primaryimage\"},\"thumbnailUrl\":\"https:\/\/radiolifefm.com.br\/noticias\/wp-content\/uploads\/2022\/04\/WhatsApp-Image-2022-04-10-at-18.43.02.jpeg\",\"articleSection\":[\"Opini\u00e3o\"],\"inLanguage\":\"pt-BR\"},{\"@type\":\"WebPage\",\"@id\":\"https:\/\/radiolifefm.com.br\/noticias\/quando-as-pessoas-embarcam-para-o-outro-tempo-sem-mais-e-sem-menos\/\",\"url\":\"https:\/\/radiolifefm.com.br\/noticias\/quando-as-pessoas-embarcam-para-o-outro-tempo-sem-mais-e-sem-menos\/\",\"name\":\"QUANDO AS PESSOAS EMBARCAM PARA O OUTRO TEMPO SEM MAIS E SEM MENOS... - R\u00e1dio Life FM\",\"isPartOf\":{\"@id\":\"https:\/\/radiolifefm.com.br\/noticias\/#website\"},\"primaryImageOfPage\":{\"@id\":\"https:\/\/radiolifefm.com.br\/noticias\/quando-as-pessoas-embarcam-para-o-outro-tempo-sem-mais-e-sem-menos\/#primaryimage\"},\"image\":{\"@id\":\"https:\/\/radiolifefm.com.br\/noticias\/quando-as-pessoas-embarcam-para-o-outro-tempo-sem-mais-e-sem-menos\/#primaryimage\"},\"thumbnailUrl\":\"https:\/\/radiolifefm.com.br\/noticias\/wp-content\/uploads\/2022\/04\/WhatsApp-Image-2022-04-10-at-18.43.02.jpeg\",\"datePublished\":\"2025-05-28T11:40:32+00:00\",\"dateModified\":\"2026-04-05T06:48:21+00:00\",\"breadcrumb\":{\"@id\":\"https:\/\/radiolifefm.com.br\/noticias\/quando-as-pessoas-embarcam-para-o-outro-tempo-sem-mais-e-sem-menos\/#breadcrumb\"},\"inLanguage\":\"pt-BR\",\"potentialAction\":[{\"@type\":\"ReadAction\",\"target\":[\"https:\/\/radiolifefm.com.br\/noticias\/quando-as-pessoas-embarcam-para-o-outro-tempo-sem-mais-e-sem-menos\/\"]}]},{\"@type\":\"ImageObject\",\"inLanguage\":\"pt-BR\",\"@id\":\"https:\/\/radiolifefm.com.br\/noticias\/quando-as-pessoas-embarcam-para-o-outro-tempo-sem-mais-e-sem-menos\/#primaryimage\",\"url\":\"https:\/\/radiolifefm.com.br\/noticias\/wp-content\/uploads\/2022\/04\/WhatsApp-Image-2022-04-10-at-18.43.02.jpeg\",\"contentUrl\":\"https:\/\/radiolifefm.com.br\/noticias\/wp-content\/uploads\/2022\/04\/WhatsApp-Image-2022-04-10-at-18.43.02.jpeg\",\"width\":972,\"height\":1296,\"caption\":\"S\u00e9rgio Barbosa\"},{\"@type\":\"BreadcrumbList\",\"@id\":\"https:\/\/radiolifefm.com.br\/noticias\/quando-as-pessoas-embarcam-para-o-outro-tempo-sem-mais-e-sem-menos\/#breadcrumb\",\"itemListElement\":[{\"@type\":\"ListItem\",\"position\":1,\"name\":\"In\u00edcio\",\"item\":\"https:\/\/radiolifefm.com.br\/noticias\/\"},{\"@type\":\"ListItem\",\"position\":2,\"name\":\"QUANDO AS PESSOAS EMBARCAM PARA O OUTRO TEMPO SEM MAIS E SEM MENOS&#8230;\"}]},{\"@type\":\"WebSite\",\"@id\":\"https:\/\/radiolifefm.com.br\/noticias\/#website\",\"url\":\"https:\/\/radiolifefm.com.br\/noticias\/\",\"name\":\"R\u00e1dio Life FM\",\"description\":\"O Portal de Not\u00edcias de Adamantina\",\"publisher\":{\"@id\":\"https:\/\/radiolifefm.com.br\/noticias\/#organization\"},\"alternateName\":\"Life FM\",\"potentialAction\":[{\"@type\":\"SearchAction\",\"target\":{\"@type\":\"EntryPoint\",\"urlTemplate\":\"https:\/\/radiolifefm.com.br\/noticias\/?s={search_term_string}\"},\"query-input\":{\"@type\":\"PropertyValueSpecification\",\"valueRequired\":true,\"valueName\":\"search_term_string\"}}],\"inLanguage\":\"pt-BR\"},{\"@type\":\"Organization\",\"@id\":\"https:\/\/radiolifefm.com.br\/noticias\/#organization\",\"name\":\"R\u00e1dio Life FM\",\"alternateName\":\"Life FM\",\"url\":\"https:\/\/radiolifefm.com.br\/noticias\/\",\"logo\":{\"@type\":\"ImageObject\",\"inLanguage\":\"pt-BR\",\"@id\":\"https:\/\/radiolifefm.com.br\/noticias\/#\/schema\/logo\/image\/\",\"url\":\"https:\/\/static.radiolifefm.com.br\/noticias\/wp-content\/uploads\/2019\/10\/logo-lifefm.png\",\"contentUrl\":\"https:\/\/static.radiolifefm.com.br\/noticias\/wp-content\/uploads\/2019\/10\/logo-lifefm.png\",\"width\":196,\"height\":47,\"caption\":\"R\u00e1dio Life FM\"},\"image\":{\"@id\":\"https:\/\/radiolifefm.com.br\/noticias\/#\/schema\/logo\/image\/\"},\"sameAs\":[\"https:\/\/www.facebook.com\/radiolifefm\/\",\"https:\/\/www.instagram.com\/life1079fm\/\"]},{\"@type\":\"Person\",\"@id\":\"https:\/\/radiolifefm.com.br\/noticias\/#\/schema\/person\/6339b9fac59d12b071dec680d7375d87\",\"name\":\"ritanery\",\"image\":{\"@type\":\"ImageObject\",\"inLanguage\":\"pt-BR\",\"@id\":\"https:\/\/secure.gravatar.com\/avatar\/0e37bb19071f47c0b8a23f62a903df117c5a0e75f65a0c2901562f97cd41cf86?s=96&d=mm&r=g\",\"url\":\"https:\/\/secure.gravatar.com\/avatar\/0e37bb19071f47c0b8a23f62a903df117c5a0e75f65a0c2901562f97cd41cf86?s=96&d=mm&r=g\",\"contentUrl\":\"https:\/\/secure.gravatar.com\/avatar\/0e37bb19071f47c0b8a23f62a903df117c5a0e75f65a0c2901562f97cd41cf86?s=96&d=mm&r=g\",\"caption\":\"ritanery\"}}]}<\/script>\n<!-- \/ Yoast SEO plugin. -->","yoast_head_json":{"title":"QUANDO AS PESSOAS EMBARCAM PARA O OUTRO TEMPO SEM MAIS E SEM MENOS... - R\u00e1dio Life FM","robots":{"index":"index","follow":"follow","max-snippet":"max-snippet:-1","max-image-preview":"max-image-preview:large","max-video-preview":"max-video-preview:-1"},"canonical":"https:\/\/radiolifefm.com.br\/noticias\/quando-as-pessoas-embarcam-para-o-outro-tempo-sem-mais-e-sem-menos\/","og_locale":"pt_BR","og_type":"article","og_title":"QUANDO AS PESSOAS EMBARCAM PARA O OUTRO TEMPO SEM MAIS E SEM MENOS... - R\u00e1dio Life FM","og_description":"\u201cA morte n\u00e3o \u00e9 nada para n\u00f3s, pois, quando existimos, n\u00e3o existe a morte, e quando existe a morte, n\u00e3o existimos mais.\u201d (Epicuro) By seb@r. \u201cQuando eu era crian\u00e7a pequena\u201d em OURINHOS, n\u00e3o consigo lembrar de como as crian\u00e7as daquele tempo eram preparadas para um desencontro mais do que inusitado para todos e todas, ou [&hellip;]","og_url":"https:\/\/radiolifefm.com.br\/noticias\/quando-as-pessoas-embarcam-para-o-outro-tempo-sem-mais-e-sem-menos\/","og_site_name":"R\u00e1dio Life FM","article_publisher":"https:\/\/www.facebook.com\/radiolifefm\/","article_published_time":"2025-05-28T11:40:32+00:00","article_modified_time":"2026-04-05T06:48:21+00:00","og_image":[{"width":972,"height":1296,"url":"https:\/\/radiolifefm.com.br\/noticias\/wp-content\/uploads\/2022\/04\/WhatsApp-Image-2022-04-10-at-18.43.02.jpeg","type":"image\/jpeg"}],"author":"ritanery","twitter_card":"summary_large_image","twitter_misc":{"Escrito por":"ritanery","Est. tempo de leitura":"4 minutos"},"schema":{"@context":"https:\/\/schema.org","@graph":[{"@type":"Article","@id":"https:\/\/radiolifefm.com.br\/noticias\/quando-as-pessoas-embarcam-para-o-outro-tempo-sem-mais-e-sem-menos\/#article","isPartOf":{"@id":"https:\/\/radiolifefm.com.br\/noticias\/quando-as-pessoas-embarcam-para-o-outro-tempo-sem-mais-e-sem-menos\/"},"author":{"name":"ritanery","@id":"https:\/\/radiolifefm.com.br\/noticias\/#\/schema\/person\/6339b9fac59d12b071dec680d7375d87"},"headline":"QUANDO AS PESSOAS EMBARCAM PARA O OUTRO TEMPO SEM MAIS E SEM MENOS&#8230;","datePublished":"2025-05-28T11:40:32+00:00","dateModified":"2026-04-05T06:48:21+00:00","mainEntityOfPage":{"@id":"https:\/\/radiolifefm.com.br\/noticias\/quando-as-pessoas-embarcam-para-o-outro-tempo-sem-mais-e-sem-menos\/"},"wordCount":571,"publisher":{"@id":"https:\/\/radiolifefm.com.br\/noticias\/#organization"},"image":{"@id":"https:\/\/radiolifefm.com.br\/noticias\/quando-as-pessoas-embarcam-para-o-outro-tempo-sem-mais-e-sem-menos\/#primaryimage"},"thumbnailUrl":"https:\/\/radiolifefm.com.br\/noticias\/wp-content\/uploads\/2022\/04\/WhatsApp-Image-2022-04-10-at-18.43.02.jpeg","articleSection":["Opini\u00e3o"],"inLanguage":"pt-BR"},{"@type":"WebPage","@id":"https:\/\/radiolifefm.com.br\/noticias\/quando-as-pessoas-embarcam-para-o-outro-tempo-sem-mais-e-sem-menos\/","url":"https:\/\/radiolifefm.com.br\/noticias\/quando-as-pessoas-embarcam-para-o-outro-tempo-sem-mais-e-sem-menos\/","name":"QUANDO AS PESSOAS EMBARCAM PARA O OUTRO TEMPO SEM MAIS E SEM MENOS... - R\u00e1dio Life FM","isPartOf":{"@id":"https:\/\/radiolifefm.com.br\/noticias\/#website"},"primaryImageOfPage":{"@id":"https:\/\/radiolifefm.com.br\/noticias\/quando-as-pessoas-embarcam-para-o-outro-tempo-sem-mais-e-sem-menos\/#primaryimage"},"image":{"@id":"https:\/\/radiolifefm.com.br\/noticias\/quando-as-pessoas-embarcam-para-o-outro-tempo-sem-mais-e-sem-menos\/#primaryimage"},"thumbnailUrl":"https:\/\/radiolifefm.com.br\/noticias\/wp-content\/uploads\/2022\/04\/WhatsApp-Image-2022-04-10-at-18.43.02.jpeg","datePublished":"2025-05-28T11:40:32+00:00","dateModified":"2026-04-05T06:48:21+00:00","breadcrumb":{"@id":"https:\/\/radiolifefm.com.br\/noticias\/quando-as-pessoas-embarcam-para-o-outro-tempo-sem-mais-e-sem-menos\/#breadcrumb"},"inLanguage":"pt-BR","potentialAction":[{"@type":"ReadAction","target":["https:\/\/radiolifefm.com.br\/noticias\/quando-as-pessoas-embarcam-para-o-outro-tempo-sem-mais-e-sem-menos\/"]}]},{"@type":"ImageObject","inLanguage":"pt-BR","@id":"https:\/\/radiolifefm.com.br\/noticias\/quando-as-pessoas-embarcam-para-o-outro-tempo-sem-mais-e-sem-menos\/#primaryimage","url":"https:\/\/radiolifefm.com.br\/noticias\/wp-content\/uploads\/2022\/04\/WhatsApp-Image-2022-04-10-at-18.43.02.jpeg","contentUrl":"https:\/\/radiolifefm.com.br\/noticias\/wp-content\/uploads\/2022\/04\/WhatsApp-Image-2022-04-10-at-18.43.02.jpeg","width":972,"height":1296,"caption":"S\u00e9rgio Barbosa"},{"@type":"BreadcrumbList","@id":"https:\/\/radiolifefm.com.br\/noticias\/quando-as-pessoas-embarcam-para-o-outro-tempo-sem-mais-e-sem-menos\/#breadcrumb","itemListElement":[{"@type":"ListItem","position":1,"name":"In\u00edcio","item":"https:\/\/radiolifefm.com.br\/noticias\/"},{"@type":"ListItem","position":2,"name":"QUANDO AS PESSOAS EMBARCAM PARA O OUTRO TEMPO SEM MAIS E SEM MENOS&#8230;"}]},{"@type":"WebSite","@id":"https:\/\/radiolifefm.com.br\/noticias\/#website","url":"https:\/\/radiolifefm.com.br\/noticias\/","name":"R\u00e1dio Life FM","description":"O Portal de Not\u00edcias de Adamantina","publisher":{"@id":"https:\/\/radiolifefm.com.br\/noticias\/#organization"},"alternateName":"Life FM","potentialAction":[{"@type":"SearchAction","target":{"@type":"EntryPoint","urlTemplate":"https:\/\/radiolifefm.com.br\/noticias\/?s={search_term_string}"},"query-input":{"@type":"PropertyValueSpecification","valueRequired":true,"valueName":"search_term_string"}}],"inLanguage":"pt-BR"},{"@type":"Organization","@id":"https:\/\/radiolifefm.com.br\/noticias\/#organization","name":"R\u00e1dio Life FM","alternateName":"Life FM","url":"https:\/\/radiolifefm.com.br\/noticias\/","logo":{"@type":"ImageObject","inLanguage":"pt-BR","@id":"https:\/\/radiolifefm.com.br\/noticias\/#\/schema\/logo\/image\/","url":"https:\/\/static.radiolifefm.com.br\/noticias\/wp-content\/uploads\/2019\/10\/logo-lifefm.png","contentUrl":"https:\/\/static.radiolifefm.com.br\/noticias\/wp-content\/uploads\/2019\/10\/logo-lifefm.png","width":196,"height":47,"caption":"R\u00e1dio Life FM"},"image":{"@id":"https:\/\/radiolifefm.com.br\/noticias\/#\/schema\/logo\/image\/"},"sameAs":["https:\/\/www.facebook.com\/radiolifefm\/","https:\/\/www.instagram.com\/life1079fm\/"]},{"@type":"Person","@id":"https:\/\/radiolifefm.com.br\/noticias\/#\/schema\/person\/6339b9fac59d12b071dec680d7375d87","name":"ritanery","image":{"@type":"ImageObject","inLanguage":"pt-BR","@id":"https:\/\/secure.gravatar.com\/avatar\/0e37bb19071f47c0b8a23f62a903df117c5a0e75f65a0c2901562f97cd41cf86?s=96&d=mm&r=g","url":"https:\/\/secure.gravatar.com\/avatar\/0e37bb19071f47c0b8a23f62a903df117c5a0e75f65a0c2901562f97cd41cf86?s=96&d=mm&r=g","contentUrl":"https:\/\/secure.gravatar.com\/avatar\/0e37bb19071f47c0b8a23f62a903df117c5a0e75f65a0c2901562f97cd41cf86?s=96&d=mm&r=g","caption":"ritanery"}}]}},"amp_enabled":true,"_links":{"self":[{"href":"https:\/\/radiolifefm.com.br\/noticias\/wp-json\/wp\/v2\/posts\/101390","targetHints":{"allow":["GET"]}}],"collection":[{"href":"https:\/\/radiolifefm.com.br\/noticias\/wp-json\/wp\/v2\/posts"}],"about":[{"href":"https:\/\/radiolifefm.com.br\/noticias\/wp-json\/wp\/v2\/types\/post"}],"author":[{"embeddable":true,"href":"https:\/\/radiolifefm.com.br\/noticias\/wp-json\/wp\/v2\/users\/13"}],"replies":[{"embeddable":true,"href":"https:\/\/radiolifefm.com.br\/noticias\/wp-json\/wp\/v2\/comments?post=101390"}],"version-history":[{"count":1,"href":"https:\/\/radiolifefm.com.br\/noticias\/wp-json\/wp\/v2\/posts\/101390\/revisions"}],"predecessor-version":[{"id":101391,"href":"https:\/\/radiolifefm.com.br\/noticias\/wp-json\/wp\/v2\/posts\/101390\/revisions\/101391"}],"wp:featuredmedia":[{"embeddable":true,"href":"https:\/\/radiolifefm.com.br\/noticias\/wp-json\/wp\/v2\/media\/51988"}],"wp:attachment":[{"href":"https:\/\/radiolifefm.com.br\/noticias\/wp-json\/wp\/v2\/media?parent=101390"}],"wp:term":[{"taxonomy":"category","embeddable":true,"href":"https:\/\/radiolifefm.com.br\/noticias\/wp-json\/wp\/v2\/categories?post=101390"},{"taxonomy":"post_tag","embeddable":true,"href":"https:\/\/radiolifefm.com.br\/noticias\/wp-json\/wp\/v2\/tags?post=101390"}],"curies":[{"name":"wp","href":"https:\/\/api.w.org\/{rel}","templated":true}]}}