{"id":101290,"date":"2025-05-23T08:07:21","date_gmt":"2025-05-23T11:07:21","guid":{"rendered":"https:\/\/radiolifefm.com.br\/noticias\/?p=101290"},"modified":"2026-04-10T10:06:34","modified_gmt":"2026-04-10T13:06:34","slug":"profissionais-da-area-de-seguranca-da-energisa-promovem-atividades-com-alunos-da-escola-placidio-braga-nogueira","status":"publish","type":"post","link":"https:\/\/radiolifefm.com.br\/noticias\/profissionais-da-area-de-seguranca-da-energisa-promovem-atividades-com-alunos-da-escola-placidio-braga-nogueira\/","title":{"rendered":"Profissionais da \u00e1rea de Seguran\u00e7a da Energisa promovem atividades com alunos da escola Plac\u00eddio Braga Nogueira"},"content":{"rendered":"<div id=\"fb-root\"><\/div>\n<div>Propagar a vida como o principal valor e conscientizar crian\u00e7as e adolescentes sobre os cuidados para evitar acidentes com eletricidade nas atividades mais comuns do dia a dia. Com esse prop\u00f3sito, profissionais da \u00e1rea de Seguran\u00e7a da Energisa Sul-Sudeste seguem percorrendo escolas de Presidente Prudente e regi\u00e3o em palestras e bate-papos com estudantes, a fim de torn\u00e1-los multiplicadores das orienta\u00e7\u00f5es de seguran\u00e7a na comunidade.<\/div>\n<div><\/div>\n<div>Na \u00faltima semana a a\u00e7\u00e3o foi realizada com os alunos da escola estadual Plac\u00eddio Braga Nogueira, na zona leste da cidade, que aprenderam por meio de orienta\u00e7\u00f5es did\u00e1ticas, encena\u00e7\u00e3o e momento para tirar d\u00favidas.<\/div>\n<div><\/div>\n<div>Entre os exemplos destacados estavam os riscos de choque el\u00e9trico ao usar celular e tablet enquanto carregam a bateria na tomada; perigos de se aproximar de cabos partidos na rua ou cal\u00e7adas; e o risco de soltar pipa perto da rede el\u00e9trica.<\/div>\n<div><\/div>\n<div>\u201cO correto \u00e9 soltar pipa longe da rede, em \u00e1reas abertas como campos de futebol e parques. Dessa forma, n\u00e3o h\u00e1 risco de a pipa encostar na fia\u00e7\u00e3o, o que pode ocasionar um acidente e interrup\u00e7\u00e3o no fornecimento da energia\u201d, explicou Luiz Felipe Victor Dias, do time de Seguran\u00e7a da Energisa Sul-Sudeste.<\/div>\n<div><\/div>\n<div>Al\u00e9m de tratar sobre seguran\u00e7a nas brincadeiras, a iniciativa trouxe ainda os perigos com eletricidade nos servi\u00e7os de constru\u00e7\u00e3o civil, podas de \u00e1rvores, instala\u00e7\u00e3o de internet, antenas, entre outros.<\/div>\n<div><\/div>\n<div>\u201cAs crian\u00e7as foram estimuladas a compartilhar com pais, familiares, vizinhos sobre a necessidade de manter a dist\u00e2ncia\u00a0da\u00a0rede el\u00e9trica ao realizar esses servi\u00e7os. Afinal, s\u00e3o situa\u00e7\u00f5es do cotidiano dos adultos que, sem n\u00e3o forem executadas com seguran\u00e7a, podem causar acidentes graves e at\u00e9 fatais\u201d, finalizou.<\/div>\n<div><\/div>\n<div>Por fim, assim como orientado aos pequenos multiplicadores, em casos de acidentes envolvendo energia, a popula\u00e7\u00e3o deve acionar a\u00a0Energisa\u00a0pelos canais de atendimento: aplicativo\u00a0Energisa\u00a0On, Whatsapp Gisa (18)\u00a099120-3365\u00a0; ou Call Center 0800 70 10 326.<\/div>\n<div><\/div>\n<div><\/div>\n<div><\/div>\n<div>Fonte: Assessoria de Imprensa<\/div>\n","protected":false},"excerpt":{"rendered":"<p>Propagar a vida como o principal valor e conscientizar crian\u00e7as e adolescentes sobre os cuidados para evitar acidentes com eletricidade nas atividades mais comuns do dia a dia. Com esse prop\u00f3sito, profissionais da \u00e1rea de Seguran\u00e7a da Energisa Sul-Sudeste seguem percorrendo escolas de Presidente Prudente e regi\u00e3o em palestras e bate-papos com estudantes, a fim [&hellip;]<\/p>\n","protected":false},"author":13,"featured_media":101292,"comment_status":"closed","ping_status":"open","sticky":false,"template":"","format":"standard","meta":{"_acf_changed":false,"_exactmetrics_skip_tracking":false,"_exactmetrics_sitenote_active":false,"_exactmetrics_sitenote_note":"","_exactmetrics_sitenote_category":0,"footnotes":""},"categories":[1],"tags":[],"class_list":["post-101290","post","type-post","status-publish","format-standard","has-post-thumbnail","hentry","category-geral"],"acf":[],"yoast_head":"<!-- This site is optimized with the Yoast SEO plugin v27.2 - https:\/\/yoast.com\/product\/yoast-seo-wordpress\/ -->\n<title>Profissionais da \u00e1rea de Seguran\u00e7a da Energisa promovem atividades com alunos da escola Plac\u00eddio Braga Nogueira - R\u00e1dio Life FM<\/title>\n<meta name=\"robots\" content=\"index, follow, max-snippet:-1, max-image-preview:large, max-video-preview:-1\" \/>\n<link rel=\"canonical\" href=\"https:\/\/radiolifefm.com.br\/noticias\/profissionais-da-area-de-seguranca-da-energisa-promovem-atividades-com-alunos-da-escola-placidio-braga-nogueira\/\" \/>\n<meta property=\"og:locale\" content=\"pt_BR\" \/>\n<meta property=\"og:type\" content=\"article\" \/>\n<meta property=\"og:title\" content=\"Profissionais da \u00e1rea de Seguran\u00e7a da Energisa promovem atividades com alunos da escola Plac\u00eddio Braga Nogueira - R\u00e1dio Life FM\" \/>\n<meta property=\"og:description\" content=\"Propagar a vida como o principal valor e conscientizar crian\u00e7as e adolescentes sobre os cuidados para evitar acidentes com eletricidade nas atividades mais comuns do dia a dia. Com esse prop\u00f3sito, profissionais da \u00e1rea de Seguran\u00e7a da Energisa Sul-Sudeste seguem percorrendo escolas de Presidente Prudente e regi\u00e3o em palestras e bate-papos com estudantes, a fim [&hellip;]\" \/>\n<meta property=\"og:url\" content=\"https:\/\/radiolifefm.com.br\/noticias\/profissionais-da-area-de-seguranca-da-energisa-promovem-atividades-com-alunos-da-escola-placidio-braga-nogueira\/\" \/>\n<meta property=\"og:site_name\" content=\"R\u00e1dio Life FM\" \/>\n<meta property=\"article:publisher\" content=\"https:\/\/www.facebook.com\/radiolifefm\/\" \/>\n<meta property=\"article:published_time\" content=\"2025-05-23T11:07:21+00:00\" \/>\n<meta property=\"article:modified_time\" content=\"2026-04-10T13:06:34+00:00\" \/>\n<meta property=\"og:image\" content=\"https:\/\/radiolifefm.com.br\/noticias\/wp-content\/uploads\/2025\/05\/cats-3.jpg\" \/>\n\t<meta property=\"og:image:width\" content=\"800\" \/>\n\t<meta property=\"og:image:height\" content=\"400\" \/>\n\t<meta property=\"og:image:type\" content=\"image\/jpeg\" \/>\n<meta name=\"author\" content=\"ritanery\" \/>\n<meta name=\"twitter:card\" content=\"summary_large_image\" \/>\n<meta name=\"twitter:label1\" content=\"Escrito por\" \/>\n\t<meta name=\"twitter:data1\" content=\"ritanery\" \/>\n\t<meta name=\"twitter:label2\" content=\"Est. tempo de leitura\" \/>\n\t<meta name=\"twitter:data2\" content=\"2 minutos\" \/>\n<script type=\"application\/ld+json\" class=\"yoast-schema-graph\">{\"@context\":\"https:\/\/schema.org\",\"@graph\":[{\"@type\":\"Article\",\"@id\":\"https:\/\/radiolifefm.com.br\/noticias\/profissionais-da-area-de-seguranca-da-energisa-promovem-atividades-com-alunos-da-escola-placidio-braga-nogueira\/#article\",\"isPartOf\":{\"@id\":\"https:\/\/radiolifefm.com.br\/noticias\/profissionais-da-area-de-seguranca-da-energisa-promovem-atividades-com-alunos-da-escola-placidio-braga-nogueira\/\"},\"author\":{\"name\":\"ritanery\",\"@id\":\"https:\/\/radiolifefm.com.br\/noticias\/#\/schema\/person\/6339b9fac59d12b071dec680d7375d87\"},\"headline\":\"Profissionais da \u00e1rea de Seguran\u00e7a da Energisa promovem atividades com alunos da escola Plac\u00eddio Braga Nogueira\",\"datePublished\":\"2025-05-23T11:07:21+00:00\",\"dateModified\":\"2026-04-10T13:06:34+00:00\",\"mainEntityOfPage\":{\"@id\":\"https:\/\/radiolifefm.com.br\/noticias\/profissionais-da-area-de-seguranca-da-energisa-promovem-atividades-com-alunos-da-escola-placidio-braga-nogueira\/\"},\"wordCount\":355,\"publisher\":{\"@id\":\"https:\/\/radiolifefm.com.br\/noticias\/#organization\"},\"image\":{\"@id\":\"https:\/\/radiolifefm.com.br\/noticias\/profissionais-da-area-de-seguranca-da-energisa-promovem-atividades-com-alunos-da-escola-placidio-braga-nogueira\/#primaryimage\"},\"thumbnailUrl\":\"https:\/\/radiolifefm.com.br\/noticias\/wp-content\/uploads\/2025\/05\/cats-3.jpg\",\"articleSection\":[\"Geral\"],\"inLanguage\":\"pt-BR\"},{\"@type\":\"WebPage\",\"@id\":\"https:\/\/radiolifefm.com.br\/noticias\/profissionais-da-area-de-seguranca-da-energisa-promovem-atividades-com-alunos-da-escola-placidio-braga-nogueira\/\",\"url\":\"https:\/\/radiolifefm.com.br\/noticias\/profissionais-da-area-de-seguranca-da-energisa-promovem-atividades-com-alunos-da-escola-placidio-braga-nogueira\/\",\"name\":\"Profissionais da \u00e1rea de Seguran\u00e7a da Energisa promovem atividades com alunos da escola Plac\u00eddio Braga Nogueira - R\u00e1dio Life FM\",\"isPartOf\":{\"@id\":\"https:\/\/radiolifefm.com.br\/noticias\/#website\"},\"primaryImageOfPage\":{\"@id\":\"https:\/\/radiolifefm.com.br\/noticias\/profissionais-da-area-de-seguranca-da-energisa-promovem-atividades-com-alunos-da-escola-placidio-braga-nogueira\/#primaryimage\"},\"image\":{\"@id\":\"https:\/\/radiolifefm.com.br\/noticias\/profissionais-da-area-de-seguranca-da-energisa-promovem-atividades-com-alunos-da-escola-placidio-braga-nogueira\/#primaryimage\"},\"thumbnailUrl\":\"https:\/\/radiolifefm.com.br\/noticias\/wp-content\/uploads\/2025\/05\/cats-3.jpg\",\"datePublished\":\"2025-05-23T11:07:21+00:00\",\"dateModified\":\"2026-04-10T13:06:34+00:00\",\"breadcrumb\":{\"@id\":\"https:\/\/radiolifefm.com.br\/noticias\/profissionais-da-area-de-seguranca-da-energisa-promovem-atividades-com-alunos-da-escola-placidio-braga-nogueira\/#breadcrumb\"},\"inLanguage\":\"pt-BR\",\"potentialAction\":[{\"@type\":\"ReadAction\",\"target\":[\"https:\/\/radiolifefm.com.br\/noticias\/profissionais-da-area-de-seguranca-da-energisa-promovem-atividades-com-alunos-da-escola-placidio-braga-nogueira\/\"]}]},{\"@type\":\"ImageObject\",\"inLanguage\":\"pt-BR\",\"@id\":\"https:\/\/radiolifefm.com.br\/noticias\/profissionais-da-area-de-seguranca-da-energisa-promovem-atividades-com-alunos-da-escola-placidio-braga-nogueira\/#primaryimage\",\"url\":\"https:\/\/radiolifefm.com.br\/noticias\/wp-content\/uploads\/2025\/05\/cats-3.jpg\",\"contentUrl\":\"https:\/\/radiolifefm.com.br\/noticias\/wp-content\/uploads\/2025\/05\/cats-3.jpg\",\"width\":800,\"height\":400},{\"@type\":\"BreadcrumbList\",\"@id\":\"https:\/\/radiolifefm.com.br\/noticias\/profissionais-da-area-de-seguranca-da-energisa-promovem-atividades-com-alunos-da-escola-placidio-braga-nogueira\/#breadcrumb\",\"itemListElement\":[{\"@type\":\"ListItem\",\"position\":1,\"name\":\"In\u00edcio\",\"item\":\"https:\/\/radiolifefm.com.br\/noticias\/\"},{\"@type\":\"ListItem\",\"position\":2,\"name\":\"Profissionais da \u00e1rea de Seguran\u00e7a da Energisa promovem atividades com alunos da escola Plac\u00eddio Braga Nogueira\"}]},{\"@type\":\"WebSite\",\"@id\":\"https:\/\/radiolifefm.com.br\/noticias\/#website\",\"url\":\"https:\/\/radiolifefm.com.br\/noticias\/\",\"name\":\"R\u00e1dio Life FM\",\"description\":\"O Portal de Not\u00edcias de Adamantina\",\"publisher\":{\"@id\":\"https:\/\/radiolifefm.com.br\/noticias\/#organization\"},\"alternateName\":\"Life FM\",\"potentialAction\":[{\"@type\":\"SearchAction\",\"target\":{\"@type\":\"EntryPoint\",\"urlTemplate\":\"https:\/\/radiolifefm.com.br\/noticias\/?s={search_term_string}\"},\"query-input\":{\"@type\":\"PropertyValueSpecification\",\"valueRequired\":true,\"valueName\":\"search_term_string\"}}],\"inLanguage\":\"pt-BR\"},{\"@type\":\"Organization\",\"@id\":\"https:\/\/radiolifefm.com.br\/noticias\/#organization\",\"name\":\"R\u00e1dio Life FM\",\"alternateName\":\"Life FM\",\"url\":\"https:\/\/radiolifefm.com.br\/noticias\/\",\"logo\":{\"@type\":\"ImageObject\",\"inLanguage\":\"pt-BR\",\"@id\":\"https:\/\/radiolifefm.com.br\/noticias\/#\/schema\/logo\/image\/\",\"url\":\"https:\/\/static.radiolifefm.com.br\/noticias\/wp-content\/uploads\/2019\/10\/logo-lifefm.png\",\"contentUrl\":\"https:\/\/static.radiolifefm.com.br\/noticias\/wp-content\/uploads\/2019\/10\/logo-lifefm.png\",\"width\":196,\"height\":47,\"caption\":\"R\u00e1dio Life FM\"},\"image\":{\"@id\":\"https:\/\/radiolifefm.com.br\/noticias\/#\/schema\/logo\/image\/\"},\"sameAs\":[\"https:\/\/www.facebook.com\/radiolifefm\/\",\"https:\/\/www.instagram.com\/life1079fm\/\"]},{\"@type\":\"Person\",\"@id\":\"https:\/\/radiolifefm.com.br\/noticias\/#\/schema\/person\/6339b9fac59d12b071dec680d7375d87\",\"name\":\"ritanery\",\"image\":{\"@type\":\"ImageObject\",\"inLanguage\":\"pt-BR\",\"@id\":\"https:\/\/secure.gravatar.com\/avatar\/0e37bb19071f47c0b8a23f62a903df117c5a0e75f65a0c2901562f97cd41cf86?s=96&d=mm&r=g\",\"url\":\"https:\/\/secure.gravatar.com\/avatar\/0e37bb19071f47c0b8a23f62a903df117c5a0e75f65a0c2901562f97cd41cf86?s=96&d=mm&r=g\",\"contentUrl\":\"https:\/\/secure.gravatar.com\/avatar\/0e37bb19071f47c0b8a23f62a903df117c5a0e75f65a0c2901562f97cd41cf86?s=96&d=mm&r=g\",\"caption\":\"ritanery\"}}]}<\/script>\n<!-- \/ Yoast SEO plugin. -->","yoast_head_json":{"title":"Profissionais da \u00e1rea de Seguran\u00e7a da Energisa promovem atividades com alunos da escola Plac\u00eddio Braga Nogueira - R\u00e1dio Life FM","robots":{"index":"index","follow":"follow","max-snippet":"max-snippet:-1","max-image-preview":"max-image-preview:large","max-video-preview":"max-video-preview:-1"},"canonical":"https:\/\/radiolifefm.com.br\/noticias\/profissionais-da-area-de-seguranca-da-energisa-promovem-atividades-com-alunos-da-escola-placidio-braga-nogueira\/","og_locale":"pt_BR","og_type":"article","og_title":"Profissionais da \u00e1rea de Seguran\u00e7a da Energisa promovem atividades com alunos da escola Plac\u00eddio Braga Nogueira - R\u00e1dio Life FM","og_description":"Propagar a vida como o principal valor e conscientizar crian\u00e7as e adolescentes sobre os cuidados para evitar acidentes com eletricidade nas atividades mais comuns do dia a dia. Com esse prop\u00f3sito, profissionais da \u00e1rea de Seguran\u00e7a da Energisa Sul-Sudeste seguem percorrendo escolas de Presidente Prudente e regi\u00e3o em palestras e bate-papos com estudantes, a fim [&hellip;]","og_url":"https:\/\/radiolifefm.com.br\/noticias\/profissionais-da-area-de-seguranca-da-energisa-promovem-atividades-com-alunos-da-escola-placidio-braga-nogueira\/","og_site_name":"R\u00e1dio Life FM","article_publisher":"https:\/\/www.facebook.com\/radiolifefm\/","article_published_time":"2025-05-23T11:07:21+00:00","article_modified_time":"2026-04-10T13:06:34+00:00","og_image":[{"width":800,"height":400,"url":"https:\/\/radiolifefm.com.br\/noticias\/wp-content\/uploads\/2025\/05\/cats-3.jpg","type":"image\/jpeg"}],"author":"ritanery","twitter_card":"summary_large_image","twitter_misc":{"Escrito por":"ritanery","Est. tempo de leitura":"2 minutos"},"schema":{"@context":"https:\/\/schema.org","@graph":[{"@type":"Article","@id":"https:\/\/radiolifefm.com.br\/noticias\/profissionais-da-area-de-seguranca-da-energisa-promovem-atividades-com-alunos-da-escola-placidio-braga-nogueira\/#article","isPartOf":{"@id":"https:\/\/radiolifefm.com.br\/noticias\/profissionais-da-area-de-seguranca-da-energisa-promovem-atividades-com-alunos-da-escola-placidio-braga-nogueira\/"},"author":{"name":"ritanery","@id":"https:\/\/radiolifefm.com.br\/noticias\/#\/schema\/person\/6339b9fac59d12b071dec680d7375d87"},"headline":"Profissionais da \u00e1rea de Seguran\u00e7a da Energisa promovem atividades com alunos da escola Plac\u00eddio Braga Nogueira","datePublished":"2025-05-23T11:07:21+00:00","dateModified":"2026-04-10T13:06:34+00:00","mainEntityOfPage":{"@id":"https:\/\/radiolifefm.com.br\/noticias\/profissionais-da-area-de-seguranca-da-energisa-promovem-atividades-com-alunos-da-escola-placidio-braga-nogueira\/"},"wordCount":355,"publisher":{"@id":"https:\/\/radiolifefm.com.br\/noticias\/#organization"},"image":{"@id":"https:\/\/radiolifefm.com.br\/noticias\/profissionais-da-area-de-seguranca-da-energisa-promovem-atividades-com-alunos-da-escola-placidio-braga-nogueira\/#primaryimage"},"thumbnailUrl":"https:\/\/radiolifefm.com.br\/noticias\/wp-content\/uploads\/2025\/05\/cats-3.jpg","articleSection":["Geral"],"inLanguage":"pt-BR"},{"@type":"WebPage","@id":"https:\/\/radiolifefm.com.br\/noticias\/profissionais-da-area-de-seguranca-da-energisa-promovem-atividades-com-alunos-da-escola-placidio-braga-nogueira\/","url":"https:\/\/radiolifefm.com.br\/noticias\/profissionais-da-area-de-seguranca-da-energisa-promovem-atividades-com-alunos-da-escola-placidio-braga-nogueira\/","name":"Profissionais da \u00e1rea de Seguran\u00e7a da Energisa promovem atividades com alunos da escola Plac\u00eddio Braga Nogueira - R\u00e1dio Life FM","isPartOf":{"@id":"https:\/\/radiolifefm.com.br\/noticias\/#website"},"primaryImageOfPage":{"@id":"https:\/\/radiolifefm.com.br\/noticias\/profissionais-da-area-de-seguranca-da-energisa-promovem-atividades-com-alunos-da-escola-placidio-braga-nogueira\/#primaryimage"},"image":{"@id":"https:\/\/radiolifefm.com.br\/noticias\/profissionais-da-area-de-seguranca-da-energisa-promovem-atividades-com-alunos-da-escola-placidio-braga-nogueira\/#primaryimage"},"thumbnailUrl":"https:\/\/radiolifefm.com.br\/noticias\/wp-content\/uploads\/2025\/05\/cats-3.jpg","datePublished":"2025-05-23T11:07:21+00:00","dateModified":"2026-04-10T13:06:34+00:00","breadcrumb":{"@id":"https:\/\/radiolifefm.com.br\/noticias\/profissionais-da-area-de-seguranca-da-energisa-promovem-atividades-com-alunos-da-escola-placidio-braga-nogueira\/#breadcrumb"},"inLanguage":"pt-BR","potentialAction":[{"@type":"ReadAction","target":["https:\/\/radiolifefm.com.br\/noticias\/profissionais-da-area-de-seguranca-da-energisa-promovem-atividades-com-alunos-da-escola-placidio-braga-nogueira\/"]}]},{"@type":"ImageObject","inLanguage":"pt-BR","@id":"https:\/\/radiolifefm.com.br\/noticias\/profissionais-da-area-de-seguranca-da-energisa-promovem-atividades-com-alunos-da-escola-placidio-braga-nogueira\/#primaryimage","url":"https:\/\/radiolifefm.com.br\/noticias\/wp-content\/uploads\/2025\/05\/cats-3.jpg","contentUrl":"https:\/\/radiolifefm.com.br\/noticias\/wp-content\/uploads\/2025\/05\/cats-3.jpg","width":800,"height":400},{"@type":"BreadcrumbList","@id":"https:\/\/radiolifefm.com.br\/noticias\/profissionais-da-area-de-seguranca-da-energisa-promovem-atividades-com-alunos-da-escola-placidio-braga-nogueira\/#breadcrumb","itemListElement":[{"@type":"ListItem","position":1,"name":"In\u00edcio","item":"https:\/\/radiolifefm.com.br\/noticias\/"},{"@type":"ListItem","position":2,"name":"Profissionais da \u00e1rea de Seguran\u00e7a da Energisa promovem atividades com alunos da escola Plac\u00eddio Braga Nogueira"}]},{"@type":"WebSite","@id":"https:\/\/radiolifefm.com.br\/noticias\/#website","url":"https:\/\/radiolifefm.com.br\/noticias\/","name":"R\u00e1dio Life FM","description":"O Portal de Not\u00edcias de Adamantina","publisher":{"@id":"https:\/\/radiolifefm.com.br\/noticias\/#organization"},"alternateName":"Life FM","potentialAction":[{"@type":"SearchAction","target":{"@type":"EntryPoint","urlTemplate":"https:\/\/radiolifefm.com.br\/noticias\/?s={search_term_string}"},"query-input":{"@type":"PropertyValueSpecification","valueRequired":true,"valueName":"search_term_string"}}],"inLanguage":"pt-BR"},{"@type":"Organization","@id":"https:\/\/radiolifefm.com.br\/noticias\/#organization","name":"R\u00e1dio Life FM","alternateName":"Life FM","url":"https:\/\/radiolifefm.com.br\/noticias\/","logo":{"@type":"ImageObject","inLanguage":"pt-BR","@id":"https:\/\/radiolifefm.com.br\/noticias\/#\/schema\/logo\/image\/","url":"https:\/\/static.radiolifefm.com.br\/noticias\/wp-content\/uploads\/2019\/10\/logo-lifefm.png","contentUrl":"https:\/\/static.radiolifefm.com.br\/noticias\/wp-content\/uploads\/2019\/10\/logo-lifefm.png","width":196,"height":47,"caption":"R\u00e1dio Life FM"},"image":{"@id":"https:\/\/radiolifefm.com.br\/noticias\/#\/schema\/logo\/image\/"},"sameAs":["https:\/\/www.facebook.com\/radiolifefm\/","https:\/\/www.instagram.com\/life1079fm\/"]},{"@type":"Person","@id":"https:\/\/radiolifefm.com.br\/noticias\/#\/schema\/person\/6339b9fac59d12b071dec680d7375d87","name":"ritanery","image":{"@type":"ImageObject","inLanguage":"pt-BR","@id":"https:\/\/secure.gravatar.com\/avatar\/0e37bb19071f47c0b8a23f62a903df117c5a0e75f65a0c2901562f97cd41cf86?s=96&d=mm&r=g","url":"https:\/\/secure.gravatar.com\/avatar\/0e37bb19071f47c0b8a23f62a903df117c5a0e75f65a0c2901562f97cd41cf86?s=96&d=mm&r=g","contentUrl":"https:\/\/secure.gravatar.com\/avatar\/0e37bb19071f47c0b8a23f62a903df117c5a0e75f65a0c2901562f97cd41cf86?s=96&d=mm&r=g","caption":"ritanery"}}]}},"amp_enabled":true,"_links":{"self":[{"href":"https:\/\/radiolifefm.com.br\/noticias\/wp-json\/wp\/v2\/posts\/101290","targetHints":{"allow":["GET"]}}],"collection":[{"href":"https:\/\/radiolifefm.com.br\/noticias\/wp-json\/wp\/v2\/posts"}],"about":[{"href":"https:\/\/radiolifefm.com.br\/noticias\/wp-json\/wp\/v2\/types\/post"}],"author":[{"embeddable":true,"href":"https:\/\/radiolifefm.com.br\/noticias\/wp-json\/wp\/v2\/users\/13"}],"replies":[{"embeddable":true,"href":"https:\/\/radiolifefm.com.br\/noticias\/wp-json\/wp\/v2\/comments?post=101290"}],"version-history":[{"count":1,"href":"https:\/\/radiolifefm.com.br\/noticias\/wp-json\/wp\/v2\/posts\/101290\/revisions"}],"predecessor-version":[{"id":101293,"href":"https:\/\/radiolifefm.com.br\/noticias\/wp-json\/wp\/v2\/posts\/101290\/revisions\/101293"}],"wp:featuredmedia":[{"embeddable":true,"href":"https:\/\/radiolifefm.com.br\/noticias\/wp-json\/wp\/v2\/media\/101292"}],"wp:attachment":[{"href":"https:\/\/radiolifefm.com.br\/noticias\/wp-json\/wp\/v2\/media?parent=101290"}],"wp:term":[{"taxonomy":"category","embeddable":true,"href":"https:\/\/radiolifefm.com.br\/noticias\/wp-json\/wp\/v2\/categories?post=101290"},{"taxonomy":"post_tag","embeddable":true,"href":"https:\/\/radiolifefm.com.br\/noticias\/wp-json\/wp\/v2\/tags?post=101290"}],"curies":[{"name":"wp","href":"https:\/\/api.w.org\/{rel}","templated":true}]}}