{"id":101192,"date":"2025-05-21T11:26:15","date_gmt":"2025-05-21T14:26:15","guid":{"rendered":"https:\/\/radiolifefm.com.br\/noticias\/?p=101192"},"modified":"2026-04-18T19:22:26","modified_gmt":"2026-04-18T22:22:26","slug":"mulheres-na-gestao-da-pecuaria-protagonismo-e-forca-no-campo","status":"publish","type":"post","link":"https:\/\/radiolifefm.com.br\/noticias\/mulheres-na-gestao-da-pecuaria-protagonismo-e-forca-no-campo\/","title":{"rendered":"Mulheres na gest\u00e3o da pecu\u00e1ria: protagonismo e for\u00e7a no campo"},"content":{"rendered":"<div id=\"fb-root\"><\/div>\n<p>&nbsp;<\/p>\n<p>Na \u00faltima segunda-feira, 19 de maio, o podcast Prosa do Campo abriu a semana com um debate inspirador sobre o papel da mulher na gest\u00e3o da pecu\u00e1ria. O programa, apresentado por Cristiano Do Mour\u00e3o e transmitido pelas plataformas digitais da Life FM, trouxe como convidada a m\u00e9dica veterin\u00e1ria Evelin Camila Gorelio, que compartilhou sua trajet\u00f3ria e os desafios enfrentados no setor agropecu\u00e1rio.<\/p>\n<div class='flex flex-wrap items-center -mx-1'>\r\n<a class='thumbnail gallery p-1 w-1\/2 md:w-1\/4' href='https:\/\/radiolifefm.com.br\/noticias\/wp-content\/uploads\/2025\/05\/Marca-dagua-PROSA-DO-CAMPO-16-1.jpg'><img class='border border-white' src='https:\/\/radiolifefm.com.br\/noticias\/wp-content\/uploads\/2025\/05\/Marca-dagua-PROSA-DO-CAMPO-16-1-200x200.jpg' alt='Marca D'agua PROSA DO CAMPO (16)' \/><\/a><a class='thumbnail gallery p-1 w-1\/2 md:w-1\/4' href='https:\/\/radiolifefm.com.br\/noticias\/wp-content\/uploads\/2025\/05\/Marca-dagua-PROSA-DO-CAMPO-17-1.jpg'><img class='border border-white' src='https:\/\/radiolifefm.com.br\/noticias\/wp-content\/uploads\/2025\/05\/Marca-dagua-PROSA-DO-CAMPO-17-1-200x200.jpg' alt='Marca D'agua PROSA DO CAMPO (17)' \/><\/a><\/div>\n<p>Durante a conversa, Evelin ressaltou a crescente presen\u00e7a feminina na pecu\u00e1ria e sua import\u00e2ncia na forma\u00e7\u00e3o de equipes e na tomada de decis\u00f5es estrat\u00e9gicas. Como Gerente de Pecu\u00e1ria na Camda, ela destaca a for\u00e7a e a capacidade das mulheres em liderar com compet\u00eancia e vis\u00e3o de futuro. &#8220;A mulher sabe o que faz, e est\u00e1 apta a reunir equipes para fortalecer o trabalho&#8221;, afirmou Evelin, enfatizando que os desafios enfrentados n\u00e3o s\u00e3o impeditivos, mas sim motiva\u00e7\u00e3o para seguir adiante e conquistar espa\u00e7os.<\/p>\n<div class='flex flex-wrap items-center -mx-1'>\r\n<a class='thumbnail gallery p-1 w-1\/2 md:w-1\/4' href='https:\/\/radiolifefm.com.br\/noticias\/wp-content\/uploads\/2025\/05\/Marca-dagua-PROSA-DO-CAMPO-18-1.jpg'><img class='border border-white' src='https:\/\/radiolifefm.com.br\/noticias\/wp-content\/uploads\/2025\/05\/Marca-dagua-PROSA-DO-CAMPO-18-1-200x200.jpg' alt='Marca D'agua PROSA DO CAMPO (18)' \/><\/a><a class='thumbnail gallery p-1 w-1\/2 md:w-1\/4' href='https:\/\/radiolifefm.com.br\/noticias\/wp-content\/uploads\/2025\/05\/Marca-dagua-PROSA-DO-CAMPO-19-1.jpg'><img class='border border-white' src='https:\/\/radiolifefm.com.br\/noticias\/wp-content\/uploads\/2025\/05\/Marca-dagua-PROSA-DO-CAMPO-19-1-200x200.jpg' alt='Marca D'agua PROSA DO CAMPO (19)' \/><\/a><\/div>\n<p>O epis\u00f3dio do Prosa do Campo refor\u00e7a uma discuss\u00e3o essencial sobre o reconhecimento e valoriza\u00e7\u00e3o da mulher no agroneg\u00f3cio, setor tradicionalmente dominado por homens, mas que vem transformando sua realidade com o protagonismo feminino.<\/p>\n<div class='flex flex-wrap items-center -mx-1'>\r\n<a class='thumbnail gallery p-1 w-1\/2 md:w-1\/4' href='https:\/\/radiolifefm.com.br\/noticias\/wp-content\/uploads\/2025\/05\/Marca-dagua-PROSA-DO-CAMPO-20-1.jpg'><img class='border border-white' src='https:\/\/radiolifefm.com.br\/noticias\/wp-content\/uploads\/2025\/05\/Marca-dagua-PROSA-DO-CAMPO-20-1-200x200.jpg' alt='Marca D'agua PROSA DO CAMPO (20)' \/><\/a><a class='thumbnail gallery p-1 w-1\/2 md:w-1\/4' href='https:\/\/radiolifefm.com.br\/noticias\/wp-content\/uploads\/2025\/05\/Marca-dagua-PROSA-DO-CAMPO-22-1.jpg'><img class='border border-white' src='https:\/\/radiolifefm.com.br\/noticias\/wp-content\/uploads\/2025\/05\/Marca-dagua-PROSA-DO-CAMPO-22-1-200x200.jpg' alt='Marca D'agua PROSA DO CAMPO (22)' \/><\/a><a class='thumbnail gallery p-1 w-1\/2 md:w-1\/4' href='https:\/\/radiolifefm.com.br\/noticias\/wp-content\/uploads\/2025\/05\/Marca-dagua-PROSA-DO-CAMPO-21-1.jpg'><img class='border border-white' src='https:\/\/radiolifefm.com.br\/noticias\/wp-content\/uploads\/2025\/05\/Marca-dagua-PROSA-DO-CAMPO-21-1-200x200.jpg' alt='Marca D'agua PROSA DO CAMPO (21)' \/><\/a><\/div>\n<p>Para saber mais sobre essa inspiradora conversa, acesse o link do programa e acompanhe a discuss\u00e3o completa.<\/p>\n<p><a href=\"https:\/\/www.youtube.com\/watch?v=1_1B9oCtz4Q\">https:\/\/www.youtube.com\/watch?v=1_1B9oCtz4Q<\/a><\/p>\n","protected":false},"excerpt":{"rendered":"<p>&nbsp; Na \u00faltima segunda-feira, 19 de maio, o podcast Prosa do Campo abriu a semana com um debate inspirador sobre o papel da mulher na gest\u00e3o da pecu\u00e1ria. O programa, apresentado por Cristiano Do Mour\u00e3o e transmitido pelas plataformas digitais da Life FM, trouxe como convidada a m\u00e9dica veterin\u00e1ria Evelin Camila Gorelio, que compartilhou sua [&hellip;]<\/p>\n","protected":false},"author":8,"featured_media":101200,"comment_status":"closed","ping_status":"open","sticky":false,"template":"","format":"standard","meta":{"_acf_changed":false,"_exactmetrics_skip_tracking":false,"_exactmetrics_sitenote_active":false,"_exactmetrics_sitenote_note":"","_exactmetrics_sitenote_category":0,"footnotes":""},"categories":[191],"tags":[],"class_list":["post-101192","post","type-post","status-publish","format-standard","has-post-thumbnail","hentry","category-prosa-do-campo"],"acf":[],"yoast_head":"<!-- This site is optimized with the Yoast SEO plugin v27.2 - https:\/\/yoast.com\/product\/yoast-seo-wordpress\/ -->\n<title>Mulheres na gest\u00e3o da pecu\u00e1ria: protagonismo e for\u00e7a no campo - R\u00e1dio Life FM<\/title>\n<meta name=\"robots\" content=\"index, follow, max-snippet:-1, max-image-preview:large, max-video-preview:-1\" \/>\n<link rel=\"canonical\" href=\"https:\/\/radiolifefm.com.br\/noticias\/mulheres-na-gestao-da-pecuaria-protagonismo-e-forca-no-campo\/\" \/>\n<meta property=\"og:locale\" content=\"pt_BR\" \/>\n<meta property=\"og:type\" content=\"article\" \/>\n<meta property=\"og:title\" content=\"Mulheres na gest\u00e3o da pecu\u00e1ria: protagonismo e for\u00e7a no campo - R\u00e1dio Life FM\" \/>\n<meta property=\"og:description\" content=\"&nbsp; Na \u00faltima segunda-feira, 19 de maio, o podcast Prosa do Campo abriu a semana com um debate inspirador sobre o papel da mulher na gest\u00e3o da pecu\u00e1ria. O programa, apresentado por Cristiano Do Mour\u00e3o e transmitido pelas plataformas digitais da Life FM, trouxe como convidada a m\u00e9dica veterin\u00e1ria Evelin Camila Gorelio, que compartilhou sua [&hellip;]\" \/>\n<meta property=\"og:url\" content=\"https:\/\/radiolifefm.com.br\/noticias\/mulheres-na-gestao-da-pecuaria-protagonismo-e-forca-no-campo\/\" \/>\n<meta property=\"og:site_name\" content=\"R\u00e1dio Life FM\" \/>\n<meta property=\"article:publisher\" content=\"https:\/\/www.facebook.com\/radiolifefm\/\" \/>\n<meta property=\"article:published_time\" content=\"2025-05-21T14:26:15+00:00\" \/>\n<meta property=\"article:modified_time\" content=\"2026-04-18T22:22:26+00:00\" \/>\n<meta property=\"og:image\" content=\"https:\/\/radiolifefm.com.br\/noticias\/wp-content\/uploads\/2025\/05\/Marca-dagua-PROSA-DO-CAMPO-15-1.jpg\" \/>\n\t<meta property=\"og:image:width\" content=\"1080\" \/>\n\t<meta property=\"og:image:height\" content=\"1080\" \/>\n\t<meta property=\"og:image:type\" content=\"image\/jpeg\" \/>\n<meta name=\"author\" content=\"joaograndao\" \/>\n<meta name=\"twitter:card\" content=\"summary_large_image\" \/>\n<meta name=\"twitter:label1\" content=\"Escrito por\" \/>\n\t<meta name=\"twitter:data1\" content=\"joaograndao\" \/>\n\t<meta name=\"twitter:label2\" content=\"Est. tempo de leitura\" \/>\n\t<meta name=\"twitter:data2\" content=\"2 minutos\" \/>\n<script type=\"application\/ld+json\" class=\"yoast-schema-graph\">{\"@context\":\"https:\/\/schema.org\",\"@graph\":[{\"@type\":\"Article\",\"@id\":\"https:\/\/radiolifefm.com.br\/noticias\/mulheres-na-gestao-da-pecuaria-protagonismo-e-forca-no-campo\/#article\",\"isPartOf\":{\"@id\":\"https:\/\/radiolifefm.com.br\/noticias\/mulheres-na-gestao-da-pecuaria-protagonismo-e-forca-no-campo\/\"},\"author\":{\"name\":\"joaograndao\",\"@id\":\"https:\/\/radiolifefm.com.br\/noticias\/#\/schema\/person\/6876e1240feffe6e1b63fd5cb85abf28\"},\"headline\":\"Mulheres na gest\u00e3o da pecu\u00e1ria: protagonismo e for\u00e7a no campo\",\"datePublished\":\"2025-05-21T14:26:15+00:00\",\"dateModified\":\"2026-04-18T22:22:26+00:00\",\"mainEntityOfPage\":{\"@id\":\"https:\/\/radiolifefm.com.br\/noticias\/mulheres-na-gestao-da-pecuaria-protagonismo-e-forca-no-campo\/\"},\"wordCount\":250,\"publisher\":{\"@id\":\"https:\/\/radiolifefm.com.br\/noticias\/#organization\"},\"image\":{\"@id\":\"https:\/\/radiolifefm.com.br\/noticias\/mulheres-na-gestao-da-pecuaria-protagonismo-e-forca-no-campo\/#primaryimage\"},\"thumbnailUrl\":\"https:\/\/radiolifefm.com.br\/noticias\/wp-content\/uploads\/2025\/05\/Marca-dagua-PROSA-DO-CAMPO-15-1.jpg\",\"articleSection\":[\"Prosa do Campo\"],\"inLanguage\":\"pt-BR\"},{\"@type\":\"WebPage\",\"@id\":\"https:\/\/radiolifefm.com.br\/noticias\/mulheres-na-gestao-da-pecuaria-protagonismo-e-forca-no-campo\/\",\"url\":\"https:\/\/radiolifefm.com.br\/noticias\/mulheres-na-gestao-da-pecuaria-protagonismo-e-forca-no-campo\/\",\"name\":\"Mulheres na gest\u00e3o da pecu\u00e1ria: protagonismo e for\u00e7a no campo - R\u00e1dio Life FM\",\"isPartOf\":{\"@id\":\"https:\/\/radiolifefm.com.br\/noticias\/#website\"},\"primaryImageOfPage\":{\"@id\":\"https:\/\/radiolifefm.com.br\/noticias\/mulheres-na-gestao-da-pecuaria-protagonismo-e-forca-no-campo\/#primaryimage\"},\"image\":{\"@id\":\"https:\/\/radiolifefm.com.br\/noticias\/mulheres-na-gestao-da-pecuaria-protagonismo-e-forca-no-campo\/#primaryimage\"},\"thumbnailUrl\":\"https:\/\/radiolifefm.com.br\/noticias\/wp-content\/uploads\/2025\/05\/Marca-dagua-PROSA-DO-CAMPO-15-1.jpg\",\"datePublished\":\"2025-05-21T14:26:15+00:00\",\"dateModified\":\"2026-04-18T22:22:26+00:00\",\"breadcrumb\":{\"@id\":\"https:\/\/radiolifefm.com.br\/noticias\/mulheres-na-gestao-da-pecuaria-protagonismo-e-forca-no-campo\/#breadcrumb\"},\"inLanguage\":\"pt-BR\",\"potentialAction\":[{\"@type\":\"ReadAction\",\"target\":[\"https:\/\/radiolifefm.com.br\/noticias\/mulheres-na-gestao-da-pecuaria-protagonismo-e-forca-no-campo\/\"]}]},{\"@type\":\"ImageObject\",\"inLanguage\":\"pt-BR\",\"@id\":\"https:\/\/radiolifefm.com.br\/noticias\/mulheres-na-gestao-da-pecuaria-protagonismo-e-forca-no-campo\/#primaryimage\",\"url\":\"https:\/\/radiolifefm.com.br\/noticias\/wp-content\/uploads\/2025\/05\/Marca-dagua-PROSA-DO-CAMPO-15-1.jpg\",\"contentUrl\":\"https:\/\/radiolifefm.com.br\/noticias\/wp-content\/uploads\/2025\/05\/Marca-dagua-PROSA-DO-CAMPO-15-1.jpg\",\"width\":1080,\"height\":1080},{\"@type\":\"BreadcrumbList\",\"@id\":\"https:\/\/radiolifefm.com.br\/noticias\/mulheres-na-gestao-da-pecuaria-protagonismo-e-forca-no-campo\/#breadcrumb\",\"itemListElement\":[{\"@type\":\"ListItem\",\"position\":1,\"name\":\"In\u00edcio\",\"item\":\"https:\/\/radiolifefm.com.br\/noticias\/\"},{\"@type\":\"ListItem\",\"position\":2,\"name\":\"Mulheres na gest\u00e3o da pecu\u00e1ria: protagonismo e for\u00e7a no campo\"}]},{\"@type\":\"WebSite\",\"@id\":\"https:\/\/radiolifefm.com.br\/noticias\/#website\",\"url\":\"https:\/\/radiolifefm.com.br\/noticias\/\",\"name\":\"R\u00e1dio Life FM\",\"description\":\"O Portal de Not\u00edcias de Adamantina\",\"publisher\":{\"@id\":\"https:\/\/radiolifefm.com.br\/noticias\/#organization\"},\"alternateName\":\"Life FM\",\"potentialAction\":[{\"@type\":\"SearchAction\",\"target\":{\"@type\":\"EntryPoint\",\"urlTemplate\":\"https:\/\/radiolifefm.com.br\/noticias\/?s={search_term_string}\"},\"query-input\":{\"@type\":\"PropertyValueSpecification\",\"valueRequired\":true,\"valueName\":\"search_term_string\"}}],\"inLanguage\":\"pt-BR\"},{\"@type\":\"Organization\",\"@id\":\"https:\/\/radiolifefm.com.br\/noticias\/#organization\",\"name\":\"R\u00e1dio Life FM\",\"alternateName\":\"Life FM\",\"url\":\"https:\/\/radiolifefm.com.br\/noticias\/\",\"logo\":{\"@type\":\"ImageObject\",\"inLanguage\":\"pt-BR\",\"@id\":\"https:\/\/radiolifefm.com.br\/noticias\/#\/schema\/logo\/image\/\",\"url\":\"https:\/\/static.radiolifefm.com.br\/noticias\/wp-content\/uploads\/2019\/10\/logo-lifefm.png\",\"contentUrl\":\"https:\/\/static.radiolifefm.com.br\/noticias\/wp-content\/uploads\/2019\/10\/logo-lifefm.png\",\"width\":196,\"height\":47,\"caption\":\"R\u00e1dio Life FM\"},\"image\":{\"@id\":\"https:\/\/radiolifefm.com.br\/noticias\/#\/schema\/logo\/image\/\"},\"sameAs\":[\"https:\/\/www.facebook.com\/radiolifefm\/\",\"https:\/\/www.instagram.com\/life1079fm\/\"]},{\"@type\":\"Person\",\"@id\":\"https:\/\/radiolifefm.com.br\/noticias\/#\/schema\/person\/6876e1240feffe6e1b63fd5cb85abf28\",\"name\":\"joaograndao\",\"image\":{\"@type\":\"ImageObject\",\"inLanguage\":\"pt-BR\",\"@id\":\"https:\/\/secure.gravatar.com\/avatar\/d5b1a3cf357ed9c50404e256a1294083aa8ab5d2a994001567302786016cb32c?s=96&d=mm&r=g\",\"url\":\"https:\/\/secure.gravatar.com\/avatar\/d5b1a3cf357ed9c50404e256a1294083aa8ab5d2a994001567302786016cb32c?s=96&d=mm&r=g\",\"contentUrl\":\"https:\/\/secure.gravatar.com\/avatar\/d5b1a3cf357ed9c50404e256a1294083aa8ab5d2a994001567302786016cb32c?s=96&d=mm&r=g\",\"caption\":\"joaograndao\"}}]}<\/script>\n<!-- \/ Yoast SEO plugin. -->","yoast_head_json":{"title":"Mulheres na gest\u00e3o da pecu\u00e1ria: protagonismo e for\u00e7a no campo - R\u00e1dio Life FM","robots":{"index":"index","follow":"follow","max-snippet":"max-snippet:-1","max-image-preview":"max-image-preview:large","max-video-preview":"max-video-preview:-1"},"canonical":"https:\/\/radiolifefm.com.br\/noticias\/mulheres-na-gestao-da-pecuaria-protagonismo-e-forca-no-campo\/","og_locale":"pt_BR","og_type":"article","og_title":"Mulheres na gest\u00e3o da pecu\u00e1ria: protagonismo e for\u00e7a no campo - R\u00e1dio Life FM","og_description":"&nbsp; Na \u00faltima segunda-feira, 19 de maio, o podcast Prosa do Campo abriu a semana com um debate inspirador sobre o papel da mulher na gest\u00e3o da pecu\u00e1ria. O programa, apresentado por Cristiano Do Mour\u00e3o e transmitido pelas plataformas digitais da Life FM, trouxe como convidada a m\u00e9dica veterin\u00e1ria Evelin Camila Gorelio, que compartilhou sua [&hellip;]","og_url":"https:\/\/radiolifefm.com.br\/noticias\/mulheres-na-gestao-da-pecuaria-protagonismo-e-forca-no-campo\/","og_site_name":"R\u00e1dio Life FM","article_publisher":"https:\/\/www.facebook.com\/radiolifefm\/","article_published_time":"2025-05-21T14:26:15+00:00","article_modified_time":"2026-04-18T22:22:26+00:00","og_image":[{"width":1080,"height":1080,"url":"https:\/\/radiolifefm.com.br\/noticias\/wp-content\/uploads\/2025\/05\/Marca-dagua-PROSA-DO-CAMPO-15-1.jpg","type":"image\/jpeg"}],"author":"joaograndao","twitter_card":"summary_large_image","twitter_misc":{"Escrito por":"joaograndao","Est. tempo de leitura":"2 minutos"},"schema":{"@context":"https:\/\/schema.org","@graph":[{"@type":"Article","@id":"https:\/\/radiolifefm.com.br\/noticias\/mulheres-na-gestao-da-pecuaria-protagonismo-e-forca-no-campo\/#article","isPartOf":{"@id":"https:\/\/radiolifefm.com.br\/noticias\/mulheres-na-gestao-da-pecuaria-protagonismo-e-forca-no-campo\/"},"author":{"name":"joaograndao","@id":"https:\/\/radiolifefm.com.br\/noticias\/#\/schema\/person\/6876e1240feffe6e1b63fd5cb85abf28"},"headline":"Mulheres na gest\u00e3o da pecu\u00e1ria: protagonismo e for\u00e7a no campo","datePublished":"2025-05-21T14:26:15+00:00","dateModified":"2026-04-18T22:22:26+00:00","mainEntityOfPage":{"@id":"https:\/\/radiolifefm.com.br\/noticias\/mulheres-na-gestao-da-pecuaria-protagonismo-e-forca-no-campo\/"},"wordCount":250,"publisher":{"@id":"https:\/\/radiolifefm.com.br\/noticias\/#organization"},"image":{"@id":"https:\/\/radiolifefm.com.br\/noticias\/mulheres-na-gestao-da-pecuaria-protagonismo-e-forca-no-campo\/#primaryimage"},"thumbnailUrl":"https:\/\/radiolifefm.com.br\/noticias\/wp-content\/uploads\/2025\/05\/Marca-dagua-PROSA-DO-CAMPO-15-1.jpg","articleSection":["Prosa do Campo"],"inLanguage":"pt-BR"},{"@type":"WebPage","@id":"https:\/\/radiolifefm.com.br\/noticias\/mulheres-na-gestao-da-pecuaria-protagonismo-e-forca-no-campo\/","url":"https:\/\/radiolifefm.com.br\/noticias\/mulheres-na-gestao-da-pecuaria-protagonismo-e-forca-no-campo\/","name":"Mulheres na gest\u00e3o da pecu\u00e1ria: protagonismo e for\u00e7a no campo - R\u00e1dio Life FM","isPartOf":{"@id":"https:\/\/radiolifefm.com.br\/noticias\/#website"},"primaryImageOfPage":{"@id":"https:\/\/radiolifefm.com.br\/noticias\/mulheres-na-gestao-da-pecuaria-protagonismo-e-forca-no-campo\/#primaryimage"},"image":{"@id":"https:\/\/radiolifefm.com.br\/noticias\/mulheres-na-gestao-da-pecuaria-protagonismo-e-forca-no-campo\/#primaryimage"},"thumbnailUrl":"https:\/\/radiolifefm.com.br\/noticias\/wp-content\/uploads\/2025\/05\/Marca-dagua-PROSA-DO-CAMPO-15-1.jpg","datePublished":"2025-05-21T14:26:15+00:00","dateModified":"2026-04-18T22:22:26+00:00","breadcrumb":{"@id":"https:\/\/radiolifefm.com.br\/noticias\/mulheres-na-gestao-da-pecuaria-protagonismo-e-forca-no-campo\/#breadcrumb"},"inLanguage":"pt-BR","potentialAction":[{"@type":"ReadAction","target":["https:\/\/radiolifefm.com.br\/noticias\/mulheres-na-gestao-da-pecuaria-protagonismo-e-forca-no-campo\/"]}]},{"@type":"ImageObject","inLanguage":"pt-BR","@id":"https:\/\/radiolifefm.com.br\/noticias\/mulheres-na-gestao-da-pecuaria-protagonismo-e-forca-no-campo\/#primaryimage","url":"https:\/\/radiolifefm.com.br\/noticias\/wp-content\/uploads\/2025\/05\/Marca-dagua-PROSA-DO-CAMPO-15-1.jpg","contentUrl":"https:\/\/radiolifefm.com.br\/noticias\/wp-content\/uploads\/2025\/05\/Marca-dagua-PROSA-DO-CAMPO-15-1.jpg","width":1080,"height":1080},{"@type":"BreadcrumbList","@id":"https:\/\/radiolifefm.com.br\/noticias\/mulheres-na-gestao-da-pecuaria-protagonismo-e-forca-no-campo\/#breadcrumb","itemListElement":[{"@type":"ListItem","position":1,"name":"In\u00edcio","item":"https:\/\/radiolifefm.com.br\/noticias\/"},{"@type":"ListItem","position":2,"name":"Mulheres na gest\u00e3o da pecu\u00e1ria: protagonismo e for\u00e7a no campo"}]},{"@type":"WebSite","@id":"https:\/\/radiolifefm.com.br\/noticias\/#website","url":"https:\/\/radiolifefm.com.br\/noticias\/","name":"R\u00e1dio Life FM","description":"O Portal de Not\u00edcias de Adamantina","publisher":{"@id":"https:\/\/radiolifefm.com.br\/noticias\/#organization"},"alternateName":"Life FM","potentialAction":[{"@type":"SearchAction","target":{"@type":"EntryPoint","urlTemplate":"https:\/\/radiolifefm.com.br\/noticias\/?s={search_term_string}"},"query-input":{"@type":"PropertyValueSpecification","valueRequired":true,"valueName":"search_term_string"}}],"inLanguage":"pt-BR"},{"@type":"Organization","@id":"https:\/\/radiolifefm.com.br\/noticias\/#organization","name":"R\u00e1dio Life FM","alternateName":"Life FM","url":"https:\/\/radiolifefm.com.br\/noticias\/","logo":{"@type":"ImageObject","inLanguage":"pt-BR","@id":"https:\/\/radiolifefm.com.br\/noticias\/#\/schema\/logo\/image\/","url":"https:\/\/static.radiolifefm.com.br\/noticias\/wp-content\/uploads\/2019\/10\/logo-lifefm.png","contentUrl":"https:\/\/static.radiolifefm.com.br\/noticias\/wp-content\/uploads\/2019\/10\/logo-lifefm.png","width":196,"height":47,"caption":"R\u00e1dio Life FM"},"image":{"@id":"https:\/\/radiolifefm.com.br\/noticias\/#\/schema\/logo\/image\/"},"sameAs":["https:\/\/www.facebook.com\/radiolifefm\/","https:\/\/www.instagram.com\/life1079fm\/"]},{"@type":"Person","@id":"https:\/\/radiolifefm.com.br\/noticias\/#\/schema\/person\/6876e1240feffe6e1b63fd5cb85abf28","name":"joaograndao","image":{"@type":"ImageObject","inLanguage":"pt-BR","@id":"https:\/\/secure.gravatar.com\/avatar\/d5b1a3cf357ed9c50404e256a1294083aa8ab5d2a994001567302786016cb32c?s=96&d=mm&r=g","url":"https:\/\/secure.gravatar.com\/avatar\/d5b1a3cf357ed9c50404e256a1294083aa8ab5d2a994001567302786016cb32c?s=96&d=mm&r=g","contentUrl":"https:\/\/secure.gravatar.com\/avatar\/d5b1a3cf357ed9c50404e256a1294083aa8ab5d2a994001567302786016cb32c?s=96&d=mm&r=g","caption":"joaograndao"}}]}},"amp_enabled":true,"_links":{"self":[{"href":"https:\/\/radiolifefm.com.br\/noticias\/wp-json\/wp\/v2\/posts\/101192","targetHints":{"allow":["GET"]}}],"collection":[{"href":"https:\/\/radiolifefm.com.br\/noticias\/wp-json\/wp\/v2\/posts"}],"about":[{"href":"https:\/\/radiolifefm.com.br\/noticias\/wp-json\/wp\/v2\/types\/post"}],"author":[{"embeddable":true,"href":"https:\/\/radiolifefm.com.br\/noticias\/wp-json\/wp\/v2\/users\/8"}],"replies":[{"embeddable":true,"href":"https:\/\/radiolifefm.com.br\/noticias\/wp-json\/wp\/v2\/comments?post=101192"}],"version-history":[{"count":1,"href":"https:\/\/radiolifefm.com.br\/noticias\/wp-json\/wp\/v2\/posts\/101192\/revisions"}],"predecessor-version":[{"id":101203,"href":"https:\/\/radiolifefm.com.br\/noticias\/wp-json\/wp\/v2\/posts\/101192\/revisions\/101203"}],"wp:featuredmedia":[{"embeddable":true,"href":"https:\/\/radiolifefm.com.br\/noticias\/wp-json\/wp\/v2\/media\/101200"}],"wp:attachment":[{"href":"https:\/\/radiolifefm.com.br\/noticias\/wp-json\/wp\/v2\/media?parent=101192"}],"wp:term":[{"taxonomy":"category","embeddable":true,"href":"https:\/\/radiolifefm.com.br\/noticias\/wp-json\/wp\/v2\/categories?post=101192"},{"taxonomy":"post_tag","embeddable":true,"href":"https:\/\/radiolifefm.com.br\/noticias\/wp-json\/wp\/v2\/tags?post=101192"}],"curies":[{"name":"wp","href":"https:\/\/api.w.org\/{rel}","templated":true}]}}