{"id":101184,"date":"2025-05-22T16:09:21","date_gmt":"2025-05-22T19:09:21","guid":{"rendered":"https:\/\/radiolifefm.com.br\/noticias\/?p=101184"},"modified":"2026-04-03T08:18:08","modified_gmt":"2026-04-03T11:18:08","slug":"feirao-imperdivel-da-fiat-30-carros-com-condicoes-exclusivas","status":"publish","type":"post","link":"https:\/\/radiolifefm.com.br\/noticias\/feirao-imperdivel-da-fiat-30-carros-com-condicoes-exclusivas\/","title":{"rendered":"Feir\u00e3o imperd\u00edvel da Fiat: 30 carros com condi\u00e7\u00f5es exclusivas"},"content":{"rendered":"<div id=\"fb-root\"><\/div>\n<p class=\"\" data-start=\"343\" data-end=\"616\">No Jornal do Meio-Dia de quarta-feira, o gerente de vendas da Fiat Alpavel, Rodrigo Gimenes Barros, falou sobre uma campanha especial que promete movimentar o mercado autom\u00f3vel da regi\u00e3o: um feir\u00e3o com 30 ve\u00edculos em condi\u00e7\u00f5es exclusivas e pre\u00e7os abaixo do mercado.<\/p>\n<p data-start=\"343\" data-end=\"616\"><img loading=\"lazy\" decoding=\"async\" class=\"alignnone size-full wp-image-101279\" src=\"https:\/\/static.radiolifefm.com.br\/noticias\/wp-content\/uploads\/2025\/05\/2e7271f5-64d6-429b-9a6c-18215b9d1cce.jpeg\" alt=\"\" width=\"200\" height=\"200\" srcset=\"https:\/\/radiolifefm.com.br\/noticias\/wp-content\/uploads\/2025\/05\/2e7271f5-64d6-429b-9a6c-18215b9d1cce.jpeg 200w, https:\/\/radiolifefm.com.br\/noticias\/wp-content\/uploads\/2025\/05\/2e7271f5-64d6-429b-9a6c-18215b9d1cce-150x150.jpeg 150w, https:\/\/radiolifefm.com.br\/noticias\/wp-content\/uploads\/2025\/05\/2e7271f5-64d6-429b-9a6c-18215b9d1cce-250x250.jpeg 250w, https:\/\/radiolifefm.com.br\/noticias\/wp-content\/uploads\/2025\/05\/2e7271f5-64d6-429b-9a6c-18215b9d1cce-500x500.jpeg 500w, https:\/\/radiolifefm.com.br\/noticias\/wp-content\/uploads\/2025\/05\/2e7271f5-64d6-429b-9a6c-18215b9d1cce-700x700.jpeg 700w\" sizes=\"auto, (max-width: 200px) 100vw, 200px\" \/><\/p>\n<p class=\"\" data-start=\"618\" data-end=\"888\">Durante a entrevista, Rodrigo destacou que esta \u00e9 uma oportunidade \u00fanica para quem procura trocar de carro ainda este m\u00eas. \u201cS\u00e3o ofertas realmente diferenciadas, com facilidades de pagamento, op\u00e7\u00f5es de financiamento e aceita\u00e7\u00e3o de usados como entrada\u201d, afirmou o gerente.<\/p>\n<p data-start=\"618\" data-end=\"888\"><img loading=\"lazy\" decoding=\"async\" class=\"alignnone size-full wp-image-101281\" src=\"https:\/\/static.radiolifefm.com.br\/noticias\/wp-content\/uploads\/2025\/05\/b0306962-d29e-4da5-98c7-7836161051d0.jpeg\" alt=\"\" width=\"200\" height=\"200\" srcset=\"https:\/\/radiolifefm.com.br\/noticias\/wp-content\/uploads\/2025\/05\/b0306962-d29e-4da5-98c7-7836161051d0.jpeg 200w, https:\/\/radiolifefm.com.br\/noticias\/wp-content\/uploads\/2025\/05\/b0306962-d29e-4da5-98c7-7836161051d0-150x150.jpeg 150w, https:\/\/radiolifefm.com.br\/noticias\/wp-content\/uploads\/2025\/05\/b0306962-d29e-4da5-98c7-7836161051d0-250x250.jpeg 250w, https:\/\/radiolifefm.com.br\/noticias\/wp-content\/uploads\/2025\/05\/b0306962-d29e-4da5-98c7-7836161051d0-500x500.jpeg 500w, https:\/\/radiolifefm.com.br\/noticias\/wp-content\/uploads\/2025\/05\/b0306962-d29e-4da5-98c7-7836161051d0-700x700.jpeg 700w\" sizes=\"auto, (max-width: 200px) 100vw, 200px\" \/> <img loading=\"lazy\" decoding=\"async\" class=\"alignnone size-medium wp-image-101282\" src=\"https:\/\/static.radiolifefm.com.br\/noticias\/wp-content\/uploads\/2025\/05\/1c060caa-3b93-4d62-ae31-7bdf630e304f.jpeg\" alt=\"\" width=\"200\" height=\"200\" srcset=\"https:\/\/radiolifefm.com.br\/noticias\/wp-content\/uploads\/2025\/05\/1c060caa-3b93-4d62-ae31-7bdf630e304f.jpeg 200w, https:\/\/radiolifefm.com.br\/noticias\/wp-content\/uploads\/2025\/05\/1c060caa-3b93-4d62-ae31-7bdf630e304f-150x150.jpeg 150w, https:\/\/radiolifefm.com.br\/noticias\/wp-content\/uploads\/2025\/05\/1c060caa-3b93-4d62-ae31-7bdf630e304f-250x250.jpeg 250w, https:\/\/radiolifefm.com.br\/noticias\/wp-content\/uploads\/2025\/05\/1c060caa-3b93-4d62-ae31-7bdf630e304f-500x500.jpeg 500w, https:\/\/radiolifefm.com.br\/noticias\/wp-content\/uploads\/2025\/05\/1c060caa-3b93-4d62-ae31-7bdf630e304f-700x700.jpeg 700w\" sizes=\"auto, (max-width: 200px) 100vw, 200px\" \/><\/p>\n<p class=\"\" data-start=\"890\" data-end=\"1177\">Al\u00e9m das ofertas, Rodrigo falou sobre a trajet\u00f3ria da concession\u00e1ria, a rela\u00e7\u00e3o pr\u00f3xima com os clientes e o apoio cont\u00ednuo da marca Fiat.<\/p>\n<p data-start=\"890\" data-end=\"1177\"><img loading=\"lazy\" decoding=\"async\" class=\"alignnone size-full wp-image-101283\" src=\"https:\/\/static.radiolifefm.com.br\/noticias\/wp-content\/uploads\/2025\/05\/af585fe5-1080-42f6-8dae-3cb04b475d24.jpeg\" alt=\"\" width=\"200\" height=\"200\" srcset=\"https:\/\/radiolifefm.com.br\/noticias\/wp-content\/uploads\/2025\/05\/af585fe5-1080-42f6-8dae-3cb04b475d24.jpeg 200w, https:\/\/radiolifefm.com.br\/noticias\/wp-content\/uploads\/2025\/05\/af585fe5-1080-42f6-8dae-3cb04b475d24-150x150.jpeg 150w, https:\/\/radiolifefm.com.br\/noticias\/wp-content\/uploads\/2025\/05\/af585fe5-1080-42f6-8dae-3cb04b475d24-250x250.jpeg 250w, https:\/\/radiolifefm.com.br\/noticias\/wp-content\/uploads\/2025\/05\/af585fe5-1080-42f6-8dae-3cb04b475d24-500x500.jpeg 500w, https:\/\/radiolifefm.com.br\/noticias\/wp-content\/uploads\/2025\/05\/af585fe5-1080-42f6-8dae-3cb04b475d24-700x700.jpeg 700w\" sizes=\"auto, (max-width: 200px) 100vw, 200px\" \/><\/p>\n<p class=\"\" data-start=\"890\" data-end=\"1177\">Confira a entrevista completa e saiba tudo sobre essa excelente oportunidade de trocar de carro!<\/p>\n<p><iframe loading=\"lazy\" title=\"21\/05, o Jornal do Meio-Dia recebe Rodrigo Gimenes Barros, Gerente de vendas\" width=\"500\" height=\"281\" src=\"https:\/\/www.youtube.com\/embed\/fN4IaXI8id4?feature=oembed\" frameborder=\"0\" allow=\"accelerometer; autoplay; clipboard-write; encrypted-media; gyroscope; picture-in-picture; web-share\" referrerpolicy=\"strict-origin-when-cross-origin\" allowfullscreen><\/iframe><\/p>\n","protected":false},"excerpt":{"rendered":"<p>No Jornal do Meio-Dia de quarta-feira, o gerente de vendas da Fiat Alpavel, Rodrigo Gimenes Barros, falou sobre uma campanha especial que promete movimentar o mercado autom\u00f3vel da regi\u00e3o: um feir\u00e3o com 30 ve\u00edculos em condi\u00e7\u00f5es exclusivas e pre\u00e7os abaixo do mercado. Durante a entrevista, Rodrigo destacou que esta \u00e9 uma oportunidade \u00fanica para quem [&hellip;]<\/p>\n","protected":false},"author":15,"featured_media":101321,"comment_status":"closed","ping_status":"open","sticky":false,"template":"","format":"standard","meta":{"_acf_changed":false,"_exactmetrics_skip_tracking":false,"_exactmetrics_sitenote_active":false,"_exactmetrics_sitenote_note":"","_exactmetrics_sitenote_category":0,"footnotes":""},"categories":[1,2],"tags":[],"class_list":["post-101184","post","type-post","status-publish","format-standard","has-post-thumbnail","hentry","category-geral","category-jornal-do-meio-dia"],"acf":[],"yoast_head":"<!-- This site is optimized with the Yoast SEO plugin v27.2 - https:\/\/yoast.com\/product\/yoast-seo-wordpress\/ -->\n<title>Feir\u00e3o imperd\u00edvel da Fiat: 30 carros com condi\u00e7\u00f5es exclusivas - R\u00e1dio Life FM<\/title>\n<meta name=\"robots\" content=\"index, follow, max-snippet:-1, max-image-preview:large, max-video-preview:-1\" \/>\n<link rel=\"canonical\" href=\"https:\/\/radiolifefm.com.br\/noticias\/feirao-imperdivel-da-fiat-30-carros-com-condicoes-exclusivas\/\" \/>\n<meta property=\"og:locale\" content=\"pt_BR\" \/>\n<meta property=\"og:type\" content=\"article\" \/>\n<meta property=\"og:title\" content=\"Feir\u00e3o imperd\u00edvel da Fiat: 30 carros com condi\u00e7\u00f5es exclusivas - R\u00e1dio Life FM\" \/>\n<meta property=\"og:description\" content=\"No Jornal do Meio-Dia de quarta-feira, o gerente de vendas da Fiat Alpavel, Rodrigo Gimenes Barros, falou sobre uma campanha especial que promete movimentar o mercado autom\u00f3vel da regi\u00e3o: um feir\u00e3o com 30 ve\u00edculos em condi\u00e7\u00f5es exclusivas e pre\u00e7os abaixo do mercado. Durante a entrevista, Rodrigo destacou que esta \u00e9 uma oportunidade \u00fanica para quem [&hellip;]\" \/>\n<meta property=\"og:url\" content=\"https:\/\/radiolifefm.com.br\/noticias\/feirao-imperdivel-da-fiat-30-carros-com-condicoes-exclusivas\/\" \/>\n<meta property=\"og:site_name\" content=\"R\u00e1dio Life FM\" \/>\n<meta property=\"article:publisher\" content=\"https:\/\/www.facebook.com\/radiolifefm\/\" \/>\n<meta property=\"article:published_time\" content=\"2025-05-22T19:09:21+00:00\" \/>\n<meta property=\"article:modified_time\" content=\"2026-04-03T11:18:08+00:00\" \/>\n<meta property=\"og:image\" content=\"https:\/\/radiolifefm.com.br\/noticias\/wp-content\/uploads\/2025\/05\/WhatsApp-Image-2025-05-22-at-13.13.47-3-e1748025128865.jpeg\" \/>\n\t<meta property=\"og:image:width\" content=\"1600\" \/>\n\t<meta property=\"og:image:height\" content=\"925\" \/>\n\t<meta property=\"og:image:type\" content=\"image\/jpeg\" \/>\n<meta name=\"author\" content=\"J\u00e9ssica Nakadaira\" \/>\n<meta name=\"twitter:card\" content=\"summary_large_image\" \/>\n<meta name=\"twitter:label1\" content=\"Escrito por\" \/>\n\t<meta name=\"twitter:data1\" content=\"J\u00e9ssica Nakadaira\" \/>\n\t<meta name=\"twitter:label2\" content=\"Est. tempo de leitura\" \/>\n\t<meta name=\"twitter:data2\" content=\"2 minutos\" \/>\n<script type=\"application\/ld+json\" class=\"yoast-schema-graph\">{\"@context\":\"https:\/\/schema.org\",\"@graph\":[{\"@type\":\"Article\",\"@id\":\"https:\/\/radiolifefm.com.br\/noticias\/feirao-imperdivel-da-fiat-30-carros-com-condicoes-exclusivas\/#article\",\"isPartOf\":{\"@id\":\"https:\/\/radiolifefm.com.br\/noticias\/feirao-imperdivel-da-fiat-30-carros-com-condicoes-exclusivas\/\"},\"author\":{\"name\":\"J\u00e9ssica Nakadaira\",\"@id\":\"https:\/\/radiolifefm.com.br\/noticias\/#\/schema\/person\/4af6fff3068bd0b8dfd1ed7704759f26\"},\"headline\":\"Feir\u00e3o imperd\u00edvel da Fiat: 30 carros com condi\u00e7\u00f5es exclusivas\",\"datePublished\":\"2025-05-22T19:09:21+00:00\",\"dateModified\":\"2026-04-03T11:18:08+00:00\",\"mainEntityOfPage\":{\"@id\":\"https:\/\/radiolifefm.com.br\/noticias\/feirao-imperdivel-da-fiat-30-carros-com-condicoes-exclusivas\/\"},\"wordCount\":156,\"publisher\":{\"@id\":\"https:\/\/radiolifefm.com.br\/noticias\/#organization\"},\"image\":{\"@id\":\"https:\/\/radiolifefm.com.br\/noticias\/feirao-imperdivel-da-fiat-30-carros-com-condicoes-exclusivas\/#primaryimage\"},\"thumbnailUrl\":\"https:\/\/radiolifefm.com.br\/noticias\/wp-content\/uploads\/2025\/05\/WhatsApp-Image-2025-05-22-at-13.13.47-3-e1748025128865.jpeg\",\"articleSection\":[\"Geral\",\"Jornal das 12h\"],\"inLanguage\":\"pt-BR\"},{\"@type\":\"WebPage\",\"@id\":\"https:\/\/radiolifefm.com.br\/noticias\/feirao-imperdivel-da-fiat-30-carros-com-condicoes-exclusivas\/\",\"url\":\"https:\/\/radiolifefm.com.br\/noticias\/feirao-imperdivel-da-fiat-30-carros-com-condicoes-exclusivas\/\",\"name\":\"Feir\u00e3o imperd\u00edvel da Fiat: 30 carros com condi\u00e7\u00f5es exclusivas - R\u00e1dio Life FM\",\"isPartOf\":{\"@id\":\"https:\/\/radiolifefm.com.br\/noticias\/#website\"},\"primaryImageOfPage\":{\"@id\":\"https:\/\/radiolifefm.com.br\/noticias\/feirao-imperdivel-da-fiat-30-carros-com-condicoes-exclusivas\/#primaryimage\"},\"image\":{\"@id\":\"https:\/\/radiolifefm.com.br\/noticias\/feirao-imperdivel-da-fiat-30-carros-com-condicoes-exclusivas\/#primaryimage\"},\"thumbnailUrl\":\"https:\/\/radiolifefm.com.br\/noticias\/wp-content\/uploads\/2025\/05\/WhatsApp-Image-2025-05-22-at-13.13.47-3-e1748025128865.jpeg\",\"datePublished\":\"2025-05-22T19:09:21+00:00\",\"dateModified\":\"2026-04-03T11:18:08+00:00\",\"breadcrumb\":{\"@id\":\"https:\/\/radiolifefm.com.br\/noticias\/feirao-imperdivel-da-fiat-30-carros-com-condicoes-exclusivas\/#breadcrumb\"},\"inLanguage\":\"pt-BR\",\"potentialAction\":[{\"@type\":\"ReadAction\",\"target\":[\"https:\/\/radiolifefm.com.br\/noticias\/feirao-imperdivel-da-fiat-30-carros-com-condicoes-exclusivas\/\"]}]},{\"@type\":\"ImageObject\",\"inLanguage\":\"pt-BR\",\"@id\":\"https:\/\/radiolifefm.com.br\/noticias\/feirao-imperdivel-da-fiat-30-carros-com-condicoes-exclusivas\/#primaryimage\",\"url\":\"https:\/\/radiolifefm.com.br\/noticias\/wp-content\/uploads\/2025\/05\/WhatsApp-Image-2025-05-22-at-13.13.47-3-e1748025128865.jpeg\",\"contentUrl\":\"https:\/\/radiolifefm.com.br\/noticias\/wp-content\/uploads\/2025\/05\/WhatsApp-Image-2025-05-22-at-13.13.47-3-e1748025128865.jpeg\",\"width\":1600,\"height\":925},{\"@type\":\"BreadcrumbList\",\"@id\":\"https:\/\/radiolifefm.com.br\/noticias\/feirao-imperdivel-da-fiat-30-carros-com-condicoes-exclusivas\/#breadcrumb\",\"itemListElement\":[{\"@type\":\"ListItem\",\"position\":1,\"name\":\"In\u00edcio\",\"item\":\"https:\/\/radiolifefm.com.br\/noticias\/\"},{\"@type\":\"ListItem\",\"position\":2,\"name\":\"Feir\u00e3o imperd\u00edvel da Fiat: 30 carros com condi\u00e7\u00f5es exclusivas\"}]},{\"@type\":\"WebSite\",\"@id\":\"https:\/\/radiolifefm.com.br\/noticias\/#website\",\"url\":\"https:\/\/radiolifefm.com.br\/noticias\/\",\"name\":\"R\u00e1dio Life FM\",\"description\":\"O Portal de Not\u00edcias de Adamantina\",\"publisher\":{\"@id\":\"https:\/\/radiolifefm.com.br\/noticias\/#organization\"},\"alternateName\":\"Life FM\",\"potentialAction\":[{\"@type\":\"SearchAction\",\"target\":{\"@type\":\"EntryPoint\",\"urlTemplate\":\"https:\/\/radiolifefm.com.br\/noticias\/?s={search_term_string}\"},\"query-input\":{\"@type\":\"PropertyValueSpecification\",\"valueRequired\":true,\"valueName\":\"search_term_string\"}}],\"inLanguage\":\"pt-BR\"},{\"@type\":\"Organization\",\"@id\":\"https:\/\/radiolifefm.com.br\/noticias\/#organization\",\"name\":\"R\u00e1dio Life FM\",\"alternateName\":\"Life FM\",\"url\":\"https:\/\/radiolifefm.com.br\/noticias\/\",\"logo\":{\"@type\":\"ImageObject\",\"inLanguage\":\"pt-BR\",\"@id\":\"https:\/\/radiolifefm.com.br\/noticias\/#\/schema\/logo\/image\/\",\"url\":\"https:\/\/static.radiolifefm.com.br\/noticias\/wp-content\/uploads\/2019\/10\/logo-lifefm.png\",\"contentUrl\":\"https:\/\/static.radiolifefm.com.br\/noticias\/wp-content\/uploads\/2019\/10\/logo-lifefm.png\",\"width\":196,\"height\":47,\"caption\":\"R\u00e1dio Life FM\"},\"image\":{\"@id\":\"https:\/\/radiolifefm.com.br\/noticias\/#\/schema\/logo\/image\/\"},\"sameAs\":[\"https:\/\/www.facebook.com\/radiolifefm\/\",\"https:\/\/www.instagram.com\/life1079fm\/\"]},{\"@type\":\"Person\",\"@id\":\"https:\/\/radiolifefm.com.br\/noticias\/#\/schema\/person\/4af6fff3068bd0b8dfd1ed7704759f26\",\"name\":\"J\u00e9ssica Nakadaira\",\"image\":{\"@type\":\"ImageObject\",\"inLanguage\":\"pt-BR\",\"@id\":\"https:\/\/secure.gravatar.com\/avatar\/8a68115ef30ace340d64293ad9830cfc0a2137ae5a0378e0239504221ef693f5?s=96&d=mm&r=g\",\"url\":\"https:\/\/secure.gravatar.com\/avatar\/8a68115ef30ace340d64293ad9830cfc0a2137ae5a0378e0239504221ef693f5?s=96&d=mm&r=g\",\"contentUrl\":\"https:\/\/secure.gravatar.com\/avatar\/8a68115ef30ace340d64293ad9830cfc0a2137ae5a0378e0239504221ef693f5?s=96&d=mm&r=g\",\"caption\":\"J\u00e9ssica Nakadaira\"}}]}<\/script>\n<!-- \/ Yoast SEO plugin. -->","yoast_head_json":{"title":"Feir\u00e3o imperd\u00edvel da Fiat: 30 carros com condi\u00e7\u00f5es exclusivas - R\u00e1dio Life FM","robots":{"index":"index","follow":"follow","max-snippet":"max-snippet:-1","max-image-preview":"max-image-preview:large","max-video-preview":"max-video-preview:-1"},"canonical":"https:\/\/radiolifefm.com.br\/noticias\/feirao-imperdivel-da-fiat-30-carros-com-condicoes-exclusivas\/","og_locale":"pt_BR","og_type":"article","og_title":"Feir\u00e3o imperd\u00edvel da Fiat: 30 carros com condi\u00e7\u00f5es exclusivas - R\u00e1dio Life FM","og_description":"No Jornal do Meio-Dia de quarta-feira, o gerente de vendas da Fiat Alpavel, Rodrigo Gimenes Barros, falou sobre uma campanha especial que promete movimentar o mercado autom\u00f3vel da regi\u00e3o: um feir\u00e3o com 30 ve\u00edculos em condi\u00e7\u00f5es exclusivas e pre\u00e7os abaixo do mercado. Durante a entrevista, Rodrigo destacou que esta \u00e9 uma oportunidade \u00fanica para quem [&hellip;]","og_url":"https:\/\/radiolifefm.com.br\/noticias\/feirao-imperdivel-da-fiat-30-carros-com-condicoes-exclusivas\/","og_site_name":"R\u00e1dio Life FM","article_publisher":"https:\/\/www.facebook.com\/radiolifefm\/","article_published_time":"2025-05-22T19:09:21+00:00","article_modified_time":"2026-04-03T11:18:08+00:00","og_image":[{"width":1600,"height":925,"url":"https:\/\/radiolifefm.com.br\/noticias\/wp-content\/uploads\/2025\/05\/WhatsApp-Image-2025-05-22-at-13.13.47-3-e1748025128865.jpeg","type":"image\/jpeg"}],"author":"J\u00e9ssica Nakadaira","twitter_card":"summary_large_image","twitter_misc":{"Escrito por":"J\u00e9ssica Nakadaira","Est. tempo de leitura":"2 minutos"},"schema":{"@context":"https:\/\/schema.org","@graph":[{"@type":"Article","@id":"https:\/\/radiolifefm.com.br\/noticias\/feirao-imperdivel-da-fiat-30-carros-com-condicoes-exclusivas\/#article","isPartOf":{"@id":"https:\/\/radiolifefm.com.br\/noticias\/feirao-imperdivel-da-fiat-30-carros-com-condicoes-exclusivas\/"},"author":{"name":"J\u00e9ssica Nakadaira","@id":"https:\/\/radiolifefm.com.br\/noticias\/#\/schema\/person\/4af6fff3068bd0b8dfd1ed7704759f26"},"headline":"Feir\u00e3o imperd\u00edvel da Fiat: 30 carros com condi\u00e7\u00f5es exclusivas","datePublished":"2025-05-22T19:09:21+00:00","dateModified":"2026-04-03T11:18:08+00:00","mainEntityOfPage":{"@id":"https:\/\/radiolifefm.com.br\/noticias\/feirao-imperdivel-da-fiat-30-carros-com-condicoes-exclusivas\/"},"wordCount":156,"publisher":{"@id":"https:\/\/radiolifefm.com.br\/noticias\/#organization"},"image":{"@id":"https:\/\/radiolifefm.com.br\/noticias\/feirao-imperdivel-da-fiat-30-carros-com-condicoes-exclusivas\/#primaryimage"},"thumbnailUrl":"https:\/\/radiolifefm.com.br\/noticias\/wp-content\/uploads\/2025\/05\/WhatsApp-Image-2025-05-22-at-13.13.47-3-e1748025128865.jpeg","articleSection":["Geral","Jornal das 12h"],"inLanguage":"pt-BR"},{"@type":"WebPage","@id":"https:\/\/radiolifefm.com.br\/noticias\/feirao-imperdivel-da-fiat-30-carros-com-condicoes-exclusivas\/","url":"https:\/\/radiolifefm.com.br\/noticias\/feirao-imperdivel-da-fiat-30-carros-com-condicoes-exclusivas\/","name":"Feir\u00e3o imperd\u00edvel da Fiat: 30 carros com condi\u00e7\u00f5es exclusivas - R\u00e1dio Life FM","isPartOf":{"@id":"https:\/\/radiolifefm.com.br\/noticias\/#website"},"primaryImageOfPage":{"@id":"https:\/\/radiolifefm.com.br\/noticias\/feirao-imperdivel-da-fiat-30-carros-com-condicoes-exclusivas\/#primaryimage"},"image":{"@id":"https:\/\/radiolifefm.com.br\/noticias\/feirao-imperdivel-da-fiat-30-carros-com-condicoes-exclusivas\/#primaryimage"},"thumbnailUrl":"https:\/\/radiolifefm.com.br\/noticias\/wp-content\/uploads\/2025\/05\/WhatsApp-Image-2025-05-22-at-13.13.47-3-e1748025128865.jpeg","datePublished":"2025-05-22T19:09:21+00:00","dateModified":"2026-04-03T11:18:08+00:00","breadcrumb":{"@id":"https:\/\/radiolifefm.com.br\/noticias\/feirao-imperdivel-da-fiat-30-carros-com-condicoes-exclusivas\/#breadcrumb"},"inLanguage":"pt-BR","potentialAction":[{"@type":"ReadAction","target":["https:\/\/radiolifefm.com.br\/noticias\/feirao-imperdivel-da-fiat-30-carros-com-condicoes-exclusivas\/"]}]},{"@type":"ImageObject","inLanguage":"pt-BR","@id":"https:\/\/radiolifefm.com.br\/noticias\/feirao-imperdivel-da-fiat-30-carros-com-condicoes-exclusivas\/#primaryimage","url":"https:\/\/radiolifefm.com.br\/noticias\/wp-content\/uploads\/2025\/05\/WhatsApp-Image-2025-05-22-at-13.13.47-3-e1748025128865.jpeg","contentUrl":"https:\/\/radiolifefm.com.br\/noticias\/wp-content\/uploads\/2025\/05\/WhatsApp-Image-2025-05-22-at-13.13.47-3-e1748025128865.jpeg","width":1600,"height":925},{"@type":"BreadcrumbList","@id":"https:\/\/radiolifefm.com.br\/noticias\/feirao-imperdivel-da-fiat-30-carros-com-condicoes-exclusivas\/#breadcrumb","itemListElement":[{"@type":"ListItem","position":1,"name":"In\u00edcio","item":"https:\/\/radiolifefm.com.br\/noticias\/"},{"@type":"ListItem","position":2,"name":"Feir\u00e3o imperd\u00edvel da Fiat: 30 carros com condi\u00e7\u00f5es exclusivas"}]},{"@type":"WebSite","@id":"https:\/\/radiolifefm.com.br\/noticias\/#website","url":"https:\/\/radiolifefm.com.br\/noticias\/","name":"R\u00e1dio Life FM","description":"O Portal de Not\u00edcias de Adamantina","publisher":{"@id":"https:\/\/radiolifefm.com.br\/noticias\/#organization"},"alternateName":"Life FM","potentialAction":[{"@type":"SearchAction","target":{"@type":"EntryPoint","urlTemplate":"https:\/\/radiolifefm.com.br\/noticias\/?s={search_term_string}"},"query-input":{"@type":"PropertyValueSpecification","valueRequired":true,"valueName":"search_term_string"}}],"inLanguage":"pt-BR"},{"@type":"Organization","@id":"https:\/\/radiolifefm.com.br\/noticias\/#organization","name":"R\u00e1dio Life FM","alternateName":"Life FM","url":"https:\/\/radiolifefm.com.br\/noticias\/","logo":{"@type":"ImageObject","inLanguage":"pt-BR","@id":"https:\/\/radiolifefm.com.br\/noticias\/#\/schema\/logo\/image\/","url":"https:\/\/static.radiolifefm.com.br\/noticias\/wp-content\/uploads\/2019\/10\/logo-lifefm.png","contentUrl":"https:\/\/static.radiolifefm.com.br\/noticias\/wp-content\/uploads\/2019\/10\/logo-lifefm.png","width":196,"height":47,"caption":"R\u00e1dio Life FM"},"image":{"@id":"https:\/\/radiolifefm.com.br\/noticias\/#\/schema\/logo\/image\/"},"sameAs":["https:\/\/www.facebook.com\/radiolifefm\/","https:\/\/www.instagram.com\/life1079fm\/"]},{"@type":"Person","@id":"https:\/\/radiolifefm.com.br\/noticias\/#\/schema\/person\/4af6fff3068bd0b8dfd1ed7704759f26","name":"J\u00e9ssica Nakadaira","image":{"@type":"ImageObject","inLanguage":"pt-BR","@id":"https:\/\/secure.gravatar.com\/avatar\/8a68115ef30ace340d64293ad9830cfc0a2137ae5a0378e0239504221ef693f5?s=96&d=mm&r=g","url":"https:\/\/secure.gravatar.com\/avatar\/8a68115ef30ace340d64293ad9830cfc0a2137ae5a0378e0239504221ef693f5?s=96&d=mm&r=g","contentUrl":"https:\/\/secure.gravatar.com\/avatar\/8a68115ef30ace340d64293ad9830cfc0a2137ae5a0378e0239504221ef693f5?s=96&d=mm&r=g","caption":"J\u00e9ssica Nakadaira"}}]}},"amp_enabled":true,"_links":{"self":[{"href":"https:\/\/radiolifefm.com.br\/noticias\/wp-json\/wp\/v2\/posts\/101184","targetHints":{"allow":["GET"]}}],"collection":[{"href":"https:\/\/radiolifefm.com.br\/noticias\/wp-json\/wp\/v2\/posts"}],"about":[{"href":"https:\/\/radiolifefm.com.br\/noticias\/wp-json\/wp\/v2\/types\/post"}],"author":[{"embeddable":true,"href":"https:\/\/radiolifefm.com.br\/noticias\/wp-json\/wp\/v2\/users\/15"}],"replies":[{"embeddable":true,"href":"https:\/\/radiolifefm.com.br\/noticias\/wp-json\/wp\/v2\/comments?post=101184"}],"version-history":[{"count":2,"href":"https:\/\/radiolifefm.com.br\/noticias\/wp-json\/wp\/v2\/posts\/101184\/revisions"}],"predecessor-version":[{"id":101284,"href":"https:\/\/radiolifefm.com.br\/noticias\/wp-json\/wp\/v2\/posts\/101184\/revisions\/101284"}],"wp:featuredmedia":[{"embeddable":true,"href":"https:\/\/radiolifefm.com.br\/noticias\/wp-json\/wp\/v2\/media\/101321"}],"wp:attachment":[{"href":"https:\/\/radiolifefm.com.br\/noticias\/wp-json\/wp\/v2\/media?parent=101184"}],"wp:term":[{"taxonomy":"category","embeddable":true,"href":"https:\/\/radiolifefm.com.br\/noticias\/wp-json\/wp\/v2\/categories?post=101184"},{"taxonomy":"post_tag","embeddable":true,"href":"https:\/\/radiolifefm.com.br\/noticias\/wp-json\/wp\/v2\/tags?post=101184"}],"curies":[{"name":"wp","href":"https:\/\/api.w.org\/{rel}","templated":true}]}}