{"id":101166,"date":"2025-05-21T08:54:38","date_gmt":"2025-05-21T11:54:38","guid":{"rendered":"https:\/\/radiolifefm.com.br\/noticias\/?p=101166"},"modified":"2026-03-27T09:46:43","modified_gmt":"2026-03-27T12:46:43","slug":"planeta-midia-em-nivel-glocal-conhecimento-e-qualificacao","status":"publish","type":"post","link":"https:\/\/radiolifefm.com.br\/noticias\/planeta-midia-em-nivel-glocal-conhecimento-e-qualificacao\/","title":{"rendered":"PLANETA \u201cM\u00cdDIA\u201d EM N\u00cdVEL GLOCAL: CONHECIMENTO E QUALIFICA\u00c7\u00c3O!"},"content":{"rendered":"<div id=\"fb-root\"><\/div>\n<p><strong><em>\u00a0\u201cExcursusque breves tentat<\/em><\/strong> <strong>(1)<\/strong><strong><em>\u201d. <\/em><\/strong><strong>(Montaigne)<\/strong><\/p>\n<p><strong><em>S\u00e9rgio Barbosa (*).<\/em><\/strong><\/p>\n<p><em>\u00a0<\/em><\/p>\n<p>A busca pelo saber dever ser uma constante, em todos os n\u00edveis, levando-se em conta as novas exig\u00eancias do mercado mundial em tempo de IA- INTELG\u00caNCIA ARTIFICIAL (sic), ainda, quando tudo e todos\/as est\u00e3o avan\u00e7ando para o DESCONHECIDO e ponto quase final&#8230;<\/p>\n<p>\u00c9 imposs\u00edvel estar alheio aos acontecimentos que chegam pelo PLANETA M\u00cdDIA em meio \u00e0s \u201cmudan\u00e7as\u201d que est\u00e3o ocorrendo em v\u00e1rias partes do mundo, desta forma, \u00e9 fundamental estar \u201cem dia com as not\u00edcias\u201d em geral que atropelam todos os processos midi\u00e1ticos e digitais&#8230;<\/p>\n<p>Tais informa\u00e7\u00f5es em excesso, acabam causando em um primeiro momento, INDIGNA\u00c7\u00c3O e depois, DESESPERAN\u00c7A quanto ao FUTURO neste TEMPO NOVO TEMPO que se chama hoje&#8230;<\/p>\n<p>N\u00e3o se pode mais ficar na espera dos acontecimentos, hoje, o importante \u00e9 estar em meio aos acontecimentos do cotidiano, mesmo os mais simplistas reconhecem o valor da presen\u00e7a \u201cin loco\u201d, afinal, s\u00e3o os fatos que determinam as rea\u00e7\u00f5es, ainda, nas \u00e1reas PESSOAL e PROFISSIONAL&#8230;<\/p>\n<p>Os grandes ideais est\u00e3o distantes das pessoas, pois os novos tempos acabam determinando os passos do presente e projetando um futuro com \u201ccartas marcadas\u201d para a maioria das pessoas que se consideram SIMPLES MORTAIS&#8230;<\/p>\n<p>Neste contexto, cada qual, ainda, do seu jeito de SER e ESTAR, tem mais do que OBRIGA\u00c7\u00c3O de estar buscando constantemente a QUALFICA\u00c7\u00c3O por meio do APERFEI\u00c7OAMENTO em todos os n\u00edveis do CONHECIMENTO, tendo em vista que a IA continua em constante desenvolvimento em tempo de P\u00d3S-GLOBALIZA\u00c7\u00c3O DIGITAL&#8230;<\/p>\n<p>Os denominados PARADIGMAS em n\u00edvel ORGANIZACIONAL est\u00e3o em todas as \u00e1reas do MERCADO, haja vista as CONEX\u00d5ES DIGITAIS mediadas e patrocinadas pelas PLATAFORMAS MIDI\u00c1TICAS&#8230;<\/p>\n<p>\u00c9 o FUTURO no PRESENTE sem muitas conex\u00f5es com o PASSADO que se perdeu naquele outro TEMPO deste TEMPO, portanto, neste PLANETA M\u00cdDIA, registra-se aquele velho dito popular que diz, a saber: SE FICAR, O BICHO COME, SE CORRER, O BICHO PEGA&#8230;<\/p>\n<p>Ainda, em n\u00edvel GLOCAL, ou seja, do GLOBAL para o LOCAL com as respectivas MEDIA\u00c7\u00d5ES para muitos DESENCONTROS em todas as \u00e1reas do conhecimento humano&#8230;<\/p>\n<p><strong>_____________________<\/strong><\/p>\n<ul>\n<li><strong>Tradu\u00e7\u00e3o do Latim: <\/strong><em>\u201cEmpreendendo breves excurs\u00f5es.\u201d<\/em><\/li>\n<\/ul>\n<p><strong><em>(*) jornalista profissional diplomado.<\/em><\/strong><\/p>\n<p><strong>E-<em>MAIL: <a href=\"mailto:barbosa.sebar@gmail.com\">barbosa.sebar@gmail.com<\/a><\/em><\/strong><\/p>\n<p><em>\u00a0<\/em><\/p>\n","protected":false},"excerpt":{"rendered":"<p>\u00a0\u201cExcursusque breves tentat (1)\u201d. (Montaigne) S\u00e9rgio Barbosa (*). \u00a0 A busca pelo saber dever ser uma constante, em todos os n\u00edveis, levando-se em conta as novas exig\u00eancias do mercado mundial em tempo de IA- INTELG\u00caNCIA ARTIFICIAL (sic), ainda, quando tudo e todos\/as est\u00e3o avan\u00e7ando para o DESCONHECIDO e ponto quase final&#8230; \u00c9 imposs\u00edvel estar alheio [&hellip;]<\/p>\n","protected":false},"author":13,"featured_media":51988,"comment_status":"closed","ping_status":"open","sticky":false,"template":"","format":"standard","meta":{"_acf_changed":false,"_exactmetrics_skip_tracking":false,"_exactmetrics_sitenote_active":false,"_exactmetrics_sitenote_note":"","_exactmetrics_sitenote_category":0,"footnotes":""},"categories":[59],"tags":[],"class_list":["post-101166","post","type-post","status-publish","format-standard","has-post-thumbnail","hentry","category-opiniao"],"acf":[],"yoast_head":"<!-- This site is optimized with the Yoast SEO plugin v27.2 - https:\/\/yoast.com\/product\/yoast-seo-wordpress\/ -->\n<title>PLANETA \u201cM\u00cdDIA\u201d EM N\u00cdVEL GLOCAL: CONHECIMENTO E QUALIFICA\u00c7\u00c3O! - R\u00e1dio Life FM<\/title>\n<meta name=\"robots\" content=\"index, follow, max-snippet:-1, max-image-preview:large, max-video-preview:-1\" \/>\n<link rel=\"canonical\" href=\"https:\/\/radiolifefm.com.br\/noticias\/planeta-midia-em-nivel-glocal-conhecimento-e-qualificacao\/\" \/>\n<meta property=\"og:locale\" content=\"pt_BR\" \/>\n<meta property=\"og:type\" content=\"article\" \/>\n<meta property=\"og:title\" content=\"PLANETA \u201cM\u00cdDIA\u201d EM N\u00cdVEL GLOCAL: CONHECIMENTO E QUALIFICA\u00c7\u00c3O! - R\u00e1dio Life FM\" \/>\n<meta property=\"og:description\" content=\"\u00a0\u201cExcursusque breves tentat (1)\u201d. (Montaigne) S\u00e9rgio Barbosa (*). \u00a0 A busca pelo saber dever ser uma constante, em todos os n\u00edveis, levando-se em conta as novas exig\u00eancias do mercado mundial em tempo de IA- INTELG\u00caNCIA ARTIFICIAL (sic), ainda, quando tudo e todos\/as est\u00e3o avan\u00e7ando para o DESCONHECIDO e ponto quase final&#8230; \u00c9 imposs\u00edvel estar alheio [&hellip;]\" \/>\n<meta property=\"og:url\" content=\"https:\/\/radiolifefm.com.br\/noticias\/planeta-midia-em-nivel-glocal-conhecimento-e-qualificacao\/\" \/>\n<meta property=\"og:site_name\" content=\"R\u00e1dio Life FM\" \/>\n<meta property=\"article:publisher\" content=\"https:\/\/www.facebook.com\/radiolifefm\/\" \/>\n<meta property=\"article:published_time\" content=\"2025-05-21T11:54:38+00:00\" \/>\n<meta property=\"article:modified_time\" content=\"2026-03-27T12:46:43+00:00\" \/>\n<meta property=\"og:image\" content=\"https:\/\/radiolifefm.com.br\/noticias\/wp-content\/uploads\/2022\/04\/WhatsApp-Image-2022-04-10-at-18.43.02.jpeg\" \/>\n\t<meta property=\"og:image:width\" content=\"972\" \/>\n\t<meta property=\"og:image:height\" content=\"1296\" \/>\n\t<meta property=\"og:image:type\" content=\"image\/jpeg\" \/>\n<meta name=\"author\" content=\"ritanery\" \/>\n<meta name=\"twitter:card\" content=\"summary_large_image\" \/>\n<meta name=\"twitter:label1\" content=\"Escrito por\" \/>\n\t<meta name=\"twitter:data1\" content=\"ritanery\" \/>\n\t<meta name=\"twitter:label2\" content=\"Est. tempo de leitura\" \/>\n\t<meta name=\"twitter:data2\" content=\"3 minutos\" \/>\n<script type=\"application\/ld+json\" class=\"yoast-schema-graph\">{\"@context\":\"https:\/\/schema.org\",\"@graph\":[{\"@type\":\"Article\",\"@id\":\"https:\/\/radiolifefm.com.br\/noticias\/planeta-midia-em-nivel-glocal-conhecimento-e-qualificacao\/#article\",\"isPartOf\":{\"@id\":\"https:\/\/radiolifefm.com.br\/noticias\/planeta-midia-em-nivel-glocal-conhecimento-e-qualificacao\/\"},\"author\":{\"name\":\"ritanery\",\"@id\":\"https:\/\/radiolifefm.com.br\/noticias\/#\/schema\/person\/6339b9fac59d12b071dec680d7375d87\"},\"headline\":\"PLANETA \u201cM\u00cdDIA\u201d EM N\u00cdVEL GLOCAL: CONHECIMENTO E QUALIFICA\u00c7\u00c3O!\",\"datePublished\":\"2025-05-21T11:54:38+00:00\",\"dateModified\":\"2026-03-27T12:46:43+00:00\",\"mainEntityOfPage\":{\"@id\":\"https:\/\/radiolifefm.com.br\/noticias\/planeta-midia-em-nivel-glocal-conhecimento-e-qualificacao\/\"},\"wordCount\":393,\"publisher\":{\"@id\":\"https:\/\/radiolifefm.com.br\/noticias\/#organization\"},\"image\":{\"@id\":\"https:\/\/radiolifefm.com.br\/noticias\/planeta-midia-em-nivel-glocal-conhecimento-e-qualificacao\/#primaryimage\"},\"thumbnailUrl\":\"https:\/\/radiolifefm.com.br\/noticias\/wp-content\/uploads\/2022\/04\/WhatsApp-Image-2022-04-10-at-18.43.02.jpeg\",\"articleSection\":[\"Opini\u00e3o\"],\"inLanguage\":\"pt-BR\"},{\"@type\":\"WebPage\",\"@id\":\"https:\/\/radiolifefm.com.br\/noticias\/planeta-midia-em-nivel-glocal-conhecimento-e-qualificacao\/\",\"url\":\"https:\/\/radiolifefm.com.br\/noticias\/planeta-midia-em-nivel-glocal-conhecimento-e-qualificacao\/\",\"name\":\"PLANETA \u201cM\u00cdDIA\u201d EM N\u00cdVEL GLOCAL: CONHECIMENTO E QUALIFICA\u00c7\u00c3O! - R\u00e1dio Life FM\",\"isPartOf\":{\"@id\":\"https:\/\/radiolifefm.com.br\/noticias\/#website\"},\"primaryImageOfPage\":{\"@id\":\"https:\/\/radiolifefm.com.br\/noticias\/planeta-midia-em-nivel-glocal-conhecimento-e-qualificacao\/#primaryimage\"},\"image\":{\"@id\":\"https:\/\/radiolifefm.com.br\/noticias\/planeta-midia-em-nivel-glocal-conhecimento-e-qualificacao\/#primaryimage\"},\"thumbnailUrl\":\"https:\/\/radiolifefm.com.br\/noticias\/wp-content\/uploads\/2022\/04\/WhatsApp-Image-2022-04-10-at-18.43.02.jpeg\",\"datePublished\":\"2025-05-21T11:54:38+00:00\",\"dateModified\":\"2026-03-27T12:46:43+00:00\",\"breadcrumb\":{\"@id\":\"https:\/\/radiolifefm.com.br\/noticias\/planeta-midia-em-nivel-glocal-conhecimento-e-qualificacao\/#breadcrumb\"},\"inLanguage\":\"pt-BR\",\"potentialAction\":[{\"@type\":\"ReadAction\",\"target\":[\"https:\/\/radiolifefm.com.br\/noticias\/planeta-midia-em-nivel-glocal-conhecimento-e-qualificacao\/\"]}]},{\"@type\":\"ImageObject\",\"inLanguage\":\"pt-BR\",\"@id\":\"https:\/\/radiolifefm.com.br\/noticias\/planeta-midia-em-nivel-glocal-conhecimento-e-qualificacao\/#primaryimage\",\"url\":\"https:\/\/radiolifefm.com.br\/noticias\/wp-content\/uploads\/2022\/04\/WhatsApp-Image-2022-04-10-at-18.43.02.jpeg\",\"contentUrl\":\"https:\/\/radiolifefm.com.br\/noticias\/wp-content\/uploads\/2022\/04\/WhatsApp-Image-2022-04-10-at-18.43.02.jpeg\",\"width\":972,\"height\":1296,\"caption\":\"S\u00e9rgio Barbosa\"},{\"@type\":\"BreadcrumbList\",\"@id\":\"https:\/\/radiolifefm.com.br\/noticias\/planeta-midia-em-nivel-glocal-conhecimento-e-qualificacao\/#breadcrumb\",\"itemListElement\":[{\"@type\":\"ListItem\",\"position\":1,\"name\":\"In\u00edcio\",\"item\":\"https:\/\/radiolifefm.com.br\/noticias\/\"},{\"@type\":\"ListItem\",\"position\":2,\"name\":\"PLANETA \u201cM\u00cdDIA\u201d EM N\u00cdVEL GLOCAL: CONHECIMENTO E QUALIFICA\u00c7\u00c3O!\"}]},{\"@type\":\"WebSite\",\"@id\":\"https:\/\/radiolifefm.com.br\/noticias\/#website\",\"url\":\"https:\/\/radiolifefm.com.br\/noticias\/\",\"name\":\"R\u00e1dio Life FM\",\"description\":\"O Portal de Not\u00edcias de Adamantina\",\"publisher\":{\"@id\":\"https:\/\/radiolifefm.com.br\/noticias\/#organization\"},\"alternateName\":\"Life FM\",\"potentialAction\":[{\"@type\":\"SearchAction\",\"target\":{\"@type\":\"EntryPoint\",\"urlTemplate\":\"https:\/\/radiolifefm.com.br\/noticias\/?s={search_term_string}\"},\"query-input\":{\"@type\":\"PropertyValueSpecification\",\"valueRequired\":true,\"valueName\":\"search_term_string\"}}],\"inLanguage\":\"pt-BR\"},{\"@type\":\"Organization\",\"@id\":\"https:\/\/radiolifefm.com.br\/noticias\/#organization\",\"name\":\"R\u00e1dio Life FM\",\"alternateName\":\"Life FM\",\"url\":\"https:\/\/radiolifefm.com.br\/noticias\/\",\"logo\":{\"@type\":\"ImageObject\",\"inLanguage\":\"pt-BR\",\"@id\":\"https:\/\/radiolifefm.com.br\/noticias\/#\/schema\/logo\/image\/\",\"url\":\"https:\/\/static.radiolifefm.com.br\/noticias\/wp-content\/uploads\/2019\/10\/logo-lifefm.png\",\"contentUrl\":\"https:\/\/static.radiolifefm.com.br\/noticias\/wp-content\/uploads\/2019\/10\/logo-lifefm.png\",\"width\":196,\"height\":47,\"caption\":\"R\u00e1dio Life FM\"},\"image\":{\"@id\":\"https:\/\/radiolifefm.com.br\/noticias\/#\/schema\/logo\/image\/\"},\"sameAs\":[\"https:\/\/www.facebook.com\/radiolifefm\/\",\"https:\/\/www.instagram.com\/life1079fm\/\"]},{\"@type\":\"Person\",\"@id\":\"https:\/\/radiolifefm.com.br\/noticias\/#\/schema\/person\/6339b9fac59d12b071dec680d7375d87\",\"name\":\"ritanery\",\"image\":{\"@type\":\"ImageObject\",\"inLanguage\":\"pt-BR\",\"@id\":\"https:\/\/secure.gravatar.com\/avatar\/0e37bb19071f47c0b8a23f62a903df117c5a0e75f65a0c2901562f97cd41cf86?s=96&d=mm&r=g\",\"url\":\"https:\/\/secure.gravatar.com\/avatar\/0e37bb19071f47c0b8a23f62a903df117c5a0e75f65a0c2901562f97cd41cf86?s=96&d=mm&r=g\",\"contentUrl\":\"https:\/\/secure.gravatar.com\/avatar\/0e37bb19071f47c0b8a23f62a903df117c5a0e75f65a0c2901562f97cd41cf86?s=96&d=mm&r=g\",\"caption\":\"ritanery\"}}]}<\/script>\n<!-- \/ Yoast SEO plugin. -->","yoast_head_json":{"title":"PLANETA \u201cM\u00cdDIA\u201d EM N\u00cdVEL GLOCAL: CONHECIMENTO E QUALIFICA\u00c7\u00c3O! - R\u00e1dio Life FM","robots":{"index":"index","follow":"follow","max-snippet":"max-snippet:-1","max-image-preview":"max-image-preview:large","max-video-preview":"max-video-preview:-1"},"canonical":"https:\/\/radiolifefm.com.br\/noticias\/planeta-midia-em-nivel-glocal-conhecimento-e-qualificacao\/","og_locale":"pt_BR","og_type":"article","og_title":"PLANETA \u201cM\u00cdDIA\u201d EM N\u00cdVEL GLOCAL: CONHECIMENTO E QUALIFICA\u00c7\u00c3O! - R\u00e1dio Life FM","og_description":"\u00a0\u201cExcursusque breves tentat (1)\u201d. (Montaigne) S\u00e9rgio Barbosa (*). \u00a0 A busca pelo saber dever ser uma constante, em todos os n\u00edveis, levando-se em conta as novas exig\u00eancias do mercado mundial em tempo de IA- INTELG\u00caNCIA ARTIFICIAL (sic), ainda, quando tudo e todos\/as est\u00e3o avan\u00e7ando para o DESCONHECIDO e ponto quase final&#8230; \u00c9 imposs\u00edvel estar alheio [&hellip;]","og_url":"https:\/\/radiolifefm.com.br\/noticias\/planeta-midia-em-nivel-glocal-conhecimento-e-qualificacao\/","og_site_name":"R\u00e1dio Life FM","article_publisher":"https:\/\/www.facebook.com\/radiolifefm\/","article_published_time":"2025-05-21T11:54:38+00:00","article_modified_time":"2026-03-27T12:46:43+00:00","og_image":[{"width":972,"height":1296,"url":"https:\/\/radiolifefm.com.br\/noticias\/wp-content\/uploads\/2022\/04\/WhatsApp-Image-2022-04-10-at-18.43.02.jpeg","type":"image\/jpeg"}],"author":"ritanery","twitter_card":"summary_large_image","twitter_misc":{"Escrito por":"ritanery","Est. tempo de leitura":"3 minutos"},"schema":{"@context":"https:\/\/schema.org","@graph":[{"@type":"Article","@id":"https:\/\/radiolifefm.com.br\/noticias\/planeta-midia-em-nivel-glocal-conhecimento-e-qualificacao\/#article","isPartOf":{"@id":"https:\/\/radiolifefm.com.br\/noticias\/planeta-midia-em-nivel-glocal-conhecimento-e-qualificacao\/"},"author":{"name":"ritanery","@id":"https:\/\/radiolifefm.com.br\/noticias\/#\/schema\/person\/6339b9fac59d12b071dec680d7375d87"},"headline":"PLANETA \u201cM\u00cdDIA\u201d EM N\u00cdVEL GLOCAL: CONHECIMENTO E QUALIFICA\u00c7\u00c3O!","datePublished":"2025-05-21T11:54:38+00:00","dateModified":"2026-03-27T12:46:43+00:00","mainEntityOfPage":{"@id":"https:\/\/radiolifefm.com.br\/noticias\/planeta-midia-em-nivel-glocal-conhecimento-e-qualificacao\/"},"wordCount":393,"publisher":{"@id":"https:\/\/radiolifefm.com.br\/noticias\/#organization"},"image":{"@id":"https:\/\/radiolifefm.com.br\/noticias\/planeta-midia-em-nivel-glocal-conhecimento-e-qualificacao\/#primaryimage"},"thumbnailUrl":"https:\/\/radiolifefm.com.br\/noticias\/wp-content\/uploads\/2022\/04\/WhatsApp-Image-2022-04-10-at-18.43.02.jpeg","articleSection":["Opini\u00e3o"],"inLanguage":"pt-BR"},{"@type":"WebPage","@id":"https:\/\/radiolifefm.com.br\/noticias\/planeta-midia-em-nivel-glocal-conhecimento-e-qualificacao\/","url":"https:\/\/radiolifefm.com.br\/noticias\/planeta-midia-em-nivel-glocal-conhecimento-e-qualificacao\/","name":"PLANETA \u201cM\u00cdDIA\u201d EM N\u00cdVEL GLOCAL: CONHECIMENTO E QUALIFICA\u00c7\u00c3O! - R\u00e1dio Life FM","isPartOf":{"@id":"https:\/\/radiolifefm.com.br\/noticias\/#website"},"primaryImageOfPage":{"@id":"https:\/\/radiolifefm.com.br\/noticias\/planeta-midia-em-nivel-glocal-conhecimento-e-qualificacao\/#primaryimage"},"image":{"@id":"https:\/\/radiolifefm.com.br\/noticias\/planeta-midia-em-nivel-glocal-conhecimento-e-qualificacao\/#primaryimage"},"thumbnailUrl":"https:\/\/radiolifefm.com.br\/noticias\/wp-content\/uploads\/2022\/04\/WhatsApp-Image-2022-04-10-at-18.43.02.jpeg","datePublished":"2025-05-21T11:54:38+00:00","dateModified":"2026-03-27T12:46:43+00:00","breadcrumb":{"@id":"https:\/\/radiolifefm.com.br\/noticias\/planeta-midia-em-nivel-glocal-conhecimento-e-qualificacao\/#breadcrumb"},"inLanguage":"pt-BR","potentialAction":[{"@type":"ReadAction","target":["https:\/\/radiolifefm.com.br\/noticias\/planeta-midia-em-nivel-glocal-conhecimento-e-qualificacao\/"]}]},{"@type":"ImageObject","inLanguage":"pt-BR","@id":"https:\/\/radiolifefm.com.br\/noticias\/planeta-midia-em-nivel-glocal-conhecimento-e-qualificacao\/#primaryimage","url":"https:\/\/radiolifefm.com.br\/noticias\/wp-content\/uploads\/2022\/04\/WhatsApp-Image-2022-04-10-at-18.43.02.jpeg","contentUrl":"https:\/\/radiolifefm.com.br\/noticias\/wp-content\/uploads\/2022\/04\/WhatsApp-Image-2022-04-10-at-18.43.02.jpeg","width":972,"height":1296,"caption":"S\u00e9rgio Barbosa"},{"@type":"BreadcrumbList","@id":"https:\/\/radiolifefm.com.br\/noticias\/planeta-midia-em-nivel-glocal-conhecimento-e-qualificacao\/#breadcrumb","itemListElement":[{"@type":"ListItem","position":1,"name":"In\u00edcio","item":"https:\/\/radiolifefm.com.br\/noticias\/"},{"@type":"ListItem","position":2,"name":"PLANETA \u201cM\u00cdDIA\u201d EM N\u00cdVEL GLOCAL: CONHECIMENTO E QUALIFICA\u00c7\u00c3O!"}]},{"@type":"WebSite","@id":"https:\/\/radiolifefm.com.br\/noticias\/#website","url":"https:\/\/radiolifefm.com.br\/noticias\/","name":"R\u00e1dio Life FM","description":"O Portal de Not\u00edcias de Adamantina","publisher":{"@id":"https:\/\/radiolifefm.com.br\/noticias\/#organization"},"alternateName":"Life FM","potentialAction":[{"@type":"SearchAction","target":{"@type":"EntryPoint","urlTemplate":"https:\/\/radiolifefm.com.br\/noticias\/?s={search_term_string}"},"query-input":{"@type":"PropertyValueSpecification","valueRequired":true,"valueName":"search_term_string"}}],"inLanguage":"pt-BR"},{"@type":"Organization","@id":"https:\/\/radiolifefm.com.br\/noticias\/#organization","name":"R\u00e1dio Life FM","alternateName":"Life FM","url":"https:\/\/radiolifefm.com.br\/noticias\/","logo":{"@type":"ImageObject","inLanguage":"pt-BR","@id":"https:\/\/radiolifefm.com.br\/noticias\/#\/schema\/logo\/image\/","url":"https:\/\/static.radiolifefm.com.br\/noticias\/wp-content\/uploads\/2019\/10\/logo-lifefm.png","contentUrl":"https:\/\/static.radiolifefm.com.br\/noticias\/wp-content\/uploads\/2019\/10\/logo-lifefm.png","width":196,"height":47,"caption":"R\u00e1dio Life FM"},"image":{"@id":"https:\/\/radiolifefm.com.br\/noticias\/#\/schema\/logo\/image\/"},"sameAs":["https:\/\/www.facebook.com\/radiolifefm\/","https:\/\/www.instagram.com\/life1079fm\/"]},{"@type":"Person","@id":"https:\/\/radiolifefm.com.br\/noticias\/#\/schema\/person\/6339b9fac59d12b071dec680d7375d87","name":"ritanery","image":{"@type":"ImageObject","inLanguage":"pt-BR","@id":"https:\/\/secure.gravatar.com\/avatar\/0e37bb19071f47c0b8a23f62a903df117c5a0e75f65a0c2901562f97cd41cf86?s=96&d=mm&r=g","url":"https:\/\/secure.gravatar.com\/avatar\/0e37bb19071f47c0b8a23f62a903df117c5a0e75f65a0c2901562f97cd41cf86?s=96&d=mm&r=g","contentUrl":"https:\/\/secure.gravatar.com\/avatar\/0e37bb19071f47c0b8a23f62a903df117c5a0e75f65a0c2901562f97cd41cf86?s=96&d=mm&r=g","caption":"ritanery"}}]}},"amp_enabled":true,"_links":{"self":[{"href":"https:\/\/radiolifefm.com.br\/noticias\/wp-json\/wp\/v2\/posts\/101166","targetHints":{"allow":["GET"]}}],"collection":[{"href":"https:\/\/radiolifefm.com.br\/noticias\/wp-json\/wp\/v2\/posts"}],"about":[{"href":"https:\/\/radiolifefm.com.br\/noticias\/wp-json\/wp\/v2\/types\/post"}],"author":[{"embeddable":true,"href":"https:\/\/radiolifefm.com.br\/noticias\/wp-json\/wp\/v2\/users\/13"}],"replies":[{"embeddable":true,"href":"https:\/\/radiolifefm.com.br\/noticias\/wp-json\/wp\/v2\/comments?post=101166"}],"version-history":[{"count":1,"href":"https:\/\/radiolifefm.com.br\/noticias\/wp-json\/wp\/v2\/posts\/101166\/revisions"}],"predecessor-version":[{"id":101167,"href":"https:\/\/radiolifefm.com.br\/noticias\/wp-json\/wp\/v2\/posts\/101166\/revisions\/101167"}],"wp:featuredmedia":[{"embeddable":true,"href":"https:\/\/radiolifefm.com.br\/noticias\/wp-json\/wp\/v2\/media\/51988"}],"wp:attachment":[{"href":"https:\/\/radiolifefm.com.br\/noticias\/wp-json\/wp\/v2\/media?parent=101166"}],"wp:term":[{"taxonomy":"category","embeddable":true,"href":"https:\/\/radiolifefm.com.br\/noticias\/wp-json\/wp\/v2\/categories?post=101166"},{"taxonomy":"post_tag","embeddable":true,"href":"https:\/\/radiolifefm.com.br\/noticias\/wp-json\/wp\/v2\/tags?post=101166"}],"curies":[{"name":"wp","href":"https:\/\/api.w.org\/{rel}","templated":true}]}}