{"id":101092,"date":"2025-05-21T09:33:55","date_gmt":"2025-05-21T12:33:55","guid":{"rendered":"https:\/\/radiolifefm.com.br\/noticias\/?p=101092"},"modified":"2026-04-19T03:40:24","modified_gmt":"2026-04-19T06:40:24","slug":"padre-adamantinense-carlos-roberto-fala-sobre-sua-missao-internacional","status":"publish","type":"post","link":"https:\/\/radiolifefm.com.br\/noticias\/padre-adamantinense-carlos-roberto-fala-sobre-sua-missao-internacional\/","title":{"rendered":"Padre adamantinense Carlos Roberto fala sobre sua miss\u00e3o internacional"},"content":{"rendered":"<div id=\"fb-root\"><\/div>\n<p>No Jornal do Meio-Dia de ter\u00e7a-feira, houve uma entrevista especial com o padre Carlos Roberto dos Santos, adamantinense recentemente eleito Respons\u00e1vel Internacional da Fraternidade Sacerdotal Jesus C\u00e1ritas.<\/p>\n<p><img loading=\"lazy\" decoding=\"async\" class=\"alignnone size-medium wp-image-101170\" src=\"https:\/\/static.radiolifefm.com.br\/noticias\/wp-content\/uploads\/2025\/05\/WhatsApp-Image-2025-05-20-at-15.29.32-300x300.jpeg\" alt=\"\" width=\"300\" height=\"300\" srcset=\"https:\/\/radiolifefm.com.br\/noticias\/wp-content\/uploads\/2025\/05\/WhatsApp-Image-2025-05-20-at-15.29.32-300x300.jpeg 300w, https:\/\/radiolifefm.com.br\/noticias\/wp-content\/uploads\/2025\/05\/WhatsApp-Image-2025-05-20-at-15.29.32-1024x1024.jpeg 1024w, https:\/\/radiolifefm.com.br\/noticias\/wp-content\/uploads\/2025\/05\/WhatsApp-Image-2025-05-20-at-15.29.32-150x150.jpeg 150w, https:\/\/radiolifefm.com.br\/noticias\/wp-content\/uploads\/2025\/05\/WhatsApp-Image-2025-05-20-at-15.29.32-768x768.jpeg 768w, https:\/\/radiolifefm.com.br\/noticias\/wp-content\/uploads\/2025\/05\/WhatsApp-Image-2025-05-20-at-15.29.32-200x200.jpeg 200w, https:\/\/radiolifefm.com.br\/noticias\/wp-content\/uploads\/2025\/05\/WhatsApp-Image-2025-05-20-at-15.29.32-250x250.jpeg 250w, https:\/\/radiolifefm.com.br\/noticias\/wp-content\/uploads\/2025\/05\/WhatsApp-Image-2025-05-20-at-15.29.32-500x500.jpeg 500w, https:\/\/radiolifefm.com.br\/noticias\/wp-content\/uploads\/2025\/05\/WhatsApp-Image-2025-05-20-at-15.29.32-700x700.jpeg 700w, https:\/\/radiolifefm.com.br\/noticias\/wp-content\/uploads\/2025\/05\/WhatsApp-Image-2025-05-20-at-15.29.32.jpeg 1080w\" sizes=\"auto, (max-width: 300px) 100vw, 300px\" \/><\/p>\n<p>Durante a conversa, o sacerdote falou sobre os desafios da nova miss\u00e3o, a espiritualidade inspirada em Charles de Foucauld e o papel da Igreja diante das transforma\u00e7\u00f5es da sociedade atual.<\/p>\n<p><img loading=\"lazy\" decoding=\"async\" class=\"alignnone size-medium wp-image-101171\" src=\"https:\/\/static.radiolifefm.com.br\/noticias\/wp-content\/uploads\/2025\/05\/WhatsApp-Image-2025-05-20-at-15.29.32-1-300x300.jpeg\" alt=\"\" width=\"300\" height=\"300\" srcset=\"https:\/\/radiolifefm.com.br\/noticias\/wp-content\/uploads\/2025\/05\/WhatsApp-Image-2025-05-20-at-15.29.32-1-300x300.jpeg 300w, https:\/\/radiolifefm.com.br\/noticias\/wp-content\/uploads\/2025\/05\/WhatsApp-Image-2025-05-20-at-15.29.32-1-1024x1024.jpeg 1024w, https:\/\/radiolifefm.com.br\/noticias\/wp-content\/uploads\/2025\/05\/WhatsApp-Image-2025-05-20-at-15.29.32-1-150x150.jpeg 150w, https:\/\/radiolifefm.com.br\/noticias\/wp-content\/uploads\/2025\/05\/WhatsApp-Image-2025-05-20-at-15.29.32-1-768x768.jpeg 768w, https:\/\/radiolifefm.com.br\/noticias\/wp-content\/uploads\/2025\/05\/WhatsApp-Image-2025-05-20-at-15.29.32-1-200x200.jpeg 200w, https:\/\/radiolifefm.com.br\/noticias\/wp-content\/uploads\/2025\/05\/WhatsApp-Image-2025-05-20-at-15.29.32-1-250x250.jpeg 250w, https:\/\/radiolifefm.com.br\/noticias\/wp-content\/uploads\/2025\/05\/WhatsApp-Image-2025-05-20-at-15.29.32-1-500x500.jpeg 500w, https:\/\/radiolifefm.com.br\/noticias\/wp-content\/uploads\/2025\/05\/WhatsApp-Image-2025-05-20-at-15.29.32-1-700x700.jpeg 700w, https:\/\/radiolifefm.com.br\/noticias\/wp-content\/uploads\/2025\/05\/WhatsApp-Image-2025-05-20-at-15.29.32-1.jpeg 1080w\" sizes=\"auto, (max-width: 300px) 100vw, 300px\" \/><\/p>\n<p>Padre Carlos tamb\u00e9m compartilhou sua emo\u00e7\u00e3o ao ser o primeiro brasileiro a assumir essa fun\u00e7\u00e3o de alcance mundial e deixou uma mensagem de f\u00e9 e esperan\u00e7a aos ouvintes.<\/p>\n<p><img loading=\"lazy\" decoding=\"async\" class=\"alignnone size-medium wp-image-101172\" src=\"https:\/\/static.radiolifefm.com.br\/noticias\/wp-content\/uploads\/2025\/05\/WhatsApp-Image-2025-05-20-at-15.29.34-300x300.jpeg\" alt=\"\" width=\"300\" height=\"300\" srcset=\"https:\/\/radiolifefm.com.br\/noticias\/wp-content\/uploads\/2025\/05\/WhatsApp-Image-2025-05-20-at-15.29.34-300x300.jpeg 300w, https:\/\/radiolifefm.com.br\/noticias\/wp-content\/uploads\/2025\/05\/WhatsApp-Image-2025-05-20-at-15.29.34-1024x1024.jpeg 1024w, https:\/\/radiolifefm.com.br\/noticias\/wp-content\/uploads\/2025\/05\/WhatsApp-Image-2025-05-20-at-15.29.34-150x150.jpeg 150w, https:\/\/radiolifefm.com.br\/noticias\/wp-content\/uploads\/2025\/05\/WhatsApp-Image-2025-05-20-at-15.29.34-768x768.jpeg 768w, https:\/\/radiolifefm.com.br\/noticias\/wp-content\/uploads\/2025\/05\/WhatsApp-Image-2025-05-20-at-15.29.34-200x200.jpeg 200w, https:\/\/radiolifefm.com.br\/noticias\/wp-content\/uploads\/2025\/05\/WhatsApp-Image-2025-05-20-at-15.29.34-250x250.jpeg 250w, https:\/\/radiolifefm.com.br\/noticias\/wp-content\/uploads\/2025\/05\/WhatsApp-Image-2025-05-20-at-15.29.34-500x500.jpeg 500w, https:\/\/radiolifefm.com.br\/noticias\/wp-content\/uploads\/2025\/05\/WhatsApp-Image-2025-05-20-at-15.29.34-700x700.jpeg 700w, https:\/\/radiolifefm.com.br\/noticias\/wp-content\/uploads\/2025\/05\/WhatsApp-Image-2025-05-20-at-15.29.34.jpeg 1080w\" sizes=\"auto, (max-width: 300px) 100vw, 300px\" \/><\/p>\n<p>Confira!<\/p>\n<p><iframe loading=\"lazy\" title=\"20\/05, o Jornal do Meio-Dia recebe Padre Carlos Roberto dos Santos\" width=\"500\" height=\"281\" src=\"https:\/\/www.youtube.com\/embed\/O7mm_RqDSUs?feature=oembed\" frameborder=\"0\" allow=\"accelerometer; autoplay; clipboard-write; encrypted-media; gyroscope; picture-in-picture; web-share\" referrerpolicy=\"strict-origin-when-cross-origin\" allowfullscreen><\/iframe><\/p>\n<div class='flex flex-wrap items-center -mx-1'>\r\n<a class='thumbnail gallery p-1 w-1\/2 md:w-1\/4' href='https:\/\/radiolifefm.com.br\/noticias\/wp-content\/uploads\/2025\/05\/WhatsApp-Image-2025-05-20-at-15.29.36.jpeg'><img class='border border-white' src='https:\/\/radiolifefm.com.br\/noticias\/wp-content\/uploads\/2025\/05\/WhatsApp-Image-2025-05-20-at-15.29.36-200x200.jpeg' alt='WhatsApp Image 2025 05 20 At 15.29.36' \/><\/a><a class='thumbnail gallery p-1 w-1\/2 md:w-1\/4' href='https:\/\/radiolifefm.com.br\/noticias\/wp-content\/uploads\/2025\/05\/WhatsApp-Image-2025-05-20-at-15.29.35.jpeg'><img class='border border-white' src='https:\/\/radiolifefm.com.br\/noticias\/wp-content\/uploads\/2025\/05\/WhatsApp-Image-2025-05-20-at-15.29.35-200x200.jpeg' alt='WhatsApp Image 2025 05 20 At 15.29.35' \/><\/a><\/div>\n","protected":false},"excerpt":{"rendered":"<p>No Jornal do Meio-Dia de ter\u00e7a-feira, houve uma entrevista especial com o padre Carlos Roberto dos Santos, adamantinense recentemente eleito Respons\u00e1vel Internacional da Fraternidade Sacerdotal Jesus C\u00e1ritas. Durante a conversa, o sacerdote falou sobre os desafios da nova miss\u00e3o, a espiritualidade inspirada em Charles de Foucauld e o papel da Igreja diante das transforma\u00e7\u00f5es da [&hellip;]<\/p>\n","protected":false},"author":15,"featured_media":101173,"comment_status":"closed","ping_status":"open","sticky":false,"template":"","format":"standard","meta":{"_acf_changed":false,"_exactmetrics_skip_tracking":false,"_exactmetrics_sitenote_active":false,"_exactmetrics_sitenote_note":"","_exactmetrics_sitenote_category":0,"footnotes":""},"categories":[1,2],"tags":[],"class_list":["post-101092","post","type-post","status-publish","format-standard","has-post-thumbnail","hentry","category-geral","category-jornal-do-meio-dia"],"acf":[],"yoast_head":"<!-- This site is optimized with the Yoast SEO plugin v27.2 - https:\/\/yoast.com\/product\/yoast-seo-wordpress\/ -->\n<title>Padre adamantinense Carlos Roberto fala sobre sua miss\u00e3o internacional - R\u00e1dio Life FM<\/title>\n<meta name=\"robots\" content=\"index, follow, max-snippet:-1, max-image-preview:large, max-video-preview:-1\" \/>\n<link rel=\"canonical\" href=\"https:\/\/radiolifefm.com.br\/noticias\/padre-adamantinense-carlos-roberto-fala-sobre-sua-missao-internacional\/\" \/>\n<meta property=\"og:locale\" content=\"pt_BR\" \/>\n<meta property=\"og:type\" content=\"article\" \/>\n<meta property=\"og:title\" content=\"Padre adamantinense Carlos Roberto fala sobre sua miss\u00e3o internacional - R\u00e1dio Life FM\" \/>\n<meta property=\"og:description\" content=\"No Jornal do Meio-Dia de ter\u00e7a-feira, houve uma entrevista especial com o padre Carlos Roberto dos Santos, adamantinense recentemente eleito Respons\u00e1vel Internacional da Fraternidade Sacerdotal Jesus C\u00e1ritas. Durante a conversa, o sacerdote falou sobre os desafios da nova miss\u00e3o, a espiritualidade inspirada em Charles de Foucauld e o papel da Igreja diante das transforma\u00e7\u00f5es da [&hellip;]\" \/>\n<meta property=\"og:url\" content=\"https:\/\/radiolifefm.com.br\/noticias\/padre-adamantinense-carlos-roberto-fala-sobre-sua-missao-internacional\/\" \/>\n<meta property=\"og:site_name\" content=\"R\u00e1dio Life FM\" \/>\n<meta property=\"article:publisher\" content=\"https:\/\/www.facebook.com\/radiolifefm\/\" \/>\n<meta property=\"article:published_time\" content=\"2025-05-21T12:33:55+00:00\" \/>\n<meta property=\"article:modified_time\" content=\"2026-04-19T06:40:24+00:00\" \/>\n<meta property=\"og:image\" content=\"https:\/\/radiolifefm.com.br\/noticias\/wp-content\/uploads\/2025\/05\/WhatsApp-Image-2025-05-20-at-15.29.36.jpeg\" \/>\n\t<meta property=\"og:image:width\" content=\"1080\" \/>\n\t<meta property=\"og:image:height\" content=\"1080\" \/>\n\t<meta property=\"og:image:type\" content=\"image\/jpeg\" \/>\n<meta name=\"author\" content=\"J\u00e9ssica Nakadaira\" \/>\n<meta name=\"twitter:card\" content=\"summary_large_image\" \/>\n<meta name=\"twitter:label1\" content=\"Escrito por\" \/>\n\t<meta name=\"twitter:data1\" content=\"J\u00e9ssica Nakadaira\" \/>\n\t<meta name=\"twitter:label2\" content=\"Est. tempo de leitura\" \/>\n\t<meta name=\"twitter:data2\" content=\"2 minutos\" \/>\n<script type=\"application\/ld+json\" class=\"yoast-schema-graph\">{\"@context\":\"https:\/\/schema.org\",\"@graph\":[{\"@type\":\"Article\",\"@id\":\"https:\/\/radiolifefm.com.br\/noticias\/padre-adamantinense-carlos-roberto-fala-sobre-sua-missao-internacional\/#article\",\"isPartOf\":{\"@id\":\"https:\/\/radiolifefm.com.br\/noticias\/padre-adamantinense-carlos-roberto-fala-sobre-sua-missao-internacional\/\"},\"author\":{\"name\":\"J\u00e9ssica Nakadaira\",\"@id\":\"https:\/\/radiolifefm.com.br\/noticias\/#\/schema\/person\/4af6fff3068bd0b8dfd1ed7704759f26\"},\"headline\":\"Padre adamantinense Carlos Roberto fala sobre sua miss\u00e3o internacional\",\"datePublished\":\"2025-05-21T12:33:55+00:00\",\"dateModified\":\"2026-04-19T06:40:24+00:00\",\"mainEntityOfPage\":{\"@id\":\"https:\/\/radiolifefm.com.br\/noticias\/padre-adamantinense-carlos-roberto-fala-sobre-sua-missao-internacional\/\"},\"wordCount\":116,\"publisher\":{\"@id\":\"https:\/\/radiolifefm.com.br\/noticias\/#organization\"},\"image\":{\"@id\":\"https:\/\/radiolifefm.com.br\/noticias\/padre-adamantinense-carlos-roberto-fala-sobre-sua-missao-internacional\/#primaryimage\"},\"thumbnailUrl\":\"https:\/\/radiolifefm.com.br\/noticias\/wp-content\/uploads\/2025\/05\/WhatsApp-Image-2025-05-20-at-15.29.36.jpeg\",\"articleSection\":[\"Geral\",\"Jornal das 12h\"],\"inLanguage\":\"pt-BR\"},{\"@type\":\"WebPage\",\"@id\":\"https:\/\/radiolifefm.com.br\/noticias\/padre-adamantinense-carlos-roberto-fala-sobre-sua-missao-internacional\/\",\"url\":\"https:\/\/radiolifefm.com.br\/noticias\/padre-adamantinense-carlos-roberto-fala-sobre-sua-missao-internacional\/\",\"name\":\"Padre adamantinense Carlos Roberto fala sobre sua miss\u00e3o internacional - R\u00e1dio Life FM\",\"isPartOf\":{\"@id\":\"https:\/\/radiolifefm.com.br\/noticias\/#website\"},\"primaryImageOfPage\":{\"@id\":\"https:\/\/radiolifefm.com.br\/noticias\/padre-adamantinense-carlos-roberto-fala-sobre-sua-missao-internacional\/#primaryimage\"},\"image\":{\"@id\":\"https:\/\/radiolifefm.com.br\/noticias\/padre-adamantinense-carlos-roberto-fala-sobre-sua-missao-internacional\/#primaryimage\"},\"thumbnailUrl\":\"https:\/\/radiolifefm.com.br\/noticias\/wp-content\/uploads\/2025\/05\/WhatsApp-Image-2025-05-20-at-15.29.36.jpeg\",\"datePublished\":\"2025-05-21T12:33:55+00:00\",\"dateModified\":\"2026-04-19T06:40:24+00:00\",\"breadcrumb\":{\"@id\":\"https:\/\/radiolifefm.com.br\/noticias\/padre-adamantinense-carlos-roberto-fala-sobre-sua-missao-internacional\/#breadcrumb\"},\"inLanguage\":\"pt-BR\",\"potentialAction\":[{\"@type\":\"ReadAction\",\"target\":[\"https:\/\/radiolifefm.com.br\/noticias\/padre-adamantinense-carlos-roberto-fala-sobre-sua-missao-internacional\/\"]}]},{\"@type\":\"ImageObject\",\"inLanguage\":\"pt-BR\",\"@id\":\"https:\/\/radiolifefm.com.br\/noticias\/padre-adamantinense-carlos-roberto-fala-sobre-sua-missao-internacional\/#primaryimage\",\"url\":\"https:\/\/radiolifefm.com.br\/noticias\/wp-content\/uploads\/2025\/05\/WhatsApp-Image-2025-05-20-at-15.29.36.jpeg\",\"contentUrl\":\"https:\/\/radiolifefm.com.br\/noticias\/wp-content\/uploads\/2025\/05\/WhatsApp-Image-2025-05-20-at-15.29.36.jpeg\",\"width\":1080,\"height\":1080},{\"@type\":\"BreadcrumbList\",\"@id\":\"https:\/\/radiolifefm.com.br\/noticias\/padre-adamantinense-carlos-roberto-fala-sobre-sua-missao-internacional\/#breadcrumb\",\"itemListElement\":[{\"@type\":\"ListItem\",\"position\":1,\"name\":\"In\u00edcio\",\"item\":\"https:\/\/radiolifefm.com.br\/noticias\/\"},{\"@type\":\"ListItem\",\"position\":2,\"name\":\"Padre adamantinense Carlos Roberto fala sobre sua miss\u00e3o internacional\"}]},{\"@type\":\"WebSite\",\"@id\":\"https:\/\/radiolifefm.com.br\/noticias\/#website\",\"url\":\"https:\/\/radiolifefm.com.br\/noticias\/\",\"name\":\"R\u00e1dio Life FM\",\"description\":\"O Portal de Not\u00edcias de Adamantina\",\"publisher\":{\"@id\":\"https:\/\/radiolifefm.com.br\/noticias\/#organization\"},\"alternateName\":\"Life FM\",\"potentialAction\":[{\"@type\":\"SearchAction\",\"target\":{\"@type\":\"EntryPoint\",\"urlTemplate\":\"https:\/\/radiolifefm.com.br\/noticias\/?s={search_term_string}\"},\"query-input\":{\"@type\":\"PropertyValueSpecification\",\"valueRequired\":true,\"valueName\":\"search_term_string\"}}],\"inLanguage\":\"pt-BR\"},{\"@type\":\"Organization\",\"@id\":\"https:\/\/radiolifefm.com.br\/noticias\/#organization\",\"name\":\"R\u00e1dio Life FM\",\"alternateName\":\"Life FM\",\"url\":\"https:\/\/radiolifefm.com.br\/noticias\/\",\"logo\":{\"@type\":\"ImageObject\",\"inLanguage\":\"pt-BR\",\"@id\":\"https:\/\/radiolifefm.com.br\/noticias\/#\/schema\/logo\/image\/\",\"url\":\"https:\/\/static.radiolifefm.com.br\/noticias\/wp-content\/uploads\/2019\/10\/logo-lifefm.png\",\"contentUrl\":\"https:\/\/static.radiolifefm.com.br\/noticias\/wp-content\/uploads\/2019\/10\/logo-lifefm.png\",\"width\":196,\"height\":47,\"caption\":\"R\u00e1dio Life FM\"},\"image\":{\"@id\":\"https:\/\/radiolifefm.com.br\/noticias\/#\/schema\/logo\/image\/\"},\"sameAs\":[\"https:\/\/www.facebook.com\/radiolifefm\/\",\"https:\/\/www.instagram.com\/life1079fm\/\"]},{\"@type\":\"Person\",\"@id\":\"https:\/\/radiolifefm.com.br\/noticias\/#\/schema\/person\/4af6fff3068bd0b8dfd1ed7704759f26\",\"name\":\"J\u00e9ssica Nakadaira\",\"image\":{\"@type\":\"ImageObject\",\"inLanguage\":\"pt-BR\",\"@id\":\"https:\/\/secure.gravatar.com\/avatar\/8a68115ef30ace340d64293ad9830cfc0a2137ae5a0378e0239504221ef693f5?s=96&d=mm&r=g\",\"url\":\"https:\/\/secure.gravatar.com\/avatar\/8a68115ef30ace340d64293ad9830cfc0a2137ae5a0378e0239504221ef693f5?s=96&d=mm&r=g\",\"contentUrl\":\"https:\/\/secure.gravatar.com\/avatar\/8a68115ef30ace340d64293ad9830cfc0a2137ae5a0378e0239504221ef693f5?s=96&d=mm&r=g\",\"caption\":\"J\u00e9ssica Nakadaira\"}}]}<\/script>\n<!-- \/ Yoast SEO plugin. -->","yoast_head_json":{"title":"Padre adamantinense Carlos Roberto fala sobre sua miss\u00e3o internacional - R\u00e1dio Life FM","robots":{"index":"index","follow":"follow","max-snippet":"max-snippet:-1","max-image-preview":"max-image-preview:large","max-video-preview":"max-video-preview:-1"},"canonical":"https:\/\/radiolifefm.com.br\/noticias\/padre-adamantinense-carlos-roberto-fala-sobre-sua-missao-internacional\/","og_locale":"pt_BR","og_type":"article","og_title":"Padre adamantinense Carlos Roberto fala sobre sua miss\u00e3o internacional - R\u00e1dio Life FM","og_description":"No Jornal do Meio-Dia de ter\u00e7a-feira, houve uma entrevista especial com o padre Carlos Roberto dos Santos, adamantinense recentemente eleito Respons\u00e1vel Internacional da Fraternidade Sacerdotal Jesus C\u00e1ritas. Durante a conversa, o sacerdote falou sobre os desafios da nova miss\u00e3o, a espiritualidade inspirada em Charles de Foucauld e o papel da Igreja diante das transforma\u00e7\u00f5es da [&hellip;]","og_url":"https:\/\/radiolifefm.com.br\/noticias\/padre-adamantinense-carlos-roberto-fala-sobre-sua-missao-internacional\/","og_site_name":"R\u00e1dio Life FM","article_publisher":"https:\/\/www.facebook.com\/radiolifefm\/","article_published_time":"2025-05-21T12:33:55+00:00","article_modified_time":"2026-04-19T06:40:24+00:00","og_image":[{"width":1080,"height":1080,"url":"https:\/\/radiolifefm.com.br\/noticias\/wp-content\/uploads\/2025\/05\/WhatsApp-Image-2025-05-20-at-15.29.36.jpeg","type":"image\/jpeg"}],"author":"J\u00e9ssica Nakadaira","twitter_card":"summary_large_image","twitter_misc":{"Escrito por":"J\u00e9ssica Nakadaira","Est. tempo de leitura":"2 minutos"},"schema":{"@context":"https:\/\/schema.org","@graph":[{"@type":"Article","@id":"https:\/\/radiolifefm.com.br\/noticias\/padre-adamantinense-carlos-roberto-fala-sobre-sua-missao-internacional\/#article","isPartOf":{"@id":"https:\/\/radiolifefm.com.br\/noticias\/padre-adamantinense-carlos-roberto-fala-sobre-sua-missao-internacional\/"},"author":{"name":"J\u00e9ssica Nakadaira","@id":"https:\/\/radiolifefm.com.br\/noticias\/#\/schema\/person\/4af6fff3068bd0b8dfd1ed7704759f26"},"headline":"Padre adamantinense Carlos Roberto fala sobre sua miss\u00e3o internacional","datePublished":"2025-05-21T12:33:55+00:00","dateModified":"2026-04-19T06:40:24+00:00","mainEntityOfPage":{"@id":"https:\/\/radiolifefm.com.br\/noticias\/padre-adamantinense-carlos-roberto-fala-sobre-sua-missao-internacional\/"},"wordCount":116,"publisher":{"@id":"https:\/\/radiolifefm.com.br\/noticias\/#organization"},"image":{"@id":"https:\/\/radiolifefm.com.br\/noticias\/padre-adamantinense-carlos-roberto-fala-sobre-sua-missao-internacional\/#primaryimage"},"thumbnailUrl":"https:\/\/radiolifefm.com.br\/noticias\/wp-content\/uploads\/2025\/05\/WhatsApp-Image-2025-05-20-at-15.29.36.jpeg","articleSection":["Geral","Jornal das 12h"],"inLanguage":"pt-BR"},{"@type":"WebPage","@id":"https:\/\/radiolifefm.com.br\/noticias\/padre-adamantinense-carlos-roberto-fala-sobre-sua-missao-internacional\/","url":"https:\/\/radiolifefm.com.br\/noticias\/padre-adamantinense-carlos-roberto-fala-sobre-sua-missao-internacional\/","name":"Padre adamantinense Carlos Roberto fala sobre sua miss\u00e3o internacional - R\u00e1dio Life FM","isPartOf":{"@id":"https:\/\/radiolifefm.com.br\/noticias\/#website"},"primaryImageOfPage":{"@id":"https:\/\/radiolifefm.com.br\/noticias\/padre-adamantinense-carlos-roberto-fala-sobre-sua-missao-internacional\/#primaryimage"},"image":{"@id":"https:\/\/radiolifefm.com.br\/noticias\/padre-adamantinense-carlos-roberto-fala-sobre-sua-missao-internacional\/#primaryimage"},"thumbnailUrl":"https:\/\/radiolifefm.com.br\/noticias\/wp-content\/uploads\/2025\/05\/WhatsApp-Image-2025-05-20-at-15.29.36.jpeg","datePublished":"2025-05-21T12:33:55+00:00","dateModified":"2026-04-19T06:40:24+00:00","breadcrumb":{"@id":"https:\/\/radiolifefm.com.br\/noticias\/padre-adamantinense-carlos-roberto-fala-sobre-sua-missao-internacional\/#breadcrumb"},"inLanguage":"pt-BR","potentialAction":[{"@type":"ReadAction","target":["https:\/\/radiolifefm.com.br\/noticias\/padre-adamantinense-carlos-roberto-fala-sobre-sua-missao-internacional\/"]}]},{"@type":"ImageObject","inLanguage":"pt-BR","@id":"https:\/\/radiolifefm.com.br\/noticias\/padre-adamantinense-carlos-roberto-fala-sobre-sua-missao-internacional\/#primaryimage","url":"https:\/\/radiolifefm.com.br\/noticias\/wp-content\/uploads\/2025\/05\/WhatsApp-Image-2025-05-20-at-15.29.36.jpeg","contentUrl":"https:\/\/radiolifefm.com.br\/noticias\/wp-content\/uploads\/2025\/05\/WhatsApp-Image-2025-05-20-at-15.29.36.jpeg","width":1080,"height":1080},{"@type":"BreadcrumbList","@id":"https:\/\/radiolifefm.com.br\/noticias\/padre-adamantinense-carlos-roberto-fala-sobre-sua-missao-internacional\/#breadcrumb","itemListElement":[{"@type":"ListItem","position":1,"name":"In\u00edcio","item":"https:\/\/radiolifefm.com.br\/noticias\/"},{"@type":"ListItem","position":2,"name":"Padre adamantinense Carlos Roberto fala sobre sua miss\u00e3o internacional"}]},{"@type":"WebSite","@id":"https:\/\/radiolifefm.com.br\/noticias\/#website","url":"https:\/\/radiolifefm.com.br\/noticias\/","name":"R\u00e1dio Life FM","description":"O Portal de Not\u00edcias de Adamantina","publisher":{"@id":"https:\/\/radiolifefm.com.br\/noticias\/#organization"},"alternateName":"Life FM","potentialAction":[{"@type":"SearchAction","target":{"@type":"EntryPoint","urlTemplate":"https:\/\/radiolifefm.com.br\/noticias\/?s={search_term_string}"},"query-input":{"@type":"PropertyValueSpecification","valueRequired":true,"valueName":"search_term_string"}}],"inLanguage":"pt-BR"},{"@type":"Organization","@id":"https:\/\/radiolifefm.com.br\/noticias\/#organization","name":"R\u00e1dio Life FM","alternateName":"Life FM","url":"https:\/\/radiolifefm.com.br\/noticias\/","logo":{"@type":"ImageObject","inLanguage":"pt-BR","@id":"https:\/\/radiolifefm.com.br\/noticias\/#\/schema\/logo\/image\/","url":"https:\/\/static.radiolifefm.com.br\/noticias\/wp-content\/uploads\/2019\/10\/logo-lifefm.png","contentUrl":"https:\/\/static.radiolifefm.com.br\/noticias\/wp-content\/uploads\/2019\/10\/logo-lifefm.png","width":196,"height":47,"caption":"R\u00e1dio Life FM"},"image":{"@id":"https:\/\/radiolifefm.com.br\/noticias\/#\/schema\/logo\/image\/"},"sameAs":["https:\/\/www.facebook.com\/radiolifefm\/","https:\/\/www.instagram.com\/life1079fm\/"]},{"@type":"Person","@id":"https:\/\/radiolifefm.com.br\/noticias\/#\/schema\/person\/4af6fff3068bd0b8dfd1ed7704759f26","name":"J\u00e9ssica Nakadaira","image":{"@type":"ImageObject","inLanguage":"pt-BR","@id":"https:\/\/secure.gravatar.com\/avatar\/8a68115ef30ace340d64293ad9830cfc0a2137ae5a0378e0239504221ef693f5?s=96&d=mm&r=g","url":"https:\/\/secure.gravatar.com\/avatar\/8a68115ef30ace340d64293ad9830cfc0a2137ae5a0378e0239504221ef693f5?s=96&d=mm&r=g","contentUrl":"https:\/\/secure.gravatar.com\/avatar\/8a68115ef30ace340d64293ad9830cfc0a2137ae5a0378e0239504221ef693f5?s=96&d=mm&r=g","caption":"J\u00e9ssica Nakadaira"}}]}},"amp_enabled":true,"_links":{"self":[{"href":"https:\/\/radiolifefm.com.br\/noticias\/wp-json\/wp\/v2\/posts\/101092","targetHints":{"allow":["GET"]}}],"collection":[{"href":"https:\/\/radiolifefm.com.br\/noticias\/wp-json\/wp\/v2\/posts"}],"about":[{"href":"https:\/\/radiolifefm.com.br\/noticias\/wp-json\/wp\/v2\/types\/post"}],"author":[{"embeddable":true,"href":"https:\/\/radiolifefm.com.br\/noticias\/wp-json\/wp\/v2\/users\/15"}],"replies":[{"embeddable":true,"href":"https:\/\/radiolifefm.com.br\/noticias\/wp-json\/wp\/v2\/comments?post=101092"}],"version-history":[{"count":3,"href":"https:\/\/radiolifefm.com.br\/noticias\/wp-json\/wp\/v2\/posts\/101092\/revisions"}],"predecessor-version":[{"id":101175,"href":"https:\/\/radiolifefm.com.br\/noticias\/wp-json\/wp\/v2\/posts\/101092\/revisions\/101175"}],"wp:featuredmedia":[{"embeddable":true,"href":"https:\/\/radiolifefm.com.br\/noticias\/wp-json\/wp\/v2\/media\/101173"}],"wp:attachment":[{"href":"https:\/\/radiolifefm.com.br\/noticias\/wp-json\/wp\/v2\/media?parent=101092"}],"wp:term":[{"taxonomy":"category","embeddable":true,"href":"https:\/\/radiolifefm.com.br\/noticias\/wp-json\/wp\/v2\/categories?post=101092"},{"taxonomy":"post_tag","embeddable":true,"href":"https:\/\/radiolifefm.com.br\/noticias\/wp-json\/wp\/v2\/tags?post=101092"}],"curies":[{"name":"wp","href":"https:\/\/api.w.org\/{rel}","templated":true}]}}