{"id":101065,"date":"2025-05-19T08:38:29","date_gmt":"2025-05-19T11:38:29","guid":{"rendered":"https:\/\/radiolifefm.com.br\/noticias\/?p=101065"},"modified":"2026-04-10T22:35:29","modified_gmt":"2026-04-11T01:35:29","slug":"provincia-esquinas-e-poder-pelo-poder","status":"publish","type":"post","link":"https:\/\/radiolifefm.com.br\/noticias\/provincia-esquinas-e-poder-pelo-poder\/","title":{"rendered":"Prov\u00edncia, esquinas e poder pelo poder&#8230;"},"content":{"rendered":"<div id=\"fb-root\"><\/div>\n<p><em>\u201cA verdade levanta tormentas contra si mesma; as quais transportam as suas sementes pelos quatro ventos.\u201d (Tagore)<\/em><\/p>\n<p>&nbsp;<\/p>\n<p><strong><em>By seb@r. <\/em><\/strong><\/p>\n<p>&nbsp;<\/p>\n<p>A escurid\u00e3o neste tempo de incerteza provinciana pode levar os amantes do poder para lugares sem fim, criando desta forma, condi\u00e7\u00f5es para um golpe em meio \u00e0 desinforma\u00e7\u00e3o entre o grupo deste ou daquele lado&#8230;<\/p>\n<p>O distante fica pr\u00f3ximo e a oposi\u00e7\u00e3o de ontem \u00e9 situa\u00e7\u00e3o hoje, quem sabe, amanh\u00e3, ambos os lados fiquem com o mesmo bolo tupiniquim, afinal de contas, ningu\u00e9m \u00e9 de ningu\u00e9m, muito pelo contr\u00e1rio&#8230;<\/p>\n<p>Por isto e aquilo, a reflex\u00e3o continua sendo o ponto de partida nestas quest\u00f5es relacionadas com o poder e suas vertentes em ru\u00eddos do processo inquisit\u00f3rio para a maioria&#8230;<\/p>\n<p>Por\u00e9m, enquanto uma minoria comanda dos desmandos pela certeza da impunidade de uma justi\u00e7a que n\u00e3o \u201cfala\u201d nada com nada, n\u00e3o \u201couve\u201d nem isto e muito menos aquilo, bem como, n\u00e3o \u201cenxergar\u201d o outro lado de um mesmo lado&#8230;<\/p>\n<p>Nada para atender os anseios do presente pelas manifesta\u00e7\u00f5es do passado, assim mesmo, as palavras continuam sendo sussurradas nos ouvidos de quem quer ouvir o que n\u00e3o existe, ainda mais para os \u201cdonos do poder\u201d nos quatro cantos da Prov\u00edncia em tempo de p\u00f3s-globaliza\u00e7\u00e3o organizacional&#8230;<\/p>\n<p>A busca continua a mesma pelo olhar da hist\u00f3ria dos vencedores, entretanto, pode-se tentar um outro lado neste foco hist\u00f3rico, ainda, quando a procura atende aos anseios da reflex\u00e3o cr\u00edtica sobre um mesmo fato de uma linha do tempo que traz o passado para o presente&#8230;<\/p>\n<p>Todavia, s\u00e3o muitas as descobertas do lado obscuro da mensagem cifrada pelo conquistador mediante a for\u00e7a da espada e da cruz ou vice-versa neste tempo novo tempo&#8230;<\/p>\n<p>Entretanto, mesmo com a vontade da rebeldia pela causa dos fracos e oprimidos de sempre pelo poder com o poder, deve-se registrar que \u201ccorre nas veias\u201d dos combatentes o sangue da luta pela liberdade, destacando um novo olhar para o amanh\u00e3 em meio aos desencontros do presente&#8230;<\/p>\n<p>A conquista do Para\u00edso (sic) se faz pela luta di\u00e1ria em batalhas do interior de cada rebelde, assim, a caminhada pelas estradas de um tempo qualquer pode trazer o lugar da procura infinita pela causa libert\u00e1ria&#8230;<\/p>\n<p>Homens e mulheres pela vontade de estarem \u00e0 frente do seu tempo, desfazendo assim, as amarras de uma pris\u00e3o conjunta e opressora dos sentimentos calados pelo poder institucionalizado pela escurid\u00e3o em noites sem luar&#8230;<\/p>\n<p>Refor\u00e7ando, PERDERAM MAN\u00c9S!<\/p>\n<p>Ainda, QUEM SOBREVIVER VAI SABER&#8230;<\/p>\n<p>&nbsp;<\/p>\n<p><strong><em>____________________________________<\/em><\/strong><\/p>\n<p><strong><em>e-mail: barbosa.sebar@gmail.com<\/em><\/strong><\/p>\n","protected":false},"excerpt":{"rendered":"<p>\u201cA verdade levanta tormentas contra si mesma; as quais transportam as suas sementes pelos quatro ventos.\u201d (Tagore) &nbsp; By seb@r. &nbsp; A escurid\u00e3o neste tempo de incerteza provinciana pode levar os amantes do poder para lugares sem fim, criando desta forma, condi\u00e7\u00f5es para um golpe em meio \u00e0 desinforma\u00e7\u00e3o entre o grupo deste ou daquele [&hellip;]<\/p>\n","protected":false},"author":13,"featured_media":51988,"comment_status":"closed","ping_status":"open","sticky":false,"template":"","format":"standard","meta":{"_acf_changed":false,"_exactmetrics_skip_tracking":false,"_exactmetrics_sitenote_active":false,"_exactmetrics_sitenote_note":"","_exactmetrics_sitenote_category":0,"footnotes":""},"categories":[59],"tags":[],"class_list":["post-101065","post","type-post","status-publish","format-standard","has-post-thumbnail","hentry","category-opiniao"],"acf":[],"yoast_head":"<!-- This site is optimized with the Yoast SEO plugin v27.2 - https:\/\/yoast.com\/product\/yoast-seo-wordpress\/ -->\n<title>Prov\u00edncia, esquinas e poder pelo poder... - R\u00e1dio Life FM<\/title>\n<meta name=\"robots\" content=\"index, follow, max-snippet:-1, max-image-preview:large, max-video-preview:-1\" \/>\n<link rel=\"canonical\" href=\"https:\/\/radiolifefm.com.br\/noticias\/provincia-esquinas-e-poder-pelo-poder\/\" \/>\n<meta property=\"og:locale\" content=\"pt_BR\" \/>\n<meta property=\"og:type\" content=\"article\" \/>\n<meta property=\"og:title\" content=\"Prov\u00edncia, esquinas e poder pelo poder... - R\u00e1dio Life FM\" \/>\n<meta property=\"og:description\" content=\"\u201cA verdade levanta tormentas contra si mesma; as quais transportam as suas sementes pelos quatro ventos.\u201d (Tagore) &nbsp; By seb@r. &nbsp; A escurid\u00e3o neste tempo de incerteza provinciana pode levar os amantes do poder para lugares sem fim, criando desta forma, condi\u00e7\u00f5es para um golpe em meio \u00e0 desinforma\u00e7\u00e3o entre o grupo deste ou daquele [&hellip;]\" \/>\n<meta property=\"og:url\" content=\"https:\/\/radiolifefm.com.br\/noticias\/provincia-esquinas-e-poder-pelo-poder\/\" \/>\n<meta property=\"og:site_name\" content=\"R\u00e1dio Life FM\" \/>\n<meta property=\"article:publisher\" content=\"https:\/\/www.facebook.com\/radiolifefm\/\" \/>\n<meta property=\"article:published_time\" content=\"2025-05-19T11:38:29+00:00\" \/>\n<meta property=\"article:modified_time\" content=\"2026-04-11T01:35:29+00:00\" \/>\n<meta property=\"og:image\" content=\"https:\/\/radiolifefm.com.br\/noticias\/wp-content\/uploads\/2022\/04\/WhatsApp-Image-2022-04-10-at-18.43.02.jpeg\" \/>\n\t<meta property=\"og:image:width\" content=\"972\" \/>\n\t<meta property=\"og:image:height\" content=\"1296\" \/>\n\t<meta property=\"og:image:type\" content=\"image\/jpeg\" \/>\n<meta name=\"author\" content=\"ritanery\" \/>\n<meta name=\"twitter:card\" content=\"summary_large_image\" \/>\n<meta name=\"twitter:label1\" content=\"Escrito por\" \/>\n\t<meta name=\"twitter:data1\" content=\"ritanery\" \/>\n\t<meta name=\"twitter:label2\" content=\"Est. tempo de leitura\" \/>\n\t<meta name=\"twitter:data2\" content=\"3 minutos\" \/>\n<script type=\"application\/ld+json\" class=\"yoast-schema-graph\">{\"@context\":\"https:\/\/schema.org\",\"@graph\":[{\"@type\":\"Article\",\"@id\":\"https:\/\/radiolifefm.com.br\/noticias\/provincia-esquinas-e-poder-pelo-poder\/#article\",\"isPartOf\":{\"@id\":\"https:\/\/radiolifefm.com.br\/noticias\/provincia-esquinas-e-poder-pelo-poder\/\"},\"author\":{\"name\":\"ritanery\",\"@id\":\"https:\/\/radiolifefm.com.br\/noticias\/#\/schema\/person\/6339b9fac59d12b071dec680d7375d87\"},\"headline\":\"Prov\u00edncia, esquinas e poder pelo poder&#8230;\",\"datePublished\":\"2025-05-19T11:38:29+00:00\",\"dateModified\":\"2026-04-11T01:35:29+00:00\",\"mainEntityOfPage\":{\"@id\":\"https:\/\/radiolifefm.com.br\/noticias\/provincia-esquinas-e-poder-pelo-poder\/\"},\"wordCount\":447,\"publisher\":{\"@id\":\"https:\/\/radiolifefm.com.br\/noticias\/#organization\"},\"image\":{\"@id\":\"https:\/\/radiolifefm.com.br\/noticias\/provincia-esquinas-e-poder-pelo-poder\/#primaryimage\"},\"thumbnailUrl\":\"https:\/\/radiolifefm.com.br\/noticias\/wp-content\/uploads\/2022\/04\/WhatsApp-Image-2022-04-10-at-18.43.02.jpeg\",\"articleSection\":[\"Opini\u00e3o\"],\"inLanguage\":\"pt-BR\"},{\"@type\":\"WebPage\",\"@id\":\"https:\/\/radiolifefm.com.br\/noticias\/provincia-esquinas-e-poder-pelo-poder\/\",\"url\":\"https:\/\/radiolifefm.com.br\/noticias\/provincia-esquinas-e-poder-pelo-poder\/\",\"name\":\"Prov\u00edncia, esquinas e poder pelo poder... - R\u00e1dio Life FM\",\"isPartOf\":{\"@id\":\"https:\/\/radiolifefm.com.br\/noticias\/#website\"},\"primaryImageOfPage\":{\"@id\":\"https:\/\/radiolifefm.com.br\/noticias\/provincia-esquinas-e-poder-pelo-poder\/#primaryimage\"},\"image\":{\"@id\":\"https:\/\/radiolifefm.com.br\/noticias\/provincia-esquinas-e-poder-pelo-poder\/#primaryimage\"},\"thumbnailUrl\":\"https:\/\/radiolifefm.com.br\/noticias\/wp-content\/uploads\/2022\/04\/WhatsApp-Image-2022-04-10-at-18.43.02.jpeg\",\"datePublished\":\"2025-05-19T11:38:29+00:00\",\"dateModified\":\"2026-04-11T01:35:29+00:00\",\"breadcrumb\":{\"@id\":\"https:\/\/radiolifefm.com.br\/noticias\/provincia-esquinas-e-poder-pelo-poder\/#breadcrumb\"},\"inLanguage\":\"pt-BR\",\"potentialAction\":[{\"@type\":\"ReadAction\",\"target\":[\"https:\/\/radiolifefm.com.br\/noticias\/provincia-esquinas-e-poder-pelo-poder\/\"]}]},{\"@type\":\"ImageObject\",\"inLanguage\":\"pt-BR\",\"@id\":\"https:\/\/radiolifefm.com.br\/noticias\/provincia-esquinas-e-poder-pelo-poder\/#primaryimage\",\"url\":\"https:\/\/radiolifefm.com.br\/noticias\/wp-content\/uploads\/2022\/04\/WhatsApp-Image-2022-04-10-at-18.43.02.jpeg\",\"contentUrl\":\"https:\/\/radiolifefm.com.br\/noticias\/wp-content\/uploads\/2022\/04\/WhatsApp-Image-2022-04-10-at-18.43.02.jpeg\",\"width\":972,\"height\":1296,\"caption\":\"S\u00e9rgio Barbosa\"},{\"@type\":\"BreadcrumbList\",\"@id\":\"https:\/\/radiolifefm.com.br\/noticias\/provincia-esquinas-e-poder-pelo-poder\/#breadcrumb\",\"itemListElement\":[{\"@type\":\"ListItem\",\"position\":1,\"name\":\"In\u00edcio\",\"item\":\"https:\/\/radiolifefm.com.br\/noticias\/\"},{\"@type\":\"ListItem\",\"position\":2,\"name\":\"Prov\u00edncia, esquinas e poder pelo poder&#8230;\"}]},{\"@type\":\"WebSite\",\"@id\":\"https:\/\/radiolifefm.com.br\/noticias\/#website\",\"url\":\"https:\/\/radiolifefm.com.br\/noticias\/\",\"name\":\"R\u00e1dio Life FM\",\"description\":\"O Portal de Not\u00edcias de Adamantina\",\"publisher\":{\"@id\":\"https:\/\/radiolifefm.com.br\/noticias\/#organization\"},\"alternateName\":\"Life FM\",\"potentialAction\":[{\"@type\":\"SearchAction\",\"target\":{\"@type\":\"EntryPoint\",\"urlTemplate\":\"https:\/\/radiolifefm.com.br\/noticias\/?s={search_term_string}\"},\"query-input\":{\"@type\":\"PropertyValueSpecification\",\"valueRequired\":true,\"valueName\":\"search_term_string\"}}],\"inLanguage\":\"pt-BR\"},{\"@type\":\"Organization\",\"@id\":\"https:\/\/radiolifefm.com.br\/noticias\/#organization\",\"name\":\"R\u00e1dio Life FM\",\"alternateName\":\"Life FM\",\"url\":\"https:\/\/radiolifefm.com.br\/noticias\/\",\"logo\":{\"@type\":\"ImageObject\",\"inLanguage\":\"pt-BR\",\"@id\":\"https:\/\/radiolifefm.com.br\/noticias\/#\/schema\/logo\/image\/\",\"url\":\"https:\/\/static.radiolifefm.com.br\/noticias\/wp-content\/uploads\/2019\/10\/logo-lifefm.png\",\"contentUrl\":\"https:\/\/static.radiolifefm.com.br\/noticias\/wp-content\/uploads\/2019\/10\/logo-lifefm.png\",\"width\":196,\"height\":47,\"caption\":\"R\u00e1dio Life FM\"},\"image\":{\"@id\":\"https:\/\/radiolifefm.com.br\/noticias\/#\/schema\/logo\/image\/\"},\"sameAs\":[\"https:\/\/www.facebook.com\/radiolifefm\/\",\"https:\/\/www.instagram.com\/life1079fm\/\"]},{\"@type\":\"Person\",\"@id\":\"https:\/\/radiolifefm.com.br\/noticias\/#\/schema\/person\/6339b9fac59d12b071dec680d7375d87\",\"name\":\"ritanery\",\"image\":{\"@type\":\"ImageObject\",\"inLanguage\":\"pt-BR\",\"@id\":\"https:\/\/secure.gravatar.com\/avatar\/0e37bb19071f47c0b8a23f62a903df117c5a0e75f65a0c2901562f97cd41cf86?s=96&d=mm&r=g\",\"url\":\"https:\/\/secure.gravatar.com\/avatar\/0e37bb19071f47c0b8a23f62a903df117c5a0e75f65a0c2901562f97cd41cf86?s=96&d=mm&r=g\",\"contentUrl\":\"https:\/\/secure.gravatar.com\/avatar\/0e37bb19071f47c0b8a23f62a903df117c5a0e75f65a0c2901562f97cd41cf86?s=96&d=mm&r=g\",\"caption\":\"ritanery\"}}]}<\/script>\n<!-- \/ Yoast SEO plugin. -->","yoast_head_json":{"title":"Prov\u00edncia, esquinas e poder pelo poder... - R\u00e1dio Life FM","robots":{"index":"index","follow":"follow","max-snippet":"max-snippet:-1","max-image-preview":"max-image-preview:large","max-video-preview":"max-video-preview:-1"},"canonical":"https:\/\/radiolifefm.com.br\/noticias\/provincia-esquinas-e-poder-pelo-poder\/","og_locale":"pt_BR","og_type":"article","og_title":"Prov\u00edncia, esquinas e poder pelo poder... - R\u00e1dio Life FM","og_description":"\u201cA verdade levanta tormentas contra si mesma; as quais transportam as suas sementes pelos quatro ventos.\u201d (Tagore) &nbsp; By seb@r. &nbsp; A escurid\u00e3o neste tempo de incerteza provinciana pode levar os amantes do poder para lugares sem fim, criando desta forma, condi\u00e7\u00f5es para um golpe em meio \u00e0 desinforma\u00e7\u00e3o entre o grupo deste ou daquele [&hellip;]","og_url":"https:\/\/radiolifefm.com.br\/noticias\/provincia-esquinas-e-poder-pelo-poder\/","og_site_name":"R\u00e1dio Life FM","article_publisher":"https:\/\/www.facebook.com\/radiolifefm\/","article_published_time":"2025-05-19T11:38:29+00:00","article_modified_time":"2026-04-11T01:35:29+00:00","og_image":[{"width":972,"height":1296,"url":"https:\/\/radiolifefm.com.br\/noticias\/wp-content\/uploads\/2022\/04\/WhatsApp-Image-2022-04-10-at-18.43.02.jpeg","type":"image\/jpeg"}],"author":"ritanery","twitter_card":"summary_large_image","twitter_misc":{"Escrito por":"ritanery","Est. tempo de leitura":"3 minutos"},"schema":{"@context":"https:\/\/schema.org","@graph":[{"@type":"Article","@id":"https:\/\/radiolifefm.com.br\/noticias\/provincia-esquinas-e-poder-pelo-poder\/#article","isPartOf":{"@id":"https:\/\/radiolifefm.com.br\/noticias\/provincia-esquinas-e-poder-pelo-poder\/"},"author":{"name":"ritanery","@id":"https:\/\/radiolifefm.com.br\/noticias\/#\/schema\/person\/6339b9fac59d12b071dec680d7375d87"},"headline":"Prov\u00edncia, esquinas e poder pelo poder&#8230;","datePublished":"2025-05-19T11:38:29+00:00","dateModified":"2026-04-11T01:35:29+00:00","mainEntityOfPage":{"@id":"https:\/\/radiolifefm.com.br\/noticias\/provincia-esquinas-e-poder-pelo-poder\/"},"wordCount":447,"publisher":{"@id":"https:\/\/radiolifefm.com.br\/noticias\/#organization"},"image":{"@id":"https:\/\/radiolifefm.com.br\/noticias\/provincia-esquinas-e-poder-pelo-poder\/#primaryimage"},"thumbnailUrl":"https:\/\/radiolifefm.com.br\/noticias\/wp-content\/uploads\/2022\/04\/WhatsApp-Image-2022-04-10-at-18.43.02.jpeg","articleSection":["Opini\u00e3o"],"inLanguage":"pt-BR"},{"@type":"WebPage","@id":"https:\/\/radiolifefm.com.br\/noticias\/provincia-esquinas-e-poder-pelo-poder\/","url":"https:\/\/radiolifefm.com.br\/noticias\/provincia-esquinas-e-poder-pelo-poder\/","name":"Prov\u00edncia, esquinas e poder pelo poder... - R\u00e1dio Life FM","isPartOf":{"@id":"https:\/\/radiolifefm.com.br\/noticias\/#website"},"primaryImageOfPage":{"@id":"https:\/\/radiolifefm.com.br\/noticias\/provincia-esquinas-e-poder-pelo-poder\/#primaryimage"},"image":{"@id":"https:\/\/radiolifefm.com.br\/noticias\/provincia-esquinas-e-poder-pelo-poder\/#primaryimage"},"thumbnailUrl":"https:\/\/radiolifefm.com.br\/noticias\/wp-content\/uploads\/2022\/04\/WhatsApp-Image-2022-04-10-at-18.43.02.jpeg","datePublished":"2025-05-19T11:38:29+00:00","dateModified":"2026-04-11T01:35:29+00:00","breadcrumb":{"@id":"https:\/\/radiolifefm.com.br\/noticias\/provincia-esquinas-e-poder-pelo-poder\/#breadcrumb"},"inLanguage":"pt-BR","potentialAction":[{"@type":"ReadAction","target":["https:\/\/radiolifefm.com.br\/noticias\/provincia-esquinas-e-poder-pelo-poder\/"]}]},{"@type":"ImageObject","inLanguage":"pt-BR","@id":"https:\/\/radiolifefm.com.br\/noticias\/provincia-esquinas-e-poder-pelo-poder\/#primaryimage","url":"https:\/\/radiolifefm.com.br\/noticias\/wp-content\/uploads\/2022\/04\/WhatsApp-Image-2022-04-10-at-18.43.02.jpeg","contentUrl":"https:\/\/radiolifefm.com.br\/noticias\/wp-content\/uploads\/2022\/04\/WhatsApp-Image-2022-04-10-at-18.43.02.jpeg","width":972,"height":1296,"caption":"S\u00e9rgio Barbosa"},{"@type":"BreadcrumbList","@id":"https:\/\/radiolifefm.com.br\/noticias\/provincia-esquinas-e-poder-pelo-poder\/#breadcrumb","itemListElement":[{"@type":"ListItem","position":1,"name":"In\u00edcio","item":"https:\/\/radiolifefm.com.br\/noticias\/"},{"@type":"ListItem","position":2,"name":"Prov\u00edncia, esquinas e poder pelo poder&#8230;"}]},{"@type":"WebSite","@id":"https:\/\/radiolifefm.com.br\/noticias\/#website","url":"https:\/\/radiolifefm.com.br\/noticias\/","name":"R\u00e1dio Life FM","description":"O Portal de Not\u00edcias de Adamantina","publisher":{"@id":"https:\/\/radiolifefm.com.br\/noticias\/#organization"},"alternateName":"Life FM","potentialAction":[{"@type":"SearchAction","target":{"@type":"EntryPoint","urlTemplate":"https:\/\/radiolifefm.com.br\/noticias\/?s={search_term_string}"},"query-input":{"@type":"PropertyValueSpecification","valueRequired":true,"valueName":"search_term_string"}}],"inLanguage":"pt-BR"},{"@type":"Organization","@id":"https:\/\/radiolifefm.com.br\/noticias\/#organization","name":"R\u00e1dio Life FM","alternateName":"Life FM","url":"https:\/\/radiolifefm.com.br\/noticias\/","logo":{"@type":"ImageObject","inLanguage":"pt-BR","@id":"https:\/\/radiolifefm.com.br\/noticias\/#\/schema\/logo\/image\/","url":"https:\/\/static.radiolifefm.com.br\/noticias\/wp-content\/uploads\/2019\/10\/logo-lifefm.png","contentUrl":"https:\/\/static.radiolifefm.com.br\/noticias\/wp-content\/uploads\/2019\/10\/logo-lifefm.png","width":196,"height":47,"caption":"R\u00e1dio Life FM"},"image":{"@id":"https:\/\/radiolifefm.com.br\/noticias\/#\/schema\/logo\/image\/"},"sameAs":["https:\/\/www.facebook.com\/radiolifefm\/","https:\/\/www.instagram.com\/life1079fm\/"]},{"@type":"Person","@id":"https:\/\/radiolifefm.com.br\/noticias\/#\/schema\/person\/6339b9fac59d12b071dec680d7375d87","name":"ritanery","image":{"@type":"ImageObject","inLanguage":"pt-BR","@id":"https:\/\/secure.gravatar.com\/avatar\/0e37bb19071f47c0b8a23f62a903df117c5a0e75f65a0c2901562f97cd41cf86?s=96&d=mm&r=g","url":"https:\/\/secure.gravatar.com\/avatar\/0e37bb19071f47c0b8a23f62a903df117c5a0e75f65a0c2901562f97cd41cf86?s=96&d=mm&r=g","contentUrl":"https:\/\/secure.gravatar.com\/avatar\/0e37bb19071f47c0b8a23f62a903df117c5a0e75f65a0c2901562f97cd41cf86?s=96&d=mm&r=g","caption":"ritanery"}}]}},"amp_enabled":true,"_links":{"self":[{"href":"https:\/\/radiolifefm.com.br\/noticias\/wp-json\/wp\/v2\/posts\/101065","targetHints":{"allow":["GET"]}}],"collection":[{"href":"https:\/\/radiolifefm.com.br\/noticias\/wp-json\/wp\/v2\/posts"}],"about":[{"href":"https:\/\/radiolifefm.com.br\/noticias\/wp-json\/wp\/v2\/types\/post"}],"author":[{"embeddable":true,"href":"https:\/\/radiolifefm.com.br\/noticias\/wp-json\/wp\/v2\/users\/13"}],"replies":[{"embeddable":true,"href":"https:\/\/radiolifefm.com.br\/noticias\/wp-json\/wp\/v2\/comments?post=101065"}],"version-history":[{"count":1,"href":"https:\/\/radiolifefm.com.br\/noticias\/wp-json\/wp\/v2\/posts\/101065\/revisions"}],"predecessor-version":[{"id":101066,"href":"https:\/\/radiolifefm.com.br\/noticias\/wp-json\/wp\/v2\/posts\/101065\/revisions\/101066"}],"wp:featuredmedia":[{"embeddable":true,"href":"https:\/\/radiolifefm.com.br\/noticias\/wp-json\/wp\/v2\/media\/51988"}],"wp:attachment":[{"href":"https:\/\/radiolifefm.com.br\/noticias\/wp-json\/wp\/v2\/media?parent=101065"}],"wp:term":[{"taxonomy":"category","embeddable":true,"href":"https:\/\/radiolifefm.com.br\/noticias\/wp-json\/wp\/v2\/categories?post=101065"},{"taxonomy":"post_tag","embeddable":true,"href":"https:\/\/radiolifefm.com.br\/noticias\/wp-json\/wp\/v2\/tags?post=101065"}],"curies":[{"name":"wp","href":"https:\/\/api.w.org\/{rel}","templated":true}]}}