{"id":100941,"date":"2025-05-14T09:02:42","date_gmt":"2025-05-14T12:02:42","guid":{"rendered":"https:\/\/radiolifefm.com.br\/noticias\/?p=100941"},"modified":"2026-02-02T20:11:00","modified_gmt":"2026-02-02T23:11:00","slug":"mais-um-trator-bate-contra-poste-e-causa-a-interrupcao-no-fornecimento-de-energia-para-moradores-do-jose-rota","status":"publish","type":"post","link":"https:\/\/radiolifefm.com.br\/noticias\/mais-um-trator-bate-contra-poste-e-causa-a-interrupcao-no-fornecimento-de-energia-para-moradores-do-jose-rota\/","title":{"rendered":"Mais um trator bate contra poste e causa a interrup\u00e7\u00e3o no fornecimento de energia para moradores do Jos\u00e9 Rota"},"content":{"rendered":"<div id=\"fb-root\"><\/div>\n<div>Em menos de uma semana, mais uma ocorr\u00eancia de colis\u00e3o de trator contra um poste em foi registrada na regi\u00e3o. Desta vez foi em Presidente Prudente, na manh\u00e3 desta segunda-feira (12), causando a interrup\u00e7\u00e3o no fornecimento da energia para moradores do bairro Jos\u00e9 Rota e de propriedades rurais das proximidades. Registrada no sistema el\u00e9trico \u00e0s 10h44, a ocorr\u00eancia \u00e9 mais um alerta sobre os riscos do manuseio de maquin\u00e1rios pr\u00f3ximo \u00e0 rede el\u00e9trica.<\/div>\n<div><\/div>\n<div>Imediatamente as equipes da Energisa foram enviadas para a localidade, onde constataram que, com o impacto da batida, foram danificados dois postes. Em campo, as equipes realizaram, procedimentos na rede el\u00e9trica, viabilizando o restabelecimento da energia de forma gradativa para os clientes afetados. As equipes seguem no local trabalhando dentro dos protocolos t\u00e9cnicos com o intuito de concluir os reparos o mais r\u00e1pido poss\u00edvel, com seguran\u00e7a.<\/div>\n<div><\/div>\n<div><b>Impactos na rede el\u00e9trica<\/b><\/div>\n<div>Na semana quarta-feira passada um trator atingiu um poste na \u00e1rea rural de Rancharia, deixando cerca de 800 clientes do munic\u00edpio sem energia. \u201cA proximidade de maquin\u00e1rios agr\u00edcolas da rede el\u00e9trica pode causar acidentes graves, j\u00e1 que nas colis\u00f5es contra postes pode haver rompimento de cabos de alta tens\u00e3o e, consequentemente, a interrup\u00e7\u00e3o da energia para clientes nas \u00e1reas rurais e urbanas, incluindo resid\u00eancias, com\u00e9rcios, ind\u00fastrias e at\u00e9 servi\u00e7os essenciais\u201d, afirma o gerente de Opera\u00e7\u00f5es da Energisa Sul-Sudeste, Anderson Rabelo Rosa.<\/div>\n<div><\/div>\n<div>Por isso, a concession\u00e1ria refor\u00e7a as orienta\u00e7\u00f5es para garantir a seguran\u00e7a no manuseio de m\u00e1quinas e implementos agr\u00edcolas. \u201cUma das orienta\u00e7\u00f5es mais importantes \u00e9 analisar previamente o distanciamento adequado da faixa de servid\u00e3o. Caso o ve\u00edculo venha a encostar na rede el\u00e9trica, o motorista jamais deve tentar sair do maquin\u00e1rio (exceto em caso de princ\u00edpio de inc\u00eandio). Neste caso, deve-se chamar imediatamente a Energisa e os Bombeiros, que far\u00e3o os procedimentos de socorro com seguran\u00e7a\u201d, refor\u00e7a.<\/div>\n<div><\/div>\n<div>Em caso de d\u00favidas, acesse os canais de atendimento da Energisa: site\u00a0<u><a id=\"m_90667056392099035OWA616f0db0-5114-7c5e-1dc5-aff5c66513d8\" href=\"http:\/\/www.energisa.com.br\/\" target=\"_blank\" rel=\"noopener\" data-saferedirecturl=\"https:\/\/www.google.com\/url?q=http:\/\/www.energisa.com.br&amp;source=gmail&amp;ust=1747310488775000&amp;usg=AOvVaw21Qd8HaMW7KWbz5TeW-BJC\">www.energisa.com.br<\/a><\/u>; aplicativo Energisa\u202fOn; Gisa\/WhatsApp: (18) 99120-3365; ou Call Center 0800 70 10 326.<\/div>\n<div><\/div>\n<div><\/div>\n<div>Fonte: Assessoria de Imprensa<\/div>\n","protected":false},"excerpt":{"rendered":"<p>Em menos de uma semana, mais uma ocorr\u00eancia de colis\u00e3o de trator contra um poste em foi registrada na regi\u00e3o. Desta vez foi em Presidente Prudente, na manh\u00e3 desta segunda-feira (12), causando a interrup\u00e7\u00e3o no fornecimento da energia para moradores do bairro Jos\u00e9 Rota e de propriedades rurais das proximidades. Registrada no sistema el\u00e9trico \u00e0s [&hellip;]<\/p>\n","protected":false},"author":13,"featured_media":100942,"comment_status":"closed","ping_status":"open","sticky":false,"template":"","format":"standard","meta":{"_acf_changed":false,"_exactmetrics_skip_tracking":false,"_exactmetrics_sitenote_active":false,"_exactmetrics_sitenote_note":"","_exactmetrics_sitenote_category":0,"footnotes":""},"categories":[1],"tags":[],"class_list":["post-100941","post","type-post","status-publish","format-standard","has-post-thumbnail","hentry","category-geral"],"acf":[],"yoast_head":"<!-- This site is optimized with the Yoast SEO plugin v27.2 - https:\/\/yoast.com\/product\/yoast-seo-wordpress\/ -->\n<title>Mais um trator bate contra poste e causa a interrup\u00e7\u00e3o no fornecimento de energia para moradores do Jos\u00e9 Rota - R\u00e1dio Life FM<\/title>\n<meta name=\"robots\" content=\"index, follow, max-snippet:-1, max-image-preview:large, max-video-preview:-1\" \/>\n<link rel=\"canonical\" href=\"https:\/\/radiolifefm.com.br\/noticias\/mais-um-trator-bate-contra-poste-e-causa-a-interrupcao-no-fornecimento-de-energia-para-moradores-do-jose-rota\/\" \/>\n<meta property=\"og:locale\" content=\"pt_BR\" \/>\n<meta property=\"og:type\" content=\"article\" \/>\n<meta property=\"og:title\" content=\"Mais um trator bate contra poste e causa a interrup\u00e7\u00e3o no fornecimento de energia para moradores do Jos\u00e9 Rota - R\u00e1dio Life FM\" \/>\n<meta property=\"og:description\" content=\"Em menos de uma semana, mais uma ocorr\u00eancia de colis\u00e3o de trator contra um poste em foi registrada na regi\u00e3o. Desta vez foi em Presidente Prudente, na manh\u00e3 desta segunda-feira (12), causando a interrup\u00e7\u00e3o no fornecimento da energia para moradores do bairro Jos\u00e9 Rota e de propriedades rurais das proximidades. Registrada no sistema el\u00e9trico \u00e0s [&hellip;]\" \/>\n<meta property=\"og:url\" content=\"https:\/\/radiolifefm.com.br\/noticias\/mais-um-trator-bate-contra-poste-e-causa-a-interrupcao-no-fornecimento-de-energia-para-moradores-do-jose-rota\/\" \/>\n<meta property=\"og:site_name\" content=\"R\u00e1dio Life FM\" \/>\n<meta property=\"article:publisher\" content=\"https:\/\/www.facebook.com\/radiolifefm\/\" \/>\n<meta property=\"article:published_time\" content=\"2025-05-14T12:02:42+00:00\" \/>\n<meta property=\"article:modified_time\" content=\"2026-02-02T23:11:00+00:00\" \/>\n<meta property=\"og:image\" content=\"https:\/\/radiolifefm.com.br\/noticias\/wp-content\/uploads\/2025\/05\/Trator-em-Prudente-1.jpeg\" \/>\n\t<meta property=\"og:image:width\" content=\"720\" \/>\n\t<meta property=\"og:image:height\" content=\"1280\" \/>\n\t<meta property=\"og:image:type\" content=\"image\/jpeg\" \/>\n<meta name=\"author\" content=\"ritanery\" \/>\n<meta name=\"twitter:card\" content=\"summary_large_image\" \/>\n<meta name=\"twitter:label1\" content=\"Escrito por\" \/>\n\t<meta name=\"twitter:data1\" content=\"ritanery\" \/>\n\t<meta name=\"twitter:label2\" content=\"Est. tempo de leitura\" \/>\n\t<meta name=\"twitter:data2\" content=\"2 minutos\" \/>\n<script type=\"application\/ld+json\" class=\"yoast-schema-graph\">{\"@context\":\"https:\/\/schema.org\",\"@graph\":[{\"@type\":\"Article\",\"@id\":\"https:\/\/radiolifefm.com.br\/noticias\/mais-um-trator-bate-contra-poste-e-causa-a-interrupcao-no-fornecimento-de-energia-para-moradores-do-jose-rota\/#article\",\"isPartOf\":{\"@id\":\"https:\/\/radiolifefm.com.br\/noticias\/mais-um-trator-bate-contra-poste-e-causa-a-interrupcao-no-fornecimento-de-energia-para-moradores-do-jose-rota\/\"},\"author\":{\"name\":\"ritanery\",\"@id\":\"https:\/\/radiolifefm.com.br\/noticias\/#\/schema\/person\/6339b9fac59d12b071dec680d7375d87\"},\"headline\":\"Mais um trator bate contra poste e causa a interrup\u00e7\u00e3o no fornecimento de energia para moradores do Jos\u00e9 Rota\",\"datePublished\":\"2025-05-14T12:02:42+00:00\",\"dateModified\":\"2026-02-02T23:11:00+00:00\",\"mainEntityOfPage\":{\"@id\":\"https:\/\/radiolifefm.com.br\/noticias\/mais-um-trator-bate-contra-poste-e-causa-a-interrupcao-no-fornecimento-de-energia-para-moradores-do-jose-rota\/\"},\"wordCount\":388,\"publisher\":{\"@id\":\"https:\/\/radiolifefm.com.br\/noticias\/#organization\"},\"image\":{\"@id\":\"https:\/\/radiolifefm.com.br\/noticias\/mais-um-trator-bate-contra-poste-e-causa-a-interrupcao-no-fornecimento-de-energia-para-moradores-do-jose-rota\/#primaryimage\"},\"thumbnailUrl\":\"https:\/\/radiolifefm.com.br\/noticias\/wp-content\/uploads\/2025\/05\/Trator-em-Prudente-1.jpeg\",\"articleSection\":[\"Geral\"],\"inLanguage\":\"pt-BR\"},{\"@type\":\"WebPage\",\"@id\":\"https:\/\/radiolifefm.com.br\/noticias\/mais-um-trator-bate-contra-poste-e-causa-a-interrupcao-no-fornecimento-de-energia-para-moradores-do-jose-rota\/\",\"url\":\"https:\/\/radiolifefm.com.br\/noticias\/mais-um-trator-bate-contra-poste-e-causa-a-interrupcao-no-fornecimento-de-energia-para-moradores-do-jose-rota\/\",\"name\":\"Mais um trator bate contra poste e causa a interrup\u00e7\u00e3o no fornecimento de energia para moradores do Jos\u00e9 Rota - R\u00e1dio Life FM\",\"isPartOf\":{\"@id\":\"https:\/\/radiolifefm.com.br\/noticias\/#website\"},\"primaryImageOfPage\":{\"@id\":\"https:\/\/radiolifefm.com.br\/noticias\/mais-um-trator-bate-contra-poste-e-causa-a-interrupcao-no-fornecimento-de-energia-para-moradores-do-jose-rota\/#primaryimage\"},\"image\":{\"@id\":\"https:\/\/radiolifefm.com.br\/noticias\/mais-um-trator-bate-contra-poste-e-causa-a-interrupcao-no-fornecimento-de-energia-para-moradores-do-jose-rota\/#primaryimage\"},\"thumbnailUrl\":\"https:\/\/radiolifefm.com.br\/noticias\/wp-content\/uploads\/2025\/05\/Trator-em-Prudente-1.jpeg\",\"datePublished\":\"2025-05-14T12:02:42+00:00\",\"dateModified\":\"2026-02-02T23:11:00+00:00\",\"breadcrumb\":{\"@id\":\"https:\/\/radiolifefm.com.br\/noticias\/mais-um-trator-bate-contra-poste-e-causa-a-interrupcao-no-fornecimento-de-energia-para-moradores-do-jose-rota\/#breadcrumb\"},\"inLanguage\":\"pt-BR\",\"potentialAction\":[{\"@type\":\"ReadAction\",\"target\":[\"https:\/\/radiolifefm.com.br\/noticias\/mais-um-trator-bate-contra-poste-e-causa-a-interrupcao-no-fornecimento-de-energia-para-moradores-do-jose-rota\/\"]}]},{\"@type\":\"ImageObject\",\"inLanguage\":\"pt-BR\",\"@id\":\"https:\/\/radiolifefm.com.br\/noticias\/mais-um-trator-bate-contra-poste-e-causa-a-interrupcao-no-fornecimento-de-energia-para-moradores-do-jose-rota\/#primaryimage\",\"url\":\"https:\/\/radiolifefm.com.br\/noticias\/wp-content\/uploads\/2025\/05\/Trator-em-Prudente-1.jpeg\",\"contentUrl\":\"https:\/\/radiolifefm.com.br\/noticias\/wp-content\/uploads\/2025\/05\/Trator-em-Prudente-1.jpeg\",\"width\":720,\"height\":1280},{\"@type\":\"BreadcrumbList\",\"@id\":\"https:\/\/radiolifefm.com.br\/noticias\/mais-um-trator-bate-contra-poste-e-causa-a-interrupcao-no-fornecimento-de-energia-para-moradores-do-jose-rota\/#breadcrumb\",\"itemListElement\":[{\"@type\":\"ListItem\",\"position\":1,\"name\":\"In\u00edcio\",\"item\":\"https:\/\/radiolifefm.com.br\/noticias\/\"},{\"@type\":\"ListItem\",\"position\":2,\"name\":\"Mais um trator bate contra poste e causa a interrup\u00e7\u00e3o no fornecimento de energia para moradores do Jos\u00e9 Rota\"}]},{\"@type\":\"WebSite\",\"@id\":\"https:\/\/radiolifefm.com.br\/noticias\/#website\",\"url\":\"https:\/\/radiolifefm.com.br\/noticias\/\",\"name\":\"R\u00e1dio Life FM\",\"description\":\"O Portal de Not\u00edcias de Adamantina\",\"publisher\":{\"@id\":\"https:\/\/radiolifefm.com.br\/noticias\/#organization\"},\"alternateName\":\"Life FM\",\"potentialAction\":[{\"@type\":\"SearchAction\",\"target\":{\"@type\":\"EntryPoint\",\"urlTemplate\":\"https:\/\/radiolifefm.com.br\/noticias\/?s={search_term_string}\"},\"query-input\":{\"@type\":\"PropertyValueSpecification\",\"valueRequired\":true,\"valueName\":\"search_term_string\"}}],\"inLanguage\":\"pt-BR\"},{\"@type\":\"Organization\",\"@id\":\"https:\/\/radiolifefm.com.br\/noticias\/#organization\",\"name\":\"R\u00e1dio Life FM\",\"alternateName\":\"Life FM\",\"url\":\"https:\/\/radiolifefm.com.br\/noticias\/\",\"logo\":{\"@type\":\"ImageObject\",\"inLanguage\":\"pt-BR\",\"@id\":\"https:\/\/radiolifefm.com.br\/noticias\/#\/schema\/logo\/image\/\",\"url\":\"https:\/\/static.radiolifefm.com.br\/noticias\/wp-content\/uploads\/2019\/10\/logo-lifefm.png\",\"contentUrl\":\"https:\/\/static.radiolifefm.com.br\/noticias\/wp-content\/uploads\/2019\/10\/logo-lifefm.png\",\"width\":196,\"height\":47,\"caption\":\"R\u00e1dio Life FM\"},\"image\":{\"@id\":\"https:\/\/radiolifefm.com.br\/noticias\/#\/schema\/logo\/image\/\"},\"sameAs\":[\"https:\/\/www.facebook.com\/radiolifefm\/\",\"https:\/\/www.instagram.com\/life1079fm\/\"]},{\"@type\":\"Person\",\"@id\":\"https:\/\/radiolifefm.com.br\/noticias\/#\/schema\/person\/6339b9fac59d12b071dec680d7375d87\",\"name\":\"ritanery\",\"image\":{\"@type\":\"ImageObject\",\"inLanguage\":\"pt-BR\",\"@id\":\"https:\/\/secure.gravatar.com\/avatar\/0e37bb19071f47c0b8a23f62a903df117c5a0e75f65a0c2901562f97cd41cf86?s=96&d=mm&r=g\",\"url\":\"https:\/\/secure.gravatar.com\/avatar\/0e37bb19071f47c0b8a23f62a903df117c5a0e75f65a0c2901562f97cd41cf86?s=96&d=mm&r=g\",\"contentUrl\":\"https:\/\/secure.gravatar.com\/avatar\/0e37bb19071f47c0b8a23f62a903df117c5a0e75f65a0c2901562f97cd41cf86?s=96&d=mm&r=g\",\"caption\":\"ritanery\"}}]}<\/script>\n<!-- \/ Yoast SEO plugin. -->","yoast_head_json":{"title":"Mais um trator bate contra poste e causa a interrup\u00e7\u00e3o no fornecimento de energia para moradores do Jos\u00e9 Rota - R\u00e1dio Life FM","robots":{"index":"index","follow":"follow","max-snippet":"max-snippet:-1","max-image-preview":"max-image-preview:large","max-video-preview":"max-video-preview:-1"},"canonical":"https:\/\/radiolifefm.com.br\/noticias\/mais-um-trator-bate-contra-poste-e-causa-a-interrupcao-no-fornecimento-de-energia-para-moradores-do-jose-rota\/","og_locale":"pt_BR","og_type":"article","og_title":"Mais um trator bate contra poste e causa a interrup\u00e7\u00e3o no fornecimento de energia para moradores do Jos\u00e9 Rota - R\u00e1dio Life FM","og_description":"Em menos de uma semana, mais uma ocorr\u00eancia de colis\u00e3o de trator contra um poste em foi registrada na regi\u00e3o. Desta vez foi em Presidente Prudente, na manh\u00e3 desta segunda-feira (12), causando a interrup\u00e7\u00e3o no fornecimento da energia para moradores do bairro Jos\u00e9 Rota e de propriedades rurais das proximidades. Registrada no sistema el\u00e9trico \u00e0s [&hellip;]","og_url":"https:\/\/radiolifefm.com.br\/noticias\/mais-um-trator-bate-contra-poste-e-causa-a-interrupcao-no-fornecimento-de-energia-para-moradores-do-jose-rota\/","og_site_name":"R\u00e1dio Life FM","article_publisher":"https:\/\/www.facebook.com\/radiolifefm\/","article_published_time":"2025-05-14T12:02:42+00:00","article_modified_time":"2026-02-02T23:11:00+00:00","og_image":[{"width":720,"height":1280,"url":"https:\/\/radiolifefm.com.br\/noticias\/wp-content\/uploads\/2025\/05\/Trator-em-Prudente-1.jpeg","type":"image\/jpeg"}],"author":"ritanery","twitter_card":"summary_large_image","twitter_misc":{"Escrito por":"ritanery","Est. tempo de leitura":"2 minutos"},"schema":{"@context":"https:\/\/schema.org","@graph":[{"@type":"Article","@id":"https:\/\/radiolifefm.com.br\/noticias\/mais-um-trator-bate-contra-poste-e-causa-a-interrupcao-no-fornecimento-de-energia-para-moradores-do-jose-rota\/#article","isPartOf":{"@id":"https:\/\/radiolifefm.com.br\/noticias\/mais-um-trator-bate-contra-poste-e-causa-a-interrupcao-no-fornecimento-de-energia-para-moradores-do-jose-rota\/"},"author":{"name":"ritanery","@id":"https:\/\/radiolifefm.com.br\/noticias\/#\/schema\/person\/6339b9fac59d12b071dec680d7375d87"},"headline":"Mais um trator bate contra poste e causa a interrup\u00e7\u00e3o no fornecimento de energia para moradores do Jos\u00e9 Rota","datePublished":"2025-05-14T12:02:42+00:00","dateModified":"2026-02-02T23:11:00+00:00","mainEntityOfPage":{"@id":"https:\/\/radiolifefm.com.br\/noticias\/mais-um-trator-bate-contra-poste-e-causa-a-interrupcao-no-fornecimento-de-energia-para-moradores-do-jose-rota\/"},"wordCount":388,"publisher":{"@id":"https:\/\/radiolifefm.com.br\/noticias\/#organization"},"image":{"@id":"https:\/\/radiolifefm.com.br\/noticias\/mais-um-trator-bate-contra-poste-e-causa-a-interrupcao-no-fornecimento-de-energia-para-moradores-do-jose-rota\/#primaryimage"},"thumbnailUrl":"https:\/\/radiolifefm.com.br\/noticias\/wp-content\/uploads\/2025\/05\/Trator-em-Prudente-1.jpeg","articleSection":["Geral"],"inLanguage":"pt-BR"},{"@type":"WebPage","@id":"https:\/\/radiolifefm.com.br\/noticias\/mais-um-trator-bate-contra-poste-e-causa-a-interrupcao-no-fornecimento-de-energia-para-moradores-do-jose-rota\/","url":"https:\/\/radiolifefm.com.br\/noticias\/mais-um-trator-bate-contra-poste-e-causa-a-interrupcao-no-fornecimento-de-energia-para-moradores-do-jose-rota\/","name":"Mais um trator bate contra poste e causa a interrup\u00e7\u00e3o no fornecimento de energia para moradores do Jos\u00e9 Rota - R\u00e1dio Life FM","isPartOf":{"@id":"https:\/\/radiolifefm.com.br\/noticias\/#website"},"primaryImageOfPage":{"@id":"https:\/\/radiolifefm.com.br\/noticias\/mais-um-trator-bate-contra-poste-e-causa-a-interrupcao-no-fornecimento-de-energia-para-moradores-do-jose-rota\/#primaryimage"},"image":{"@id":"https:\/\/radiolifefm.com.br\/noticias\/mais-um-trator-bate-contra-poste-e-causa-a-interrupcao-no-fornecimento-de-energia-para-moradores-do-jose-rota\/#primaryimage"},"thumbnailUrl":"https:\/\/radiolifefm.com.br\/noticias\/wp-content\/uploads\/2025\/05\/Trator-em-Prudente-1.jpeg","datePublished":"2025-05-14T12:02:42+00:00","dateModified":"2026-02-02T23:11:00+00:00","breadcrumb":{"@id":"https:\/\/radiolifefm.com.br\/noticias\/mais-um-trator-bate-contra-poste-e-causa-a-interrupcao-no-fornecimento-de-energia-para-moradores-do-jose-rota\/#breadcrumb"},"inLanguage":"pt-BR","potentialAction":[{"@type":"ReadAction","target":["https:\/\/radiolifefm.com.br\/noticias\/mais-um-trator-bate-contra-poste-e-causa-a-interrupcao-no-fornecimento-de-energia-para-moradores-do-jose-rota\/"]}]},{"@type":"ImageObject","inLanguage":"pt-BR","@id":"https:\/\/radiolifefm.com.br\/noticias\/mais-um-trator-bate-contra-poste-e-causa-a-interrupcao-no-fornecimento-de-energia-para-moradores-do-jose-rota\/#primaryimage","url":"https:\/\/radiolifefm.com.br\/noticias\/wp-content\/uploads\/2025\/05\/Trator-em-Prudente-1.jpeg","contentUrl":"https:\/\/radiolifefm.com.br\/noticias\/wp-content\/uploads\/2025\/05\/Trator-em-Prudente-1.jpeg","width":720,"height":1280},{"@type":"BreadcrumbList","@id":"https:\/\/radiolifefm.com.br\/noticias\/mais-um-trator-bate-contra-poste-e-causa-a-interrupcao-no-fornecimento-de-energia-para-moradores-do-jose-rota\/#breadcrumb","itemListElement":[{"@type":"ListItem","position":1,"name":"In\u00edcio","item":"https:\/\/radiolifefm.com.br\/noticias\/"},{"@type":"ListItem","position":2,"name":"Mais um trator bate contra poste e causa a interrup\u00e7\u00e3o no fornecimento de energia para moradores do Jos\u00e9 Rota"}]},{"@type":"WebSite","@id":"https:\/\/radiolifefm.com.br\/noticias\/#website","url":"https:\/\/radiolifefm.com.br\/noticias\/","name":"R\u00e1dio Life FM","description":"O Portal de Not\u00edcias de Adamantina","publisher":{"@id":"https:\/\/radiolifefm.com.br\/noticias\/#organization"},"alternateName":"Life FM","potentialAction":[{"@type":"SearchAction","target":{"@type":"EntryPoint","urlTemplate":"https:\/\/radiolifefm.com.br\/noticias\/?s={search_term_string}"},"query-input":{"@type":"PropertyValueSpecification","valueRequired":true,"valueName":"search_term_string"}}],"inLanguage":"pt-BR"},{"@type":"Organization","@id":"https:\/\/radiolifefm.com.br\/noticias\/#organization","name":"R\u00e1dio Life FM","alternateName":"Life FM","url":"https:\/\/radiolifefm.com.br\/noticias\/","logo":{"@type":"ImageObject","inLanguage":"pt-BR","@id":"https:\/\/radiolifefm.com.br\/noticias\/#\/schema\/logo\/image\/","url":"https:\/\/static.radiolifefm.com.br\/noticias\/wp-content\/uploads\/2019\/10\/logo-lifefm.png","contentUrl":"https:\/\/static.radiolifefm.com.br\/noticias\/wp-content\/uploads\/2019\/10\/logo-lifefm.png","width":196,"height":47,"caption":"R\u00e1dio Life FM"},"image":{"@id":"https:\/\/radiolifefm.com.br\/noticias\/#\/schema\/logo\/image\/"},"sameAs":["https:\/\/www.facebook.com\/radiolifefm\/","https:\/\/www.instagram.com\/life1079fm\/"]},{"@type":"Person","@id":"https:\/\/radiolifefm.com.br\/noticias\/#\/schema\/person\/6339b9fac59d12b071dec680d7375d87","name":"ritanery","image":{"@type":"ImageObject","inLanguage":"pt-BR","@id":"https:\/\/secure.gravatar.com\/avatar\/0e37bb19071f47c0b8a23f62a903df117c5a0e75f65a0c2901562f97cd41cf86?s=96&d=mm&r=g","url":"https:\/\/secure.gravatar.com\/avatar\/0e37bb19071f47c0b8a23f62a903df117c5a0e75f65a0c2901562f97cd41cf86?s=96&d=mm&r=g","contentUrl":"https:\/\/secure.gravatar.com\/avatar\/0e37bb19071f47c0b8a23f62a903df117c5a0e75f65a0c2901562f97cd41cf86?s=96&d=mm&r=g","caption":"ritanery"}}]}},"amp_enabled":true,"_links":{"self":[{"href":"https:\/\/radiolifefm.com.br\/noticias\/wp-json\/wp\/v2\/posts\/100941","targetHints":{"allow":["GET"]}}],"collection":[{"href":"https:\/\/radiolifefm.com.br\/noticias\/wp-json\/wp\/v2\/posts"}],"about":[{"href":"https:\/\/radiolifefm.com.br\/noticias\/wp-json\/wp\/v2\/types\/post"}],"author":[{"embeddable":true,"href":"https:\/\/radiolifefm.com.br\/noticias\/wp-json\/wp\/v2\/users\/13"}],"replies":[{"embeddable":true,"href":"https:\/\/radiolifefm.com.br\/noticias\/wp-json\/wp\/v2\/comments?post=100941"}],"version-history":[{"count":1,"href":"https:\/\/radiolifefm.com.br\/noticias\/wp-json\/wp\/v2\/posts\/100941\/revisions"}],"predecessor-version":[{"id":100943,"href":"https:\/\/radiolifefm.com.br\/noticias\/wp-json\/wp\/v2\/posts\/100941\/revisions\/100943"}],"wp:featuredmedia":[{"embeddable":true,"href":"https:\/\/radiolifefm.com.br\/noticias\/wp-json\/wp\/v2\/media\/100942"}],"wp:attachment":[{"href":"https:\/\/radiolifefm.com.br\/noticias\/wp-json\/wp\/v2\/media?parent=100941"}],"wp:term":[{"taxonomy":"category","embeddable":true,"href":"https:\/\/radiolifefm.com.br\/noticias\/wp-json\/wp\/v2\/categories?post=100941"},{"taxonomy":"post_tag","embeddable":true,"href":"https:\/\/radiolifefm.com.br\/noticias\/wp-json\/wp\/v2\/tags?post=100941"}],"curies":[{"name":"wp","href":"https:\/\/api.w.org\/{rel}","templated":true}]}}